{"id":116394,"date":"2026-01-27T13:46:23","date_gmt":"2026-01-27T19:46:23","guid":{"rendered":"https:\/\/www.yucatanencorto.com\/noticias\/?p=116394"},"modified":"2026-01-27T13:46:23","modified_gmt":"2026-01-27T19:46:23","slug":"curp-biometrica-2026-tres-consecuencias-legales-de-no-hacer-el-tramite-a-tiempo","status":"publish","type":"post","link":"https:\/\/www.yucatanencorto.com\/noticias\/curp-biometrica-2026-tres-consecuencias-legales-de-no-hacer-el-tramite-a-tiempo\/","title":{"rendered":"CURP biom\u00e9trica 2026: Tres consecuencias legales de no hacer el tr\u00e1mite a tiempo"},"content":{"rendered":"<p data-t=\"{&quot;n&quot;:&quot;blueLinks&quot;,&quot;t&quot;:13,&quot;a&quot;:&quot;click&quot;,&quot;b&quot;:76}\"><img loading=\"lazy\" decoding=\"async\" class=\"alignnone  wp-image-116395\" src=\"https:\/\/www.yucatanencorto.com\/noticias\/wp-content\/uploads\/2026\/01\/necesitas-agendar-cita-tramitar-curp.webp\" alt=\"\" width=\"663\" height=\"375\" srcset=\"https:\/\/www.yucatanencorto.com\/noticias\/wp-content\/uploads\/2026\/01\/necesitas-agendar-cita-tramitar-curp.webp 375w, https:\/\/www.yucatanencorto.com\/noticias\/wp-content\/uploads\/2026\/01\/necesitas-agendar-cita-tramitar-curp-150x85.webp 150w, https:\/\/www.yucatanencorto.com\/noticias\/wp-content\/uploads\/2026\/01\/necesitas-agendar-cita-tramitar-curp-300x170.webp 300w\" sizes=\"auto, (max-width: 663px) 100vw, 663px\" \/><\/p>\n<p data-t=\"{&quot;n&quot;:&quot;blueLinks&quot;,&quot;t&quot;:13,&quot;a&quot;:&quot;click&quot;,&quot;b&quot;:76}\">Durante los primeros meses de 2026, M\u00e9xico avanza hacia un cambio administrativo de alto impacto, la adopci\u00f3n obligatoria de la\u00a0Clave \u00danica de Registro de Poblaci\u00f3n (CURP) biom\u00e9trica\u00a0como principal medio de acreditaci\u00f3n de identidad.<\/p>\n<p data-t=\"{&quot;n&quot;:&quot;blueLinks&quot;,&quot;t&quot;:13,&quot;a&quot;:&quot;click&quot;,&quot;b&quot;:76}\">Este nuevo formato integra\u00a0huellas dactilares, reconocimiento facial y escaneo de iris, y sustituir\u00e1 gradualmente a la CURP tradicional en tr\u00e1mites considerados prioritarios.<\/p>\n<div class=\"intra-article-module\" data-t=\"{&quot;n&quot;:&quot;intraArticle&quot;,&quot;t&quot;:13}\"><\/div>\n<p data-t=\"{&quot;n&quot;:&quot;blueLinks&quot;,&quot;t&quot;:13,&quot;a&quot;:&quot;click&quot;,&quot;b&quot;:76}\">La medida, impulsada por la\u00a0Secretar\u00eda de Gobernaci\u00f3n y el Registro Nacional de Poblaci\u00f3n, responde a la necesidad de fortalecer la verificaci\u00f3n de identidad y reducir el robo de datos personales.<\/p>\n<p class=\"continue-read-break\" data-t=\"{&quot;n&quot;:&quot;blueLinks&quot;,&quot;t&quot;:13,&quot;a&quot;:&quot;click&quot;,&quot;b&quot;:76}\">De acuerdo con informaci\u00f3n oficial de la Segob y el Renapo,\u00a0a partir de febrero de 2026 no contar con este registro puede generar consecuencias legales\u00a0y administrativas que conviene conocer con anticipaci\u00f3n, afirma en una publicaci\u00f3n Informador.<\/p>\n<p data-t=\"{&quot;n&quot;:&quot;blueLinks&quot;,&quot;t&quot;:13,&quot;a&quot;:&quot;click&quot;,&quot;b&quot;:76}\">La CURP biom\u00e9trica es una evoluci\u00f3n del documento de identidad actual. Adem\u00e1s de los datos personales conocidos, incorpora informaci\u00f3n biom\u00e9trica que permite validar de forma m\u00e1s precisa la identidad de cada persona.<\/p>\n<div class=\"article-list-slot\">\n<ul>\n<li data-t=\"{&quot;n&quot;:&quot;blueLinks&quot;,&quot;t&quot;:13,&quot;a&quot;:&quot;click&quot;,&quot;b&quot;:76}\">Reducir casos de\u00a0suplantaci\u00f3n de identidad<\/li>\n<li data-t=\"{&quot;n&quot;:&quot;blueLinks&quot;,&quot;t&quot;:13,&quot;a&quot;:&quot;click&quot;,&quot;b&quot;:76}\">Unificar bases de datos\u00a0entre dependencias federales<\/li>\n<li data-t=\"{&quot;n&quot;:&quot;blueLinks&quot;,&quot;t&quot;:13,&quot;a&quot;:&quot;click&quot;,&quot;b&quot;:76}\">Proteger a beneficiarios\u00a0de programas sociales\u00a0y servicios p\u00fablicos<\/li>\n<li data-t=\"{&quot;n&quot;:&quot;blueLinks&quot;,&quot;t&quot;:13,&quot;a&quot;:&quot;click&quot;,&quot;b&quot;:76}\">Con esta transici\u00f3n,\u00a0la CURP simple dejar\u00e1 de ser v\u00e1lida para diversos tr\u00e1mites\u00a0a partir de 2026<\/li>\n<\/ul>\n<\/div>\n<h2 class=\"article-sub-heading\">Tres consecuencias legales de no tramitar la CURP biom\u00e9trica<\/h2>\n<p data-t=\"{&quot;n&quot;:&quot;blueLinks&quot;,&quot;t&quot;:13,&quot;a&quot;:&quot;click&quot;,&quot;b&quot;:76}\">No realizar el registro dentro del plazo establecido no implica la p\u00e9rdida de derechos, pero s\u00ed puede generar restricciones pr\u00e1cticas y legales en distintos \u00e1mbitos.<\/p>\n<h3 class=\"article-sub-heading\">1. Limitaciones en tr\u00e1mites bancarios y financieros<\/h3>\n<p data-t=\"{&quot;n&quot;:&quot;blueLinks&quot;,&quot;t&quot;:13,&quot;a&quot;:&quot;click&quot;,&quot;b&quot;:76}\">Las instituciones financieras han actualizado sus procesos de identificaci\u00f3n. Sin CURP biom\u00e9trica:<\/p>\n<div class=\"article-list-slot\">\n<ul>\n<li data-t=\"{&quot;n&quot;:&quot;blueLinks&quot;,&quot;t&quot;:13,&quot;a&quot;:&quot;click&quot;,&quot;b&quot;:76}\">No ser\u00e1 posible\u00a0abrir nuevas cuentas\u00a0bancarias<\/li>\n<li data-t=\"{&quot;n&quot;:&quot;blueLinks&quot;,&quot;t&quot;:13,&quot;a&quot;:&quot;click&quot;,&quot;b&quot;:76}\">Se puede impedir la\u00a0renovaci\u00f3n de tarjetas\u00a0de d\u00e9bito vencidas<\/li>\n<li data-t=\"{&quot;n&quot;:&quot;blueLinks&quot;,&quot;t&quot;:13,&quot;a&quot;:&quot;click&quot;,&quot;b&quot;:76}\">La\u00a0solicitud de cr\u00e9ditos\u00a0personales podr\u00eda ser rechazada<\/li>\n<\/ul>\n<\/div>\n<p data-t=\"{&quot;n&quot;:&quot;blueLinks&quot;,&quot;t&quot;:13,&quot;a&quot;:&quot;click&quot;,&quot;b&quot;:76}\">Los bancos est\u00e1n obligados a cumplir con\u00a0nuevos protocolos de validaci\u00f3n de identidad, lo que hace indispensable este documento.<\/p>\n<div class=\"intra-article-module\" data-t=\"{&quot;n&quot;:&quot;intraArticle&quot;,&quot;t&quot;:13}\"><\/div>\n<h3 class=\"article-sub-heading\">2. Retrasos en el cobro de apoyos sociales<\/h3>\n<p data-t=\"{&quot;n&quot;:&quot;blueLinks&quot;,&quot;t&quot;:13,&quot;a&quot;:&quot;click&quot;,&quot;b&quot;:76}\">En programas como la Pensi\u00f3n Bienestar, el derecho constitucional al apoyo se mantiene. Sin embargo, la falta de CURP biom\u00e9trica puede provocar:<\/p>\n<div class=\"article-list-slot\">\n<ul>\n<li data-t=\"{&quot;n&quot;:&quot;blueLinks&quot;,&quot;t&quot;:13,&quot;a&quot;:&quot;click&quot;,&quot;b&quot;:76}\">Demoras en el\u00a0cobro en ventanilla<\/li>\n<li data-t=\"{&quot;n&quot;:&quot;blueLinks&quot;,&quot;t&quot;:13,&quot;a&quot;:&quot;click&quot;,&quot;b&quot;:76}\">Problemas para\u00a0actualizar datos\u00a0en el padr\u00f3n de beneficiarios<\/li>\n<li data-t=\"{&quot;n&quot;:&quot;blueLinks&quot;,&quot;t&quot;:13,&quot;a&quot;:&quot;click&quot;,&quot;b&quot;:76}\">Revisi\u00f3n adicional\u00a0de identidad antes de liberar pagos<\/li>\n<\/ul>\n<\/div>\n<p data-t=\"{&quot;n&quot;:&quot;blueLinks&quot;,&quot;t&quot;:13,&quot;a&quot;:&quot;click&quot;,&quot;b&quot;:76}\">Autoridades han se\u00f1alado que el objetivo es evitar registros duplicados y cobros indebidos.<\/p>\n<h3 class=\"article-sub-heading\">3. Obst\u00e1culos en tr\u00e1mites oficiales y documentos internacionales<\/h3>\n<p data-t=\"{&quot;n&quot;:&quot;blueLinks&quot;,&quot;t&quot;:13,&quot;a&quot;:&quot;click&quot;,&quot;b&quot;:76}\">La Secretar\u00eda de Relaciones Exteriores (SRE) ya integr\u00f3 la base de datos del RENAPO. Por ello, la CURP biom\u00e9trica ser\u00e1 requisito para:<\/p>\n<div class=\"article-list-slot\">\n<ul>\n<li data-t=\"{&quot;n&quot;:&quot;blueLinks&quot;,&quot;t&quot;:13,&quot;a&quot;:&quot;click&quot;,&quot;b&quot;:76}\">Expedici\u00f3n o renovaci\u00f3n del\u00a0pasaporte mexicano<\/li>\n<li data-t=\"{&quot;n&quot;:&quot;blueLinks&quot;,&quot;t&quot;:13,&quot;a&quot;:&quot;click&quot;,&quot;b&quot;:76}\">Validaci\u00f3n de identidad en\u00a0tr\u00e1mites consulares<\/li>\n<\/ul>\n<\/div>\n<p data-t=\"{&quot;n&quot;:&quot;blueLinks&quot;,&quot;t&quot;:13,&quot;a&quot;:&quot;click&quot;,&quot;b&quot;:76}\">Adem\u00e1s, instituciones de salud como el IMSS y el Issste adoptar\u00e1n la verificaci\u00f3n por huellas dactilares para evitar duplicidades y garantizar atenci\u00f3n correcta a derechohabientes.<\/p>\n<h2 class=\"article-sub-heading\">\u00bfQu\u00e9 documentos se necesitan para tramitar la CURP biom\u00e9trica?<\/h2>\n<p data-t=\"{&quot;n&quot;:&quot;blueLinks&quot;,&quot;t&quot;:13,&quot;a&quot;:&quot;click&quot;,&quot;b&quot;:76}\">Para realizar el tr\u00e1mite de forma \u00e1gil, se recomienda acudir con anticipaci\u00f3n a los m\u00f3dulos correspondientes. Los requisitos son:<\/p>\n<div class=\"article-list-slot\">\n<ul>\n<li data-t=\"{&quot;n&quot;:&quot;blueLinks&quot;,&quot;t&quot;:13,&quot;a&quot;:&quot;click&quot;,&quot;b&quot;:76}\">Identificaci\u00f3n oficial vigente<\/li>\n<li data-t=\"{&quot;n&quot;:&quot;blueLinks&quot;,&quot;t&quot;:13,&quot;a&quot;:&quot;click&quot;,&quot;b&quot;:76}\">Copia reciente de la CURP actual<\/li>\n<li data-t=\"{&quot;n&quot;:&quot;blueLinks&quot;,&quot;t&quot;:13,&quot;a&quot;:&quot;click&quot;,&quot;b&quot;:76}\">Acta de nacimiento certificada, f\u00edsica o digital<\/li>\n<li data-t=\"{&quot;n&quot;:&quot;blueLinks&quot;,&quot;t&quot;:13,&quot;a&quot;:&quot;click&quot;,&quot;b&quot;:76}\">Comprobante de domicilio con antig\u00fcedad no mayor a tres meses<\/li>\n<li data-t=\"{&quot;n&quot;:&quot;blueLinks&quot;,&quot;t&quot;:13,&quot;a&quot;:&quot;click&quot;,&quot;b&quot;:76}\">El tr\u00e1mite es gratuito<\/li>\n<\/ul>\n<\/div>\n<p data-t=\"{&quot;n&quot;:&quot;blueLinks&quot;,&quot;t&quot;:13,&quot;a&quot;:&quot;click&quot;,&quot;b&quot;:76}\">\u00bfD\u00f3nde se puede realizar el registro?<\/p>\n<p data-t=\"{&quot;n&quot;:&quot;blueLinks&quot;,&quot;t&quot;:13,&quot;a&quot;:&quot;click&quot;,&quot;b&quot;:76}\">El registro se lleva a cabo en:<\/p>\n<div class=\"article-list-slot\">\n<ul>\n<li data-t=\"{&quot;n&quot;:&quot;blueLinks&quot;,&quot;t&quot;:13,&quot;a&quot;:&quot;click&quot;,&quot;b&quot;:76}\">M\u00f3dulos del Registro Civil<\/li>\n<li data-t=\"{&quot;n&quot;:&quot;blueLinks&quot;,&quot;t&quot;:13,&quot;a&quot;:&quot;click&quot;,&quot;b&quot;:76}\">Oficinas habilitadas por la Segob en cada estado<\/li>\n<\/ul>\n<\/div>\n<p data-t=\"{&quot;n&quot;:&quot;blueLinks&quot;,&quot;t&quot;:13,&quot;a&quot;:&quot;click&quot;,&quot;b&quot;:76}\">En ciudades como\u00a0Ciudad de M\u00e9xico, Guadalajara y Monterrey ya operan m\u00f3dulos itinerantes, principalmente para atender a adultos mayores y reducir tiempos de espera. La ubicaci\u00f3n de los m\u00f3dulos puede consultarse en el portal oficial de la Secretar\u00eda de Gobernaci\u00f3n.<\/p>\n","protected":false},"excerpt":{"rendered":"<p>Durante los primeros meses de 2026, M\u00e9xico avanza hacia un cambio administrativo de alto impacto, la adopci\u00f3n obligatoria de la\u00a0Clave \u00danica de Registro de Poblaci\u00f3n (CURP) biom\u00e9trica\u00a0como principal medio de acreditaci\u00f3n de identidad. Este nuevo formato integra\u00a0huellas dactilares, reconocimiento facial y escaneo de iris, y sustituir\u00e1 gradualmente a la CURP tradicional en tr\u00e1mites considerados prioritarios. [&hellip;]<\/p>\n","protected":false},"author":4,"featured_media":116395,"comment_status":"closed","ping_status":"closed","sticky":false,"template":"","format":"standard","meta":{"footnotes":""},"categories":[11],"tags":[],"class_list":{"0":"post-116394","1":"post","2":"type-post","3":"status-publish","4":"format-standard","5":"has-post-thumbnail","7":"category-tecnologia-y-ciencia"},"yoast_head":"<!-- This site is optimized with the Yoast SEO plugin v27.5 - https:\/\/yoast.com\/product\/yoast-seo-wordpress\/ -->\n<title>CURP biom\u00e9trica 2026: Tres consecuencias legales de no hacer el tr\u00e1mite a tiempo - Yucat\u00e1n en corto<\/title>\n<meta name=\"robots\" content=\"index, follow, max-snippet:-1, max-image-preview:large, max-video-preview:-1\" \/>\n<link rel=\"canonical\" href=\"https:\/\/www.yucatanencorto.com\/noticias\/curp-biometrica-2026-tres-consecuencias-legales-de-no-hacer-el-tramite-a-tiempo\/\" \/>\n<meta property=\"og:locale\" content=\"es_ES\" \/>\n<meta property=\"og:type\" content=\"article\" \/>\n<meta property=\"og:title\" content=\"CURP biom\u00e9trica 2026: Tres consecuencias legales de no hacer el tr\u00e1mite a tiempo - Yucat\u00e1n en corto\" \/>\n<meta property=\"og:description\" content=\"Durante los primeros meses de 2026, M\u00e9xico avanza hacia un cambio administrativo de alto impacto, la adopci\u00f3n obligatoria de la\u00a0Clave \u00danica de Registro de Poblaci\u00f3n (CURP) biom\u00e9trica\u00a0como principal medio de acreditaci\u00f3n de identidad. Este nuevo formato integra\u00a0huellas dactilares, reconocimiento facial y escaneo de iris, y sustituir\u00e1 gradualmente a la CURP tradicional en tr\u00e1mites considerados prioritarios. [&hellip;]\" \/>\n<meta property=\"og:url\" content=\"https:\/\/www.yucatanencorto.com\/noticias\/curp-biometrica-2026-tres-consecuencias-legales-de-no-hacer-el-tramite-a-tiempo\/\" \/>\n<meta property=\"og:site_name\" content=\"Yucat\u00e1n en corto\" \/>\n<meta property=\"article:publisher\" content=\"http:\/\/www.facebook.com\/yucatanencorto\" \/>\n<meta property=\"article:published_time\" content=\"2026-01-27T19:46:23+00:00\" \/>\n<meta property=\"og:image\" content=\"https:\/\/www.yucatanencorto.com\/noticias\/wp-content\/uploads\/2026\/01\/necesitas-agendar-cita-tramitar-curp.webp\" \/>\n\t<meta property=\"og:image:width\" content=\"375\" \/>\n\t<meta property=\"og:image:height\" content=\"212\" \/>\n\t<meta property=\"og:image:type\" content=\"image\/webp\" \/>\n<meta name=\"author\" content=\"Yucat\u00e1n en Corto\" \/>\n<meta name=\"twitter:card\" content=\"summary_large_image\" \/>\n<meta name=\"twitter:creator\" content=\"@yucatanencorto\" \/>\n<meta name=\"twitter:site\" content=\"@yucatanencorto\" \/>\n<meta name=\"twitter:label1\" content=\"Escrito por\" \/>\n\t<meta name=\"twitter:data1\" content=\"Yucat\u00e1n en Corto\" \/>\n\t<meta name=\"twitter:label2\" content=\"Tiempo de lectura\" \/>\n\t<meta name=\"twitter:data2\" content=\"3 minutos\" \/>\n<script type=\"application\/ld+json\" class=\"yoast-schema-graph\">{\"@context\":\"https:\\\/\\\/schema.org\",\"@graph\":[{\"@type\":\"Article\",\"@id\":\"https:\\\/\\\/www.yucatanencorto.com\\\/noticias\\\/curp-biometrica-2026-tres-consecuencias-legales-de-no-hacer-el-tramite-a-tiempo\\\/#article\",\"isPartOf\":{\"@id\":\"https:\\\/\\\/www.yucatanencorto.com\\\/noticias\\\/curp-biometrica-2026-tres-consecuencias-legales-de-no-hacer-el-tramite-a-tiempo\\\/\"},\"author\":{\"name\":\"Yucat\u00e1n en Corto\",\"@id\":\"https:\\\/\\\/www.yucatanencorto.com\\\/noticias\\\/#\\\/schema\\\/person\\\/f0ec40c33447bbc0dc2d01d3006de771\"},\"headline\":\"CURP biom\u00e9trica 2026: Tres consecuencias legales de no hacer el tr\u00e1mite a tiempo\",\"datePublished\":\"2026-01-27T19:46:23+00:00\",\"mainEntityOfPage\":{\"@id\":\"https:\\\/\\\/www.yucatanencorto.com\\\/noticias\\\/curp-biometrica-2026-tres-consecuencias-legales-de-no-hacer-el-tramite-a-tiempo\\\/\"},\"wordCount\":628,\"image\":{\"@id\":\"https:\\\/\\\/www.yucatanencorto.com\\\/noticias\\\/curp-biometrica-2026-tres-consecuencias-legales-de-no-hacer-el-tramite-a-tiempo\\\/#primaryimage\"},\"thumbnailUrl\":\"https:\\\/\\\/www.yucatanencorto.com\\\/noticias\\\/wp-content\\\/uploads\\\/2026\\\/01\\\/necesitas-agendar-cita-tramitar-curp.webp\",\"articleSection\":[\"Tecnolog\u00eda y Ciencia\"],\"inLanguage\":\"es\"},{\"@type\":\"WebPage\",\"@id\":\"https:\\\/\\\/www.yucatanencorto.com\\\/noticias\\\/curp-biometrica-2026-tres-consecuencias-legales-de-no-hacer-el-tramite-a-tiempo\\\/\",\"url\":\"https:\\\/\\\/www.yucatanencorto.com\\\/noticias\\\/curp-biometrica-2026-tres-consecuencias-legales-de-no-hacer-el-tramite-a-tiempo\\\/\",\"name\":\"CURP biom\u00e9trica 2026: Tres consecuencias legales de no hacer el tr\u00e1mite a tiempo - Yucat\u00e1n en corto\",\"isPartOf\":{\"@id\":\"https:\\\/\\\/www.yucatanencorto.com\\\/noticias\\\/#website\"},\"primaryImageOfPage\":{\"@id\":\"https:\\\/\\\/www.yucatanencorto.com\\\/noticias\\\/curp-biometrica-2026-tres-consecuencias-legales-de-no-hacer-el-tramite-a-tiempo\\\/#primaryimage\"},\"image\":{\"@id\":\"https:\\\/\\\/www.yucatanencorto.com\\\/noticias\\\/curp-biometrica-2026-tres-consecuencias-legales-de-no-hacer-el-tramite-a-tiempo\\\/#primaryimage\"},\"thumbnailUrl\":\"https:\\\/\\\/www.yucatanencorto.com\\\/noticias\\\/wp-content\\\/uploads\\\/2026\\\/01\\\/necesitas-agendar-cita-tramitar-curp.webp\",\"datePublished\":\"2026-01-27T19:46:23+00:00\",\"author\":{\"@id\":\"https:\\\/\\\/www.yucatanencorto.com\\\/noticias\\\/#\\\/schema\\\/person\\\/f0ec40c33447bbc0dc2d01d3006de771\"},\"breadcrumb\":{\"@id\":\"https:\\\/\\\/www.yucatanencorto.com\\\/noticias\\\/curp-biometrica-2026-tres-consecuencias-legales-de-no-hacer-el-tramite-a-tiempo\\\/#breadcrumb\"},\"inLanguage\":\"es\",\"potentialAction\":[{\"@type\":\"ReadAction\",\"target\":[\"https:\\\/\\\/www.yucatanencorto.com\\\/noticias\\\/curp-biometrica-2026-tres-consecuencias-legales-de-no-hacer-el-tramite-a-tiempo\\\/\"]}]},{\"@type\":\"ImageObject\",\"inLanguage\":\"es\",\"@id\":\"https:\\\/\\\/www.yucatanencorto.com\\\/noticias\\\/curp-biometrica-2026-tres-consecuencias-legales-de-no-hacer-el-tramite-a-tiempo\\\/#primaryimage\",\"url\":\"https:\\\/\\\/www.yucatanencorto.com\\\/noticias\\\/wp-content\\\/uploads\\\/2026\\\/01\\\/necesitas-agendar-cita-tramitar-curp.webp\",\"contentUrl\":\"https:\\\/\\\/www.yucatanencorto.com\\\/noticias\\\/wp-content\\\/uploads\\\/2026\\\/01\\\/necesitas-agendar-cita-tramitar-curp.webp\",\"width\":375,\"height\":212},{\"@type\":\"BreadcrumbList\",\"@id\":\"https:\\\/\\\/www.yucatanencorto.com\\\/noticias\\\/curp-biometrica-2026-tres-consecuencias-legales-de-no-hacer-el-tramite-a-tiempo\\\/#breadcrumb\",\"itemListElement\":[{\"@type\":\"ListItem\",\"position\":1,\"name\":\"Portada\",\"item\":\"https:\\\/\\\/www.yucatanencorto.com\\\/noticias\\\/\"},{\"@type\":\"ListItem\",\"position\":2,\"name\":\"CURP biom\u00e9trica 2026: Tres consecuencias legales de no hacer el tr\u00e1mite a tiempo\"}]},{\"@type\":\"WebSite\",\"@id\":\"https:\\\/\\\/www.yucatanencorto.com\\\/noticias\\\/#website\",\"url\":\"https:\\\/\\\/www.yucatanencorto.com\\\/noticias\\\/\",\"name\":\"Yucat\u00e1n en corto\",\"description\":\"Noticias\",\"potentialAction\":[{\"@type\":\"SearchAction\",\"target\":{\"@type\":\"EntryPoint\",\"urlTemplate\":\"https:\\\/\\\/www.yucatanencorto.com\\\/noticias\\\/?s={search_term_string}\"},\"query-input\":{\"@type\":\"PropertyValueSpecification\",\"valueRequired\":true,\"valueName\":\"search_term_string\"}}],\"inLanguage\":\"es\"},{\"@type\":\"Person\",\"@id\":\"https:\\\/\\\/www.yucatanencorto.com\\\/noticias\\\/#\\\/schema\\\/person\\\/f0ec40c33447bbc0dc2d01d3006de771\",\"name\":\"Yucat\u00e1n en Corto\",\"image\":{\"@type\":\"ImageObject\",\"inLanguage\":\"es\",\"@id\":\"https:\\\/\\\/secure.gravatar.com\\\/avatar\\\/20e0a6b626f38fa8e545fb3f80ce566efd790bf8877e65c3a482460cc3e0b5d1?s=96&d=mm&r=g\",\"url\":\"https:\\\/\\\/secure.gravatar.com\\\/avatar\\\/20e0a6b626f38fa8e545fb3f80ce566efd790bf8877e65c3a482460cc3e0b5d1?s=96&d=mm&r=g\",\"contentUrl\":\"https:\\\/\\\/secure.gravatar.com\\\/avatar\\\/20e0a6b626f38fa8e545fb3f80ce566efd790bf8877e65c3a482460cc3e0b5d1?s=96&d=mm&r=g\",\"caption\":\"Yucat\u00e1n en Corto\"},\"url\":\"https:\\\/\\\/www.yucatanencorto.com\\\/noticias\\\/author\\\/editor25\\\/\"}]}<\/script>\n<!-- \/ Yoast SEO plugin. -->","yoast_head_json":{"title":"CURP biom\u00e9trica 2026: Tres consecuencias legales de no hacer el tr\u00e1mite a tiempo - Yucat\u00e1n en corto","robots":{"index":"index","follow":"follow","max-snippet":"max-snippet:-1","max-image-preview":"max-image-preview:large","max-video-preview":"max-video-preview:-1"},"canonical":"https:\/\/www.yucatanencorto.com\/noticias\/curp-biometrica-2026-tres-consecuencias-legales-de-no-hacer-el-tramite-a-tiempo\/","og_locale":"es_ES","og_type":"article","og_title":"CURP biom\u00e9trica 2026: Tres consecuencias legales de no hacer el tr\u00e1mite a tiempo - Yucat\u00e1n en corto","og_description":"Durante los primeros meses de 2026, M\u00e9xico avanza hacia un cambio administrativo de alto impacto, la adopci\u00f3n obligatoria de la\u00a0Clave \u00danica de Registro de Poblaci\u00f3n (CURP) biom\u00e9trica\u00a0como principal medio de acreditaci\u00f3n de identidad. Este nuevo formato integra\u00a0huellas dactilares, reconocimiento facial y escaneo de iris, y sustituir\u00e1 gradualmente a la CURP tradicional en tr\u00e1mites considerados prioritarios. [&hellip;]","og_url":"https:\/\/www.yucatanencorto.com\/noticias\/curp-biometrica-2026-tres-consecuencias-legales-de-no-hacer-el-tramite-a-tiempo\/","og_site_name":"Yucat\u00e1n en corto","article_publisher":"http:\/\/www.facebook.com\/yucatanencorto","article_published_time":"2026-01-27T19:46:23+00:00","og_image":[{"width":375,"height":212,"url":"https:\/\/www.yucatanencorto.com\/noticias\/wp-content\/uploads\/2026\/01\/necesitas-agendar-cita-tramitar-curp.webp","type":"image\/webp"}],"author":"Yucat\u00e1n en Corto","twitter_card":"summary_large_image","twitter_creator":"@yucatanencorto","twitter_site":"@yucatanencorto","twitter_misc":{"Escrito por":"Yucat\u00e1n en Corto","Tiempo de lectura":"3 minutos"},"schema":{"@context":"https:\/\/schema.org","@graph":[{"@type":"Article","@id":"https:\/\/www.yucatanencorto.com\/noticias\/curp-biometrica-2026-tres-consecuencias-legales-de-no-hacer-el-tramite-a-tiempo\/#article","isPartOf":{"@id":"https:\/\/www.yucatanencorto.com\/noticias\/curp-biometrica-2026-tres-consecuencias-legales-de-no-hacer-el-tramite-a-tiempo\/"},"author":{"name":"Yucat\u00e1n en Corto","@id":"https:\/\/www.yucatanencorto.com\/noticias\/#\/schema\/person\/f0ec40c33447bbc0dc2d01d3006de771"},"headline":"CURP biom\u00e9trica 2026: Tres consecuencias legales de no hacer el tr\u00e1mite a tiempo","datePublished":"2026-01-27T19:46:23+00:00","mainEntityOfPage":{"@id":"https:\/\/www.yucatanencorto.com\/noticias\/curp-biometrica-2026-tres-consecuencias-legales-de-no-hacer-el-tramite-a-tiempo\/"},"wordCount":628,"image":{"@id":"https:\/\/www.yucatanencorto.com\/noticias\/curp-biometrica-2026-tres-consecuencias-legales-de-no-hacer-el-tramite-a-tiempo\/#primaryimage"},"thumbnailUrl":"https:\/\/www.yucatanencorto.com\/noticias\/wp-content\/uploads\/2026\/01\/necesitas-agendar-cita-tramitar-curp.webp","articleSection":["Tecnolog\u00eda y Ciencia"],"inLanguage":"es"},{"@type":"WebPage","@id":"https:\/\/www.yucatanencorto.com\/noticias\/curp-biometrica-2026-tres-consecuencias-legales-de-no-hacer-el-tramite-a-tiempo\/","url":"https:\/\/www.yucatanencorto.com\/noticias\/curp-biometrica-2026-tres-consecuencias-legales-de-no-hacer-el-tramite-a-tiempo\/","name":"CURP biom\u00e9trica 2026: Tres consecuencias legales de no hacer el tr\u00e1mite a tiempo - Yucat\u00e1n en corto","isPartOf":{"@id":"https:\/\/www.yucatanencorto.com\/noticias\/#website"},"primaryImageOfPage":{"@id":"https:\/\/www.yucatanencorto.com\/noticias\/curp-biometrica-2026-tres-consecuencias-legales-de-no-hacer-el-tramite-a-tiempo\/#primaryimage"},"image":{"@id":"https:\/\/www.yucatanencorto.com\/noticias\/curp-biometrica-2026-tres-consecuencias-legales-de-no-hacer-el-tramite-a-tiempo\/#primaryimage"},"thumbnailUrl":"https:\/\/www.yucatanencorto.com\/noticias\/wp-content\/uploads\/2026\/01\/necesitas-agendar-cita-tramitar-curp.webp","datePublished":"2026-01-27T19:46:23+00:00","author":{"@id":"https:\/\/www.yucatanencorto.com\/noticias\/#\/schema\/person\/f0ec40c33447bbc0dc2d01d3006de771"},"breadcrumb":{"@id":"https:\/\/www.yucatanencorto.com\/noticias\/curp-biometrica-2026-tres-consecuencias-legales-de-no-hacer-el-tramite-a-tiempo\/#breadcrumb"},"inLanguage":"es","potentialAction":[{"@type":"ReadAction","target":["https:\/\/www.yucatanencorto.com\/noticias\/curp-biometrica-2026-tres-consecuencias-legales-de-no-hacer-el-tramite-a-tiempo\/"]}]},{"@type":"ImageObject","inLanguage":"es","@id":"https:\/\/www.yucatanencorto.com\/noticias\/curp-biometrica-2026-tres-consecuencias-legales-de-no-hacer-el-tramite-a-tiempo\/#primaryimage","url":"https:\/\/www.yucatanencorto.com\/noticias\/wp-content\/uploads\/2026\/01\/necesitas-agendar-cita-tramitar-curp.webp","contentUrl":"https:\/\/www.yucatanencorto.com\/noticias\/wp-content\/uploads\/2026\/01\/necesitas-agendar-cita-tramitar-curp.webp","width":375,"height":212},{"@type":"BreadcrumbList","@id":"https:\/\/www.yucatanencorto.com\/noticias\/curp-biometrica-2026-tres-consecuencias-legales-de-no-hacer-el-tramite-a-tiempo\/#breadcrumb","itemListElement":[{"@type":"ListItem","position":1,"name":"Portada","item":"https:\/\/www.yucatanencorto.com\/noticias\/"},{"@type":"ListItem","position":2,"name":"CURP biom\u00e9trica 2026: Tres consecuencias legales de no hacer el tr\u00e1mite a tiempo"}]},{"@type":"WebSite","@id":"https:\/\/www.yucatanencorto.com\/noticias\/#website","url":"https:\/\/www.yucatanencorto.com\/noticias\/","name":"Yucat\u00e1n en corto","description":"Noticias","potentialAction":[{"@type":"SearchAction","target":{"@type":"EntryPoint","urlTemplate":"https:\/\/www.yucatanencorto.com\/noticias\/?s={search_term_string}"},"query-input":{"@type":"PropertyValueSpecification","valueRequired":true,"valueName":"search_term_string"}}],"inLanguage":"es"},{"@type":"Person","@id":"https:\/\/www.yucatanencorto.com\/noticias\/#\/schema\/person\/f0ec40c33447bbc0dc2d01d3006de771","name":"Yucat\u00e1n en Corto","image":{"@type":"ImageObject","inLanguage":"es","@id":"https:\/\/secure.gravatar.com\/avatar\/20e0a6b626f38fa8e545fb3f80ce566efd790bf8877e65c3a482460cc3e0b5d1?s=96&d=mm&r=g","url":"https:\/\/secure.gravatar.com\/avatar\/20e0a6b626f38fa8e545fb3f80ce566efd790bf8877e65c3a482460cc3e0b5d1?s=96&d=mm&r=g","contentUrl":"https:\/\/secure.gravatar.com\/avatar\/20e0a6b626f38fa8e545fb3f80ce566efd790bf8877e65c3a482460cc3e0b5d1?s=96&d=mm&r=g","caption":"Yucat\u00e1n en Corto"},"url":"https:\/\/www.yucatanencorto.com\/noticias\/author\/editor25\/"}]}},"_links":{"self":[{"href":"https:\/\/www.yucatanencorto.com\/noticias\/wp-json\/wp\/v2\/posts\/116394","targetHints":{"allow":["GET"]}}],"collection":[{"href":"https:\/\/www.yucatanencorto.com\/noticias\/wp-json\/wp\/v2\/posts"}],"about":[{"href":"https:\/\/www.yucatanencorto.com\/noticias\/wp-json\/wp\/v2\/types\/post"}],"author":[{"embeddable":true,"href":"https:\/\/www.yucatanencorto.com\/noticias\/wp-json\/wp\/v2\/users\/4"}],"replies":[{"embeddable":true,"href":"https:\/\/www.yucatanencorto.com\/noticias\/wp-json\/wp\/v2\/comments?post=116394"}],"version-history":[{"count":1,"href":"https:\/\/www.yucatanencorto.com\/noticias\/wp-json\/wp\/v2\/posts\/116394\/revisions"}],"predecessor-version":[{"id":116396,"href":"https:\/\/www.yucatanencorto.com\/noticias\/wp-json\/wp\/v2\/posts\/116394\/revisions\/116396"}],"wp:featuredmedia":[{"embeddable":true,"href":"https:\/\/www.yucatanencorto.com\/noticias\/wp-json\/wp\/v2\/media\/116395"}],"wp:attachment":[{"href":"https:\/\/www.yucatanencorto.com\/noticias\/wp-json\/wp\/v2\/media?parent=116394"}],"wp:term":[{"taxonomy":"category","embeddable":true,"href":"https:\/\/www.yucatanencorto.com\/noticias\/wp-json\/wp\/v2\/categories?post=116394"},{"taxonomy":"post_tag","embeddable":true,"href":"https:\/\/www.yucatanencorto.com\/noticias\/wp-json\/wp\/v2\/tags?post=116394"}],"curies":[{"name":"wp","href":"https:\/\/api.w.org\/{rel}","templated":true}]}}