{"id":116397,"date":"2026-01-27T15:36:22","date_gmt":"2026-01-27T21:36:22","guid":{"rendered":"https:\/\/www.yucatanencorto.com\/noticias\/?p=116397"},"modified":"2026-01-27T15:36:22","modified_gmt":"2026-01-27T21:36:22","slug":"tiroteo-cerca-de-la-frontera-con-mexico-deja-a-una-persona-en-estado-critico","status":"publish","type":"post","link":"https:\/\/www.yucatanencorto.com\/noticias\/tiroteo-cerca-de-la-frontera-con-mexico-deja-a-una-persona-en-estado-critico\/","title":{"rendered":"Tiroteo cerca de la frontera con M\u00e9xico deja a una persona en estado cr\u00edtico"},"content":{"rendered":"<p data-t=\"{&quot;n&quot;:&quot;blueLinks&quot;,&quot;t&quot;:13,&quot;a&quot;:&quot;click&quot;,&quot;b&quot;:76}\"><img loading=\"lazy\" decoding=\"async\" class=\"alignnone size-full wp-image-116398\" src=\"https:\/\/www.yucatanencorto.com\/noticias\/wp-content\/uploads\/2026\/01\/Captura-de-pantalla-2026-01-27-153505-scaled.png\" alt=\"\" width=\"768\" height=\"467\" srcset=\"https:\/\/www.yucatanencorto.com\/noticias\/wp-content\/uploads\/2026\/01\/Captura-de-pantalla-2026-01-27-153505-scaled.png 768w, https:\/\/www.yucatanencorto.com\/noticias\/wp-content\/uploads\/2026\/01\/Captura-de-pantalla-2026-01-27-153505-150x91.png 150w, https:\/\/www.yucatanencorto.com\/noticias\/wp-content\/uploads\/2026\/01\/Captura-de-pantalla-2026-01-27-153505-300x182.png 300w, https:\/\/www.yucatanencorto.com\/noticias\/wp-content\/uploads\/2026\/01\/Captura-de-pantalla-2026-01-27-153505-696x423.png 696w\" sizes=\"auto, (max-width: 768px) 100vw, 768px\" \/><\/p>\n<p data-t=\"{&quot;n&quot;:&quot;blueLinks&quot;,&quot;t&quot;:13,&quot;a&quot;:&quot;click&quot;,&quot;b&quot;:76}\">Una persona recibi\u00f3 un disparo y se encuentra en estado cr\u00edtico\u00a0tras un\u00a0tiroteo\u00a0en el que se vio involucrada la\u00a0Patrulla Fronteriza\u00a0cerca de la frontera entre Estados Unidos y\u00a0<a title=\"https:\/\/www.eluniversal.com.mx\/mundo\/\" href=\"https:\/\/www.eluniversal.com.mx\/mundo\/\" target=\"_blank\" rel=\"noopener noreferrer\" data-t=\"{&quot;n&quot;:&quot;destination&quot;,&quot;t&quot;:13,&quot;a&quot;:&quot;click&quot;,&quot;b&quot;:1,&quot;c.t&quot;:7}\">M\u00e9xico<\/a>, informaron las autoridades de\u00a0Arizona.<\/p>\n<p data-t=\"{&quot;n&quot;:&quot;blueLinks&quot;,&quot;t&quot;:13,&quot;a&quot;:&quot;click&quot;,&quot;b&quot;:76}\">El Departamento del Sheriff del condado de Pima dijo que estaba colaborando con el\u00a0FBI\u00a0y la Oficina de\u00a0Aduanas y Protecci\u00f3n Fronteriza\u00a0de Estados Unidos en respuesta al tiroteo ocurrido en Arivaca, Arizona, una comunidad situada a unos 16 kil\u00f3metros de la\u00a0frontera.<\/p>\n<div class=\"intra-article-module\" data-t=\"{&quot;n&quot;:&quot;intraArticle&quot;,&quot;t&quot;:13}\"><\/div>\n<p data-t=\"{&quot;n&quot;:&quot;blueLinks&quot;,&quot;t&quot;:13,&quot;a&quot;:&quot;click&quot;,&quot;b&quot;:76}\">El tiroteo involucr\u00f3 a un agente fronterizo y un sospechoso, dijo la polic\u00eda al medio noticioso Arizona Daily Star.<\/p>\n<p class=\"continue-read-break\" data-t=\"{&quot;n&quot;:&quot;blueLinks&quot;,&quot;t&quot;:13,&quot;a&quot;:&quot;click&quot;,&quot;b&quot;:76}\">La Oficina de Aduanas y Protecci\u00f3n Fronteriza de Estados Unidos y el FBI no respondieron de inmediato a los correos electr\u00f3nicos y llamadas telef\u00f3nicas en busca de m\u00e1s informaci\u00f3n.<\/p>\n<p data-t=\"{&quot;n&quot;:&quot;blueLinks&quot;,&quot;t&quot;:13,&quot;a&quot;:&quot;click&quot;,&quot;b&quot;:76}\">El Distrito de Bomberos de\u00a0Santa Rita\u00a0dijo que respondi\u00f3 al tiroteo y que la\u00a0persona herida\u00a0estaba bajo custodia.<\/p>\n<p data-t=\"{&quot;n&quot;:&quot;blueLinks&quot;,&quot;t&quot;:13,&quot;a&quot;:&quot;click&quot;,&quot;b&quot;:76}\">\u00abLa atenci\u00f3n al paciente se transfiri\u00f3 a un\u00a0helic\u00f3ptero m\u00e9dico\u00a0local para su r\u00e1pido traslado a un centro regional de traumatolog\u00eda\u00bb, dijo el distrito de bomberos.<\/p>\n","protected":false},"excerpt":{"rendered":"<p>Una persona recibi\u00f3 un disparo y se encuentra en estado cr\u00edtico\u00a0tras un\u00a0tiroteo\u00a0en el que se vio involucrada la\u00a0Patrulla Fronteriza\u00a0cerca de la frontera entre Estados Unidos y\u00a0M\u00e9xico, informaron las autoridades de\u00a0Arizona. El Departamento del Sheriff del condado de Pima dijo que estaba colaborando con el\u00a0FBI\u00a0y la Oficina de\u00a0Aduanas y Protecci\u00f3n Fronteriza\u00a0de Estados Unidos en respuesta al [&hellip;]<\/p>\n","protected":false},"author":4,"featured_media":116398,"comment_status":"closed","ping_status":"closed","sticky":false,"template":"","format":"standard","meta":{"footnotes":""},"categories":[4],"tags":[],"class_list":{"0":"post-116397","1":"post","2":"type-post","3":"status-publish","4":"format-standard","5":"has-post-thumbnail","7":"category-mexico"},"yoast_head":"<!-- This site is optimized with the Yoast SEO plugin v27.5 - https:\/\/yoast.com\/product\/yoast-seo-wordpress\/ -->\n<title>Tiroteo cerca de la frontera con M\u00e9xico deja a una persona en estado cr\u00edtico - Yucat\u00e1n en corto<\/title>\n<meta name=\"robots\" content=\"index, follow, max-snippet:-1, max-image-preview:large, max-video-preview:-1\" \/>\n<link rel=\"canonical\" href=\"https:\/\/www.yucatanencorto.com\/noticias\/tiroteo-cerca-de-la-frontera-con-mexico-deja-a-una-persona-en-estado-critico\/\" \/>\n<meta property=\"og:locale\" content=\"es_ES\" \/>\n<meta property=\"og:type\" content=\"article\" \/>\n<meta property=\"og:title\" content=\"Tiroteo cerca de la frontera con M\u00e9xico deja a una persona en estado cr\u00edtico - Yucat\u00e1n en corto\" \/>\n<meta property=\"og:description\" content=\"Una persona recibi\u00f3 un disparo y se encuentra en estado cr\u00edtico\u00a0tras un\u00a0tiroteo\u00a0en el que se vio involucrada la\u00a0Patrulla Fronteriza\u00a0cerca de la frontera entre Estados Unidos y\u00a0M\u00e9xico, informaron las autoridades de\u00a0Arizona. El Departamento del Sheriff del condado de Pima dijo que estaba colaborando con el\u00a0FBI\u00a0y la Oficina de\u00a0Aduanas y Protecci\u00f3n Fronteriza\u00a0de Estados Unidos en respuesta al [&hellip;]\" \/>\n<meta property=\"og:url\" content=\"https:\/\/www.yucatanencorto.com\/noticias\/tiroteo-cerca-de-la-frontera-con-mexico-deja-a-una-persona-en-estado-critico\/\" \/>\n<meta property=\"og:site_name\" content=\"Yucat\u00e1n en corto\" \/>\n<meta property=\"article:publisher\" content=\"http:\/\/www.facebook.com\/yucatanencorto\" \/>\n<meta property=\"article:published_time\" content=\"2026-01-27T21:36:22+00:00\" \/>\n<meta property=\"og:image\" content=\"https:\/\/www.yucatanencorto.com\/noticias\/wp-content\/uploads\/2026\/01\/Captura-de-pantalla-2026-01-27-153505-scaled.png\" \/>\n\t<meta property=\"og:image:width\" content=\"768\" \/>\n\t<meta property=\"og:image:height\" content=\"467\" \/>\n\t<meta property=\"og:image:type\" content=\"image\/png\" \/>\n<meta name=\"author\" content=\"Yucat\u00e1n en Corto\" \/>\n<meta name=\"twitter:card\" content=\"summary_large_image\" \/>\n<meta name=\"twitter:creator\" content=\"@yucatanencorto\" \/>\n<meta name=\"twitter:site\" content=\"@yucatanencorto\" \/>\n<meta name=\"twitter:label1\" content=\"Escrito por\" \/>\n\t<meta name=\"twitter:data1\" content=\"Yucat\u00e1n en Corto\" \/>\n\t<meta name=\"twitter:label2\" content=\"Tiempo de lectura\" \/>\n\t<meta name=\"twitter:data2\" content=\"2 minutos\" \/>\n<script type=\"application\/ld+json\" class=\"yoast-schema-graph\">{\"@context\":\"https:\\\/\\\/schema.org\",\"@graph\":[{\"@type\":\"Article\",\"@id\":\"https:\\\/\\\/www.yucatanencorto.com\\\/noticias\\\/tiroteo-cerca-de-la-frontera-con-mexico-deja-a-una-persona-en-estado-critico\\\/#article\",\"isPartOf\":{\"@id\":\"https:\\\/\\\/www.yucatanencorto.com\\\/noticias\\\/tiroteo-cerca-de-la-frontera-con-mexico-deja-a-una-persona-en-estado-critico\\\/\"},\"author\":{\"name\":\"Yucat\u00e1n en Corto\",\"@id\":\"https:\\\/\\\/www.yucatanencorto.com\\\/noticias\\\/#\\\/schema\\\/person\\\/f0ec40c33447bbc0dc2d01d3006de771\"},\"headline\":\"Tiroteo cerca de la frontera con M\u00e9xico deja a una persona en estado cr\u00edtico\",\"datePublished\":\"2026-01-27T21:36:22+00:00\",\"mainEntityOfPage\":{\"@id\":\"https:\\\/\\\/www.yucatanencorto.com\\\/noticias\\\/tiroteo-cerca-de-la-frontera-con-mexico-deja-a-una-persona-en-estado-critico\\\/\"},\"wordCount\":205,\"image\":{\"@id\":\"https:\\\/\\\/www.yucatanencorto.com\\\/noticias\\\/tiroteo-cerca-de-la-frontera-con-mexico-deja-a-una-persona-en-estado-critico\\\/#primaryimage\"},\"thumbnailUrl\":\"https:\\\/\\\/www.yucatanencorto.com\\\/noticias\\\/wp-content\\\/uploads\\\/2026\\\/01\\\/Captura-de-pantalla-2026-01-27-153505-scaled.png\",\"articleSection\":[\"M\u00e9xico\"],\"inLanguage\":\"es\"},{\"@type\":\"WebPage\",\"@id\":\"https:\\\/\\\/www.yucatanencorto.com\\\/noticias\\\/tiroteo-cerca-de-la-frontera-con-mexico-deja-a-una-persona-en-estado-critico\\\/\",\"url\":\"https:\\\/\\\/www.yucatanencorto.com\\\/noticias\\\/tiroteo-cerca-de-la-frontera-con-mexico-deja-a-una-persona-en-estado-critico\\\/\",\"name\":\"Tiroteo cerca de la frontera con M\u00e9xico deja a una persona en estado cr\u00edtico - Yucat\u00e1n en corto\",\"isPartOf\":{\"@id\":\"https:\\\/\\\/www.yucatanencorto.com\\\/noticias\\\/#website\"},\"primaryImageOfPage\":{\"@id\":\"https:\\\/\\\/www.yucatanencorto.com\\\/noticias\\\/tiroteo-cerca-de-la-frontera-con-mexico-deja-a-una-persona-en-estado-critico\\\/#primaryimage\"},\"image\":{\"@id\":\"https:\\\/\\\/www.yucatanencorto.com\\\/noticias\\\/tiroteo-cerca-de-la-frontera-con-mexico-deja-a-una-persona-en-estado-critico\\\/#primaryimage\"},\"thumbnailUrl\":\"https:\\\/\\\/www.yucatanencorto.com\\\/noticias\\\/wp-content\\\/uploads\\\/2026\\\/01\\\/Captura-de-pantalla-2026-01-27-153505-scaled.png\",\"datePublished\":\"2026-01-27T21:36:22+00:00\",\"author\":{\"@id\":\"https:\\\/\\\/www.yucatanencorto.com\\\/noticias\\\/#\\\/schema\\\/person\\\/f0ec40c33447bbc0dc2d01d3006de771\"},\"breadcrumb\":{\"@id\":\"https:\\\/\\\/www.yucatanencorto.com\\\/noticias\\\/tiroteo-cerca-de-la-frontera-con-mexico-deja-a-una-persona-en-estado-critico\\\/#breadcrumb\"},\"inLanguage\":\"es\",\"potentialAction\":[{\"@type\":\"ReadAction\",\"target\":[\"https:\\\/\\\/www.yucatanencorto.com\\\/noticias\\\/tiroteo-cerca-de-la-frontera-con-mexico-deja-a-una-persona-en-estado-critico\\\/\"]}]},{\"@type\":\"ImageObject\",\"inLanguage\":\"es\",\"@id\":\"https:\\\/\\\/www.yucatanencorto.com\\\/noticias\\\/tiroteo-cerca-de-la-frontera-con-mexico-deja-a-una-persona-en-estado-critico\\\/#primaryimage\",\"url\":\"https:\\\/\\\/www.yucatanencorto.com\\\/noticias\\\/wp-content\\\/uploads\\\/2026\\\/01\\\/Captura-de-pantalla-2026-01-27-153505-scaled.png\",\"contentUrl\":\"https:\\\/\\\/www.yucatanencorto.com\\\/noticias\\\/wp-content\\\/uploads\\\/2026\\\/01\\\/Captura-de-pantalla-2026-01-27-153505-scaled.png\",\"width\":768,\"height\":467},{\"@type\":\"BreadcrumbList\",\"@id\":\"https:\\\/\\\/www.yucatanencorto.com\\\/noticias\\\/tiroteo-cerca-de-la-frontera-con-mexico-deja-a-una-persona-en-estado-critico\\\/#breadcrumb\",\"itemListElement\":[{\"@type\":\"ListItem\",\"position\":1,\"name\":\"Portada\",\"item\":\"https:\\\/\\\/www.yucatanencorto.com\\\/noticias\\\/\"},{\"@type\":\"ListItem\",\"position\":2,\"name\":\"Tiroteo cerca de la frontera con M\u00e9xico deja a una persona en estado cr\u00edtico\"}]},{\"@type\":\"WebSite\",\"@id\":\"https:\\\/\\\/www.yucatanencorto.com\\\/noticias\\\/#website\",\"url\":\"https:\\\/\\\/www.yucatanencorto.com\\\/noticias\\\/\",\"name\":\"Yucat\u00e1n en corto\",\"description\":\"Noticias\",\"potentialAction\":[{\"@type\":\"SearchAction\",\"target\":{\"@type\":\"EntryPoint\",\"urlTemplate\":\"https:\\\/\\\/www.yucatanencorto.com\\\/noticias\\\/?s={search_term_string}\"},\"query-input\":{\"@type\":\"PropertyValueSpecification\",\"valueRequired\":true,\"valueName\":\"search_term_string\"}}],\"inLanguage\":\"es\"},{\"@type\":\"Person\",\"@id\":\"https:\\\/\\\/www.yucatanencorto.com\\\/noticias\\\/#\\\/schema\\\/person\\\/f0ec40c33447bbc0dc2d01d3006de771\",\"name\":\"Yucat\u00e1n en Corto\",\"image\":{\"@type\":\"ImageObject\",\"inLanguage\":\"es\",\"@id\":\"https:\\\/\\\/secure.gravatar.com\\\/avatar\\\/20e0a6b626f38fa8e545fb3f80ce566efd790bf8877e65c3a482460cc3e0b5d1?s=96&d=mm&r=g\",\"url\":\"https:\\\/\\\/secure.gravatar.com\\\/avatar\\\/20e0a6b626f38fa8e545fb3f80ce566efd790bf8877e65c3a482460cc3e0b5d1?s=96&d=mm&r=g\",\"contentUrl\":\"https:\\\/\\\/secure.gravatar.com\\\/avatar\\\/20e0a6b626f38fa8e545fb3f80ce566efd790bf8877e65c3a482460cc3e0b5d1?s=96&d=mm&r=g\",\"caption\":\"Yucat\u00e1n en Corto\"},\"url\":\"https:\\\/\\\/www.yucatanencorto.com\\\/noticias\\\/author\\\/editor25\\\/\"}]}<\/script>\n<!-- \/ Yoast SEO plugin. -->","yoast_head_json":{"title":"Tiroteo cerca de la frontera con M\u00e9xico deja a una persona en estado cr\u00edtico - Yucat\u00e1n en corto","robots":{"index":"index","follow":"follow","max-snippet":"max-snippet:-1","max-image-preview":"max-image-preview:large","max-video-preview":"max-video-preview:-1"},"canonical":"https:\/\/www.yucatanencorto.com\/noticias\/tiroteo-cerca-de-la-frontera-con-mexico-deja-a-una-persona-en-estado-critico\/","og_locale":"es_ES","og_type":"article","og_title":"Tiroteo cerca de la frontera con M\u00e9xico deja a una persona en estado cr\u00edtico - Yucat\u00e1n en corto","og_description":"Una persona recibi\u00f3 un disparo y se encuentra en estado cr\u00edtico\u00a0tras un\u00a0tiroteo\u00a0en el que se vio involucrada la\u00a0Patrulla Fronteriza\u00a0cerca de la frontera entre Estados Unidos y\u00a0M\u00e9xico, informaron las autoridades de\u00a0Arizona. El Departamento del Sheriff del condado de Pima dijo que estaba colaborando con el\u00a0FBI\u00a0y la Oficina de\u00a0Aduanas y Protecci\u00f3n Fronteriza\u00a0de Estados Unidos en respuesta al [&hellip;]","og_url":"https:\/\/www.yucatanencorto.com\/noticias\/tiroteo-cerca-de-la-frontera-con-mexico-deja-a-una-persona-en-estado-critico\/","og_site_name":"Yucat\u00e1n en corto","article_publisher":"http:\/\/www.facebook.com\/yucatanencorto","article_published_time":"2026-01-27T21:36:22+00:00","og_image":[{"width":768,"height":467,"url":"https:\/\/www.yucatanencorto.com\/noticias\/wp-content\/uploads\/2026\/01\/Captura-de-pantalla-2026-01-27-153505-scaled.png","type":"image\/png"}],"author":"Yucat\u00e1n en Corto","twitter_card":"summary_large_image","twitter_creator":"@yucatanencorto","twitter_site":"@yucatanencorto","twitter_misc":{"Escrito por":"Yucat\u00e1n en Corto","Tiempo de lectura":"2 minutos"},"schema":{"@context":"https:\/\/schema.org","@graph":[{"@type":"Article","@id":"https:\/\/www.yucatanencorto.com\/noticias\/tiroteo-cerca-de-la-frontera-con-mexico-deja-a-una-persona-en-estado-critico\/#article","isPartOf":{"@id":"https:\/\/www.yucatanencorto.com\/noticias\/tiroteo-cerca-de-la-frontera-con-mexico-deja-a-una-persona-en-estado-critico\/"},"author":{"name":"Yucat\u00e1n en Corto","@id":"https:\/\/www.yucatanencorto.com\/noticias\/#\/schema\/person\/f0ec40c33447bbc0dc2d01d3006de771"},"headline":"Tiroteo cerca de la frontera con M\u00e9xico deja a una persona en estado cr\u00edtico","datePublished":"2026-01-27T21:36:22+00:00","mainEntityOfPage":{"@id":"https:\/\/www.yucatanencorto.com\/noticias\/tiroteo-cerca-de-la-frontera-con-mexico-deja-a-una-persona-en-estado-critico\/"},"wordCount":205,"image":{"@id":"https:\/\/www.yucatanencorto.com\/noticias\/tiroteo-cerca-de-la-frontera-con-mexico-deja-a-una-persona-en-estado-critico\/#primaryimage"},"thumbnailUrl":"https:\/\/www.yucatanencorto.com\/noticias\/wp-content\/uploads\/2026\/01\/Captura-de-pantalla-2026-01-27-153505-scaled.png","articleSection":["M\u00e9xico"],"inLanguage":"es"},{"@type":"WebPage","@id":"https:\/\/www.yucatanencorto.com\/noticias\/tiroteo-cerca-de-la-frontera-con-mexico-deja-a-una-persona-en-estado-critico\/","url":"https:\/\/www.yucatanencorto.com\/noticias\/tiroteo-cerca-de-la-frontera-con-mexico-deja-a-una-persona-en-estado-critico\/","name":"Tiroteo cerca de la frontera con M\u00e9xico deja a una persona en estado cr\u00edtico - Yucat\u00e1n en corto","isPartOf":{"@id":"https:\/\/www.yucatanencorto.com\/noticias\/#website"},"primaryImageOfPage":{"@id":"https:\/\/www.yucatanencorto.com\/noticias\/tiroteo-cerca-de-la-frontera-con-mexico-deja-a-una-persona-en-estado-critico\/#primaryimage"},"image":{"@id":"https:\/\/www.yucatanencorto.com\/noticias\/tiroteo-cerca-de-la-frontera-con-mexico-deja-a-una-persona-en-estado-critico\/#primaryimage"},"thumbnailUrl":"https:\/\/www.yucatanencorto.com\/noticias\/wp-content\/uploads\/2026\/01\/Captura-de-pantalla-2026-01-27-153505-scaled.png","datePublished":"2026-01-27T21:36:22+00:00","author":{"@id":"https:\/\/www.yucatanencorto.com\/noticias\/#\/schema\/person\/f0ec40c33447bbc0dc2d01d3006de771"},"breadcrumb":{"@id":"https:\/\/www.yucatanencorto.com\/noticias\/tiroteo-cerca-de-la-frontera-con-mexico-deja-a-una-persona-en-estado-critico\/#breadcrumb"},"inLanguage":"es","potentialAction":[{"@type":"ReadAction","target":["https:\/\/www.yucatanencorto.com\/noticias\/tiroteo-cerca-de-la-frontera-con-mexico-deja-a-una-persona-en-estado-critico\/"]}]},{"@type":"ImageObject","inLanguage":"es","@id":"https:\/\/www.yucatanencorto.com\/noticias\/tiroteo-cerca-de-la-frontera-con-mexico-deja-a-una-persona-en-estado-critico\/#primaryimage","url":"https:\/\/www.yucatanencorto.com\/noticias\/wp-content\/uploads\/2026\/01\/Captura-de-pantalla-2026-01-27-153505-scaled.png","contentUrl":"https:\/\/www.yucatanencorto.com\/noticias\/wp-content\/uploads\/2026\/01\/Captura-de-pantalla-2026-01-27-153505-scaled.png","width":768,"height":467},{"@type":"BreadcrumbList","@id":"https:\/\/www.yucatanencorto.com\/noticias\/tiroteo-cerca-de-la-frontera-con-mexico-deja-a-una-persona-en-estado-critico\/#breadcrumb","itemListElement":[{"@type":"ListItem","position":1,"name":"Portada","item":"https:\/\/www.yucatanencorto.com\/noticias\/"},{"@type":"ListItem","position":2,"name":"Tiroteo cerca de la frontera con M\u00e9xico deja a una persona en estado cr\u00edtico"}]},{"@type":"WebSite","@id":"https:\/\/www.yucatanencorto.com\/noticias\/#website","url":"https:\/\/www.yucatanencorto.com\/noticias\/","name":"Yucat\u00e1n en corto","description":"Noticias","potentialAction":[{"@type":"SearchAction","target":{"@type":"EntryPoint","urlTemplate":"https:\/\/www.yucatanencorto.com\/noticias\/?s={search_term_string}"},"query-input":{"@type":"PropertyValueSpecification","valueRequired":true,"valueName":"search_term_string"}}],"inLanguage":"es"},{"@type":"Person","@id":"https:\/\/www.yucatanencorto.com\/noticias\/#\/schema\/person\/f0ec40c33447bbc0dc2d01d3006de771","name":"Yucat\u00e1n en Corto","image":{"@type":"ImageObject","inLanguage":"es","@id":"https:\/\/secure.gravatar.com\/avatar\/20e0a6b626f38fa8e545fb3f80ce566efd790bf8877e65c3a482460cc3e0b5d1?s=96&d=mm&r=g","url":"https:\/\/secure.gravatar.com\/avatar\/20e0a6b626f38fa8e545fb3f80ce566efd790bf8877e65c3a482460cc3e0b5d1?s=96&d=mm&r=g","contentUrl":"https:\/\/secure.gravatar.com\/avatar\/20e0a6b626f38fa8e545fb3f80ce566efd790bf8877e65c3a482460cc3e0b5d1?s=96&d=mm&r=g","caption":"Yucat\u00e1n en Corto"},"url":"https:\/\/www.yucatanencorto.com\/noticias\/author\/editor25\/"}]}},"_links":{"self":[{"href":"https:\/\/www.yucatanencorto.com\/noticias\/wp-json\/wp\/v2\/posts\/116397","targetHints":{"allow":["GET"]}}],"collection":[{"href":"https:\/\/www.yucatanencorto.com\/noticias\/wp-json\/wp\/v2\/posts"}],"about":[{"href":"https:\/\/www.yucatanencorto.com\/noticias\/wp-json\/wp\/v2\/types\/post"}],"author":[{"embeddable":true,"href":"https:\/\/www.yucatanencorto.com\/noticias\/wp-json\/wp\/v2\/users\/4"}],"replies":[{"embeddable":true,"href":"https:\/\/www.yucatanencorto.com\/noticias\/wp-json\/wp\/v2\/comments?post=116397"}],"version-history":[{"count":2,"href":"https:\/\/www.yucatanencorto.com\/noticias\/wp-json\/wp\/v2\/posts\/116397\/revisions"}],"predecessor-version":[{"id":116400,"href":"https:\/\/www.yucatanencorto.com\/noticias\/wp-json\/wp\/v2\/posts\/116397\/revisions\/116400"}],"wp:featuredmedia":[{"embeddable":true,"href":"https:\/\/www.yucatanencorto.com\/noticias\/wp-json\/wp\/v2\/media\/116398"}],"wp:attachment":[{"href":"https:\/\/www.yucatanencorto.com\/noticias\/wp-json\/wp\/v2\/media?parent=116397"}],"wp:term":[{"taxonomy":"category","embeddable":true,"href":"https:\/\/www.yucatanencorto.com\/noticias\/wp-json\/wp\/v2\/categories?post=116397"},{"taxonomy":"post_tag","embeddable":true,"href":"https:\/\/www.yucatanencorto.com\/noticias\/wp-json\/wp\/v2\/tags?post=116397"}],"curies":[{"name":"wp","href":"https:\/\/api.w.org\/{rel}","templated":true}]}}