{"id":116401,"date":"2026-01-27T15:50:02","date_gmt":"2026-01-27T21:50:02","guid":{"rendered":"https:\/\/www.yucatanencorto.com\/noticias\/?p=116401"},"modified":"2026-01-27T15:50:02","modified_gmt":"2026-01-27T21:50:02","slug":"inauguran-espacio-deportivo-en-centro-armonia-para-el-cuidado-integral-de-personas-mayores","status":"publish","type":"post","link":"https:\/\/www.yucatanencorto.com\/noticias\/inauguran-espacio-deportivo-en-centro-armonia-para-el-cuidado-integral-de-personas-mayores\/","title":{"rendered":"Inauguran espacio deportivo en Centro Armon\u00eda para el cuidado integral de personas mayores."},"content":{"rendered":"<p><img loading=\"lazy\" decoding=\"async\" class=\"alignnone size-full wp-image-116402\" src=\"https:\/\/www.yucatanencorto.com\/noticias\/wp-content\/uploads\/2026\/01\/WhatsApp-Image-2026-01-27-at-12.46.39-1-scaled.jpeg\" alt=\"\" width=\"768\" height=\"512\" srcset=\"https:\/\/www.yucatanencorto.com\/noticias\/wp-content\/uploads\/2026\/01\/WhatsApp-Image-2026-01-27-at-12.46.39-1-scaled.jpeg 768w, https:\/\/www.yucatanencorto.com\/noticias\/wp-content\/uploads\/2026\/01\/WhatsApp-Image-2026-01-27-at-12.46.39-1-150x100.jpeg 150w, https:\/\/www.yucatanencorto.com\/noticias\/wp-content\/uploads\/2026\/01\/WhatsApp-Image-2026-01-27-at-12.46.39-1-300x200.jpeg 300w, https:\/\/www.yucatanencorto.com\/noticias\/wp-content\/uploads\/2026\/01\/WhatsApp-Image-2026-01-27-at-12.46.39-1-696x464.jpeg 696w, https:\/\/www.yucatanencorto.com\/noticias\/wp-content\/uploads\/2026\/01\/WhatsApp-Image-2026-01-27-at-12.46.39-1-1068x713.jpeg 1068w\" sizes=\"auto, (max-width: 768px) 100vw, 768px\" \/><\/p>\n<p>M\u00e9rida, Yucat\u00e1n a martes 27 de enero de 2026.- Como parte de la estrategia municipal para fortalecer el bienestar integral de las y los meridanos, la presidenta municipal Cecilia Patr\u00f3n Laviada inaugur\u00f3 las nuevas Canchas de Usos M\u00faltiples en el Centro Integral para la Plenitud de las Personas Mayores Armon\u00eda, y as\u00ed promover un envejecimiento activo, saludable y digno para quienes m\u00e1s lo necesitan.<\/p>\n<p>\u201cEn este gobierno municipal escuchamos a la gente; todo lo que hacemos viene de ustedes, porque nadie conoce mejor estos espacios que quienes los usan todos los d\u00edas. Al cumplir la palabra empe\u00f1ada y entregar esta cancha funcional de usos m\u00faltiples al servicio de esta comunidad, avanzamos con orden y justicia\u201d, se\u00f1al\u00f3 la alcaldesa.<\/p>\n<p>Durante el evento, la alcaldesa destac\u00f3 que este nuevo espacio es resultado directo de escuchar a la ciudadan\u00eda, recordando que hace algunos meses, durante una visita de planeaci\u00f3n al centro, ubicado en el Fraccionamiento del Parque, las y los usuarios le expresaron la necesidad de contar con un \u00e1rea adicional para realizar ejercicio y actividades f\u00edsicas, ante el crecimiento de la demanda dentro del inmueble.<\/p>\n<p>\u201cCreo que ustedes son el mejor ejemplo de que cuando nos unimos como comunidad se refuerza en una mejor vida plena para todos\u201d, expres\u00f3.<\/p>\n<p>La presidenta municipal explic\u00f3 que la nueva \u00e1rea permitir\u00e1 realizar gimnasio al aire libre, ejercicios terap\u00e9uticos, actividades recreativas y deportivas, adem\u00e1s de otras din\u00e1micas comunitarias, ya que se trata de un espacio vers\u00e1til que podr\u00e1 adaptarse a diversas necesidades del Centro Armon\u00eda.<\/p>\n<p>Las Canchas de Usos M\u00faltiples Armon\u00eda tienen como objetivo promover el ejercicio multicomponente al aire libre, impulsando la actividad f\u00edsica y cognitiva para mejorar la autonom\u00eda de las personas mayores, prevenir la discapacidad y optimizar su salud mental, cardiovascular y funcional.<\/p>\n<p>La obra beneficiar\u00e1 directamente a 500 personas adultas mayores que asisten al Centro, as\u00ed como a habitantes de colonias aleda\u00f1as. Se localiza en la calle 55 n\u00famero 693 por 10 y 16, en un entorno accesible, rodeado de \u00e1reas verdes, dise\u00f1ado para fomentar la convivencia social, la salud y el deporte.<\/p>\n<p>En este espacio se ofrecer\u00e1n programas de ejercicios terap\u00e9uticos personalizados, as\u00ed como talleres de entrenamiento funcional adaptado, entrenamiento funcional con aditamentos y crossfit, enfocados en mejorar la fuerza muscular, la flexibilidad, el equilibrio y la autoestima de las y los usuarios.<\/p>\n<p>Gracias a la alianza con la cadena comercial Oxxo, se gestionaron aditamentos deportivos como mancuernas, pesas rusas, step, conos y pelotas, que permitir\u00e1n diversificar las disciplinas de activaci\u00f3n f\u00edsica al aire libre y enriquecer las rutinas de ejercicio.<\/p>\n<p>Este tipo de centros para personas mayores cobran un valor social importante como espacios de comunidad, acompa\u00f1amiento y transformaci\u00f3n positiva, en la que se comparten historias de vida de usuarios que han recuperado la alegr\u00eda, la salud emocional y el sentido de pertenencia, demostrando que estos centros ayudan a combatir la soledad y fortalecen los lazos comunitarios.<\/p>\n<p>\u201cAqu\u00ed hacemos comunidad; aqu\u00ed nadie se siente solo, nos sentimos protegidos y acompa\u00f1ados. Ese es el valor m\u00e1s grande de los espacios p\u00fablicos cuando las personas se adue\u00f1an de ellos\u201d, se\u00f1al\u00f3 la alcaldesa, al invitar a las y los adultos mayores a cuidar, usar y hacer suyo este nuevo espacio.<\/p>\n<p>La mun\u00edcipe reiter\u00f3 que el bienestar de las personas adultas mayores es una prioridad para el Ayuntamiento de M\u00e9rida, reconociendo el legado de quienes durante a\u00f1os cuidaron a sus familias y construyeron la ciudad que hoy disfrutan las nuevas generaciones, en una M\u00e9rida que se desarrolla con un estilo propio y que \u201ccuida a quienes nos cuidaron\u201d, afirm\u00f3.<\/p>\n<p>Con acciones como esta, el Ayuntamiento de M\u00e9rida suma ya 10 espacios en toda la ciudad dedicados a la atenci\u00f3n integral de las personas adultas mayores, avanzando hacia una M\u00e9rida m\u00e1s sana, inclusiva y solidaria, donde se promueve la felicidad, la salud f\u00edsica y mental, y una mejor calidad de vida para todas y todos.<\/p>\n<p>Estuvieron presentes la diputada local Mar\u00eda Teresa Boehm Calero, la coordinadora general de Justicia Social y Desarrollo Humano, Flora Zapata Mendiolea, y el director del DIF Municipal, Gerardo L\u00f3pez Fern\u00e1ndez.<\/p>\n","protected":false},"excerpt":{"rendered":"<p>M\u00e9rida, Yucat\u00e1n a martes 27 de enero de 2026.- Como parte de la estrategia municipal para fortalecer el bienestar integral de las y los meridanos, la presidenta municipal Cecilia Patr\u00f3n Laviada inaugur\u00f3 las nuevas Canchas de Usos M\u00faltiples en el Centro Integral para la Plenitud de las Personas Mayores Armon\u00eda, y as\u00ed promover un envejecimiento [&hellip;]<\/p>\n","protected":false},"author":4,"featured_media":116402,"comment_status":"closed","ping_status":"closed","sticky":false,"template":"","format":"standard","meta":{"footnotes":""},"categories":[2],"tags":[],"class_list":{"0":"post-116401","1":"post","2":"type-post","3":"status-publish","4":"format-standard","5":"has-post-thumbnail","7":"category-merida"},"yoast_head":"<!-- This site is optimized with the Yoast SEO plugin v27.4 - https:\/\/yoast.com\/product\/yoast-seo-wordpress\/ -->\n<title>Inauguran espacio deportivo en Centro Armon\u00eda para el cuidado integral de personas mayores. - Yucat\u00e1n en corto<\/title>\n<meta name=\"robots\" content=\"index, follow, max-snippet:-1, max-image-preview:large, max-video-preview:-1\" \/>\n<link rel=\"canonical\" href=\"https:\/\/www.yucatanencorto.com\/noticias\/inauguran-espacio-deportivo-en-centro-armonia-para-el-cuidado-integral-de-personas-mayores\/\" \/>\n<meta property=\"og:locale\" content=\"es_ES\" \/>\n<meta property=\"og:type\" content=\"article\" \/>\n<meta property=\"og:title\" content=\"Inauguran espacio deportivo en Centro Armon\u00eda para el cuidado integral de personas mayores. - Yucat\u00e1n en corto\" \/>\n<meta property=\"og:description\" content=\"M\u00e9rida, Yucat\u00e1n a martes 27 de enero de 2026.- Como parte de la estrategia municipal para fortalecer el bienestar integral de las y los meridanos, la presidenta municipal Cecilia Patr\u00f3n Laviada inaugur\u00f3 las nuevas Canchas de Usos M\u00faltiples en el Centro Integral para la Plenitud de las Personas Mayores Armon\u00eda, y as\u00ed promover un envejecimiento [&hellip;]\" \/>\n<meta property=\"og:url\" content=\"https:\/\/www.yucatanencorto.com\/noticias\/inauguran-espacio-deportivo-en-centro-armonia-para-el-cuidado-integral-de-personas-mayores\/\" \/>\n<meta property=\"og:site_name\" content=\"Yucat\u00e1n en corto\" \/>\n<meta property=\"article:publisher\" content=\"http:\/\/www.facebook.com\/yucatanencorto\" \/>\n<meta property=\"article:published_time\" content=\"2026-01-27T21:50:02+00:00\" \/>\n<meta property=\"og:image\" content=\"https:\/\/www.yucatanencorto.com\/noticias\/wp-content\/uploads\/2026\/01\/WhatsApp-Image-2026-01-27-at-12.46.39-1-scaled.jpeg\" \/>\n\t<meta property=\"og:image:width\" content=\"768\" \/>\n\t<meta property=\"og:image:height\" content=\"512\" \/>\n\t<meta property=\"og:image:type\" content=\"image\/jpeg\" \/>\n<meta name=\"author\" content=\"Yucat\u00e1n en Corto\" \/>\n<meta name=\"twitter:card\" content=\"summary_large_image\" \/>\n<meta name=\"twitter:creator\" content=\"@yucatanencorto\" \/>\n<meta name=\"twitter:site\" content=\"@yucatanencorto\" \/>\n<meta name=\"twitter:label1\" content=\"Escrito por\" \/>\n\t<meta name=\"twitter:data1\" content=\"Yucat\u00e1n en Corto\" \/>\n\t<meta name=\"twitter:label2\" content=\"Tiempo de lectura\" \/>\n\t<meta name=\"twitter:data2\" content=\"4 minutos\" \/>\n<script type=\"application\/ld+json\" class=\"yoast-schema-graph\">{\"@context\":\"https:\\\/\\\/schema.org\",\"@graph\":[{\"@type\":\"Article\",\"@id\":\"https:\\\/\\\/www.yucatanencorto.com\\\/noticias\\\/inauguran-espacio-deportivo-en-centro-armonia-para-el-cuidado-integral-de-personas-mayores\\\/#article\",\"isPartOf\":{\"@id\":\"https:\\\/\\\/www.yucatanencorto.com\\\/noticias\\\/inauguran-espacio-deportivo-en-centro-armonia-para-el-cuidado-integral-de-personas-mayores\\\/\"},\"author\":{\"name\":\"Yucat\u00e1n en Corto\",\"@id\":\"https:\\\/\\\/www.yucatanencorto.com\\\/noticias\\\/#\\\/schema\\\/person\\\/f0ec40c33447bbc0dc2d01d3006de771\"},\"headline\":\"Inauguran espacio deportivo en Centro Armon\u00eda para el cuidado integral de personas mayores.\",\"datePublished\":\"2026-01-27T21:50:02+00:00\",\"mainEntityOfPage\":{\"@id\":\"https:\\\/\\\/www.yucatanencorto.com\\\/noticias\\\/inauguran-espacio-deportivo-en-centro-armonia-para-el-cuidado-integral-de-personas-mayores\\\/\"},\"wordCount\":727,\"image\":{\"@id\":\"https:\\\/\\\/www.yucatanencorto.com\\\/noticias\\\/inauguran-espacio-deportivo-en-centro-armonia-para-el-cuidado-integral-de-personas-mayores\\\/#primaryimage\"},\"thumbnailUrl\":\"https:\\\/\\\/www.yucatanencorto.com\\\/noticias\\\/wp-content\\\/uploads\\\/2026\\\/01\\\/WhatsApp-Image-2026-01-27-at-12.46.39-1-scaled.jpeg\",\"articleSection\":[\"M\u00e9rida\"],\"inLanguage\":\"es\"},{\"@type\":\"WebPage\",\"@id\":\"https:\\\/\\\/www.yucatanencorto.com\\\/noticias\\\/inauguran-espacio-deportivo-en-centro-armonia-para-el-cuidado-integral-de-personas-mayores\\\/\",\"url\":\"https:\\\/\\\/www.yucatanencorto.com\\\/noticias\\\/inauguran-espacio-deportivo-en-centro-armonia-para-el-cuidado-integral-de-personas-mayores\\\/\",\"name\":\"Inauguran espacio deportivo en Centro Armon\u00eda para el cuidado integral de personas mayores. - Yucat\u00e1n en corto\",\"isPartOf\":{\"@id\":\"https:\\\/\\\/www.yucatanencorto.com\\\/noticias\\\/#website\"},\"primaryImageOfPage\":{\"@id\":\"https:\\\/\\\/www.yucatanencorto.com\\\/noticias\\\/inauguran-espacio-deportivo-en-centro-armonia-para-el-cuidado-integral-de-personas-mayores\\\/#primaryimage\"},\"image\":{\"@id\":\"https:\\\/\\\/www.yucatanencorto.com\\\/noticias\\\/inauguran-espacio-deportivo-en-centro-armonia-para-el-cuidado-integral-de-personas-mayores\\\/#primaryimage\"},\"thumbnailUrl\":\"https:\\\/\\\/www.yucatanencorto.com\\\/noticias\\\/wp-content\\\/uploads\\\/2026\\\/01\\\/WhatsApp-Image-2026-01-27-at-12.46.39-1-scaled.jpeg\",\"datePublished\":\"2026-01-27T21:50:02+00:00\",\"author\":{\"@id\":\"https:\\\/\\\/www.yucatanencorto.com\\\/noticias\\\/#\\\/schema\\\/person\\\/f0ec40c33447bbc0dc2d01d3006de771\"},\"breadcrumb\":{\"@id\":\"https:\\\/\\\/www.yucatanencorto.com\\\/noticias\\\/inauguran-espacio-deportivo-en-centro-armonia-para-el-cuidado-integral-de-personas-mayores\\\/#breadcrumb\"},\"inLanguage\":\"es\",\"potentialAction\":[{\"@type\":\"ReadAction\",\"target\":[\"https:\\\/\\\/www.yucatanencorto.com\\\/noticias\\\/inauguran-espacio-deportivo-en-centro-armonia-para-el-cuidado-integral-de-personas-mayores\\\/\"]}]},{\"@type\":\"ImageObject\",\"inLanguage\":\"es\",\"@id\":\"https:\\\/\\\/www.yucatanencorto.com\\\/noticias\\\/inauguran-espacio-deportivo-en-centro-armonia-para-el-cuidado-integral-de-personas-mayores\\\/#primaryimage\",\"url\":\"https:\\\/\\\/www.yucatanencorto.com\\\/noticias\\\/wp-content\\\/uploads\\\/2026\\\/01\\\/WhatsApp-Image-2026-01-27-at-12.46.39-1-scaled.jpeg\",\"contentUrl\":\"https:\\\/\\\/www.yucatanencorto.com\\\/noticias\\\/wp-content\\\/uploads\\\/2026\\\/01\\\/WhatsApp-Image-2026-01-27-at-12.46.39-1-scaled.jpeg\",\"width\":768,\"height\":512},{\"@type\":\"BreadcrumbList\",\"@id\":\"https:\\\/\\\/www.yucatanencorto.com\\\/noticias\\\/inauguran-espacio-deportivo-en-centro-armonia-para-el-cuidado-integral-de-personas-mayores\\\/#breadcrumb\",\"itemListElement\":[{\"@type\":\"ListItem\",\"position\":1,\"name\":\"Portada\",\"item\":\"https:\\\/\\\/www.yucatanencorto.com\\\/noticias\\\/\"},{\"@type\":\"ListItem\",\"position\":2,\"name\":\"Inauguran espacio deportivo en Centro Armon\u00eda para el cuidado integral de personas mayores.\"}]},{\"@type\":\"WebSite\",\"@id\":\"https:\\\/\\\/www.yucatanencorto.com\\\/noticias\\\/#website\",\"url\":\"https:\\\/\\\/www.yucatanencorto.com\\\/noticias\\\/\",\"name\":\"Yucat\u00e1n en corto\",\"description\":\"Noticias\",\"potentialAction\":[{\"@type\":\"SearchAction\",\"target\":{\"@type\":\"EntryPoint\",\"urlTemplate\":\"https:\\\/\\\/www.yucatanencorto.com\\\/noticias\\\/?s={search_term_string}\"},\"query-input\":{\"@type\":\"PropertyValueSpecification\",\"valueRequired\":true,\"valueName\":\"search_term_string\"}}],\"inLanguage\":\"es\"},{\"@type\":\"Person\",\"@id\":\"https:\\\/\\\/www.yucatanencorto.com\\\/noticias\\\/#\\\/schema\\\/person\\\/f0ec40c33447bbc0dc2d01d3006de771\",\"name\":\"Yucat\u00e1n en Corto\",\"image\":{\"@type\":\"ImageObject\",\"inLanguage\":\"es\",\"@id\":\"https:\\\/\\\/secure.gravatar.com\\\/avatar\\\/20e0a6b626f38fa8e545fb3f80ce566efd790bf8877e65c3a482460cc3e0b5d1?s=96&d=mm&r=g\",\"url\":\"https:\\\/\\\/secure.gravatar.com\\\/avatar\\\/20e0a6b626f38fa8e545fb3f80ce566efd790bf8877e65c3a482460cc3e0b5d1?s=96&d=mm&r=g\",\"contentUrl\":\"https:\\\/\\\/secure.gravatar.com\\\/avatar\\\/20e0a6b626f38fa8e545fb3f80ce566efd790bf8877e65c3a482460cc3e0b5d1?s=96&d=mm&r=g\",\"caption\":\"Yucat\u00e1n en Corto\"},\"url\":\"https:\\\/\\\/www.yucatanencorto.com\\\/noticias\\\/author\\\/editor25\\\/\"}]}<\/script>\n<!-- \/ Yoast SEO plugin. -->","yoast_head_json":{"title":"Inauguran espacio deportivo en Centro Armon\u00eda para el cuidado integral de personas mayores. - Yucat\u00e1n en corto","robots":{"index":"index","follow":"follow","max-snippet":"max-snippet:-1","max-image-preview":"max-image-preview:large","max-video-preview":"max-video-preview:-1"},"canonical":"https:\/\/www.yucatanencorto.com\/noticias\/inauguran-espacio-deportivo-en-centro-armonia-para-el-cuidado-integral-de-personas-mayores\/","og_locale":"es_ES","og_type":"article","og_title":"Inauguran espacio deportivo en Centro Armon\u00eda para el cuidado integral de personas mayores. - Yucat\u00e1n en corto","og_description":"M\u00e9rida, Yucat\u00e1n a martes 27 de enero de 2026.- Como parte de la estrategia municipal para fortalecer el bienestar integral de las y los meridanos, la presidenta municipal Cecilia Patr\u00f3n Laviada inaugur\u00f3 las nuevas Canchas de Usos M\u00faltiples en el Centro Integral para la Plenitud de las Personas Mayores Armon\u00eda, y as\u00ed promover un envejecimiento [&hellip;]","og_url":"https:\/\/www.yucatanencorto.com\/noticias\/inauguran-espacio-deportivo-en-centro-armonia-para-el-cuidado-integral-de-personas-mayores\/","og_site_name":"Yucat\u00e1n en corto","article_publisher":"http:\/\/www.facebook.com\/yucatanencorto","article_published_time":"2026-01-27T21:50:02+00:00","og_image":[{"width":768,"height":512,"url":"https:\/\/www.yucatanencorto.com\/noticias\/wp-content\/uploads\/2026\/01\/WhatsApp-Image-2026-01-27-at-12.46.39-1-scaled.jpeg","type":"image\/jpeg"}],"author":"Yucat\u00e1n en Corto","twitter_card":"summary_large_image","twitter_creator":"@yucatanencorto","twitter_site":"@yucatanencorto","twitter_misc":{"Escrito por":"Yucat\u00e1n en Corto","Tiempo de lectura":"4 minutos"},"schema":{"@context":"https:\/\/schema.org","@graph":[{"@type":"Article","@id":"https:\/\/www.yucatanencorto.com\/noticias\/inauguran-espacio-deportivo-en-centro-armonia-para-el-cuidado-integral-de-personas-mayores\/#article","isPartOf":{"@id":"https:\/\/www.yucatanencorto.com\/noticias\/inauguran-espacio-deportivo-en-centro-armonia-para-el-cuidado-integral-de-personas-mayores\/"},"author":{"name":"Yucat\u00e1n en Corto","@id":"https:\/\/www.yucatanencorto.com\/noticias\/#\/schema\/person\/f0ec40c33447bbc0dc2d01d3006de771"},"headline":"Inauguran espacio deportivo en Centro Armon\u00eda para el cuidado integral de personas mayores.","datePublished":"2026-01-27T21:50:02+00:00","mainEntityOfPage":{"@id":"https:\/\/www.yucatanencorto.com\/noticias\/inauguran-espacio-deportivo-en-centro-armonia-para-el-cuidado-integral-de-personas-mayores\/"},"wordCount":727,"image":{"@id":"https:\/\/www.yucatanencorto.com\/noticias\/inauguran-espacio-deportivo-en-centro-armonia-para-el-cuidado-integral-de-personas-mayores\/#primaryimage"},"thumbnailUrl":"https:\/\/www.yucatanencorto.com\/noticias\/wp-content\/uploads\/2026\/01\/WhatsApp-Image-2026-01-27-at-12.46.39-1-scaled.jpeg","articleSection":["M\u00e9rida"],"inLanguage":"es"},{"@type":"WebPage","@id":"https:\/\/www.yucatanencorto.com\/noticias\/inauguran-espacio-deportivo-en-centro-armonia-para-el-cuidado-integral-de-personas-mayores\/","url":"https:\/\/www.yucatanencorto.com\/noticias\/inauguran-espacio-deportivo-en-centro-armonia-para-el-cuidado-integral-de-personas-mayores\/","name":"Inauguran espacio deportivo en Centro Armon\u00eda para el cuidado integral de personas mayores. - Yucat\u00e1n en corto","isPartOf":{"@id":"https:\/\/www.yucatanencorto.com\/noticias\/#website"},"primaryImageOfPage":{"@id":"https:\/\/www.yucatanencorto.com\/noticias\/inauguran-espacio-deportivo-en-centro-armonia-para-el-cuidado-integral-de-personas-mayores\/#primaryimage"},"image":{"@id":"https:\/\/www.yucatanencorto.com\/noticias\/inauguran-espacio-deportivo-en-centro-armonia-para-el-cuidado-integral-de-personas-mayores\/#primaryimage"},"thumbnailUrl":"https:\/\/www.yucatanencorto.com\/noticias\/wp-content\/uploads\/2026\/01\/WhatsApp-Image-2026-01-27-at-12.46.39-1-scaled.jpeg","datePublished":"2026-01-27T21:50:02+00:00","author":{"@id":"https:\/\/www.yucatanencorto.com\/noticias\/#\/schema\/person\/f0ec40c33447bbc0dc2d01d3006de771"},"breadcrumb":{"@id":"https:\/\/www.yucatanencorto.com\/noticias\/inauguran-espacio-deportivo-en-centro-armonia-para-el-cuidado-integral-de-personas-mayores\/#breadcrumb"},"inLanguage":"es","potentialAction":[{"@type":"ReadAction","target":["https:\/\/www.yucatanencorto.com\/noticias\/inauguran-espacio-deportivo-en-centro-armonia-para-el-cuidado-integral-de-personas-mayores\/"]}]},{"@type":"ImageObject","inLanguage":"es","@id":"https:\/\/www.yucatanencorto.com\/noticias\/inauguran-espacio-deportivo-en-centro-armonia-para-el-cuidado-integral-de-personas-mayores\/#primaryimage","url":"https:\/\/www.yucatanencorto.com\/noticias\/wp-content\/uploads\/2026\/01\/WhatsApp-Image-2026-01-27-at-12.46.39-1-scaled.jpeg","contentUrl":"https:\/\/www.yucatanencorto.com\/noticias\/wp-content\/uploads\/2026\/01\/WhatsApp-Image-2026-01-27-at-12.46.39-1-scaled.jpeg","width":768,"height":512},{"@type":"BreadcrumbList","@id":"https:\/\/www.yucatanencorto.com\/noticias\/inauguran-espacio-deportivo-en-centro-armonia-para-el-cuidado-integral-de-personas-mayores\/#breadcrumb","itemListElement":[{"@type":"ListItem","position":1,"name":"Portada","item":"https:\/\/www.yucatanencorto.com\/noticias\/"},{"@type":"ListItem","position":2,"name":"Inauguran espacio deportivo en Centro Armon\u00eda para el cuidado integral de personas mayores."}]},{"@type":"WebSite","@id":"https:\/\/www.yucatanencorto.com\/noticias\/#website","url":"https:\/\/www.yucatanencorto.com\/noticias\/","name":"Yucat\u00e1n en corto","description":"Noticias","potentialAction":[{"@type":"SearchAction","target":{"@type":"EntryPoint","urlTemplate":"https:\/\/www.yucatanencorto.com\/noticias\/?s={search_term_string}"},"query-input":{"@type":"PropertyValueSpecification","valueRequired":true,"valueName":"search_term_string"}}],"inLanguage":"es"},{"@type":"Person","@id":"https:\/\/www.yucatanencorto.com\/noticias\/#\/schema\/person\/f0ec40c33447bbc0dc2d01d3006de771","name":"Yucat\u00e1n en Corto","image":{"@type":"ImageObject","inLanguage":"es","@id":"https:\/\/secure.gravatar.com\/avatar\/20e0a6b626f38fa8e545fb3f80ce566efd790bf8877e65c3a482460cc3e0b5d1?s=96&d=mm&r=g","url":"https:\/\/secure.gravatar.com\/avatar\/20e0a6b626f38fa8e545fb3f80ce566efd790bf8877e65c3a482460cc3e0b5d1?s=96&d=mm&r=g","contentUrl":"https:\/\/secure.gravatar.com\/avatar\/20e0a6b626f38fa8e545fb3f80ce566efd790bf8877e65c3a482460cc3e0b5d1?s=96&d=mm&r=g","caption":"Yucat\u00e1n en Corto"},"url":"https:\/\/www.yucatanencorto.com\/noticias\/author\/editor25\/"}]}},"_links":{"self":[{"href":"https:\/\/www.yucatanencorto.com\/noticias\/wp-json\/wp\/v2\/posts\/116401","targetHints":{"allow":["GET"]}}],"collection":[{"href":"https:\/\/www.yucatanencorto.com\/noticias\/wp-json\/wp\/v2\/posts"}],"about":[{"href":"https:\/\/www.yucatanencorto.com\/noticias\/wp-json\/wp\/v2\/types\/post"}],"author":[{"embeddable":true,"href":"https:\/\/www.yucatanencorto.com\/noticias\/wp-json\/wp\/v2\/users\/4"}],"replies":[{"embeddable":true,"href":"https:\/\/www.yucatanencorto.com\/noticias\/wp-json\/wp\/v2\/comments?post=116401"}],"version-history":[{"count":1,"href":"https:\/\/www.yucatanencorto.com\/noticias\/wp-json\/wp\/v2\/posts\/116401\/revisions"}],"predecessor-version":[{"id":116403,"href":"https:\/\/www.yucatanencorto.com\/noticias\/wp-json\/wp\/v2\/posts\/116401\/revisions\/116403"}],"wp:featuredmedia":[{"embeddable":true,"href":"https:\/\/www.yucatanencorto.com\/noticias\/wp-json\/wp\/v2\/media\/116402"}],"wp:attachment":[{"href":"https:\/\/www.yucatanencorto.com\/noticias\/wp-json\/wp\/v2\/media?parent=116401"}],"wp:term":[{"taxonomy":"category","embeddable":true,"href":"https:\/\/www.yucatanencorto.com\/noticias\/wp-json\/wp\/v2\/categories?post=116401"},{"taxonomy":"post_tag","embeddable":true,"href":"https:\/\/www.yucatanencorto.com\/noticias\/wp-json\/wp\/v2\/tags?post=116401"}],"curies":[{"name":"wp","href":"https:\/\/api.w.org\/{rel}","templated":true}]}}