{"id":116404,"date":"2026-01-27T15:52:52","date_gmt":"2026-01-27T21:52:52","guid":{"rendered":"https:\/\/www.yucatanencorto.com\/noticias\/?p=116404"},"modified":"2026-01-27T15:52:52","modified_gmt":"2026-01-27T21:52:52","slug":"reconocen-a-escuelas-de-rio-lagartos-y-las-coloradas-por-su-compromiso-ambiental","status":"publish","type":"post","link":"https:\/\/www.yucatanencorto.com\/noticias\/reconocen-a-escuelas-de-rio-lagartos-y-las-coloradas-por-su-compromiso-ambiental\/","title":{"rendered":"Reconocen a escuelas de R\u00edo Lagartos y Las Coloradas por su compromiso ambiental"},"content":{"rendered":"<p>&nbsp;<\/p>\n<p><img loading=\"lazy\" decoding=\"async\" class=\"alignnone size-full wp-image-116405\" src=\"https:\/\/www.yucatanencorto.com\/noticias\/wp-content\/uploads\/2026\/01\/WhatsApp-Image-2026-01-27-at-13.22.07-scaled.jpeg\" alt=\"\" width=\"768\" height=\"512\" srcset=\"https:\/\/www.yucatanencorto.com\/noticias\/wp-content\/uploads\/2026\/01\/WhatsApp-Image-2026-01-27-at-13.22.07-scaled.jpeg 768w, https:\/\/www.yucatanencorto.com\/noticias\/wp-content\/uploads\/2026\/01\/WhatsApp-Image-2026-01-27-at-13.22.07-1536x1024.jpeg 1536w, https:\/\/www.yucatanencorto.com\/noticias\/wp-content\/uploads\/2026\/01\/WhatsApp-Image-2026-01-27-at-13.22.07-2048x1365.jpeg 2048w, https:\/\/www.yucatanencorto.com\/noticias\/wp-content\/uploads\/2026\/01\/WhatsApp-Image-2026-01-27-at-13.22.07-150x100.jpeg 150w, https:\/\/www.yucatanencorto.com\/noticias\/wp-content\/uploads\/2026\/01\/WhatsApp-Image-2026-01-27-at-13.22.07-300x200.jpeg 300w, https:\/\/www.yucatanencorto.com\/noticias\/wp-content\/uploads\/2026\/01\/WhatsApp-Image-2026-01-27-at-13.22.07-696x464.jpeg 696w, https:\/\/www.yucatanencorto.com\/noticias\/wp-content\/uploads\/2026\/01\/WhatsApp-Image-2026-01-27-at-13.22.07-1068x712.jpeg 1068w, https:\/\/www.yucatanencorto.com\/noticias\/wp-content\/uploads\/2026\/01\/WhatsApp-Image-2026-01-27-at-13.22.07-1920x1280.jpeg 1920w\" sizes=\"auto, (max-width: 768px) 100vw, 768px\" \/><\/p>\n<p>R\u00edo Lagartos, Yucat\u00e1n, a 27 de enero de 2026<\/p>\n<p>La Secretar\u00eda de Desarrollo Sustentable entreg\u00f3 distintivos del programa Escuela Sustentable a cinco planteles por promover pr\u00e1cticas responsables y fortalecer la educaci\u00f3n ambiental.<\/p>\n<p>Con motivo del D\u00eda Mundial de la Educaci\u00f3n Ambiental, la Secretar\u00eda de Desarrollo Sustentable (SDS) entreg\u00f3 reconocimientos del programa Escuela Sustentable a cinco planteles del municipio de R\u00edo Lagartos y de la comisar\u00eda de Las Coloradas, como distinci\u00f3n por su compromiso con la formaci\u00f3n ambiental y la promoci\u00f3n de pr\u00e1cticas responsables dentro de sus comunidades escolares.<\/p>\n<p>Durante el acto, la secretaria de Desarrollo Sustentable, Neyra Concepci\u00f3n Silva Rosado, precis\u00f3 que, en la presente administraci\u00f3n estatal, se han entregado 55 reconocimientos del programa Escuela Sustentable en 36 municipios, con la participaci\u00f3n de 7,472 personas, entre estudiantes, maestras y maestros.<\/p>\n<p>La funcionaria destac\u00f3 que este programa consolida la educaci\u00f3n ambiental como una herramienta clave para la protecci\u00f3n del patrimonio natural y cultural del estado y para la construcci\u00f3n de comunidades m\u00e1s conscientes y comprometidas con el futuro de Yucat\u00e1n.<\/p>\n<p>Silva Rosado se\u00f1al\u00f3 que se trata de una estrategia integral de educaci\u00f3n ambiental que busca formar valores, habilidades y actitudes en ni\u00f1as, ni\u00f1os y j\u00f3venes, para que se conviertan en agentes de cambio en sus hogares y comunidades, con objetivos ambientales claros y con la capacidad de actuar.<\/p>\n<p>Las escuelas reconocidas en esta ocasi\u00f3n fueron la Secundaria T\u00e9cnica No. 28 y el Centro de Atenci\u00f3n M\u00faltiple de R\u00edo Lagartos, as\u00ed como el Jard\u00edn de Ni\u00f1os Carmela Mart\u00ednez de Roche, la Primaria Joaqu\u00edn Roche Arce y la Telesecundaria Margarita Maza de Ju\u00e1rez, estas \u00faltimas ubicadas en la comisar\u00eda de Las Coloradas.<\/p>\n<p>Durante el evento tambi\u00e9n se reconoci\u00f3 a las instituciones aliadas que han contribuido al fortalecimiento del programa Escuela Sustentable, entre ellas la Comisi\u00f3n Nacional de \u00c1reas Naturales Protegidas (Conanp), representada por el director Iv\u00e1n Isael Gamboa Marfil y la representante Luisa Rosal\u00eda M\u00e9ndez Can; la Misi\u00f3n Cultural Rural No. 19 de la Segey, representada por la directora Rosana Escobedo Parra; la Industria Salinera de Yucat\u00e1n (Isysa), con la participaci\u00f3n del gerente de Ecolog\u00eda Rafael Barrera Fajardo y la jefa de Relaciones Comunitarias \u00c9rika Sansores K\u00fa; as\u00ed como el Ayuntamiento de R\u00edo Lagartos, representado por la alcaldesa Yese\u00f1a Lor\u00eda Marfil y el director de Ecolog\u00eda y Desarrollo Sustentable Jos\u00e9 Raj\u00f3n Hoil.<\/p>\n<p>En representaci\u00f3n de las y los estudiantes de las escuelas reconocidas, la alumna de quinto grado de la Primaria Joaqu\u00edn Roche Arce, Adamaris Cetz Gonz\u00e1lez, indic\u00f3 que, a lo largo del ciclo escolar, su comunidad educativa llev\u00f3 a cabo diversas actividades enfocadas en el desarrollo de pr\u00e1cticas sustentables, las cuales permitieron comprender la importancia del uso eficiente de los recursos naturales y la participaci\u00f3n activa de estudiantes y docentes.<\/p>\n<p>Comparti\u00f3 que el huerto escolar fue una experiencia que les permiti\u00f3 aprender a sembrar y cuidar plantas, fomentar el trabajo en equipo y fortalecer el respeto por la naturaleza.<\/p>\n<p>En su intervenci\u00f3n, la secretaria acad\u00e9mica de la Universidad del Mar de Yucat\u00e1n, Valentina Venegas Espinosa, en representaci\u00f3n del secretario de Educaci\u00f3n, Juan Enrique Balam V\u00e1rguez, se\u00f1al\u00f3 que hablar de educaci\u00f3n ambiental es hablar del cuidado de los manglares, la flora, la fauna y, sobre todo, del futuro de las comunidades yucatecas.<\/p>\n<p>Asimismo, reconoci\u00f3 el compromiso de las escuelas, maestras y maestros participantes, y resalt\u00f3 que los reconocimientos entregados representan un esfuerzo colectivo que env\u00eda un mensaje de esperanza al formar personas conscientes, solidarias y responsables con su entorno.<\/p>\n<p>Finalmente, la titular de la SDS explic\u00f3 que el programa impulsa transformaciones reales en los planteles educativos, desde el manejo de residuos hasta el cuidado de los recursos naturales, y reafirm\u00f3 que este esfuerzo se alinea con la visi\u00f3n del Renacimiento Maya, impulsada por el Gobernador Joaqu\u00edn D\u00edaz Mena, donde la educaci\u00f3n, la justicia social y la sustentabilidad son ejes del nuevo rumbo de Yucat\u00e1n.<\/p>\n","protected":false},"excerpt":{"rendered":"<p>&nbsp; R\u00edo Lagartos, Yucat\u00e1n, a 27 de enero de 2026 La Secretar\u00eda de Desarrollo Sustentable entreg\u00f3 distintivos del programa Escuela Sustentable a cinco planteles por promover pr\u00e1cticas responsables y fortalecer la educaci\u00f3n ambiental. Con motivo del D\u00eda Mundial de la Educaci\u00f3n Ambiental, la Secretar\u00eda de Desarrollo Sustentable (SDS) entreg\u00f3 reconocimientos del programa Escuela Sustentable a [&hellip;]<\/p>\n","protected":false},"author":4,"featured_media":116405,"comment_status":"closed","ping_status":"closed","sticky":false,"template":"","format":"standard","meta":{"footnotes":""},"categories":[3],"tags":[],"class_list":{"0":"post-116404","1":"post","2":"type-post","3":"status-publish","4":"format-standard","5":"has-post-thumbnail","7":"category-yucatan"},"yoast_head":"<!-- This site is optimized with the Yoast SEO plugin v27.4 - https:\/\/yoast.com\/product\/yoast-seo-wordpress\/ -->\n<title>Reconocen a escuelas de R\u00edo Lagartos y Las Coloradas por su compromiso ambiental - Yucat\u00e1n en corto<\/title>\n<meta name=\"robots\" content=\"index, follow, max-snippet:-1, max-image-preview:large, max-video-preview:-1\" \/>\n<link rel=\"canonical\" href=\"https:\/\/www.yucatanencorto.com\/noticias\/reconocen-a-escuelas-de-rio-lagartos-y-las-coloradas-por-su-compromiso-ambiental\/\" \/>\n<meta property=\"og:locale\" content=\"es_ES\" \/>\n<meta property=\"og:type\" content=\"article\" \/>\n<meta property=\"og:title\" content=\"Reconocen a escuelas de R\u00edo Lagartos y Las Coloradas por su compromiso ambiental - Yucat\u00e1n en corto\" \/>\n<meta property=\"og:description\" content=\"&nbsp; R\u00edo Lagartos, Yucat\u00e1n, a 27 de enero de 2026 La Secretar\u00eda de Desarrollo Sustentable entreg\u00f3 distintivos del programa Escuela Sustentable a cinco planteles por promover pr\u00e1cticas responsables y fortalecer la educaci\u00f3n ambiental. Con motivo del D\u00eda Mundial de la Educaci\u00f3n Ambiental, la Secretar\u00eda de Desarrollo Sustentable (SDS) entreg\u00f3 reconocimientos del programa Escuela Sustentable a [&hellip;]\" \/>\n<meta property=\"og:url\" content=\"https:\/\/www.yucatanencorto.com\/noticias\/reconocen-a-escuelas-de-rio-lagartos-y-las-coloradas-por-su-compromiso-ambiental\/\" \/>\n<meta property=\"og:site_name\" content=\"Yucat\u00e1n en corto\" \/>\n<meta property=\"article:publisher\" content=\"http:\/\/www.facebook.com\/yucatanencorto\" \/>\n<meta property=\"article:published_time\" content=\"2026-01-27T21:52:52+00:00\" \/>\n<meta property=\"og:image\" content=\"https:\/\/www.yucatanencorto.com\/noticias\/wp-content\/uploads\/2026\/01\/WhatsApp-Image-2026-01-27-at-13.22.07-scaled.jpeg\" \/>\n\t<meta property=\"og:image:width\" content=\"768\" \/>\n\t<meta property=\"og:image:height\" content=\"512\" \/>\n\t<meta property=\"og:image:type\" content=\"image\/jpeg\" \/>\n<meta name=\"author\" content=\"Yucat\u00e1n en Corto\" \/>\n<meta name=\"twitter:card\" content=\"summary_large_image\" \/>\n<meta name=\"twitter:creator\" content=\"@yucatanencorto\" \/>\n<meta name=\"twitter:site\" content=\"@yucatanencorto\" \/>\n<meta name=\"twitter:label1\" content=\"Escrito por\" \/>\n\t<meta name=\"twitter:data1\" content=\"Yucat\u00e1n en Corto\" \/>\n\t<meta name=\"twitter:label2\" content=\"Tiempo de lectura\" \/>\n\t<meta name=\"twitter:data2\" content=\"4 minutos\" \/>\n<script type=\"application\/ld+json\" class=\"yoast-schema-graph\">{\"@context\":\"https:\\\/\\\/schema.org\",\"@graph\":[{\"@type\":\"Article\",\"@id\":\"https:\\\/\\\/www.yucatanencorto.com\\\/noticias\\\/reconocen-a-escuelas-de-rio-lagartos-y-las-coloradas-por-su-compromiso-ambiental\\\/#article\",\"isPartOf\":{\"@id\":\"https:\\\/\\\/www.yucatanencorto.com\\\/noticias\\\/reconocen-a-escuelas-de-rio-lagartos-y-las-coloradas-por-su-compromiso-ambiental\\\/\"},\"author\":{\"name\":\"Yucat\u00e1n en Corto\",\"@id\":\"https:\\\/\\\/www.yucatanencorto.com\\\/noticias\\\/#\\\/schema\\\/person\\\/f0ec40c33447bbc0dc2d01d3006de771\"},\"headline\":\"Reconocen a escuelas de R\u00edo Lagartos y Las Coloradas por su compromiso ambiental\",\"datePublished\":\"2026-01-27T21:52:52+00:00\",\"mainEntityOfPage\":{\"@id\":\"https:\\\/\\\/www.yucatanencorto.com\\\/noticias\\\/reconocen-a-escuelas-de-rio-lagartos-y-las-coloradas-por-su-compromiso-ambiental\\\/\"},\"wordCount\":710,\"image\":{\"@id\":\"https:\\\/\\\/www.yucatanencorto.com\\\/noticias\\\/reconocen-a-escuelas-de-rio-lagartos-y-las-coloradas-por-su-compromiso-ambiental\\\/#primaryimage\"},\"thumbnailUrl\":\"https:\\\/\\\/www.yucatanencorto.com\\\/noticias\\\/wp-content\\\/uploads\\\/2026\\\/01\\\/WhatsApp-Image-2026-01-27-at-13.22.07-scaled.jpeg\",\"articleSection\":[\"Yucat\u00e1n\"],\"inLanguage\":\"es\"},{\"@type\":\"WebPage\",\"@id\":\"https:\\\/\\\/www.yucatanencorto.com\\\/noticias\\\/reconocen-a-escuelas-de-rio-lagartos-y-las-coloradas-por-su-compromiso-ambiental\\\/\",\"url\":\"https:\\\/\\\/www.yucatanencorto.com\\\/noticias\\\/reconocen-a-escuelas-de-rio-lagartos-y-las-coloradas-por-su-compromiso-ambiental\\\/\",\"name\":\"Reconocen a escuelas de R\u00edo Lagartos y Las Coloradas por su compromiso ambiental - Yucat\u00e1n en corto\",\"isPartOf\":{\"@id\":\"https:\\\/\\\/www.yucatanencorto.com\\\/noticias\\\/#website\"},\"primaryImageOfPage\":{\"@id\":\"https:\\\/\\\/www.yucatanencorto.com\\\/noticias\\\/reconocen-a-escuelas-de-rio-lagartos-y-las-coloradas-por-su-compromiso-ambiental\\\/#primaryimage\"},\"image\":{\"@id\":\"https:\\\/\\\/www.yucatanencorto.com\\\/noticias\\\/reconocen-a-escuelas-de-rio-lagartos-y-las-coloradas-por-su-compromiso-ambiental\\\/#primaryimage\"},\"thumbnailUrl\":\"https:\\\/\\\/www.yucatanencorto.com\\\/noticias\\\/wp-content\\\/uploads\\\/2026\\\/01\\\/WhatsApp-Image-2026-01-27-at-13.22.07-scaled.jpeg\",\"datePublished\":\"2026-01-27T21:52:52+00:00\",\"author\":{\"@id\":\"https:\\\/\\\/www.yucatanencorto.com\\\/noticias\\\/#\\\/schema\\\/person\\\/f0ec40c33447bbc0dc2d01d3006de771\"},\"breadcrumb\":{\"@id\":\"https:\\\/\\\/www.yucatanencorto.com\\\/noticias\\\/reconocen-a-escuelas-de-rio-lagartos-y-las-coloradas-por-su-compromiso-ambiental\\\/#breadcrumb\"},\"inLanguage\":\"es\",\"potentialAction\":[{\"@type\":\"ReadAction\",\"target\":[\"https:\\\/\\\/www.yucatanencorto.com\\\/noticias\\\/reconocen-a-escuelas-de-rio-lagartos-y-las-coloradas-por-su-compromiso-ambiental\\\/\"]}]},{\"@type\":\"ImageObject\",\"inLanguage\":\"es\",\"@id\":\"https:\\\/\\\/www.yucatanencorto.com\\\/noticias\\\/reconocen-a-escuelas-de-rio-lagartos-y-las-coloradas-por-su-compromiso-ambiental\\\/#primaryimage\",\"url\":\"https:\\\/\\\/www.yucatanencorto.com\\\/noticias\\\/wp-content\\\/uploads\\\/2026\\\/01\\\/WhatsApp-Image-2026-01-27-at-13.22.07-scaled.jpeg\",\"contentUrl\":\"https:\\\/\\\/www.yucatanencorto.com\\\/noticias\\\/wp-content\\\/uploads\\\/2026\\\/01\\\/WhatsApp-Image-2026-01-27-at-13.22.07-scaled.jpeg\",\"width\":768,\"height\":512},{\"@type\":\"BreadcrumbList\",\"@id\":\"https:\\\/\\\/www.yucatanencorto.com\\\/noticias\\\/reconocen-a-escuelas-de-rio-lagartos-y-las-coloradas-por-su-compromiso-ambiental\\\/#breadcrumb\",\"itemListElement\":[{\"@type\":\"ListItem\",\"position\":1,\"name\":\"Portada\",\"item\":\"https:\\\/\\\/www.yucatanencorto.com\\\/noticias\\\/\"},{\"@type\":\"ListItem\",\"position\":2,\"name\":\"Reconocen a escuelas de R\u00edo Lagartos y Las Coloradas por su compromiso ambiental\"}]},{\"@type\":\"WebSite\",\"@id\":\"https:\\\/\\\/www.yucatanencorto.com\\\/noticias\\\/#website\",\"url\":\"https:\\\/\\\/www.yucatanencorto.com\\\/noticias\\\/\",\"name\":\"Yucat\u00e1n en corto\",\"description\":\"Noticias\",\"potentialAction\":[{\"@type\":\"SearchAction\",\"target\":{\"@type\":\"EntryPoint\",\"urlTemplate\":\"https:\\\/\\\/www.yucatanencorto.com\\\/noticias\\\/?s={search_term_string}\"},\"query-input\":{\"@type\":\"PropertyValueSpecification\",\"valueRequired\":true,\"valueName\":\"search_term_string\"}}],\"inLanguage\":\"es\"},{\"@type\":\"Person\",\"@id\":\"https:\\\/\\\/www.yucatanencorto.com\\\/noticias\\\/#\\\/schema\\\/person\\\/f0ec40c33447bbc0dc2d01d3006de771\",\"name\":\"Yucat\u00e1n en Corto\",\"image\":{\"@type\":\"ImageObject\",\"inLanguage\":\"es\",\"@id\":\"https:\\\/\\\/secure.gravatar.com\\\/avatar\\\/20e0a6b626f38fa8e545fb3f80ce566efd790bf8877e65c3a482460cc3e0b5d1?s=96&d=mm&r=g\",\"url\":\"https:\\\/\\\/secure.gravatar.com\\\/avatar\\\/20e0a6b626f38fa8e545fb3f80ce566efd790bf8877e65c3a482460cc3e0b5d1?s=96&d=mm&r=g\",\"contentUrl\":\"https:\\\/\\\/secure.gravatar.com\\\/avatar\\\/20e0a6b626f38fa8e545fb3f80ce566efd790bf8877e65c3a482460cc3e0b5d1?s=96&d=mm&r=g\",\"caption\":\"Yucat\u00e1n en Corto\"},\"url\":\"https:\\\/\\\/www.yucatanencorto.com\\\/noticias\\\/author\\\/editor25\\\/\"}]}<\/script>\n<!-- \/ Yoast SEO plugin. -->","yoast_head_json":{"title":"Reconocen a escuelas de R\u00edo Lagartos y Las Coloradas por su compromiso ambiental - Yucat\u00e1n en corto","robots":{"index":"index","follow":"follow","max-snippet":"max-snippet:-1","max-image-preview":"max-image-preview:large","max-video-preview":"max-video-preview:-1"},"canonical":"https:\/\/www.yucatanencorto.com\/noticias\/reconocen-a-escuelas-de-rio-lagartos-y-las-coloradas-por-su-compromiso-ambiental\/","og_locale":"es_ES","og_type":"article","og_title":"Reconocen a escuelas de R\u00edo Lagartos y Las Coloradas por su compromiso ambiental - Yucat\u00e1n en corto","og_description":"&nbsp; R\u00edo Lagartos, Yucat\u00e1n, a 27 de enero de 2026 La Secretar\u00eda de Desarrollo Sustentable entreg\u00f3 distintivos del programa Escuela Sustentable a cinco planteles por promover pr\u00e1cticas responsables y fortalecer la educaci\u00f3n ambiental. Con motivo del D\u00eda Mundial de la Educaci\u00f3n Ambiental, la Secretar\u00eda de Desarrollo Sustentable (SDS) entreg\u00f3 reconocimientos del programa Escuela Sustentable a [&hellip;]","og_url":"https:\/\/www.yucatanencorto.com\/noticias\/reconocen-a-escuelas-de-rio-lagartos-y-las-coloradas-por-su-compromiso-ambiental\/","og_site_name":"Yucat\u00e1n en corto","article_publisher":"http:\/\/www.facebook.com\/yucatanencorto","article_published_time":"2026-01-27T21:52:52+00:00","og_image":[{"width":768,"height":512,"url":"https:\/\/www.yucatanencorto.com\/noticias\/wp-content\/uploads\/2026\/01\/WhatsApp-Image-2026-01-27-at-13.22.07-scaled.jpeg","type":"image\/jpeg"}],"author":"Yucat\u00e1n en Corto","twitter_card":"summary_large_image","twitter_creator":"@yucatanencorto","twitter_site":"@yucatanencorto","twitter_misc":{"Escrito por":"Yucat\u00e1n en Corto","Tiempo de lectura":"4 minutos"},"schema":{"@context":"https:\/\/schema.org","@graph":[{"@type":"Article","@id":"https:\/\/www.yucatanencorto.com\/noticias\/reconocen-a-escuelas-de-rio-lagartos-y-las-coloradas-por-su-compromiso-ambiental\/#article","isPartOf":{"@id":"https:\/\/www.yucatanencorto.com\/noticias\/reconocen-a-escuelas-de-rio-lagartos-y-las-coloradas-por-su-compromiso-ambiental\/"},"author":{"name":"Yucat\u00e1n en Corto","@id":"https:\/\/www.yucatanencorto.com\/noticias\/#\/schema\/person\/f0ec40c33447bbc0dc2d01d3006de771"},"headline":"Reconocen a escuelas de R\u00edo Lagartos y Las Coloradas por su compromiso ambiental","datePublished":"2026-01-27T21:52:52+00:00","mainEntityOfPage":{"@id":"https:\/\/www.yucatanencorto.com\/noticias\/reconocen-a-escuelas-de-rio-lagartos-y-las-coloradas-por-su-compromiso-ambiental\/"},"wordCount":710,"image":{"@id":"https:\/\/www.yucatanencorto.com\/noticias\/reconocen-a-escuelas-de-rio-lagartos-y-las-coloradas-por-su-compromiso-ambiental\/#primaryimage"},"thumbnailUrl":"https:\/\/www.yucatanencorto.com\/noticias\/wp-content\/uploads\/2026\/01\/WhatsApp-Image-2026-01-27-at-13.22.07-scaled.jpeg","articleSection":["Yucat\u00e1n"],"inLanguage":"es"},{"@type":"WebPage","@id":"https:\/\/www.yucatanencorto.com\/noticias\/reconocen-a-escuelas-de-rio-lagartos-y-las-coloradas-por-su-compromiso-ambiental\/","url":"https:\/\/www.yucatanencorto.com\/noticias\/reconocen-a-escuelas-de-rio-lagartos-y-las-coloradas-por-su-compromiso-ambiental\/","name":"Reconocen a escuelas de R\u00edo Lagartos y Las Coloradas por su compromiso ambiental - Yucat\u00e1n en corto","isPartOf":{"@id":"https:\/\/www.yucatanencorto.com\/noticias\/#website"},"primaryImageOfPage":{"@id":"https:\/\/www.yucatanencorto.com\/noticias\/reconocen-a-escuelas-de-rio-lagartos-y-las-coloradas-por-su-compromiso-ambiental\/#primaryimage"},"image":{"@id":"https:\/\/www.yucatanencorto.com\/noticias\/reconocen-a-escuelas-de-rio-lagartos-y-las-coloradas-por-su-compromiso-ambiental\/#primaryimage"},"thumbnailUrl":"https:\/\/www.yucatanencorto.com\/noticias\/wp-content\/uploads\/2026\/01\/WhatsApp-Image-2026-01-27-at-13.22.07-scaled.jpeg","datePublished":"2026-01-27T21:52:52+00:00","author":{"@id":"https:\/\/www.yucatanencorto.com\/noticias\/#\/schema\/person\/f0ec40c33447bbc0dc2d01d3006de771"},"breadcrumb":{"@id":"https:\/\/www.yucatanencorto.com\/noticias\/reconocen-a-escuelas-de-rio-lagartos-y-las-coloradas-por-su-compromiso-ambiental\/#breadcrumb"},"inLanguage":"es","potentialAction":[{"@type":"ReadAction","target":["https:\/\/www.yucatanencorto.com\/noticias\/reconocen-a-escuelas-de-rio-lagartos-y-las-coloradas-por-su-compromiso-ambiental\/"]}]},{"@type":"ImageObject","inLanguage":"es","@id":"https:\/\/www.yucatanencorto.com\/noticias\/reconocen-a-escuelas-de-rio-lagartos-y-las-coloradas-por-su-compromiso-ambiental\/#primaryimage","url":"https:\/\/www.yucatanencorto.com\/noticias\/wp-content\/uploads\/2026\/01\/WhatsApp-Image-2026-01-27-at-13.22.07-scaled.jpeg","contentUrl":"https:\/\/www.yucatanencorto.com\/noticias\/wp-content\/uploads\/2026\/01\/WhatsApp-Image-2026-01-27-at-13.22.07-scaled.jpeg","width":768,"height":512},{"@type":"BreadcrumbList","@id":"https:\/\/www.yucatanencorto.com\/noticias\/reconocen-a-escuelas-de-rio-lagartos-y-las-coloradas-por-su-compromiso-ambiental\/#breadcrumb","itemListElement":[{"@type":"ListItem","position":1,"name":"Portada","item":"https:\/\/www.yucatanencorto.com\/noticias\/"},{"@type":"ListItem","position":2,"name":"Reconocen a escuelas de R\u00edo Lagartos y Las Coloradas por su compromiso ambiental"}]},{"@type":"WebSite","@id":"https:\/\/www.yucatanencorto.com\/noticias\/#website","url":"https:\/\/www.yucatanencorto.com\/noticias\/","name":"Yucat\u00e1n en corto","description":"Noticias","potentialAction":[{"@type":"SearchAction","target":{"@type":"EntryPoint","urlTemplate":"https:\/\/www.yucatanencorto.com\/noticias\/?s={search_term_string}"},"query-input":{"@type":"PropertyValueSpecification","valueRequired":true,"valueName":"search_term_string"}}],"inLanguage":"es"},{"@type":"Person","@id":"https:\/\/www.yucatanencorto.com\/noticias\/#\/schema\/person\/f0ec40c33447bbc0dc2d01d3006de771","name":"Yucat\u00e1n en Corto","image":{"@type":"ImageObject","inLanguage":"es","@id":"https:\/\/secure.gravatar.com\/avatar\/20e0a6b626f38fa8e545fb3f80ce566efd790bf8877e65c3a482460cc3e0b5d1?s=96&d=mm&r=g","url":"https:\/\/secure.gravatar.com\/avatar\/20e0a6b626f38fa8e545fb3f80ce566efd790bf8877e65c3a482460cc3e0b5d1?s=96&d=mm&r=g","contentUrl":"https:\/\/secure.gravatar.com\/avatar\/20e0a6b626f38fa8e545fb3f80ce566efd790bf8877e65c3a482460cc3e0b5d1?s=96&d=mm&r=g","caption":"Yucat\u00e1n en Corto"},"url":"https:\/\/www.yucatanencorto.com\/noticias\/author\/editor25\/"}]}},"_links":{"self":[{"href":"https:\/\/www.yucatanencorto.com\/noticias\/wp-json\/wp\/v2\/posts\/116404","targetHints":{"allow":["GET"]}}],"collection":[{"href":"https:\/\/www.yucatanencorto.com\/noticias\/wp-json\/wp\/v2\/posts"}],"about":[{"href":"https:\/\/www.yucatanencorto.com\/noticias\/wp-json\/wp\/v2\/types\/post"}],"author":[{"embeddable":true,"href":"https:\/\/www.yucatanencorto.com\/noticias\/wp-json\/wp\/v2\/users\/4"}],"replies":[{"embeddable":true,"href":"https:\/\/www.yucatanencorto.com\/noticias\/wp-json\/wp\/v2\/comments?post=116404"}],"version-history":[{"count":1,"href":"https:\/\/www.yucatanencorto.com\/noticias\/wp-json\/wp\/v2\/posts\/116404\/revisions"}],"predecessor-version":[{"id":116406,"href":"https:\/\/www.yucatanencorto.com\/noticias\/wp-json\/wp\/v2\/posts\/116404\/revisions\/116406"}],"wp:featuredmedia":[{"embeddable":true,"href":"https:\/\/www.yucatanencorto.com\/noticias\/wp-json\/wp\/v2\/media\/116405"}],"wp:attachment":[{"href":"https:\/\/www.yucatanencorto.com\/noticias\/wp-json\/wp\/v2\/media?parent=116404"}],"wp:term":[{"taxonomy":"category","embeddable":true,"href":"https:\/\/www.yucatanencorto.com\/noticias\/wp-json\/wp\/v2\/categories?post=116404"},{"taxonomy":"post_tag","embeddable":true,"href":"https:\/\/www.yucatanencorto.com\/noticias\/wp-json\/wp\/v2\/tags?post=116404"}],"curies":[{"name":"wp","href":"https:\/\/api.w.org\/{rel}","templated":true}]}}