{"id":116422,"date":"2026-01-28T15:09:17","date_gmt":"2026-01-28T21:09:17","guid":{"rendered":"https:\/\/www.yucatanencorto.com\/noticias\/?p=116422"},"modified":"2026-01-28T15:09:17","modified_gmt":"2026-01-28T21:09:17","slug":"iran-lanza-dura-advertencia-a-trump-responderemos-como-nunca-antes","status":"publish","type":"post","link":"https:\/\/www.yucatanencorto.com\/noticias\/iran-lanza-dura-advertencia-a-trump-responderemos-como-nunca-antes\/","title":{"rendered":"Ir\u00e1n lanza dura advertencia a Trump: \u201cResponderemos como nunca antes\u201d"},"content":{"rendered":"<p data-t=\"{&quot;n&quot;:&quot;blueLinks&quot;,&quot;t&quot;:13,&quot;a&quot;:&quot;click&quot;,&quot;b&quot;:76}\"><img loading=\"lazy\" decoding=\"async\" class=\"alignnone size-full wp-image-116423\" src=\"https:\/\/www.yucatanencorto.com\/noticias\/wp-content\/uploads\/2026\/01\/a962d332d3bafc64b8dcb17430581bada83502ae7dc7d88bbaabf02d81b3ecd1-scaled.webp\" alt=\"\" width=\"768\" height=\"403\" srcset=\"https:\/\/www.yucatanencorto.com\/noticias\/wp-content\/uploads\/2026\/01\/a962d332d3bafc64b8dcb17430581bada83502ae7dc7d88bbaabf02d81b3ecd1-scaled.webp 768w, https:\/\/www.yucatanencorto.com\/noticias\/wp-content\/uploads\/2026\/01\/a962d332d3bafc64b8dcb17430581bada83502ae7dc7d88bbaabf02d81b3ecd1-150x79.webp 150w, https:\/\/www.yucatanencorto.com\/noticias\/wp-content\/uploads\/2026\/01\/a962d332d3bafc64b8dcb17430581bada83502ae7dc7d88bbaabf02d81b3ecd1-300x158.webp 300w, https:\/\/www.yucatanencorto.com\/noticias\/wp-content\/uploads\/2026\/01\/a962d332d3bafc64b8dcb17430581bada83502ae7dc7d88bbaabf02d81b3ecd1-696x365.webp 696w, https:\/\/www.yucatanencorto.com\/noticias\/wp-content\/uploads\/2026\/01\/a962d332d3bafc64b8dcb17430581bada83502ae7dc7d88bbaabf02d81b3ecd1-1068x561.webp 1068w\" sizes=\"auto, (max-width: 768px) 100vw, 768px\" \/><\/p>\n<p data-t=\"{&quot;n&quot;:&quot;blueLinks&quot;,&quot;t&quot;:13,&quot;a&quot;:&quot;click&quot;,&quot;b&quot;:76}\">La\u00a0tensi\u00f3n entre Estados Unidos e Ir\u00e1n\u00a0volvi\u00f3 a escalar luego de que el presidente\u00a0Donald Trump\u00a0lanzara una advertencia directa al gobierno iran\u00ed, asegurando que una \u201carmada masiva\u201d se dirige hacia Medio Oriente y que el tiempo para alcanzar un acuerdo nuclear \u201cse est\u00e1 agotando\u201d.<\/p>\n<p data-t=\"{&quot;n&quot;:&quot;blueLinks&quot;,&quot;t&quot;:13,&quot;a&quot;:&quot;click&quot;,&quot;b&quot;:76}\">Ante estas declaraciones, la\u00a0Misi\u00f3n de Ir\u00e1n ante la Organizaci\u00f3n de las Naciones Unidas (ONU)\u00a0respondi\u00f3 con un mensaje contundente desde su cuenta oficial en redes sociales, en el que record\u00f3 las consecuencias de anteriores intervenciones militares estadounidenses y lanz\u00f3 una severa advertencia.<\/p>\n<h2 class=\"article-sub-heading\">Ir\u00e1n recuerda el costo de las guerras de EE.UU.<\/h2>\n<p data-t=\"{&quot;n&quot;:&quot;blueLinks&quot;,&quot;t&quot;:13,&quot;a&quot;:&quot;click&quot;,&quot;b&quot;:76}\">En su posicionamiento, la representaci\u00f3n iran\u00ed hizo referencia directa a los\u00a0conflictos en Afganist\u00e1n e Irak, se\u00f1alando el alto costo humano y econ\u00f3mico que dejaron para Estados Unidos.<\/p>\n<p data-t=\"{&quot;n&quot;:&quot;blueLinks&quot;,&quot;t&quot;:13,&quot;a&quot;:&quot;click&quot;,&quot;b&quot;:76}\">\u201cLa \u00faltima vez que Estados Unidos cometi\u00f3 el error de entrar en guerras en Afganist\u00e1n e Irak, desperdici\u00f3 m\u00e1s de 7 billones de d\u00f3lares y perdi\u00f3 a m\u00e1s de 7 mil soldados estadounidenses\u201d, public\u00f3 la misi\u00f3n iran\u00ed.<\/p>\n<h2 class=\"article-sub-heading\">\u201cResponderemos como nunca antes\u201d<\/h2>\n<p class=\"continue-read-break\" data-t=\"{&quot;n&quot;:&quot;blueLinks&quot;,&quot;t&quot;:13,&quot;a&quot;:&quot;click&quot;,&quot;b&quot;:76}\">Aunque Ir\u00e1n reiter\u00f3 que mantiene disposici\u00f3n al di\u00e1logo, dej\u00f3 claro que cualquier ataque tendr\u00eda consecuencias severas.<\/p>\n<p data-t=\"{&quot;n&quot;:&quot;blueLinks&quot;,&quot;t&quot;:13,&quot;a&quot;:&quot;click&quot;,&quot;b&quot;:76}\">\u201cIr\u00e1n est\u00e1 listo para el di\u00e1logo basado en el respeto mutuo y los intereses compartidos \u2014pero si se nos presiona, se defender\u00e1 y responder\u00e1 como nunca antes\u201d, advirti\u00f3 el comunicado.<\/p>\n<div class=\"twitter-slot\">\n<div class=\"article-social-slot\">\n<div class=\"twitter-tweet twitter-tweet-rendered\"><\/div>\n<\/div>\n<\/div>\n<p data-t=\"{&quot;n&quot;:&quot;blueLinks&quot;,&quot;t&quot;:13,&quot;a&quot;:&quot;click&quot;,&quot;b&quot;:76}\">La respuesta se dio horas despu\u00e9s de que Trump afirmara que Teher\u00e1n debe \u201cllegar a la mesa\u201d para negociar un acuerdo que impida el desarrollo de armas nucleares, advirtiendo que un nuevo ataque ser\u00eda \u201cmucho peor\u201d que operaciones militares pasadas.<\/p>\n","protected":false},"excerpt":{"rendered":"<p>La\u00a0tensi\u00f3n entre Estados Unidos e Ir\u00e1n\u00a0volvi\u00f3 a escalar luego de que el presidente\u00a0Donald Trump\u00a0lanzara una advertencia directa al gobierno iran\u00ed, asegurando que una \u201carmada masiva\u201d se dirige hacia Medio Oriente y que el tiempo para alcanzar un acuerdo nuclear \u201cse est\u00e1 agotando\u201d. Ante estas declaraciones, la\u00a0Misi\u00f3n de Ir\u00e1n ante la Organizaci\u00f3n de las Naciones Unidas [&hellip;]<\/p>\n","protected":false},"author":4,"featured_media":116423,"comment_status":"closed","ping_status":"closed","sticky":false,"template":"","format":"standard","meta":{"footnotes":""},"categories":[5],"tags":[],"class_list":{"0":"post-116422","1":"post","2":"type-post","3":"status-publish","4":"format-standard","5":"has-post-thumbnail","7":"category-internacional"},"yoast_head":"<!-- This site is optimized with the Yoast SEO plugin v27.4 - https:\/\/yoast.com\/product\/yoast-seo-wordpress\/ -->\n<title>Ir\u00e1n lanza dura advertencia a Trump: \u201cResponderemos como nunca antes\u201d - Yucat\u00e1n en corto<\/title>\n<meta name=\"robots\" content=\"index, follow, max-snippet:-1, max-image-preview:large, max-video-preview:-1\" \/>\n<link rel=\"canonical\" href=\"https:\/\/www.yucatanencorto.com\/noticias\/iran-lanza-dura-advertencia-a-trump-responderemos-como-nunca-antes\/\" \/>\n<meta property=\"og:locale\" content=\"es_ES\" \/>\n<meta property=\"og:type\" content=\"article\" \/>\n<meta property=\"og:title\" content=\"Ir\u00e1n lanza dura advertencia a Trump: \u201cResponderemos como nunca antes\u201d - Yucat\u00e1n en corto\" \/>\n<meta property=\"og:description\" content=\"La\u00a0tensi\u00f3n entre Estados Unidos e Ir\u00e1n\u00a0volvi\u00f3 a escalar luego de que el presidente\u00a0Donald Trump\u00a0lanzara una advertencia directa al gobierno iran\u00ed, asegurando que una \u201carmada masiva\u201d se dirige hacia Medio Oriente y que el tiempo para alcanzar un acuerdo nuclear \u201cse est\u00e1 agotando\u201d. Ante estas declaraciones, la\u00a0Misi\u00f3n de Ir\u00e1n ante la Organizaci\u00f3n de las Naciones Unidas [&hellip;]\" \/>\n<meta property=\"og:url\" content=\"https:\/\/www.yucatanencorto.com\/noticias\/iran-lanza-dura-advertencia-a-trump-responderemos-como-nunca-antes\/\" \/>\n<meta property=\"og:site_name\" content=\"Yucat\u00e1n en corto\" \/>\n<meta property=\"article:publisher\" content=\"http:\/\/www.facebook.com\/yucatanencorto\" \/>\n<meta property=\"article:published_time\" content=\"2026-01-28T21:09:17+00:00\" \/>\n<meta property=\"og:image\" content=\"https:\/\/www.yucatanencorto.com\/noticias\/wp-content\/uploads\/2026\/01\/a962d332d3bafc64b8dcb17430581bada83502ae7dc7d88bbaabf02d81b3ecd1-scaled.webp\" \/>\n\t<meta property=\"og:image:width\" content=\"768\" \/>\n\t<meta property=\"og:image:height\" content=\"403\" \/>\n\t<meta property=\"og:image:type\" content=\"image\/webp\" \/>\n<meta name=\"author\" content=\"Yucat\u00e1n en Corto\" \/>\n<meta name=\"twitter:card\" content=\"summary_large_image\" \/>\n<meta name=\"twitter:creator\" content=\"@yucatanencorto\" \/>\n<meta name=\"twitter:site\" content=\"@yucatanencorto\" \/>\n<meta name=\"twitter:label1\" content=\"Escrito por\" \/>\n\t<meta name=\"twitter:data1\" content=\"Yucat\u00e1n en Corto\" \/>\n\t<meta name=\"twitter:label2\" content=\"Tiempo de lectura\" \/>\n\t<meta name=\"twitter:data2\" content=\"2 minutos\" \/>\n<script type=\"application\/ld+json\" class=\"yoast-schema-graph\">{\"@context\":\"https:\\\/\\\/schema.org\",\"@graph\":[{\"@type\":\"Article\",\"@id\":\"https:\\\/\\\/www.yucatanencorto.com\\\/noticias\\\/iran-lanza-dura-advertencia-a-trump-responderemos-como-nunca-antes\\\/#article\",\"isPartOf\":{\"@id\":\"https:\\\/\\\/www.yucatanencorto.com\\\/noticias\\\/iran-lanza-dura-advertencia-a-trump-responderemos-como-nunca-antes\\\/\"},\"author\":{\"name\":\"Yucat\u00e1n en Corto\",\"@id\":\"https:\\\/\\\/www.yucatanencorto.com\\\/noticias\\\/#\\\/schema\\\/person\\\/f0ec40c33447bbc0dc2d01d3006de771\"},\"headline\":\"Ir\u00e1n lanza dura advertencia a Trump: \u201cResponderemos como nunca antes\u201d\",\"datePublished\":\"2026-01-28T21:09:17+00:00\",\"mainEntityOfPage\":{\"@id\":\"https:\\\/\\\/www.yucatanencorto.com\\\/noticias\\\/iran-lanza-dura-advertencia-a-trump-responderemos-como-nunca-antes\\\/\"},\"wordCount\":287,\"image\":{\"@id\":\"https:\\\/\\\/www.yucatanencorto.com\\\/noticias\\\/iran-lanza-dura-advertencia-a-trump-responderemos-como-nunca-antes\\\/#primaryimage\"},\"thumbnailUrl\":\"https:\\\/\\\/www.yucatanencorto.com\\\/noticias\\\/wp-content\\\/uploads\\\/2026\\\/01\\\/a962d332d3bafc64b8dcb17430581bada83502ae7dc7d88bbaabf02d81b3ecd1-scaled.webp\",\"articleSection\":[\"Internacional\"],\"inLanguage\":\"es\"},{\"@type\":\"WebPage\",\"@id\":\"https:\\\/\\\/www.yucatanencorto.com\\\/noticias\\\/iran-lanza-dura-advertencia-a-trump-responderemos-como-nunca-antes\\\/\",\"url\":\"https:\\\/\\\/www.yucatanencorto.com\\\/noticias\\\/iran-lanza-dura-advertencia-a-trump-responderemos-como-nunca-antes\\\/\",\"name\":\"Ir\u00e1n lanza dura advertencia a Trump: \u201cResponderemos como nunca antes\u201d - Yucat\u00e1n en corto\",\"isPartOf\":{\"@id\":\"https:\\\/\\\/www.yucatanencorto.com\\\/noticias\\\/#website\"},\"primaryImageOfPage\":{\"@id\":\"https:\\\/\\\/www.yucatanencorto.com\\\/noticias\\\/iran-lanza-dura-advertencia-a-trump-responderemos-como-nunca-antes\\\/#primaryimage\"},\"image\":{\"@id\":\"https:\\\/\\\/www.yucatanencorto.com\\\/noticias\\\/iran-lanza-dura-advertencia-a-trump-responderemos-como-nunca-antes\\\/#primaryimage\"},\"thumbnailUrl\":\"https:\\\/\\\/www.yucatanencorto.com\\\/noticias\\\/wp-content\\\/uploads\\\/2026\\\/01\\\/a962d332d3bafc64b8dcb17430581bada83502ae7dc7d88bbaabf02d81b3ecd1-scaled.webp\",\"datePublished\":\"2026-01-28T21:09:17+00:00\",\"author\":{\"@id\":\"https:\\\/\\\/www.yucatanencorto.com\\\/noticias\\\/#\\\/schema\\\/person\\\/f0ec40c33447bbc0dc2d01d3006de771\"},\"breadcrumb\":{\"@id\":\"https:\\\/\\\/www.yucatanencorto.com\\\/noticias\\\/iran-lanza-dura-advertencia-a-trump-responderemos-como-nunca-antes\\\/#breadcrumb\"},\"inLanguage\":\"es\",\"potentialAction\":[{\"@type\":\"ReadAction\",\"target\":[\"https:\\\/\\\/www.yucatanencorto.com\\\/noticias\\\/iran-lanza-dura-advertencia-a-trump-responderemos-como-nunca-antes\\\/\"]}]},{\"@type\":\"ImageObject\",\"inLanguage\":\"es\",\"@id\":\"https:\\\/\\\/www.yucatanencorto.com\\\/noticias\\\/iran-lanza-dura-advertencia-a-trump-responderemos-como-nunca-antes\\\/#primaryimage\",\"url\":\"https:\\\/\\\/www.yucatanencorto.com\\\/noticias\\\/wp-content\\\/uploads\\\/2026\\\/01\\\/a962d332d3bafc64b8dcb17430581bada83502ae7dc7d88bbaabf02d81b3ecd1-scaled.webp\",\"contentUrl\":\"https:\\\/\\\/www.yucatanencorto.com\\\/noticias\\\/wp-content\\\/uploads\\\/2026\\\/01\\\/a962d332d3bafc64b8dcb17430581bada83502ae7dc7d88bbaabf02d81b3ecd1-scaled.webp\",\"width\":768,\"height\":403},{\"@type\":\"BreadcrumbList\",\"@id\":\"https:\\\/\\\/www.yucatanencorto.com\\\/noticias\\\/iran-lanza-dura-advertencia-a-trump-responderemos-como-nunca-antes\\\/#breadcrumb\",\"itemListElement\":[{\"@type\":\"ListItem\",\"position\":1,\"name\":\"Portada\",\"item\":\"https:\\\/\\\/www.yucatanencorto.com\\\/noticias\\\/\"},{\"@type\":\"ListItem\",\"position\":2,\"name\":\"Ir\u00e1n lanza dura advertencia a Trump: \u201cResponderemos como nunca antes\u201d\"}]},{\"@type\":\"WebSite\",\"@id\":\"https:\\\/\\\/www.yucatanencorto.com\\\/noticias\\\/#website\",\"url\":\"https:\\\/\\\/www.yucatanencorto.com\\\/noticias\\\/\",\"name\":\"Yucat\u00e1n en corto\",\"description\":\"Noticias\",\"potentialAction\":[{\"@type\":\"SearchAction\",\"target\":{\"@type\":\"EntryPoint\",\"urlTemplate\":\"https:\\\/\\\/www.yucatanencorto.com\\\/noticias\\\/?s={search_term_string}\"},\"query-input\":{\"@type\":\"PropertyValueSpecification\",\"valueRequired\":true,\"valueName\":\"search_term_string\"}}],\"inLanguage\":\"es\"},{\"@type\":\"Person\",\"@id\":\"https:\\\/\\\/www.yucatanencorto.com\\\/noticias\\\/#\\\/schema\\\/person\\\/f0ec40c33447bbc0dc2d01d3006de771\",\"name\":\"Yucat\u00e1n en Corto\",\"image\":{\"@type\":\"ImageObject\",\"inLanguage\":\"es\",\"@id\":\"https:\\\/\\\/secure.gravatar.com\\\/avatar\\\/20e0a6b626f38fa8e545fb3f80ce566efd790bf8877e65c3a482460cc3e0b5d1?s=96&d=mm&r=g\",\"url\":\"https:\\\/\\\/secure.gravatar.com\\\/avatar\\\/20e0a6b626f38fa8e545fb3f80ce566efd790bf8877e65c3a482460cc3e0b5d1?s=96&d=mm&r=g\",\"contentUrl\":\"https:\\\/\\\/secure.gravatar.com\\\/avatar\\\/20e0a6b626f38fa8e545fb3f80ce566efd790bf8877e65c3a482460cc3e0b5d1?s=96&d=mm&r=g\",\"caption\":\"Yucat\u00e1n en Corto\"},\"url\":\"https:\\\/\\\/www.yucatanencorto.com\\\/noticias\\\/author\\\/editor25\\\/\"}]}<\/script>\n<!-- \/ Yoast SEO plugin. -->","yoast_head_json":{"title":"Ir\u00e1n lanza dura advertencia a Trump: \u201cResponderemos como nunca antes\u201d - Yucat\u00e1n en corto","robots":{"index":"index","follow":"follow","max-snippet":"max-snippet:-1","max-image-preview":"max-image-preview:large","max-video-preview":"max-video-preview:-1"},"canonical":"https:\/\/www.yucatanencorto.com\/noticias\/iran-lanza-dura-advertencia-a-trump-responderemos-como-nunca-antes\/","og_locale":"es_ES","og_type":"article","og_title":"Ir\u00e1n lanza dura advertencia a Trump: \u201cResponderemos como nunca antes\u201d - Yucat\u00e1n en corto","og_description":"La\u00a0tensi\u00f3n entre Estados Unidos e Ir\u00e1n\u00a0volvi\u00f3 a escalar luego de que el presidente\u00a0Donald Trump\u00a0lanzara una advertencia directa al gobierno iran\u00ed, asegurando que una \u201carmada masiva\u201d se dirige hacia Medio Oriente y que el tiempo para alcanzar un acuerdo nuclear \u201cse est\u00e1 agotando\u201d. Ante estas declaraciones, la\u00a0Misi\u00f3n de Ir\u00e1n ante la Organizaci\u00f3n de las Naciones Unidas [&hellip;]","og_url":"https:\/\/www.yucatanencorto.com\/noticias\/iran-lanza-dura-advertencia-a-trump-responderemos-como-nunca-antes\/","og_site_name":"Yucat\u00e1n en corto","article_publisher":"http:\/\/www.facebook.com\/yucatanencorto","article_published_time":"2026-01-28T21:09:17+00:00","og_image":[{"width":768,"height":403,"url":"https:\/\/www.yucatanencorto.com\/noticias\/wp-content\/uploads\/2026\/01\/a962d332d3bafc64b8dcb17430581bada83502ae7dc7d88bbaabf02d81b3ecd1-scaled.webp","type":"image\/webp"}],"author":"Yucat\u00e1n en Corto","twitter_card":"summary_large_image","twitter_creator":"@yucatanencorto","twitter_site":"@yucatanencorto","twitter_misc":{"Escrito por":"Yucat\u00e1n en Corto","Tiempo de lectura":"2 minutos"},"schema":{"@context":"https:\/\/schema.org","@graph":[{"@type":"Article","@id":"https:\/\/www.yucatanencorto.com\/noticias\/iran-lanza-dura-advertencia-a-trump-responderemos-como-nunca-antes\/#article","isPartOf":{"@id":"https:\/\/www.yucatanencorto.com\/noticias\/iran-lanza-dura-advertencia-a-trump-responderemos-como-nunca-antes\/"},"author":{"name":"Yucat\u00e1n en Corto","@id":"https:\/\/www.yucatanencorto.com\/noticias\/#\/schema\/person\/f0ec40c33447bbc0dc2d01d3006de771"},"headline":"Ir\u00e1n lanza dura advertencia a Trump: \u201cResponderemos como nunca antes\u201d","datePublished":"2026-01-28T21:09:17+00:00","mainEntityOfPage":{"@id":"https:\/\/www.yucatanencorto.com\/noticias\/iran-lanza-dura-advertencia-a-trump-responderemos-como-nunca-antes\/"},"wordCount":287,"image":{"@id":"https:\/\/www.yucatanencorto.com\/noticias\/iran-lanza-dura-advertencia-a-trump-responderemos-como-nunca-antes\/#primaryimage"},"thumbnailUrl":"https:\/\/www.yucatanencorto.com\/noticias\/wp-content\/uploads\/2026\/01\/a962d332d3bafc64b8dcb17430581bada83502ae7dc7d88bbaabf02d81b3ecd1-scaled.webp","articleSection":["Internacional"],"inLanguage":"es"},{"@type":"WebPage","@id":"https:\/\/www.yucatanencorto.com\/noticias\/iran-lanza-dura-advertencia-a-trump-responderemos-como-nunca-antes\/","url":"https:\/\/www.yucatanencorto.com\/noticias\/iran-lanza-dura-advertencia-a-trump-responderemos-como-nunca-antes\/","name":"Ir\u00e1n lanza dura advertencia a Trump: \u201cResponderemos como nunca antes\u201d - Yucat\u00e1n en corto","isPartOf":{"@id":"https:\/\/www.yucatanencorto.com\/noticias\/#website"},"primaryImageOfPage":{"@id":"https:\/\/www.yucatanencorto.com\/noticias\/iran-lanza-dura-advertencia-a-trump-responderemos-como-nunca-antes\/#primaryimage"},"image":{"@id":"https:\/\/www.yucatanencorto.com\/noticias\/iran-lanza-dura-advertencia-a-trump-responderemos-como-nunca-antes\/#primaryimage"},"thumbnailUrl":"https:\/\/www.yucatanencorto.com\/noticias\/wp-content\/uploads\/2026\/01\/a962d332d3bafc64b8dcb17430581bada83502ae7dc7d88bbaabf02d81b3ecd1-scaled.webp","datePublished":"2026-01-28T21:09:17+00:00","author":{"@id":"https:\/\/www.yucatanencorto.com\/noticias\/#\/schema\/person\/f0ec40c33447bbc0dc2d01d3006de771"},"breadcrumb":{"@id":"https:\/\/www.yucatanencorto.com\/noticias\/iran-lanza-dura-advertencia-a-trump-responderemos-como-nunca-antes\/#breadcrumb"},"inLanguage":"es","potentialAction":[{"@type":"ReadAction","target":["https:\/\/www.yucatanencorto.com\/noticias\/iran-lanza-dura-advertencia-a-trump-responderemos-como-nunca-antes\/"]}]},{"@type":"ImageObject","inLanguage":"es","@id":"https:\/\/www.yucatanencorto.com\/noticias\/iran-lanza-dura-advertencia-a-trump-responderemos-como-nunca-antes\/#primaryimage","url":"https:\/\/www.yucatanencorto.com\/noticias\/wp-content\/uploads\/2026\/01\/a962d332d3bafc64b8dcb17430581bada83502ae7dc7d88bbaabf02d81b3ecd1-scaled.webp","contentUrl":"https:\/\/www.yucatanencorto.com\/noticias\/wp-content\/uploads\/2026\/01\/a962d332d3bafc64b8dcb17430581bada83502ae7dc7d88bbaabf02d81b3ecd1-scaled.webp","width":768,"height":403},{"@type":"BreadcrumbList","@id":"https:\/\/www.yucatanencorto.com\/noticias\/iran-lanza-dura-advertencia-a-trump-responderemos-como-nunca-antes\/#breadcrumb","itemListElement":[{"@type":"ListItem","position":1,"name":"Portada","item":"https:\/\/www.yucatanencorto.com\/noticias\/"},{"@type":"ListItem","position":2,"name":"Ir\u00e1n lanza dura advertencia a Trump: \u201cResponderemos como nunca antes\u201d"}]},{"@type":"WebSite","@id":"https:\/\/www.yucatanencorto.com\/noticias\/#website","url":"https:\/\/www.yucatanencorto.com\/noticias\/","name":"Yucat\u00e1n en corto","description":"Noticias","potentialAction":[{"@type":"SearchAction","target":{"@type":"EntryPoint","urlTemplate":"https:\/\/www.yucatanencorto.com\/noticias\/?s={search_term_string}"},"query-input":{"@type":"PropertyValueSpecification","valueRequired":true,"valueName":"search_term_string"}}],"inLanguage":"es"},{"@type":"Person","@id":"https:\/\/www.yucatanencorto.com\/noticias\/#\/schema\/person\/f0ec40c33447bbc0dc2d01d3006de771","name":"Yucat\u00e1n en Corto","image":{"@type":"ImageObject","inLanguage":"es","@id":"https:\/\/secure.gravatar.com\/avatar\/20e0a6b626f38fa8e545fb3f80ce566efd790bf8877e65c3a482460cc3e0b5d1?s=96&d=mm&r=g","url":"https:\/\/secure.gravatar.com\/avatar\/20e0a6b626f38fa8e545fb3f80ce566efd790bf8877e65c3a482460cc3e0b5d1?s=96&d=mm&r=g","contentUrl":"https:\/\/secure.gravatar.com\/avatar\/20e0a6b626f38fa8e545fb3f80ce566efd790bf8877e65c3a482460cc3e0b5d1?s=96&d=mm&r=g","caption":"Yucat\u00e1n en Corto"},"url":"https:\/\/www.yucatanencorto.com\/noticias\/author\/editor25\/"}]}},"_links":{"self":[{"href":"https:\/\/www.yucatanencorto.com\/noticias\/wp-json\/wp\/v2\/posts\/116422","targetHints":{"allow":["GET"]}}],"collection":[{"href":"https:\/\/www.yucatanencorto.com\/noticias\/wp-json\/wp\/v2\/posts"}],"about":[{"href":"https:\/\/www.yucatanencorto.com\/noticias\/wp-json\/wp\/v2\/types\/post"}],"author":[{"embeddable":true,"href":"https:\/\/www.yucatanencorto.com\/noticias\/wp-json\/wp\/v2\/users\/4"}],"replies":[{"embeddable":true,"href":"https:\/\/www.yucatanencorto.com\/noticias\/wp-json\/wp\/v2\/comments?post=116422"}],"version-history":[{"count":1,"href":"https:\/\/www.yucatanencorto.com\/noticias\/wp-json\/wp\/v2\/posts\/116422\/revisions"}],"predecessor-version":[{"id":116424,"href":"https:\/\/www.yucatanencorto.com\/noticias\/wp-json\/wp\/v2\/posts\/116422\/revisions\/116424"}],"wp:featuredmedia":[{"embeddable":true,"href":"https:\/\/www.yucatanencorto.com\/noticias\/wp-json\/wp\/v2\/media\/116423"}],"wp:attachment":[{"href":"https:\/\/www.yucatanencorto.com\/noticias\/wp-json\/wp\/v2\/media?parent=116422"}],"wp:term":[{"taxonomy":"category","embeddable":true,"href":"https:\/\/www.yucatanencorto.com\/noticias\/wp-json\/wp\/v2\/categories?post=116422"},{"taxonomy":"post_tag","embeddable":true,"href":"https:\/\/www.yucatanencorto.com\/noticias\/wp-json\/wp\/v2\/tags?post=116422"}],"curies":[{"name":"wp","href":"https:\/\/api.w.org\/{rel}","templated":true}]}}