{"id":116428,"date":"2026-01-28T15:37:22","date_gmt":"2026-01-28T21:37:22","guid":{"rendered":"https:\/\/www.yucatanencorto.com\/noticias\/?p=116428"},"modified":"2026-01-28T15:37:22","modified_gmt":"2026-01-28T21:37:22","slug":"inicia-en-febrero-la-entrega-del-programa-respeto-la-veda-2026","status":"publish","type":"post","link":"https:\/\/www.yucatanencorto.com\/noticias\/inicia-en-febrero-la-entrega-del-programa-respeto-la-veda-2026\/","title":{"rendered":"Inicia en febrero la entrega del programa Respeto la Veda 2026"},"content":{"rendered":"<p><img loading=\"lazy\" decoding=\"async\" class=\"alignnone size-full wp-image-116429\" src=\"https:\/\/www.yucatanencorto.com\/noticias\/wp-content\/uploads\/2026\/01\/WhatsApp-Image-2026-01-28-at-15.24.36-scaled.jpeg\" alt=\"\" width=\"768\" height=\"511\" srcset=\"https:\/\/www.yucatanencorto.com\/noticias\/wp-content\/uploads\/2026\/01\/WhatsApp-Image-2026-01-28-at-15.24.36-scaled.jpeg 768w, https:\/\/www.yucatanencorto.com\/noticias\/wp-content\/uploads\/2026\/01\/WhatsApp-Image-2026-01-28-at-15.24.36-1536x1022.jpeg 1536w, https:\/\/www.yucatanencorto.com\/noticias\/wp-content\/uploads\/2026\/01\/WhatsApp-Image-2026-01-28-at-15.24.36-2048x1362.jpeg 2048w, https:\/\/www.yucatanencorto.com\/noticias\/wp-content\/uploads\/2026\/01\/WhatsApp-Image-2026-01-28-at-15.24.36-150x100.jpeg 150w, https:\/\/www.yucatanencorto.com\/noticias\/wp-content\/uploads\/2026\/01\/WhatsApp-Image-2026-01-28-at-15.24.36-300x200.jpeg 300w, https:\/\/www.yucatanencorto.com\/noticias\/wp-content\/uploads\/2026\/01\/WhatsApp-Image-2026-01-28-at-15.24.36-696x463.jpeg 696w, https:\/\/www.yucatanencorto.com\/noticias\/wp-content\/uploads\/2026\/01\/WhatsApp-Image-2026-01-28-at-15.24.36-1068x710.jpeg 1068w, https:\/\/www.yucatanencorto.com\/noticias\/wp-content\/uploads\/2026\/01\/WhatsApp-Image-2026-01-28-at-15.24.36-1920x1277.jpeg 1920w\" sizes=\"auto, (max-width: 768px) 100vw, 768px\" \/><\/p>\n<p>M\u00e9rida, Yucat\u00e1n, a 28 de enero de 2026<\/p>\n<p>Miles de familias de la costa yucateca contar\u00e1n con un respaldo directo durante el periodo de veda, con la entrega del programa Respeto la Veda 2026, inform\u00f3 el Gobierno del Estado, a trav\u00e9s de la Secretar\u00eda de Pesca y Acuacultura Sustentables (Sepasy), como apoyo a las y los pescadores cuando se suspende temporalmente la actividad pesquera.<\/p>\n<p>La titular de la Sepasy, Lila Fr\u00edas Castillo, record\u00f3 que, durante el Gobierno del Renacimiento Maya, este programa registr\u00f3 un aumento hist\u00f3rico de 25%, al pasar de 4,800 a 6,000 pesos en 2025.<\/p>\n<p>Agreg\u00f3 que el Gobernador Joaqu\u00edn D\u00edaz Mena dio prioridad al sector pesquero al fortalecer por primera vez este apoyo con un incremento adicional de 10% anual, por lo que en 2026 se entregar\u00e1n 6,600 pesos a cada pescadora y pescador, en beneficio de las familias de la costa.<\/p>\n<p>El apoyo se otorgar\u00e1 en dos pagos mensuales de 3,300 pesos; el primer pago se realizar\u00e1 del 3 al 12 de febrero, e iniciar\u00e1 en Chuburn\u00e1 Puerto, municipio de Progreso, en un horario de 9:00 a 11:00 a.m., en el Domo del M\u00f3dulo Deportivo.<\/p>\n<p>La titular de la Sepasy inform\u00f3 que el calendario completo de entregas correspondientes a los meses de febrero y marzo se difundir\u00e1 en los pr\u00f3ximos d\u00edas a trav\u00e9s de sus redes oficiales y de los canales institucionales en los municipios costeros.<\/p>\n","protected":false},"excerpt":{"rendered":"<p>M\u00e9rida, Yucat\u00e1n, a 28 de enero de 2026 Miles de familias de la costa yucateca contar\u00e1n con un respaldo directo durante el periodo de veda, con la entrega del programa Respeto la Veda 2026, inform\u00f3 el Gobierno del Estado, a trav\u00e9s de la Secretar\u00eda de Pesca y Acuacultura Sustentables (Sepasy), como apoyo a las y [&hellip;]<\/p>\n","protected":false},"author":4,"featured_media":116429,"comment_status":"closed","ping_status":"closed","sticky":false,"template":"","format":"standard","meta":{"footnotes":""},"categories":[3],"tags":[],"class_list":{"0":"post-116428","1":"post","2":"type-post","3":"status-publish","4":"format-standard","5":"has-post-thumbnail","7":"category-yucatan"},"yoast_head":"<!-- This site is optimized with the Yoast SEO plugin v27.4 - https:\/\/yoast.com\/product\/yoast-seo-wordpress\/ -->\n<title>Inicia en febrero la entrega del programa Respeto la Veda 2026 - Yucat\u00e1n en corto<\/title>\n<meta name=\"robots\" content=\"index, follow, max-snippet:-1, max-image-preview:large, max-video-preview:-1\" \/>\n<link rel=\"canonical\" href=\"https:\/\/www.yucatanencorto.com\/noticias\/inicia-en-febrero-la-entrega-del-programa-respeto-la-veda-2026\/\" \/>\n<meta property=\"og:locale\" content=\"es_ES\" \/>\n<meta property=\"og:type\" content=\"article\" \/>\n<meta property=\"og:title\" content=\"Inicia en febrero la entrega del programa Respeto la Veda 2026 - Yucat\u00e1n en corto\" \/>\n<meta property=\"og:description\" content=\"M\u00e9rida, Yucat\u00e1n, a 28 de enero de 2026 Miles de familias de la costa yucateca contar\u00e1n con un respaldo directo durante el periodo de veda, con la entrega del programa Respeto la Veda 2026, inform\u00f3 el Gobierno del Estado, a trav\u00e9s de la Secretar\u00eda de Pesca y Acuacultura Sustentables (Sepasy), como apoyo a las y [&hellip;]\" \/>\n<meta property=\"og:url\" content=\"https:\/\/www.yucatanencorto.com\/noticias\/inicia-en-febrero-la-entrega-del-programa-respeto-la-veda-2026\/\" \/>\n<meta property=\"og:site_name\" content=\"Yucat\u00e1n en corto\" \/>\n<meta property=\"article:publisher\" content=\"http:\/\/www.facebook.com\/yucatanencorto\" \/>\n<meta property=\"article:published_time\" content=\"2026-01-28T21:37:22+00:00\" \/>\n<meta property=\"og:image\" content=\"https:\/\/www.yucatanencorto.com\/noticias\/wp-content\/uploads\/2026\/01\/WhatsApp-Image-2026-01-28-at-15.24.36-scaled.jpeg\" \/>\n\t<meta property=\"og:image:width\" content=\"768\" \/>\n\t<meta property=\"og:image:height\" content=\"511\" \/>\n\t<meta property=\"og:image:type\" content=\"image\/jpeg\" \/>\n<meta name=\"author\" content=\"Yucat\u00e1n en Corto\" \/>\n<meta name=\"twitter:card\" content=\"summary_large_image\" \/>\n<meta name=\"twitter:creator\" content=\"@yucatanencorto\" \/>\n<meta name=\"twitter:site\" content=\"@yucatanencorto\" \/>\n<meta name=\"twitter:label1\" content=\"Escrito por\" \/>\n\t<meta name=\"twitter:data1\" content=\"Yucat\u00e1n en Corto\" \/>\n\t<meta name=\"twitter:label2\" content=\"Tiempo de lectura\" \/>\n\t<meta name=\"twitter:data2\" content=\"2 minutos\" \/>\n<script type=\"application\/ld+json\" class=\"yoast-schema-graph\">{\"@context\":\"https:\\\/\\\/schema.org\",\"@graph\":[{\"@type\":\"Article\",\"@id\":\"https:\\\/\\\/www.yucatanencorto.com\\\/noticias\\\/inicia-en-febrero-la-entrega-del-programa-respeto-la-veda-2026\\\/#article\",\"isPartOf\":{\"@id\":\"https:\\\/\\\/www.yucatanencorto.com\\\/noticias\\\/inicia-en-febrero-la-entrega-del-programa-respeto-la-veda-2026\\\/\"},\"author\":{\"name\":\"Yucat\u00e1n en Corto\",\"@id\":\"https:\\\/\\\/www.yucatanencorto.com\\\/noticias\\\/#\\\/schema\\\/person\\\/f0ec40c33447bbc0dc2d01d3006de771\"},\"headline\":\"Inicia en febrero la entrega del programa Respeto la Veda 2026\",\"datePublished\":\"2026-01-28T21:37:22+00:00\",\"mainEntityOfPage\":{\"@id\":\"https:\\\/\\\/www.yucatanencorto.com\\\/noticias\\\/inicia-en-febrero-la-entrega-del-programa-respeto-la-veda-2026\\\/\"},\"wordCount\":240,\"image\":{\"@id\":\"https:\\\/\\\/www.yucatanencorto.com\\\/noticias\\\/inicia-en-febrero-la-entrega-del-programa-respeto-la-veda-2026\\\/#primaryimage\"},\"thumbnailUrl\":\"https:\\\/\\\/www.yucatanencorto.com\\\/noticias\\\/wp-content\\\/uploads\\\/2026\\\/01\\\/WhatsApp-Image-2026-01-28-at-15.24.36-scaled.jpeg\",\"articleSection\":[\"Yucat\u00e1n\"],\"inLanguage\":\"es\"},{\"@type\":\"WebPage\",\"@id\":\"https:\\\/\\\/www.yucatanencorto.com\\\/noticias\\\/inicia-en-febrero-la-entrega-del-programa-respeto-la-veda-2026\\\/\",\"url\":\"https:\\\/\\\/www.yucatanencorto.com\\\/noticias\\\/inicia-en-febrero-la-entrega-del-programa-respeto-la-veda-2026\\\/\",\"name\":\"Inicia en febrero la entrega del programa Respeto la Veda 2026 - Yucat\u00e1n en corto\",\"isPartOf\":{\"@id\":\"https:\\\/\\\/www.yucatanencorto.com\\\/noticias\\\/#website\"},\"primaryImageOfPage\":{\"@id\":\"https:\\\/\\\/www.yucatanencorto.com\\\/noticias\\\/inicia-en-febrero-la-entrega-del-programa-respeto-la-veda-2026\\\/#primaryimage\"},\"image\":{\"@id\":\"https:\\\/\\\/www.yucatanencorto.com\\\/noticias\\\/inicia-en-febrero-la-entrega-del-programa-respeto-la-veda-2026\\\/#primaryimage\"},\"thumbnailUrl\":\"https:\\\/\\\/www.yucatanencorto.com\\\/noticias\\\/wp-content\\\/uploads\\\/2026\\\/01\\\/WhatsApp-Image-2026-01-28-at-15.24.36-scaled.jpeg\",\"datePublished\":\"2026-01-28T21:37:22+00:00\",\"author\":{\"@id\":\"https:\\\/\\\/www.yucatanencorto.com\\\/noticias\\\/#\\\/schema\\\/person\\\/f0ec40c33447bbc0dc2d01d3006de771\"},\"breadcrumb\":{\"@id\":\"https:\\\/\\\/www.yucatanencorto.com\\\/noticias\\\/inicia-en-febrero-la-entrega-del-programa-respeto-la-veda-2026\\\/#breadcrumb\"},\"inLanguage\":\"es\",\"potentialAction\":[{\"@type\":\"ReadAction\",\"target\":[\"https:\\\/\\\/www.yucatanencorto.com\\\/noticias\\\/inicia-en-febrero-la-entrega-del-programa-respeto-la-veda-2026\\\/\"]}]},{\"@type\":\"ImageObject\",\"inLanguage\":\"es\",\"@id\":\"https:\\\/\\\/www.yucatanencorto.com\\\/noticias\\\/inicia-en-febrero-la-entrega-del-programa-respeto-la-veda-2026\\\/#primaryimage\",\"url\":\"https:\\\/\\\/www.yucatanencorto.com\\\/noticias\\\/wp-content\\\/uploads\\\/2026\\\/01\\\/WhatsApp-Image-2026-01-28-at-15.24.36-scaled.jpeg\",\"contentUrl\":\"https:\\\/\\\/www.yucatanencorto.com\\\/noticias\\\/wp-content\\\/uploads\\\/2026\\\/01\\\/WhatsApp-Image-2026-01-28-at-15.24.36-scaled.jpeg\",\"width\":768,\"height\":511},{\"@type\":\"BreadcrumbList\",\"@id\":\"https:\\\/\\\/www.yucatanencorto.com\\\/noticias\\\/inicia-en-febrero-la-entrega-del-programa-respeto-la-veda-2026\\\/#breadcrumb\",\"itemListElement\":[{\"@type\":\"ListItem\",\"position\":1,\"name\":\"Portada\",\"item\":\"https:\\\/\\\/www.yucatanencorto.com\\\/noticias\\\/\"},{\"@type\":\"ListItem\",\"position\":2,\"name\":\"Inicia en febrero la entrega del programa Respeto la Veda 2026\"}]},{\"@type\":\"WebSite\",\"@id\":\"https:\\\/\\\/www.yucatanencorto.com\\\/noticias\\\/#website\",\"url\":\"https:\\\/\\\/www.yucatanencorto.com\\\/noticias\\\/\",\"name\":\"Yucat\u00e1n en corto\",\"description\":\"Noticias\",\"potentialAction\":[{\"@type\":\"SearchAction\",\"target\":{\"@type\":\"EntryPoint\",\"urlTemplate\":\"https:\\\/\\\/www.yucatanencorto.com\\\/noticias\\\/?s={search_term_string}\"},\"query-input\":{\"@type\":\"PropertyValueSpecification\",\"valueRequired\":true,\"valueName\":\"search_term_string\"}}],\"inLanguage\":\"es\"},{\"@type\":\"Person\",\"@id\":\"https:\\\/\\\/www.yucatanencorto.com\\\/noticias\\\/#\\\/schema\\\/person\\\/f0ec40c33447bbc0dc2d01d3006de771\",\"name\":\"Yucat\u00e1n en Corto\",\"image\":{\"@type\":\"ImageObject\",\"inLanguage\":\"es\",\"@id\":\"https:\\\/\\\/secure.gravatar.com\\\/avatar\\\/20e0a6b626f38fa8e545fb3f80ce566efd790bf8877e65c3a482460cc3e0b5d1?s=96&d=mm&r=g\",\"url\":\"https:\\\/\\\/secure.gravatar.com\\\/avatar\\\/20e0a6b626f38fa8e545fb3f80ce566efd790bf8877e65c3a482460cc3e0b5d1?s=96&d=mm&r=g\",\"contentUrl\":\"https:\\\/\\\/secure.gravatar.com\\\/avatar\\\/20e0a6b626f38fa8e545fb3f80ce566efd790bf8877e65c3a482460cc3e0b5d1?s=96&d=mm&r=g\",\"caption\":\"Yucat\u00e1n en Corto\"},\"url\":\"https:\\\/\\\/www.yucatanencorto.com\\\/noticias\\\/author\\\/editor25\\\/\"}]}<\/script>\n<!-- \/ Yoast SEO plugin. -->","yoast_head_json":{"title":"Inicia en febrero la entrega del programa Respeto la Veda 2026 - Yucat\u00e1n en corto","robots":{"index":"index","follow":"follow","max-snippet":"max-snippet:-1","max-image-preview":"max-image-preview:large","max-video-preview":"max-video-preview:-1"},"canonical":"https:\/\/www.yucatanencorto.com\/noticias\/inicia-en-febrero-la-entrega-del-programa-respeto-la-veda-2026\/","og_locale":"es_ES","og_type":"article","og_title":"Inicia en febrero la entrega del programa Respeto la Veda 2026 - Yucat\u00e1n en corto","og_description":"M\u00e9rida, Yucat\u00e1n, a 28 de enero de 2026 Miles de familias de la costa yucateca contar\u00e1n con un respaldo directo durante el periodo de veda, con la entrega del programa Respeto la Veda 2026, inform\u00f3 el Gobierno del Estado, a trav\u00e9s de la Secretar\u00eda de Pesca y Acuacultura Sustentables (Sepasy), como apoyo a las y [&hellip;]","og_url":"https:\/\/www.yucatanencorto.com\/noticias\/inicia-en-febrero-la-entrega-del-programa-respeto-la-veda-2026\/","og_site_name":"Yucat\u00e1n en corto","article_publisher":"http:\/\/www.facebook.com\/yucatanencorto","article_published_time":"2026-01-28T21:37:22+00:00","og_image":[{"width":768,"height":511,"url":"https:\/\/www.yucatanencorto.com\/noticias\/wp-content\/uploads\/2026\/01\/WhatsApp-Image-2026-01-28-at-15.24.36-scaled.jpeg","type":"image\/jpeg"}],"author":"Yucat\u00e1n en Corto","twitter_card":"summary_large_image","twitter_creator":"@yucatanencorto","twitter_site":"@yucatanencorto","twitter_misc":{"Escrito por":"Yucat\u00e1n en Corto","Tiempo de lectura":"2 minutos"},"schema":{"@context":"https:\/\/schema.org","@graph":[{"@type":"Article","@id":"https:\/\/www.yucatanencorto.com\/noticias\/inicia-en-febrero-la-entrega-del-programa-respeto-la-veda-2026\/#article","isPartOf":{"@id":"https:\/\/www.yucatanencorto.com\/noticias\/inicia-en-febrero-la-entrega-del-programa-respeto-la-veda-2026\/"},"author":{"name":"Yucat\u00e1n en Corto","@id":"https:\/\/www.yucatanencorto.com\/noticias\/#\/schema\/person\/f0ec40c33447bbc0dc2d01d3006de771"},"headline":"Inicia en febrero la entrega del programa Respeto la Veda 2026","datePublished":"2026-01-28T21:37:22+00:00","mainEntityOfPage":{"@id":"https:\/\/www.yucatanencorto.com\/noticias\/inicia-en-febrero-la-entrega-del-programa-respeto-la-veda-2026\/"},"wordCount":240,"image":{"@id":"https:\/\/www.yucatanencorto.com\/noticias\/inicia-en-febrero-la-entrega-del-programa-respeto-la-veda-2026\/#primaryimage"},"thumbnailUrl":"https:\/\/www.yucatanencorto.com\/noticias\/wp-content\/uploads\/2026\/01\/WhatsApp-Image-2026-01-28-at-15.24.36-scaled.jpeg","articleSection":["Yucat\u00e1n"],"inLanguage":"es"},{"@type":"WebPage","@id":"https:\/\/www.yucatanencorto.com\/noticias\/inicia-en-febrero-la-entrega-del-programa-respeto-la-veda-2026\/","url":"https:\/\/www.yucatanencorto.com\/noticias\/inicia-en-febrero-la-entrega-del-programa-respeto-la-veda-2026\/","name":"Inicia en febrero la entrega del programa Respeto la Veda 2026 - Yucat\u00e1n en corto","isPartOf":{"@id":"https:\/\/www.yucatanencorto.com\/noticias\/#website"},"primaryImageOfPage":{"@id":"https:\/\/www.yucatanencorto.com\/noticias\/inicia-en-febrero-la-entrega-del-programa-respeto-la-veda-2026\/#primaryimage"},"image":{"@id":"https:\/\/www.yucatanencorto.com\/noticias\/inicia-en-febrero-la-entrega-del-programa-respeto-la-veda-2026\/#primaryimage"},"thumbnailUrl":"https:\/\/www.yucatanencorto.com\/noticias\/wp-content\/uploads\/2026\/01\/WhatsApp-Image-2026-01-28-at-15.24.36-scaled.jpeg","datePublished":"2026-01-28T21:37:22+00:00","author":{"@id":"https:\/\/www.yucatanencorto.com\/noticias\/#\/schema\/person\/f0ec40c33447bbc0dc2d01d3006de771"},"breadcrumb":{"@id":"https:\/\/www.yucatanencorto.com\/noticias\/inicia-en-febrero-la-entrega-del-programa-respeto-la-veda-2026\/#breadcrumb"},"inLanguage":"es","potentialAction":[{"@type":"ReadAction","target":["https:\/\/www.yucatanencorto.com\/noticias\/inicia-en-febrero-la-entrega-del-programa-respeto-la-veda-2026\/"]}]},{"@type":"ImageObject","inLanguage":"es","@id":"https:\/\/www.yucatanencorto.com\/noticias\/inicia-en-febrero-la-entrega-del-programa-respeto-la-veda-2026\/#primaryimage","url":"https:\/\/www.yucatanencorto.com\/noticias\/wp-content\/uploads\/2026\/01\/WhatsApp-Image-2026-01-28-at-15.24.36-scaled.jpeg","contentUrl":"https:\/\/www.yucatanencorto.com\/noticias\/wp-content\/uploads\/2026\/01\/WhatsApp-Image-2026-01-28-at-15.24.36-scaled.jpeg","width":768,"height":511},{"@type":"BreadcrumbList","@id":"https:\/\/www.yucatanencorto.com\/noticias\/inicia-en-febrero-la-entrega-del-programa-respeto-la-veda-2026\/#breadcrumb","itemListElement":[{"@type":"ListItem","position":1,"name":"Portada","item":"https:\/\/www.yucatanencorto.com\/noticias\/"},{"@type":"ListItem","position":2,"name":"Inicia en febrero la entrega del programa Respeto la Veda 2026"}]},{"@type":"WebSite","@id":"https:\/\/www.yucatanencorto.com\/noticias\/#website","url":"https:\/\/www.yucatanencorto.com\/noticias\/","name":"Yucat\u00e1n en corto","description":"Noticias","potentialAction":[{"@type":"SearchAction","target":{"@type":"EntryPoint","urlTemplate":"https:\/\/www.yucatanencorto.com\/noticias\/?s={search_term_string}"},"query-input":{"@type":"PropertyValueSpecification","valueRequired":true,"valueName":"search_term_string"}}],"inLanguage":"es"},{"@type":"Person","@id":"https:\/\/www.yucatanencorto.com\/noticias\/#\/schema\/person\/f0ec40c33447bbc0dc2d01d3006de771","name":"Yucat\u00e1n en Corto","image":{"@type":"ImageObject","inLanguage":"es","@id":"https:\/\/secure.gravatar.com\/avatar\/20e0a6b626f38fa8e545fb3f80ce566efd790bf8877e65c3a482460cc3e0b5d1?s=96&d=mm&r=g","url":"https:\/\/secure.gravatar.com\/avatar\/20e0a6b626f38fa8e545fb3f80ce566efd790bf8877e65c3a482460cc3e0b5d1?s=96&d=mm&r=g","contentUrl":"https:\/\/secure.gravatar.com\/avatar\/20e0a6b626f38fa8e545fb3f80ce566efd790bf8877e65c3a482460cc3e0b5d1?s=96&d=mm&r=g","caption":"Yucat\u00e1n en Corto"},"url":"https:\/\/www.yucatanencorto.com\/noticias\/author\/editor25\/"}]}},"_links":{"self":[{"href":"https:\/\/www.yucatanencorto.com\/noticias\/wp-json\/wp\/v2\/posts\/116428","targetHints":{"allow":["GET"]}}],"collection":[{"href":"https:\/\/www.yucatanencorto.com\/noticias\/wp-json\/wp\/v2\/posts"}],"about":[{"href":"https:\/\/www.yucatanencorto.com\/noticias\/wp-json\/wp\/v2\/types\/post"}],"author":[{"embeddable":true,"href":"https:\/\/www.yucatanencorto.com\/noticias\/wp-json\/wp\/v2\/users\/4"}],"replies":[{"embeddable":true,"href":"https:\/\/www.yucatanencorto.com\/noticias\/wp-json\/wp\/v2\/comments?post=116428"}],"version-history":[{"count":1,"href":"https:\/\/www.yucatanencorto.com\/noticias\/wp-json\/wp\/v2\/posts\/116428\/revisions"}],"predecessor-version":[{"id":116430,"href":"https:\/\/www.yucatanencorto.com\/noticias\/wp-json\/wp\/v2\/posts\/116428\/revisions\/116430"}],"wp:featuredmedia":[{"embeddable":true,"href":"https:\/\/www.yucatanencorto.com\/noticias\/wp-json\/wp\/v2\/media\/116429"}],"wp:attachment":[{"href":"https:\/\/www.yucatanencorto.com\/noticias\/wp-json\/wp\/v2\/media?parent=116428"}],"wp:term":[{"taxonomy":"category","embeddable":true,"href":"https:\/\/www.yucatanencorto.com\/noticias\/wp-json\/wp\/v2\/categories?post=116428"},{"taxonomy":"post_tag","embeddable":true,"href":"https:\/\/www.yucatanencorto.com\/noticias\/wp-json\/wp\/v2\/tags?post=116428"}],"curies":[{"name":"wp","href":"https:\/\/api.w.org\/{rel}","templated":true}]}}