{"id":116479,"date":"2026-02-04T10:47:11","date_gmt":"2026-02-04T16:47:11","guid":{"rendered":"https:\/\/www.yucatanencorto.com\/noticias\/?p=116479"},"modified":"2026-02-04T10:47:11","modified_gmt":"2026-02-04T16:47:11","slug":"matrimonio-lavanda-que-es-y-por-que-senalan-a-carlos-rivera-y-a-cynthia-rodriguez","status":"publish","type":"post","link":"https:\/\/www.yucatanencorto.com\/noticias\/matrimonio-lavanda-que-es-y-por-que-senalan-a-carlos-rivera-y-a-cynthia-rodriguez\/","title":{"rendered":"Matrimonio lavanda: \u00bfQu\u00e9 es y por qu\u00e9 se\u00f1alan a Carlos Rivera y a Cynthia Rodr\u00edguez?"},"content":{"rendered":"<p data-t=\"{&quot;n&quot;:&quot;blueLinks&quot;,&quot;t&quot;:13,&quot;a&quot;:&quot;click&quot;,&quot;b&quot;:76}\"><img loading=\"lazy\" decoding=\"async\" class=\"alignnone size-full wp-image-116480\" src=\"https:\/\/www.yucatanencorto.com\/noticias\/wp-content\/uploads\/2026\/02\/Captura-de-pantalla-2026-02-04-104612-scaled.png\" alt=\"\" width=\"768\" height=\"514\" srcset=\"https:\/\/www.yucatanencorto.com\/noticias\/wp-content\/uploads\/2026\/02\/Captura-de-pantalla-2026-02-04-104612-scaled.png 768w, https:\/\/www.yucatanencorto.com\/noticias\/wp-content\/uploads\/2026\/02\/Captura-de-pantalla-2026-02-04-104612-150x100.png 150w, https:\/\/www.yucatanencorto.com\/noticias\/wp-content\/uploads\/2026\/02\/Captura-de-pantalla-2026-02-04-104612-300x201.png 300w, https:\/\/www.yucatanencorto.com\/noticias\/wp-content\/uploads\/2026\/02\/Captura-de-pantalla-2026-02-04-104612-696x466.png 696w\" sizes=\"auto, (max-width: 768px) 100vw, 768px\" \/><\/p>\n<p data-t=\"{&quot;n&quot;:&quot;blueLinks&quot;,&quot;t&quot;:13,&quot;a&quot;:&quot;click&quot;,&quot;b&quot;:76}\">Los nombres de\u00a0Carlos Rivera\u00a0y\u00a0Cynthia Rodr\u00edguez\u00a0volvieron a colocarse en el centro de la conversaci\u00f3n p\u00fablica, no por un nuevo proyecto art\u00edstico o familiar, sino por un debate medi\u00e1tico en torno al supuesto\u00a0\u201cmatrimonio lavanda\u201d\u00a0que involucra a la pareja.<\/p>\n<p data-t=\"{&quot;n&quot;:&quot;blueLinks&quot;,&quot;t&quot;:13,&quot;a&quot;:&quot;click&quot;,&quot;b&quot;:76}\">Este t\u00e9rmino ha sido retomado en redes sociales y medios de espect\u00e1culos tras una serie de comentarios de la cantante\u00a0To\u00f1ita, quien dio una entrevista a la prensa donde abord\u00f3 especulaciones y dudas sobre la relaci\u00f3n entre Rivera y Rodr\u00edguez, excompa\u00f1eros suyos de\u00a0<i>La Academia<\/i>.<\/p>\n<h2 class=\"article-sub-heading\">\u00bfQu\u00e9 es un matrimonio lavanda?<\/h2>\n<p data-t=\"{&quot;n&quot;:&quot;blueLinks&quot;,&quot;t&quot;:13,&quot;a&quot;:&quot;click&quot;,&quot;b&quot;:76}\">Antes de entrar en las declaraciones espec\u00edficas, es clave entender qu\u00e9 significa el concepto de\u00a0matrimonio lavanda\u00a0(<i>lavender marriage)<\/i>, este t\u00e9rmino describe una uni\u00f3n entre un hombre y una mujer que mantienen un matrimonio por\u00a0conveniencia social, profesional o familiar, m\u00e1s que por un v\u00ednculo rom\u00e1ntico o sexual tradicional.<\/p>\n<p data-t=\"{&quot;n&quot;:&quot;blueLinks&quot;,&quot;t&quot;:13,&quot;a&quot;:&quot;click&quot;,&quot;b&quot;:76}\">En pocas palabras, un matrimonio lavanda es cuando el esposo o la esposa (incluso ambos) es homosexual y se unen en matrimonio heterosexual (hombre \u2013 mujer). Esto, para aparentar ante la sociedad u obtener algunos beneficios.<\/p>\n<p data-t=\"{&quot;n&quot;:&quot;blueLinks&quot;,&quot;t&quot;:13,&quot;a&quot;:&quot;click&quot;,&quot;b&quot;:76}\">Originalmente, el concepto se populariz\u00f3 en contextos hist\u00f3ricos donde la orientaci\u00f3n sexual de una persona pod\u00eda afectar negativamente su reputaci\u00f3n p\u00fablica. Por ello se recurr\u00eda a esta figura para \u201cproteger\u201d una imagen heterosexual. Hoy se usa en discusiones medi\u00e1ticas, especialmente cuando se especula sobre parejas famosas.<\/p>\n<div class=\"intra-article-module\" data-t=\"{&quot;n&quot;:&quot;intraArticle&quot;,&quot;t&quot;:13}\"><\/div>\n<h2 class=\"article-sub-heading\">Declaraciones de To\u00f1ita sobre el matrimonio de Carlos Rivera y Cynthia Rodr\u00edguez<\/h2>\n<p class=\"continue-read-break\" data-t=\"{&quot;n&quot;:&quot;blueLinks&quot;,&quot;t&quot;:13,&quot;a&quot;:&quot;click&quot;,&quot;b&quot;:76}\">Recientemente, su ex compa\u00f1era\u00a0To\u00f1ita\u00a0fue abordada por medios y cuestionada sobre si cre\u00eda que la uni\u00f3n entre\u00a0Carlos Rivera\u00a0y\u00a0Cynthia Rodr\u00edguez\u00a0encajaba en la definici\u00f3n de un\u00a0matrimonio lavanda.<\/p>\n<p data-t=\"{&quot;n&quot;:&quot;blueLinks&quot;,&quot;t&quot;:13,&quot;a&quot;:&quot;click&quot;,&quot;b&quot;:76}\">Al respecto, la cantante se\u00f1al\u00f3 que, \u201clo que se ve, no se juzga\u201d; refiri\u00e9ndose a la preferencia sexual de Rivera.<\/p>\n<p data-t=\"{&quot;n&quot;:&quot;blueLinks&quot;,&quot;t&quot;:13,&quot;a&quot;:&quot;click&quot;,&quot;b&quot;:76}\">\u201cRespeto mucho a Carlitos, a Cynthia, pero ya son otros niveles. Solamente tengo la misma idea que Juan Gabriel: \u2018Lo que se ve, no se juzga\u2019. Entre Cynthia y yo, lo \u00fanico que voy a poder decir es lo siguiente: Ella sabe, ella sabe cosas y lo que\u00a0 ella sabe se lo va a llevar a la tumba. Y lo que yo s\u00e9 me lo voy a llevar a la tumba. Ambas sabemos\u201d, confes\u00f3 To\u00f1ita antes de mencionar que \u201centre pasillos\u201d, todos se conocen.<\/p>\n<p class=\"\" data-t=\"{&quot;n&quot;:&quot;blueLinks&quot;,&quot;t&quot;:13,&quot;a&quot;:&quot;click&quot;,&quot;b&quot;:76}\">De igual manera, defendi\u00f3 el respeto a la vida privada de cualquier persona, y en espec\u00edfico dijo:<\/p>\n<p data-t=\"{&quot;n&quot;:&quot;blueLinks&quot;,&quot;t&quot;:13,&quot;a&quot;:&quot;click&quot;,&quot;b&quot;:76}\">\u201cNosotros no somos nadie para sacar a nadie del cl\u00f3set. Podemos opinar, hacer desastre y rompernos entre nosotros, pero tampoco somos jueces para juzgar la vida de cada quien. Si Carlitos es o no es, es su bronca; si Cynthia hizo o no hizo, es su bronca.\u201d<\/p>\n<div class=\"intra-article-module\" data-t=\"{&quot;n&quot;:&quot;intraArticle&quot;,&quot;t&quot;:13}\"><\/div>\n<p data-t=\"{&quot;n&quot;:&quot;blueLinks&quot;,&quot;t&quot;:13,&quot;a&quot;:&quot;click&quot;,&quot;b&quot;:76}\">Con esta respuesta, la cantante intent\u00f3 matizar el debate y aclarar que, si bien expres\u00f3 una opini\u00f3n personal, no est\u00e1 dando por hecho ninguna afirmaci\u00f3n categ\u00f3rica sobre la relaci\u00f3n de Rivera y Rodr\u00edguez.<\/p>\n<h2 class=\"article-sub-heading\">\u00bfCarlos Rivera y Cynthia Rodr\u00edguez tienen un matrimonio lavanda?<\/h2>\n<p data-t=\"{&quot;n&quot;:&quot;blueLinks&quot;,&quot;t&quot;:13,&quot;a&quot;:&quot;click&quot;,&quot;b&quot;:76}\">Carlos Rivera\u00a0y\u00a0Cynthia Rodr\u00edguez\u00a0contrajeron matrimonio en junio de 2022, en una ceremonia \u00edntima celebrada en Espa\u00f1a, respaldada incluso con la bendici\u00f3n que recibieron por parte del fallecido Papa Francisco, seg\u00fan reportes anteriores.<\/p>\n<p data-t=\"{&quot;n&quot;:&quot;blueLinks&quot;,&quot;t&quot;:13,&quot;a&quot;:&quot;click&quot;,&quot;b&quot;:76}\">La pareja ha mantenido un perfil reservado respecto a su vida familiar. Se sabe que son padres de un hijo, Le\u00f3n, nacido en 2023, lo que ha a\u00f1adido otra capa a las especulaciones medi\u00e1ticas que circulan en torno a ellos.<\/p>\n<div class=\"flex flex-col text-sm\">\n<div class=\"text-base my-auto mx-auto pb-10 [--thread-content-margin:--spacing(4)] @w-sm\/main:[--thread-content-margin:--spacing(6)] @w-lg\/main:[--thread-content-margin:--spacing(16)] px-(--thread-content-margin)\">\n<div class=\"[--thread-content-max-width:40rem] @w-lg\/main:[--thread-content-max-width:48rem] mx-auto max-w-(--thread-content-max-width) flex-1 group\/turn-messages focus-visible:outline-hidden relative flex w-full min-w-0 flex-col agent-turn\">\n<div class=\"flex max-w-full flex-col grow\">\n<div class=\"min-h-8 text-message relative flex w-full flex-col items-end gap-2 text-start break-words whitespace-normal [.text-message+&amp;]:mt-1\">\n<div class=\"flex w-full flex-col gap-1 empty:hidden first:pt-[1px]\">\n<div class=\"markdown prose dark:prose-invert w-full wrap-break-word light markdown-new-styling\">\n<p data-t=\"{&quot;n&quot;:&quot;blueLinks&quot;,&quot;t&quot;:13,&quot;a&quot;:&quot;click&quot;,&quot;b&quot;:76}\">Durante a\u00f1os,\u00a0muchos han especulado que Carlos Rivera es homosexual. Ante esto, se habr\u00eda casado con Rodr\u00edguez para evitar represiones sociales.<\/p>\n<\/div>\n<\/div>\n<\/div>\n<\/div>\n<\/div>\n<\/div>\n<\/div>\n<p data-t=\"{&quot;n&quot;:&quot;blueLinks&quot;,&quot;t&quot;:13,&quot;a&quot;:&quot;click&quot;,&quot;b&quot;:76}\">Es importante subrayar que\u00a0no existe evidencia verificada\u00a0de que el enlace entre\u00a0Carlos Rivera\u00a0y\u00a0Cynthia Rodr\u00edguez\u00a0sea un matrimonio lavanda.<\/p>\n<p data-t=\"{&quot;n&quot;:&quot;blueLinks&quot;,&quot;t&quot;:13,&quot;a&quot;:&quot;click&quot;,&quot;b&quot;:76}\">Hasta el momento, ni el esposo ni la esposa han declarado respecto a las opiniones de To\u00f1ita.<\/p>\n","protected":false},"excerpt":{"rendered":"<p>Los nombres de\u00a0Carlos Rivera\u00a0y\u00a0Cynthia Rodr\u00edguez\u00a0volvieron a colocarse en el centro de la conversaci\u00f3n p\u00fablica, no por un nuevo proyecto art\u00edstico o familiar, sino por un debate medi\u00e1tico en torno al supuesto\u00a0\u201cmatrimonio lavanda\u201d\u00a0que involucra a la pareja. Este t\u00e9rmino ha sido retomado en redes sociales y medios de espect\u00e1culos tras una serie de comentarios de la [&hellip;]<\/p>\n","protected":false},"author":4,"featured_media":116480,"comment_status":"closed","ping_status":"closed","sticky":false,"template":"","format":"standard","meta":{"footnotes":""},"categories":[9],"tags":[],"class_list":["post-116479","post","type-post","status-publish","format-standard","has-post-thumbnail","category-sociedad-y-espectaculos"],"yoast_head":"<!-- This site is optimized with the Yoast SEO plugin v28.3 - https:\/\/yoast.com\/product\/yoast-seo-wordpress\/ -->\n<title>Matrimonio lavanda: \u00bfQu\u00e9 es y por qu\u00e9 se\u00f1alan a Carlos Rivera y a Cynthia Rodr\u00edguez? - Yucat\u00e1n en corto<\/title>\n<meta name=\"robots\" content=\"index, follow, max-snippet:-1, max-image-preview:large, max-video-preview:-1\" \/>\n<link rel=\"canonical\" href=\"https:\/\/www.yucatanencorto.com\/noticias\/matrimonio-lavanda-que-es-y-por-que-senalan-a-carlos-rivera-y-a-cynthia-rodriguez\/\" \/>\n<meta property=\"og:locale\" content=\"es_ES\" \/>\n<meta property=\"og:type\" content=\"article\" \/>\n<meta property=\"og:title\" content=\"Matrimonio lavanda: \u00bfQu\u00e9 es y por qu\u00e9 se\u00f1alan a Carlos Rivera y a Cynthia Rodr\u00edguez? - Yucat\u00e1n en corto\" \/>\n<meta property=\"og:description\" content=\"Los nombres de\u00a0Carlos Rivera\u00a0y\u00a0Cynthia Rodr\u00edguez\u00a0volvieron a colocarse en el centro de la conversaci\u00f3n p\u00fablica, no por un nuevo proyecto art\u00edstico o familiar, sino por un debate medi\u00e1tico en torno al supuesto\u00a0\u201cmatrimonio lavanda\u201d\u00a0que involucra a la pareja. Este t\u00e9rmino ha sido retomado en redes sociales y medios de espect\u00e1culos tras una serie de comentarios de la [&hellip;]\" \/>\n<meta property=\"og:url\" content=\"https:\/\/www.yucatanencorto.com\/noticias\/matrimonio-lavanda-que-es-y-por-que-senalan-a-carlos-rivera-y-a-cynthia-rodriguez\/\" \/>\n<meta property=\"og:site_name\" content=\"Yucat\u00e1n en corto\" \/>\n<meta property=\"article:publisher\" content=\"http:\/\/www.facebook.com\/yucatanencorto\" \/>\n<meta property=\"article:published_time\" content=\"2026-02-04T16:47:11+00:00\" \/>\n<meta property=\"og:image\" content=\"https:\/\/www.yucatanencorto.com\/noticias\/wp-content\/uploads\/2026\/02\/Captura-de-pantalla-2026-02-04-104612-scaled.png\" \/>\n\t<meta property=\"og:image:width\" content=\"768\" \/>\n\t<meta property=\"og:image:height\" content=\"514\" \/>\n\t<meta property=\"og:image:type\" content=\"image\/png\" \/>\n<meta name=\"author\" content=\"YC 25\" \/>\n<meta name=\"twitter:card\" content=\"summary_large_image\" \/>\n<meta name=\"twitter:creator\" content=\"@yucatanencorto\" \/>\n<meta name=\"twitter:site\" content=\"@yucatanencorto\" \/>\n<meta name=\"twitter:label1\" content=\"Escrito por\" \/>\n\t<meta name=\"twitter:data1\" content=\"YC 25\" \/>\n\t<meta name=\"twitter:label2\" content=\"Tiempo de lectura\" \/>\n\t<meta name=\"twitter:data2\" content=\"4 minutos\" \/>\n<script type=\"application\/ld+json\" class=\"yoast-schema-graph\">{\"@context\":\"https:\\\/\\\/schema.org\",\"@graph\":[{\"@type\":\"Article\",\"@id\":\"https:\\\/\\\/www.yucatanencorto.com\\\/noticias\\\/matrimonio-lavanda-que-es-y-por-que-senalan-a-carlos-rivera-y-a-cynthia-rodriguez\\\/#article\",\"isPartOf\":{\"@id\":\"https:\\\/\\\/www.yucatanencorto.com\\\/noticias\\\/matrimonio-lavanda-que-es-y-por-que-senalan-a-carlos-rivera-y-a-cynthia-rodriguez\\\/\"},\"author\":{\"name\":\"YC 25\",\"@id\":\"https:\\\/\\\/www.yucatanencorto.com\\\/noticias\\\/#\\\/schema\\\/person\\\/f0ec40c33447bbc0dc2d01d3006de771\"},\"headline\":\"Matrimonio lavanda: \u00bfQu\u00e9 es y por qu\u00e9 se\u00f1alan a Carlos Rivera y a Cynthia Rodr\u00edguez?\",\"datePublished\":\"2026-02-04T16:47:11+00:00\",\"mainEntityOfPage\":{\"@id\":\"https:\\\/\\\/www.yucatanencorto.com\\\/noticias\\\/matrimonio-lavanda-que-es-y-por-que-senalan-a-carlos-rivera-y-a-cynthia-rodriguez\\\/\"},\"wordCount\":679,\"publisher\":{\"@id\":\"https:\\\/\\\/www.yucatanencorto.com\\\/noticias\\\/#organization\"},\"image\":{\"@id\":\"https:\\\/\\\/www.yucatanencorto.com\\\/noticias\\\/matrimonio-lavanda-que-es-y-por-que-senalan-a-carlos-rivera-y-a-cynthia-rodriguez\\\/#primaryimage\"},\"thumbnailUrl\":\"https:\\\/\\\/www.yucatanencorto.com\\\/noticias\\\/wp-content\\\/uploads\\\/2026\\\/02\\\/Captura-de-pantalla-2026-02-04-104612-scaled.png\",\"articleSection\":[\"Sociedad y Espect\u00e1culos\"],\"inLanguage\":\"es\"},{\"@type\":\"WebPage\",\"@id\":\"https:\\\/\\\/www.yucatanencorto.com\\\/noticias\\\/matrimonio-lavanda-que-es-y-por-que-senalan-a-carlos-rivera-y-a-cynthia-rodriguez\\\/\",\"url\":\"https:\\\/\\\/www.yucatanencorto.com\\\/noticias\\\/matrimonio-lavanda-que-es-y-por-que-senalan-a-carlos-rivera-y-a-cynthia-rodriguez\\\/\",\"name\":\"Matrimonio lavanda: \u00bfQu\u00e9 es y por qu\u00e9 se\u00f1alan a Carlos Rivera y a Cynthia Rodr\u00edguez? - Yucat\u00e1n en corto\",\"isPartOf\":{\"@id\":\"https:\\\/\\\/www.yucatanencorto.com\\\/noticias\\\/#website\"},\"primaryImageOfPage\":{\"@id\":\"https:\\\/\\\/www.yucatanencorto.com\\\/noticias\\\/matrimonio-lavanda-que-es-y-por-que-senalan-a-carlos-rivera-y-a-cynthia-rodriguez\\\/#primaryimage\"},\"image\":{\"@id\":\"https:\\\/\\\/www.yucatanencorto.com\\\/noticias\\\/matrimonio-lavanda-que-es-y-por-que-senalan-a-carlos-rivera-y-a-cynthia-rodriguez\\\/#primaryimage\"},\"thumbnailUrl\":\"https:\\\/\\\/www.yucatanencorto.com\\\/noticias\\\/wp-content\\\/uploads\\\/2026\\\/02\\\/Captura-de-pantalla-2026-02-04-104612-scaled.png\",\"datePublished\":\"2026-02-04T16:47:11+00:00\",\"breadcrumb\":{\"@id\":\"https:\\\/\\\/www.yucatanencorto.com\\\/noticias\\\/matrimonio-lavanda-que-es-y-por-que-senalan-a-carlos-rivera-y-a-cynthia-rodriguez\\\/#breadcrumb\"},\"inLanguage\":\"es\",\"potentialAction\":[{\"@type\":\"ReadAction\",\"target\":[\"https:\\\/\\\/www.yucatanencorto.com\\\/noticias\\\/matrimonio-lavanda-que-es-y-por-que-senalan-a-carlos-rivera-y-a-cynthia-rodriguez\\\/\"]}]},{\"@type\":\"ImageObject\",\"inLanguage\":\"es\",\"@id\":\"https:\\\/\\\/www.yucatanencorto.com\\\/noticias\\\/matrimonio-lavanda-que-es-y-por-que-senalan-a-carlos-rivera-y-a-cynthia-rodriguez\\\/#primaryimage\",\"url\":\"https:\\\/\\\/www.yucatanencorto.com\\\/noticias\\\/wp-content\\\/uploads\\\/2026\\\/02\\\/Captura-de-pantalla-2026-02-04-104612-scaled.png\",\"contentUrl\":\"https:\\\/\\\/www.yucatanencorto.com\\\/noticias\\\/wp-content\\\/uploads\\\/2026\\\/02\\\/Captura-de-pantalla-2026-02-04-104612-scaled.png\",\"width\":768,\"height\":514},{\"@type\":\"BreadcrumbList\",\"@id\":\"https:\\\/\\\/www.yucatanencorto.com\\\/noticias\\\/matrimonio-lavanda-que-es-y-por-que-senalan-a-carlos-rivera-y-a-cynthia-rodriguez\\\/#breadcrumb\",\"itemListElement\":[{\"@type\":\"ListItem\",\"position\":1,\"name\":\"Portada\",\"item\":\"https:\\\/\\\/www.yucatanencorto.com\\\/noticias\\\/\"},{\"@type\":\"ListItem\",\"position\":2,\"name\":\"Matrimonio lavanda: \u00bfQu\u00e9 es y por qu\u00e9 se\u00f1alan a Carlos Rivera y a Cynthia Rodr\u00edguez?\"}]},{\"@type\":\"WebSite\",\"@id\":\"https:\\\/\\\/www.yucatanencorto.com\\\/noticias\\\/#website\",\"url\":\"https:\\\/\\\/www.yucatanencorto.com\\\/noticias\\\/\",\"name\":\"Yucat\u00e1n en corto\",\"description\":\"Noticias\",\"publisher\":{\"@id\":\"https:\\\/\\\/www.yucatanencorto.com\\\/noticias\\\/#organization\"},\"potentialAction\":[{\"@type\":\"SearchAction\",\"target\":{\"@type\":\"EntryPoint\",\"urlTemplate\":\"https:\\\/\\\/www.yucatanencorto.com\\\/noticias\\\/?s={search_term_string}\"},\"query-input\":{\"@type\":\"PropertyValueSpecification\",\"valueRequired\":true,\"valueName\":\"search_term_string\"}}],\"inLanguage\":\"es\"},{\"@type\":\"Organization\",\"@id\":\"https:\\\/\\\/www.yucatanencorto.com\\\/noticias\\\/#organization\",\"name\":\"Yucat\u00e1n en corto\",\"url\":\"https:\\\/\\\/www.yucatanencorto.com\\\/noticias\\\/\",\"logo\":{\"@type\":\"ImageObject\",\"inLanguage\":\"es\",\"@id\":\"https:\\\/\\\/www.yucatanencorto.com\\\/noticias\\\/#\\\/schema\\\/logo\\\/image\\\/\",\"url\":\"https:\\\/\\\/www.yucatanencorto.com\\\/noticias\\\/wp-content\\\/uploads\\\/2026\\\/08\\\/Logo-web.png\",\"contentUrl\":\"https:\\\/\\\/www.yucatanencorto.com\\\/noticias\\\/wp-content\\\/uploads\\\/2026\\\/08\\\/Logo-web.png\",\"width\":272,\"height\":90,\"caption\":\"Yucat\u00e1n en corto\"},\"image\":{\"@id\":\"https:\\\/\\\/www.yucatanencorto.com\\\/noticias\\\/#\\\/schema\\\/logo\\\/image\\\/\"},\"sameAs\":[\"http:\\\/\\\/www.facebook.com\\\/yucatanencorto\",\"https:\\\/\\\/x.com\\\/yucatanencorto\"]},{\"@type\":\"Person\",\"@id\":\"https:\\\/\\\/www.yucatanencorto.com\\\/noticias\\\/#\\\/schema\\\/person\\\/f0ec40c33447bbc0dc2d01d3006de771\",\"name\":\"YC 25\",\"image\":{\"@type\":\"ImageObject\",\"inLanguage\":\"es\",\"@id\":\"https:\\\/\\\/secure.gravatar.com\\\/avatar\\\/20e0a6b626f38fa8e545fb3f80ce566efd790bf8877e65c3a482460cc3e0b5d1?s=96&d=mm&r=g\",\"url\":\"https:\\\/\\\/secure.gravatar.com\\\/avatar\\\/20e0a6b626f38fa8e545fb3f80ce566efd790bf8877e65c3a482460cc3e0b5d1?s=96&d=mm&r=g\",\"contentUrl\":\"https:\\\/\\\/secure.gravatar.com\\\/avatar\\\/20e0a6b626f38fa8e545fb3f80ce566efd790bf8877e65c3a482460cc3e0b5d1?s=96&d=mm&r=g\",\"caption\":\"YC 25\"},\"url\":\"https:\\\/\\\/www.yucatanencorto.com\\\/noticias\\\/author\\\/editor25\\\/\"}]}<\/script>\n<!-- \/ Yoast SEO plugin. -->","yoast_head_json":{"title":"Matrimonio lavanda: \u00bfQu\u00e9 es y por qu\u00e9 se\u00f1alan a Carlos Rivera y a Cynthia Rodr\u00edguez? - Yucat\u00e1n en corto","robots":{"index":"index","follow":"follow","max-snippet":"max-snippet:-1","max-image-preview":"max-image-preview:large","max-video-preview":"max-video-preview:-1"},"canonical":"https:\/\/www.yucatanencorto.com\/noticias\/matrimonio-lavanda-que-es-y-por-que-senalan-a-carlos-rivera-y-a-cynthia-rodriguez\/","og_locale":"es_ES","og_type":"article","og_title":"Matrimonio lavanda: \u00bfQu\u00e9 es y por qu\u00e9 se\u00f1alan a Carlos Rivera y a Cynthia Rodr\u00edguez? - Yucat\u00e1n en corto","og_description":"Los nombres de\u00a0Carlos Rivera\u00a0y\u00a0Cynthia Rodr\u00edguez\u00a0volvieron a colocarse en el centro de la conversaci\u00f3n p\u00fablica, no por un nuevo proyecto art\u00edstico o familiar, sino por un debate medi\u00e1tico en torno al supuesto\u00a0\u201cmatrimonio lavanda\u201d\u00a0que involucra a la pareja. Este t\u00e9rmino ha sido retomado en redes sociales y medios de espect\u00e1culos tras una serie de comentarios de la [&hellip;]","og_url":"https:\/\/www.yucatanencorto.com\/noticias\/matrimonio-lavanda-que-es-y-por-que-senalan-a-carlos-rivera-y-a-cynthia-rodriguez\/","og_site_name":"Yucat\u00e1n en corto","article_publisher":"http:\/\/www.facebook.com\/yucatanencorto","article_published_time":"2026-02-04T16:47:11+00:00","og_image":[{"width":768,"height":514,"url":"https:\/\/www.yucatanencorto.com\/noticias\/wp-content\/uploads\/2026\/02\/Captura-de-pantalla-2026-02-04-104612-scaled.png","type":"image\/png"}],"author":"YC 25","twitter_card":"summary_large_image","twitter_creator":"@yucatanencorto","twitter_site":"@yucatanencorto","twitter_misc":{"Escrito por":"YC 25","Tiempo de lectura":"4 minutos"},"schema":{"@context":"https:\/\/schema.org","@graph":[{"@type":"Article","@id":"https:\/\/www.yucatanencorto.com\/noticias\/matrimonio-lavanda-que-es-y-por-que-senalan-a-carlos-rivera-y-a-cynthia-rodriguez\/#article","isPartOf":{"@id":"https:\/\/www.yucatanencorto.com\/noticias\/matrimonio-lavanda-que-es-y-por-que-senalan-a-carlos-rivera-y-a-cynthia-rodriguez\/"},"author":{"name":"YC 25","@id":"https:\/\/www.yucatanencorto.com\/noticias\/#\/schema\/person\/f0ec40c33447bbc0dc2d01d3006de771"},"headline":"Matrimonio lavanda: \u00bfQu\u00e9 es y por qu\u00e9 se\u00f1alan a Carlos Rivera y a Cynthia Rodr\u00edguez?","datePublished":"2026-02-04T16:47:11+00:00","mainEntityOfPage":{"@id":"https:\/\/www.yucatanencorto.com\/noticias\/matrimonio-lavanda-que-es-y-por-que-senalan-a-carlos-rivera-y-a-cynthia-rodriguez\/"},"wordCount":679,"publisher":{"@id":"https:\/\/www.yucatanencorto.com\/noticias\/#organization"},"image":{"@id":"https:\/\/www.yucatanencorto.com\/noticias\/matrimonio-lavanda-que-es-y-por-que-senalan-a-carlos-rivera-y-a-cynthia-rodriguez\/#primaryimage"},"thumbnailUrl":"https:\/\/www.yucatanencorto.com\/noticias\/wp-content\/uploads\/2026\/02\/Captura-de-pantalla-2026-02-04-104612-scaled.png","articleSection":["Sociedad y Espect\u00e1culos"],"inLanguage":"es"},{"@type":"WebPage","@id":"https:\/\/www.yucatanencorto.com\/noticias\/matrimonio-lavanda-que-es-y-por-que-senalan-a-carlos-rivera-y-a-cynthia-rodriguez\/","url":"https:\/\/www.yucatanencorto.com\/noticias\/matrimonio-lavanda-que-es-y-por-que-senalan-a-carlos-rivera-y-a-cynthia-rodriguez\/","name":"Matrimonio lavanda: \u00bfQu\u00e9 es y por qu\u00e9 se\u00f1alan a Carlos Rivera y a Cynthia Rodr\u00edguez? - Yucat\u00e1n en corto","isPartOf":{"@id":"https:\/\/www.yucatanencorto.com\/noticias\/#website"},"primaryImageOfPage":{"@id":"https:\/\/www.yucatanencorto.com\/noticias\/matrimonio-lavanda-que-es-y-por-que-senalan-a-carlos-rivera-y-a-cynthia-rodriguez\/#primaryimage"},"image":{"@id":"https:\/\/www.yucatanencorto.com\/noticias\/matrimonio-lavanda-que-es-y-por-que-senalan-a-carlos-rivera-y-a-cynthia-rodriguez\/#primaryimage"},"thumbnailUrl":"https:\/\/www.yucatanencorto.com\/noticias\/wp-content\/uploads\/2026\/02\/Captura-de-pantalla-2026-02-04-104612-scaled.png","datePublished":"2026-02-04T16:47:11+00:00","breadcrumb":{"@id":"https:\/\/www.yucatanencorto.com\/noticias\/matrimonio-lavanda-que-es-y-por-que-senalan-a-carlos-rivera-y-a-cynthia-rodriguez\/#breadcrumb"},"inLanguage":"es","potentialAction":[{"@type":"ReadAction","target":["https:\/\/www.yucatanencorto.com\/noticias\/matrimonio-lavanda-que-es-y-por-que-senalan-a-carlos-rivera-y-a-cynthia-rodriguez\/"]}]},{"@type":"ImageObject","inLanguage":"es","@id":"https:\/\/www.yucatanencorto.com\/noticias\/matrimonio-lavanda-que-es-y-por-que-senalan-a-carlos-rivera-y-a-cynthia-rodriguez\/#primaryimage","url":"https:\/\/www.yucatanencorto.com\/noticias\/wp-content\/uploads\/2026\/02\/Captura-de-pantalla-2026-02-04-104612-scaled.png","contentUrl":"https:\/\/www.yucatanencorto.com\/noticias\/wp-content\/uploads\/2026\/02\/Captura-de-pantalla-2026-02-04-104612-scaled.png","width":768,"height":514},{"@type":"BreadcrumbList","@id":"https:\/\/www.yucatanencorto.com\/noticias\/matrimonio-lavanda-que-es-y-por-que-senalan-a-carlos-rivera-y-a-cynthia-rodriguez\/#breadcrumb","itemListElement":[{"@type":"ListItem","position":1,"name":"Portada","item":"https:\/\/www.yucatanencorto.com\/noticias\/"},{"@type":"ListItem","position":2,"name":"Matrimonio lavanda: \u00bfQu\u00e9 es y por qu\u00e9 se\u00f1alan a Carlos Rivera y a Cynthia Rodr\u00edguez?"}]},{"@type":"WebSite","@id":"https:\/\/www.yucatanencorto.com\/noticias\/#website","url":"https:\/\/www.yucatanencorto.com\/noticias\/","name":"Yucat\u00e1n en corto","description":"Noticias","publisher":{"@id":"https:\/\/www.yucatanencorto.com\/noticias\/#organization"},"potentialAction":[{"@type":"SearchAction","target":{"@type":"EntryPoint","urlTemplate":"https:\/\/www.yucatanencorto.com\/noticias\/?s={search_term_string}"},"query-input":{"@type":"PropertyValueSpecification","valueRequired":true,"valueName":"search_term_string"}}],"inLanguage":"es"},{"@type":"Organization","@id":"https:\/\/www.yucatanencorto.com\/noticias\/#organization","name":"Yucat\u00e1n en corto","url":"https:\/\/www.yucatanencorto.com\/noticias\/","logo":{"@type":"ImageObject","inLanguage":"es","@id":"https:\/\/www.yucatanencorto.com\/noticias\/#\/schema\/logo\/image\/","url":"https:\/\/www.yucatanencorto.com\/noticias\/wp-content\/uploads\/2026\/08\/Logo-web.png","contentUrl":"https:\/\/www.yucatanencorto.com\/noticias\/wp-content\/uploads\/2026\/08\/Logo-web.png","width":272,"height":90,"caption":"Yucat\u00e1n en corto"},"image":{"@id":"https:\/\/www.yucatanencorto.com\/noticias\/#\/schema\/logo\/image\/"},"sameAs":["http:\/\/www.facebook.com\/yucatanencorto","https:\/\/x.com\/yucatanencorto"]},{"@type":"Person","@id":"https:\/\/www.yucatanencorto.com\/noticias\/#\/schema\/person\/f0ec40c33447bbc0dc2d01d3006de771","name":"YC 25","image":{"@type":"ImageObject","inLanguage":"es","@id":"https:\/\/secure.gravatar.com\/avatar\/20e0a6b626f38fa8e545fb3f80ce566efd790bf8877e65c3a482460cc3e0b5d1?s=96&d=mm&r=g","url":"https:\/\/secure.gravatar.com\/avatar\/20e0a6b626f38fa8e545fb3f80ce566efd790bf8877e65c3a482460cc3e0b5d1?s=96&d=mm&r=g","contentUrl":"https:\/\/secure.gravatar.com\/avatar\/20e0a6b626f38fa8e545fb3f80ce566efd790bf8877e65c3a482460cc3e0b5d1?s=96&d=mm&r=g","caption":"YC 25"},"url":"https:\/\/www.yucatanencorto.com\/noticias\/author\/editor25\/"}]}},"_links":{"self":[{"href":"https:\/\/www.yucatanencorto.com\/noticias\/wp-json\/wp\/v2\/posts\/116479","targetHints":{"allow":["GET"]}}],"collection":[{"href":"https:\/\/www.yucatanencorto.com\/noticias\/wp-json\/wp\/v2\/posts"}],"about":[{"href":"https:\/\/www.yucatanencorto.com\/noticias\/wp-json\/wp\/v2\/types\/post"}],"author":[{"embeddable":true,"href":"https:\/\/www.yucatanencorto.com\/noticias\/wp-json\/wp\/v2\/users\/4"}],"replies":[{"embeddable":true,"href":"https:\/\/www.yucatanencorto.com\/noticias\/wp-json\/wp\/v2\/comments?post=116479"}],"version-history":[{"count":1,"href":"https:\/\/www.yucatanencorto.com\/noticias\/wp-json\/wp\/v2\/posts\/116479\/revisions"}],"predecessor-version":[{"id":116481,"href":"https:\/\/www.yucatanencorto.com\/noticias\/wp-json\/wp\/v2\/posts\/116479\/revisions\/116481"}],"wp:featuredmedia":[{"embeddable":true,"href":"https:\/\/www.yucatanencorto.com\/noticias\/wp-json\/wp\/v2\/media\/116480"}],"wp:attachment":[{"href":"https:\/\/www.yucatanencorto.com\/noticias\/wp-json\/wp\/v2\/media?parent=116479"}],"wp:term":[{"taxonomy":"category","embeddable":true,"href":"https:\/\/www.yucatanencorto.com\/noticias\/wp-json\/wp\/v2\/categories?post=116479"},{"taxonomy":"post_tag","embeddable":true,"href":"https:\/\/www.yucatanencorto.com\/noticias\/wp-json\/wp\/v2\/tags?post=116479"}],"curies":[{"name":"wp","href":"https:\/\/api.w.org\/{rel}","templated":true}]}}