{"id":116640,"date":"2026-03-11T13:45:31","date_gmt":"2026-03-11T19:45:31","guid":{"rendered":"https:\/\/www.yucatanencorto.com\/noticias\/?p=116640"},"modified":"2026-03-11T13:45:31","modified_gmt":"2026-03-11T19:45:31","slug":"kanasin-contara-con-nueva-preparatoria-y-espacios-deportivos-de-primer-nivel","status":"publish","type":"post","link":"https:\/\/www.yucatanencorto.com\/noticias\/kanasin-contara-con-nueva-preparatoria-y-espacios-deportivos-de-primer-nivel\/","title":{"rendered":"Kanas\u00edn contar\u00e1 con nueva preparatoria y espacios deportivos de primer nivel"},"content":{"rendered":"<p><img loading=\"lazy\" decoding=\"async\" class=\"alignnone size-full wp-image-116641\" src=\"https:\/\/www.yucatanencorto.com\/noticias\/wp-content\/uploads\/2026\/03\/IMG-20260310-WA02271-scaled.jpg\" alt=\"\" width=\"768\" height=\"474\" srcset=\"https:\/\/www.yucatanencorto.com\/noticias\/wp-content\/uploads\/2026\/03\/IMG-20260310-WA02271-scaled.jpg 768w, https:\/\/www.yucatanencorto.com\/noticias\/wp-content\/uploads\/2026\/03\/IMG-20260310-WA02271-150x93.jpg 150w, https:\/\/www.yucatanencorto.com\/noticias\/wp-content\/uploads\/2026\/03\/IMG-20260310-WA02271-300x185.jpg 300w, https:\/\/www.yucatanencorto.com\/noticias\/wp-content\/uploads\/2026\/03\/IMG-20260310-WA02271-696x429.jpg 696w, https:\/\/www.yucatanencorto.com\/noticias\/wp-content\/uploads\/2026\/03\/IMG-20260310-WA02271-1068x659.jpg 1068w, https:\/\/www.yucatanencorto.com\/noticias\/wp-content\/uploads\/2026\/03\/IMG-20260310-WA02271-356x220.jpg 356w\" sizes=\"auto, (max-width: 768px) 100vw, 768px\" \/><\/p>\n<p>El alcalde Edwin Boj\u00f3rquez Ram\u00edrez inform\u00f3 que Kanas\u00edn ha sido seleccionado como uno de los municipios, entre 61 de todo el pa\u00eds, para implementar y consolidar una serie de proyectos en materia de educaci\u00f3n, cultura y el deporte, donde los principales beneficiados ser\u00e1n las y los jovenes.<\/p>\n<p>&nbsp;<\/p>\n<p>Dos ser\u00e1n los ejes de trabajo para tal fin: la puesta en marcha del proyecto \u201cM\u00e9xico Imparable\u201d y la pr\u00f3xima construcci\u00f3n de la escuela preparatoria \u201cMargarita Maza\u201d, proyectos que se realizar\u00e1n de manera coordinada con el Gobierno. Federal.<\/p>\n<p>&nbsp;<\/p>\n<p>Lo anterior lo anunci\u00f3 al t\u00e9rmino de una reuni\u00f3n que sostuvo, en compa\u00f1\u00eda de otros 6o alcaldes mexicanos, con la presidenta Claudia Sheinbaum Pardo en Palacio Nacional, as\u00ed como con integrantes de su gabinete.<\/p>\n<p>&nbsp;<\/p>\n<p>\u201cPor su relevancia geogr\u00e1fica y crecimiento poblacional, les podemos adelantar que llegar\u00e1n importantes inversiones a Kanas\u00edn en materia de educaci\u00f3n, cultura y deporte, reafirmando nuestro compromiso de trabajar en equipo, sin distinci\u00f3n de colores, por el bienestar de las familias\u201d, expres\u00f3 al t\u00e9rmino de la reuni\u00f3n desde la Ciudad de M\u00e9xico a trav\u00e9s de sus redes sociales.<\/p>\n<p>&nbsp;<\/p>\n<p>En cuanto a la construcci\u00f3n de la preparatoria \u00abMargarita Maza\u00bb, inform\u00f3 que el Ayuntamiento de Kanas\u00edn donar\u00e1 el terreno y dijo que el nuevo plantel brindar\u00e1 opciones educativas de calidad para la juventud de la zona, asegurando que los j\u00f3venes cuenten con las herramientas necesarias para su desarrollo profesional sin tener que abandonar el municipio.<\/p>\n<p>&nbsp;<\/p>\n<p>Aunado a lo anterior, Edwin Boj\u00f3rquez se\u00f1al\u00f3 que Kanas\u00edn se sumar\u00e1 al programa federal \u00abM\u00e9xico Imparable\u00bb y explic\u00f3 que a trav\u00e9s de esa acci\u00f3n se contempla la construcci\u00f3n de espacios para fomentar la cultura, el deporte y la salud mental, \u201cpilares fundamentales para el sano esparcimiento y el crecimiento integral de los ciudadanos\u201d. El edil destac\u00f3 que el municipio ya cumpli\u00f3 con los requisitos t\u00e9cnicos para acceder a estos beneficios, los cuales forman parte de una visi\u00f3n de gobierno que apuesta por generar oportunidades reales para todos los sectores.<\/p>\n<p>&nbsp;<\/p>\n<p>Agradeci\u00f3 a la presidenta Claudia Sheinbaum y al Gobierno Federal el trabajo coordinado, porque \u201csolo de esa manera seguiremos avanzando como municipio. Si le apostamos al deporte, a la cultura y a la educaci\u00f3n, lograremos que nuestros j\u00f3venes tengan el futuro que merecen\u00bb, concluy\u00f3 Edwin Boj\u00f3rquez.<\/p>\n","protected":false},"excerpt":{"rendered":"<p>El alcalde Edwin Boj\u00f3rquez Ram\u00edrez inform\u00f3 que Kanas\u00edn ha sido seleccionado como uno de los municipios, entre 61 de todo el pa\u00eds, para implementar y consolidar una serie de proyectos en materia de educaci\u00f3n, cultura y el deporte, donde los principales beneficiados ser\u00e1n las y los jovenes. &nbsp; Dos ser\u00e1n los ejes de trabajo para [&hellip;]<\/p>\n","protected":false},"author":4,"featured_media":116641,"comment_status":"closed","ping_status":"closed","sticky":false,"template":"","format":"standard","meta":{"footnotes":""},"categories":[3],"tags":[],"class_list":{"0":"post-116640","1":"post","2":"type-post","3":"status-publish","4":"format-standard","5":"has-post-thumbnail","7":"category-yucatan"},"yoast_head":"<!-- This site is optimized with the Yoast SEO plugin v27.5 - https:\/\/yoast.com\/product\/yoast-seo-wordpress\/ -->\n<title>Kanas\u00edn contar\u00e1 con nueva preparatoria y espacios deportivos de primer nivel - Yucat\u00e1n en corto<\/title>\n<meta name=\"robots\" content=\"index, follow, max-snippet:-1, max-image-preview:large, max-video-preview:-1\" \/>\n<link rel=\"canonical\" href=\"https:\/\/www.yucatanencorto.com\/noticias\/kanasin-contara-con-nueva-preparatoria-y-espacios-deportivos-de-primer-nivel\/\" \/>\n<meta property=\"og:locale\" content=\"es_ES\" \/>\n<meta property=\"og:type\" content=\"article\" \/>\n<meta property=\"og:title\" content=\"Kanas\u00edn contar\u00e1 con nueva preparatoria y espacios deportivos de primer nivel - Yucat\u00e1n en corto\" \/>\n<meta property=\"og:description\" content=\"El alcalde Edwin Boj\u00f3rquez Ram\u00edrez inform\u00f3 que Kanas\u00edn ha sido seleccionado como uno de los municipios, entre 61 de todo el pa\u00eds, para implementar y consolidar una serie de proyectos en materia de educaci\u00f3n, cultura y el deporte, donde los principales beneficiados ser\u00e1n las y los jovenes. &nbsp; Dos ser\u00e1n los ejes de trabajo para [&hellip;]\" \/>\n<meta property=\"og:url\" content=\"https:\/\/www.yucatanencorto.com\/noticias\/kanasin-contara-con-nueva-preparatoria-y-espacios-deportivos-de-primer-nivel\/\" \/>\n<meta property=\"og:site_name\" content=\"Yucat\u00e1n en corto\" \/>\n<meta property=\"article:publisher\" content=\"http:\/\/www.facebook.com\/yucatanencorto\" \/>\n<meta property=\"article:published_time\" content=\"2026-03-11T19:45:31+00:00\" \/>\n<meta property=\"og:image\" content=\"https:\/\/www.yucatanencorto.com\/noticias\/wp-content\/uploads\/2026\/03\/IMG-20260310-WA02271-scaled.jpg\" \/>\n\t<meta property=\"og:image:width\" content=\"768\" \/>\n\t<meta property=\"og:image:height\" content=\"474\" \/>\n\t<meta property=\"og:image:type\" content=\"image\/jpeg\" \/>\n<meta name=\"author\" content=\"Yucat\u00e1n en Corto\" \/>\n<meta name=\"twitter:card\" content=\"summary_large_image\" \/>\n<meta name=\"twitter:creator\" content=\"@yucatanencorto\" \/>\n<meta name=\"twitter:site\" content=\"@yucatanencorto\" \/>\n<meta name=\"twitter:label1\" content=\"Escrito por\" \/>\n\t<meta name=\"twitter:data1\" content=\"Yucat\u00e1n en Corto\" \/>\n\t<meta name=\"twitter:label2\" content=\"Tiempo de lectura\" \/>\n\t<meta name=\"twitter:data2\" content=\"3 minutos\" \/>\n<script type=\"application\/ld+json\" class=\"yoast-schema-graph\">{\"@context\":\"https:\\\/\\\/schema.org\",\"@graph\":[{\"@type\":\"Article\",\"@id\":\"https:\\\/\\\/www.yucatanencorto.com\\\/noticias\\\/kanasin-contara-con-nueva-preparatoria-y-espacios-deportivos-de-primer-nivel\\\/#article\",\"isPartOf\":{\"@id\":\"https:\\\/\\\/www.yucatanencorto.com\\\/noticias\\\/kanasin-contara-con-nueva-preparatoria-y-espacios-deportivos-de-primer-nivel\\\/\"},\"author\":{\"name\":\"Yucat\u00e1n en Corto\",\"@id\":\"https:\\\/\\\/www.yucatanencorto.com\\\/noticias\\\/#\\\/schema\\\/person\\\/f0ec40c33447bbc0dc2d01d3006de771\"},\"headline\":\"Kanas\u00edn contar\u00e1 con nueva preparatoria y espacios deportivos de primer nivel\",\"datePublished\":\"2026-03-11T19:45:31+00:00\",\"mainEntityOfPage\":{\"@id\":\"https:\\\/\\\/www.yucatanencorto.com\\\/noticias\\\/kanasin-contara-con-nueva-preparatoria-y-espacios-deportivos-de-primer-nivel\\\/\"},\"wordCount\":421,\"image\":{\"@id\":\"https:\\\/\\\/www.yucatanencorto.com\\\/noticias\\\/kanasin-contara-con-nueva-preparatoria-y-espacios-deportivos-de-primer-nivel\\\/#primaryimage\"},\"thumbnailUrl\":\"https:\\\/\\\/www.yucatanencorto.com\\\/noticias\\\/wp-content\\\/uploads\\\/2026\\\/03\\\/IMG-20260310-WA02271-scaled.jpg\",\"articleSection\":[\"Yucat\u00e1n\"],\"inLanguage\":\"es\"},{\"@type\":\"WebPage\",\"@id\":\"https:\\\/\\\/www.yucatanencorto.com\\\/noticias\\\/kanasin-contara-con-nueva-preparatoria-y-espacios-deportivos-de-primer-nivel\\\/\",\"url\":\"https:\\\/\\\/www.yucatanencorto.com\\\/noticias\\\/kanasin-contara-con-nueva-preparatoria-y-espacios-deportivos-de-primer-nivel\\\/\",\"name\":\"Kanas\u00edn contar\u00e1 con nueva preparatoria y espacios deportivos de primer nivel - Yucat\u00e1n en corto\",\"isPartOf\":{\"@id\":\"https:\\\/\\\/www.yucatanencorto.com\\\/noticias\\\/#website\"},\"primaryImageOfPage\":{\"@id\":\"https:\\\/\\\/www.yucatanencorto.com\\\/noticias\\\/kanasin-contara-con-nueva-preparatoria-y-espacios-deportivos-de-primer-nivel\\\/#primaryimage\"},\"image\":{\"@id\":\"https:\\\/\\\/www.yucatanencorto.com\\\/noticias\\\/kanasin-contara-con-nueva-preparatoria-y-espacios-deportivos-de-primer-nivel\\\/#primaryimage\"},\"thumbnailUrl\":\"https:\\\/\\\/www.yucatanencorto.com\\\/noticias\\\/wp-content\\\/uploads\\\/2026\\\/03\\\/IMG-20260310-WA02271-scaled.jpg\",\"datePublished\":\"2026-03-11T19:45:31+00:00\",\"author\":{\"@id\":\"https:\\\/\\\/www.yucatanencorto.com\\\/noticias\\\/#\\\/schema\\\/person\\\/f0ec40c33447bbc0dc2d01d3006de771\"},\"breadcrumb\":{\"@id\":\"https:\\\/\\\/www.yucatanencorto.com\\\/noticias\\\/kanasin-contara-con-nueva-preparatoria-y-espacios-deportivos-de-primer-nivel\\\/#breadcrumb\"},\"inLanguage\":\"es\",\"potentialAction\":[{\"@type\":\"ReadAction\",\"target\":[\"https:\\\/\\\/www.yucatanencorto.com\\\/noticias\\\/kanasin-contara-con-nueva-preparatoria-y-espacios-deportivos-de-primer-nivel\\\/\"]}]},{\"@type\":\"ImageObject\",\"inLanguage\":\"es\",\"@id\":\"https:\\\/\\\/www.yucatanencorto.com\\\/noticias\\\/kanasin-contara-con-nueva-preparatoria-y-espacios-deportivos-de-primer-nivel\\\/#primaryimage\",\"url\":\"https:\\\/\\\/www.yucatanencorto.com\\\/noticias\\\/wp-content\\\/uploads\\\/2026\\\/03\\\/IMG-20260310-WA02271-scaled.jpg\",\"contentUrl\":\"https:\\\/\\\/www.yucatanencorto.com\\\/noticias\\\/wp-content\\\/uploads\\\/2026\\\/03\\\/IMG-20260310-WA02271-scaled.jpg\",\"width\":768,\"height\":474},{\"@type\":\"BreadcrumbList\",\"@id\":\"https:\\\/\\\/www.yucatanencorto.com\\\/noticias\\\/kanasin-contara-con-nueva-preparatoria-y-espacios-deportivos-de-primer-nivel\\\/#breadcrumb\",\"itemListElement\":[{\"@type\":\"ListItem\",\"position\":1,\"name\":\"Portada\",\"item\":\"https:\\\/\\\/www.yucatanencorto.com\\\/noticias\\\/\"},{\"@type\":\"ListItem\",\"position\":2,\"name\":\"Kanas\u00edn contar\u00e1 con nueva preparatoria y espacios deportivos de primer nivel\"}]},{\"@type\":\"WebSite\",\"@id\":\"https:\\\/\\\/www.yucatanencorto.com\\\/noticias\\\/#website\",\"url\":\"https:\\\/\\\/www.yucatanencorto.com\\\/noticias\\\/\",\"name\":\"Yucat\u00e1n en corto\",\"description\":\"Noticias\",\"potentialAction\":[{\"@type\":\"SearchAction\",\"target\":{\"@type\":\"EntryPoint\",\"urlTemplate\":\"https:\\\/\\\/www.yucatanencorto.com\\\/noticias\\\/?s={search_term_string}\"},\"query-input\":{\"@type\":\"PropertyValueSpecification\",\"valueRequired\":true,\"valueName\":\"search_term_string\"}}],\"inLanguage\":\"es\"},{\"@type\":\"Person\",\"@id\":\"https:\\\/\\\/www.yucatanencorto.com\\\/noticias\\\/#\\\/schema\\\/person\\\/f0ec40c33447bbc0dc2d01d3006de771\",\"name\":\"Yucat\u00e1n en Corto\",\"image\":{\"@type\":\"ImageObject\",\"inLanguage\":\"es\",\"@id\":\"https:\\\/\\\/secure.gravatar.com\\\/avatar\\\/20e0a6b626f38fa8e545fb3f80ce566efd790bf8877e65c3a482460cc3e0b5d1?s=96&d=mm&r=g\",\"url\":\"https:\\\/\\\/secure.gravatar.com\\\/avatar\\\/20e0a6b626f38fa8e545fb3f80ce566efd790bf8877e65c3a482460cc3e0b5d1?s=96&d=mm&r=g\",\"contentUrl\":\"https:\\\/\\\/secure.gravatar.com\\\/avatar\\\/20e0a6b626f38fa8e545fb3f80ce566efd790bf8877e65c3a482460cc3e0b5d1?s=96&d=mm&r=g\",\"caption\":\"Yucat\u00e1n en Corto\"},\"url\":\"https:\\\/\\\/www.yucatanencorto.com\\\/noticias\\\/author\\\/editor25\\\/\"}]}<\/script>\n<!-- \/ Yoast SEO plugin. -->","yoast_head_json":{"title":"Kanas\u00edn contar\u00e1 con nueva preparatoria y espacios deportivos de primer nivel - Yucat\u00e1n en corto","robots":{"index":"index","follow":"follow","max-snippet":"max-snippet:-1","max-image-preview":"max-image-preview:large","max-video-preview":"max-video-preview:-1"},"canonical":"https:\/\/www.yucatanencorto.com\/noticias\/kanasin-contara-con-nueva-preparatoria-y-espacios-deportivos-de-primer-nivel\/","og_locale":"es_ES","og_type":"article","og_title":"Kanas\u00edn contar\u00e1 con nueva preparatoria y espacios deportivos de primer nivel - Yucat\u00e1n en corto","og_description":"El alcalde Edwin Boj\u00f3rquez Ram\u00edrez inform\u00f3 que Kanas\u00edn ha sido seleccionado como uno de los municipios, entre 61 de todo el pa\u00eds, para implementar y consolidar una serie de proyectos en materia de educaci\u00f3n, cultura y el deporte, donde los principales beneficiados ser\u00e1n las y los jovenes. &nbsp; Dos ser\u00e1n los ejes de trabajo para [&hellip;]","og_url":"https:\/\/www.yucatanencorto.com\/noticias\/kanasin-contara-con-nueva-preparatoria-y-espacios-deportivos-de-primer-nivel\/","og_site_name":"Yucat\u00e1n en corto","article_publisher":"http:\/\/www.facebook.com\/yucatanencorto","article_published_time":"2026-03-11T19:45:31+00:00","og_image":[{"width":768,"height":474,"url":"https:\/\/www.yucatanencorto.com\/noticias\/wp-content\/uploads\/2026\/03\/IMG-20260310-WA02271-scaled.jpg","type":"image\/jpeg"}],"author":"Yucat\u00e1n en Corto","twitter_card":"summary_large_image","twitter_creator":"@yucatanencorto","twitter_site":"@yucatanencorto","twitter_misc":{"Escrito por":"Yucat\u00e1n en Corto","Tiempo de lectura":"3 minutos"},"schema":{"@context":"https:\/\/schema.org","@graph":[{"@type":"Article","@id":"https:\/\/www.yucatanencorto.com\/noticias\/kanasin-contara-con-nueva-preparatoria-y-espacios-deportivos-de-primer-nivel\/#article","isPartOf":{"@id":"https:\/\/www.yucatanencorto.com\/noticias\/kanasin-contara-con-nueva-preparatoria-y-espacios-deportivos-de-primer-nivel\/"},"author":{"name":"Yucat\u00e1n en Corto","@id":"https:\/\/www.yucatanencorto.com\/noticias\/#\/schema\/person\/f0ec40c33447bbc0dc2d01d3006de771"},"headline":"Kanas\u00edn contar\u00e1 con nueva preparatoria y espacios deportivos de primer nivel","datePublished":"2026-03-11T19:45:31+00:00","mainEntityOfPage":{"@id":"https:\/\/www.yucatanencorto.com\/noticias\/kanasin-contara-con-nueva-preparatoria-y-espacios-deportivos-de-primer-nivel\/"},"wordCount":421,"image":{"@id":"https:\/\/www.yucatanencorto.com\/noticias\/kanasin-contara-con-nueva-preparatoria-y-espacios-deportivos-de-primer-nivel\/#primaryimage"},"thumbnailUrl":"https:\/\/www.yucatanencorto.com\/noticias\/wp-content\/uploads\/2026\/03\/IMG-20260310-WA02271-scaled.jpg","articleSection":["Yucat\u00e1n"],"inLanguage":"es"},{"@type":"WebPage","@id":"https:\/\/www.yucatanencorto.com\/noticias\/kanasin-contara-con-nueva-preparatoria-y-espacios-deportivos-de-primer-nivel\/","url":"https:\/\/www.yucatanencorto.com\/noticias\/kanasin-contara-con-nueva-preparatoria-y-espacios-deportivos-de-primer-nivel\/","name":"Kanas\u00edn contar\u00e1 con nueva preparatoria y espacios deportivos de primer nivel - Yucat\u00e1n en corto","isPartOf":{"@id":"https:\/\/www.yucatanencorto.com\/noticias\/#website"},"primaryImageOfPage":{"@id":"https:\/\/www.yucatanencorto.com\/noticias\/kanasin-contara-con-nueva-preparatoria-y-espacios-deportivos-de-primer-nivel\/#primaryimage"},"image":{"@id":"https:\/\/www.yucatanencorto.com\/noticias\/kanasin-contara-con-nueva-preparatoria-y-espacios-deportivos-de-primer-nivel\/#primaryimage"},"thumbnailUrl":"https:\/\/www.yucatanencorto.com\/noticias\/wp-content\/uploads\/2026\/03\/IMG-20260310-WA02271-scaled.jpg","datePublished":"2026-03-11T19:45:31+00:00","author":{"@id":"https:\/\/www.yucatanencorto.com\/noticias\/#\/schema\/person\/f0ec40c33447bbc0dc2d01d3006de771"},"breadcrumb":{"@id":"https:\/\/www.yucatanencorto.com\/noticias\/kanasin-contara-con-nueva-preparatoria-y-espacios-deportivos-de-primer-nivel\/#breadcrumb"},"inLanguage":"es","potentialAction":[{"@type":"ReadAction","target":["https:\/\/www.yucatanencorto.com\/noticias\/kanasin-contara-con-nueva-preparatoria-y-espacios-deportivos-de-primer-nivel\/"]}]},{"@type":"ImageObject","inLanguage":"es","@id":"https:\/\/www.yucatanencorto.com\/noticias\/kanasin-contara-con-nueva-preparatoria-y-espacios-deportivos-de-primer-nivel\/#primaryimage","url":"https:\/\/www.yucatanencorto.com\/noticias\/wp-content\/uploads\/2026\/03\/IMG-20260310-WA02271-scaled.jpg","contentUrl":"https:\/\/www.yucatanencorto.com\/noticias\/wp-content\/uploads\/2026\/03\/IMG-20260310-WA02271-scaled.jpg","width":768,"height":474},{"@type":"BreadcrumbList","@id":"https:\/\/www.yucatanencorto.com\/noticias\/kanasin-contara-con-nueva-preparatoria-y-espacios-deportivos-de-primer-nivel\/#breadcrumb","itemListElement":[{"@type":"ListItem","position":1,"name":"Portada","item":"https:\/\/www.yucatanencorto.com\/noticias\/"},{"@type":"ListItem","position":2,"name":"Kanas\u00edn contar\u00e1 con nueva preparatoria y espacios deportivos de primer nivel"}]},{"@type":"WebSite","@id":"https:\/\/www.yucatanencorto.com\/noticias\/#website","url":"https:\/\/www.yucatanencorto.com\/noticias\/","name":"Yucat\u00e1n en corto","description":"Noticias","potentialAction":[{"@type":"SearchAction","target":{"@type":"EntryPoint","urlTemplate":"https:\/\/www.yucatanencorto.com\/noticias\/?s={search_term_string}"},"query-input":{"@type":"PropertyValueSpecification","valueRequired":true,"valueName":"search_term_string"}}],"inLanguage":"es"},{"@type":"Person","@id":"https:\/\/www.yucatanencorto.com\/noticias\/#\/schema\/person\/f0ec40c33447bbc0dc2d01d3006de771","name":"Yucat\u00e1n en Corto","image":{"@type":"ImageObject","inLanguage":"es","@id":"https:\/\/secure.gravatar.com\/avatar\/20e0a6b626f38fa8e545fb3f80ce566efd790bf8877e65c3a482460cc3e0b5d1?s=96&d=mm&r=g","url":"https:\/\/secure.gravatar.com\/avatar\/20e0a6b626f38fa8e545fb3f80ce566efd790bf8877e65c3a482460cc3e0b5d1?s=96&d=mm&r=g","contentUrl":"https:\/\/secure.gravatar.com\/avatar\/20e0a6b626f38fa8e545fb3f80ce566efd790bf8877e65c3a482460cc3e0b5d1?s=96&d=mm&r=g","caption":"Yucat\u00e1n en Corto"},"url":"https:\/\/www.yucatanencorto.com\/noticias\/author\/editor25\/"}]}},"_links":{"self":[{"href":"https:\/\/www.yucatanencorto.com\/noticias\/wp-json\/wp\/v2\/posts\/116640","targetHints":{"allow":["GET"]}}],"collection":[{"href":"https:\/\/www.yucatanencorto.com\/noticias\/wp-json\/wp\/v2\/posts"}],"about":[{"href":"https:\/\/www.yucatanencorto.com\/noticias\/wp-json\/wp\/v2\/types\/post"}],"author":[{"embeddable":true,"href":"https:\/\/www.yucatanencorto.com\/noticias\/wp-json\/wp\/v2\/users\/4"}],"replies":[{"embeddable":true,"href":"https:\/\/www.yucatanencorto.com\/noticias\/wp-json\/wp\/v2\/comments?post=116640"}],"version-history":[{"count":1,"href":"https:\/\/www.yucatanencorto.com\/noticias\/wp-json\/wp\/v2\/posts\/116640\/revisions"}],"predecessor-version":[{"id":116642,"href":"https:\/\/www.yucatanencorto.com\/noticias\/wp-json\/wp\/v2\/posts\/116640\/revisions\/116642"}],"wp:featuredmedia":[{"embeddable":true,"href":"https:\/\/www.yucatanencorto.com\/noticias\/wp-json\/wp\/v2\/media\/116641"}],"wp:attachment":[{"href":"https:\/\/www.yucatanencorto.com\/noticias\/wp-json\/wp\/v2\/media?parent=116640"}],"wp:term":[{"taxonomy":"category","embeddable":true,"href":"https:\/\/www.yucatanencorto.com\/noticias\/wp-json\/wp\/v2\/categories?post=116640"},{"taxonomy":"post_tag","embeddable":true,"href":"https:\/\/www.yucatanencorto.com\/noticias\/wp-json\/wp\/v2\/tags?post=116640"}],"curies":[{"name":"wp","href":"https:\/\/api.w.org\/{rel}","templated":true}]}}