{"id":116643,"date":"2026-03-11T13:47:23","date_gmt":"2026-03-11T19:47:23","guid":{"rendered":"https:\/\/www.yucatanencorto.com\/noticias\/?p=116643"},"modified":"2026-03-11T13:48:15","modified_gmt":"2026-03-11T19:48:15","slug":"refuerzan-seguridad-en-escuelas-de-yucatan-con-platicas-de-la-ssp","status":"publish","type":"post","link":"https:\/\/www.yucatanencorto.com\/noticias\/refuerzan-seguridad-en-escuelas-de-yucatan-con-platicas-de-la-ssp\/","title":{"rendered":"Refuerzan seguridad en escuelas de Yucat\u00e1n con platicas de la SSP"},"content":{"rendered":"<p><img loading=\"lazy\" decoding=\"async\" class=\"alignnone size-full wp-image-116644\" src=\"https:\/\/www.yucatanencorto.com\/noticias\/wp-content\/uploads\/2026\/03\/IMG-20260311-WA00601-scaled.jpg\" alt=\"\" width=\"768\" height=\"576\" srcset=\"https:\/\/www.yucatanencorto.com\/noticias\/wp-content\/uploads\/2026\/03\/IMG-20260311-WA00601-scaled.jpg 768w, https:\/\/www.yucatanencorto.com\/noticias\/wp-content\/uploads\/2026\/03\/IMG-20260311-WA00601-150x113.jpg 150w, https:\/\/www.yucatanencorto.com\/noticias\/wp-content\/uploads\/2026\/03\/IMG-20260311-WA00601-300x225.jpg 300w, https:\/\/www.yucatanencorto.com\/noticias\/wp-content\/uploads\/2026\/03\/IMG-20260311-WA00601-696x522.jpg 696w, https:\/\/www.yucatanencorto.com\/noticias\/wp-content\/uploads\/2026\/03\/IMG-20260311-WA00601-1068x801.jpg 1068w\" sizes=\"auto, (max-width: 768px) 100vw, 768px\" \/><\/p>\n<p>M\u00e9rida, Yucat\u00e1n., 11 de marzo de 2026.<\/p>\n<p>La Secretar\u00eda de Seguridad P\u00fablica (SSP) mantiene acciones permanentes de proximidad social y prevenci\u00f3n del delito en centros educativos del estado, con el prop\u00f3sito de fortalecer entornos seguros para ni\u00f1as, ni\u00f1os, adolescentes y sus familias, mediante actividades formativas que promueven la corresponsabilidad entre autoridades, comunidad escolar y padres de familia.<\/p>\n<p>&nbsp;<\/p>\n<p>Como parte de estas acciones, elementos de la SSP realizaron jornadas informativas en diversos planteles educativos, donde impartieron pl\u00e1ticas y din\u00e1micas sobre educaci\u00f3n vial, prevenci\u00f3n de adicciones, prevenci\u00f3n de accidentes, uso responsable del n\u00famero de emergencia 9-1-1, integraci\u00f3n familiar y uso consciente de las redes sociales.<\/p>\n<p>&nbsp;<\/p>\n<p>Estas actividades estuvieron dirigidas tanto a estudiantes como a madres y padres de familia, con espacios de orientaci\u00f3n enfocados en la importancia del acompa\u00f1amiento en el entorno digital, la comunicaci\u00f3n en casa, la supervisi\u00f3n responsable y la construcci\u00f3n de ambientes familiares m\u00e1s seguros.<\/p>\n<p>&nbsp;<\/p>\n<p>Las jornadas se llevaron a cabo en el CBTA No. 13, en Acanceh; en la Secundaria General Leandro Valle, en Kanas\u00edn; en el Telebachillerato de la comisar\u00eda de Xcuy\u00fan, en Conkal; as\u00ed como en distintos planteles de M\u00e9rida, entre ellos las primarias Francisco Sarabia, en la subcomisar\u00eda de Noc Ac, y Agust\u00edn Franco Villanueva, en Santa Gertrudis Cop\u00f3; la Secundaria Joaqu\u00edn Coello Coello, en la comisar\u00eda de Komch\u00e9n; la Telesecundaria Fabio Espinoza Granados, en Chalmuch; la Comunidad Educativa Rochester, en Dzity\u00e1, y la Madison International School, en Chablekal.<\/p>\n<p>&nbsp;<\/p>\n<p>La SSP reitera que la prevenci\u00f3n es una tarea compartida y exhorta a madres, padres, docentes y ciudadan\u00eda en general a mantenerse atentos a la formaci\u00f3n y bienestar de ni\u00f1as, ni\u00f1os y adolescentes. Ante cualquier emergencia, la poblaci\u00f3n puede comunicarse al 9-1-1, y para realizar denuncias an\u00f3nimas est\u00e1 disponible el 089.<\/p>\n<p>&nbsp;<\/p>\n<p>Se reconoce la disposici\u00f3n y participaci\u00f3n de directivos escolares, estudiantes y padres de familia, cuya colaboraci\u00f3n permite fortalecer estas acciones orientadas a la prevenci\u00f3n y al bienestar comunitario.<\/p>\n","protected":false},"excerpt":{"rendered":"<p>M\u00e9rida, Yucat\u00e1n., 11 de marzo de 2026. La Secretar\u00eda de Seguridad P\u00fablica (SSP) mantiene acciones permanentes de proximidad social y prevenci\u00f3n del delito en centros educativos del estado, con el prop\u00f3sito de fortalecer entornos seguros para ni\u00f1as, ni\u00f1os, adolescentes y sus familias, mediante actividades formativas que promueven la corresponsabilidad entre autoridades, comunidad escolar y padres [&hellip;]<\/p>\n","protected":false},"author":4,"featured_media":116644,"comment_status":"closed","ping_status":"closed","sticky":false,"template":"","format":"standard","meta":{"footnotes":""},"categories":[3],"tags":[],"class_list":{"0":"post-116643","1":"post","2":"type-post","3":"status-publish","4":"format-standard","5":"has-post-thumbnail","7":"category-yucatan"},"yoast_head":"<!-- This site is optimized with the Yoast SEO plugin v27.5 - https:\/\/yoast.com\/product\/yoast-seo-wordpress\/ -->\n<title>Refuerzan seguridad en escuelas de Yucat\u00e1n con platicas de la SSP - Yucat\u00e1n en corto<\/title>\n<meta name=\"robots\" content=\"index, follow, max-snippet:-1, max-image-preview:large, max-video-preview:-1\" \/>\n<link rel=\"canonical\" href=\"https:\/\/www.yucatanencorto.com\/noticias\/refuerzan-seguridad-en-escuelas-de-yucatan-con-platicas-de-la-ssp\/\" \/>\n<meta property=\"og:locale\" content=\"es_ES\" \/>\n<meta property=\"og:type\" content=\"article\" \/>\n<meta property=\"og:title\" content=\"Refuerzan seguridad en escuelas de Yucat\u00e1n con platicas de la SSP - Yucat\u00e1n en corto\" \/>\n<meta property=\"og:description\" content=\"M\u00e9rida, Yucat\u00e1n., 11 de marzo de 2026. La Secretar\u00eda de Seguridad P\u00fablica (SSP) mantiene acciones permanentes de proximidad social y prevenci\u00f3n del delito en centros educativos del estado, con el prop\u00f3sito de fortalecer entornos seguros para ni\u00f1as, ni\u00f1os, adolescentes y sus familias, mediante actividades formativas que promueven la corresponsabilidad entre autoridades, comunidad escolar y padres [&hellip;]\" \/>\n<meta property=\"og:url\" content=\"https:\/\/www.yucatanencorto.com\/noticias\/refuerzan-seguridad-en-escuelas-de-yucatan-con-platicas-de-la-ssp\/\" \/>\n<meta property=\"og:site_name\" content=\"Yucat\u00e1n en corto\" \/>\n<meta property=\"article:publisher\" content=\"http:\/\/www.facebook.com\/yucatanencorto\" \/>\n<meta property=\"article:published_time\" content=\"2026-03-11T19:47:23+00:00\" \/>\n<meta property=\"article:modified_time\" content=\"2026-03-11T19:48:15+00:00\" \/>\n<meta property=\"og:image\" content=\"https:\/\/www.yucatanencorto.com\/noticias\/wp-content\/uploads\/2026\/03\/IMG-20260311-WA00601-scaled.jpg\" \/>\n\t<meta property=\"og:image:width\" content=\"768\" \/>\n\t<meta property=\"og:image:height\" content=\"576\" \/>\n\t<meta property=\"og:image:type\" content=\"image\/jpeg\" \/>\n<meta name=\"author\" content=\"Yucat\u00e1n en Corto\" \/>\n<meta name=\"twitter:card\" content=\"summary_large_image\" \/>\n<meta name=\"twitter:creator\" content=\"@yucatanencorto\" \/>\n<meta name=\"twitter:site\" content=\"@yucatanencorto\" \/>\n<meta name=\"twitter:label1\" content=\"Escrito por\" \/>\n\t<meta name=\"twitter:data1\" content=\"Yucat\u00e1n en Corto\" \/>\n\t<meta name=\"twitter:label2\" content=\"Tiempo de lectura\" \/>\n\t<meta name=\"twitter:data2\" content=\"2 minutos\" \/>\n<script type=\"application\/ld+json\" class=\"yoast-schema-graph\">{\"@context\":\"https:\\\/\\\/schema.org\",\"@graph\":[{\"@type\":\"Article\",\"@id\":\"https:\\\/\\\/www.yucatanencorto.com\\\/noticias\\\/refuerzan-seguridad-en-escuelas-de-yucatan-con-platicas-de-la-ssp\\\/#article\",\"isPartOf\":{\"@id\":\"https:\\\/\\\/www.yucatanencorto.com\\\/noticias\\\/refuerzan-seguridad-en-escuelas-de-yucatan-con-platicas-de-la-ssp\\\/\"},\"author\":{\"name\":\"Yucat\u00e1n en Corto\",\"@id\":\"https:\\\/\\\/www.yucatanencorto.com\\\/noticias\\\/#\\\/schema\\\/person\\\/f0ec40c33447bbc0dc2d01d3006de771\"},\"headline\":\"Refuerzan seguridad en escuelas de Yucat\u00e1n con platicas de la SSP\",\"datePublished\":\"2026-03-11T19:47:23+00:00\",\"dateModified\":\"2026-03-11T19:48:15+00:00\",\"mainEntityOfPage\":{\"@id\":\"https:\\\/\\\/www.yucatanencorto.com\\\/noticias\\\/refuerzan-seguridad-en-escuelas-de-yucatan-con-platicas-de-la-ssp\\\/\"},\"wordCount\":369,\"image\":{\"@id\":\"https:\\\/\\\/www.yucatanencorto.com\\\/noticias\\\/refuerzan-seguridad-en-escuelas-de-yucatan-con-platicas-de-la-ssp\\\/#primaryimage\"},\"thumbnailUrl\":\"https:\\\/\\\/www.yucatanencorto.com\\\/noticias\\\/wp-content\\\/uploads\\\/2026\\\/03\\\/IMG-20260311-WA00601-scaled.jpg\",\"articleSection\":[\"Yucat\u00e1n\"],\"inLanguage\":\"es\"},{\"@type\":\"WebPage\",\"@id\":\"https:\\\/\\\/www.yucatanencorto.com\\\/noticias\\\/refuerzan-seguridad-en-escuelas-de-yucatan-con-platicas-de-la-ssp\\\/\",\"url\":\"https:\\\/\\\/www.yucatanencorto.com\\\/noticias\\\/refuerzan-seguridad-en-escuelas-de-yucatan-con-platicas-de-la-ssp\\\/\",\"name\":\"Refuerzan seguridad en escuelas de Yucat\u00e1n con platicas de la SSP - Yucat\u00e1n en corto\",\"isPartOf\":{\"@id\":\"https:\\\/\\\/www.yucatanencorto.com\\\/noticias\\\/#website\"},\"primaryImageOfPage\":{\"@id\":\"https:\\\/\\\/www.yucatanencorto.com\\\/noticias\\\/refuerzan-seguridad-en-escuelas-de-yucatan-con-platicas-de-la-ssp\\\/#primaryimage\"},\"image\":{\"@id\":\"https:\\\/\\\/www.yucatanencorto.com\\\/noticias\\\/refuerzan-seguridad-en-escuelas-de-yucatan-con-platicas-de-la-ssp\\\/#primaryimage\"},\"thumbnailUrl\":\"https:\\\/\\\/www.yucatanencorto.com\\\/noticias\\\/wp-content\\\/uploads\\\/2026\\\/03\\\/IMG-20260311-WA00601-scaled.jpg\",\"datePublished\":\"2026-03-11T19:47:23+00:00\",\"dateModified\":\"2026-03-11T19:48:15+00:00\",\"author\":{\"@id\":\"https:\\\/\\\/www.yucatanencorto.com\\\/noticias\\\/#\\\/schema\\\/person\\\/f0ec40c33447bbc0dc2d01d3006de771\"},\"breadcrumb\":{\"@id\":\"https:\\\/\\\/www.yucatanencorto.com\\\/noticias\\\/refuerzan-seguridad-en-escuelas-de-yucatan-con-platicas-de-la-ssp\\\/#breadcrumb\"},\"inLanguage\":\"es\",\"potentialAction\":[{\"@type\":\"ReadAction\",\"target\":[\"https:\\\/\\\/www.yucatanencorto.com\\\/noticias\\\/refuerzan-seguridad-en-escuelas-de-yucatan-con-platicas-de-la-ssp\\\/\"]}]},{\"@type\":\"ImageObject\",\"inLanguage\":\"es\",\"@id\":\"https:\\\/\\\/www.yucatanencorto.com\\\/noticias\\\/refuerzan-seguridad-en-escuelas-de-yucatan-con-platicas-de-la-ssp\\\/#primaryimage\",\"url\":\"https:\\\/\\\/www.yucatanencorto.com\\\/noticias\\\/wp-content\\\/uploads\\\/2026\\\/03\\\/IMG-20260311-WA00601-scaled.jpg\",\"contentUrl\":\"https:\\\/\\\/www.yucatanencorto.com\\\/noticias\\\/wp-content\\\/uploads\\\/2026\\\/03\\\/IMG-20260311-WA00601-scaled.jpg\",\"width\":768,\"height\":576},{\"@type\":\"BreadcrumbList\",\"@id\":\"https:\\\/\\\/www.yucatanencorto.com\\\/noticias\\\/refuerzan-seguridad-en-escuelas-de-yucatan-con-platicas-de-la-ssp\\\/#breadcrumb\",\"itemListElement\":[{\"@type\":\"ListItem\",\"position\":1,\"name\":\"Portada\",\"item\":\"https:\\\/\\\/www.yucatanencorto.com\\\/noticias\\\/\"},{\"@type\":\"ListItem\",\"position\":2,\"name\":\"Refuerzan seguridad en escuelas de Yucat\u00e1n con platicas de la SSP\"}]},{\"@type\":\"WebSite\",\"@id\":\"https:\\\/\\\/www.yucatanencorto.com\\\/noticias\\\/#website\",\"url\":\"https:\\\/\\\/www.yucatanencorto.com\\\/noticias\\\/\",\"name\":\"Yucat\u00e1n en corto\",\"description\":\"Noticias\",\"potentialAction\":[{\"@type\":\"SearchAction\",\"target\":{\"@type\":\"EntryPoint\",\"urlTemplate\":\"https:\\\/\\\/www.yucatanencorto.com\\\/noticias\\\/?s={search_term_string}\"},\"query-input\":{\"@type\":\"PropertyValueSpecification\",\"valueRequired\":true,\"valueName\":\"search_term_string\"}}],\"inLanguage\":\"es\"},{\"@type\":\"Person\",\"@id\":\"https:\\\/\\\/www.yucatanencorto.com\\\/noticias\\\/#\\\/schema\\\/person\\\/f0ec40c33447bbc0dc2d01d3006de771\",\"name\":\"Yucat\u00e1n en Corto\",\"image\":{\"@type\":\"ImageObject\",\"inLanguage\":\"es\",\"@id\":\"https:\\\/\\\/secure.gravatar.com\\\/avatar\\\/20e0a6b626f38fa8e545fb3f80ce566efd790bf8877e65c3a482460cc3e0b5d1?s=96&d=mm&r=g\",\"url\":\"https:\\\/\\\/secure.gravatar.com\\\/avatar\\\/20e0a6b626f38fa8e545fb3f80ce566efd790bf8877e65c3a482460cc3e0b5d1?s=96&d=mm&r=g\",\"contentUrl\":\"https:\\\/\\\/secure.gravatar.com\\\/avatar\\\/20e0a6b626f38fa8e545fb3f80ce566efd790bf8877e65c3a482460cc3e0b5d1?s=96&d=mm&r=g\",\"caption\":\"Yucat\u00e1n en Corto\"},\"url\":\"https:\\\/\\\/www.yucatanencorto.com\\\/noticias\\\/author\\\/editor25\\\/\"}]}<\/script>\n<!-- \/ Yoast SEO plugin. -->","yoast_head_json":{"title":"Refuerzan seguridad en escuelas de Yucat\u00e1n con platicas de la SSP - Yucat\u00e1n en corto","robots":{"index":"index","follow":"follow","max-snippet":"max-snippet:-1","max-image-preview":"max-image-preview:large","max-video-preview":"max-video-preview:-1"},"canonical":"https:\/\/www.yucatanencorto.com\/noticias\/refuerzan-seguridad-en-escuelas-de-yucatan-con-platicas-de-la-ssp\/","og_locale":"es_ES","og_type":"article","og_title":"Refuerzan seguridad en escuelas de Yucat\u00e1n con platicas de la SSP - Yucat\u00e1n en corto","og_description":"M\u00e9rida, Yucat\u00e1n., 11 de marzo de 2026. La Secretar\u00eda de Seguridad P\u00fablica (SSP) mantiene acciones permanentes de proximidad social y prevenci\u00f3n del delito en centros educativos del estado, con el prop\u00f3sito de fortalecer entornos seguros para ni\u00f1as, ni\u00f1os, adolescentes y sus familias, mediante actividades formativas que promueven la corresponsabilidad entre autoridades, comunidad escolar y padres [&hellip;]","og_url":"https:\/\/www.yucatanencorto.com\/noticias\/refuerzan-seguridad-en-escuelas-de-yucatan-con-platicas-de-la-ssp\/","og_site_name":"Yucat\u00e1n en corto","article_publisher":"http:\/\/www.facebook.com\/yucatanencorto","article_published_time":"2026-03-11T19:47:23+00:00","article_modified_time":"2026-03-11T19:48:15+00:00","og_image":[{"width":768,"height":576,"url":"https:\/\/www.yucatanencorto.com\/noticias\/wp-content\/uploads\/2026\/03\/IMG-20260311-WA00601-scaled.jpg","type":"image\/jpeg"}],"author":"Yucat\u00e1n en Corto","twitter_card":"summary_large_image","twitter_creator":"@yucatanencorto","twitter_site":"@yucatanencorto","twitter_misc":{"Escrito por":"Yucat\u00e1n en Corto","Tiempo de lectura":"2 minutos"},"schema":{"@context":"https:\/\/schema.org","@graph":[{"@type":"Article","@id":"https:\/\/www.yucatanencorto.com\/noticias\/refuerzan-seguridad-en-escuelas-de-yucatan-con-platicas-de-la-ssp\/#article","isPartOf":{"@id":"https:\/\/www.yucatanencorto.com\/noticias\/refuerzan-seguridad-en-escuelas-de-yucatan-con-platicas-de-la-ssp\/"},"author":{"name":"Yucat\u00e1n en Corto","@id":"https:\/\/www.yucatanencorto.com\/noticias\/#\/schema\/person\/f0ec40c33447bbc0dc2d01d3006de771"},"headline":"Refuerzan seguridad en escuelas de Yucat\u00e1n con platicas de la SSP","datePublished":"2026-03-11T19:47:23+00:00","dateModified":"2026-03-11T19:48:15+00:00","mainEntityOfPage":{"@id":"https:\/\/www.yucatanencorto.com\/noticias\/refuerzan-seguridad-en-escuelas-de-yucatan-con-platicas-de-la-ssp\/"},"wordCount":369,"image":{"@id":"https:\/\/www.yucatanencorto.com\/noticias\/refuerzan-seguridad-en-escuelas-de-yucatan-con-platicas-de-la-ssp\/#primaryimage"},"thumbnailUrl":"https:\/\/www.yucatanencorto.com\/noticias\/wp-content\/uploads\/2026\/03\/IMG-20260311-WA00601-scaled.jpg","articleSection":["Yucat\u00e1n"],"inLanguage":"es"},{"@type":"WebPage","@id":"https:\/\/www.yucatanencorto.com\/noticias\/refuerzan-seguridad-en-escuelas-de-yucatan-con-platicas-de-la-ssp\/","url":"https:\/\/www.yucatanencorto.com\/noticias\/refuerzan-seguridad-en-escuelas-de-yucatan-con-platicas-de-la-ssp\/","name":"Refuerzan seguridad en escuelas de Yucat\u00e1n con platicas de la SSP - Yucat\u00e1n en corto","isPartOf":{"@id":"https:\/\/www.yucatanencorto.com\/noticias\/#website"},"primaryImageOfPage":{"@id":"https:\/\/www.yucatanencorto.com\/noticias\/refuerzan-seguridad-en-escuelas-de-yucatan-con-platicas-de-la-ssp\/#primaryimage"},"image":{"@id":"https:\/\/www.yucatanencorto.com\/noticias\/refuerzan-seguridad-en-escuelas-de-yucatan-con-platicas-de-la-ssp\/#primaryimage"},"thumbnailUrl":"https:\/\/www.yucatanencorto.com\/noticias\/wp-content\/uploads\/2026\/03\/IMG-20260311-WA00601-scaled.jpg","datePublished":"2026-03-11T19:47:23+00:00","dateModified":"2026-03-11T19:48:15+00:00","author":{"@id":"https:\/\/www.yucatanencorto.com\/noticias\/#\/schema\/person\/f0ec40c33447bbc0dc2d01d3006de771"},"breadcrumb":{"@id":"https:\/\/www.yucatanencorto.com\/noticias\/refuerzan-seguridad-en-escuelas-de-yucatan-con-platicas-de-la-ssp\/#breadcrumb"},"inLanguage":"es","potentialAction":[{"@type":"ReadAction","target":["https:\/\/www.yucatanencorto.com\/noticias\/refuerzan-seguridad-en-escuelas-de-yucatan-con-platicas-de-la-ssp\/"]}]},{"@type":"ImageObject","inLanguage":"es","@id":"https:\/\/www.yucatanencorto.com\/noticias\/refuerzan-seguridad-en-escuelas-de-yucatan-con-platicas-de-la-ssp\/#primaryimage","url":"https:\/\/www.yucatanencorto.com\/noticias\/wp-content\/uploads\/2026\/03\/IMG-20260311-WA00601-scaled.jpg","contentUrl":"https:\/\/www.yucatanencorto.com\/noticias\/wp-content\/uploads\/2026\/03\/IMG-20260311-WA00601-scaled.jpg","width":768,"height":576},{"@type":"BreadcrumbList","@id":"https:\/\/www.yucatanencorto.com\/noticias\/refuerzan-seguridad-en-escuelas-de-yucatan-con-platicas-de-la-ssp\/#breadcrumb","itemListElement":[{"@type":"ListItem","position":1,"name":"Portada","item":"https:\/\/www.yucatanencorto.com\/noticias\/"},{"@type":"ListItem","position":2,"name":"Refuerzan seguridad en escuelas de Yucat\u00e1n con platicas de la SSP"}]},{"@type":"WebSite","@id":"https:\/\/www.yucatanencorto.com\/noticias\/#website","url":"https:\/\/www.yucatanencorto.com\/noticias\/","name":"Yucat\u00e1n en corto","description":"Noticias","potentialAction":[{"@type":"SearchAction","target":{"@type":"EntryPoint","urlTemplate":"https:\/\/www.yucatanencorto.com\/noticias\/?s={search_term_string}"},"query-input":{"@type":"PropertyValueSpecification","valueRequired":true,"valueName":"search_term_string"}}],"inLanguage":"es"},{"@type":"Person","@id":"https:\/\/www.yucatanencorto.com\/noticias\/#\/schema\/person\/f0ec40c33447bbc0dc2d01d3006de771","name":"Yucat\u00e1n en Corto","image":{"@type":"ImageObject","inLanguage":"es","@id":"https:\/\/secure.gravatar.com\/avatar\/20e0a6b626f38fa8e545fb3f80ce566efd790bf8877e65c3a482460cc3e0b5d1?s=96&d=mm&r=g","url":"https:\/\/secure.gravatar.com\/avatar\/20e0a6b626f38fa8e545fb3f80ce566efd790bf8877e65c3a482460cc3e0b5d1?s=96&d=mm&r=g","contentUrl":"https:\/\/secure.gravatar.com\/avatar\/20e0a6b626f38fa8e545fb3f80ce566efd790bf8877e65c3a482460cc3e0b5d1?s=96&d=mm&r=g","caption":"Yucat\u00e1n en Corto"},"url":"https:\/\/www.yucatanencorto.com\/noticias\/author\/editor25\/"}]}},"_links":{"self":[{"href":"https:\/\/www.yucatanencorto.com\/noticias\/wp-json\/wp\/v2\/posts\/116643","targetHints":{"allow":["GET"]}}],"collection":[{"href":"https:\/\/www.yucatanencorto.com\/noticias\/wp-json\/wp\/v2\/posts"}],"about":[{"href":"https:\/\/www.yucatanencorto.com\/noticias\/wp-json\/wp\/v2\/types\/post"}],"author":[{"embeddable":true,"href":"https:\/\/www.yucatanencorto.com\/noticias\/wp-json\/wp\/v2\/users\/4"}],"replies":[{"embeddable":true,"href":"https:\/\/www.yucatanencorto.com\/noticias\/wp-json\/wp\/v2\/comments?post=116643"}],"version-history":[{"count":1,"href":"https:\/\/www.yucatanencorto.com\/noticias\/wp-json\/wp\/v2\/posts\/116643\/revisions"}],"predecessor-version":[{"id":116645,"href":"https:\/\/www.yucatanencorto.com\/noticias\/wp-json\/wp\/v2\/posts\/116643\/revisions\/116645"}],"wp:featuredmedia":[{"embeddable":true,"href":"https:\/\/www.yucatanencorto.com\/noticias\/wp-json\/wp\/v2\/media\/116644"}],"wp:attachment":[{"href":"https:\/\/www.yucatanencorto.com\/noticias\/wp-json\/wp\/v2\/media?parent=116643"}],"wp:term":[{"taxonomy":"category","embeddable":true,"href":"https:\/\/www.yucatanencorto.com\/noticias\/wp-json\/wp\/v2\/categories?post=116643"},{"taxonomy":"post_tag","embeddable":true,"href":"https:\/\/www.yucatanencorto.com\/noticias\/wp-json\/wp\/v2\/tags?post=116643"}],"curies":[{"name":"wp","href":"https:\/\/api.w.org\/{rel}","templated":true}]}}