{"id":116653,"date":"2026-03-12T13:50:54","date_gmt":"2026-03-12T19:50:54","guid":{"rendered":"https:\/\/www.yucatanencorto.com\/noticias\/?p=116653"},"modified":"2026-03-12T13:50:54","modified_gmt":"2026-03-12T19:50:54","slug":"inicia-en-yucatan-la-etapa-estatal-del-mundialito-escolar-2026","status":"publish","type":"post","link":"https:\/\/www.yucatanencorto.com\/noticias\/inicia-en-yucatan-la-etapa-estatal-del-mundialito-escolar-2026\/","title":{"rendered":"Inicia\u00a0en\u00a0Yucat\u00e1n\u00a0la\u00a0etapa\u00a0estatal\u00a0del\u00a0Mundialito\u00a0Escolar 2026"},"content":{"rendered":"<p><img loading=\"lazy\" decoding=\"async\" class=\"alignnone size-full wp-image-116654\" src=\"https:\/\/www.yucatanencorto.com\/noticias\/wp-content\/uploads\/2026\/03\/IMG-20260312-WA0041-scaled.jpg\" alt=\"\" width=\"768\" height=\"513\" srcset=\"https:\/\/www.yucatanencorto.com\/noticias\/wp-content\/uploads\/2026\/03\/IMG-20260312-WA0041-scaled.jpg 768w, https:\/\/www.yucatanencorto.com\/noticias\/wp-content\/uploads\/2026\/03\/IMG-20260312-WA0041-1536x1026.jpg 1536w, https:\/\/www.yucatanencorto.com\/noticias\/wp-content\/uploads\/2026\/03\/IMG-20260312-WA0041-2048x1368.jpg 2048w, https:\/\/www.yucatanencorto.com\/noticias\/wp-content\/uploads\/2026\/03\/IMG-20260312-WA0041-150x100.jpg 150w, https:\/\/www.yucatanencorto.com\/noticias\/wp-content\/uploads\/2026\/03\/IMG-20260312-WA0041-300x200.jpg 300w, https:\/\/www.yucatanencorto.com\/noticias\/wp-content\/uploads\/2026\/03\/IMG-20260312-WA0041-696x465.jpg 696w, https:\/\/www.yucatanencorto.com\/noticias\/wp-content\/uploads\/2026\/03\/IMG-20260312-WA0041-1068x713.jpg 1068w, https:\/\/www.yucatanencorto.com\/noticias\/wp-content\/uploads\/2026\/03\/IMG-20260312-WA0041-1920x1283.jpg 1920w\" sizes=\"auto, (max-width: 768px) 100vw, 768px\" \/><\/p>\n<p>M\u00e9rida, Yucat\u00e1n, a 12 de marzo de 2026<\/p>\n<p>El Gobernador Joaqu\u00edn D\u00edaz Mena inaugur\u00f3 la etapa estatal de la Copa Nacional de Educaci\u00f3n B\u00e1sica Mundialito Escolar 2026, en la cual participar\u00e1n m\u00e1s de 500 ni\u00f1as, ni\u00f1os y j\u00f3venes de escuelas p\u00fablicas y privadas del estado para ganarse un lugar en la final nacional, que se realizar\u00e1 en mayo en el Estadio Universitario de la Ciudad de M\u00e9xico.<\/p>\n<p>&nbsp;<\/p>\n<p>Al dirigir su mensaje, el Gobernador resalt\u00f3 la importancia de este d\u00eda, ya que las y los participantes se ganaron un lugar gracias a su disciplina y dedicaci\u00f3n para representar a sus escuelas en esta etapa estatal del Mundialito Escolar 2026, iniciativa impulsada por la Presidenta Claudia Sheinbaum Pardo, a quien tambi\u00e9n agradeci\u00f3 por su respaldo constante hacia Yucat\u00e1n y su gente.<\/p>\n<p>&nbsp;<\/p>\n<p>\u00abQuiero decirles que este Gobierno cree en el deporte como herramienta de formaci\u00f3n integral. Por eso invertimos en m\u00e1s espacios deportivos y queremos agradecerle a nuestro paisano director general de la Comisi\u00f3n Nacional de Cultura F\u00edsica y Deporte (Conade), Rommel Pacheco Marrufo, porque nos va a apoyar, a trav\u00e9s de la Conade y la Sedatu, este a\u00f1o, para la remodelaci\u00f3n de m\u00e1s de 25 canchas de futbol 7 en Yucat\u00e1n, tanto en M\u00e9rida como en municipios\u00bb, sostuvo.<\/p>\n<p>&nbsp;<\/p>\n<p>Previo a realizar la declaratoria inaugural, D\u00edaz Mena afirm\u00f3 que este Mundialito Escolar es una oportunidad para que ni\u00f1as, ni\u00f1os y j\u00f3venes vivan el sue\u00f1o de jugar futbol al m\u00e1s alto nivel, por lo que destac\u00f3 que la presencia y el acompa\u00f1amiento de madres y padres de familia son muy importantes para lograrlo.<\/p>\n<p>&nbsp;<\/p>\n<p>En su turno, el director general de la Conade, Rommel Pacheco Marrufo, record\u00f3 que, a trav\u00e9s del trabajo conjunto, la dependencia federal y el Gobierno del Estado han realizado muchas obras y acciones que contribuyen a la vida deportiva y a la promoci\u00f3n de la activaci\u00f3n f\u00edsica en beneficio de las yucatecas y los yucatecos.<\/p>\n<p>&nbsp;<\/p>\n<p>En este sentido, destac\u00f3 que este Mundialito es resultado tambi\u00e9n del trabajo en equipo y de la iniciativa de la Presidenta de M\u00e9xico, como parte del Mundial Social, con motivo de la Copa Mundial de Futbol 2026, para que el balompi\u00e9 no se quede en los estadios y en la televisi\u00f3n, sino que aliente la participaci\u00f3n de chicas y chicos con diversas copas para todos los sectores de la poblaci\u00f3n, lo cual tambi\u00e9n ser\u00e1 un semillero para descubrir talento deportivo que pueda ser canalizado a las fuerzas b\u00e1sicas de equipos profesionales.<\/p>\n<p>&nbsp;<\/p>\n<p>\u201cA nivel nacional, porque esto se hace en todo el pa\u00eds, m\u00e1s de 800 mil ni\u00f1as y ni\u00f1os participan en este Mundial. Se van a hacer m\u00e1s de cuatro mil canchas de f\u00fatbol, y entre Conade y Sedatu se har\u00e1n m\u00e1s de 1,200 canchas. En Yucat\u00e1n, en coordinaci\u00f3n con el Gobierno del Estado, se construir\u00e1n estas canchas en municipios y comisar\u00edas para que practiquen f\u00fatbol\u201d, detall\u00f3.<\/p>\n<p>&nbsp;<\/p>\n<p>Por su parte, el secretario de Educaci\u00f3n del Gobierno del Estado de Yucat\u00e1n (Segey), Juan Balam V\u00e1rguez, expuso que este torneo, impulsado por la doctora Claudia Sheinbaum Pardo, es hoy el torneo infantil y juvenil m\u00e1s grande del mundo.<\/p>\n<p>&nbsp;<\/p>\n<p>En esta etapa estatal, explic\u00f3 el titular de Segey, participan los equipos de las escuelas finalistas en las ramas varonil y femenil, es decir, 80 alumnas y 80 alumnos de primaria, as\u00ed como 40 estudiantes varoniles y femeniles de secundaria.<\/p>\n<p>&nbsp;<\/p>\n<p>Adem\u00e1s, a\u00f1adi\u00f3, en la etapa final participar\u00e1n estudiantes de los seis subsistemas de educaci\u00f3n media superior, quienes compiten en los segundos Juegos Deportivos de Preparatorias, sumando 192 j\u00f3venes, as\u00ed como 48 entrenadores y entrenadoras del Mundialito Escolar y 24 de nivel superior.<\/p>\n<p>&nbsp;<\/p>\n<p>Participaron en este evento la deportista de quinto grado de la Escuela \u201cInocencio Ruiz\u201d de Peto, Cristel Judith Canch\u00e9; el deportista de quinto grado del Colegio Kingstone, Iker Quezada Puente; el presidente de la Mesa Directiva del Congreso del Estado, Germ\u00e1n Quintal Medina; el director general del Instituto del Deporte del Estado, Armin Lizama C\u00f3rdova; y el director del Complejo Deportivo Kukulc\u00e1n, Jes\u00fas Corona Ascencio.<\/p>\n<p>&nbsp;<\/p>\n<p>&nbsp;<\/p>\n","protected":false},"excerpt":{"rendered":"<p>M\u00e9rida, Yucat\u00e1n, a 12 de marzo de 2026 El Gobernador Joaqu\u00edn D\u00edaz Mena inaugur\u00f3 la etapa estatal de la Copa Nacional de Educaci\u00f3n B\u00e1sica Mundialito Escolar 2026, en la cual participar\u00e1n m\u00e1s de 500 ni\u00f1as, ni\u00f1os y j\u00f3venes de escuelas p\u00fablicas y privadas del estado para ganarse un lugar en la final nacional, que se [&hellip;]<\/p>\n","protected":false},"author":4,"featured_media":116654,"comment_status":"closed","ping_status":"closed","sticky":false,"template":"","format":"standard","meta":{"footnotes":""},"categories":[3],"tags":[],"class_list":{"0":"post-116653","1":"post","2":"type-post","3":"status-publish","4":"format-standard","5":"has-post-thumbnail","7":"category-yucatan"},"yoast_head":"<!-- This site is optimized with the Yoast SEO plugin v27.5 - https:\/\/yoast.com\/product\/yoast-seo-wordpress\/ -->\n<title>Inicia\u00a0en\u00a0Yucat\u00e1n\u00a0la\u00a0etapa\u00a0estatal\u00a0del\u00a0Mundialito\u00a0Escolar 2026 - Yucat\u00e1n en corto<\/title>\n<meta name=\"robots\" content=\"index, follow, max-snippet:-1, max-image-preview:large, max-video-preview:-1\" \/>\n<link rel=\"canonical\" href=\"https:\/\/www.yucatanencorto.com\/noticias\/inicia-en-yucatan-la-etapa-estatal-del-mundialito-escolar-2026\/\" \/>\n<meta property=\"og:locale\" content=\"es_ES\" \/>\n<meta property=\"og:type\" content=\"article\" \/>\n<meta property=\"og:title\" content=\"Inicia\u00a0en\u00a0Yucat\u00e1n\u00a0la\u00a0etapa\u00a0estatal\u00a0del\u00a0Mundialito\u00a0Escolar 2026 - Yucat\u00e1n en corto\" \/>\n<meta property=\"og:description\" content=\"M\u00e9rida, Yucat\u00e1n, a 12 de marzo de 2026 El Gobernador Joaqu\u00edn D\u00edaz Mena inaugur\u00f3 la etapa estatal de la Copa Nacional de Educaci\u00f3n B\u00e1sica Mundialito Escolar 2026, en la cual participar\u00e1n m\u00e1s de 500 ni\u00f1as, ni\u00f1os y j\u00f3venes de escuelas p\u00fablicas y privadas del estado para ganarse un lugar en la final nacional, que se [&hellip;]\" \/>\n<meta property=\"og:url\" content=\"https:\/\/www.yucatanencorto.com\/noticias\/inicia-en-yucatan-la-etapa-estatal-del-mundialito-escolar-2026\/\" \/>\n<meta property=\"og:site_name\" content=\"Yucat\u00e1n en corto\" \/>\n<meta property=\"article:publisher\" content=\"http:\/\/www.facebook.com\/yucatanencorto\" \/>\n<meta property=\"article:published_time\" content=\"2026-03-12T19:50:54+00:00\" \/>\n<meta property=\"og:image\" content=\"https:\/\/www.yucatanencorto.com\/noticias\/wp-content\/uploads\/2026\/03\/IMG-20260312-WA0041-scaled.jpg\" \/>\n\t<meta property=\"og:image:width\" content=\"768\" \/>\n\t<meta property=\"og:image:height\" content=\"513\" \/>\n\t<meta property=\"og:image:type\" content=\"image\/jpeg\" \/>\n<meta name=\"author\" content=\"Yucat\u00e1n en Corto\" \/>\n<meta name=\"twitter:card\" content=\"summary_large_image\" \/>\n<meta name=\"twitter:creator\" content=\"@yucatanencorto\" \/>\n<meta name=\"twitter:site\" content=\"@yucatanencorto\" \/>\n<meta name=\"twitter:label1\" content=\"Escrito por\" \/>\n\t<meta name=\"twitter:data1\" content=\"Yucat\u00e1n en Corto\" \/>\n\t<meta name=\"twitter:label2\" content=\"Tiempo de lectura\" \/>\n\t<meta name=\"twitter:data2\" content=\"4 minutos\" \/>\n<script type=\"application\/ld+json\" class=\"yoast-schema-graph\">{\"@context\":\"https:\\\/\\\/schema.org\",\"@graph\":[{\"@type\":\"Article\",\"@id\":\"https:\\\/\\\/www.yucatanencorto.com\\\/noticias\\\/inicia-en-yucatan-la-etapa-estatal-del-mundialito-escolar-2026\\\/#article\",\"isPartOf\":{\"@id\":\"https:\\\/\\\/www.yucatanencorto.com\\\/noticias\\\/inicia-en-yucatan-la-etapa-estatal-del-mundialito-escolar-2026\\\/\"},\"author\":{\"name\":\"Yucat\u00e1n en Corto\",\"@id\":\"https:\\\/\\\/www.yucatanencorto.com\\\/noticias\\\/#\\\/schema\\\/person\\\/f0ec40c33447bbc0dc2d01d3006de771\"},\"headline\":\"Inicia\u00a0en\u00a0Yucat\u00e1n\u00a0la\u00a0etapa\u00a0estatal\u00a0del\u00a0Mundialito\u00a0Escolar 2026\",\"datePublished\":\"2026-03-12T19:50:54+00:00\",\"mainEntityOfPage\":{\"@id\":\"https:\\\/\\\/www.yucatanencorto.com\\\/noticias\\\/inicia-en-yucatan-la-etapa-estatal-del-mundialito-escolar-2026\\\/\"},\"wordCount\":734,\"image\":{\"@id\":\"https:\\\/\\\/www.yucatanencorto.com\\\/noticias\\\/inicia-en-yucatan-la-etapa-estatal-del-mundialito-escolar-2026\\\/#primaryimage\"},\"thumbnailUrl\":\"https:\\\/\\\/www.yucatanencorto.com\\\/noticias\\\/wp-content\\\/uploads\\\/2026\\\/03\\\/IMG-20260312-WA0041-scaled.jpg\",\"articleSection\":[\"Yucat\u00e1n\"],\"inLanguage\":\"es\"},{\"@type\":\"WebPage\",\"@id\":\"https:\\\/\\\/www.yucatanencorto.com\\\/noticias\\\/inicia-en-yucatan-la-etapa-estatal-del-mundialito-escolar-2026\\\/\",\"url\":\"https:\\\/\\\/www.yucatanencorto.com\\\/noticias\\\/inicia-en-yucatan-la-etapa-estatal-del-mundialito-escolar-2026\\\/\",\"name\":\"Inicia\u00a0en\u00a0Yucat\u00e1n\u00a0la\u00a0etapa\u00a0estatal\u00a0del\u00a0Mundialito\u00a0Escolar 2026 - Yucat\u00e1n en corto\",\"isPartOf\":{\"@id\":\"https:\\\/\\\/www.yucatanencorto.com\\\/noticias\\\/#website\"},\"primaryImageOfPage\":{\"@id\":\"https:\\\/\\\/www.yucatanencorto.com\\\/noticias\\\/inicia-en-yucatan-la-etapa-estatal-del-mundialito-escolar-2026\\\/#primaryimage\"},\"image\":{\"@id\":\"https:\\\/\\\/www.yucatanencorto.com\\\/noticias\\\/inicia-en-yucatan-la-etapa-estatal-del-mundialito-escolar-2026\\\/#primaryimage\"},\"thumbnailUrl\":\"https:\\\/\\\/www.yucatanencorto.com\\\/noticias\\\/wp-content\\\/uploads\\\/2026\\\/03\\\/IMG-20260312-WA0041-scaled.jpg\",\"datePublished\":\"2026-03-12T19:50:54+00:00\",\"author\":{\"@id\":\"https:\\\/\\\/www.yucatanencorto.com\\\/noticias\\\/#\\\/schema\\\/person\\\/f0ec40c33447bbc0dc2d01d3006de771\"},\"breadcrumb\":{\"@id\":\"https:\\\/\\\/www.yucatanencorto.com\\\/noticias\\\/inicia-en-yucatan-la-etapa-estatal-del-mundialito-escolar-2026\\\/#breadcrumb\"},\"inLanguage\":\"es\",\"potentialAction\":[{\"@type\":\"ReadAction\",\"target\":[\"https:\\\/\\\/www.yucatanencorto.com\\\/noticias\\\/inicia-en-yucatan-la-etapa-estatal-del-mundialito-escolar-2026\\\/\"]}]},{\"@type\":\"ImageObject\",\"inLanguage\":\"es\",\"@id\":\"https:\\\/\\\/www.yucatanencorto.com\\\/noticias\\\/inicia-en-yucatan-la-etapa-estatal-del-mundialito-escolar-2026\\\/#primaryimage\",\"url\":\"https:\\\/\\\/www.yucatanencorto.com\\\/noticias\\\/wp-content\\\/uploads\\\/2026\\\/03\\\/IMG-20260312-WA0041-scaled.jpg\",\"contentUrl\":\"https:\\\/\\\/www.yucatanencorto.com\\\/noticias\\\/wp-content\\\/uploads\\\/2026\\\/03\\\/IMG-20260312-WA0041-scaled.jpg\",\"width\":768,\"height\":513},{\"@type\":\"BreadcrumbList\",\"@id\":\"https:\\\/\\\/www.yucatanencorto.com\\\/noticias\\\/inicia-en-yucatan-la-etapa-estatal-del-mundialito-escolar-2026\\\/#breadcrumb\",\"itemListElement\":[{\"@type\":\"ListItem\",\"position\":1,\"name\":\"Portada\",\"item\":\"https:\\\/\\\/www.yucatanencorto.com\\\/noticias\\\/\"},{\"@type\":\"ListItem\",\"position\":2,\"name\":\"Inicia\u00a0en\u00a0Yucat\u00e1n\u00a0la\u00a0etapa\u00a0estatal\u00a0del\u00a0Mundialito\u00a0Escolar 2026\"}]},{\"@type\":\"WebSite\",\"@id\":\"https:\\\/\\\/www.yucatanencorto.com\\\/noticias\\\/#website\",\"url\":\"https:\\\/\\\/www.yucatanencorto.com\\\/noticias\\\/\",\"name\":\"Yucat\u00e1n en corto\",\"description\":\"Noticias\",\"potentialAction\":[{\"@type\":\"SearchAction\",\"target\":{\"@type\":\"EntryPoint\",\"urlTemplate\":\"https:\\\/\\\/www.yucatanencorto.com\\\/noticias\\\/?s={search_term_string}\"},\"query-input\":{\"@type\":\"PropertyValueSpecification\",\"valueRequired\":true,\"valueName\":\"search_term_string\"}}],\"inLanguage\":\"es\"},{\"@type\":\"Person\",\"@id\":\"https:\\\/\\\/www.yucatanencorto.com\\\/noticias\\\/#\\\/schema\\\/person\\\/f0ec40c33447bbc0dc2d01d3006de771\",\"name\":\"Yucat\u00e1n en Corto\",\"image\":{\"@type\":\"ImageObject\",\"inLanguage\":\"es\",\"@id\":\"https:\\\/\\\/secure.gravatar.com\\\/avatar\\\/20e0a6b626f38fa8e545fb3f80ce566efd790bf8877e65c3a482460cc3e0b5d1?s=96&d=mm&r=g\",\"url\":\"https:\\\/\\\/secure.gravatar.com\\\/avatar\\\/20e0a6b626f38fa8e545fb3f80ce566efd790bf8877e65c3a482460cc3e0b5d1?s=96&d=mm&r=g\",\"contentUrl\":\"https:\\\/\\\/secure.gravatar.com\\\/avatar\\\/20e0a6b626f38fa8e545fb3f80ce566efd790bf8877e65c3a482460cc3e0b5d1?s=96&d=mm&r=g\",\"caption\":\"Yucat\u00e1n en Corto\"},\"url\":\"https:\\\/\\\/www.yucatanencorto.com\\\/noticias\\\/author\\\/editor25\\\/\"}]}<\/script>\n<!-- \/ Yoast SEO plugin. -->","yoast_head_json":{"title":"Inicia\u00a0en\u00a0Yucat\u00e1n\u00a0la\u00a0etapa\u00a0estatal\u00a0del\u00a0Mundialito\u00a0Escolar 2026 - Yucat\u00e1n en corto","robots":{"index":"index","follow":"follow","max-snippet":"max-snippet:-1","max-image-preview":"max-image-preview:large","max-video-preview":"max-video-preview:-1"},"canonical":"https:\/\/www.yucatanencorto.com\/noticias\/inicia-en-yucatan-la-etapa-estatal-del-mundialito-escolar-2026\/","og_locale":"es_ES","og_type":"article","og_title":"Inicia\u00a0en\u00a0Yucat\u00e1n\u00a0la\u00a0etapa\u00a0estatal\u00a0del\u00a0Mundialito\u00a0Escolar 2026 - Yucat\u00e1n en corto","og_description":"M\u00e9rida, Yucat\u00e1n, a 12 de marzo de 2026 El Gobernador Joaqu\u00edn D\u00edaz Mena inaugur\u00f3 la etapa estatal de la Copa Nacional de Educaci\u00f3n B\u00e1sica Mundialito Escolar 2026, en la cual participar\u00e1n m\u00e1s de 500 ni\u00f1as, ni\u00f1os y j\u00f3venes de escuelas p\u00fablicas y privadas del estado para ganarse un lugar en la final nacional, que se [&hellip;]","og_url":"https:\/\/www.yucatanencorto.com\/noticias\/inicia-en-yucatan-la-etapa-estatal-del-mundialito-escolar-2026\/","og_site_name":"Yucat\u00e1n en corto","article_publisher":"http:\/\/www.facebook.com\/yucatanencorto","article_published_time":"2026-03-12T19:50:54+00:00","og_image":[{"width":768,"height":513,"url":"https:\/\/www.yucatanencorto.com\/noticias\/wp-content\/uploads\/2026\/03\/IMG-20260312-WA0041-scaled.jpg","type":"image\/jpeg"}],"author":"Yucat\u00e1n en Corto","twitter_card":"summary_large_image","twitter_creator":"@yucatanencorto","twitter_site":"@yucatanencorto","twitter_misc":{"Escrito por":"Yucat\u00e1n en Corto","Tiempo de lectura":"4 minutos"},"schema":{"@context":"https:\/\/schema.org","@graph":[{"@type":"Article","@id":"https:\/\/www.yucatanencorto.com\/noticias\/inicia-en-yucatan-la-etapa-estatal-del-mundialito-escolar-2026\/#article","isPartOf":{"@id":"https:\/\/www.yucatanencorto.com\/noticias\/inicia-en-yucatan-la-etapa-estatal-del-mundialito-escolar-2026\/"},"author":{"name":"Yucat\u00e1n en Corto","@id":"https:\/\/www.yucatanencorto.com\/noticias\/#\/schema\/person\/f0ec40c33447bbc0dc2d01d3006de771"},"headline":"Inicia\u00a0en\u00a0Yucat\u00e1n\u00a0la\u00a0etapa\u00a0estatal\u00a0del\u00a0Mundialito\u00a0Escolar 2026","datePublished":"2026-03-12T19:50:54+00:00","mainEntityOfPage":{"@id":"https:\/\/www.yucatanencorto.com\/noticias\/inicia-en-yucatan-la-etapa-estatal-del-mundialito-escolar-2026\/"},"wordCount":734,"image":{"@id":"https:\/\/www.yucatanencorto.com\/noticias\/inicia-en-yucatan-la-etapa-estatal-del-mundialito-escolar-2026\/#primaryimage"},"thumbnailUrl":"https:\/\/www.yucatanencorto.com\/noticias\/wp-content\/uploads\/2026\/03\/IMG-20260312-WA0041-scaled.jpg","articleSection":["Yucat\u00e1n"],"inLanguage":"es"},{"@type":"WebPage","@id":"https:\/\/www.yucatanencorto.com\/noticias\/inicia-en-yucatan-la-etapa-estatal-del-mundialito-escolar-2026\/","url":"https:\/\/www.yucatanencorto.com\/noticias\/inicia-en-yucatan-la-etapa-estatal-del-mundialito-escolar-2026\/","name":"Inicia\u00a0en\u00a0Yucat\u00e1n\u00a0la\u00a0etapa\u00a0estatal\u00a0del\u00a0Mundialito\u00a0Escolar 2026 - Yucat\u00e1n en corto","isPartOf":{"@id":"https:\/\/www.yucatanencorto.com\/noticias\/#website"},"primaryImageOfPage":{"@id":"https:\/\/www.yucatanencorto.com\/noticias\/inicia-en-yucatan-la-etapa-estatal-del-mundialito-escolar-2026\/#primaryimage"},"image":{"@id":"https:\/\/www.yucatanencorto.com\/noticias\/inicia-en-yucatan-la-etapa-estatal-del-mundialito-escolar-2026\/#primaryimage"},"thumbnailUrl":"https:\/\/www.yucatanencorto.com\/noticias\/wp-content\/uploads\/2026\/03\/IMG-20260312-WA0041-scaled.jpg","datePublished":"2026-03-12T19:50:54+00:00","author":{"@id":"https:\/\/www.yucatanencorto.com\/noticias\/#\/schema\/person\/f0ec40c33447bbc0dc2d01d3006de771"},"breadcrumb":{"@id":"https:\/\/www.yucatanencorto.com\/noticias\/inicia-en-yucatan-la-etapa-estatal-del-mundialito-escolar-2026\/#breadcrumb"},"inLanguage":"es","potentialAction":[{"@type":"ReadAction","target":["https:\/\/www.yucatanencorto.com\/noticias\/inicia-en-yucatan-la-etapa-estatal-del-mundialito-escolar-2026\/"]}]},{"@type":"ImageObject","inLanguage":"es","@id":"https:\/\/www.yucatanencorto.com\/noticias\/inicia-en-yucatan-la-etapa-estatal-del-mundialito-escolar-2026\/#primaryimage","url":"https:\/\/www.yucatanencorto.com\/noticias\/wp-content\/uploads\/2026\/03\/IMG-20260312-WA0041-scaled.jpg","contentUrl":"https:\/\/www.yucatanencorto.com\/noticias\/wp-content\/uploads\/2026\/03\/IMG-20260312-WA0041-scaled.jpg","width":768,"height":513},{"@type":"BreadcrumbList","@id":"https:\/\/www.yucatanencorto.com\/noticias\/inicia-en-yucatan-la-etapa-estatal-del-mundialito-escolar-2026\/#breadcrumb","itemListElement":[{"@type":"ListItem","position":1,"name":"Portada","item":"https:\/\/www.yucatanencorto.com\/noticias\/"},{"@type":"ListItem","position":2,"name":"Inicia\u00a0en\u00a0Yucat\u00e1n\u00a0la\u00a0etapa\u00a0estatal\u00a0del\u00a0Mundialito\u00a0Escolar 2026"}]},{"@type":"WebSite","@id":"https:\/\/www.yucatanencorto.com\/noticias\/#website","url":"https:\/\/www.yucatanencorto.com\/noticias\/","name":"Yucat\u00e1n en corto","description":"Noticias","potentialAction":[{"@type":"SearchAction","target":{"@type":"EntryPoint","urlTemplate":"https:\/\/www.yucatanencorto.com\/noticias\/?s={search_term_string}"},"query-input":{"@type":"PropertyValueSpecification","valueRequired":true,"valueName":"search_term_string"}}],"inLanguage":"es"},{"@type":"Person","@id":"https:\/\/www.yucatanencorto.com\/noticias\/#\/schema\/person\/f0ec40c33447bbc0dc2d01d3006de771","name":"Yucat\u00e1n en Corto","image":{"@type":"ImageObject","inLanguage":"es","@id":"https:\/\/secure.gravatar.com\/avatar\/20e0a6b626f38fa8e545fb3f80ce566efd790bf8877e65c3a482460cc3e0b5d1?s=96&d=mm&r=g","url":"https:\/\/secure.gravatar.com\/avatar\/20e0a6b626f38fa8e545fb3f80ce566efd790bf8877e65c3a482460cc3e0b5d1?s=96&d=mm&r=g","contentUrl":"https:\/\/secure.gravatar.com\/avatar\/20e0a6b626f38fa8e545fb3f80ce566efd790bf8877e65c3a482460cc3e0b5d1?s=96&d=mm&r=g","caption":"Yucat\u00e1n en Corto"},"url":"https:\/\/www.yucatanencorto.com\/noticias\/author\/editor25\/"}]}},"_links":{"self":[{"href":"https:\/\/www.yucatanencorto.com\/noticias\/wp-json\/wp\/v2\/posts\/116653","targetHints":{"allow":["GET"]}}],"collection":[{"href":"https:\/\/www.yucatanencorto.com\/noticias\/wp-json\/wp\/v2\/posts"}],"about":[{"href":"https:\/\/www.yucatanencorto.com\/noticias\/wp-json\/wp\/v2\/types\/post"}],"author":[{"embeddable":true,"href":"https:\/\/www.yucatanencorto.com\/noticias\/wp-json\/wp\/v2\/users\/4"}],"replies":[{"embeddable":true,"href":"https:\/\/www.yucatanencorto.com\/noticias\/wp-json\/wp\/v2\/comments?post=116653"}],"version-history":[{"count":1,"href":"https:\/\/www.yucatanencorto.com\/noticias\/wp-json\/wp\/v2\/posts\/116653\/revisions"}],"predecessor-version":[{"id":116655,"href":"https:\/\/www.yucatanencorto.com\/noticias\/wp-json\/wp\/v2\/posts\/116653\/revisions\/116655"}],"wp:featuredmedia":[{"embeddable":true,"href":"https:\/\/www.yucatanencorto.com\/noticias\/wp-json\/wp\/v2\/media\/116654"}],"wp:attachment":[{"href":"https:\/\/www.yucatanencorto.com\/noticias\/wp-json\/wp\/v2\/media?parent=116653"}],"wp:term":[{"taxonomy":"category","embeddable":true,"href":"https:\/\/www.yucatanencorto.com\/noticias\/wp-json\/wp\/v2\/categories?post=116653"},{"taxonomy":"post_tag","embeddable":true,"href":"https:\/\/www.yucatanencorto.com\/noticias\/wp-json\/wp\/v2\/tags?post=116653"}],"curies":[{"name":"wp","href":"https:\/\/api.w.org\/{rel}","templated":true}]}}