{"id":116659,"date":"2026-03-13T13:01:42","date_gmt":"2026-03-13T19:01:42","guid":{"rendered":"https:\/\/www.yucatanencorto.com\/noticias\/?p=116659"},"modified":"2026-03-13T13:01:42","modified_gmt":"2026-03-13T19:01:42","slug":"habitantes-de-vergel-iii-exponen-sus-necesidades-en-dialogos-con-el-pueblo","status":"publish","type":"post","link":"https:\/\/www.yucatanencorto.com\/noticias\/habitantes-de-vergel-iii-exponen-sus-necesidades-en-dialogos-con-el-pueblo\/","title":{"rendered":"Habitantes\u00a0de\u00a0Vergel\u00a0III\u00a0exponen\u00a0sus\u00a0necesidades\u00a0en\u00a0Di\u00e1logos\u00a0con\u00a0el\u00a0Pueblo"},"content":{"rendered":"<p><img loading=\"lazy\" decoding=\"async\" class=\"alignnone size-full wp-image-116660\" src=\"https:\/\/www.yucatanencorto.com\/noticias\/wp-content\/uploads\/2026\/03\/IMG-20260313-WA0012-scaled.jpg\" alt=\"\" width=\"768\" height=\"512\" srcset=\"https:\/\/www.yucatanencorto.com\/noticias\/wp-content\/uploads\/2026\/03\/IMG-20260313-WA0012-scaled.jpg 768w, https:\/\/www.yucatanencorto.com\/noticias\/wp-content\/uploads\/2026\/03\/IMG-20260313-WA0012-1536x1024.jpg 1536w, https:\/\/www.yucatanencorto.com\/noticias\/wp-content\/uploads\/2026\/03\/IMG-20260313-WA0012-2048x1366.jpg 2048w, https:\/\/www.yucatanencorto.com\/noticias\/wp-content\/uploads\/2026\/03\/IMG-20260313-WA0012-150x100.jpg 150w, https:\/\/www.yucatanencorto.com\/noticias\/wp-content\/uploads\/2026\/03\/IMG-20260313-WA0012-300x200.jpg 300w, https:\/\/www.yucatanencorto.com\/noticias\/wp-content\/uploads\/2026\/03\/IMG-20260313-WA0012-696x464.jpg 696w, https:\/\/www.yucatanencorto.com\/noticias\/wp-content\/uploads\/2026\/03\/IMG-20260313-WA0012-1068x712.jpg 1068w, https:\/\/www.yucatanencorto.com\/noticias\/wp-content\/uploads\/2026\/03\/IMG-20260313-WA0012-1920x1280.jpg 1920w\" sizes=\"auto, (max-width: 768px) 100vw, 768px\" \/><\/p>\n<p>M\u00e9rida, Yucat\u00e1n, a 13 de marzo de 2026<\/p>\n<p>&nbsp;<\/p>\n<p>Como parte de los Di\u00e1logos con el Pueblo, el Gobernador Joaqu\u00edn D\u00edaz Mena acudi\u00f3 a Vergel III para escuchar las necesidades y conocer de primera mano los retos que las vecinas y los vecinos de esta zona del oriente de M\u00e9rida enfrentan cada d\u00eda, as\u00ed como los proyectos que requieren para mejorar su calidad de vida.<\/p>\n<p>&nbsp;<\/p>\n<p>Desde el parque Bodas de Plata de esta colonia, el titular del Poder Ejecutivo se\u00f1al\u00f3 que los Di\u00e1logos con el Pueblo son el espacio a partir del cual su Gobierno toma decisiones para que el presupuesto estatal se ejerza donde la gente lo necesita y en atenci\u00f3n a sus necesidades reales, con el objetivo de mejorar sus condiciones de vida, fortalecer la comunidad y la convivencia.<\/p>\n<p>&nbsp;<\/p>\n<p>\u00abVenimos a escuchar a las vecinas y los vecinos, con micr\u00f3fono abierto, para que expongan sus necesidades y opiniones en este ejercicio de di\u00e1logo directo con todas y todos ustedes\u00bb, destac\u00f3 D\u00edaz Mena.<\/p>\n<p>&nbsp;<\/p>\n<p>El mandatario estatal resalt\u00f3 que la colonia Vergel III forma parte de una M\u00e9rida que crece aceleradamente y que necesita un Gobierno presente para atender y resolver los desaf\u00edos que la ciudadan\u00eda enfrenta en su vida diaria.<\/p>\n<p>&nbsp;<\/p>\n<p>Asimismo, el Gobernador agradeci\u00f3 a la presidenta Claudia Sheinbaum por su apoyo a Yucat\u00e1n, el cual se refleja en programas y acciones como la rehabilitaci\u00f3n de m\u00e1s de 25 canchas de Fut 7.<\/p>\n<p>&nbsp;<\/p>\n<p>Al hacer uso de la palabra, el vecino Francisco Aguilar Gonz\u00e1lez solicit\u00f3 al Gobernador la construcci\u00f3n del domo de la cancha del parque sede de este ejercicio, as\u00ed como la atenci\u00f3n de otras \u00e1reas que se encuentran descuidadas, como el parque infantil.<\/p>\n<p>&nbsp;<\/p>\n<p>Aguilar Gonz\u00e1lez expres\u00f3 que este parque es un punto de reuni\u00f3n para la comunidad y que sus instalaciones son utilizadas por ciudadanas y ciudadanos de todas las edades para la pr\u00e1ctica del deporte y la sana convivencia.<\/p>\n<p>&nbsp;<\/p>\n<p>Por su parte, la profesora de la escuela primaria Jos\u00e9 Vasconcelos, Alejandra Moguel Cervera, pidi\u00f3 al Gobernador una subestaci\u00f3n el\u00e9ctrica que permita a este plantel instalar aires acondicionados, a fin de que el alumnado pueda tomar clases en un ambiente adecuado para el aprendizaje.<\/p>\n<p>&nbsp;<\/p>\n<p>Tambi\u00e9n explic\u00f3 que el domo de la primaria se encuentra en mal estado, por lo que solicit\u00f3 su rehabilitaci\u00f3n.<\/p>\n<p>&nbsp;<\/p>\n<p>En representaci\u00f3n del Club de Voleibol Invictus, Fabiola Mex solicit\u00f3 equipo de entrenamiento, as\u00ed como mejores condiciones en la cancha del parque Emancipaci\u00f3n, para que las ni\u00f1as, los ni\u00f1os y los j\u00f3venes puedan entrenar en un espacio m\u00e1s digno y seguro.<\/p>\n<p>&nbsp;<\/p>\n<p>En los Di\u00e1logos con el Pueblo estuvieron el director de la Comisi\u00f3n Nacional de Cultura F\u00edsica y Deporte de M\u00e9xico (Conade), Rommel Pacheco Marrufo; la diputada local, Estefan\u00eda Baeza Mart\u00ednez; y la diputada federal, Jessica Said\u00e9n Quiroz, as\u00ed como funcionarias y funcionarios estatales y federales, adem\u00e1s de regidoras y regidores del Ayuntamiento de M\u00e9rida.<\/p>\n<p>&nbsp;<\/p>\n<p>&nbsp;<\/p>\n","protected":false},"excerpt":{"rendered":"<p>M\u00e9rida, Yucat\u00e1n, a 13 de marzo de 2026 &nbsp; Como parte de los Di\u00e1logos con el Pueblo, el Gobernador Joaqu\u00edn D\u00edaz Mena acudi\u00f3 a Vergel III para escuchar las necesidades y conocer de primera mano los retos que las vecinas y los vecinos de esta zona del oriente de M\u00e9rida enfrentan cada d\u00eda, as\u00ed como [&hellip;]<\/p>\n","protected":false},"author":4,"featured_media":116660,"comment_status":"closed","ping_status":"closed","sticky":false,"template":"","format":"standard","meta":{"footnotes":""},"categories":[3],"tags":[],"class_list":{"0":"post-116659","1":"post","2":"type-post","3":"status-publish","4":"format-standard","5":"has-post-thumbnail","7":"category-yucatan"},"yoast_head":"<!-- This site is optimized with the Yoast SEO plugin v27.4 - https:\/\/yoast.com\/product\/yoast-seo-wordpress\/ -->\n<title>Habitantes\u00a0de\u00a0Vergel\u00a0III\u00a0exponen\u00a0sus\u00a0necesidades\u00a0en\u00a0Di\u00e1logos\u00a0con\u00a0el\u00a0Pueblo - Yucat\u00e1n en corto<\/title>\n<meta name=\"robots\" content=\"index, follow, max-snippet:-1, max-image-preview:large, max-video-preview:-1\" \/>\n<link rel=\"canonical\" href=\"https:\/\/www.yucatanencorto.com\/noticias\/habitantes-de-vergel-iii-exponen-sus-necesidades-en-dialogos-con-el-pueblo\/\" \/>\n<meta property=\"og:locale\" content=\"es_ES\" \/>\n<meta property=\"og:type\" content=\"article\" \/>\n<meta property=\"og:title\" content=\"Habitantes\u00a0de\u00a0Vergel\u00a0III\u00a0exponen\u00a0sus\u00a0necesidades\u00a0en\u00a0Di\u00e1logos\u00a0con\u00a0el\u00a0Pueblo - Yucat\u00e1n en corto\" \/>\n<meta property=\"og:description\" content=\"M\u00e9rida, Yucat\u00e1n, a 13 de marzo de 2026 &nbsp; Como parte de los Di\u00e1logos con el Pueblo, el Gobernador Joaqu\u00edn D\u00edaz Mena acudi\u00f3 a Vergel III para escuchar las necesidades y conocer de primera mano los retos que las vecinas y los vecinos de esta zona del oriente de M\u00e9rida enfrentan cada d\u00eda, as\u00ed como [&hellip;]\" \/>\n<meta property=\"og:url\" content=\"https:\/\/www.yucatanencorto.com\/noticias\/habitantes-de-vergel-iii-exponen-sus-necesidades-en-dialogos-con-el-pueblo\/\" \/>\n<meta property=\"og:site_name\" content=\"Yucat\u00e1n en corto\" \/>\n<meta property=\"article:publisher\" content=\"http:\/\/www.facebook.com\/yucatanencorto\" \/>\n<meta property=\"article:published_time\" content=\"2026-03-13T19:01:42+00:00\" \/>\n<meta property=\"og:image\" content=\"https:\/\/www.yucatanencorto.com\/noticias\/wp-content\/uploads\/2026\/03\/IMG-20260313-WA0012-scaled.jpg\" \/>\n\t<meta property=\"og:image:width\" content=\"768\" \/>\n\t<meta property=\"og:image:height\" content=\"512\" \/>\n\t<meta property=\"og:image:type\" content=\"image\/jpeg\" \/>\n<meta name=\"author\" content=\"Yucat\u00e1n en Corto\" \/>\n<meta name=\"twitter:card\" content=\"summary_large_image\" \/>\n<meta name=\"twitter:creator\" content=\"@yucatanencorto\" \/>\n<meta name=\"twitter:site\" content=\"@yucatanencorto\" \/>\n<meta name=\"twitter:label1\" content=\"Escrito por\" \/>\n\t<meta name=\"twitter:data1\" content=\"Yucat\u00e1n en Corto\" \/>\n\t<meta name=\"twitter:label2\" content=\"Tiempo de lectura\" \/>\n\t<meta name=\"twitter:data2\" content=\"3 minutos\" \/>\n<script type=\"application\/ld+json\" class=\"yoast-schema-graph\">{\"@context\":\"https:\\\/\\\/schema.org\",\"@graph\":[{\"@type\":\"Article\",\"@id\":\"https:\\\/\\\/www.yucatanencorto.com\\\/noticias\\\/habitantes-de-vergel-iii-exponen-sus-necesidades-en-dialogos-con-el-pueblo\\\/#article\",\"isPartOf\":{\"@id\":\"https:\\\/\\\/www.yucatanencorto.com\\\/noticias\\\/habitantes-de-vergel-iii-exponen-sus-necesidades-en-dialogos-con-el-pueblo\\\/\"},\"author\":{\"name\":\"Yucat\u00e1n en Corto\",\"@id\":\"https:\\\/\\\/www.yucatanencorto.com\\\/noticias\\\/#\\\/schema\\\/person\\\/f0ec40c33447bbc0dc2d01d3006de771\"},\"headline\":\"Habitantes\u00a0de\u00a0Vergel\u00a0III\u00a0exponen\u00a0sus\u00a0necesidades\u00a0en\u00a0Di\u00e1logos\u00a0con\u00a0el\u00a0Pueblo\",\"datePublished\":\"2026-03-13T19:01:42+00:00\",\"mainEntityOfPage\":{\"@id\":\"https:\\\/\\\/www.yucatanencorto.com\\\/noticias\\\/habitantes-de-vergel-iii-exponen-sus-necesidades-en-dialogos-con-el-pueblo\\\/\"},\"wordCount\":536,\"image\":{\"@id\":\"https:\\\/\\\/www.yucatanencorto.com\\\/noticias\\\/habitantes-de-vergel-iii-exponen-sus-necesidades-en-dialogos-con-el-pueblo\\\/#primaryimage\"},\"thumbnailUrl\":\"https:\\\/\\\/www.yucatanencorto.com\\\/noticias\\\/wp-content\\\/uploads\\\/2026\\\/03\\\/IMG-20260313-WA0012-scaled.jpg\",\"articleSection\":[\"Yucat\u00e1n\"],\"inLanguage\":\"es\"},{\"@type\":\"WebPage\",\"@id\":\"https:\\\/\\\/www.yucatanencorto.com\\\/noticias\\\/habitantes-de-vergel-iii-exponen-sus-necesidades-en-dialogos-con-el-pueblo\\\/\",\"url\":\"https:\\\/\\\/www.yucatanencorto.com\\\/noticias\\\/habitantes-de-vergel-iii-exponen-sus-necesidades-en-dialogos-con-el-pueblo\\\/\",\"name\":\"Habitantes\u00a0de\u00a0Vergel\u00a0III\u00a0exponen\u00a0sus\u00a0necesidades\u00a0en\u00a0Di\u00e1logos\u00a0con\u00a0el\u00a0Pueblo - Yucat\u00e1n en corto\",\"isPartOf\":{\"@id\":\"https:\\\/\\\/www.yucatanencorto.com\\\/noticias\\\/#website\"},\"primaryImageOfPage\":{\"@id\":\"https:\\\/\\\/www.yucatanencorto.com\\\/noticias\\\/habitantes-de-vergel-iii-exponen-sus-necesidades-en-dialogos-con-el-pueblo\\\/#primaryimage\"},\"image\":{\"@id\":\"https:\\\/\\\/www.yucatanencorto.com\\\/noticias\\\/habitantes-de-vergel-iii-exponen-sus-necesidades-en-dialogos-con-el-pueblo\\\/#primaryimage\"},\"thumbnailUrl\":\"https:\\\/\\\/www.yucatanencorto.com\\\/noticias\\\/wp-content\\\/uploads\\\/2026\\\/03\\\/IMG-20260313-WA0012-scaled.jpg\",\"datePublished\":\"2026-03-13T19:01:42+00:00\",\"author\":{\"@id\":\"https:\\\/\\\/www.yucatanencorto.com\\\/noticias\\\/#\\\/schema\\\/person\\\/f0ec40c33447bbc0dc2d01d3006de771\"},\"breadcrumb\":{\"@id\":\"https:\\\/\\\/www.yucatanencorto.com\\\/noticias\\\/habitantes-de-vergel-iii-exponen-sus-necesidades-en-dialogos-con-el-pueblo\\\/#breadcrumb\"},\"inLanguage\":\"es\",\"potentialAction\":[{\"@type\":\"ReadAction\",\"target\":[\"https:\\\/\\\/www.yucatanencorto.com\\\/noticias\\\/habitantes-de-vergel-iii-exponen-sus-necesidades-en-dialogos-con-el-pueblo\\\/\"]}]},{\"@type\":\"ImageObject\",\"inLanguage\":\"es\",\"@id\":\"https:\\\/\\\/www.yucatanencorto.com\\\/noticias\\\/habitantes-de-vergel-iii-exponen-sus-necesidades-en-dialogos-con-el-pueblo\\\/#primaryimage\",\"url\":\"https:\\\/\\\/www.yucatanencorto.com\\\/noticias\\\/wp-content\\\/uploads\\\/2026\\\/03\\\/IMG-20260313-WA0012-scaled.jpg\",\"contentUrl\":\"https:\\\/\\\/www.yucatanencorto.com\\\/noticias\\\/wp-content\\\/uploads\\\/2026\\\/03\\\/IMG-20260313-WA0012-scaled.jpg\",\"width\":768,\"height\":512},{\"@type\":\"BreadcrumbList\",\"@id\":\"https:\\\/\\\/www.yucatanencorto.com\\\/noticias\\\/habitantes-de-vergel-iii-exponen-sus-necesidades-en-dialogos-con-el-pueblo\\\/#breadcrumb\",\"itemListElement\":[{\"@type\":\"ListItem\",\"position\":1,\"name\":\"Portada\",\"item\":\"https:\\\/\\\/www.yucatanencorto.com\\\/noticias\\\/\"},{\"@type\":\"ListItem\",\"position\":2,\"name\":\"Habitantes\u00a0de\u00a0Vergel\u00a0III\u00a0exponen\u00a0sus\u00a0necesidades\u00a0en\u00a0Di\u00e1logos\u00a0con\u00a0el\u00a0Pueblo\"}]},{\"@type\":\"WebSite\",\"@id\":\"https:\\\/\\\/www.yucatanencorto.com\\\/noticias\\\/#website\",\"url\":\"https:\\\/\\\/www.yucatanencorto.com\\\/noticias\\\/\",\"name\":\"Yucat\u00e1n en corto\",\"description\":\"Noticias\",\"potentialAction\":[{\"@type\":\"SearchAction\",\"target\":{\"@type\":\"EntryPoint\",\"urlTemplate\":\"https:\\\/\\\/www.yucatanencorto.com\\\/noticias\\\/?s={search_term_string}\"},\"query-input\":{\"@type\":\"PropertyValueSpecification\",\"valueRequired\":true,\"valueName\":\"search_term_string\"}}],\"inLanguage\":\"es\"},{\"@type\":\"Person\",\"@id\":\"https:\\\/\\\/www.yucatanencorto.com\\\/noticias\\\/#\\\/schema\\\/person\\\/f0ec40c33447bbc0dc2d01d3006de771\",\"name\":\"Yucat\u00e1n en Corto\",\"image\":{\"@type\":\"ImageObject\",\"inLanguage\":\"es\",\"@id\":\"https:\\\/\\\/secure.gravatar.com\\\/avatar\\\/20e0a6b626f38fa8e545fb3f80ce566efd790bf8877e65c3a482460cc3e0b5d1?s=96&d=mm&r=g\",\"url\":\"https:\\\/\\\/secure.gravatar.com\\\/avatar\\\/20e0a6b626f38fa8e545fb3f80ce566efd790bf8877e65c3a482460cc3e0b5d1?s=96&d=mm&r=g\",\"contentUrl\":\"https:\\\/\\\/secure.gravatar.com\\\/avatar\\\/20e0a6b626f38fa8e545fb3f80ce566efd790bf8877e65c3a482460cc3e0b5d1?s=96&d=mm&r=g\",\"caption\":\"Yucat\u00e1n en Corto\"},\"url\":\"https:\\\/\\\/www.yucatanencorto.com\\\/noticias\\\/author\\\/editor25\\\/\"}]}<\/script>\n<!-- \/ Yoast SEO plugin. -->","yoast_head_json":{"title":"Habitantes\u00a0de\u00a0Vergel\u00a0III\u00a0exponen\u00a0sus\u00a0necesidades\u00a0en\u00a0Di\u00e1logos\u00a0con\u00a0el\u00a0Pueblo - Yucat\u00e1n en corto","robots":{"index":"index","follow":"follow","max-snippet":"max-snippet:-1","max-image-preview":"max-image-preview:large","max-video-preview":"max-video-preview:-1"},"canonical":"https:\/\/www.yucatanencorto.com\/noticias\/habitantes-de-vergel-iii-exponen-sus-necesidades-en-dialogos-con-el-pueblo\/","og_locale":"es_ES","og_type":"article","og_title":"Habitantes\u00a0de\u00a0Vergel\u00a0III\u00a0exponen\u00a0sus\u00a0necesidades\u00a0en\u00a0Di\u00e1logos\u00a0con\u00a0el\u00a0Pueblo - Yucat\u00e1n en corto","og_description":"M\u00e9rida, Yucat\u00e1n, a 13 de marzo de 2026 &nbsp; Como parte de los Di\u00e1logos con el Pueblo, el Gobernador Joaqu\u00edn D\u00edaz Mena acudi\u00f3 a Vergel III para escuchar las necesidades y conocer de primera mano los retos que las vecinas y los vecinos de esta zona del oriente de M\u00e9rida enfrentan cada d\u00eda, as\u00ed como [&hellip;]","og_url":"https:\/\/www.yucatanencorto.com\/noticias\/habitantes-de-vergel-iii-exponen-sus-necesidades-en-dialogos-con-el-pueblo\/","og_site_name":"Yucat\u00e1n en corto","article_publisher":"http:\/\/www.facebook.com\/yucatanencorto","article_published_time":"2026-03-13T19:01:42+00:00","og_image":[{"width":768,"height":512,"url":"https:\/\/www.yucatanencorto.com\/noticias\/wp-content\/uploads\/2026\/03\/IMG-20260313-WA0012-scaled.jpg","type":"image\/jpeg"}],"author":"Yucat\u00e1n en Corto","twitter_card":"summary_large_image","twitter_creator":"@yucatanencorto","twitter_site":"@yucatanencorto","twitter_misc":{"Escrito por":"Yucat\u00e1n en Corto","Tiempo de lectura":"3 minutos"},"schema":{"@context":"https:\/\/schema.org","@graph":[{"@type":"Article","@id":"https:\/\/www.yucatanencorto.com\/noticias\/habitantes-de-vergel-iii-exponen-sus-necesidades-en-dialogos-con-el-pueblo\/#article","isPartOf":{"@id":"https:\/\/www.yucatanencorto.com\/noticias\/habitantes-de-vergel-iii-exponen-sus-necesidades-en-dialogos-con-el-pueblo\/"},"author":{"name":"Yucat\u00e1n en Corto","@id":"https:\/\/www.yucatanencorto.com\/noticias\/#\/schema\/person\/f0ec40c33447bbc0dc2d01d3006de771"},"headline":"Habitantes\u00a0de\u00a0Vergel\u00a0III\u00a0exponen\u00a0sus\u00a0necesidades\u00a0en\u00a0Di\u00e1logos\u00a0con\u00a0el\u00a0Pueblo","datePublished":"2026-03-13T19:01:42+00:00","mainEntityOfPage":{"@id":"https:\/\/www.yucatanencorto.com\/noticias\/habitantes-de-vergel-iii-exponen-sus-necesidades-en-dialogos-con-el-pueblo\/"},"wordCount":536,"image":{"@id":"https:\/\/www.yucatanencorto.com\/noticias\/habitantes-de-vergel-iii-exponen-sus-necesidades-en-dialogos-con-el-pueblo\/#primaryimage"},"thumbnailUrl":"https:\/\/www.yucatanencorto.com\/noticias\/wp-content\/uploads\/2026\/03\/IMG-20260313-WA0012-scaled.jpg","articleSection":["Yucat\u00e1n"],"inLanguage":"es"},{"@type":"WebPage","@id":"https:\/\/www.yucatanencorto.com\/noticias\/habitantes-de-vergel-iii-exponen-sus-necesidades-en-dialogos-con-el-pueblo\/","url":"https:\/\/www.yucatanencorto.com\/noticias\/habitantes-de-vergel-iii-exponen-sus-necesidades-en-dialogos-con-el-pueblo\/","name":"Habitantes\u00a0de\u00a0Vergel\u00a0III\u00a0exponen\u00a0sus\u00a0necesidades\u00a0en\u00a0Di\u00e1logos\u00a0con\u00a0el\u00a0Pueblo - Yucat\u00e1n en corto","isPartOf":{"@id":"https:\/\/www.yucatanencorto.com\/noticias\/#website"},"primaryImageOfPage":{"@id":"https:\/\/www.yucatanencorto.com\/noticias\/habitantes-de-vergel-iii-exponen-sus-necesidades-en-dialogos-con-el-pueblo\/#primaryimage"},"image":{"@id":"https:\/\/www.yucatanencorto.com\/noticias\/habitantes-de-vergel-iii-exponen-sus-necesidades-en-dialogos-con-el-pueblo\/#primaryimage"},"thumbnailUrl":"https:\/\/www.yucatanencorto.com\/noticias\/wp-content\/uploads\/2026\/03\/IMG-20260313-WA0012-scaled.jpg","datePublished":"2026-03-13T19:01:42+00:00","author":{"@id":"https:\/\/www.yucatanencorto.com\/noticias\/#\/schema\/person\/f0ec40c33447bbc0dc2d01d3006de771"},"breadcrumb":{"@id":"https:\/\/www.yucatanencorto.com\/noticias\/habitantes-de-vergel-iii-exponen-sus-necesidades-en-dialogos-con-el-pueblo\/#breadcrumb"},"inLanguage":"es","potentialAction":[{"@type":"ReadAction","target":["https:\/\/www.yucatanencorto.com\/noticias\/habitantes-de-vergel-iii-exponen-sus-necesidades-en-dialogos-con-el-pueblo\/"]}]},{"@type":"ImageObject","inLanguage":"es","@id":"https:\/\/www.yucatanencorto.com\/noticias\/habitantes-de-vergel-iii-exponen-sus-necesidades-en-dialogos-con-el-pueblo\/#primaryimage","url":"https:\/\/www.yucatanencorto.com\/noticias\/wp-content\/uploads\/2026\/03\/IMG-20260313-WA0012-scaled.jpg","contentUrl":"https:\/\/www.yucatanencorto.com\/noticias\/wp-content\/uploads\/2026\/03\/IMG-20260313-WA0012-scaled.jpg","width":768,"height":512},{"@type":"BreadcrumbList","@id":"https:\/\/www.yucatanencorto.com\/noticias\/habitantes-de-vergel-iii-exponen-sus-necesidades-en-dialogos-con-el-pueblo\/#breadcrumb","itemListElement":[{"@type":"ListItem","position":1,"name":"Portada","item":"https:\/\/www.yucatanencorto.com\/noticias\/"},{"@type":"ListItem","position":2,"name":"Habitantes\u00a0de\u00a0Vergel\u00a0III\u00a0exponen\u00a0sus\u00a0necesidades\u00a0en\u00a0Di\u00e1logos\u00a0con\u00a0el\u00a0Pueblo"}]},{"@type":"WebSite","@id":"https:\/\/www.yucatanencorto.com\/noticias\/#website","url":"https:\/\/www.yucatanencorto.com\/noticias\/","name":"Yucat\u00e1n en corto","description":"Noticias","potentialAction":[{"@type":"SearchAction","target":{"@type":"EntryPoint","urlTemplate":"https:\/\/www.yucatanencorto.com\/noticias\/?s={search_term_string}"},"query-input":{"@type":"PropertyValueSpecification","valueRequired":true,"valueName":"search_term_string"}}],"inLanguage":"es"},{"@type":"Person","@id":"https:\/\/www.yucatanencorto.com\/noticias\/#\/schema\/person\/f0ec40c33447bbc0dc2d01d3006de771","name":"Yucat\u00e1n en Corto","image":{"@type":"ImageObject","inLanguage":"es","@id":"https:\/\/secure.gravatar.com\/avatar\/20e0a6b626f38fa8e545fb3f80ce566efd790bf8877e65c3a482460cc3e0b5d1?s=96&d=mm&r=g","url":"https:\/\/secure.gravatar.com\/avatar\/20e0a6b626f38fa8e545fb3f80ce566efd790bf8877e65c3a482460cc3e0b5d1?s=96&d=mm&r=g","contentUrl":"https:\/\/secure.gravatar.com\/avatar\/20e0a6b626f38fa8e545fb3f80ce566efd790bf8877e65c3a482460cc3e0b5d1?s=96&d=mm&r=g","caption":"Yucat\u00e1n en Corto"},"url":"https:\/\/www.yucatanencorto.com\/noticias\/author\/editor25\/"}]}},"_links":{"self":[{"href":"https:\/\/www.yucatanencorto.com\/noticias\/wp-json\/wp\/v2\/posts\/116659","targetHints":{"allow":["GET"]}}],"collection":[{"href":"https:\/\/www.yucatanencorto.com\/noticias\/wp-json\/wp\/v2\/posts"}],"about":[{"href":"https:\/\/www.yucatanencorto.com\/noticias\/wp-json\/wp\/v2\/types\/post"}],"author":[{"embeddable":true,"href":"https:\/\/www.yucatanencorto.com\/noticias\/wp-json\/wp\/v2\/users\/4"}],"replies":[{"embeddable":true,"href":"https:\/\/www.yucatanencorto.com\/noticias\/wp-json\/wp\/v2\/comments?post=116659"}],"version-history":[{"count":1,"href":"https:\/\/www.yucatanencorto.com\/noticias\/wp-json\/wp\/v2\/posts\/116659\/revisions"}],"predecessor-version":[{"id":116661,"href":"https:\/\/www.yucatanencorto.com\/noticias\/wp-json\/wp\/v2\/posts\/116659\/revisions\/116661"}],"wp:featuredmedia":[{"embeddable":true,"href":"https:\/\/www.yucatanencorto.com\/noticias\/wp-json\/wp\/v2\/media\/116660"}],"wp:attachment":[{"href":"https:\/\/www.yucatanencorto.com\/noticias\/wp-json\/wp\/v2\/media?parent=116659"}],"wp:term":[{"taxonomy":"category","embeddable":true,"href":"https:\/\/www.yucatanencorto.com\/noticias\/wp-json\/wp\/v2\/categories?post=116659"},{"taxonomy":"post_tag","embeddable":true,"href":"https:\/\/www.yucatanencorto.com\/noticias\/wp-json\/wp\/v2\/tags?post=116659"}],"curies":[{"name":"wp","href":"https:\/\/api.w.org\/{rel}","templated":true}]}}