{"id":116778,"date":"2026-04-06T14:58:18","date_gmt":"2026-04-06T20:58:18","guid":{"rendered":"https:\/\/www.yucatanencorto.com\/noticias\/?p=116778"},"modified":"2026-04-06T14:58:18","modified_gmt":"2026-04-06T20:58:18","slug":"merida-celebra-a-la-ninez-con-cultura-ciencia-y-diversion-para-toda-la-familia","status":"publish","type":"post","link":"https:\/\/www.yucatanencorto.com\/noticias\/merida-celebra-a-la-ninez-con-cultura-ciencia-y-diversion-para-toda-la-familia\/","title":{"rendered":"M\u00e9rida celebra a la ni\u00f1ez con cultura, ciencia y diversi\u00f3n para toda la familia"},"content":{"rendered":"<p><img loading=\"lazy\" decoding=\"async\" class=\"alignnone size-full wp-image-116779\" src=\"https:\/\/www.yucatanencorto.com\/noticias\/wp-content\/uploads\/2026\/04\/IMG-20260406-WA0022-scaled.jpg\" alt=\"\" width=\"768\" height=\"512\" srcset=\"https:\/\/www.yucatanencorto.com\/noticias\/wp-content\/uploads\/2026\/04\/IMG-20260406-WA0022-scaled.jpg 768w, https:\/\/www.yucatanencorto.com\/noticias\/wp-content\/uploads\/2026\/04\/IMG-20260406-WA0022-150x100.jpg 150w, https:\/\/www.yucatanencorto.com\/noticias\/wp-content\/uploads\/2026\/04\/IMG-20260406-WA0022-300x200.jpg 300w, https:\/\/www.yucatanencorto.com\/noticias\/wp-content\/uploads\/2026\/04\/IMG-20260406-WA0022-696x464.jpg 696w, https:\/\/www.yucatanencorto.com\/noticias\/wp-content\/uploads\/2026\/04\/IMG-20260406-WA0022-1068x712.jpg 1068w\" sizes=\"auto, (max-width: 768px) 100vw, 768px\" \/><\/p>\n<p>M\u00e9rida, Yucat\u00e1n a lunes 6 de abril de 2026.- La presidenta municipal de M\u00e9rida, Cecilia Patr\u00f3n Laviada, present\u00f3 un amplio programa de actividades para celebrar a la ni\u00f1ez durante el mes de abril, con eventos culturales, educativos y recreativos que se llevar\u00e1n a cabo del 8 de abril al 3 de mayo en distintos espacios de la ciudad, fomentando la convivencia familiar y el acceso a experiencias enriquecedoras.<\/p>\n<p>&nbsp;<\/p>\n<p>\u201cHemos preparado una celebraci\u00f3n para las ni\u00f1as y los ni\u00f1os de nuestra ciudad. Queremos que cada ni\u00f1a y ni\u00f1o de M\u00e9rida viva experiencias que despierten su imaginaci\u00f3n, fortalezcan su aprendizaje y les permitan disfrutar plenamente su ciudad\u201d, expres\u00f3.<\/p>\n<p>&nbsp;<\/p>\n<p>La edil subray\u00f3 que esta agenda busca acercar oportunidades de desarrollo y felicidad a las infancias meridanas promoviendo actividades que fomenten la educaci\u00f3n, la cultura y la sana convivencia en toda la ciudad.<\/p>\n<p>&nbsp;<\/p>\n<p>\u201cEstamos tratando de llegar a cada rinc\u00f3n de la ciudad con actividades divertidas donde aprendan y adquieran conocimientos que ayuden a nuestros ni\u00f1os a crecer como personas mejor preparadas, porque esa es nuestra tarea como Ayuntamiento, acompa\u00f1ar a la ni\u00f1ez en su crecimiento sano\u201d, abund\u00f3.<\/p>\n<p>&nbsp;<\/p>\n<p>Las actividades iniciar\u00e1n el mi\u00e9rcoles 8 de abril con el programa Ver Mejor Infantil, en el marco del Mi\u00e9rcoles Ciudadano a las 9:00 de la ma\u00f1ana. El jueves 9 de abril, se estrenar\u00e1 el videomapping \u201cM\u00e9rida: Origen y Memoria\u201d en el Parque de La Paz, con funciones de jueves a domingo a las 7:00, 8:00 y 9:00 de la noche.<\/p>\n<p>&nbsp;<\/p>\n<p>El s\u00e1bado 11 de abril se llevar\u00e1 a cabo la charla y proyecci\u00f3n \u201cCuando muere una estrella\u201d en el Planetario Arcadio Poveda a las 6:00 de la tarde, mientras que el domingo 12 de abril el Museo de Historia Natural ofrecer\u00e1 la actividad \u201cUna mirada al sol\u201d, con observaci\u00f3n solar mediante telescopio especializado a partir de las 9:00 de la ma\u00f1ana.<\/p>\n<p>&nbsp;<\/p>\n<p>La alcaldesa mencion\u00f3 que estas actividades cient\u00edficas y culturales permiten a la ni\u00f1ez aprender mientras se divierten, acompa\u00f1ados de sus familias.<\/p>\n<p>&nbsp;<\/p>\n<p>El programa continuar\u00e1 el 13 y 14 de abril con estudios de Ver Mejor Infantil en el Parque Villa Magna, y el jueves 16 de abril se realizar\u00e1 un concierto especial de j\u00f3venes solistas con la Orquesta de C\u00e1mara de M\u00e9rida en el Teatro Felipe Carrillo Puerto a las 8:00 de la noche.<\/p>\n<p>&nbsp;<\/p>\n<p>El domingo 19 de abril se presentar\u00e1 el concierto \u201cDisney Instrumental\u201d con la Orquesta Infantil y Juvenil de M\u00e9rida en el Centro Cultural Olimpo, seguido de las caravanas del D\u00eda de la Ni\u00f1ez que recorrer\u00e1n diversas colonias a partir del 21 de abril, llevando espect\u00e1culos, juegos y actividades a diferentes zonas de la ciudad.<\/p>\n<p>&nbsp;<\/p>\n<p>\u201cEstamos llevando la celebraci\u00f3n a cada rinc\u00f3n de M\u00e9rida, porque todas las ni\u00f1as y ni\u00f1os merecen ser parte de esta gran fiesta, nuestra prioridad es construir comunidad desde la infancia \u201d, afirm\u00f3 la edil.<\/p>\n<p>&nbsp;<\/p>\n<p>Entre las actividades destacadas tambi\u00e9n se encuentran eventos tem\u00e1ticos como \u201cCelebrando a la ni\u00f1ez, U M\u00e1ank&#8217;inal Mejen Paalal\u201d en el Museo de Historia Natural, la \u201cZona de Peques\u201d en el Parque Zool\u00f3gico del Centenario, as\u00ed como la tradicional Biciruta dominical con tem\u00e1tica infantil.<\/p>\n<p>&nbsp;<\/p>\n<p>El 30 de abril, en el marco del D\u00eda de la Ni\u00f1a y el Ni\u00f1o, se realizar\u00e1n celebraciones especiales en el Parque Zool\u00f3gico del Bicentenario Animaya y el Parque del Centenario, con pastel, pi\u00f1atas, espect\u00e1culos y actividades recreativas durante todo el d\u00eda.<\/p>\n<p>&nbsp;<\/p>\n<p>Adem\u00e1s, del 8 de abril al 3 de mayo se llevar\u00e1 a cabo un ciclo de cine infantil en el Centro Cultural del Sur, con funciones de mi\u00e9rcoles a domingo, consolidando una oferta cultural continua para el disfrute de las familias meridanas.<\/p>\n<p>&nbsp;<\/p>\n<p>La programaci\u00f3n completa se puede encontrar en el sitio web del Ayuntamiento de M\u00e9rida: www.merida.gob.mx<\/p>\n<p>&nbsp;<\/p>\n","protected":false},"excerpt":{"rendered":"<p>M\u00e9rida, Yucat\u00e1n a lunes 6 de abril de 2026.- La presidenta municipal de M\u00e9rida, Cecilia Patr\u00f3n Laviada, present\u00f3 un amplio programa de actividades para celebrar a la ni\u00f1ez durante el mes de abril, con eventos culturales, educativos y recreativos que se llevar\u00e1n a cabo del 8 de abril al 3 de mayo en distintos espacios [&hellip;]<\/p>\n","protected":false},"author":4,"featured_media":116779,"comment_status":"closed","ping_status":"closed","sticky":false,"template":"","format":"standard","meta":{"footnotes":""},"categories":[2],"tags":[],"class_list":["post-116778","post","type-post","status-publish","format-standard","has-post-thumbnail","category-merida"],"yoast_head":"<!-- This site is optimized with the Yoast SEO plugin v28.3 - https:\/\/yoast.com\/product\/yoast-seo-wordpress\/ -->\n<title>M\u00e9rida celebra a la ni\u00f1ez con cultura, ciencia y diversi\u00f3n para toda la familia - Yucat\u00e1n en corto<\/title>\n<meta name=\"robots\" content=\"index, follow, max-snippet:-1, max-image-preview:large, max-video-preview:-1\" \/>\n<link rel=\"canonical\" href=\"https:\/\/www.yucatanencorto.com\/noticias\/merida-celebra-a-la-ninez-con-cultura-ciencia-y-diversion-para-toda-la-familia\/\" \/>\n<meta property=\"og:locale\" content=\"es_ES\" \/>\n<meta property=\"og:type\" content=\"article\" \/>\n<meta property=\"og:title\" content=\"M\u00e9rida celebra a la ni\u00f1ez con cultura, ciencia y diversi\u00f3n para toda la familia - Yucat\u00e1n en corto\" \/>\n<meta property=\"og:description\" content=\"M\u00e9rida, Yucat\u00e1n a lunes 6 de abril de 2026.- La presidenta municipal de M\u00e9rida, Cecilia Patr\u00f3n Laviada, present\u00f3 un amplio programa de actividades para celebrar a la ni\u00f1ez durante el mes de abril, con eventos culturales, educativos y recreativos que se llevar\u00e1n a cabo del 8 de abril al 3 de mayo en distintos espacios [&hellip;]\" \/>\n<meta property=\"og:url\" content=\"https:\/\/www.yucatanencorto.com\/noticias\/merida-celebra-a-la-ninez-con-cultura-ciencia-y-diversion-para-toda-la-familia\/\" \/>\n<meta property=\"og:site_name\" content=\"Yucat\u00e1n en corto\" \/>\n<meta property=\"article:publisher\" content=\"http:\/\/www.facebook.com\/yucatanencorto\" \/>\n<meta property=\"article:published_time\" content=\"2026-04-06T20:58:18+00:00\" \/>\n<meta property=\"og:image\" content=\"https:\/\/www.yucatanencorto.com\/noticias\/wp-content\/uploads\/2026\/04\/IMG-20260406-WA0022-scaled.jpg\" \/>\n\t<meta property=\"og:image:width\" content=\"768\" \/>\n\t<meta property=\"og:image:height\" content=\"512\" \/>\n\t<meta property=\"og:image:type\" content=\"image\/jpeg\" \/>\n<meta name=\"author\" content=\"YC 25\" \/>\n<meta name=\"twitter:card\" content=\"summary_large_image\" \/>\n<meta name=\"twitter:creator\" content=\"@yucatanencorto\" \/>\n<meta name=\"twitter:site\" content=\"@yucatanencorto\" \/>\n<meta name=\"twitter:label1\" content=\"Escrito por\" \/>\n\t<meta name=\"twitter:data1\" content=\"YC 25\" \/>\n\t<meta name=\"twitter:label2\" content=\"Tiempo de lectura\" \/>\n\t<meta name=\"twitter:data2\" content=\"3 minutos\" \/>\n<script type=\"application\/ld+json\" class=\"yoast-schema-graph\">{\"@context\":\"https:\\\/\\\/schema.org\",\"@graph\":[{\"@type\":\"Article\",\"@id\":\"https:\\\/\\\/www.yucatanencorto.com\\\/noticias\\\/merida-celebra-a-la-ninez-con-cultura-ciencia-y-diversion-para-toda-la-familia\\\/#article\",\"isPartOf\":{\"@id\":\"https:\\\/\\\/www.yucatanencorto.com\\\/noticias\\\/merida-celebra-a-la-ninez-con-cultura-ciencia-y-diversion-para-toda-la-familia\\\/\"},\"author\":{\"name\":\"YC 25\",\"@id\":\"https:\\\/\\\/www.yucatanencorto.com\\\/noticias\\\/#\\\/schema\\\/person\\\/f0ec40c33447bbc0dc2d01d3006de771\"},\"headline\":\"M\u00e9rida celebra a la ni\u00f1ez con cultura, ciencia y diversi\u00f3n para toda la familia\",\"datePublished\":\"2026-04-06T20:58:18+00:00\",\"mainEntityOfPage\":{\"@id\":\"https:\\\/\\\/www.yucatanencorto.com\\\/noticias\\\/merida-celebra-a-la-ninez-con-cultura-ciencia-y-diversion-para-toda-la-familia\\\/\"},\"wordCount\":682,\"publisher\":{\"@id\":\"https:\\\/\\\/www.yucatanencorto.com\\\/noticias\\\/#organization\"},\"image\":{\"@id\":\"https:\\\/\\\/www.yucatanencorto.com\\\/noticias\\\/merida-celebra-a-la-ninez-con-cultura-ciencia-y-diversion-para-toda-la-familia\\\/#primaryimage\"},\"thumbnailUrl\":\"https:\\\/\\\/www.yucatanencorto.com\\\/noticias\\\/wp-content\\\/uploads\\\/2026\\\/04\\\/IMG-20260406-WA0022-scaled.jpg\",\"articleSection\":[\"M\u00e9rida\"],\"inLanguage\":\"es\"},{\"@type\":\"WebPage\",\"@id\":\"https:\\\/\\\/www.yucatanencorto.com\\\/noticias\\\/merida-celebra-a-la-ninez-con-cultura-ciencia-y-diversion-para-toda-la-familia\\\/\",\"url\":\"https:\\\/\\\/www.yucatanencorto.com\\\/noticias\\\/merida-celebra-a-la-ninez-con-cultura-ciencia-y-diversion-para-toda-la-familia\\\/\",\"name\":\"M\u00e9rida celebra a la ni\u00f1ez con cultura, ciencia y diversi\u00f3n para toda la familia - Yucat\u00e1n en corto\",\"isPartOf\":{\"@id\":\"https:\\\/\\\/www.yucatanencorto.com\\\/noticias\\\/#website\"},\"primaryImageOfPage\":{\"@id\":\"https:\\\/\\\/www.yucatanencorto.com\\\/noticias\\\/merida-celebra-a-la-ninez-con-cultura-ciencia-y-diversion-para-toda-la-familia\\\/#primaryimage\"},\"image\":{\"@id\":\"https:\\\/\\\/www.yucatanencorto.com\\\/noticias\\\/merida-celebra-a-la-ninez-con-cultura-ciencia-y-diversion-para-toda-la-familia\\\/#primaryimage\"},\"thumbnailUrl\":\"https:\\\/\\\/www.yucatanencorto.com\\\/noticias\\\/wp-content\\\/uploads\\\/2026\\\/04\\\/IMG-20260406-WA0022-scaled.jpg\",\"datePublished\":\"2026-04-06T20:58:18+00:00\",\"breadcrumb\":{\"@id\":\"https:\\\/\\\/www.yucatanencorto.com\\\/noticias\\\/merida-celebra-a-la-ninez-con-cultura-ciencia-y-diversion-para-toda-la-familia\\\/#breadcrumb\"},\"inLanguage\":\"es\",\"potentialAction\":[{\"@type\":\"ReadAction\",\"target\":[\"https:\\\/\\\/www.yucatanencorto.com\\\/noticias\\\/merida-celebra-a-la-ninez-con-cultura-ciencia-y-diversion-para-toda-la-familia\\\/\"]}]},{\"@type\":\"ImageObject\",\"inLanguage\":\"es\",\"@id\":\"https:\\\/\\\/www.yucatanencorto.com\\\/noticias\\\/merida-celebra-a-la-ninez-con-cultura-ciencia-y-diversion-para-toda-la-familia\\\/#primaryimage\",\"url\":\"https:\\\/\\\/www.yucatanencorto.com\\\/noticias\\\/wp-content\\\/uploads\\\/2026\\\/04\\\/IMG-20260406-WA0022-scaled.jpg\",\"contentUrl\":\"https:\\\/\\\/www.yucatanencorto.com\\\/noticias\\\/wp-content\\\/uploads\\\/2026\\\/04\\\/IMG-20260406-WA0022-scaled.jpg\",\"width\":768,\"height\":512},{\"@type\":\"BreadcrumbList\",\"@id\":\"https:\\\/\\\/www.yucatanencorto.com\\\/noticias\\\/merida-celebra-a-la-ninez-con-cultura-ciencia-y-diversion-para-toda-la-familia\\\/#breadcrumb\",\"itemListElement\":[{\"@type\":\"ListItem\",\"position\":1,\"name\":\"Portada\",\"item\":\"https:\\\/\\\/www.yucatanencorto.com\\\/noticias\\\/\"},{\"@type\":\"ListItem\",\"position\":2,\"name\":\"M\u00e9rida celebra a la ni\u00f1ez con cultura, ciencia y diversi\u00f3n para toda la familia\"}]},{\"@type\":\"WebSite\",\"@id\":\"https:\\\/\\\/www.yucatanencorto.com\\\/noticias\\\/#website\",\"url\":\"https:\\\/\\\/www.yucatanencorto.com\\\/noticias\\\/\",\"name\":\"Yucat\u00e1n en corto\",\"description\":\"Noticias\",\"publisher\":{\"@id\":\"https:\\\/\\\/www.yucatanencorto.com\\\/noticias\\\/#organization\"},\"potentialAction\":[{\"@type\":\"SearchAction\",\"target\":{\"@type\":\"EntryPoint\",\"urlTemplate\":\"https:\\\/\\\/www.yucatanencorto.com\\\/noticias\\\/?s={search_term_string}\"},\"query-input\":{\"@type\":\"PropertyValueSpecification\",\"valueRequired\":true,\"valueName\":\"search_term_string\"}}],\"inLanguage\":\"es\"},{\"@type\":\"Organization\",\"@id\":\"https:\\\/\\\/www.yucatanencorto.com\\\/noticias\\\/#organization\",\"name\":\"Yucat\u00e1n en corto\",\"url\":\"https:\\\/\\\/www.yucatanencorto.com\\\/noticias\\\/\",\"logo\":{\"@type\":\"ImageObject\",\"inLanguage\":\"es\",\"@id\":\"https:\\\/\\\/www.yucatanencorto.com\\\/noticias\\\/#\\\/schema\\\/logo\\\/image\\\/\",\"url\":\"https:\\\/\\\/www.yucatanencorto.com\\\/noticias\\\/wp-content\\\/uploads\\\/2026\\\/08\\\/Logo-web.png\",\"contentUrl\":\"https:\\\/\\\/www.yucatanencorto.com\\\/noticias\\\/wp-content\\\/uploads\\\/2026\\\/08\\\/Logo-web.png\",\"width\":272,\"height\":90,\"caption\":\"Yucat\u00e1n en corto\"},\"image\":{\"@id\":\"https:\\\/\\\/www.yucatanencorto.com\\\/noticias\\\/#\\\/schema\\\/logo\\\/image\\\/\"},\"sameAs\":[\"http:\\\/\\\/www.facebook.com\\\/yucatanencorto\",\"https:\\\/\\\/x.com\\\/yucatanencorto\"]},{\"@type\":\"Person\",\"@id\":\"https:\\\/\\\/www.yucatanencorto.com\\\/noticias\\\/#\\\/schema\\\/person\\\/f0ec40c33447bbc0dc2d01d3006de771\",\"name\":\"YC 25\",\"image\":{\"@type\":\"ImageObject\",\"inLanguage\":\"es\",\"@id\":\"https:\\\/\\\/secure.gravatar.com\\\/avatar\\\/20e0a6b626f38fa8e545fb3f80ce566efd790bf8877e65c3a482460cc3e0b5d1?s=96&d=mm&r=g\",\"url\":\"https:\\\/\\\/secure.gravatar.com\\\/avatar\\\/20e0a6b626f38fa8e545fb3f80ce566efd790bf8877e65c3a482460cc3e0b5d1?s=96&d=mm&r=g\",\"contentUrl\":\"https:\\\/\\\/secure.gravatar.com\\\/avatar\\\/20e0a6b626f38fa8e545fb3f80ce566efd790bf8877e65c3a482460cc3e0b5d1?s=96&d=mm&r=g\",\"caption\":\"YC 25\"},\"url\":\"https:\\\/\\\/www.yucatanencorto.com\\\/noticias\\\/author\\\/editor25\\\/\"}]}<\/script>\n<!-- \/ Yoast SEO plugin. -->","yoast_head_json":{"title":"M\u00e9rida celebra a la ni\u00f1ez con cultura, ciencia y diversi\u00f3n para toda la familia - Yucat\u00e1n en corto","robots":{"index":"index","follow":"follow","max-snippet":"max-snippet:-1","max-image-preview":"max-image-preview:large","max-video-preview":"max-video-preview:-1"},"canonical":"https:\/\/www.yucatanencorto.com\/noticias\/merida-celebra-a-la-ninez-con-cultura-ciencia-y-diversion-para-toda-la-familia\/","og_locale":"es_ES","og_type":"article","og_title":"M\u00e9rida celebra a la ni\u00f1ez con cultura, ciencia y diversi\u00f3n para toda la familia - Yucat\u00e1n en corto","og_description":"M\u00e9rida, Yucat\u00e1n a lunes 6 de abril de 2026.- La presidenta municipal de M\u00e9rida, Cecilia Patr\u00f3n Laviada, present\u00f3 un amplio programa de actividades para celebrar a la ni\u00f1ez durante el mes de abril, con eventos culturales, educativos y recreativos que se llevar\u00e1n a cabo del 8 de abril al 3 de mayo en distintos espacios [&hellip;]","og_url":"https:\/\/www.yucatanencorto.com\/noticias\/merida-celebra-a-la-ninez-con-cultura-ciencia-y-diversion-para-toda-la-familia\/","og_site_name":"Yucat\u00e1n en corto","article_publisher":"http:\/\/www.facebook.com\/yucatanencorto","article_published_time":"2026-04-06T20:58:18+00:00","og_image":[{"width":768,"height":512,"url":"https:\/\/www.yucatanencorto.com\/noticias\/wp-content\/uploads\/2026\/04\/IMG-20260406-WA0022-scaled.jpg","type":"image\/jpeg"}],"author":"YC 25","twitter_card":"summary_large_image","twitter_creator":"@yucatanencorto","twitter_site":"@yucatanencorto","twitter_misc":{"Escrito por":"YC 25","Tiempo de lectura":"3 minutos"},"schema":{"@context":"https:\/\/schema.org","@graph":[{"@type":"Article","@id":"https:\/\/www.yucatanencorto.com\/noticias\/merida-celebra-a-la-ninez-con-cultura-ciencia-y-diversion-para-toda-la-familia\/#article","isPartOf":{"@id":"https:\/\/www.yucatanencorto.com\/noticias\/merida-celebra-a-la-ninez-con-cultura-ciencia-y-diversion-para-toda-la-familia\/"},"author":{"name":"YC 25","@id":"https:\/\/www.yucatanencorto.com\/noticias\/#\/schema\/person\/f0ec40c33447bbc0dc2d01d3006de771"},"headline":"M\u00e9rida celebra a la ni\u00f1ez con cultura, ciencia y diversi\u00f3n para toda la familia","datePublished":"2026-04-06T20:58:18+00:00","mainEntityOfPage":{"@id":"https:\/\/www.yucatanencorto.com\/noticias\/merida-celebra-a-la-ninez-con-cultura-ciencia-y-diversion-para-toda-la-familia\/"},"wordCount":682,"publisher":{"@id":"https:\/\/www.yucatanencorto.com\/noticias\/#organization"},"image":{"@id":"https:\/\/www.yucatanencorto.com\/noticias\/merida-celebra-a-la-ninez-con-cultura-ciencia-y-diversion-para-toda-la-familia\/#primaryimage"},"thumbnailUrl":"https:\/\/www.yucatanencorto.com\/noticias\/wp-content\/uploads\/2026\/04\/IMG-20260406-WA0022-scaled.jpg","articleSection":["M\u00e9rida"],"inLanguage":"es"},{"@type":"WebPage","@id":"https:\/\/www.yucatanencorto.com\/noticias\/merida-celebra-a-la-ninez-con-cultura-ciencia-y-diversion-para-toda-la-familia\/","url":"https:\/\/www.yucatanencorto.com\/noticias\/merida-celebra-a-la-ninez-con-cultura-ciencia-y-diversion-para-toda-la-familia\/","name":"M\u00e9rida celebra a la ni\u00f1ez con cultura, ciencia y diversi\u00f3n para toda la familia - Yucat\u00e1n en corto","isPartOf":{"@id":"https:\/\/www.yucatanencorto.com\/noticias\/#website"},"primaryImageOfPage":{"@id":"https:\/\/www.yucatanencorto.com\/noticias\/merida-celebra-a-la-ninez-con-cultura-ciencia-y-diversion-para-toda-la-familia\/#primaryimage"},"image":{"@id":"https:\/\/www.yucatanencorto.com\/noticias\/merida-celebra-a-la-ninez-con-cultura-ciencia-y-diversion-para-toda-la-familia\/#primaryimage"},"thumbnailUrl":"https:\/\/www.yucatanencorto.com\/noticias\/wp-content\/uploads\/2026\/04\/IMG-20260406-WA0022-scaled.jpg","datePublished":"2026-04-06T20:58:18+00:00","breadcrumb":{"@id":"https:\/\/www.yucatanencorto.com\/noticias\/merida-celebra-a-la-ninez-con-cultura-ciencia-y-diversion-para-toda-la-familia\/#breadcrumb"},"inLanguage":"es","potentialAction":[{"@type":"ReadAction","target":["https:\/\/www.yucatanencorto.com\/noticias\/merida-celebra-a-la-ninez-con-cultura-ciencia-y-diversion-para-toda-la-familia\/"]}]},{"@type":"ImageObject","inLanguage":"es","@id":"https:\/\/www.yucatanencorto.com\/noticias\/merida-celebra-a-la-ninez-con-cultura-ciencia-y-diversion-para-toda-la-familia\/#primaryimage","url":"https:\/\/www.yucatanencorto.com\/noticias\/wp-content\/uploads\/2026\/04\/IMG-20260406-WA0022-scaled.jpg","contentUrl":"https:\/\/www.yucatanencorto.com\/noticias\/wp-content\/uploads\/2026\/04\/IMG-20260406-WA0022-scaled.jpg","width":768,"height":512},{"@type":"BreadcrumbList","@id":"https:\/\/www.yucatanencorto.com\/noticias\/merida-celebra-a-la-ninez-con-cultura-ciencia-y-diversion-para-toda-la-familia\/#breadcrumb","itemListElement":[{"@type":"ListItem","position":1,"name":"Portada","item":"https:\/\/www.yucatanencorto.com\/noticias\/"},{"@type":"ListItem","position":2,"name":"M\u00e9rida celebra a la ni\u00f1ez con cultura, ciencia y diversi\u00f3n para toda la familia"}]},{"@type":"WebSite","@id":"https:\/\/www.yucatanencorto.com\/noticias\/#website","url":"https:\/\/www.yucatanencorto.com\/noticias\/","name":"Yucat\u00e1n en corto","description":"Noticias","publisher":{"@id":"https:\/\/www.yucatanencorto.com\/noticias\/#organization"},"potentialAction":[{"@type":"SearchAction","target":{"@type":"EntryPoint","urlTemplate":"https:\/\/www.yucatanencorto.com\/noticias\/?s={search_term_string}"},"query-input":{"@type":"PropertyValueSpecification","valueRequired":true,"valueName":"search_term_string"}}],"inLanguage":"es"},{"@type":"Organization","@id":"https:\/\/www.yucatanencorto.com\/noticias\/#organization","name":"Yucat\u00e1n en corto","url":"https:\/\/www.yucatanencorto.com\/noticias\/","logo":{"@type":"ImageObject","inLanguage":"es","@id":"https:\/\/www.yucatanencorto.com\/noticias\/#\/schema\/logo\/image\/","url":"https:\/\/www.yucatanencorto.com\/noticias\/wp-content\/uploads\/2026\/08\/Logo-web.png","contentUrl":"https:\/\/www.yucatanencorto.com\/noticias\/wp-content\/uploads\/2026\/08\/Logo-web.png","width":272,"height":90,"caption":"Yucat\u00e1n en corto"},"image":{"@id":"https:\/\/www.yucatanencorto.com\/noticias\/#\/schema\/logo\/image\/"},"sameAs":["http:\/\/www.facebook.com\/yucatanencorto","https:\/\/x.com\/yucatanencorto"]},{"@type":"Person","@id":"https:\/\/www.yucatanencorto.com\/noticias\/#\/schema\/person\/f0ec40c33447bbc0dc2d01d3006de771","name":"YC 25","image":{"@type":"ImageObject","inLanguage":"es","@id":"https:\/\/secure.gravatar.com\/avatar\/20e0a6b626f38fa8e545fb3f80ce566efd790bf8877e65c3a482460cc3e0b5d1?s=96&d=mm&r=g","url":"https:\/\/secure.gravatar.com\/avatar\/20e0a6b626f38fa8e545fb3f80ce566efd790bf8877e65c3a482460cc3e0b5d1?s=96&d=mm&r=g","contentUrl":"https:\/\/secure.gravatar.com\/avatar\/20e0a6b626f38fa8e545fb3f80ce566efd790bf8877e65c3a482460cc3e0b5d1?s=96&d=mm&r=g","caption":"YC 25"},"url":"https:\/\/www.yucatanencorto.com\/noticias\/author\/editor25\/"}]}},"_links":{"self":[{"href":"https:\/\/www.yucatanencorto.com\/noticias\/wp-json\/wp\/v2\/posts\/116778","targetHints":{"allow":["GET"]}}],"collection":[{"href":"https:\/\/www.yucatanencorto.com\/noticias\/wp-json\/wp\/v2\/posts"}],"about":[{"href":"https:\/\/www.yucatanencorto.com\/noticias\/wp-json\/wp\/v2\/types\/post"}],"author":[{"embeddable":true,"href":"https:\/\/www.yucatanencorto.com\/noticias\/wp-json\/wp\/v2\/users\/4"}],"replies":[{"embeddable":true,"href":"https:\/\/www.yucatanencorto.com\/noticias\/wp-json\/wp\/v2\/comments?post=116778"}],"version-history":[{"count":1,"href":"https:\/\/www.yucatanencorto.com\/noticias\/wp-json\/wp\/v2\/posts\/116778\/revisions"}],"predecessor-version":[{"id":116780,"href":"https:\/\/www.yucatanencorto.com\/noticias\/wp-json\/wp\/v2\/posts\/116778\/revisions\/116780"}],"wp:featuredmedia":[{"embeddable":true,"href":"https:\/\/www.yucatanencorto.com\/noticias\/wp-json\/wp\/v2\/media\/116779"}],"wp:attachment":[{"href":"https:\/\/www.yucatanencorto.com\/noticias\/wp-json\/wp\/v2\/media?parent=116778"}],"wp:term":[{"taxonomy":"category","embeddable":true,"href":"https:\/\/www.yucatanencorto.com\/noticias\/wp-json\/wp\/v2\/categories?post=116778"},{"taxonomy":"post_tag","embeddable":true,"href":"https:\/\/www.yucatanencorto.com\/noticias\/wp-json\/wp\/v2\/tags?post=116778"}],"curies":[{"name":"wp","href":"https:\/\/api.w.org\/{rel}","templated":true}]}}