{"id":116947,"date":"2026-04-24T19:55:13","date_gmt":"2026-04-25T01:55:13","guid":{"rendered":"https:\/\/www.yucatanencorto.com\/noticias\/?p=116947"},"modified":"2026-04-24T19:55:13","modified_gmt":"2026-04-25T01:55:13","slug":"acuerdan-gobierno-de-yucatan-y-sader-fortalecer-acciones-para-el-campo","status":"publish","type":"post","link":"https:\/\/www.yucatanencorto.com\/noticias\/acuerdan-gobierno-de-yucatan-y-sader-fortalecer-acciones-para-el-campo\/","title":{"rendered":"Acuerdan Gobierno de Yucat\u00e1n y Sader fortalecer acciones para el campo"},"content":{"rendered":"<p><img loading=\"lazy\" decoding=\"async\" class=\"alignnone size-full wp-image-116948\" src=\"https:\/\/www.yucatanencorto.com\/noticias\/wp-content\/uploads\/2026\/04\/IMG-20260424-WA0106-scaled.jpg\" alt=\"\" width=\"768\" height=\"512\" srcset=\"https:\/\/www.yucatanencorto.com\/noticias\/wp-content\/uploads\/2026\/04\/IMG-20260424-WA0106-scaled.jpg 768w, https:\/\/www.yucatanencorto.com\/noticias\/wp-content\/uploads\/2026\/04\/IMG-20260424-WA0106-1536x1024.jpg 1536w, https:\/\/www.yucatanencorto.com\/noticias\/wp-content\/uploads\/2026\/04\/IMG-20260424-WA0106-2048x1365.jpg 2048w, https:\/\/www.yucatanencorto.com\/noticias\/wp-content\/uploads\/2026\/04\/IMG-20260424-WA0106-150x100.jpg 150w, https:\/\/www.yucatanencorto.com\/noticias\/wp-content\/uploads\/2026\/04\/IMG-20260424-WA0106-300x200.jpg 300w, https:\/\/www.yucatanencorto.com\/noticias\/wp-content\/uploads\/2026\/04\/IMG-20260424-WA0106-696x464.jpg 696w, https:\/\/www.yucatanencorto.com\/noticias\/wp-content\/uploads\/2026\/04\/IMG-20260424-WA0106-1068x712.jpg 1068w, https:\/\/www.yucatanencorto.com\/noticias\/wp-content\/uploads\/2026\/04\/IMG-20260424-WA0106-1920x1280.jpg 1920w\" sizes=\"auto, (max-width: 768px) 100vw, 768px\" \/><\/p>\n<p>&nbsp;<\/p>\n<p>Ciudad de M\u00e9xico, a 24 de abril de 2026<\/p>\n<p>&nbsp;<\/p>\n<p>&nbsp;<\/p>\n<p>El Gobernador Joaqu\u00edn D\u00edaz Mena sostuvo una reuni\u00f3n con el secretario de Agricultura y Desarrollo Rural, Julio Berdegu\u00e9 Sacrist\u00e1n, para fortalecer la coordinaci\u00f3n entre el Gobierno del Estado y la dependencia federal responsable de la pol\u00edtica agropecuaria nacional.<\/p>\n<p>&nbsp;<\/p>\n<p>En el encuentro, realizado en la sede de la Secretar\u00eda de Agricultura y Desarrollo Rural (Sader), se abordaron las necesidades del campo yucateco, la operaci\u00f3n de programas federales y las oportunidades para impulsar la producci\u00f3n agropecuaria en la entidad.<\/p>\n<p>&nbsp;<\/p>\n<p>Durante la reuni\u00f3n, D\u00edaz Mena expuso las caracter\u00edsticas del sector agropecuario de Yucat\u00e1n, que combina una tradici\u00f3n ganadera de vocaci\u00f3n exportadora, especialmente en bovinos de las razas ceb\u00fa y brahman, con una creciente diversificaci\u00f3n hacia cultivos regionales de alto valor.<\/p>\n<p>&nbsp;<\/p>\n<p>Entre estos productos se encuentran el chile habanero, el lim\u00f3n persa, la papaya maradol y la miel de abeja melipona, que cuentan con reconocimiento y proyecci\u00f3n en mercados nacionales e internacionales.<\/p>\n<p>&nbsp;<\/p>\n<p>El Gobernador se\u00f1al\u00f3 que Yucat\u00e1n cuenta con un sector rural din\u00e1mico, donde conviven productoras y productores tradicionales con empresas agroindustriales de exportaci\u00f3n, por lo que se requiere una pol\u00edtica federal sensible a las particularidades del territorio.<\/p>\n<p>&nbsp;<\/p>\n<p>En ese sentido, el titular del Ejecutivo estatal plante\u00f3 la necesidad de atender de manera especial a las comunidades mayas, cuyos sistemas de producci\u00f3n ancestrales forman parte del patrimonio productivo y cultural de Yucat\u00e1n.<\/p>\n<p>&nbsp;<\/p>\n<p>Durante el di\u00e1logo, se revisaron mecanismos de coordinaci\u00f3n para la operaci\u00f3n de los programas federales de la Sader en territorio yucateco, con \u00e9nfasis en que los apoyos lleguen de manera oportuna a las y los productores del estado.<\/p>\n<p>&nbsp;<\/p>\n<p>D\u00edaz Mena se\u00f1al\u00f3 que los esquemas de apoyo al campo deben traducirse en beneficios concretos para agricultoras, agricultores y ganaderos yucatecos, especialmente ante el incremento en los costos de producci\u00f3n y la incertidumbre en los mercados internacionales.<\/p>\n<p>&nbsp;<\/p>\n<p>Por su parte, Berdegu\u00e9 Sacrist\u00e1n present\u00f3 las l\u00edneas estrat\u00e9gicas de la Sader para fortalecer la producci\u00f3n nacional de alimentos, reducir importaciones y consolidar cadenas de valor agroalimentarias, al tiempo que reconoci\u00f3 las capacidades de Yucat\u00e1n en prote\u00edna animal, horticultura y cultivos tropicales.<\/p>\n<p>&nbsp;<\/p>\n<p>Durante la reuni\u00f3n tambi\u00e9n se abord\u00f3 el desarrollo social del campo, con atenci\u00f3n a las comunidades rurales e ind\u00edgenas.<\/p>\n<p>&nbsp;<\/p>\n<p>El Gobernador plante\u00f3 que el crecimiento productivo debe ir acompa\u00f1ado de capacitaci\u00f3n, financiamiento, tecnificaci\u00f3n y organizaci\u00f3n para mejorar el bienestar de las familias productoras.<\/p>\n<p>&nbsp;<\/p>\n<p>Ambas partes revisaron la coordinaci\u00f3n necesaria para atender contingencias fitosanitarias y zoosanitarias que puedan afectar la producci\u00f3n agropecuaria, mediante el trabajo conjunto entre la Sader, el Servicio Nacional de Sanidad, Inocuidad y Calidad Agroalimentaria (Senasica) y las autoridades estatales.<\/p>\n<p>&nbsp;<\/p>\n<p>Al t\u00e9rmino del encuentro, el Gobernador reiter\u00f3 la disposici\u00f3n de su administraci\u00f3n para trabajar con la Sader en pol\u00edticas que impulsen la competitividad del campo yucateco.<\/p>\n<p>&nbsp;<\/p>\n<p>&nbsp;<\/p>\n<p>&nbsp;<\/p>\n","protected":false},"excerpt":{"rendered":"<p>&nbsp; Ciudad de M\u00e9xico, a 24 de abril de 2026 &nbsp; &nbsp; El Gobernador Joaqu\u00edn D\u00edaz Mena sostuvo una reuni\u00f3n con el secretario de Agricultura y Desarrollo Rural, Julio Berdegu\u00e9 Sacrist\u00e1n, para fortalecer la coordinaci\u00f3n entre el Gobierno del Estado y la dependencia federal responsable de la pol\u00edtica agropecuaria nacional. &nbsp; En el encuentro, realizado [&hellip;]<\/p>\n","protected":false},"author":4,"featured_media":116948,"comment_status":"closed","ping_status":"closed","sticky":false,"template":"","format":"standard","meta":{"footnotes":""},"categories":[3],"tags":[],"class_list":{"0":"post-116947","1":"post","2":"type-post","3":"status-publish","4":"format-standard","5":"has-post-thumbnail","7":"category-yucatan"},"yoast_head":"<!-- This site is optimized with the Yoast SEO plugin v27.4 - https:\/\/yoast.com\/product\/yoast-seo-wordpress\/ -->\n<title>Acuerdan Gobierno de Yucat\u00e1n y Sader fortalecer acciones para el campo - Yucat\u00e1n en corto<\/title>\n<meta name=\"robots\" content=\"index, follow, max-snippet:-1, max-image-preview:large, max-video-preview:-1\" \/>\n<link rel=\"canonical\" href=\"https:\/\/www.yucatanencorto.com\/noticias\/acuerdan-gobierno-de-yucatan-y-sader-fortalecer-acciones-para-el-campo\/\" \/>\n<meta property=\"og:locale\" content=\"es_ES\" \/>\n<meta property=\"og:type\" content=\"article\" \/>\n<meta property=\"og:title\" content=\"Acuerdan Gobierno de Yucat\u00e1n y Sader fortalecer acciones para el campo - Yucat\u00e1n en corto\" \/>\n<meta property=\"og:description\" content=\"&nbsp; Ciudad de M\u00e9xico, a 24 de abril de 2026 &nbsp; &nbsp; El Gobernador Joaqu\u00edn D\u00edaz Mena sostuvo una reuni\u00f3n con el secretario de Agricultura y Desarrollo Rural, Julio Berdegu\u00e9 Sacrist\u00e1n, para fortalecer la coordinaci\u00f3n entre el Gobierno del Estado y la dependencia federal responsable de la pol\u00edtica agropecuaria nacional. &nbsp; En el encuentro, realizado [&hellip;]\" \/>\n<meta property=\"og:url\" content=\"https:\/\/www.yucatanencorto.com\/noticias\/acuerdan-gobierno-de-yucatan-y-sader-fortalecer-acciones-para-el-campo\/\" \/>\n<meta property=\"og:site_name\" content=\"Yucat\u00e1n en corto\" \/>\n<meta property=\"article:publisher\" content=\"http:\/\/www.facebook.com\/yucatanencorto\" \/>\n<meta property=\"article:published_time\" content=\"2026-04-25T01:55:13+00:00\" \/>\n<meta property=\"og:image\" content=\"https:\/\/www.yucatanencorto.com\/noticias\/wp-content\/uploads\/2026\/04\/IMG-20260424-WA0106-scaled.jpg\" \/>\n\t<meta property=\"og:image:width\" content=\"768\" \/>\n\t<meta property=\"og:image:height\" content=\"512\" \/>\n\t<meta property=\"og:image:type\" content=\"image\/jpeg\" \/>\n<meta name=\"author\" content=\"Yucat\u00e1n en Corto\" \/>\n<meta name=\"twitter:card\" content=\"summary_large_image\" \/>\n<meta name=\"twitter:creator\" content=\"@yucatanencorto\" \/>\n<meta name=\"twitter:site\" content=\"@yucatanencorto\" \/>\n<meta name=\"twitter:label1\" content=\"Escrito por\" \/>\n\t<meta name=\"twitter:data1\" content=\"Yucat\u00e1n en Corto\" \/>\n\t<meta name=\"twitter:label2\" content=\"Tiempo de lectura\" \/>\n\t<meta name=\"twitter:data2\" content=\"3 minutos\" \/>\n<script type=\"application\/ld+json\" class=\"yoast-schema-graph\">{\"@context\":\"https:\\\/\\\/schema.org\",\"@graph\":[{\"@type\":\"Article\",\"@id\":\"https:\\\/\\\/www.yucatanencorto.com\\\/noticias\\\/acuerdan-gobierno-de-yucatan-y-sader-fortalecer-acciones-para-el-campo\\\/#article\",\"isPartOf\":{\"@id\":\"https:\\\/\\\/www.yucatanencorto.com\\\/noticias\\\/acuerdan-gobierno-de-yucatan-y-sader-fortalecer-acciones-para-el-campo\\\/\"},\"author\":{\"name\":\"Yucat\u00e1n en Corto\",\"@id\":\"https:\\\/\\\/www.yucatanencorto.com\\\/noticias\\\/#\\\/schema\\\/person\\\/f0ec40c33447bbc0dc2d01d3006de771\"},\"headline\":\"Acuerdan Gobierno de Yucat\u00e1n y Sader fortalecer acciones para el campo\",\"datePublished\":\"2026-04-25T01:55:13+00:00\",\"mainEntityOfPage\":{\"@id\":\"https:\\\/\\\/www.yucatanencorto.com\\\/noticias\\\/acuerdan-gobierno-de-yucatan-y-sader-fortalecer-acciones-para-el-campo\\\/\"},\"wordCount\":532,\"image\":{\"@id\":\"https:\\\/\\\/www.yucatanencorto.com\\\/noticias\\\/acuerdan-gobierno-de-yucatan-y-sader-fortalecer-acciones-para-el-campo\\\/#primaryimage\"},\"thumbnailUrl\":\"https:\\\/\\\/www.yucatanencorto.com\\\/noticias\\\/wp-content\\\/uploads\\\/2026\\\/04\\\/IMG-20260424-WA0106-scaled.jpg\",\"articleSection\":[\"Yucat\u00e1n\"],\"inLanguage\":\"es\"},{\"@type\":\"WebPage\",\"@id\":\"https:\\\/\\\/www.yucatanencorto.com\\\/noticias\\\/acuerdan-gobierno-de-yucatan-y-sader-fortalecer-acciones-para-el-campo\\\/\",\"url\":\"https:\\\/\\\/www.yucatanencorto.com\\\/noticias\\\/acuerdan-gobierno-de-yucatan-y-sader-fortalecer-acciones-para-el-campo\\\/\",\"name\":\"Acuerdan Gobierno de Yucat\u00e1n y Sader fortalecer acciones para el campo - Yucat\u00e1n en corto\",\"isPartOf\":{\"@id\":\"https:\\\/\\\/www.yucatanencorto.com\\\/noticias\\\/#website\"},\"primaryImageOfPage\":{\"@id\":\"https:\\\/\\\/www.yucatanencorto.com\\\/noticias\\\/acuerdan-gobierno-de-yucatan-y-sader-fortalecer-acciones-para-el-campo\\\/#primaryimage\"},\"image\":{\"@id\":\"https:\\\/\\\/www.yucatanencorto.com\\\/noticias\\\/acuerdan-gobierno-de-yucatan-y-sader-fortalecer-acciones-para-el-campo\\\/#primaryimage\"},\"thumbnailUrl\":\"https:\\\/\\\/www.yucatanencorto.com\\\/noticias\\\/wp-content\\\/uploads\\\/2026\\\/04\\\/IMG-20260424-WA0106-scaled.jpg\",\"datePublished\":\"2026-04-25T01:55:13+00:00\",\"author\":{\"@id\":\"https:\\\/\\\/www.yucatanencorto.com\\\/noticias\\\/#\\\/schema\\\/person\\\/f0ec40c33447bbc0dc2d01d3006de771\"},\"breadcrumb\":{\"@id\":\"https:\\\/\\\/www.yucatanencorto.com\\\/noticias\\\/acuerdan-gobierno-de-yucatan-y-sader-fortalecer-acciones-para-el-campo\\\/#breadcrumb\"},\"inLanguage\":\"es\",\"potentialAction\":[{\"@type\":\"ReadAction\",\"target\":[\"https:\\\/\\\/www.yucatanencorto.com\\\/noticias\\\/acuerdan-gobierno-de-yucatan-y-sader-fortalecer-acciones-para-el-campo\\\/\"]}]},{\"@type\":\"ImageObject\",\"inLanguage\":\"es\",\"@id\":\"https:\\\/\\\/www.yucatanencorto.com\\\/noticias\\\/acuerdan-gobierno-de-yucatan-y-sader-fortalecer-acciones-para-el-campo\\\/#primaryimage\",\"url\":\"https:\\\/\\\/www.yucatanencorto.com\\\/noticias\\\/wp-content\\\/uploads\\\/2026\\\/04\\\/IMG-20260424-WA0106-scaled.jpg\",\"contentUrl\":\"https:\\\/\\\/www.yucatanencorto.com\\\/noticias\\\/wp-content\\\/uploads\\\/2026\\\/04\\\/IMG-20260424-WA0106-scaled.jpg\",\"width\":768,\"height\":512},{\"@type\":\"BreadcrumbList\",\"@id\":\"https:\\\/\\\/www.yucatanencorto.com\\\/noticias\\\/acuerdan-gobierno-de-yucatan-y-sader-fortalecer-acciones-para-el-campo\\\/#breadcrumb\",\"itemListElement\":[{\"@type\":\"ListItem\",\"position\":1,\"name\":\"Portada\",\"item\":\"https:\\\/\\\/www.yucatanencorto.com\\\/noticias\\\/\"},{\"@type\":\"ListItem\",\"position\":2,\"name\":\"Acuerdan Gobierno de Yucat\u00e1n y Sader fortalecer acciones para el campo\"}]},{\"@type\":\"WebSite\",\"@id\":\"https:\\\/\\\/www.yucatanencorto.com\\\/noticias\\\/#website\",\"url\":\"https:\\\/\\\/www.yucatanencorto.com\\\/noticias\\\/\",\"name\":\"Yucat\u00e1n en corto\",\"description\":\"Noticias\",\"potentialAction\":[{\"@type\":\"SearchAction\",\"target\":{\"@type\":\"EntryPoint\",\"urlTemplate\":\"https:\\\/\\\/www.yucatanencorto.com\\\/noticias\\\/?s={search_term_string}\"},\"query-input\":{\"@type\":\"PropertyValueSpecification\",\"valueRequired\":true,\"valueName\":\"search_term_string\"}}],\"inLanguage\":\"es\"},{\"@type\":\"Person\",\"@id\":\"https:\\\/\\\/www.yucatanencorto.com\\\/noticias\\\/#\\\/schema\\\/person\\\/f0ec40c33447bbc0dc2d01d3006de771\",\"name\":\"Yucat\u00e1n en Corto\",\"image\":{\"@type\":\"ImageObject\",\"inLanguage\":\"es\",\"@id\":\"https:\\\/\\\/secure.gravatar.com\\\/avatar\\\/20e0a6b626f38fa8e545fb3f80ce566efd790bf8877e65c3a482460cc3e0b5d1?s=96&d=mm&r=g\",\"url\":\"https:\\\/\\\/secure.gravatar.com\\\/avatar\\\/20e0a6b626f38fa8e545fb3f80ce566efd790bf8877e65c3a482460cc3e0b5d1?s=96&d=mm&r=g\",\"contentUrl\":\"https:\\\/\\\/secure.gravatar.com\\\/avatar\\\/20e0a6b626f38fa8e545fb3f80ce566efd790bf8877e65c3a482460cc3e0b5d1?s=96&d=mm&r=g\",\"caption\":\"Yucat\u00e1n en Corto\"},\"url\":\"https:\\\/\\\/www.yucatanencorto.com\\\/noticias\\\/author\\\/editor25\\\/\"}]}<\/script>\n<!-- \/ Yoast SEO plugin. -->","yoast_head_json":{"title":"Acuerdan Gobierno de Yucat\u00e1n y Sader fortalecer acciones para el campo - Yucat\u00e1n en corto","robots":{"index":"index","follow":"follow","max-snippet":"max-snippet:-1","max-image-preview":"max-image-preview:large","max-video-preview":"max-video-preview:-1"},"canonical":"https:\/\/www.yucatanencorto.com\/noticias\/acuerdan-gobierno-de-yucatan-y-sader-fortalecer-acciones-para-el-campo\/","og_locale":"es_ES","og_type":"article","og_title":"Acuerdan Gobierno de Yucat\u00e1n y Sader fortalecer acciones para el campo - Yucat\u00e1n en corto","og_description":"&nbsp; Ciudad de M\u00e9xico, a 24 de abril de 2026 &nbsp; &nbsp; El Gobernador Joaqu\u00edn D\u00edaz Mena sostuvo una reuni\u00f3n con el secretario de Agricultura y Desarrollo Rural, Julio Berdegu\u00e9 Sacrist\u00e1n, para fortalecer la coordinaci\u00f3n entre el Gobierno del Estado y la dependencia federal responsable de la pol\u00edtica agropecuaria nacional. &nbsp; En el encuentro, realizado [&hellip;]","og_url":"https:\/\/www.yucatanencorto.com\/noticias\/acuerdan-gobierno-de-yucatan-y-sader-fortalecer-acciones-para-el-campo\/","og_site_name":"Yucat\u00e1n en corto","article_publisher":"http:\/\/www.facebook.com\/yucatanencorto","article_published_time":"2026-04-25T01:55:13+00:00","og_image":[{"width":768,"height":512,"url":"https:\/\/www.yucatanencorto.com\/noticias\/wp-content\/uploads\/2026\/04\/IMG-20260424-WA0106-scaled.jpg","type":"image\/jpeg"}],"author":"Yucat\u00e1n en Corto","twitter_card":"summary_large_image","twitter_creator":"@yucatanencorto","twitter_site":"@yucatanencorto","twitter_misc":{"Escrito por":"Yucat\u00e1n en Corto","Tiempo de lectura":"3 minutos"},"schema":{"@context":"https:\/\/schema.org","@graph":[{"@type":"Article","@id":"https:\/\/www.yucatanencorto.com\/noticias\/acuerdan-gobierno-de-yucatan-y-sader-fortalecer-acciones-para-el-campo\/#article","isPartOf":{"@id":"https:\/\/www.yucatanencorto.com\/noticias\/acuerdan-gobierno-de-yucatan-y-sader-fortalecer-acciones-para-el-campo\/"},"author":{"name":"Yucat\u00e1n en Corto","@id":"https:\/\/www.yucatanencorto.com\/noticias\/#\/schema\/person\/f0ec40c33447bbc0dc2d01d3006de771"},"headline":"Acuerdan Gobierno de Yucat\u00e1n y Sader fortalecer acciones para el campo","datePublished":"2026-04-25T01:55:13+00:00","mainEntityOfPage":{"@id":"https:\/\/www.yucatanencorto.com\/noticias\/acuerdan-gobierno-de-yucatan-y-sader-fortalecer-acciones-para-el-campo\/"},"wordCount":532,"image":{"@id":"https:\/\/www.yucatanencorto.com\/noticias\/acuerdan-gobierno-de-yucatan-y-sader-fortalecer-acciones-para-el-campo\/#primaryimage"},"thumbnailUrl":"https:\/\/www.yucatanencorto.com\/noticias\/wp-content\/uploads\/2026\/04\/IMG-20260424-WA0106-scaled.jpg","articleSection":["Yucat\u00e1n"],"inLanguage":"es"},{"@type":"WebPage","@id":"https:\/\/www.yucatanencorto.com\/noticias\/acuerdan-gobierno-de-yucatan-y-sader-fortalecer-acciones-para-el-campo\/","url":"https:\/\/www.yucatanencorto.com\/noticias\/acuerdan-gobierno-de-yucatan-y-sader-fortalecer-acciones-para-el-campo\/","name":"Acuerdan Gobierno de Yucat\u00e1n y Sader fortalecer acciones para el campo - Yucat\u00e1n en corto","isPartOf":{"@id":"https:\/\/www.yucatanencorto.com\/noticias\/#website"},"primaryImageOfPage":{"@id":"https:\/\/www.yucatanencorto.com\/noticias\/acuerdan-gobierno-de-yucatan-y-sader-fortalecer-acciones-para-el-campo\/#primaryimage"},"image":{"@id":"https:\/\/www.yucatanencorto.com\/noticias\/acuerdan-gobierno-de-yucatan-y-sader-fortalecer-acciones-para-el-campo\/#primaryimage"},"thumbnailUrl":"https:\/\/www.yucatanencorto.com\/noticias\/wp-content\/uploads\/2026\/04\/IMG-20260424-WA0106-scaled.jpg","datePublished":"2026-04-25T01:55:13+00:00","author":{"@id":"https:\/\/www.yucatanencorto.com\/noticias\/#\/schema\/person\/f0ec40c33447bbc0dc2d01d3006de771"},"breadcrumb":{"@id":"https:\/\/www.yucatanencorto.com\/noticias\/acuerdan-gobierno-de-yucatan-y-sader-fortalecer-acciones-para-el-campo\/#breadcrumb"},"inLanguage":"es","potentialAction":[{"@type":"ReadAction","target":["https:\/\/www.yucatanencorto.com\/noticias\/acuerdan-gobierno-de-yucatan-y-sader-fortalecer-acciones-para-el-campo\/"]}]},{"@type":"ImageObject","inLanguage":"es","@id":"https:\/\/www.yucatanencorto.com\/noticias\/acuerdan-gobierno-de-yucatan-y-sader-fortalecer-acciones-para-el-campo\/#primaryimage","url":"https:\/\/www.yucatanencorto.com\/noticias\/wp-content\/uploads\/2026\/04\/IMG-20260424-WA0106-scaled.jpg","contentUrl":"https:\/\/www.yucatanencorto.com\/noticias\/wp-content\/uploads\/2026\/04\/IMG-20260424-WA0106-scaled.jpg","width":768,"height":512},{"@type":"BreadcrumbList","@id":"https:\/\/www.yucatanencorto.com\/noticias\/acuerdan-gobierno-de-yucatan-y-sader-fortalecer-acciones-para-el-campo\/#breadcrumb","itemListElement":[{"@type":"ListItem","position":1,"name":"Portada","item":"https:\/\/www.yucatanencorto.com\/noticias\/"},{"@type":"ListItem","position":2,"name":"Acuerdan Gobierno de Yucat\u00e1n y Sader fortalecer acciones para el campo"}]},{"@type":"WebSite","@id":"https:\/\/www.yucatanencorto.com\/noticias\/#website","url":"https:\/\/www.yucatanencorto.com\/noticias\/","name":"Yucat\u00e1n en corto","description":"Noticias","potentialAction":[{"@type":"SearchAction","target":{"@type":"EntryPoint","urlTemplate":"https:\/\/www.yucatanencorto.com\/noticias\/?s={search_term_string}"},"query-input":{"@type":"PropertyValueSpecification","valueRequired":true,"valueName":"search_term_string"}}],"inLanguage":"es"},{"@type":"Person","@id":"https:\/\/www.yucatanencorto.com\/noticias\/#\/schema\/person\/f0ec40c33447bbc0dc2d01d3006de771","name":"Yucat\u00e1n en Corto","image":{"@type":"ImageObject","inLanguage":"es","@id":"https:\/\/secure.gravatar.com\/avatar\/20e0a6b626f38fa8e545fb3f80ce566efd790bf8877e65c3a482460cc3e0b5d1?s=96&d=mm&r=g","url":"https:\/\/secure.gravatar.com\/avatar\/20e0a6b626f38fa8e545fb3f80ce566efd790bf8877e65c3a482460cc3e0b5d1?s=96&d=mm&r=g","contentUrl":"https:\/\/secure.gravatar.com\/avatar\/20e0a6b626f38fa8e545fb3f80ce566efd790bf8877e65c3a482460cc3e0b5d1?s=96&d=mm&r=g","caption":"Yucat\u00e1n en Corto"},"url":"https:\/\/www.yucatanencorto.com\/noticias\/author\/editor25\/"}]}},"_links":{"self":[{"href":"https:\/\/www.yucatanencorto.com\/noticias\/wp-json\/wp\/v2\/posts\/116947","targetHints":{"allow":["GET"]}}],"collection":[{"href":"https:\/\/www.yucatanencorto.com\/noticias\/wp-json\/wp\/v2\/posts"}],"about":[{"href":"https:\/\/www.yucatanencorto.com\/noticias\/wp-json\/wp\/v2\/types\/post"}],"author":[{"embeddable":true,"href":"https:\/\/www.yucatanencorto.com\/noticias\/wp-json\/wp\/v2\/users\/4"}],"replies":[{"embeddable":true,"href":"https:\/\/www.yucatanencorto.com\/noticias\/wp-json\/wp\/v2\/comments?post=116947"}],"version-history":[{"count":1,"href":"https:\/\/www.yucatanencorto.com\/noticias\/wp-json\/wp\/v2\/posts\/116947\/revisions"}],"predecessor-version":[{"id":116949,"href":"https:\/\/www.yucatanencorto.com\/noticias\/wp-json\/wp\/v2\/posts\/116947\/revisions\/116949"}],"wp:featuredmedia":[{"embeddable":true,"href":"https:\/\/www.yucatanencorto.com\/noticias\/wp-json\/wp\/v2\/media\/116948"}],"wp:attachment":[{"href":"https:\/\/www.yucatanencorto.com\/noticias\/wp-json\/wp\/v2\/media?parent=116947"}],"wp:term":[{"taxonomy":"category","embeddable":true,"href":"https:\/\/www.yucatanencorto.com\/noticias\/wp-json\/wp\/v2\/categories?post=116947"},{"taxonomy":"post_tag","embeddable":true,"href":"https:\/\/www.yucatanencorto.com\/noticias\/wp-json\/wp\/v2\/tags?post=116947"}],"curies":[{"name":"wp","href":"https:\/\/api.w.org\/{rel}","templated":true}]}}