{"id":116953,"date":"2026-04-26T11:04:18","date_gmt":"2026-04-26T17:04:18","guid":{"rendered":"https:\/\/www.yucatanencorto.com\/noticias\/?p=116953"},"modified":"2026-04-26T11:04:18","modified_gmt":"2026-04-26T17:04:18","slug":"costa-club-del-isstey-sera-sede-de-competencias-de-vela-en-la-olimpiada-nacional","status":"publish","type":"post","link":"https:\/\/www.yucatanencorto.com\/noticias\/costa-club-del-isstey-sera-sede-de-competencias-de-vela-en-la-olimpiada-nacional\/","title":{"rendered":"Costa Club del Isstey ser\u00e1 sede de competencias de vela en la Olimpiada Nacional"},"content":{"rendered":"<p><img loading=\"lazy\" decoding=\"async\" class=\"alignnone size-full wp-image-116954\" src=\"https:\/\/www.yucatanencorto.com\/noticias\/wp-content\/uploads\/2026\/04\/IMG-20260426-WA0034-scaled.jpg\" alt=\"\" width=\"768\" height=\"432\" srcset=\"https:\/\/www.yucatanencorto.com\/noticias\/wp-content\/uploads\/2026\/04\/IMG-20260426-WA0034-scaled.jpg 768w, https:\/\/www.yucatanencorto.com\/noticias\/wp-content\/uploads\/2026\/04\/IMG-20260426-WA0034-1536x863.jpg 1536w, https:\/\/www.yucatanencorto.com\/noticias\/wp-content\/uploads\/2026\/04\/IMG-20260426-WA0034-2048x1151.jpg 2048w, https:\/\/www.yucatanencorto.com\/noticias\/wp-content\/uploads\/2026\/04\/IMG-20260426-WA0034-150x84.jpg 150w, https:\/\/www.yucatanencorto.com\/noticias\/wp-content\/uploads\/2026\/04\/IMG-20260426-WA0034-300x169.jpg 300w, https:\/\/www.yucatanencorto.com\/noticias\/wp-content\/uploads\/2026\/04\/IMG-20260426-WA0034-696x391.jpg 696w, https:\/\/www.yucatanencorto.com\/noticias\/wp-content\/uploads\/2026\/04\/IMG-20260426-WA0034-1068x600.jpg 1068w, https:\/\/www.yucatanencorto.com\/noticias\/wp-content\/uploads\/2026\/04\/IMG-20260426-WA0034-1920x1079.jpg 1920w\" sizes=\"auto, (max-width: 768px) 100vw, 768px\" \/><\/p>\n<p>M\u00e9rida, Yucat\u00e1n, a 26 de abril de 2026<\/p>\n<p>&nbsp;<\/p>\n<p>El hotel Costa Club, del Instituto de Seguridad Social de los Trabajadores del Estado de Yucat\u00e1n (Isstey), ser\u00e1 sede de la disciplina de vela en la Olimpiada Nacional, del 8 al 10 de mayo, y recibir\u00e1 a 219 personas entre deportistas, entrenadores y delegados de nueve estados del pa\u00eds.<\/p>\n<p>&nbsp;<\/p>\n<p>Las instalaciones del Isstey albergar\u00e1n competencias con representantes de Baja California, Estado de M\u00e9xico, Guerrero, Jalisco, Nayarit, Nuevo Le\u00f3n, Quintana Roo, Veracruz y Yucat\u00e1n, quienes buscar\u00e1n medallas en esta disciplina.<\/p>\n<p>&nbsp;<\/p>\n<p>El Costa Club tambi\u00e9n ser\u00e1 sede de la ceremonia inaugural, el 8 de mayo. En este espacio se construyen hangares para vela, con el prop\u00f3sito de consolidarlo como un centro de alto rendimiento para este deporte.<\/p>\n<p>&nbsp;<\/p>\n<p>El proyecto fue supervisado recientemente por autoridades de la Comisi\u00f3n Nacional de Cultura F\u00edsica y Deporte (Conade) y de la Federaci\u00f3n Mexicana de Vela, quienes avalaron las condiciones para su desarrollo, con la meta de que est\u00e9 listo en las pr\u00f3ximas semanas.<\/p>\n<p>&nbsp;<\/p>\n<p>El director general del Isstey, Diego Cetz Pech, se\u00f1al\u00f3 que la realizaci\u00f3n de esta competencia en el Costa Club representa un paso importante para fortalecer la infraestructura deportiva del estado y posicionar a Yucat\u00e1n como sede de eventos nacionales.<\/p>\n<p>&nbsp;<\/p>\n<p>\u201cRecibir la Olimpiada Nacional de vela en el Costa Club refleja el trabajo que estamos realizando para mejorar nuestras instalaciones y abrir espacios al deporte de alto rendimiento. Este proyecto permitir\u00e1 que Yucat\u00e1n cuente con mejores condiciones para la pr\u00e1ctica de esta disciplina y para recibir competencias de nivel nacional\u201d, afirm\u00f3.<\/p>\n<p>&nbsp;<\/p>\n<p>Adem\u00e1s de vela, Yucat\u00e1n ser\u00e1 sede de otras disciplinas de la Olimpiada Nacional, entre ellas judo, remo y canotaje, ampliando la participaci\u00f3n del estado en esta justa deportiva.<\/p>\n<p>&nbsp;<\/p>\n<p>&nbsp;<\/p>\n","protected":false},"excerpt":{"rendered":"<p>M\u00e9rida, Yucat\u00e1n, a 26 de abril de 2026 &nbsp; El hotel Costa Club, del Instituto de Seguridad Social de los Trabajadores del Estado de Yucat\u00e1n (Isstey), ser\u00e1 sede de la disciplina de vela en la Olimpiada Nacional, del 8 al 10 de mayo, y recibir\u00e1 a 219 personas entre deportistas, entrenadores y delegados de nueve [&hellip;]<\/p>\n","protected":false},"author":4,"featured_media":116954,"comment_status":"closed","ping_status":"closed","sticky":false,"template":"","format":"standard","meta":{"footnotes":""},"categories":[3],"tags":[],"class_list":{"0":"post-116953","1":"post","2":"type-post","3":"status-publish","4":"format-standard","5":"has-post-thumbnail","7":"category-yucatan"},"yoast_head":"<!-- This site is optimized with the Yoast SEO plugin v27.4 - https:\/\/yoast.com\/product\/yoast-seo-wordpress\/ -->\n<title>Costa Club del Isstey ser\u00e1 sede de competencias de vela en la Olimpiada Nacional - Yucat\u00e1n en corto<\/title>\n<meta name=\"robots\" content=\"index, follow, max-snippet:-1, max-image-preview:large, max-video-preview:-1\" \/>\n<link rel=\"canonical\" href=\"https:\/\/www.yucatanencorto.com\/noticias\/costa-club-del-isstey-sera-sede-de-competencias-de-vela-en-la-olimpiada-nacional\/\" \/>\n<meta property=\"og:locale\" content=\"es_ES\" \/>\n<meta property=\"og:type\" content=\"article\" \/>\n<meta property=\"og:title\" content=\"Costa Club del Isstey ser\u00e1 sede de competencias de vela en la Olimpiada Nacional - Yucat\u00e1n en corto\" \/>\n<meta property=\"og:description\" content=\"M\u00e9rida, Yucat\u00e1n, a 26 de abril de 2026 &nbsp; El hotel Costa Club, del Instituto de Seguridad Social de los Trabajadores del Estado de Yucat\u00e1n (Isstey), ser\u00e1 sede de la disciplina de vela en la Olimpiada Nacional, del 8 al 10 de mayo, y recibir\u00e1 a 219 personas entre deportistas, entrenadores y delegados de nueve [&hellip;]\" \/>\n<meta property=\"og:url\" content=\"https:\/\/www.yucatanencorto.com\/noticias\/costa-club-del-isstey-sera-sede-de-competencias-de-vela-en-la-olimpiada-nacional\/\" \/>\n<meta property=\"og:site_name\" content=\"Yucat\u00e1n en corto\" \/>\n<meta property=\"article:publisher\" content=\"http:\/\/www.facebook.com\/yucatanencorto\" \/>\n<meta property=\"article:published_time\" content=\"2026-04-26T17:04:18+00:00\" \/>\n<meta property=\"og:image\" content=\"https:\/\/www.yucatanencorto.com\/noticias\/wp-content\/uploads\/2026\/04\/IMG-20260426-WA0034-scaled.jpg\" \/>\n\t<meta property=\"og:image:width\" content=\"768\" \/>\n\t<meta property=\"og:image:height\" content=\"432\" \/>\n\t<meta property=\"og:image:type\" content=\"image\/jpeg\" \/>\n<meta name=\"author\" content=\"Yucat\u00e1n en Corto\" \/>\n<meta name=\"twitter:card\" content=\"summary_large_image\" \/>\n<meta name=\"twitter:creator\" content=\"@yucatanencorto\" \/>\n<meta name=\"twitter:site\" content=\"@yucatanencorto\" \/>\n<meta name=\"twitter:label1\" content=\"Escrito por\" \/>\n\t<meta name=\"twitter:data1\" content=\"Yucat\u00e1n en Corto\" \/>\n\t<meta name=\"twitter:label2\" content=\"Tiempo de lectura\" \/>\n\t<meta name=\"twitter:data2\" content=\"2 minutos\" \/>\n<script type=\"application\/ld+json\" class=\"yoast-schema-graph\">{\"@context\":\"https:\\\/\\\/schema.org\",\"@graph\":[{\"@type\":\"Article\",\"@id\":\"https:\\\/\\\/www.yucatanencorto.com\\\/noticias\\\/costa-club-del-isstey-sera-sede-de-competencias-de-vela-en-la-olimpiada-nacional\\\/#article\",\"isPartOf\":{\"@id\":\"https:\\\/\\\/www.yucatanencorto.com\\\/noticias\\\/costa-club-del-isstey-sera-sede-de-competencias-de-vela-en-la-olimpiada-nacional\\\/\"},\"author\":{\"name\":\"Yucat\u00e1n en Corto\",\"@id\":\"https:\\\/\\\/www.yucatanencorto.com\\\/noticias\\\/#\\\/schema\\\/person\\\/f0ec40c33447bbc0dc2d01d3006de771\"},\"headline\":\"Costa Club del Isstey ser\u00e1 sede de competencias de vela en la Olimpiada Nacional\",\"datePublished\":\"2026-04-26T17:04:18+00:00\",\"mainEntityOfPage\":{\"@id\":\"https:\\\/\\\/www.yucatanencorto.com\\\/noticias\\\/costa-club-del-isstey-sera-sede-de-competencias-de-vela-en-la-olimpiada-nacional\\\/\"},\"wordCount\":323,\"image\":{\"@id\":\"https:\\\/\\\/www.yucatanencorto.com\\\/noticias\\\/costa-club-del-isstey-sera-sede-de-competencias-de-vela-en-la-olimpiada-nacional\\\/#primaryimage\"},\"thumbnailUrl\":\"https:\\\/\\\/www.yucatanencorto.com\\\/noticias\\\/wp-content\\\/uploads\\\/2026\\\/04\\\/IMG-20260426-WA0034-scaled.jpg\",\"articleSection\":[\"Yucat\u00e1n\"],\"inLanguage\":\"es\"},{\"@type\":\"WebPage\",\"@id\":\"https:\\\/\\\/www.yucatanencorto.com\\\/noticias\\\/costa-club-del-isstey-sera-sede-de-competencias-de-vela-en-la-olimpiada-nacional\\\/\",\"url\":\"https:\\\/\\\/www.yucatanencorto.com\\\/noticias\\\/costa-club-del-isstey-sera-sede-de-competencias-de-vela-en-la-olimpiada-nacional\\\/\",\"name\":\"Costa Club del Isstey ser\u00e1 sede de competencias de vela en la Olimpiada Nacional - Yucat\u00e1n en corto\",\"isPartOf\":{\"@id\":\"https:\\\/\\\/www.yucatanencorto.com\\\/noticias\\\/#website\"},\"primaryImageOfPage\":{\"@id\":\"https:\\\/\\\/www.yucatanencorto.com\\\/noticias\\\/costa-club-del-isstey-sera-sede-de-competencias-de-vela-en-la-olimpiada-nacional\\\/#primaryimage\"},\"image\":{\"@id\":\"https:\\\/\\\/www.yucatanencorto.com\\\/noticias\\\/costa-club-del-isstey-sera-sede-de-competencias-de-vela-en-la-olimpiada-nacional\\\/#primaryimage\"},\"thumbnailUrl\":\"https:\\\/\\\/www.yucatanencorto.com\\\/noticias\\\/wp-content\\\/uploads\\\/2026\\\/04\\\/IMG-20260426-WA0034-scaled.jpg\",\"datePublished\":\"2026-04-26T17:04:18+00:00\",\"author\":{\"@id\":\"https:\\\/\\\/www.yucatanencorto.com\\\/noticias\\\/#\\\/schema\\\/person\\\/f0ec40c33447bbc0dc2d01d3006de771\"},\"breadcrumb\":{\"@id\":\"https:\\\/\\\/www.yucatanencorto.com\\\/noticias\\\/costa-club-del-isstey-sera-sede-de-competencias-de-vela-en-la-olimpiada-nacional\\\/#breadcrumb\"},\"inLanguage\":\"es\",\"potentialAction\":[{\"@type\":\"ReadAction\",\"target\":[\"https:\\\/\\\/www.yucatanencorto.com\\\/noticias\\\/costa-club-del-isstey-sera-sede-de-competencias-de-vela-en-la-olimpiada-nacional\\\/\"]}]},{\"@type\":\"ImageObject\",\"inLanguage\":\"es\",\"@id\":\"https:\\\/\\\/www.yucatanencorto.com\\\/noticias\\\/costa-club-del-isstey-sera-sede-de-competencias-de-vela-en-la-olimpiada-nacional\\\/#primaryimage\",\"url\":\"https:\\\/\\\/www.yucatanencorto.com\\\/noticias\\\/wp-content\\\/uploads\\\/2026\\\/04\\\/IMG-20260426-WA0034-scaled.jpg\",\"contentUrl\":\"https:\\\/\\\/www.yucatanencorto.com\\\/noticias\\\/wp-content\\\/uploads\\\/2026\\\/04\\\/IMG-20260426-WA0034-scaled.jpg\",\"width\":768,\"height\":432},{\"@type\":\"BreadcrumbList\",\"@id\":\"https:\\\/\\\/www.yucatanencorto.com\\\/noticias\\\/costa-club-del-isstey-sera-sede-de-competencias-de-vela-en-la-olimpiada-nacional\\\/#breadcrumb\",\"itemListElement\":[{\"@type\":\"ListItem\",\"position\":1,\"name\":\"Portada\",\"item\":\"https:\\\/\\\/www.yucatanencorto.com\\\/noticias\\\/\"},{\"@type\":\"ListItem\",\"position\":2,\"name\":\"Costa Club del Isstey ser\u00e1 sede de competencias de vela en la Olimpiada Nacional\"}]},{\"@type\":\"WebSite\",\"@id\":\"https:\\\/\\\/www.yucatanencorto.com\\\/noticias\\\/#website\",\"url\":\"https:\\\/\\\/www.yucatanencorto.com\\\/noticias\\\/\",\"name\":\"Yucat\u00e1n en corto\",\"description\":\"Noticias\",\"potentialAction\":[{\"@type\":\"SearchAction\",\"target\":{\"@type\":\"EntryPoint\",\"urlTemplate\":\"https:\\\/\\\/www.yucatanencorto.com\\\/noticias\\\/?s={search_term_string}\"},\"query-input\":{\"@type\":\"PropertyValueSpecification\",\"valueRequired\":true,\"valueName\":\"search_term_string\"}}],\"inLanguage\":\"es\"},{\"@type\":\"Person\",\"@id\":\"https:\\\/\\\/www.yucatanencorto.com\\\/noticias\\\/#\\\/schema\\\/person\\\/f0ec40c33447bbc0dc2d01d3006de771\",\"name\":\"Yucat\u00e1n en Corto\",\"image\":{\"@type\":\"ImageObject\",\"inLanguage\":\"es\",\"@id\":\"https:\\\/\\\/secure.gravatar.com\\\/avatar\\\/20e0a6b626f38fa8e545fb3f80ce566efd790bf8877e65c3a482460cc3e0b5d1?s=96&d=mm&r=g\",\"url\":\"https:\\\/\\\/secure.gravatar.com\\\/avatar\\\/20e0a6b626f38fa8e545fb3f80ce566efd790bf8877e65c3a482460cc3e0b5d1?s=96&d=mm&r=g\",\"contentUrl\":\"https:\\\/\\\/secure.gravatar.com\\\/avatar\\\/20e0a6b626f38fa8e545fb3f80ce566efd790bf8877e65c3a482460cc3e0b5d1?s=96&d=mm&r=g\",\"caption\":\"Yucat\u00e1n en Corto\"},\"url\":\"https:\\\/\\\/www.yucatanencorto.com\\\/noticias\\\/author\\\/editor25\\\/\"}]}<\/script>\n<!-- \/ Yoast SEO plugin. -->","yoast_head_json":{"title":"Costa Club del Isstey ser\u00e1 sede de competencias de vela en la Olimpiada Nacional - Yucat\u00e1n en corto","robots":{"index":"index","follow":"follow","max-snippet":"max-snippet:-1","max-image-preview":"max-image-preview:large","max-video-preview":"max-video-preview:-1"},"canonical":"https:\/\/www.yucatanencorto.com\/noticias\/costa-club-del-isstey-sera-sede-de-competencias-de-vela-en-la-olimpiada-nacional\/","og_locale":"es_ES","og_type":"article","og_title":"Costa Club del Isstey ser\u00e1 sede de competencias de vela en la Olimpiada Nacional - Yucat\u00e1n en corto","og_description":"M\u00e9rida, Yucat\u00e1n, a 26 de abril de 2026 &nbsp; El hotel Costa Club, del Instituto de Seguridad Social de los Trabajadores del Estado de Yucat\u00e1n (Isstey), ser\u00e1 sede de la disciplina de vela en la Olimpiada Nacional, del 8 al 10 de mayo, y recibir\u00e1 a 219 personas entre deportistas, entrenadores y delegados de nueve [&hellip;]","og_url":"https:\/\/www.yucatanencorto.com\/noticias\/costa-club-del-isstey-sera-sede-de-competencias-de-vela-en-la-olimpiada-nacional\/","og_site_name":"Yucat\u00e1n en corto","article_publisher":"http:\/\/www.facebook.com\/yucatanencorto","article_published_time":"2026-04-26T17:04:18+00:00","og_image":[{"width":768,"height":432,"url":"https:\/\/www.yucatanencorto.com\/noticias\/wp-content\/uploads\/2026\/04\/IMG-20260426-WA0034-scaled.jpg","type":"image\/jpeg"}],"author":"Yucat\u00e1n en Corto","twitter_card":"summary_large_image","twitter_creator":"@yucatanencorto","twitter_site":"@yucatanencorto","twitter_misc":{"Escrito por":"Yucat\u00e1n en Corto","Tiempo de lectura":"2 minutos"},"schema":{"@context":"https:\/\/schema.org","@graph":[{"@type":"Article","@id":"https:\/\/www.yucatanencorto.com\/noticias\/costa-club-del-isstey-sera-sede-de-competencias-de-vela-en-la-olimpiada-nacional\/#article","isPartOf":{"@id":"https:\/\/www.yucatanencorto.com\/noticias\/costa-club-del-isstey-sera-sede-de-competencias-de-vela-en-la-olimpiada-nacional\/"},"author":{"name":"Yucat\u00e1n en Corto","@id":"https:\/\/www.yucatanencorto.com\/noticias\/#\/schema\/person\/f0ec40c33447bbc0dc2d01d3006de771"},"headline":"Costa Club del Isstey ser\u00e1 sede de competencias de vela en la Olimpiada Nacional","datePublished":"2026-04-26T17:04:18+00:00","mainEntityOfPage":{"@id":"https:\/\/www.yucatanencorto.com\/noticias\/costa-club-del-isstey-sera-sede-de-competencias-de-vela-en-la-olimpiada-nacional\/"},"wordCount":323,"image":{"@id":"https:\/\/www.yucatanencorto.com\/noticias\/costa-club-del-isstey-sera-sede-de-competencias-de-vela-en-la-olimpiada-nacional\/#primaryimage"},"thumbnailUrl":"https:\/\/www.yucatanencorto.com\/noticias\/wp-content\/uploads\/2026\/04\/IMG-20260426-WA0034-scaled.jpg","articleSection":["Yucat\u00e1n"],"inLanguage":"es"},{"@type":"WebPage","@id":"https:\/\/www.yucatanencorto.com\/noticias\/costa-club-del-isstey-sera-sede-de-competencias-de-vela-en-la-olimpiada-nacional\/","url":"https:\/\/www.yucatanencorto.com\/noticias\/costa-club-del-isstey-sera-sede-de-competencias-de-vela-en-la-olimpiada-nacional\/","name":"Costa Club del Isstey ser\u00e1 sede de competencias de vela en la Olimpiada Nacional - Yucat\u00e1n en corto","isPartOf":{"@id":"https:\/\/www.yucatanencorto.com\/noticias\/#website"},"primaryImageOfPage":{"@id":"https:\/\/www.yucatanencorto.com\/noticias\/costa-club-del-isstey-sera-sede-de-competencias-de-vela-en-la-olimpiada-nacional\/#primaryimage"},"image":{"@id":"https:\/\/www.yucatanencorto.com\/noticias\/costa-club-del-isstey-sera-sede-de-competencias-de-vela-en-la-olimpiada-nacional\/#primaryimage"},"thumbnailUrl":"https:\/\/www.yucatanencorto.com\/noticias\/wp-content\/uploads\/2026\/04\/IMG-20260426-WA0034-scaled.jpg","datePublished":"2026-04-26T17:04:18+00:00","author":{"@id":"https:\/\/www.yucatanencorto.com\/noticias\/#\/schema\/person\/f0ec40c33447bbc0dc2d01d3006de771"},"breadcrumb":{"@id":"https:\/\/www.yucatanencorto.com\/noticias\/costa-club-del-isstey-sera-sede-de-competencias-de-vela-en-la-olimpiada-nacional\/#breadcrumb"},"inLanguage":"es","potentialAction":[{"@type":"ReadAction","target":["https:\/\/www.yucatanencorto.com\/noticias\/costa-club-del-isstey-sera-sede-de-competencias-de-vela-en-la-olimpiada-nacional\/"]}]},{"@type":"ImageObject","inLanguage":"es","@id":"https:\/\/www.yucatanencorto.com\/noticias\/costa-club-del-isstey-sera-sede-de-competencias-de-vela-en-la-olimpiada-nacional\/#primaryimage","url":"https:\/\/www.yucatanencorto.com\/noticias\/wp-content\/uploads\/2026\/04\/IMG-20260426-WA0034-scaled.jpg","contentUrl":"https:\/\/www.yucatanencorto.com\/noticias\/wp-content\/uploads\/2026\/04\/IMG-20260426-WA0034-scaled.jpg","width":768,"height":432},{"@type":"BreadcrumbList","@id":"https:\/\/www.yucatanencorto.com\/noticias\/costa-club-del-isstey-sera-sede-de-competencias-de-vela-en-la-olimpiada-nacional\/#breadcrumb","itemListElement":[{"@type":"ListItem","position":1,"name":"Portada","item":"https:\/\/www.yucatanencorto.com\/noticias\/"},{"@type":"ListItem","position":2,"name":"Costa Club del Isstey ser\u00e1 sede de competencias de vela en la Olimpiada Nacional"}]},{"@type":"WebSite","@id":"https:\/\/www.yucatanencorto.com\/noticias\/#website","url":"https:\/\/www.yucatanencorto.com\/noticias\/","name":"Yucat\u00e1n en corto","description":"Noticias","potentialAction":[{"@type":"SearchAction","target":{"@type":"EntryPoint","urlTemplate":"https:\/\/www.yucatanencorto.com\/noticias\/?s={search_term_string}"},"query-input":{"@type":"PropertyValueSpecification","valueRequired":true,"valueName":"search_term_string"}}],"inLanguage":"es"},{"@type":"Person","@id":"https:\/\/www.yucatanencorto.com\/noticias\/#\/schema\/person\/f0ec40c33447bbc0dc2d01d3006de771","name":"Yucat\u00e1n en Corto","image":{"@type":"ImageObject","inLanguage":"es","@id":"https:\/\/secure.gravatar.com\/avatar\/20e0a6b626f38fa8e545fb3f80ce566efd790bf8877e65c3a482460cc3e0b5d1?s=96&d=mm&r=g","url":"https:\/\/secure.gravatar.com\/avatar\/20e0a6b626f38fa8e545fb3f80ce566efd790bf8877e65c3a482460cc3e0b5d1?s=96&d=mm&r=g","contentUrl":"https:\/\/secure.gravatar.com\/avatar\/20e0a6b626f38fa8e545fb3f80ce566efd790bf8877e65c3a482460cc3e0b5d1?s=96&d=mm&r=g","caption":"Yucat\u00e1n en Corto"},"url":"https:\/\/www.yucatanencorto.com\/noticias\/author\/editor25\/"}]}},"_links":{"self":[{"href":"https:\/\/www.yucatanencorto.com\/noticias\/wp-json\/wp\/v2\/posts\/116953","targetHints":{"allow":["GET"]}}],"collection":[{"href":"https:\/\/www.yucatanencorto.com\/noticias\/wp-json\/wp\/v2\/posts"}],"about":[{"href":"https:\/\/www.yucatanencorto.com\/noticias\/wp-json\/wp\/v2\/types\/post"}],"author":[{"embeddable":true,"href":"https:\/\/www.yucatanencorto.com\/noticias\/wp-json\/wp\/v2\/users\/4"}],"replies":[{"embeddable":true,"href":"https:\/\/www.yucatanencorto.com\/noticias\/wp-json\/wp\/v2\/comments?post=116953"}],"version-history":[{"count":1,"href":"https:\/\/www.yucatanencorto.com\/noticias\/wp-json\/wp\/v2\/posts\/116953\/revisions"}],"predecessor-version":[{"id":116955,"href":"https:\/\/www.yucatanencorto.com\/noticias\/wp-json\/wp\/v2\/posts\/116953\/revisions\/116955"}],"wp:featuredmedia":[{"embeddable":true,"href":"https:\/\/www.yucatanencorto.com\/noticias\/wp-json\/wp\/v2\/media\/116954"}],"wp:attachment":[{"href":"https:\/\/www.yucatanencorto.com\/noticias\/wp-json\/wp\/v2\/media?parent=116953"}],"wp:term":[{"taxonomy":"category","embeddable":true,"href":"https:\/\/www.yucatanencorto.com\/noticias\/wp-json\/wp\/v2\/categories?post=116953"},{"taxonomy":"post_tag","embeddable":true,"href":"https:\/\/www.yucatanencorto.com\/noticias\/wp-json\/wp\/v2\/tags?post=116953"}],"curies":[{"name":"wp","href":"https:\/\/api.w.org\/{rel}","templated":true}]}}