{"id":116956,"date":"2026-04-26T13:49:41","date_gmt":"2026-04-26T19:49:41","guid":{"rendered":"https:\/\/www.yucatanencorto.com\/noticias\/?p=116956"},"modified":"2026-04-26T13:49:41","modified_gmt":"2026-04-26T19:49:41","slug":"consolida-yucatan-su-agenda-energetica-nacional","status":"publish","type":"post","link":"https:\/\/www.yucatanencorto.com\/noticias\/consolida-yucatan-su-agenda-energetica-nacional\/","title":{"rendered":"Consolida Yucat\u00e1n su agenda energ\u00e9tica nacional"},"content":{"rendered":"<p><img loading=\"lazy\" decoding=\"async\" class=\"alignnone size-full wp-image-116957\" src=\"https:\/\/www.yucatanencorto.com\/noticias\/wp-content\/uploads\/2026\/04\/IMG-20260426-WA0066-scaled.jpg\" alt=\"\" width=\"768\" height=\"512\" srcset=\"https:\/\/www.yucatanencorto.com\/noticias\/wp-content\/uploads\/2026\/04\/IMG-20260426-WA0066-scaled.jpg 768w, https:\/\/www.yucatanencorto.com\/noticias\/wp-content\/uploads\/2026\/04\/IMG-20260426-WA0066-1536x1024.jpg 1536w, https:\/\/www.yucatanencorto.com\/noticias\/wp-content\/uploads\/2026\/04\/IMG-20260426-WA0066-2048x1366.jpg 2048w, https:\/\/www.yucatanencorto.com\/noticias\/wp-content\/uploads\/2026\/04\/IMG-20260426-WA0066-150x100.jpg 150w, https:\/\/www.yucatanencorto.com\/noticias\/wp-content\/uploads\/2026\/04\/IMG-20260426-WA0066-300x200.jpg 300w, https:\/\/www.yucatanencorto.com\/noticias\/wp-content\/uploads\/2026\/04\/IMG-20260426-WA0066-696x464.jpg 696w, https:\/\/www.yucatanencorto.com\/noticias\/wp-content\/uploads\/2026\/04\/IMG-20260426-WA0066-1068x712.jpg 1068w, https:\/\/www.yucatanencorto.com\/noticias\/wp-content\/uploads\/2026\/04\/IMG-20260426-WA0066-1920x1280.jpg 1920w\" sizes=\"auto, (max-width: 768px) 100vw, 768px\" \/><\/p>\n<p>Ciudad de M\u00e9xico, a 26 de abril de 2026<\/p>\n<p>&nbsp;<\/p>\n<p>El Gobernador Joaqu\u00edn D\u00edaz Mena sostuvo una reuni\u00f3n de trabajo con la secretaria de Energ\u00eda, Luz Elena Gonz\u00e1lez Escobar, para fortalecer la coordinaci\u00f3n entre Yucat\u00e1n y el Gobierno de M\u00e9xico en proyectos de energ\u00eda, infraestructura el\u00e9ctrica, transici\u00f3n hacia fuentes limpias y seguridad ambiental.<\/p>\n<p>&nbsp;<\/p>\n<p>Durante la reuni\u00f3n, D\u00edaz Mena present\u00f3 la agenda energ\u00e9tica del estado como parte del proyecto Renacimiento Maya, con \u00e9nfasis en el potencial de Yucat\u00e1n para desarrollar proyectos de energ\u00eda solar y e\u00f3lica, en coordinaci\u00f3n con la Sener y bajo criterios t\u00e9cnicos, regulatorios y ambientales.<\/p>\n<p>&nbsp;<\/p>\n<p>Tambi\u00e9n se revis\u00f3 la necesidad de fortalecer la infraestructura de transmisi\u00f3n y distribuci\u00f3n el\u00e9ctrica en Yucat\u00e1n, considerada clave para el desarrollo econ\u00f3mico del estado y para integrar de manera efectiva la generaci\u00f3n renovable al Sistema El\u00e9ctrico Nacional (SEN).<\/p>\n<p>&nbsp;<\/p>\n<p>El encuentro se realiz\u00f3 en la sede de la Secretar\u00eda de Energ\u00eda (Sener), con la participaci\u00f3n del subsecretario de Electricidad, Jos\u00e9 Antonio Rojas Nieto, y de la directora ejecutiva de la Agencia de Seguridad, Energ\u00eda y Ambiente (ASEA), Andrea Gonz\u00e1lez Hern\u00e1ndez.<\/p>\n<p>&nbsp;<\/p>\n<p>Acompa\u00f1aron al Gobernador el titular de la Agencia de Energ\u00eda de Yucat\u00e1n, Pablo Gamboa Miner, y el representante del Gobierno de Yucat\u00e1n en la Ciudad de M\u00e9xico, V\u00edctor L\u00f3pez Mart\u00ednez.<\/p>\n<p>&nbsp;<\/p>\n<p>En su intervenci\u00f3n, el subsecretario de Electricidad, Jos\u00e9 Antonio Rojas Nieto, se\u00f1al\u00f3 el compromiso de la Sener de impulsar una pol\u00edtica de inversi\u00f3n que favorezca el acceso a energ\u00eda confiable y asequible para la poblaci\u00f3n y la industria yucateca.<\/p>\n<p>&nbsp;<\/p>\n<p>Durante la sesi\u00f3n tambi\u00e9n se revis\u00f3 el avance de proyectos de inversi\u00f3n energ\u00e9tica en el estado, as\u00ed como \u00e1reas de oportunidad para acelerar iniciativas que contribuyan al desarrollo productivo de Yucat\u00e1n y a la generaci\u00f3n de empleo calificado.<\/p>\n<p>&nbsp;<\/p>\n<p>Como parte de los acuerdos, se establecer\u00e1n mecanismos de seguimiento entre la Representaci\u00f3n del Gobierno de Yucat\u00e1n en la Ciudad de M\u00e9xico y las \u00e1reas t\u00e9cnicas de la Sener, para dar atenci\u00f3n oportuna a los proyectos prioritarios del estado en materia energ\u00e9tica.<\/p>\n<p>&nbsp;<\/p>\n<p>En la reuni\u00f3n con la directora ejecutiva de la ASEA, Andrea Gonz\u00e1lez Hern\u00e1ndez, el Gobernador abord\u00f3 la coordinaci\u00f3n en materia de seguridad industrial y protecci\u00f3n ambiental, especialmente en instalaciones y actividades del sector hidrocarburos con presencia en territorio yucateco.<\/p>\n<p>&nbsp;<\/p>\n<p>Ambas partes coincidieron en la importancia de aplicar la normatividad en seguridad, energ\u00eda y ambiente, a fin de proteger el bienestar de las comunidades y preservar el entorno natural de Yucat\u00e1n.<\/p>\n<p>&nbsp;<\/p>\n<p>D\u00edaz Mena se\u00f1al\u00f3 que Yucat\u00e1n participa en la agenda energ\u00e9tica nacional con una visi\u00f3n propia, orientada a aprovechar su potencial y avanzar hacia un desarrollo energ\u00e9tico sostenible en el sureste de M\u00e9xico.<\/p>\n<p>&nbsp;<\/p>\n<p>Las partes acordaron mantener el di\u00e1logo en reuniones t\u00e9cnicas de seguimiento, donde se revisar\u00e1n los aspectos espec\u00edficos de cada vertiente de la agenda energ\u00e9tica estatal.<\/p>\n<p>&nbsp;<\/p>\n<p>&nbsp;<\/p>\n<p>&nbsp;<\/p>\n","protected":false},"excerpt":{"rendered":"<p>Ciudad de M\u00e9xico, a 26 de abril de 2026 &nbsp; El Gobernador Joaqu\u00edn D\u00edaz Mena sostuvo una reuni\u00f3n de trabajo con la secretaria de Energ\u00eda, Luz Elena Gonz\u00e1lez Escobar, para fortalecer la coordinaci\u00f3n entre Yucat\u00e1n y el Gobierno de M\u00e9xico en proyectos de energ\u00eda, infraestructura el\u00e9ctrica, transici\u00f3n hacia fuentes limpias y seguridad ambiental. &nbsp; Durante [&hellip;]<\/p>\n","protected":false},"author":4,"featured_media":116957,"comment_status":"closed","ping_status":"closed","sticky":false,"template":"","format":"standard","meta":{"footnotes":""},"categories":[3],"tags":[],"class_list":{"0":"post-116956","1":"post","2":"type-post","3":"status-publish","4":"format-standard","5":"has-post-thumbnail","7":"category-yucatan"},"yoast_head":"<!-- This site is optimized with the Yoast SEO plugin v27.4 - https:\/\/yoast.com\/product\/yoast-seo-wordpress\/ -->\n<title>Consolida Yucat\u00e1n su agenda energ\u00e9tica nacional - Yucat\u00e1n en corto<\/title>\n<meta name=\"robots\" content=\"index, follow, max-snippet:-1, max-image-preview:large, max-video-preview:-1\" \/>\n<link rel=\"canonical\" href=\"https:\/\/www.yucatanencorto.com\/noticias\/consolida-yucatan-su-agenda-energetica-nacional\/\" \/>\n<meta property=\"og:locale\" content=\"es_ES\" \/>\n<meta property=\"og:type\" content=\"article\" \/>\n<meta property=\"og:title\" content=\"Consolida Yucat\u00e1n su agenda energ\u00e9tica nacional - Yucat\u00e1n en corto\" \/>\n<meta property=\"og:description\" content=\"Ciudad de M\u00e9xico, a 26 de abril de 2026 &nbsp; El Gobernador Joaqu\u00edn D\u00edaz Mena sostuvo una reuni\u00f3n de trabajo con la secretaria de Energ\u00eda, Luz Elena Gonz\u00e1lez Escobar, para fortalecer la coordinaci\u00f3n entre Yucat\u00e1n y el Gobierno de M\u00e9xico en proyectos de energ\u00eda, infraestructura el\u00e9ctrica, transici\u00f3n hacia fuentes limpias y seguridad ambiental. &nbsp; Durante [&hellip;]\" \/>\n<meta property=\"og:url\" content=\"https:\/\/www.yucatanencorto.com\/noticias\/consolida-yucatan-su-agenda-energetica-nacional\/\" \/>\n<meta property=\"og:site_name\" content=\"Yucat\u00e1n en corto\" \/>\n<meta property=\"article:publisher\" content=\"http:\/\/www.facebook.com\/yucatanencorto\" \/>\n<meta property=\"article:published_time\" content=\"2026-04-26T19:49:41+00:00\" \/>\n<meta property=\"og:image\" content=\"https:\/\/www.yucatanencorto.com\/noticias\/wp-content\/uploads\/2026\/04\/IMG-20260426-WA0066-scaled.jpg\" \/>\n\t<meta property=\"og:image:width\" content=\"768\" \/>\n\t<meta property=\"og:image:height\" content=\"512\" \/>\n\t<meta property=\"og:image:type\" content=\"image\/jpeg\" \/>\n<meta name=\"author\" content=\"Yucat\u00e1n en Corto\" \/>\n<meta name=\"twitter:card\" content=\"summary_large_image\" \/>\n<meta name=\"twitter:creator\" content=\"@yucatanencorto\" \/>\n<meta name=\"twitter:site\" content=\"@yucatanencorto\" \/>\n<meta name=\"twitter:label1\" content=\"Escrito por\" \/>\n\t<meta name=\"twitter:data1\" content=\"Yucat\u00e1n en Corto\" \/>\n\t<meta name=\"twitter:label2\" content=\"Tiempo de lectura\" \/>\n\t<meta name=\"twitter:data2\" content=\"3 minutos\" \/>\n<script type=\"application\/ld+json\" class=\"yoast-schema-graph\">{\"@context\":\"https:\\\/\\\/schema.org\",\"@graph\":[{\"@type\":\"Article\",\"@id\":\"https:\\\/\\\/www.yucatanencorto.com\\\/noticias\\\/consolida-yucatan-su-agenda-energetica-nacional\\\/#article\",\"isPartOf\":{\"@id\":\"https:\\\/\\\/www.yucatanencorto.com\\\/noticias\\\/consolida-yucatan-su-agenda-energetica-nacional\\\/\"},\"author\":{\"name\":\"Yucat\u00e1n en Corto\",\"@id\":\"https:\\\/\\\/www.yucatanencorto.com\\\/noticias\\\/#\\\/schema\\\/person\\\/f0ec40c33447bbc0dc2d01d3006de771\"},\"headline\":\"Consolida Yucat\u00e1n su agenda energ\u00e9tica nacional\",\"datePublished\":\"2026-04-26T19:49:41+00:00\",\"mainEntityOfPage\":{\"@id\":\"https:\\\/\\\/www.yucatanencorto.com\\\/noticias\\\/consolida-yucatan-su-agenda-energetica-nacional\\\/\"},\"wordCount\":552,\"image\":{\"@id\":\"https:\\\/\\\/www.yucatanencorto.com\\\/noticias\\\/consolida-yucatan-su-agenda-energetica-nacional\\\/#primaryimage\"},\"thumbnailUrl\":\"https:\\\/\\\/www.yucatanencorto.com\\\/noticias\\\/wp-content\\\/uploads\\\/2026\\\/04\\\/IMG-20260426-WA0066-scaled.jpg\",\"articleSection\":[\"Yucat\u00e1n\"],\"inLanguage\":\"es\"},{\"@type\":\"WebPage\",\"@id\":\"https:\\\/\\\/www.yucatanencorto.com\\\/noticias\\\/consolida-yucatan-su-agenda-energetica-nacional\\\/\",\"url\":\"https:\\\/\\\/www.yucatanencorto.com\\\/noticias\\\/consolida-yucatan-su-agenda-energetica-nacional\\\/\",\"name\":\"Consolida Yucat\u00e1n su agenda energ\u00e9tica nacional - Yucat\u00e1n en corto\",\"isPartOf\":{\"@id\":\"https:\\\/\\\/www.yucatanencorto.com\\\/noticias\\\/#website\"},\"primaryImageOfPage\":{\"@id\":\"https:\\\/\\\/www.yucatanencorto.com\\\/noticias\\\/consolida-yucatan-su-agenda-energetica-nacional\\\/#primaryimage\"},\"image\":{\"@id\":\"https:\\\/\\\/www.yucatanencorto.com\\\/noticias\\\/consolida-yucatan-su-agenda-energetica-nacional\\\/#primaryimage\"},\"thumbnailUrl\":\"https:\\\/\\\/www.yucatanencorto.com\\\/noticias\\\/wp-content\\\/uploads\\\/2026\\\/04\\\/IMG-20260426-WA0066-scaled.jpg\",\"datePublished\":\"2026-04-26T19:49:41+00:00\",\"author\":{\"@id\":\"https:\\\/\\\/www.yucatanencorto.com\\\/noticias\\\/#\\\/schema\\\/person\\\/f0ec40c33447bbc0dc2d01d3006de771\"},\"breadcrumb\":{\"@id\":\"https:\\\/\\\/www.yucatanencorto.com\\\/noticias\\\/consolida-yucatan-su-agenda-energetica-nacional\\\/#breadcrumb\"},\"inLanguage\":\"es\",\"potentialAction\":[{\"@type\":\"ReadAction\",\"target\":[\"https:\\\/\\\/www.yucatanencorto.com\\\/noticias\\\/consolida-yucatan-su-agenda-energetica-nacional\\\/\"]}]},{\"@type\":\"ImageObject\",\"inLanguage\":\"es\",\"@id\":\"https:\\\/\\\/www.yucatanencorto.com\\\/noticias\\\/consolida-yucatan-su-agenda-energetica-nacional\\\/#primaryimage\",\"url\":\"https:\\\/\\\/www.yucatanencorto.com\\\/noticias\\\/wp-content\\\/uploads\\\/2026\\\/04\\\/IMG-20260426-WA0066-scaled.jpg\",\"contentUrl\":\"https:\\\/\\\/www.yucatanencorto.com\\\/noticias\\\/wp-content\\\/uploads\\\/2026\\\/04\\\/IMG-20260426-WA0066-scaled.jpg\",\"width\":768,\"height\":512},{\"@type\":\"BreadcrumbList\",\"@id\":\"https:\\\/\\\/www.yucatanencorto.com\\\/noticias\\\/consolida-yucatan-su-agenda-energetica-nacional\\\/#breadcrumb\",\"itemListElement\":[{\"@type\":\"ListItem\",\"position\":1,\"name\":\"Portada\",\"item\":\"https:\\\/\\\/www.yucatanencorto.com\\\/noticias\\\/\"},{\"@type\":\"ListItem\",\"position\":2,\"name\":\"Consolida Yucat\u00e1n su agenda energ\u00e9tica nacional\"}]},{\"@type\":\"WebSite\",\"@id\":\"https:\\\/\\\/www.yucatanencorto.com\\\/noticias\\\/#website\",\"url\":\"https:\\\/\\\/www.yucatanencorto.com\\\/noticias\\\/\",\"name\":\"Yucat\u00e1n en corto\",\"description\":\"Noticias\",\"potentialAction\":[{\"@type\":\"SearchAction\",\"target\":{\"@type\":\"EntryPoint\",\"urlTemplate\":\"https:\\\/\\\/www.yucatanencorto.com\\\/noticias\\\/?s={search_term_string}\"},\"query-input\":{\"@type\":\"PropertyValueSpecification\",\"valueRequired\":true,\"valueName\":\"search_term_string\"}}],\"inLanguage\":\"es\"},{\"@type\":\"Person\",\"@id\":\"https:\\\/\\\/www.yucatanencorto.com\\\/noticias\\\/#\\\/schema\\\/person\\\/f0ec40c33447bbc0dc2d01d3006de771\",\"name\":\"Yucat\u00e1n en Corto\",\"image\":{\"@type\":\"ImageObject\",\"inLanguage\":\"es\",\"@id\":\"https:\\\/\\\/secure.gravatar.com\\\/avatar\\\/20e0a6b626f38fa8e545fb3f80ce566efd790bf8877e65c3a482460cc3e0b5d1?s=96&d=mm&r=g\",\"url\":\"https:\\\/\\\/secure.gravatar.com\\\/avatar\\\/20e0a6b626f38fa8e545fb3f80ce566efd790bf8877e65c3a482460cc3e0b5d1?s=96&d=mm&r=g\",\"contentUrl\":\"https:\\\/\\\/secure.gravatar.com\\\/avatar\\\/20e0a6b626f38fa8e545fb3f80ce566efd790bf8877e65c3a482460cc3e0b5d1?s=96&d=mm&r=g\",\"caption\":\"Yucat\u00e1n en Corto\"},\"url\":\"https:\\\/\\\/www.yucatanencorto.com\\\/noticias\\\/author\\\/editor25\\\/\"}]}<\/script>\n<!-- \/ Yoast SEO plugin. -->","yoast_head_json":{"title":"Consolida Yucat\u00e1n su agenda energ\u00e9tica nacional - Yucat\u00e1n en corto","robots":{"index":"index","follow":"follow","max-snippet":"max-snippet:-1","max-image-preview":"max-image-preview:large","max-video-preview":"max-video-preview:-1"},"canonical":"https:\/\/www.yucatanencorto.com\/noticias\/consolida-yucatan-su-agenda-energetica-nacional\/","og_locale":"es_ES","og_type":"article","og_title":"Consolida Yucat\u00e1n su agenda energ\u00e9tica nacional - Yucat\u00e1n en corto","og_description":"Ciudad de M\u00e9xico, a 26 de abril de 2026 &nbsp; El Gobernador Joaqu\u00edn D\u00edaz Mena sostuvo una reuni\u00f3n de trabajo con la secretaria de Energ\u00eda, Luz Elena Gonz\u00e1lez Escobar, para fortalecer la coordinaci\u00f3n entre Yucat\u00e1n y el Gobierno de M\u00e9xico en proyectos de energ\u00eda, infraestructura el\u00e9ctrica, transici\u00f3n hacia fuentes limpias y seguridad ambiental. &nbsp; Durante [&hellip;]","og_url":"https:\/\/www.yucatanencorto.com\/noticias\/consolida-yucatan-su-agenda-energetica-nacional\/","og_site_name":"Yucat\u00e1n en corto","article_publisher":"http:\/\/www.facebook.com\/yucatanencorto","article_published_time":"2026-04-26T19:49:41+00:00","og_image":[{"width":768,"height":512,"url":"https:\/\/www.yucatanencorto.com\/noticias\/wp-content\/uploads\/2026\/04\/IMG-20260426-WA0066-scaled.jpg","type":"image\/jpeg"}],"author":"Yucat\u00e1n en Corto","twitter_card":"summary_large_image","twitter_creator":"@yucatanencorto","twitter_site":"@yucatanencorto","twitter_misc":{"Escrito por":"Yucat\u00e1n en Corto","Tiempo de lectura":"3 minutos"},"schema":{"@context":"https:\/\/schema.org","@graph":[{"@type":"Article","@id":"https:\/\/www.yucatanencorto.com\/noticias\/consolida-yucatan-su-agenda-energetica-nacional\/#article","isPartOf":{"@id":"https:\/\/www.yucatanencorto.com\/noticias\/consolida-yucatan-su-agenda-energetica-nacional\/"},"author":{"name":"Yucat\u00e1n en Corto","@id":"https:\/\/www.yucatanencorto.com\/noticias\/#\/schema\/person\/f0ec40c33447bbc0dc2d01d3006de771"},"headline":"Consolida Yucat\u00e1n su agenda energ\u00e9tica nacional","datePublished":"2026-04-26T19:49:41+00:00","mainEntityOfPage":{"@id":"https:\/\/www.yucatanencorto.com\/noticias\/consolida-yucatan-su-agenda-energetica-nacional\/"},"wordCount":552,"image":{"@id":"https:\/\/www.yucatanencorto.com\/noticias\/consolida-yucatan-su-agenda-energetica-nacional\/#primaryimage"},"thumbnailUrl":"https:\/\/www.yucatanencorto.com\/noticias\/wp-content\/uploads\/2026\/04\/IMG-20260426-WA0066-scaled.jpg","articleSection":["Yucat\u00e1n"],"inLanguage":"es"},{"@type":"WebPage","@id":"https:\/\/www.yucatanencorto.com\/noticias\/consolida-yucatan-su-agenda-energetica-nacional\/","url":"https:\/\/www.yucatanencorto.com\/noticias\/consolida-yucatan-su-agenda-energetica-nacional\/","name":"Consolida Yucat\u00e1n su agenda energ\u00e9tica nacional - Yucat\u00e1n en corto","isPartOf":{"@id":"https:\/\/www.yucatanencorto.com\/noticias\/#website"},"primaryImageOfPage":{"@id":"https:\/\/www.yucatanencorto.com\/noticias\/consolida-yucatan-su-agenda-energetica-nacional\/#primaryimage"},"image":{"@id":"https:\/\/www.yucatanencorto.com\/noticias\/consolida-yucatan-su-agenda-energetica-nacional\/#primaryimage"},"thumbnailUrl":"https:\/\/www.yucatanencorto.com\/noticias\/wp-content\/uploads\/2026\/04\/IMG-20260426-WA0066-scaled.jpg","datePublished":"2026-04-26T19:49:41+00:00","author":{"@id":"https:\/\/www.yucatanencorto.com\/noticias\/#\/schema\/person\/f0ec40c33447bbc0dc2d01d3006de771"},"breadcrumb":{"@id":"https:\/\/www.yucatanencorto.com\/noticias\/consolida-yucatan-su-agenda-energetica-nacional\/#breadcrumb"},"inLanguage":"es","potentialAction":[{"@type":"ReadAction","target":["https:\/\/www.yucatanencorto.com\/noticias\/consolida-yucatan-su-agenda-energetica-nacional\/"]}]},{"@type":"ImageObject","inLanguage":"es","@id":"https:\/\/www.yucatanencorto.com\/noticias\/consolida-yucatan-su-agenda-energetica-nacional\/#primaryimage","url":"https:\/\/www.yucatanencorto.com\/noticias\/wp-content\/uploads\/2026\/04\/IMG-20260426-WA0066-scaled.jpg","contentUrl":"https:\/\/www.yucatanencorto.com\/noticias\/wp-content\/uploads\/2026\/04\/IMG-20260426-WA0066-scaled.jpg","width":768,"height":512},{"@type":"BreadcrumbList","@id":"https:\/\/www.yucatanencorto.com\/noticias\/consolida-yucatan-su-agenda-energetica-nacional\/#breadcrumb","itemListElement":[{"@type":"ListItem","position":1,"name":"Portada","item":"https:\/\/www.yucatanencorto.com\/noticias\/"},{"@type":"ListItem","position":2,"name":"Consolida Yucat\u00e1n su agenda energ\u00e9tica nacional"}]},{"@type":"WebSite","@id":"https:\/\/www.yucatanencorto.com\/noticias\/#website","url":"https:\/\/www.yucatanencorto.com\/noticias\/","name":"Yucat\u00e1n en corto","description":"Noticias","potentialAction":[{"@type":"SearchAction","target":{"@type":"EntryPoint","urlTemplate":"https:\/\/www.yucatanencorto.com\/noticias\/?s={search_term_string}"},"query-input":{"@type":"PropertyValueSpecification","valueRequired":true,"valueName":"search_term_string"}}],"inLanguage":"es"},{"@type":"Person","@id":"https:\/\/www.yucatanencorto.com\/noticias\/#\/schema\/person\/f0ec40c33447bbc0dc2d01d3006de771","name":"Yucat\u00e1n en Corto","image":{"@type":"ImageObject","inLanguage":"es","@id":"https:\/\/secure.gravatar.com\/avatar\/20e0a6b626f38fa8e545fb3f80ce566efd790bf8877e65c3a482460cc3e0b5d1?s=96&d=mm&r=g","url":"https:\/\/secure.gravatar.com\/avatar\/20e0a6b626f38fa8e545fb3f80ce566efd790bf8877e65c3a482460cc3e0b5d1?s=96&d=mm&r=g","contentUrl":"https:\/\/secure.gravatar.com\/avatar\/20e0a6b626f38fa8e545fb3f80ce566efd790bf8877e65c3a482460cc3e0b5d1?s=96&d=mm&r=g","caption":"Yucat\u00e1n en Corto"},"url":"https:\/\/www.yucatanencorto.com\/noticias\/author\/editor25\/"}]}},"_links":{"self":[{"href":"https:\/\/www.yucatanencorto.com\/noticias\/wp-json\/wp\/v2\/posts\/116956","targetHints":{"allow":["GET"]}}],"collection":[{"href":"https:\/\/www.yucatanencorto.com\/noticias\/wp-json\/wp\/v2\/posts"}],"about":[{"href":"https:\/\/www.yucatanencorto.com\/noticias\/wp-json\/wp\/v2\/types\/post"}],"author":[{"embeddable":true,"href":"https:\/\/www.yucatanencorto.com\/noticias\/wp-json\/wp\/v2\/users\/4"}],"replies":[{"embeddable":true,"href":"https:\/\/www.yucatanencorto.com\/noticias\/wp-json\/wp\/v2\/comments?post=116956"}],"version-history":[{"count":1,"href":"https:\/\/www.yucatanencorto.com\/noticias\/wp-json\/wp\/v2\/posts\/116956\/revisions"}],"predecessor-version":[{"id":116958,"href":"https:\/\/www.yucatanencorto.com\/noticias\/wp-json\/wp\/v2\/posts\/116956\/revisions\/116958"}],"wp:featuredmedia":[{"embeddable":true,"href":"https:\/\/www.yucatanencorto.com\/noticias\/wp-json\/wp\/v2\/media\/116957"}],"wp:attachment":[{"href":"https:\/\/www.yucatanencorto.com\/noticias\/wp-json\/wp\/v2\/media?parent=116956"}],"wp:term":[{"taxonomy":"category","embeddable":true,"href":"https:\/\/www.yucatanencorto.com\/noticias\/wp-json\/wp\/v2\/categories?post=116956"},{"taxonomy":"post_tag","embeddable":true,"href":"https:\/\/www.yucatanencorto.com\/noticias\/wp-json\/wp\/v2\/tags?post=116956"}],"curies":[{"name":"wp","href":"https:\/\/api.w.org\/{rel}","templated":true}]}}