{"id":116966,"date":"2026-04-27T17:23:24","date_gmt":"2026-04-27T23:23:24","guid":{"rendered":"https:\/\/www.yucatanencorto.com\/noticias\/?p=116966"},"modified":"2026-04-27T17:23:24","modified_gmt":"2026-04-27T23:23:24","slug":"sanean-playa-cerditos-como-parte-del-programa-de-limpieza-costera","status":"publish","type":"post","link":"https:\/\/www.yucatanencorto.com\/noticias\/sanean-playa-cerditos-como-parte-del-programa-de-limpieza-costera\/","title":{"rendered":"Sanean Playa Cerditos como parte del programa de limpieza costera"},"content":{"rendered":"<p><img loading=\"lazy\" decoding=\"async\" class=\"alignnone size-full wp-image-116967\" src=\"https:\/\/www.yucatanencorto.com\/noticias\/wp-content\/uploads\/2026\/04\/IMG-20260427-WA0066-scaled.jpg\" alt=\"\" width=\"768\" height=\"576\" srcset=\"https:\/\/www.yucatanencorto.com\/noticias\/wp-content\/uploads\/2026\/04\/IMG-20260427-WA0066-scaled.jpg 768w, https:\/\/www.yucatanencorto.com\/noticias\/wp-content\/uploads\/2026\/04\/IMG-20260427-WA0066-1536x1153.jpg 1536w, https:\/\/www.yucatanencorto.com\/noticias\/wp-content\/uploads\/2026\/04\/IMG-20260427-WA0066-2048x1537.jpg 2048w, https:\/\/www.yucatanencorto.com\/noticias\/wp-content\/uploads\/2026\/04\/IMG-20260427-WA0066-150x113.jpg 150w, https:\/\/www.yucatanencorto.com\/noticias\/wp-content\/uploads\/2026\/04\/IMG-20260427-WA0066-300x225.jpg 300w, https:\/\/www.yucatanencorto.com\/noticias\/wp-content\/uploads\/2026\/04\/IMG-20260427-WA0066-696x522.jpg 696w, https:\/\/www.yucatanencorto.com\/noticias\/wp-content\/uploads\/2026\/04\/IMG-20260427-WA0066-1068x801.jpg 1068w, https:\/\/www.yucatanencorto.com\/noticias\/wp-content\/uploads\/2026\/04\/IMG-20260427-WA0066-1920x1441.jpg 1920w\" sizes=\"auto, (max-width: 768px) 100vw, 768px\" \/><\/p>\n<p>Progreso, Yucat\u00e1n, a 27 de abril de 2026<\/p>\n<p>M\u00e1s de 550 voluntarias y voluntarios participaron en una jornada de saneamiento en Playa Cerditos, en Progreso, donde se recolectaron 533.6 kilogramos de residuos s\u00f3lidos, como parte del Programa de Limpieza de Playas y Manglares 2026 que impulsa la Secretar\u00eda de Desarrollo Sustentable (SDS).<\/p>\n<p>&nbsp;<\/p>\n<p>La actividad se realiz\u00f3 en coordinaci\u00f3n con la asociaci\u00f3n Limpiemos Yucat\u00e1n; la Secretar\u00eda de Medio Ambiente y Recursos Naturales (Semarnat); la Comisi\u00f3n Nacional del Agua (Conagua); el Ayuntamiento de Progreso; el Sistema Intermunicipal de Gesti\u00f3n de Residuos S\u00f3lidos (Siger), y diversas asociaciones civiles, que sumaron esfuerzos para la conservaci\u00f3n de los ecosistemas costeros.<\/p>\n<p>&nbsp;<\/p>\n<p>\u201cLas jornadas de limpieza de playas no solo representan una acci\u00f3n correctiva para la conservaci\u00f3n de los ecosistemas costeros; tambi\u00e9n son una herramienta clave para fomentar la conciencia ambiental sobre el impacto negativo de los residuos\u201d, se\u00f1al\u00f3 el jefe del Departamento de Manejo Integral de Residuos de la SDS, Francisco Javier Alfaro Espinosa.<\/p>\n<p>&nbsp;<\/p>\n<p>En ese sentido, destac\u00f3 que la participaci\u00f3n de todos los sectores es fundamental, ya que la generaci\u00f3n de desechos es una responsabilidad compartida. \u201cAl sumar esfuerzos, se logran resultados de mayor alcance y beneficio\u201d, agreg\u00f3.<\/p>\n<p>&nbsp;<\/p>\n<p>La dependencia inform\u00f3 que los 533.6 kilogramos recolectados representan una disminuci\u00f3n de 694.7 kilogramos, equivalente a una reducci\u00f3n aproximada del 56.6%, en comparaci\u00f3n con la jornada realizada en octubre de 2025 en el mismo sitio, cuando se retiraron 1,228.3 kilogramos de residuos.<\/p>\n<p>&nbsp;<\/p>\n<p>Este resultado refleja el impacto positivo de las estrategias que impulsa la SDS a trav\u00e9s de este programa, as\u00ed como el fortalecimiento de la conciencia ambiental y la colaboraci\u00f3n entre ciudadan\u00eda, autoridades, organizaciones civiles e iniciativa privada. La reducci\u00f3n en la cantidad de residuos recolectados evidencia un avance favorable en el cuidado de los ecosistemas costeros, contribuye a la conservaci\u00f3n de la biodiversidad y permite mantener en mejores condiciones este importante entorno natural.<\/p>\n<p>&nbsp;<\/p>\n<p>Finalmente, Alfaro Espinosa invit\u00f3 a la ciudadan\u00eda a integrarse a las pr\u00f3ximas jornadas del Programa de Limpieza de Playas y Manglares 2026 y a consultar el calendario de actividades en las redes sociales de la Secretar\u00eda.<\/p>\n<p>&nbsp;<\/p>\n<p>&nbsp;<\/p>\n","protected":false},"excerpt":{"rendered":"<p>Progreso, Yucat\u00e1n, a 27 de abril de 2026 M\u00e1s de 550 voluntarias y voluntarios participaron en una jornada de saneamiento en Playa Cerditos, en Progreso, donde se recolectaron 533.6 kilogramos de residuos s\u00f3lidos, como parte del Programa de Limpieza de Playas y Manglares 2026 que impulsa la Secretar\u00eda de Desarrollo Sustentable (SDS). &nbsp; La actividad [&hellip;]<\/p>\n","protected":false},"author":4,"featured_media":116967,"comment_status":"closed","ping_status":"closed","sticky":false,"template":"","format":"standard","meta":{"footnotes":""},"categories":[3],"tags":[],"class_list":{"0":"post-116966","1":"post","2":"type-post","3":"status-publish","4":"format-standard","5":"has-post-thumbnail","7":"category-yucatan"},"yoast_head":"<!-- This site is optimized with the Yoast SEO plugin v27.4 - https:\/\/yoast.com\/product\/yoast-seo-wordpress\/ -->\n<title>Sanean Playa Cerditos como parte del programa de limpieza costera - Yucat\u00e1n en corto<\/title>\n<meta name=\"robots\" content=\"index, follow, max-snippet:-1, max-image-preview:large, max-video-preview:-1\" \/>\n<link rel=\"canonical\" href=\"https:\/\/www.yucatanencorto.com\/noticias\/sanean-playa-cerditos-como-parte-del-programa-de-limpieza-costera\/\" \/>\n<meta property=\"og:locale\" content=\"es_ES\" \/>\n<meta property=\"og:type\" content=\"article\" \/>\n<meta property=\"og:title\" content=\"Sanean Playa Cerditos como parte del programa de limpieza costera - Yucat\u00e1n en corto\" \/>\n<meta property=\"og:description\" content=\"Progreso, Yucat\u00e1n, a 27 de abril de 2026 M\u00e1s de 550 voluntarias y voluntarios participaron en una jornada de saneamiento en Playa Cerditos, en Progreso, donde se recolectaron 533.6 kilogramos de residuos s\u00f3lidos, como parte del Programa de Limpieza de Playas y Manglares 2026 que impulsa la Secretar\u00eda de Desarrollo Sustentable (SDS). &nbsp; La actividad [&hellip;]\" \/>\n<meta property=\"og:url\" content=\"https:\/\/www.yucatanencorto.com\/noticias\/sanean-playa-cerditos-como-parte-del-programa-de-limpieza-costera\/\" \/>\n<meta property=\"og:site_name\" content=\"Yucat\u00e1n en corto\" \/>\n<meta property=\"article:publisher\" content=\"http:\/\/www.facebook.com\/yucatanencorto\" \/>\n<meta property=\"article:published_time\" content=\"2026-04-27T23:23:24+00:00\" \/>\n<meta property=\"og:image\" content=\"https:\/\/www.yucatanencorto.com\/noticias\/wp-content\/uploads\/2026\/04\/IMG-20260427-WA0066-scaled.jpg\" \/>\n\t<meta property=\"og:image:width\" content=\"768\" \/>\n\t<meta property=\"og:image:height\" content=\"576\" \/>\n\t<meta property=\"og:image:type\" content=\"image\/jpeg\" \/>\n<meta name=\"author\" content=\"Yucat\u00e1n en Corto\" \/>\n<meta name=\"twitter:card\" content=\"summary_large_image\" \/>\n<meta name=\"twitter:creator\" content=\"@yucatanencorto\" \/>\n<meta name=\"twitter:site\" content=\"@yucatanencorto\" \/>\n<meta name=\"twitter:label1\" content=\"Escrito por\" \/>\n\t<meta name=\"twitter:data1\" content=\"Yucat\u00e1n en Corto\" \/>\n\t<meta name=\"twitter:label2\" content=\"Tiempo de lectura\" \/>\n\t<meta name=\"twitter:data2\" content=\"2 minutos\" \/>\n<script type=\"application\/ld+json\" class=\"yoast-schema-graph\">{\"@context\":\"https:\\\/\\\/schema.org\",\"@graph\":[{\"@type\":\"Article\",\"@id\":\"https:\\\/\\\/www.yucatanencorto.com\\\/noticias\\\/sanean-playa-cerditos-como-parte-del-programa-de-limpieza-costera\\\/#article\",\"isPartOf\":{\"@id\":\"https:\\\/\\\/www.yucatanencorto.com\\\/noticias\\\/sanean-playa-cerditos-como-parte-del-programa-de-limpieza-costera\\\/\"},\"author\":{\"name\":\"Yucat\u00e1n en Corto\",\"@id\":\"https:\\\/\\\/www.yucatanencorto.com\\\/noticias\\\/#\\\/schema\\\/person\\\/f0ec40c33447bbc0dc2d01d3006de771\"},\"headline\":\"Sanean Playa Cerditos como parte del programa de limpieza costera\",\"datePublished\":\"2026-04-27T23:23:24+00:00\",\"mainEntityOfPage\":{\"@id\":\"https:\\\/\\\/www.yucatanencorto.com\\\/noticias\\\/sanean-playa-cerditos-como-parte-del-programa-de-limpieza-costera\\\/\"},\"wordCount\":380,\"image\":{\"@id\":\"https:\\\/\\\/www.yucatanencorto.com\\\/noticias\\\/sanean-playa-cerditos-como-parte-del-programa-de-limpieza-costera\\\/#primaryimage\"},\"thumbnailUrl\":\"https:\\\/\\\/www.yucatanencorto.com\\\/noticias\\\/wp-content\\\/uploads\\\/2026\\\/04\\\/IMG-20260427-WA0066-scaled.jpg\",\"articleSection\":[\"Yucat\u00e1n\"],\"inLanguage\":\"es\"},{\"@type\":\"WebPage\",\"@id\":\"https:\\\/\\\/www.yucatanencorto.com\\\/noticias\\\/sanean-playa-cerditos-como-parte-del-programa-de-limpieza-costera\\\/\",\"url\":\"https:\\\/\\\/www.yucatanencorto.com\\\/noticias\\\/sanean-playa-cerditos-como-parte-del-programa-de-limpieza-costera\\\/\",\"name\":\"Sanean Playa Cerditos como parte del programa de limpieza costera - Yucat\u00e1n en corto\",\"isPartOf\":{\"@id\":\"https:\\\/\\\/www.yucatanencorto.com\\\/noticias\\\/#website\"},\"primaryImageOfPage\":{\"@id\":\"https:\\\/\\\/www.yucatanencorto.com\\\/noticias\\\/sanean-playa-cerditos-como-parte-del-programa-de-limpieza-costera\\\/#primaryimage\"},\"image\":{\"@id\":\"https:\\\/\\\/www.yucatanencorto.com\\\/noticias\\\/sanean-playa-cerditos-como-parte-del-programa-de-limpieza-costera\\\/#primaryimage\"},\"thumbnailUrl\":\"https:\\\/\\\/www.yucatanencorto.com\\\/noticias\\\/wp-content\\\/uploads\\\/2026\\\/04\\\/IMG-20260427-WA0066-scaled.jpg\",\"datePublished\":\"2026-04-27T23:23:24+00:00\",\"author\":{\"@id\":\"https:\\\/\\\/www.yucatanencorto.com\\\/noticias\\\/#\\\/schema\\\/person\\\/f0ec40c33447bbc0dc2d01d3006de771\"},\"breadcrumb\":{\"@id\":\"https:\\\/\\\/www.yucatanencorto.com\\\/noticias\\\/sanean-playa-cerditos-como-parte-del-programa-de-limpieza-costera\\\/#breadcrumb\"},\"inLanguage\":\"es\",\"potentialAction\":[{\"@type\":\"ReadAction\",\"target\":[\"https:\\\/\\\/www.yucatanencorto.com\\\/noticias\\\/sanean-playa-cerditos-como-parte-del-programa-de-limpieza-costera\\\/\"]}]},{\"@type\":\"ImageObject\",\"inLanguage\":\"es\",\"@id\":\"https:\\\/\\\/www.yucatanencorto.com\\\/noticias\\\/sanean-playa-cerditos-como-parte-del-programa-de-limpieza-costera\\\/#primaryimage\",\"url\":\"https:\\\/\\\/www.yucatanencorto.com\\\/noticias\\\/wp-content\\\/uploads\\\/2026\\\/04\\\/IMG-20260427-WA0066-scaled.jpg\",\"contentUrl\":\"https:\\\/\\\/www.yucatanencorto.com\\\/noticias\\\/wp-content\\\/uploads\\\/2026\\\/04\\\/IMG-20260427-WA0066-scaled.jpg\",\"width\":768,\"height\":576},{\"@type\":\"BreadcrumbList\",\"@id\":\"https:\\\/\\\/www.yucatanencorto.com\\\/noticias\\\/sanean-playa-cerditos-como-parte-del-programa-de-limpieza-costera\\\/#breadcrumb\",\"itemListElement\":[{\"@type\":\"ListItem\",\"position\":1,\"name\":\"Portada\",\"item\":\"https:\\\/\\\/www.yucatanencorto.com\\\/noticias\\\/\"},{\"@type\":\"ListItem\",\"position\":2,\"name\":\"Sanean Playa Cerditos como parte del programa de limpieza costera\"}]},{\"@type\":\"WebSite\",\"@id\":\"https:\\\/\\\/www.yucatanencorto.com\\\/noticias\\\/#website\",\"url\":\"https:\\\/\\\/www.yucatanencorto.com\\\/noticias\\\/\",\"name\":\"Yucat\u00e1n en corto\",\"description\":\"Noticias\",\"potentialAction\":[{\"@type\":\"SearchAction\",\"target\":{\"@type\":\"EntryPoint\",\"urlTemplate\":\"https:\\\/\\\/www.yucatanencorto.com\\\/noticias\\\/?s={search_term_string}\"},\"query-input\":{\"@type\":\"PropertyValueSpecification\",\"valueRequired\":true,\"valueName\":\"search_term_string\"}}],\"inLanguage\":\"es\"},{\"@type\":\"Person\",\"@id\":\"https:\\\/\\\/www.yucatanencorto.com\\\/noticias\\\/#\\\/schema\\\/person\\\/f0ec40c33447bbc0dc2d01d3006de771\",\"name\":\"Yucat\u00e1n en Corto\",\"image\":{\"@type\":\"ImageObject\",\"inLanguage\":\"es\",\"@id\":\"https:\\\/\\\/secure.gravatar.com\\\/avatar\\\/20e0a6b626f38fa8e545fb3f80ce566efd790bf8877e65c3a482460cc3e0b5d1?s=96&d=mm&r=g\",\"url\":\"https:\\\/\\\/secure.gravatar.com\\\/avatar\\\/20e0a6b626f38fa8e545fb3f80ce566efd790bf8877e65c3a482460cc3e0b5d1?s=96&d=mm&r=g\",\"contentUrl\":\"https:\\\/\\\/secure.gravatar.com\\\/avatar\\\/20e0a6b626f38fa8e545fb3f80ce566efd790bf8877e65c3a482460cc3e0b5d1?s=96&d=mm&r=g\",\"caption\":\"Yucat\u00e1n en Corto\"},\"url\":\"https:\\\/\\\/www.yucatanencorto.com\\\/noticias\\\/author\\\/editor25\\\/\"}]}<\/script>\n<!-- \/ Yoast SEO plugin. -->","yoast_head_json":{"title":"Sanean Playa Cerditos como parte del programa de limpieza costera - Yucat\u00e1n en corto","robots":{"index":"index","follow":"follow","max-snippet":"max-snippet:-1","max-image-preview":"max-image-preview:large","max-video-preview":"max-video-preview:-1"},"canonical":"https:\/\/www.yucatanencorto.com\/noticias\/sanean-playa-cerditos-como-parte-del-programa-de-limpieza-costera\/","og_locale":"es_ES","og_type":"article","og_title":"Sanean Playa Cerditos como parte del programa de limpieza costera - Yucat\u00e1n en corto","og_description":"Progreso, Yucat\u00e1n, a 27 de abril de 2026 M\u00e1s de 550 voluntarias y voluntarios participaron en una jornada de saneamiento en Playa Cerditos, en Progreso, donde se recolectaron 533.6 kilogramos de residuos s\u00f3lidos, como parte del Programa de Limpieza de Playas y Manglares 2026 que impulsa la Secretar\u00eda de Desarrollo Sustentable (SDS). &nbsp; La actividad [&hellip;]","og_url":"https:\/\/www.yucatanencorto.com\/noticias\/sanean-playa-cerditos-como-parte-del-programa-de-limpieza-costera\/","og_site_name":"Yucat\u00e1n en corto","article_publisher":"http:\/\/www.facebook.com\/yucatanencorto","article_published_time":"2026-04-27T23:23:24+00:00","og_image":[{"width":768,"height":576,"url":"https:\/\/www.yucatanencorto.com\/noticias\/wp-content\/uploads\/2026\/04\/IMG-20260427-WA0066-scaled.jpg","type":"image\/jpeg"}],"author":"Yucat\u00e1n en Corto","twitter_card":"summary_large_image","twitter_creator":"@yucatanencorto","twitter_site":"@yucatanencorto","twitter_misc":{"Escrito por":"Yucat\u00e1n en Corto","Tiempo de lectura":"2 minutos"},"schema":{"@context":"https:\/\/schema.org","@graph":[{"@type":"Article","@id":"https:\/\/www.yucatanencorto.com\/noticias\/sanean-playa-cerditos-como-parte-del-programa-de-limpieza-costera\/#article","isPartOf":{"@id":"https:\/\/www.yucatanencorto.com\/noticias\/sanean-playa-cerditos-como-parte-del-programa-de-limpieza-costera\/"},"author":{"name":"Yucat\u00e1n en Corto","@id":"https:\/\/www.yucatanencorto.com\/noticias\/#\/schema\/person\/f0ec40c33447bbc0dc2d01d3006de771"},"headline":"Sanean Playa Cerditos como parte del programa de limpieza costera","datePublished":"2026-04-27T23:23:24+00:00","mainEntityOfPage":{"@id":"https:\/\/www.yucatanencorto.com\/noticias\/sanean-playa-cerditos-como-parte-del-programa-de-limpieza-costera\/"},"wordCount":380,"image":{"@id":"https:\/\/www.yucatanencorto.com\/noticias\/sanean-playa-cerditos-como-parte-del-programa-de-limpieza-costera\/#primaryimage"},"thumbnailUrl":"https:\/\/www.yucatanencorto.com\/noticias\/wp-content\/uploads\/2026\/04\/IMG-20260427-WA0066-scaled.jpg","articleSection":["Yucat\u00e1n"],"inLanguage":"es"},{"@type":"WebPage","@id":"https:\/\/www.yucatanencorto.com\/noticias\/sanean-playa-cerditos-como-parte-del-programa-de-limpieza-costera\/","url":"https:\/\/www.yucatanencorto.com\/noticias\/sanean-playa-cerditos-como-parte-del-programa-de-limpieza-costera\/","name":"Sanean Playa Cerditos como parte del programa de limpieza costera - Yucat\u00e1n en corto","isPartOf":{"@id":"https:\/\/www.yucatanencorto.com\/noticias\/#website"},"primaryImageOfPage":{"@id":"https:\/\/www.yucatanencorto.com\/noticias\/sanean-playa-cerditos-como-parte-del-programa-de-limpieza-costera\/#primaryimage"},"image":{"@id":"https:\/\/www.yucatanencorto.com\/noticias\/sanean-playa-cerditos-como-parte-del-programa-de-limpieza-costera\/#primaryimage"},"thumbnailUrl":"https:\/\/www.yucatanencorto.com\/noticias\/wp-content\/uploads\/2026\/04\/IMG-20260427-WA0066-scaled.jpg","datePublished":"2026-04-27T23:23:24+00:00","author":{"@id":"https:\/\/www.yucatanencorto.com\/noticias\/#\/schema\/person\/f0ec40c33447bbc0dc2d01d3006de771"},"breadcrumb":{"@id":"https:\/\/www.yucatanencorto.com\/noticias\/sanean-playa-cerditos-como-parte-del-programa-de-limpieza-costera\/#breadcrumb"},"inLanguage":"es","potentialAction":[{"@type":"ReadAction","target":["https:\/\/www.yucatanencorto.com\/noticias\/sanean-playa-cerditos-como-parte-del-programa-de-limpieza-costera\/"]}]},{"@type":"ImageObject","inLanguage":"es","@id":"https:\/\/www.yucatanencorto.com\/noticias\/sanean-playa-cerditos-como-parte-del-programa-de-limpieza-costera\/#primaryimage","url":"https:\/\/www.yucatanencorto.com\/noticias\/wp-content\/uploads\/2026\/04\/IMG-20260427-WA0066-scaled.jpg","contentUrl":"https:\/\/www.yucatanencorto.com\/noticias\/wp-content\/uploads\/2026\/04\/IMG-20260427-WA0066-scaled.jpg","width":768,"height":576},{"@type":"BreadcrumbList","@id":"https:\/\/www.yucatanencorto.com\/noticias\/sanean-playa-cerditos-como-parte-del-programa-de-limpieza-costera\/#breadcrumb","itemListElement":[{"@type":"ListItem","position":1,"name":"Portada","item":"https:\/\/www.yucatanencorto.com\/noticias\/"},{"@type":"ListItem","position":2,"name":"Sanean Playa Cerditos como parte del programa de limpieza costera"}]},{"@type":"WebSite","@id":"https:\/\/www.yucatanencorto.com\/noticias\/#website","url":"https:\/\/www.yucatanencorto.com\/noticias\/","name":"Yucat\u00e1n en corto","description":"Noticias","potentialAction":[{"@type":"SearchAction","target":{"@type":"EntryPoint","urlTemplate":"https:\/\/www.yucatanencorto.com\/noticias\/?s={search_term_string}"},"query-input":{"@type":"PropertyValueSpecification","valueRequired":true,"valueName":"search_term_string"}}],"inLanguage":"es"},{"@type":"Person","@id":"https:\/\/www.yucatanencorto.com\/noticias\/#\/schema\/person\/f0ec40c33447bbc0dc2d01d3006de771","name":"Yucat\u00e1n en Corto","image":{"@type":"ImageObject","inLanguage":"es","@id":"https:\/\/secure.gravatar.com\/avatar\/20e0a6b626f38fa8e545fb3f80ce566efd790bf8877e65c3a482460cc3e0b5d1?s=96&d=mm&r=g","url":"https:\/\/secure.gravatar.com\/avatar\/20e0a6b626f38fa8e545fb3f80ce566efd790bf8877e65c3a482460cc3e0b5d1?s=96&d=mm&r=g","contentUrl":"https:\/\/secure.gravatar.com\/avatar\/20e0a6b626f38fa8e545fb3f80ce566efd790bf8877e65c3a482460cc3e0b5d1?s=96&d=mm&r=g","caption":"Yucat\u00e1n en Corto"},"url":"https:\/\/www.yucatanencorto.com\/noticias\/author\/editor25\/"}]}},"_links":{"self":[{"href":"https:\/\/www.yucatanencorto.com\/noticias\/wp-json\/wp\/v2\/posts\/116966","targetHints":{"allow":["GET"]}}],"collection":[{"href":"https:\/\/www.yucatanencorto.com\/noticias\/wp-json\/wp\/v2\/posts"}],"about":[{"href":"https:\/\/www.yucatanencorto.com\/noticias\/wp-json\/wp\/v2\/types\/post"}],"author":[{"embeddable":true,"href":"https:\/\/www.yucatanencorto.com\/noticias\/wp-json\/wp\/v2\/users\/4"}],"replies":[{"embeddable":true,"href":"https:\/\/www.yucatanencorto.com\/noticias\/wp-json\/wp\/v2\/comments?post=116966"}],"version-history":[{"count":1,"href":"https:\/\/www.yucatanencorto.com\/noticias\/wp-json\/wp\/v2\/posts\/116966\/revisions"}],"predecessor-version":[{"id":116968,"href":"https:\/\/www.yucatanencorto.com\/noticias\/wp-json\/wp\/v2\/posts\/116966\/revisions\/116968"}],"wp:featuredmedia":[{"embeddable":true,"href":"https:\/\/www.yucatanencorto.com\/noticias\/wp-json\/wp\/v2\/media\/116967"}],"wp:attachment":[{"href":"https:\/\/www.yucatanencorto.com\/noticias\/wp-json\/wp\/v2\/media?parent=116966"}],"wp:term":[{"taxonomy":"category","embeddable":true,"href":"https:\/\/www.yucatanencorto.com\/noticias\/wp-json\/wp\/v2\/categories?post=116966"},{"taxonomy":"post_tag","embeddable":true,"href":"https:\/\/www.yucatanencorto.com\/noticias\/wp-json\/wp\/v2\/tags?post=116966"}],"curies":[{"name":"wp","href":"https:\/\/api.w.org\/{rel}","templated":true}]}}