{"id":116972,"date":"2026-04-27T18:18:28","date_gmt":"2026-04-28T00:18:28","guid":{"rendered":"https:\/\/www.yucatanencorto.com\/noticias\/?p=116972"},"modified":"2026-04-27T18:18:28","modified_gmt":"2026-04-28T00:18:28","slug":"orquesta-tipica-yukalpeten-celebra-84-anos-de-historia-y-tradicion-musical","status":"publish","type":"post","link":"https:\/\/www.yucatanencorto.com\/noticias\/orquesta-tipica-yukalpeten-celebra-84-anos-de-historia-y-tradicion-musical\/","title":{"rendered":"Orquesta T\u00edpica Yukalpet\u00e9n celebra 84 a\u00f1os de historia y tradici\u00f3n musical"},"content":{"rendered":"<p><img loading=\"lazy\" decoding=\"async\" class=\"alignnone size-full wp-image-116973\" src=\"https:\/\/www.yucatanencorto.com\/noticias\/wp-content\/uploads\/2026\/04\/IMG-20260427-WA0102-scaled.jpg\" alt=\"\" width=\"768\" height=\"512\" srcset=\"https:\/\/www.yucatanencorto.com\/noticias\/wp-content\/uploads\/2026\/04\/IMG-20260427-WA0102-scaled.jpg 768w, https:\/\/www.yucatanencorto.com\/noticias\/wp-content\/uploads\/2026\/04\/IMG-20260427-WA0102-150x100.jpg 150w, https:\/\/www.yucatanencorto.com\/noticias\/wp-content\/uploads\/2026\/04\/IMG-20260427-WA0102-300x200.jpg 300w, https:\/\/www.yucatanencorto.com\/noticias\/wp-content\/uploads\/2026\/04\/IMG-20260427-WA0102-696x464.jpg 696w, https:\/\/www.yucatanencorto.com\/noticias\/wp-content\/uploads\/2026\/04\/IMG-20260427-WA0102-1068x712.jpg 1068w\" sizes=\"auto, (max-width: 768px) 100vw, 768px\" \/><\/p>\n<p>M\u00e9rida, Yucat\u00e1n, a 27 de abril de 2026<\/p>\n<p>La noche se llen\u00f3 de memoria y m\u00fasica en la Sala de Conciertos del Palacio de la M\u00fasica, donde la Orquesta T\u00edpica Yukalpet\u00e9n celebr\u00f3 84 a\u00f1os de historia con el concierto \u201cNuestra Orquesta, Nuestra M\u00fasica\u201d, un encuentro que evoc\u00f3 el alma sonora de Yucat\u00e1n y su entra\u00f1able tradici\u00f3n trovadoresca, siempre viva y presente.<\/p>\n<p>&nbsp;<\/p>\n<p>Bajo la batuta de Pedro Carlos Herrera L\u00f3pez, quien cumple dos d\u00e9cadas como director y arreglista, la agrupaci\u00f3n ofreci\u00f3 un programa de 90 minutos que fue m\u00e1s que un recital: un tejido de recuerdos, voces y emociones que recorri\u00f3 generaciones.<\/p>\n<p>&nbsp;<\/p>\n<p>Cada pieza interpretada reson\u00f3 como un eco del pasado que sigue vivo en el presente, acompa\u00f1ando a trovadores y p\u00fablico en una velada profundamente significativa.<\/p>\n<p>&nbsp;<\/p>\n<p>Previo al concierto, en representaci\u00f3n de la secretaria de la Cultura y las Artes, Patricia Mart\u00edn Brice\u00f1o, el director de Museos y Patrimonio de la Sedeculta, Fidencio Brice\u00f1o Chel, destac\u00f3 el valor de la Orquesta T\u00edpica Yukalpet\u00e9n como una de las \u201cinstituciones que ha dado luz y mucho orgullo a nuestra m\u00fasica, a nuestro patrimonio cultural en Yucat\u00e1n, en la regi\u00f3n y en todo M\u00e9xico\u201d.<\/p>\n<p>&nbsp;<\/p>\n<p>Se\u00f1al\u00f3 que las canciones y melod\u00edas interpretadas por la Orquesta representan esa m\u00fasica que \u201csomos nosotros\u201d, las y los yucatecos, aquello que se define tambi\u00e9n como lo t\u00edpico de una cultura y que conjuga los elementos que le dan identidad y vitalidad.<\/p>\n<p>&nbsp;<\/p>\n<p>Bajo la direcci\u00f3n de Pedro Carlos Herrera, a\u00f1adi\u00f3, \u201ceso t\u00edpico se ha innovado, ha tenido un constante despertar a favor de lo nuestro\u201d y ha crecido para aportar m\u00e1s a la vida cultural de Yucat\u00e1n. Por eso, expres\u00f3 Brice\u00f1o Chel, tambi\u00e9n se celebran los 20 a\u00f1os de Pedro Carlos Herrera al frente de la Orquesta T\u00edpica Yukalpet\u00e9n.<\/p>\n<p>&nbsp;<\/p>\n<p>Adem\u00e1s de Brice\u00f1o Chel, tambi\u00e9n asisti\u00f3 la directora del Palacio de la M\u00fasica, Adele Urb\u00e1n Flores, as\u00ed como Erik Ojeda Novelo y Arturo Turriza, integrantes de la Real Orquesta Yucateca, quienes participaron como invitados especiales.<\/p>\n<p>&nbsp;<\/p>\n<p>Nacida en 1942 por iniciativa del entonces Gobernador Ernesto Novelo Torres, y dirigida en sus inicios por el maestro Daniel Ayala P\u00e9rez, la Orquesta T\u00edpica Yukalpet\u00e9n ha crecido hasta convertirse en custodia y faro de la m\u00fasica vern\u00e1cula yucateca.<\/p>\n<p>&nbsp;<\/p>\n<p>Desde su debut en la Plaza Principal de M\u00e9rida, su historia ha sido un constante andar entre escenarios, llevando consigo la esencia de una tierra que canta.<\/p>\n<p>&nbsp;<\/p>\n<p>Durante m\u00e1s de ocho d\u00e9cadas, su m\u00fasica ha cruzado fronteras y escenarios emblem\u00e1ticos, desde el Palacio de Bellas Artes hasta plazas y teatros de todo M\u00e9xico, as\u00ed como foros internacionales donde su identidad ha sido celebrada.<\/p>\n<p>&nbsp;<\/p>\n<p>Adem\u00e1s, ha acompa\u00f1ado momentos hist\u00f3ricos, dialogado con grandes figuras como Armando Manzanero y sabido reinventarse sin perder su ra\u00edz.<\/p>\n<p>&nbsp;<\/p>\n<p>Hoy, a 84 a\u00f1os de su nacimiento, la Orquesta no solo celebra el tiempo recorrido, sino la permanencia de un latido colectivo.<\/p>\n<p>&nbsp;<\/p>\n<p>En cada acorde habita la memoria de Yucat\u00e1n; en cada interpretaci\u00f3n florece su herencia, y en cada concierto, como el de esta noche, se renueva el pacto entre la m\u00fasica y su gente.<\/p>\n<p>&nbsp;<\/p>\n<p>&nbsp;<\/p>\n","protected":false},"excerpt":{"rendered":"<p>M\u00e9rida, Yucat\u00e1n, a 27 de abril de 2026 La noche se llen\u00f3 de memoria y m\u00fasica en la Sala de Conciertos del Palacio de la M\u00fasica, donde la Orquesta T\u00edpica Yukalpet\u00e9n celebr\u00f3 84 a\u00f1os de historia con el concierto \u201cNuestra Orquesta, Nuestra M\u00fasica\u201d, un encuentro que evoc\u00f3 el alma sonora de Yucat\u00e1n y su entra\u00f1able [&hellip;]<\/p>\n","protected":false},"author":4,"featured_media":116973,"comment_status":"closed","ping_status":"closed","sticky":false,"template":"","format":"standard","meta":{"footnotes":""},"categories":[3],"tags":[],"class_list":{"0":"post-116972","1":"post","2":"type-post","3":"status-publish","4":"format-standard","5":"has-post-thumbnail","7":"category-yucatan"},"yoast_head":"<!-- This site is optimized with the Yoast SEO plugin v27.4 - https:\/\/yoast.com\/product\/yoast-seo-wordpress\/ -->\n<title>Orquesta T\u00edpica Yukalpet\u00e9n celebra 84 a\u00f1os de historia y tradici\u00f3n musical - Yucat\u00e1n en corto<\/title>\n<meta name=\"robots\" content=\"index, follow, max-snippet:-1, max-image-preview:large, max-video-preview:-1\" \/>\n<link rel=\"canonical\" href=\"https:\/\/www.yucatanencorto.com\/noticias\/orquesta-tipica-yukalpeten-celebra-84-anos-de-historia-y-tradicion-musical\/\" \/>\n<meta property=\"og:locale\" content=\"es_ES\" \/>\n<meta property=\"og:type\" content=\"article\" \/>\n<meta property=\"og:title\" content=\"Orquesta T\u00edpica Yukalpet\u00e9n celebra 84 a\u00f1os de historia y tradici\u00f3n musical - Yucat\u00e1n en corto\" \/>\n<meta property=\"og:description\" content=\"M\u00e9rida, Yucat\u00e1n, a 27 de abril de 2026 La noche se llen\u00f3 de memoria y m\u00fasica en la Sala de Conciertos del Palacio de la M\u00fasica, donde la Orquesta T\u00edpica Yukalpet\u00e9n celebr\u00f3 84 a\u00f1os de historia con el concierto \u201cNuestra Orquesta, Nuestra M\u00fasica\u201d, un encuentro que evoc\u00f3 el alma sonora de Yucat\u00e1n y su entra\u00f1able [&hellip;]\" \/>\n<meta property=\"og:url\" content=\"https:\/\/www.yucatanencorto.com\/noticias\/orquesta-tipica-yukalpeten-celebra-84-anos-de-historia-y-tradicion-musical\/\" \/>\n<meta property=\"og:site_name\" content=\"Yucat\u00e1n en corto\" \/>\n<meta property=\"article:publisher\" content=\"http:\/\/www.facebook.com\/yucatanencorto\" \/>\n<meta property=\"article:published_time\" content=\"2026-04-28T00:18:28+00:00\" \/>\n<meta property=\"og:image\" content=\"https:\/\/www.yucatanencorto.com\/noticias\/wp-content\/uploads\/2026\/04\/IMG-20260427-WA0102-scaled.jpg\" \/>\n\t<meta property=\"og:image:width\" content=\"768\" \/>\n\t<meta property=\"og:image:height\" content=\"512\" \/>\n\t<meta property=\"og:image:type\" content=\"image\/jpeg\" \/>\n<meta name=\"author\" content=\"Yucat\u00e1n en Corto\" \/>\n<meta name=\"twitter:card\" content=\"summary_large_image\" \/>\n<meta name=\"twitter:creator\" content=\"@yucatanencorto\" \/>\n<meta name=\"twitter:site\" content=\"@yucatanencorto\" \/>\n<meta name=\"twitter:label1\" content=\"Escrito por\" \/>\n\t<meta name=\"twitter:data1\" content=\"Yucat\u00e1n en Corto\" \/>\n\t<meta name=\"twitter:label2\" content=\"Tiempo de lectura\" \/>\n\t<meta name=\"twitter:data2\" content=\"3 minutos\" \/>\n<script type=\"application\/ld+json\" class=\"yoast-schema-graph\">{\"@context\":\"https:\\\/\\\/schema.org\",\"@graph\":[{\"@type\":\"Article\",\"@id\":\"https:\\\/\\\/www.yucatanencorto.com\\\/noticias\\\/orquesta-tipica-yukalpeten-celebra-84-anos-de-historia-y-tradicion-musical\\\/#article\",\"isPartOf\":{\"@id\":\"https:\\\/\\\/www.yucatanencorto.com\\\/noticias\\\/orquesta-tipica-yukalpeten-celebra-84-anos-de-historia-y-tradicion-musical\\\/\"},\"author\":{\"name\":\"Yucat\u00e1n en Corto\",\"@id\":\"https:\\\/\\\/www.yucatanencorto.com\\\/noticias\\\/#\\\/schema\\\/person\\\/f0ec40c33447bbc0dc2d01d3006de771\"},\"headline\":\"Orquesta T\u00edpica Yukalpet\u00e9n celebra 84 a\u00f1os de historia y tradici\u00f3n musical\",\"datePublished\":\"2026-04-28T00:18:28+00:00\",\"mainEntityOfPage\":{\"@id\":\"https:\\\/\\\/www.yucatanencorto.com\\\/noticias\\\/orquesta-tipica-yukalpeten-celebra-84-anos-de-historia-y-tradicion-musical\\\/\"},\"wordCount\":588,\"image\":{\"@id\":\"https:\\\/\\\/www.yucatanencorto.com\\\/noticias\\\/orquesta-tipica-yukalpeten-celebra-84-anos-de-historia-y-tradicion-musical\\\/#primaryimage\"},\"thumbnailUrl\":\"https:\\\/\\\/www.yucatanencorto.com\\\/noticias\\\/wp-content\\\/uploads\\\/2026\\\/04\\\/IMG-20260427-WA0102-scaled.jpg\",\"articleSection\":[\"Yucat\u00e1n\"],\"inLanguage\":\"es\"},{\"@type\":\"WebPage\",\"@id\":\"https:\\\/\\\/www.yucatanencorto.com\\\/noticias\\\/orquesta-tipica-yukalpeten-celebra-84-anos-de-historia-y-tradicion-musical\\\/\",\"url\":\"https:\\\/\\\/www.yucatanencorto.com\\\/noticias\\\/orquesta-tipica-yukalpeten-celebra-84-anos-de-historia-y-tradicion-musical\\\/\",\"name\":\"Orquesta T\u00edpica Yukalpet\u00e9n celebra 84 a\u00f1os de historia y tradici\u00f3n musical - Yucat\u00e1n en corto\",\"isPartOf\":{\"@id\":\"https:\\\/\\\/www.yucatanencorto.com\\\/noticias\\\/#website\"},\"primaryImageOfPage\":{\"@id\":\"https:\\\/\\\/www.yucatanencorto.com\\\/noticias\\\/orquesta-tipica-yukalpeten-celebra-84-anos-de-historia-y-tradicion-musical\\\/#primaryimage\"},\"image\":{\"@id\":\"https:\\\/\\\/www.yucatanencorto.com\\\/noticias\\\/orquesta-tipica-yukalpeten-celebra-84-anos-de-historia-y-tradicion-musical\\\/#primaryimage\"},\"thumbnailUrl\":\"https:\\\/\\\/www.yucatanencorto.com\\\/noticias\\\/wp-content\\\/uploads\\\/2026\\\/04\\\/IMG-20260427-WA0102-scaled.jpg\",\"datePublished\":\"2026-04-28T00:18:28+00:00\",\"author\":{\"@id\":\"https:\\\/\\\/www.yucatanencorto.com\\\/noticias\\\/#\\\/schema\\\/person\\\/f0ec40c33447bbc0dc2d01d3006de771\"},\"breadcrumb\":{\"@id\":\"https:\\\/\\\/www.yucatanencorto.com\\\/noticias\\\/orquesta-tipica-yukalpeten-celebra-84-anos-de-historia-y-tradicion-musical\\\/#breadcrumb\"},\"inLanguage\":\"es\",\"potentialAction\":[{\"@type\":\"ReadAction\",\"target\":[\"https:\\\/\\\/www.yucatanencorto.com\\\/noticias\\\/orquesta-tipica-yukalpeten-celebra-84-anos-de-historia-y-tradicion-musical\\\/\"]}]},{\"@type\":\"ImageObject\",\"inLanguage\":\"es\",\"@id\":\"https:\\\/\\\/www.yucatanencorto.com\\\/noticias\\\/orquesta-tipica-yukalpeten-celebra-84-anos-de-historia-y-tradicion-musical\\\/#primaryimage\",\"url\":\"https:\\\/\\\/www.yucatanencorto.com\\\/noticias\\\/wp-content\\\/uploads\\\/2026\\\/04\\\/IMG-20260427-WA0102-scaled.jpg\",\"contentUrl\":\"https:\\\/\\\/www.yucatanencorto.com\\\/noticias\\\/wp-content\\\/uploads\\\/2026\\\/04\\\/IMG-20260427-WA0102-scaled.jpg\",\"width\":768,\"height\":512},{\"@type\":\"BreadcrumbList\",\"@id\":\"https:\\\/\\\/www.yucatanencorto.com\\\/noticias\\\/orquesta-tipica-yukalpeten-celebra-84-anos-de-historia-y-tradicion-musical\\\/#breadcrumb\",\"itemListElement\":[{\"@type\":\"ListItem\",\"position\":1,\"name\":\"Portada\",\"item\":\"https:\\\/\\\/www.yucatanencorto.com\\\/noticias\\\/\"},{\"@type\":\"ListItem\",\"position\":2,\"name\":\"Orquesta T\u00edpica Yukalpet\u00e9n celebra 84 a\u00f1os de historia y tradici\u00f3n musical\"}]},{\"@type\":\"WebSite\",\"@id\":\"https:\\\/\\\/www.yucatanencorto.com\\\/noticias\\\/#website\",\"url\":\"https:\\\/\\\/www.yucatanencorto.com\\\/noticias\\\/\",\"name\":\"Yucat\u00e1n en corto\",\"description\":\"Noticias\",\"potentialAction\":[{\"@type\":\"SearchAction\",\"target\":{\"@type\":\"EntryPoint\",\"urlTemplate\":\"https:\\\/\\\/www.yucatanencorto.com\\\/noticias\\\/?s={search_term_string}\"},\"query-input\":{\"@type\":\"PropertyValueSpecification\",\"valueRequired\":true,\"valueName\":\"search_term_string\"}}],\"inLanguage\":\"es\"},{\"@type\":\"Person\",\"@id\":\"https:\\\/\\\/www.yucatanencorto.com\\\/noticias\\\/#\\\/schema\\\/person\\\/f0ec40c33447bbc0dc2d01d3006de771\",\"name\":\"Yucat\u00e1n en Corto\",\"image\":{\"@type\":\"ImageObject\",\"inLanguage\":\"es\",\"@id\":\"https:\\\/\\\/secure.gravatar.com\\\/avatar\\\/20e0a6b626f38fa8e545fb3f80ce566efd790bf8877e65c3a482460cc3e0b5d1?s=96&d=mm&r=g\",\"url\":\"https:\\\/\\\/secure.gravatar.com\\\/avatar\\\/20e0a6b626f38fa8e545fb3f80ce566efd790bf8877e65c3a482460cc3e0b5d1?s=96&d=mm&r=g\",\"contentUrl\":\"https:\\\/\\\/secure.gravatar.com\\\/avatar\\\/20e0a6b626f38fa8e545fb3f80ce566efd790bf8877e65c3a482460cc3e0b5d1?s=96&d=mm&r=g\",\"caption\":\"Yucat\u00e1n en Corto\"},\"url\":\"https:\\\/\\\/www.yucatanencorto.com\\\/noticias\\\/author\\\/editor25\\\/\"}]}<\/script>\n<!-- \/ Yoast SEO plugin. -->","yoast_head_json":{"title":"Orquesta T\u00edpica Yukalpet\u00e9n celebra 84 a\u00f1os de historia y tradici\u00f3n musical - Yucat\u00e1n en corto","robots":{"index":"index","follow":"follow","max-snippet":"max-snippet:-1","max-image-preview":"max-image-preview:large","max-video-preview":"max-video-preview:-1"},"canonical":"https:\/\/www.yucatanencorto.com\/noticias\/orquesta-tipica-yukalpeten-celebra-84-anos-de-historia-y-tradicion-musical\/","og_locale":"es_ES","og_type":"article","og_title":"Orquesta T\u00edpica Yukalpet\u00e9n celebra 84 a\u00f1os de historia y tradici\u00f3n musical - Yucat\u00e1n en corto","og_description":"M\u00e9rida, Yucat\u00e1n, a 27 de abril de 2026 La noche se llen\u00f3 de memoria y m\u00fasica en la Sala de Conciertos del Palacio de la M\u00fasica, donde la Orquesta T\u00edpica Yukalpet\u00e9n celebr\u00f3 84 a\u00f1os de historia con el concierto \u201cNuestra Orquesta, Nuestra M\u00fasica\u201d, un encuentro que evoc\u00f3 el alma sonora de Yucat\u00e1n y su entra\u00f1able [&hellip;]","og_url":"https:\/\/www.yucatanencorto.com\/noticias\/orquesta-tipica-yukalpeten-celebra-84-anos-de-historia-y-tradicion-musical\/","og_site_name":"Yucat\u00e1n en corto","article_publisher":"http:\/\/www.facebook.com\/yucatanencorto","article_published_time":"2026-04-28T00:18:28+00:00","og_image":[{"width":768,"height":512,"url":"https:\/\/www.yucatanencorto.com\/noticias\/wp-content\/uploads\/2026\/04\/IMG-20260427-WA0102-scaled.jpg","type":"image\/jpeg"}],"author":"Yucat\u00e1n en Corto","twitter_card":"summary_large_image","twitter_creator":"@yucatanencorto","twitter_site":"@yucatanencorto","twitter_misc":{"Escrito por":"Yucat\u00e1n en Corto","Tiempo de lectura":"3 minutos"},"schema":{"@context":"https:\/\/schema.org","@graph":[{"@type":"Article","@id":"https:\/\/www.yucatanencorto.com\/noticias\/orquesta-tipica-yukalpeten-celebra-84-anos-de-historia-y-tradicion-musical\/#article","isPartOf":{"@id":"https:\/\/www.yucatanencorto.com\/noticias\/orquesta-tipica-yukalpeten-celebra-84-anos-de-historia-y-tradicion-musical\/"},"author":{"name":"Yucat\u00e1n en Corto","@id":"https:\/\/www.yucatanencorto.com\/noticias\/#\/schema\/person\/f0ec40c33447bbc0dc2d01d3006de771"},"headline":"Orquesta T\u00edpica Yukalpet\u00e9n celebra 84 a\u00f1os de historia y tradici\u00f3n musical","datePublished":"2026-04-28T00:18:28+00:00","mainEntityOfPage":{"@id":"https:\/\/www.yucatanencorto.com\/noticias\/orquesta-tipica-yukalpeten-celebra-84-anos-de-historia-y-tradicion-musical\/"},"wordCount":588,"image":{"@id":"https:\/\/www.yucatanencorto.com\/noticias\/orquesta-tipica-yukalpeten-celebra-84-anos-de-historia-y-tradicion-musical\/#primaryimage"},"thumbnailUrl":"https:\/\/www.yucatanencorto.com\/noticias\/wp-content\/uploads\/2026\/04\/IMG-20260427-WA0102-scaled.jpg","articleSection":["Yucat\u00e1n"],"inLanguage":"es"},{"@type":"WebPage","@id":"https:\/\/www.yucatanencorto.com\/noticias\/orquesta-tipica-yukalpeten-celebra-84-anos-de-historia-y-tradicion-musical\/","url":"https:\/\/www.yucatanencorto.com\/noticias\/orquesta-tipica-yukalpeten-celebra-84-anos-de-historia-y-tradicion-musical\/","name":"Orquesta T\u00edpica Yukalpet\u00e9n celebra 84 a\u00f1os de historia y tradici\u00f3n musical - Yucat\u00e1n en corto","isPartOf":{"@id":"https:\/\/www.yucatanencorto.com\/noticias\/#website"},"primaryImageOfPage":{"@id":"https:\/\/www.yucatanencorto.com\/noticias\/orquesta-tipica-yukalpeten-celebra-84-anos-de-historia-y-tradicion-musical\/#primaryimage"},"image":{"@id":"https:\/\/www.yucatanencorto.com\/noticias\/orquesta-tipica-yukalpeten-celebra-84-anos-de-historia-y-tradicion-musical\/#primaryimage"},"thumbnailUrl":"https:\/\/www.yucatanencorto.com\/noticias\/wp-content\/uploads\/2026\/04\/IMG-20260427-WA0102-scaled.jpg","datePublished":"2026-04-28T00:18:28+00:00","author":{"@id":"https:\/\/www.yucatanencorto.com\/noticias\/#\/schema\/person\/f0ec40c33447bbc0dc2d01d3006de771"},"breadcrumb":{"@id":"https:\/\/www.yucatanencorto.com\/noticias\/orquesta-tipica-yukalpeten-celebra-84-anos-de-historia-y-tradicion-musical\/#breadcrumb"},"inLanguage":"es","potentialAction":[{"@type":"ReadAction","target":["https:\/\/www.yucatanencorto.com\/noticias\/orquesta-tipica-yukalpeten-celebra-84-anos-de-historia-y-tradicion-musical\/"]}]},{"@type":"ImageObject","inLanguage":"es","@id":"https:\/\/www.yucatanencorto.com\/noticias\/orquesta-tipica-yukalpeten-celebra-84-anos-de-historia-y-tradicion-musical\/#primaryimage","url":"https:\/\/www.yucatanencorto.com\/noticias\/wp-content\/uploads\/2026\/04\/IMG-20260427-WA0102-scaled.jpg","contentUrl":"https:\/\/www.yucatanencorto.com\/noticias\/wp-content\/uploads\/2026\/04\/IMG-20260427-WA0102-scaled.jpg","width":768,"height":512},{"@type":"BreadcrumbList","@id":"https:\/\/www.yucatanencorto.com\/noticias\/orquesta-tipica-yukalpeten-celebra-84-anos-de-historia-y-tradicion-musical\/#breadcrumb","itemListElement":[{"@type":"ListItem","position":1,"name":"Portada","item":"https:\/\/www.yucatanencorto.com\/noticias\/"},{"@type":"ListItem","position":2,"name":"Orquesta T\u00edpica Yukalpet\u00e9n celebra 84 a\u00f1os de historia y tradici\u00f3n musical"}]},{"@type":"WebSite","@id":"https:\/\/www.yucatanencorto.com\/noticias\/#website","url":"https:\/\/www.yucatanencorto.com\/noticias\/","name":"Yucat\u00e1n en corto","description":"Noticias","potentialAction":[{"@type":"SearchAction","target":{"@type":"EntryPoint","urlTemplate":"https:\/\/www.yucatanencorto.com\/noticias\/?s={search_term_string}"},"query-input":{"@type":"PropertyValueSpecification","valueRequired":true,"valueName":"search_term_string"}}],"inLanguage":"es"},{"@type":"Person","@id":"https:\/\/www.yucatanencorto.com\/noticias\/#\/schema\/person\/f0ec40c33447bbc0dc2d01d3006de771","name":"Yucat\u00e1n en Corto","image":{"@type":"ImageObject","inLanguage":"es","@id":"https:\/\/secure.gravatar.com\/avatar\/20e0a6b626f38fa8e545fb3f80ce566efd790bf8877e65c3a482460cc3e0b5d1?s=96&d=mm&r=g","url":"https:\/\/secure.gravatar.com\/avatar\/20e0a6b626f38fa8e545fb3f80ce566efd790bf8877e65c3a482460cc3e0b5d1?s=96&d=mm&r=g","contentUrl":"https:\/\/secure.gravatar.com\/avatar\/20e0a6b626f38fa8e545fb3f80ce566efd790bf8877e65c3a482460cc3e0b5d1?s=96&d=mm&r=g","caption":"Yucat\u00e1n en Corto"},"url":"https:\/\/www.yucatanencorto.com\/noticias\/author\/editor25\/"}]}},"_links":{"self":[{"href":"https:\/\/www.yucatanencorto.com\/noticias\/wp-json\/wp\/v2\/posts\/116972","targetHints":{"allow":["GET"]}}],"collection":[{"href":"https:\/\/www.yucatanencorto.com\/noticias\/wp-json\/wp\/v2\/posts"}],"about":[{"href":"https:\/\/www.yucatanencorto.com\/noticias\/wp-json\/wp\/v2\/types\/post"}],"author":[{"embeddable":true,"href":"https:\/\/www.yucatanencorto.com\/noticias\/wp-json\/wp\/v2\/users\/4"}],"replies":[{"embeddable":true,"href":"https:\/\/www.yucatanencorto.com\/noticias\/wp-json\/wp\/v2\/comments?post=116972"}],"version-history":[{"count":1,"href":"https:\/\/www.yucatanencorto.com\/noticias\/wp-json\/wp\/v2\/posts\/116972\/revisions"}],"predecessor-version":[{"id":116974,"href":"https:\/\/www.yucatanencorto.com\/noticias\/wp-json\/wp\/v2\/posts\/116972\/revisions\/116974"}],"wp:featuredmedia":[{"embeddable":true,"href":"https:\/\/www.yucatanencorto.com\/noticias\/wp-json\/wp\/v2\/media\/116973"}],"wp:attachment":[{"href":"https:\/\/www.yucatanencorto.com\/noticias\/wp-json\/wp\/v2\/media?parent=116972"}],"wp:term":[{"taxonomy":"category","embeddable":true,"href":"https:\/\/www.yucatanencorto.com\/noticias\/wp-json\/wp\/v2\/categories?post=116972"},{"taxonomy":"post_tag","embeddable":true,"href":"https:\/\/www.yucatanencorto.com\/noticias\/wp-json\/wp\/v2\/tags?post=116972"}],"curies":[{"name":"wp","href":"https:\/\/api.w.org\/{rel}","templated":true}]}}