{"id":116977,"date":"2026-04-28T13:58:32","date_gmt":"2026-04-28T19:58:32","guid":{"rendered":"https:\/\/www.yucatanencorto.com\/noticias\/?p=116977"},"modified":"2026-04-28T13:58:32","modified_gmt":"2026-04-28T19:58:32","slug":"yucatan-brilla-desde-acapulco-en-el-tianguis-turistico-mexico-2026","status":"publish","type":"post","link":"https:\/\/www.yucatanencorto.com\/noticias\/yucatan-brilla-desde-acapulco-en-el-tianguis-turistico-mexico-2026\/","title":{"rendered":"Yucat\u00e1n brilla desde Acapulco en el Tianguis Tur\u00edstico M\u00e9xico 2026"},"content":{"rendered":"<p><img loading=\"lazy\" decoding=\"async\" class=\"alignnone size-full wp-image-116978\" src=\"https:\/\/www.yucatanencorto.com\/noticias\/wp-content\/uploads\/2026\/04\/IMG-20260428-WA0024-scaled.jpg\" alt=\"\" width=\"768\" height=\"512\" srcset=\"https:\/\/www.yucatanencorto.com\/noticias\/wp-content\/uploads\/2026\/04\/IMG-20260428-WA0024-scaled.jpg 768w, https:\/\/www.yucatanencorto.com\/noticias\/wp-content\/uploads\/2026\/04\/IMG-20260428-WA0024-1536x1024.jpg 1536w, https:\/\/www.yucatanencorto.com\/noticias\/wp-content\/uploads\/2026\/04\/IMG-20260428-WA0024-2048x1365.jpg 2048w, https:\/\/www.yucatanencorto.com\/noticias\/wp-content\/uploads\/2026\/04\/IMG-20260428-WA0024-150x100.jpg 150w, https:\/\/www.yucatanencorto.com\/noticias\/wp-content\/uploads\/2026\/04\/IMG-20260428-WA0024-300x200.jpg 300w, https:\/\/www.yucatanencorto.com\/noticias\/wp-content\/uploads\/2026\/04\/IMG-20260428-WA0024-696x464.jpg 696w, https:\/\/www.yucatanencorto.com\/noticias\/wp-content\/uploads\/2026\/04\/IMG-20260428-WA0024-1068x712.jpg 1068w, https:\/\/www.yucatanencorto.com\/noticias\/wp-content\/uploads\/2026\/04\/IMG-20260428-WA0024-1920x1280.jpg 1920w\" sizes=\"auto, (max-width: 768px) 100vw, 768px\" \/><\/p>\n<p>Acapulco, Guerrero, a 28 de abril de 2026<\/p>\n<p>Yucat\u00e1n inici\u00f3 con fuerza su participaci\u00f3n en la edici\u00f3n n\u00famero 50 del Tianguis Tur\u00edstico M\u00e9xico 2026, que se celebra en Acapulco, donde consolida su presencia como uno de los destinos m\u00e1s atractivos del pa\u00eds mediante una intensa agenda de promoci\u00f3n, encuentros de negocios y presentaci\u00f3n de experiencias tur\u00edsticas.<\/p>\n<p>&nbsp;<\/p>\n<p>El pabell\u00f3n de Yucat\u00e1n fue inaugurado por la secretaria de Turismo del Gobierno de M\u00e9xico, Josefina Rodr\u00edguez Zamora; la Gobernadora de Guerrero, Evelyn Salgado Pineda, y el secretario de Fomento Tur\u00edstico de Yucat\u00e1n, Dar\u00edo Flota Ocampo, en representaci\u00f3n del Gobernador Joaqu\u00edn D\u00edaz Mena. Posteriormente, se realiz\u00f3 un corte de list\u00f3n con las y los expositores yucatecos.<\/p>\n<p>&nbsp;<\/p>\n<p>Durante este importante escaparate tur\u00edstico, la entidad desarrollar\u00e1 m\u00e1s de mil citas de negocios, adem\u00e1s de presentaciones de destino, promoci\u00f3n de experiencias de turismo comunitario y participaci\u00f3n en reuniones estrat\u00e9gicas que buscan fortalecer el desarrollo tur\u00edstico del estado.<\/p>\n<p>&nbsp;<\/p>\n<p>La delegaci\u00f3n yucateca est\u00e1 integrada por 48 expositores que representan la amplia y diversa oferta tur\u00edstica del estado, desde empresas privadas hasta organizaciones del sector, lo que permite proyectar una imagen integral y competitiva ante compradores nacionales e internacionales.<\/p>\n<p>&nbsp;<\/p>\n<p>En total, cerca de 100 personas participan en la atenci\u00f3n a agencias de viajes, turoperadores, aerol\u00edneas, instituciones y empresas interesadas en Yucat\u00e1n, lo que refuerza la capacidad de vinculaci\u00f3n y generaci\u00f3n de oportunidades comerciales.<\/p>\n<p>&nbsp;<\/p>\n<p>Entre los participantes destacan organismos como la Asociaci\u00f3n Mexicana de Hoteles de Yucat\u00e1n (AMHY), la Asociaci\u00f3n de Agencias Promotoras de Turismo de Yucat\u00e1n (Aaprotuy), el Consejo Empresarial Tur\u00edstico de Yucat\u00e1n (Cetur) y la Asociaci\u00f3n de Hoteles y Hostales de Valladolid, como muestra del trabajo coordinado entre iniciativa privada y autoridades.<\/p>\n<p>&nbsp;<\/p>\n<p>La participaci\u00f3n del Gobierno del Estado es coordinada por la Secretar\u00eda de Fomento Tur\u00edstico (Sefotur), con el respaldo del Fideicomiso P\u00fablico para el Desarrollo del Turismo de Reuniones (Fideture) y la presencia del hotel Costa Club del Instituto de Seguridad Social de los Trabajadores del Estado de Yucat\u00e1n (Isstey).<\/p>\n<p>&nbsp;<\/p>\n<p>Asimismo, las comitivas de los Pueblos M\u00e1gicos de Valladolid y Motul promueven su riqueza cultural, gastron\u00f3mica y patrimonial, mientras que los municipios de M\u00e9rida y Tizim\u00edn presentan sus principales atractivos tur\u00edsticos y experiencias para visitantes.<\/p>\n<p>&nbsp;<\/p>\n<p>Como parte de su agenda, Yucat\u00e1n tambi\u00e9n impulsa el turismo comunitario a trav\u00e9s de iniciativas como Caminos del Mayab, el Parador Tur\u00edstico Yaxunah y la Uni\u00f3n de Sociedades Cooperativas Co\u2019ox Mayab.<\/p>\n<p>&nbsp;<\/p>\n<p>Adem\u00e1s, durante el evento, el estado recibir\u00e1 reconocimientos por el desarrollo de sus productos tur\u00edsticos y participar\u00e1 en los Premios Lo Mejor de M\u00e9xico, donde cuenta con seis nominaciones.<\/p>\n<p>&nbsp;<\/p>\n<p>&nbsp;<\/p>\n","protected":false},"excerpt":{"rendered":"<p>Acapulco, Guerrero, a 28 de abril de 2026 Yucat\u00e1n inici\u00f3 con fuerza su participaci\u00f3n en la edici\u00f3n n\u00famero 50 del Tianguis Tur\u00edstico M\u00e9xico 2026, que se celebra en Acapulco, donde consolida su presencia como uno de los destinos m\u00e1s atractivos del pa\u00eds mediante una intensa agenda de promoci\u00f3n, encuentros de negocios y presentaci\u00f3n de experiencias [&hellip;]<\/p>\n","protected":false},"author":4,"featured_media":116978,"comment_status":"closed","ping_status":"closed","sticky":false,"template":"","format":"standard","meta":{"footnotes":""},"categories":[3],"tags":[],"class_list":{"0":"post-116977","1":"post","2":"type-post","3":"status-publish","4":"format-standard","5":"has-post-thumbnail","7":"category-yucatan"},"yoast_head":"<!-- This site is optimized with the Yoast SEO plugin v27.4 - https:\/\/yoast.com\/product\/yoast-seo-wordpress\/ -->\n<title>Yucat\u00e1n brilla desde Acapulco en el Tianguis Tur\u00edstico M\u00e9xico 2026 - Yucat\u00e1n en corto<\/title>\n<meta name=\"robots\" content=\"index, follow, max-snippet:-1, max-image-preview:large, max-video-preview:-1\" \/>\n<link rel=\"canonical\" href=\"https:\/\/www.yucatanencorto.com\/noticias\/yucatan-brilla-desde-acapulco-en-el-tianguis-turistico-mexico-2026\/\" \/>\n<meta property=\"og:locale\" content=\"es_ES\" \/>\n<meta property=\"og:type\" content=\"article\" \/>\n<meta property=\"og:title\" content=\"Yucat\u00e1n brilla desde Acapulco en el Tianguis Tur\u00edstico M\u00e9xico 2026 - Yucat\u00e1n en corto\" \/>\n<meta property=\"og:description\" content=\"Acapulco, Guerrero, a 28 de abril de 2026 Yucat\u00e1n inici\u00f3 con fuerza su participaci\u00f3n en la edici\u00f3n n\u00famero 50 del Tianguis Tur\u00edstico M\u00e9xico 2026, que se celebra en Acapulco, donde consolida su presencia como uno de los destinos m\u00e1s atractivos del pa\u00eds mediante una intensa agenda de promoci\u00f3n, encuentros de negocios y presentaci\u00f3n de experiencias [&hellip;]\" \/>\n<meta property=\"og:url\" content=\"https:\/\/www.yucatanencorto.com\/noticias\/yucatan-brilla-desde-acapulco-en-el-tianguis-turistico-mexico-2026\/\" \/>\n<meta property=\"og:site_name\" content=\"Yucat\u00e1n en corto\" \/>\n<meta property=\"article:publisher\" content=\"http:\/\/www.facebook.com\/yucatanencorto\" \/>\n<meta property=\"article:published_time\" content=\"2026-04-28T19:58:32+00:00\" \/>\n<meta property=\"og:image\" content=\"https:\/\/www.yucatanencorto.com\/noticias\/wp-content\/uploads\/2026\/04\/IMG-20260428-WA0024-scaled.jpg\" \/>\n\t<meta property=\"og:image:width\" content=\"768\" \/>\n\t<meta property=\"og:image:height\" content=\"512\" \/>\n\t<meta property=\"og:image:type\" content=\"image\/jpeg\" \/>\n<meta name=\"author\" content=\"Yucat\u00e1n en Corto\" \/>\n<meta name=\"twitter:card\" content=\"summary_large_image\" \/>\n<meta name=\"twitter:creator\" content=\"@yucatanencorto\" \/>\n<meta name=\"twitter:site\" content=\"@yucatanencorto\" \/>\n<meta name=\"twitter:label1\" content=\"Escrito por\" \/>\n\t<meta name=\"twitter:data1\" content=\"Yucat\u00e1n en Corto\" \/>\n\t<meta name=\"twitter:label2\" content=\"Tiempo de lectura\" \/>\n\t<meta name=\"twitter:data2\" content=\"3 minutos\" \/>\n<script type=\"application\/ld+json\" class=\"yoast-schema-graph\">{\"@context\":\"https:\\\/\\\/schema.org\",\"@graph\":[{\"@type\":\"Article\",\"@id\":\"https:\\\/\\\/www.yucatanencorto.com\\\/noticias\\\/yucatan-brilla-desde-acapulco-en-el-tianguis-turistico-mexico-2026\\\/#article\",\"isPartOf\":{\"@id\":\"https:\\\/\\\/www.yucatanencorto.com\\\/noticias\\\/yucatan-brilla-desde-acapulco-en-el-tianguis-turistico-mexico-2026\\\/\"},\"author\":{\"name\":\"Yucat\u00e1n en Corto\",\"@id\":\"https:\\\/\\\/www.yucatanencorto.com\\\/noticias\\\/#\\\/schema\\\/person\\\/f0ec40c33447bbc0dc2d01d3006de771\"},\"headline\":\"Yucat\u00e1n brilla desde Acapulco en el Tianguis Tur\u00edstico M\u00e9xico 2026\",\"datePublished\":\"2026-04-28T19:58:32+00:00\",\"mainEntityOfPage\":{\"@id\":\"https:\\\/\\\/www.yucatanencorto.com\\\/noticias\\\/yucatan-brilla-desde-acapulco-en-el-tianguis-turistico-mexico-2026\\\/\"},\"wordCount\":496,\"image\":{\"@id\":\"https:\\\/\\\/www.yucatanencorto.com\\\/noticias\\\/yucatan-brilla-desde-acapulco-en-el-tianguis-turistico-mexico-2026\\\/#primaryimage\"},\"thumbnailUrl\":\"https:\\\/\\\/www.yucatanencorto.com\\\/noticias\\\/wp-content\\\/uploads\\\/2026\\\/04\\\/IMG-20260428-WA0024-scaled.jpg\",\"articleSection\":[\"Yucat\u00e1n\"],\"inLanguage\":\"es\"},{\"@type\":\"WebPage\",\"@id\":\"https:\\\/\\\/www.yucatanencorto.com\\\/noticias\\\/yucatan-brilla-desde-acapulco-en-el-tianguis-turistico-mexico-2026\\\/\",\"url\":\"https:\\\/\\\/www.yucatanencorto.com\\\/noticias\\\/yucatan-brilla-desde-acapulco-en-el-tianguis-turistico-mexico-2026\\\/\",\"name\":\"Yucat\u00e1n brilla desde Acapulco en el Tianguis Tur\u00edstico M\u00e9xico 2026 - Yucat\u00e1n en corto\",\"isPartOf\":{\"@id\":\"https:\\\/\\\/www.yucatanencorto.com\\\/noticias\\\/#website\"},\"primaryImageOfPage\":{\"@id\":\"https:\\\/\\\/www.yucatanencorto.com\\\/noticias\\\/yucatan-brilla-desde-acapulco-en-el-tianguis-turistico-mexico-2026\\\/#primaryimage\"},\"image\":{\"@id\":\"https:\\\/\\\/www.yucatanencorto.com\\\/noticias\\\/yucatan-brilla-desde-acapulco-en-el-tianguis-turistico-mexico-2026\\\/#primaryimage\"},\"thumbnailUrl\":\"https:\\\/\\\/www.yucatanencorto.com\\\/noticias\\\/wp-content\\\/uploads\\\/2026\\\/04\\\/IMG-20260428-WA0024-scaled.jpg\",\"datePublished\":\"2026-04-28T19:58:32+00:00\",\"author\":{\"@id\":\"https:\\\/\\\/www.yucatanencorto.com\\\/noticias\\\/#\\\/schema\\\/person\\\/f0ec40c33447bbc0dc2d01d3006de771\"},\"breadcrumb\":{\"@id\":\"https:\\\/\\\/www.yucatanencorto.com\\\/noticias\\\/yucatan-brilla-desde-acapulco-en-el-tianguis-turistico-mexico-2026\\\/#breadcrumb\"},\"inLanguage\":\"es\",\"potentialAction\":[{\"@type\":\"ReadAction\",\"target\":[\"https:\\\/\\\/www.yucatanencorto.com\\\/noticias\\\/yucatan-brilla-desde-acapulco-en-el-tianguis-turistico-mexico-2026\\\/\"]}]},{\"@type\":\"ImageObject\",\"inLanguage\":\"es\",\"@id\":\"https:\\\/\\\/www.yucatanencorto.com\\\/noticias\\\/yucatan-brilla-desde-acapulco-en-el-tianguis-turistico-mexico-2026\\\/#primaryimage\",\"url\":\"https:\\\/\\\/www.yucatanencorto.com\\\/noticias\\\/wp-content\\\/uploads\\\/2026\\\/04\\\/IMG-20260428-WA0024-scaled.jpg\",\"contentUrl\":\"https:\\\/\\\/www.yucatanencorto.com\\\/noticias\\\/wp-content\\\/uploads\\\/2026\\\/04\\\/IMG-20260428-WA0024-scaled.jpg\",\"width\":768,\"height\":512},{\"@type\":\"BreadcrumbList\",\"@id\":\"https:\\\/\\\/www.yucatanencorto.com\\\/noticias\\\/yucatan-brilla-desde-acapulco-en-el-tianguis-turistico-mexico-2026\\\/#breadcrumb\",\"itemListElement\":[{\"@type\":\"ListItem\",\"position\":1,\"name\":\"Portada\",\"item\":\"https:\\\/\\\/www.yucatanencorto.com\\\/noticias\\\/\"},{\"@type\":\"ListItem\",\"position\":2,\"name\":\"Yucat\u00e1n brilla desde Acapulco en el Tianguis Tur\u00edstico M\u00e9xico 2026\"}]},{\"@type\":\"WebSite\",\"@id\":\"https:\\\/\\\/www.yucatanencorto.com\\\/noticias\\\/#website\",\"url\":\"https:\\\/\\\/www.yucatanencorto.com\\\/noticias\\\/\",\"name\":\"Yucat\u00e1n en corto\",\"description\":\"Noticias\",\"potentialAction\":[{\"@type\":\"SearchAction\",\"target\":{\"@type\":\"EntryPoint\",\"urlTemplate\":\"https:\\\/\\\/www.yucatanencorto.com\\\/noticias\\\/?s={search_term_string}\"},\"query-input\":{\"@type\":\"PropertyValueSpecification\",\"valueRequired\":true,\"valueName\":\"search_term_string\"}}],\"inLanguage\":\"es\"},{\"@type\":\"Person\",\"@id\":\"https:\\\/\\\/www.yucatanencorto.com\\\/noticias\\\/#\\\/schema\\\/person\\\/f0ec40c33447bbc0dc2d01d3006de771\",\"name\":\"Yucat\u00e1n en Corto\",\"image\":{\"@type\":\"ImageObject\",\"inLanguage\":\"es\",\"@id\":\"https:\\\/\\\/secure.gravatar.com\\\/avatar\\\/20e0a6b626f38fa8e545fb3f80ce566efd790bf8877e65c3a482460cc3e0b5d1?s=96&d=mm&r=g\",\"url\":\"https:\\\/\\\/secure.gravatar.com\\\/avatar\\\/20e0a6b626f38fa8e545fb3f80ce566efd790bf8877e65c3a482460cc3e0b5d1?s=96&d=mm&r=g\",\"contentUrl\":\"https:\\\/\\\/secure.gravatar.com\\\/avatar\\\/20e0a6b626f38fa8e545fb3f80ce566efd790bf8877e65c3a482460cc3e0b5d1?s=96&d=mm&r=g\",\"caption\":\"Yucat\u00e1n en Corto\"},\"url\":\"https:\\\/\\\/www.yucatanencorto.com\\\/noticias\\\/author\\\/editor25\\\/\"}]}<\/script>\n<!-- \/ Yoast SEO plugin. -->","yoast_head_json":{"title":"Yucat\u00e1n brilla desde Acapulco en el Tianguis Tur\u00edstico M\u00e9xico 2026 - Yucat\u00e1n en corto","robots":{"index":"index","follow":"follow","max-snippet":"max-snippet:-1","max-image-preview":"max-image-preview:large","max-video-preview":"max-video-preview:-1"},"canonical":"https:\/\/www.yucatanencorto.com\/noticias\/yucatan-brilla-desde-acapulco-en-el-tianguis-turistico-mexico-2026\/","og_locale":"es_ES","og_type":"article","og_title":"Yucat\u00e1n brilla desde Acapulco en el Tianguis Tur\u00edstico M\u00e9xico 2026 - Yucat\u00e1n en corto","og_description":"Acapulco, Guerrero, a 28 de abril de 2026 Yucat\u00e1n inici\u00f3 con fuerza su participaci\u00f3n en la edici\u00f3n n\u00famero 50 del Tianguis Tur\u00edstico M\u00e9xico 2026, que se celebra en Acapulco, donde consolida su presencia como uno de los destinos m\u00e1s atractivos del pa\u00eds mediante una intensa agenda de promoci\u00f3n, encuentros de negocios y presentaci\u00f3n de experiencias [&hellip;]","og_url":"https:\/\/www.yucatanencorto.com\/noticias\/yucatan-brilla-desde-acapulco-en-el-tianguis-turistico-mexico-2026\/","og_site_name":"Yucat\u00e1n en corto","article_publisher":"http:\/\/www.facebook.com\/yucatanencorto","article_published_time":"2026-04-28T19:58:32+00:00","og_image":[{"width":768,"height":512,"url":"https:\/\/www.yucatanencorto.com\/noticias\/wp-content\/uploads\/2026\/04\/IMG-20260428-WA0024-scaled.jpg","type":"image\/jpeg"}],"author":"Yucat\u00e1n en Corto","twitter_card":"summary_large_image","twitter_creator":"@yucatanencorto","twitter_site":"@yucatanencorto","twitter_misc":{"Escrito por":"Yucat\u00e1n en Corto","Tiempo de lectura":"3 minutos"},"schema":{"@context":"https:\/\/schema.org","@graph":[{"@type":"Article","@id":"https:\/\/www.yucatanencorto.com\/noticias\/yucatan-brilla-desde-acapulco-en-el-tianguis-turistico-mexico-2026\/#article","isPartOf":{"@id":"https:\/\/www.yucatanencorto.com\/noticias\/yucatan-brilla-desde-acapulco-en-el-tianguis-turistico-mexico-2026\/"},"author":{"name":"Yucat\u00e1n en Corto","@id":"https:\/\/www.yucatanencorto.com\/noticias\/#\/schema\/person\/f0ec40c33447bbc0dc2d01d3006de771"},"headline":"Yucat\u00e1n brilla desde Acapulco en el Tianguis Tur\u00edstico M\u00e9xico 2026","datePublished":"2026-04-28T19:58:32+00:00","mainEntityOfPage":{"@id":"https:\/\/www.yucatanencorto.com\/noticias\/yucatan-brilla-desde-acapulco-en-el-tianguis-turistico-mexico-2026\/"},"wordCount":496,"image":{"@id":"https:\/\/www.yucatanencorto.com\/noticias\/yucatan-brilla-desde-acapulco-en-el-tianguis-turistico-mexico-2026\/#primaryimage"},"thumbnailUrl":"https:\/\/www.yucatanencorto.com\/noticias\/wp-content\/uploads\/2026\/04\/IMG-20260428-WA0024-scaled.jpg","articleSection":["Yucat\u00e1n"],"inLanguage":"es"},{"@type":"WebPage","@id":"https:\/\/www.yucatanencorto.com\/noticias\/yucatan-brilla-desde-acapulco-en-el-tianguis-turistico-mexico-2026\/","url":"https:\/\/www.yucatanencorto.com\/noticias\/yucatan-brilla-desde-acapulco-en-el-tianguis-turistico-mexico-2026\/","name":"Yucat\u00e1n brilla desde Acapulco en el Tianguis Tur\u00edstico M\u00e9xico 2026 - Yucat\u00e1n en corto","isPartOf":{"@id":"https:\/\/www.yucatanencorto.com\/noticias\/#website"},"primaryImageOfPage":{"@id":"https:\/\/www.yucatanencorto.com\/noticias\/yucatan-brilla-desde-acapulco-en-el-tianguis-turistico-mexico-2026\/#primaryimage"},"image":{"@id":"https:\/\/www.yucatanencorto.com\/noticias\/yucatan-brilla-desde-acapulco-en-el-tianguis-turistico-mexico-2026\/#primaryimage"},"thumbnailUrl":"https:\/\/www.yucatanencorto.com\/noticias\/wp-content\/uploads\/2026\/04\/IMG-20260428-WA0024-scaled.jpg","datePublished":"2026-04-28T19:58:32+00:00","author":{"@id":"https:\/\/www.yucatanencorto.com\/noticias\/#\/schema\/person\/f0ec40c33447bbc0dc2d01d3006de771"},"breadcrumb":{"@id":"https:\/\/www.yucatanencorto.com\/noticias\/yucatan-brilla-desde-acapulco-en-el-tianguis-turistico-mexico-2026\/#breadcrumb"},"inLanguage":"es","potentialAction":[{"@type":"ReadAction","target":["https:\/\/www.yucatanencorto.com\/noticias\/yucatan-brilla-desde-acapulco-en-el-tianguis-turistico-mexico-2026\/"]}]},{"@type":"ImageObject","inLanguage":"es","@id":"https:\/\/www.yucatanencorto.com\/noticias\/yucatan-brilla-desde-acapulco-en-el-tianguis-turistico-mexico-2026\/#primaryimage","url":"https:\/\/www.yucatanencorto.com\/noticias\/wp-content\/uploads\/2026\/04\/IMG-20260428-WA0024-scaled.jpg","contentUrl":"https:\/\/www.yucatanencorto.com\/noticias\/wp-content\/uploads\/2026\/04\/IMG-20260428-WA0024-scaled.jpg","width":768,"height":512},{"@type":"BreadcrumbList","@id":"https:\/\/www.yucatanencorto.com\/noticias\/yucatan-brilla-desde-acapulco-en-el-tianguis-turistico-mexico-2026\/#breadcrumb","itemListElement":[{"@type":"ListItem","position":1,"name":"Portada","item":"https:\/\/www.yucatanencorto.com\/noticias\/"},{"@type":"ListItem","position":2,"name":"Yucat\u00e1n brilla desde Acapulco en el Tianguis Tur\u00edstico M\u00e9xico 2026"}]},{"@type":"WebSite","@id":"https:\/\/www.yucatanencorto.com\/noticias\/#website","url":"https:\/\/www.yucatanencorto.com\/noticias\/","name":"Yucat\u00e1n en corto","description":"Noticias","potentialAction":[{"@type":"SearchAction","target":{"@type":"EntryPoint","urlTemplate":"https:\/\/www.yucatanencorto.com\/noticias\/?s={search_term_string}"},"query-input":{"@type":"PropertyValueSpecification","valueRequired":true,"valueName":"search_term_string"}}],"inLanguage":"es"},{"@type":"Person","@id":"https:\/\/www.yucatanencorto.com\/noticias\/#\/schema\/person\/f0ec40c33447bbc0dc2d01d3006de771","name":"Yucat\u00e1n en Corto","image":{"@type":"ImageObject","inLanguage":"es","@id":"https:\/\/secure.gravatar.com\/avatar\/20e0a6b626f38fa8e545fb3f80ce566efd790bf8877e65c3a482460cc3e0b5d1?s=96&d=mm&r=g","url":"https:\/\/secure.gravatar.com\/avatar\/20e0a6b626f38fa8e545fb3f80ce566efd790bf8877e65c3a482460cc3e0b5d1?s=96&d=mm&r=g","contentUrl":"https:\/\/secure.gravatar.com\/avatar\/20e0a6b626f38fa8e545fb3f80ce566efd790bf8877e65c3a482460cc3e0b5d1?s=96&d=mm&r=g","caption":"Yucat\u00e1n en Corto"},"url":"https:\/\/www.yucatanencorto.com\/noticias\/author\/editor25\/"}]}},"_links":{"self":[{"href":"https:\/\/www.yucatanencorto.com\/noticias\/wp-json\/wp\/v2\/posts\/116977","targetHints":{"allow":["GET"]}}],"collection":[{"href":"https:\/\/www.yucatanencorto.com\/noticias\/wp-json\/wp\/v2\/posts"}],"about":[{"href":"https:\/\/www.yucatanencorto.com\/noticias\/wp-json\/wp\/v2\/types\/post"}],"author":[{"embeddable":true,"href":"https:\/\/www.yucatanencorto.com\/noticias\/wp-json\/wp\/v2\/users\/4"}],"replies":[{"embeddable":true,"href":"https:\/\/www.yucatanencorto.com\/noticias\/wp-json\/wp\/v2\/comments?post=116977"}],"version-history":[{"count":1,"href":"https:\/\/www.yucatanencorto.com\/noticias\/wp-json\/wp\/v2\/posts\/116977\/revisions"}],"predecessor-version":[{"id":116979,"href":"https:\/\/www.yucatanencorto.com\/noticias\/wp-json\/wp\/v2\/posts\/116977\/revisions\/116979"}],"wp:featuredmedia":[{"embeddable":true,"href":"https:\/\/www.yucatanencorto.com\/noticias\/wp-json\/wp\/v2\/media\/116978"}],"wp:attachment":[{"href":"https:\/\/www.yucatanencorto.com\/noticias\/wp-json\/wp\/v2\/media?parent=116977"}],"wp:term":[{"taxonomy":"category","embeddable":true,"href":"https:\/\/www.yucatanencorto.com\/noticias\/wp-json\/wp\/v2\/categories?post=116977"},{"taxonomy":"post_tag","embeddable":true,"href":"https:\/\/www.yucatanencorto.com\/noticias\/wp-json\/wp\/v2\/tags?post=116977"}],"curies":[{"name":"wp","href":"https:\/\/api.w.org\/{rel}","templated":true}]}}