{"id":116981,"date":"2026-04-28T15:16:04","date_gmt":"2026-04-28T21:16:04","guid":{"rendered":"https:\/\/www.yucatanencorto.com\/noticias\/?p=116981"},"modified":"2026-04-28T15:16:04","modified_gmt":"2026-04-28T21:16:04","slug":"auxiliares-auditivos-devuelven-la-oportunidad-de-escuchar-a-mas-de-100-yucatecas-y-yucatecos","status":"publish","type":"post","link":"https:\/\/www.yucatanencorto.com\/noticias\/auxiliares-auditivos-devuelven-la-oportunidad-de-escuchar-a-mas-de-100-yucatecas-y-yucatecos\/","title":{"rendered":"Auxiliares auditivos devuelven la oportunidad de escuchar a m\u00e1s de 100 yucatecas y yucatecos"},"content":{"rendered":"<p><img loading=\"lazy\" decoding=\"async\" class=\"alignnone size-full wp-image-116982\" src=\"https:\/\/www.yucatanencorto.com\/noticias\/wp-content\/uploads\/2026\/04\/IMG-20260428-WA0042-scaled.jpg\" alt=\"\" width=\"768\" height=\"512\" srcset=\"https:\/\/www.yucatanencorto.com\/noticias\/wp-content\/uploads\/2026\/04\/IMG-20260428-WA0042-scaled.jpg 768w, https:\/\/www.yucatanencorto.com\/noticias\/wp-content\/uploads\/2026\/04\/IMG-20260428-WA0042-1536x1024.jpg 1536w, https:\/\/www.yucatanencorto.com\/noticias\/wp-content\/uploads\/2026\/04\/IMG-20260428-WA0042-2048x1366.jpg 2048w, https:\/\/www.yucatanencorto.com\/noticias\/wp-content\/uploads\/2026\/04\/IMG-20260428-WA0042-150x100.jpg 150w, https:\/\/www.yucatanencorto.com\/noticias\/wp-content\/uploads\/2026\/04\/IMG-20260428-WA0042-300x200.jpg 300w, https:\/\/www.yucatanencorto.com\/noticias\/wp-content\/uploads\/2026\/04\/IMG-20260428-WA0042-696x464.jpg 696w, https:\/\/www.yucatanencorto.com\/noticias\/wp-content\/uploads\/2026\/04\/IMG-20260428-WA0042-1068x712.jpg 1068w, https:\/\/www.yucatanencorto.com\/noticias\/wp-content\/uploads\/2026\/04\/IMG-20260428-WA0042-1920x1280.jpg 1920w\" sizes=\"auto, (max-width: 768px) 100vw, 768px\" \/><\/p>\n<p>M\u00e9rida, Yucat\u00e1n, a 28 de abril de 2026<\/p>\n<p>&nbsp;<\/p>\n<p>El Gobernador Joaqu\u00edn D\u00edaz Mena, acompa\u00f1ado de la Presidenta Honoraria del Sistema para el Desarrollo Integral de la Familia (DIF) Yucat\u00e1n, Mtra. Wendy M\u00e9ndez Naal, entreg\u00f3 208 auxiliares auditivos en favor de m\u00e1s de 100 personas en situaci\u00f3n de vulnerabilidad, con el objetivo de brindarles la oportunidad de recuperar o mejorar su capacidad auditiva y contribuir a elevar su calidad de vida.<\/p>\n<p>&nbsp;<\/p>\n<p>Desde el Centro de Convenciones Yucat\u00e1n Siglo XXI, el mandatario estatal encabez\u00f3 este acto, que representa una inversi\u00f3n de m\u00e1s de un mill\u00f3n de pesos para garantizar que las yucatecas y los yucatecos que m\u00e1s lo necesitan tengan acceso a servicios de salud auditiva.<\/p>\n<p>&nbsp;<\/p>\n<p>\u201cDespu\u00e9s de tanto silencio, hoy lo dejan atr\u00e1s y recuperan la oportunidad de volver a conectarse con los sonidos del mundo y sentirse acompa\u00f1ados e incluidos. Eso no tiene precio y ese es el verdadero sentido de servir a los dem\u00e1s: hacer justicia social a quienes m\u00e1s lo necesitan y decirles con hechos: no est\u00e1n solos, vamos a seguir trabajando hombro con hombro\u201d, afirm\u00f3.<\/p>\n<p>&nbsp;<\/p>\n<p>Ante las beneficiarias y los beneficiarios, el titular del Ejecutivo estatal afirm\u00f3 que el apoyo entregado es su derecho y representa el resultado del compromiso de un Gobierno que entiende que su obligaci\u00f3n es garantizar las condiciones para que todas las personas puedan vivir en un Yucat\u00e1n inclusivo y respetuoso de todas y todos.<\/p>\n<p>&nbsp;<\/p>\n<p>Expres\u00f3 que esta acci\u00f3n forma parte de un esfuerzo m\u00e1s amplio para garantizar que la salud sea realmente un derecho universal.<\/p>\n<p>&nbsp;<\/p>\n<p>En ese sentido, record\u00f3 que en Yucat\u00e1n se avanz\u00f3 hacia la universalizaci\u00f3n de la Pensi\u00f3n para el Bienestar de Personas con Discapacidad y se entregan apoyos complementarios, como motos adaptadas, aparatos de movilidad y dispositivos para personas con discapacidad.<\/p>\n<p>&nbsp;<\/p>\n<p>En ese contexto, el mandatario estatal hizo un reconocimiento al trabajo incansable que realiza todo el equipo del DIF Yucat\u00e1n, encabezado por la Presidenta Honoraria, Mtra. Wendy M\u00e9ndez Naal, y la directora general, Shirley Castillo S\u00e1nchez.<\/p>\n<p>&nbsp;<\/p>\n<p>Finalmente, D\u00edaz Mena agradeci\u00f3 el respaldo incondicional que la Presidenta Claudia Sheinbaum Pardo brinda a las yucatecas y los yucatecos en todo momento.<\/p>\n<p>&nbsp;<\/p>\n<p>En su intervenci\u00f3n, la Presidenta Honoraria del DIF Yucat\u00e1n, Mtra. Wendy M\u00e9ndez Naal, destac\u00f3 la importancia de este tipo de acciones, ya que impactan directamente en la calidad de vida de las personas y reconocen su historia de vida, esfuerzo y compromiso de seguir construyendo un estado donde nadie se quede atr\u00e1s.<\/p>\n<p>&nbsp;<\/p>\n<p>Por ello, M\u00e9ndez Naal refrend\u00f3 el compromiso de la instituci\u00f3n que preside de seguir trabajando con sensibilidad, cercan\u00eda y resultados para avanzar hacia un Yucat\u00e1n m\u00e1s incluyente y justo, a trav\u00e9s de alianzas que permitan que cada vez m\u00e1s familias puedan acceder a este tipo de apoyos.<\/p>\n<p>&nbsp;<\/p>\n<p>\u201cEste es solo el comienzo, vienen muchos proyectos m\u00e1s para nuestros grupos en situaci\u00f3n de vulnerabilidad. Seguiremos impulsando acciones que promuevan la educaci\u00f3n, la salud y el bienestar de todas y todos, de nuestras ni\u00f1as, ni\u00f1os, j\u00f3venes y personas mayores, porque al final de eso se trata, de construir un Yucat\u00e1n m\u00e1s humano, m\u00e1s solidario y con m\u00e1s oportunidades para todas y para todos\u201d, puntualiz\u00f3.<\/p>\n<p>&nbsp;<\/p>\n<p>En representaci\u00f3n de quienes recibieron estos apoyos, Jos\u00e9 Carlos Alonzo P\u00e9rez expres\u00f3 al Gobernador y al DIF Yucat\u00e1n su profundo agradecimiento por el esfuerzo, la sensibilidad y por demostrar que la empat\u00eda y la inclusi\u00f3n se construyen con acciones como esta entrega.<\/p>\n<p>&nbsp;<\/p>\n<p>\u201cEsta entrega representa para m\u00ed mucho m\u00e1s que un apoyo, es poder volver a escuchar sin miedo, recordarme cada d\u00eda que la vida contin\u00faa y que siempre hay motivos para sentirse fuerte y seguro. Gracias por demostrarnos que la inclusi\u00f3n se fortalece con acciones reales, convirti\u00e9ndola en una luz que cambia vidas y nos llena de mucha esperanza\u201d, agreg\u00f3 el oriundo del municipio de Peto.<\/p>\n<p>&nbsp;<\/p>\n<p>En el evento estuvieron la beneficiaria originaria de M\u00e9rida Margarita Moo Tun; el presidente de la Mesa Directiva del Congreso del Estado, Germ\u00e1n Quintal Medina; la diputada local Maribel Chuc Ayala; y la directora general del DIF Yucat\u00e1n, Shirley Castillo S\u00e1nchez.<\/p>\n<p>&nbsp;<\/p>\n<p>&nbsp;<\/p>\n","protected":false},"excerpt":{"rendered":"<p>M\u00e9rida, Yucat\u00e1n, a 28 de abril de 2026 &nbsp; El Gobernador Joaqu\u00edn D\u00edaz Mena, acompa\u00f1ado de la Presidenta Honoraria del Sistema para el Desarrollo Integral de la Familia (DIF) Yucat\u00e1n, Mtra. Wendy M\u00e9ndez Naal, entreg\u00f3 208 auxiliares auditivos en favor de m\u00e1s de 100 personas en situaci\u00f3n de vulnerabilidad, con el objetivo de brindarles la [&hellip;]<\/p>\n","protected":false},"author":4,"featured_media":116982,"comment_status":"closed","ping_status":"closed","sticky":false,"template":"","format":"standard","meta":{"footnotes":""},"categories":[3],"tags":[],"class_list":{"0":"post-116981","1":"post","2":"type-post","3":"status-publish","4":"format-standard","5":"has-post-thumbnail","7":"category-yucatan"},"yoast_head":"<!-- This site is optimized with the Yoast SEO plugin v27.4 - https:\/\/yoast.com\/product\/yoast-seo-wordpress\/ -->\n<title>Auxiliares auditivos devuelven la oportunidad de escuchar a m\u00e1s de 100 yucatecas y yucatecos - Yucat\u00e1n en corto<\/title>\n<meta name=\"robots\" content=\"index, follow, max-snippet:-1, max-image-preview:large, max-video-preview:-1\" \/>\n<link rel=\"canonical\" href=\"https:\/\/www.yucatanencorto.com\/noticias\/auxiliares-auditivos-devuelven-la-oportunidad-de-escuchar-a-mas-de-100-yucatecas-y-yucatecos\/\" \/>\n<meta property=\"og:locale\" content=\"es_ES\" \/>\n<meta property=\"og:type\" content=\"article\" \/>\n<meta property=\"og:title\" content=\"Auxiliares auditivos devuelven la oportunidad de escuchar a m\u00e1s de 100 yucatecas y yucatecos - Yucat\u00e1n en corto\" \/>\n<meta property=\"og:description\" content=\"M\u00e9rida, Yucat\u00e1n, a 28 de abril de 2026 &nbsp; El Gobernador Joaqu\u00edn D\u00edaz Mena, acompa\u00f1ado de la Presidenta Honoraria del Sistema para el Desarrollo Integral de la Familia (DIF) Yucat\u00e1n, Mtra. Wendy M\u00e9ndez Naal, entreg\u00f3 208 auxiliares auditivos en favor de m\u00e1s de 100 personas en situaci\u00f3n de vulnerabilidad, con el objetivo de brindarles la [&hellip;]\" \/>\n<meta property=\"og:url\" content=\"https:\/\/www.yucatanencorto.com\/noticias\/auxiliares-auditivos-devuelven-la-oportunidad-de-escuchar-a-mas-de-100-yucatecas-y-yucatecos\/\" \/>\n<meta property=\"og:site_name\" content=\"Yucat\u00e1n en corto\" \/>\n<meta property=\"article:publisher\" content=\"http:\/\/www.facebook.com\/yucatanencorto\" \/>\n<meta property=\"article:published_time\" content=\"2026-04-28T21:16:04+00:00\" \/>\n<meta property=\"og:image\" content=\"https:\/\/www.yucatanencorto.com\/noticias\/wp-content\/uploads\/2026\/04\/IMG-20260428-WA0042-scaled.jpg\" \/>\n\t<meta property=\"og:image:width\" content=\"768\" \/>\n\t<meta property=\"og:image:height\" content=\"512\" \/>\n\t<meta property=\"og:image:type\" content=\"image\/jpeg\" \/>\n<meta name=\"author\" content=\"Yucat\u00e1n en Corto\" \/>\n<meta name=\"twitter:card\" content=\"summary_large_image\" \/>\n<meta name=\"twitter:creator\" content=\"@yucatanencorto\" \/>\n<meta name=\"twitter:site\" content=\"@yucatanencorto\" \/>\n<meta name=\"twitter:label1\" content=\"Escrito por\" \/>\n\t<meta name=\"twitter:data1\" content=\"Yucat\u00e1n en Corto\" \/>\n\t<meta name=\"twitter:label2\" content=\"Tiempo de lectura\" \/>\n\t<meta name=\"twitter:data2\" content=\"4 minutos\" \/>\n<script type=\"application\/ld+json\" class=\"yoast-schema-graph\">{\"@context\":\"https:\\\/\\\/schema.org\",\"@graph\":[{\"@type\":\"Article\",\"@id\":\"https:\\\/\\\/www.yucatanencorto.com\\\/noticias\\\/auxiliares-auditivos-devuelven-la-oportunidad-de-escuchar-a-mas-de-100-yucatecas-y-yucatecos\\\/#article\",\"isPartOf\":{\"@id\":\"https:\\\/\\\/www.yucatanencorto.com\\\/noticias\\\/auxiliares-auditivos-devuelven-la-oportunidad-de-escuchar-a-mas-de-100-yucatecas-y-yucatecos\\\/\"},\"author\":{\"name\":\"Yucat\u00e1n en Corto\",\"@id\":\"https:\\\/\\\/www.yucatanencorto.com\\\/noticias\\\/#\\\/schema\\\/person\\\/f0ec40c33447bbc0dc2d01d3006de771\"},\"headline\":\"Auxiliares auditivos devuelven la oportunidad de escuchar a m\u00e1s de 100 yucatecas y yucatecos\",\"datePublished\":\"2026-04-28T21:16:04+00:00\",\"mainEntityOfPage\":{\"@id\":\"https:\\\/\\\/www.yucatanencorto.com\\\/noticias\\\/auxiliares-auditivos-devuelven-la-oportunidad-de-escuchar-a-mas-de-100-yucatecas-y-yucatecos\\\/\"},\"wordCount\":755,\"image\":{\"@id\":\"https:\\\/\\\/www.yucatanencorto.com\\\/noticias\\\/auxiliares-auditivos-devuelven-la-oportunidad-de-escuchar-a-mas-de-100-yucatecas-y-yucatecos\\\/#primaryimage\"},\"thumbnailUrl\":\"https:\\\/\\\/www.yucatanencorto.com\\\/noticias\\\/wp-content\\\/uploads\\\/2026\\\/04\\\/IMG-20260428-WA0042-scaled.jpg\",\"articleSection\":[\"Yucat\u00e1n\"],\"inLanguage\":\"es\"},{\"@type\":\"WebPage\",\"@id\":\"https:\\\/\\\/www.yucatanencorto.com\\\/noticias\\\/auxiliares-auditivos-devuelven-la-oportunidad-de-escuchar-a-mas-de-100-yucatecas-y-yucatecos\\\/\",\"url\":\"https:\\\/\\\/www.yucatanencorto.com\\\/noticias\\\/auxiliares-auditivos-devuelven-la-oportunidad-de-escuchar-a-mas-de-100-yucatecas-y-yucatecos\\\/\",\"name\":\"Auxiliares auditivos devuelven la oportunidad de escuchar a m\u00e1s de 100 yucatecas y yucatecos - Yucat\u00e1n en corto\",\"isPartOf\":{\"@id\":\"https:\\\/\\\/www.yucatanencorto.com\\\/noticias\\\/#website\"},\"primaryImageOfPage\":{\"@id\":\"https:\\\/\\\/www.yucatanencorto.com\\\/noticias\\\/auxiliares-auditivos-devuelven-la-oportunidad-de-escuchar-a-mas-de-100-yucatecas-y-yucatecos\\\/#primaryimage\"},\"image\":{\"@id\":\"https:\\\/\\\/www.yucatanencorto.com\\\/noticias\\\/auxiliares-auditivos-devuelven-la-oportunidad-de-escuchar-a-mas-de-100-yucatecas-y-yucatecos\\\/#primaryimage\"},\"thumbnailUrl\":\"https:\\\/\\\/www.yucatanencorto.com\\\/noticias\\\/wp-content\\\/uploads\\\/2026\\\/04\\\/IMG-20260428-WA0042-scaled.jpg\",\"datePublished\":\"2026-04-28T21:16:04+00:00\",\"author\":{\"@id\":\"https:\\\/\\\/www.yucatanencorto.com\\\/noticias\\\/#\\\/schema\\\/person\\\/f0ec40c33447bbc0dc2d01d3006de771\"},\"breadcrumb\":{\"@id\":\"https:\\\/\\\/www.yucatanencorto.com\\\/noticias\\\/auxiliares-auditivos-devuelven-la-oportunidad-de-escuchar-a-mas-de-100-yucatecas-y-yucatecos\\\/#breadcrumb\"},\"inLanguage\":\"es\",\"potentialAction\":[{\"@type\":\"ReadAction\",\"target\":[\"https:\\\/\\\/www.yucatanencorto.com\\\/noticias\\\/auxiliares-auditivos-devuelven-la-oportunidad-de-escuchar-a-mas-de-100-yucatecas-y-yucatecos\\\/\"]}]},{\"@type\":\"ImageObject\",\"inLanguage\":\"es\",\"@id\":\"https:\\\/\\\/www.yucatanencorto.com\\\/noticias\\\/auxiliares-auditivos-devuelven-la-oportunidad-de-escuchar-a-mas-de-100-yucatecas-y-yucatecos\\\/#primaryimage\",\"url\":\"https:\\\/\\\/www.yucatanencorto.com\\\/noticias\\\/wp-content\\\/uploads\\\/2026\\\/04\\\/IMG-20260428-WA0042-scaled.jpg\",\"contentUrl\":\"https:\\\/\\\/www.yucatanencorto.com\\\/noticias\\\/wp-content\\\/uploads\\\/2026\\\/04\\\/IMG-20260428-WA0042-scaled.jpg\",\"width\":768,\"height\":512},{\"@type\":\"BreadcrumbList\",\"@id\":\"https:\\\/\\\/www.yucatanencorto.com\\\/noticias\\\/auxiliares-auditivos-devuelven-la-oportunidad-de-escuchar-a-mas-de-100-yucatecas-y-yucatecos\\\/#breadcrumb\",\"itemListElement\":[{\"@type\":\"ListItem\",\"position\":1,\"name\":\"Portada\",\"item\":\"https:\\\/\\\/www.yucatanencorto.com\\\/noticias\\\/\"},{\"@type\":\"ListItem\",\"position\":2,\"name\":\"Auxiliares auditivos devuelven la oportunidad de escuchar a m\u00e1s de 100 yucatecas y yucatecos\"}]},{\"@type\":\"WebSite\",\"@id\":\"https:\\\/\\\/www.yucatanencorto.com\\\/noticias\\\/#website\",\"url\":\"https:\\\/\\\/www.yucatanencorto.com\\\/noticias\\\/\",\"name\":\"Yucat\u00e1n en corto\",\"description\":\"Noticias\",\"potentialAction\":[{\"@type\":\"SearchAction\",\"target\":{\"@type\":\"EntryPoint\",\"urlTemplate\":\"https:\\\/\\\/www.yucatanencorto.com\\\/noticias\\\/?s={search_term_string}\"},\"query-input\":{\"@type\":\"PropertyValueSpecification\",\"valueRequired\":true,\"valueName\":\"search_term_string\"}}],\"inLanguage\":\"es\"},{\"@type\":\"Person\",\"@id\":\"https:\\\/\\\/www.yucatanencorto.com\\\/noticias\\\/#\\\/schema\\\/person\\\/f0ec40c33447bbc0dc2d01d3006de771\",\"name\":\"Yucat\u00e1n en Corto\",\"image\":{\"@type\":\"ImageObject\",\"inLanguage\":\"es\",\"@id\":\"https:\\\/\\\/secure.gravatar.com\\\/avatar\\\/20e0a6b626f38fa8e545fb3f80ce566efd790bf8877e65c3a482460cc3e0b5d1?s=96&d=mm&r=g\",\"url\":\"https:\\\/\\\/secure.gravatar.com\\\/avatar\\\/20e0a6b626f38fa8e545fb3f80ce566efd790bf8877e65c3a482460cc3e0b5d1?s=96&d=mm&r=g\",\"contentUrl\":\"https:\\\/\\\/secure.gravatar.com\\\/avatar\\\/20e0a6b626f38fa8e545fb3f80ce566efd790bf8877e65c3a482460cc3e0b5d1?s=96&d=mm&r=g\",\"caption\":\"Yucat\u00e1n en Corto\"},\"url\":\"https:\\\/\\\/www.yucatanencorto.com\\\/noticias\\\/author\\\/editor25\\\/\"}]}<\/script>\n<!-- \/ Yoast SEO plugin. -->","yoast_head_json":{"title":"Auxiliares auditivos devuelven la oportunidad de escuchar a m\u00e1s de 100 yucatecas y yucatecos - Yucat\u00e1n en corto","robots":{"index":"index","follow":"follow","max-snippet":"max-snippet:-1","max-image-preview":"max-image-preview:large","max-video-preview":"max-video-preview:-1"},"canonical":"https:\/\/www.yucatanencorto.com\/noticias\/auxiliares-auditivos-devuelven-la-oportunidad-de-escuchar-a-mas-de-100-yucatecas-y-yucatecos\/","og_locale":"es_ES","og_type":"article","og_title":"Auxiliares auditivos devuelven la oportunidad de escuchar a m\u00e1s de 100 yucatecas y yucatecos - Yucat\u00e1n en corto","og_description":"M\u00e9rida, Yucat\u00e1n, a 28 de abril de 2026 &nbsp; El Gobernador Joaqu\u00edn D\u00edaz Mena, acompa\u00f1ado de la Presidenta Honoraria del Sistema para el Desarrollo Integral de la Familia (DIF) Yucat\u00e1n, Mtra. Wendy M\u00e9ndez Naal, entreg\u00f3 208 auxiliares auditivos en favor de m\u00e1s de 100 personas en situaci\u00f3n de vulnerabilidad, con el objetivo de brindarles la [&hellip;]","og_url":"https:\/\/www.yucatanencorto.com\/noticias\/auxiliares-auditivos-devuelven-la-oportunidad-de-escuchar-a-mas-de-100-yucatecas-y-yucatecos\/","og_site_name":"Yucat\u00e1n en corto","article_publisher":"http:\/\/www.facebook.com\/yucatanencorto","article_published_time":"2026-04-28T21:16:04+00:00","og_image":[{"width":768,"height":512,"url":"https:\/\/www.yucatanencorto.com\/noticias\/wp-content\/uploads\/2026\/04\/IMG-20260428-WA0042-scaled.jpg","type":"image\/jpeg"}],"author":"Yucat\u00e1n en Corto","twitter_card":"summary_large_image","twitter_creator":"@yucatanencorto","twitter_site":"@yucatanencorto","twitter_misc":{"Escrito por":"Yucat\u00e1n en Corto","Tiempo de lectura":"4 minutos"},"schema":{"@context":"https:\/\/schema.org","@graph":[{"@type":"Article","@id":"https:\/\/www.yucatanencorto.com\/noticias\/auxiliares-auditivos-devuelven-la-oportunidad-de-escuchar-a-mas-de-100-yucatecas-y-yucatecos\/#article","isPartOf":{"@id":"https:\/\/www.yucatanencorto.com\/noticias\/auxiliares-auditivos-devuelven-la-oportunidad-de-escuchar-a-mas-de-100-yucatecas-y-yucatecos\/"},"author":{"name":"Yucat\u00e1n en Corto","@id":"https:\/\/www.yucatanencorto.com\/noticias\/#\/schema\/person\/f0ec40c33447bbc0dc2d01d3006de771"},"headline":"Auxiliares auditivos devuelven la oportunidad de escuchar a m\u00e1s de 100 yucatecas y yucatecos","datePublished":"2026-04-28T21:16:04+00:00","mainEntityOfPage":{"@id":"https:\/\/www.yucatanencorto.com\/noticias\/auxiliares-auditivos-devuelven-la-oportunidad-de-escuchar-a-mas-de-100-yucatecas-y-yucatecos\/"},"wordCount":755,"image":{"@id":"https:\/\/www.yucatanencorto.com\/noticias\/auxiliares-auditivos-devuelven-la-oportunidad-de-escuchar-a-mas-de-100-yucatecas-y-yucatecos\/#primaryimage"},"thumbnailUrl":"https:\/\/www.yucatanencorto.com\/noticias\/wp-content\/uploads\/2026\/04\/IMG-20260428-WA0042-scaled.jpg","articleSection":["Yucat\u00e1n"],"inLanguage":"es"},{"@type":"WebPage","@id":"https:\/\/www.yucatanencorto.com\/noticias\/auxiliares-auditivos-devuelven-la-oportunidad-de-escuchar-a-mas-de-100-yucatecas-y-yucatecos\/","url":"https:\/\/www.yucatanencorto.com\/noticias\/auxiliares-auditivos-devuelven-la-oportunidad-de-escuchar-a-mas-de-100-yucatecas-y-yucatecos\/","name":"Auxiliares auditivos devuelven la oportunidad de escuchar a m\u00e1s de 100 yucatecas y yucatecos - Yucat\u00e1n en corto","isPartOf":{"@id":"https:\/\/www.yucatanencorto.com\/noticias\/#website"},"primaryImageOfPage":{"@id":"https:\/\/www.yucatanencorto.com\/noticias\/auxiliares-auditivos-devuelven-la-oportunidad-de-escuchar-a-mas-de-100-yucatecas-y-yucatecos\/#primaryimage"},"image":{"@id":"https:\/\/www.yucatanencorto.com\/noticias\/auxiliares-auditivos-devuelven-la-oportunidad-de-escuchar-a-mas-de-100-yucatecas-y-yucatecos\/#primaryimage"},"thumbnailUrl":"https:\/\/www.yucatanencorto.com\/noticias\/wp-content\/uploads\/2026\/04\/IMG-20260428-WA0042-scaled.jpg","datePublished":"2026-04-28T21:16:04+00:00","author":{"@id":"https:\/\/www.yucatanencorto.com\/noticias\/#\/schema\/person\/f0ec40c33447bbc0dc2d01d3006de771"},"breadcrumb":{"@id":"https:\/\/www.yucatanencorto.com\/noticias\/auxiliares-auditivos-devuelven-la-oportunidad-de-escuchar-a-mas-de-100-yucatecas-y-yucatecos\/#breadcrumb"},"inLanguage":"es","potentialAction":[{"@type":"ReadAction","target":["https:\/\/www.yucatanencorto.com\/noticias\/auxiliares-auditivos-devuelven-la-oportunidad-de-escuchar-a-mas-de-100-yucatecas-y-yucatecos\/"]}]},{"@type":"ImageObject","inLanguage":"es","@id":"https:\/\/www.yucatanencorto.com\/noticias\/auxiliares-auditivos-devuelven-la-oportunidad-de-escuchar-a-mas-de-100-yucatecas-y-yucatecos\/#primaryimage","url":"https:\/\/www.yucatanencorto.com\/noticias\/wp-content\/uploads\/2026\/04\/IMG-20260428-WA0042-scaled.jpg","contentUrl":"https:\/\/www.yucatanencorto.com\/noticias\/wp-content\/uploads\/2026\/04\/IMG-20260428-WA0042-scaled.jpg","width":768,"height":512},{"@type":"BreadcrumbList","@id":"https:\/\/www.yucatanencorto.com\/noticias\/auxiliares-auditivos-devuelven-la-oportunidad-de-escuchar-a-mas-de-100-yucatecas-y-yucatecos\/#breadcrumb","itemListElement":[{"@type":"ListItem","position":1,"name":"Portada","item":"https:\/\/www.yucatanencorto.com\/noticias\/"},{"@type":"ListItem","position":2,"name":"Auxiliares auditivos devuelven la oportunidad de escuchar a m\u00e1s de 100 yucatecas y yucatecos"}]},{"@type":"WebSite","@id":"https:\/\/www.yucatanencorto.com\/noticias\/#website","url":"https:\/\/www.yucatanencorto.com\/noticias\/","name":"Yucat\u00e1n en corto","description":"Noticias","potentialAction":[{"@type":"SearchAction","target":{"@type":"EntryPoint","urlTemplate":"https:\/\/www.yucatanencorto.com\/noticias\/?s={search_term_string}"},"query-input":{"@type":"PropertyValueSpecification","valueRequired":true,"valueName":"search_term_string"}}],"inLanguage":"es"},{"@type":"Person","@id":"https:\/\/www.yucatanencorto.com\/noticias\/#\/schema\/person\/f0ec40c33447bbc0dc2d01d3006de771","name":"Yucat\u00e1n en Corto","image":{"@type":"ImageObject","inLanguage":"es","@id":"https:\/\/secure.gravatar.com\/avatar\/20e0a6b626f38fa8e545fb3f80ce566efd790bf8877e65c3a482460cc3e0b5d1?s=96&d=mm&r=g","url":"https:\/\/secure.gravatar.com\/avatar\/20e0a6b626f38fa8e545fb3f80ce566efd790bf8877e65c3a482460cc3e0b5d1?s=96&d=mm&r=g","contentUrl":"https:\/\/secure.gravatar.com\/avatar\/20e0a6b626f38fa8e545fb3f80ce566efd790bf8877e65c3a482460cc3e0b5d1?s=96&d=mm&r=g","caption":"Yucat\u00e1n en Corto"},"url":"https:\/\/www.yucatanencorto.com\/noticias\/author\/editor25\/"}]}},"_links":{"self":[{"href":"https:\/\/www.yucatanencorto.com\/noticias\/wp-json\/wp\/v2\/posts\/116981","targetHints":{"allow":["GET"]}}],"collection":[{"href":"https:\/\/www.yucatanencorto.com\/noticias\/wp-json\/wp\/v2\/posts"}],"about":[{"href":"https:\/\/www.yucatanencorto.com\/noticias\/wp-json\/wp\/v2\/types\/post"}],"author":[{"embeddable":true,"href":"https:\/\/www.yucatanencorto.com\/noticias\/wp-json\/wp\/v2\/users\/4"}],"replies":[{"embeddable":true,"href":"https:\/\/www.yucatanencorto.com\/noticias\/wp-json\/wp\/v2\/comments?post=116981"}],"version-history":[{"count":1,"href":"https:\/\/www.yucatanencorto.com\/noticias\/wp-json\/wp\/v2\/posts\/116981\/revisions"}],"predecessor-version":[{"id":116983,"href":"https:\/\/www.yucatanencorto.com\/noticias\/wp-json\/wp\/v2\/posts\/116981\/revisions\/116983"}],"wp:featuredmedia":[{"embeddable":true,"href":"https:\/\/www.yucatanencorto.com\/noticias\/wp-json\/wp\/v2\/media\/116982"}],"wp:attachment":[{"href":"https:\/\/www.yucatanencorto.com\/noticias\/wp-json\/wp\/v2\/media?parent=116981"}],"wp:term":[{"taxonomy":"category","embeddable":true,"href":"https:\/\/www.yucatanencorto.com\/noticias\/wp-json\/wp\/v2\/categories?post=116981"},{"taxonomy":"post_tag","embeddable":true,"href":"https:\/\/www.yucatanencorto.com\/noticias\/wp-json\/wp\/v2\/tags?post=116981"}],"curies":[{"name":"wp","href":"https:\/\/api.w.org\/{rel}","templated":true}]}}