{"id":116984,"date":"2026-04-28T20:56:06","date_gmt":"2026-04-29T02:56:06","guid":{"rendered":"https:\/\/www.yucatanencorto.com\/noticias\/?p=116984"},"modified":"2026-04-28T20:56:06","modified_gmt":"2026-04-29T02:56:06","slug":"mas-de-5-kilometros-de-arte-y-cultura-llenaran-el-espacio-publico-en-la-noche-blanca-2026","status":"publish","type":"post","link":"https:\/\/www.yucatanencorto.com\/noticias\/mas-de-5-kilometros-de-arte-y-cultura-llenaran-el-espacio-publico-en-la-noche-blanca-2026\/","title":{"rendered":"M\u00e1s de 5 kil\u00f3metros de arte y cultura\u201d llenar\u00e1n el espacio p\u00fablico en La Noche Blanca 2026."},"content":{"rendered":"<p><img loading=\"lazy\" decoding=\"async\" class=\"alignnone size-full wp-image-116985\" src=\"https:\/\/www.yucatanencorto.com\/noticias\/wp-content\/uploads\/2026\/04\/IMG-20260428-WA0142-scaled.jpg\" alt=\"\" width=\"768\" height=\"512\" srcset=\"https:\/\/www.yucatanencorto.com\/noticias\/wp-content\/uploads\/2026\/04\/IMG-20260428-WA0142-scaled.jpg 768w, https:\/\/www.yucatanencorto.com\/noticias\/wp-content\/uploads\/2026\/04\/IMG-20260428-WA0142-1536x1024.jpg 1536w, https:\/\/www.yucatanencorto.com\/noticias\/wp-content\/uploads\/2026\/04\/IMG-20260428-WA0142-150x100.jpg 150w, https:\/\/www.yucatanencorto.com\/noticias\/wp-content\/uploads\/2026\/04\/IMG-20260428-WA0142-300x200.jpg 300w, https:\/\/www.yucatanencorto.com\/noticias\/wp-content\/uploads\/2026\/04\/IMG-20260428-WA0142-696x464.jpg 696w, https:\/\/www.yucatanencorto.com\/noticias\/wp-content\/uploads\/2026\/04\/IMG-20260428-WA0142-1068x712.jpg 1068w\" sizes=\"auto, (max-width: 768px) 100vw, 768px\" \/><\/p>\n<p>&nbsp;<\/p>\n<p>M\u00e9rida, Yucat\u00e1n a martes 28 de abril de 2026.- La presidenta municipal de M\u00e9rida, Cecilia Patr\u00f3n Laviada, encabez\u00f3 la presentaci\u00f3n del programa de actividades de La V\u00edspera y La Noche Blanca 2026, que se realizar\u00e1n los d\u00edas 22 y 23 de mayo, y que convertir\u00e1n nuevamente al espacio p\u00fablico en un gran escenario cultural con el lema \u201cM\u00e1s de 5 kil\u00f3metros de arte y cultura\u201d.<\/p>\n<p>&nbsp;<\/p>\n<p>En el evento que tuvo lugar en el emblem\u00e1tico barrio m\u00e1gico de La Ermita, la alcaldesa inform\u00f3 que la vig\u00e9sima edici\u00f3n de La Noche Blanca se consolida como uno de los principales referentes culturales del sureste mexicano, al promover el acceso al arte y la cultura en espacios abiertos y fortalecer la identidad, la convivencia y el disfrute ciudadano.<\/p>\n<p>&nbsp;<\/p>\n<p>\u201cDise\u00f1amos estos eventos con justicia social para llegar a donde no se hab\u00eda llegado antes, para que nadie se quede atr\u00e1s este mes de mayo. No perdamos la oportunidad de vivir nuestros espacios p\u00fablicos, nuestra ciudad iluminada, nuestras calles rehabilitadas. Queremos que tengan una experiencia \u00fanica y completa en su ciudad\u201d, expres\u00f3 la edil.<\/p>\n<p>&nbsp;<\/p>\n<p>Acompa\u00f1ada de Karla Berr\u00f3n C\u00e1mara, directora de Identidad y Cultura, la alcaldesa mencion\u00f3 que el programa contempla 210 actividades y la participaci\u00f3n de 1 mil 025 artistas (330 en La V\u00edspera y 720 en La Noche Blanca), con presencia en m\u00e1s de 80 sedes distribuidas en parques, museos, centros culturales, galer\u00edas y foros alternativos.<\/p>\n<p>&nbsp;<\/p>\n<p>Adem\u00e1s del talento local, que ha sido pieza clave en el crecimiento de este evento, la edici\u00f3n 2026 contar\u00e1 con la participaci\u00f3n de propuestas nacionales como Selectro ON, que fusiona electr\u00f3nica, rock y mariachi, y Chico Che Chico, agrupaci\u00f3n heredera del legado tropical de Chico Che.<\/p>\n<p>&nbsp;<\/p>\n<p>La presidenta municipal indic\u00f3 que las actividades tambi\u00e9n llegar\u00e1n a las comisar\u00edas de Chablekal y San Jos\u00e9 Tzal, as\u00ed como a colonias como Miguel Alem\u00e1n y Nora Quintana, reforzando el car\u00e1cter incluyente y descentralizado de la programaci\u00f3n.<\/p>\n<p>&nbsp;<\/p>\n<p>La V\u00edspera: un recorrido por galer\u00edas y comunidades<\/p>\n<p>&nbsp;<\/p>\n<p>La jornada iniciar\u00e1 el viernes 22 de mayo con La V\u00edspera, que invita a recorrer 38 galer\u00edas y espacios independientes, consolidando a la ciudad como un punto de encuentro para el arte contempor\u00e1neo.<\/p>\n<p>&nbsp;<\/p>\n<p>Para facilitar la experiencia, se han dise\u00f1ado cinco recorridos tem\u00e1ticos en distintos ejes de la ciudad. Durante La V\u00edspera se activar\u00e1n los ejes de La Ermita, Centro y Norte; mientras que en La Noche Blanca se sumar\u00e1n los barrios de Santa Ana y Santiago.<\/p>\n<p>&nbsp;<\/p>\n<p>Ese mismo d\u00eda, el programa incluir\u00e1 actividades art\u00edsticas en comisar\u00edas y colonias, destacando la presentaci\u00f3n de Eric \u00c1vila \u201cCuxum\u201d en el parque de la colonia Miguel Alem\u00e1n.<\/p>\n<p>&nbsp;<\/p>\n<p>La literatura tambi\u00e9n tendr\u00e1 un espacio relevante con la entrega del Premio Internacional de Poes\u00eda Ciudad de M\u00e9rida 2025 al poeta Israel Nicasio \u00c1lvarez, reconocido por su obra \u201cEl pecho de este hombre llegue en el parque\u201d. Asimismo, se realizar\u00e1n muestras editoriales independientes y la Feria Itinerante del Libro.<\/p>\n<p>&nbsp;<\/p>\n<p>Cinco kil\u00f3metros de arte en La Noche Blanca<\/p>\n<p>&nbsp;<\/p>\n<p>El s\u00e1bado 23 de mayo, La Noche Blanca ofrecer\u00e1 seis horas continuas de actividades a lo largo de un corredor cultural de cinco kil\u00f3metros, que ir\u00e1 desde el parque de La Ermita hasta el Monumento a la Patria, pasando por puntos emblem\u00e1ticos como San Juan, Plaza Grande, Santa Luc\u00eda, Santa Ana y el Remate de Paseo de Montejo.<\/p>\n<p>&nbsp;<\/p>\n<p>En la Plaza Grande se instalar\u00e1 el \u201cescenario de la risa\u201d, con la participaci\u00f3n de talentos yucatecos como Wera Rapera y Chema Flores, finalistas del reality de comedia LOL, as\u00ed como Dzerecho y Noch.<\/p>\n<p>&nbsp;<\/p>\n<p>El recorrido incluir\u00e1 tambi\u00e9n una propuesta esc\u00e9nica interdisciplinaria con Umbral Indumental, en colaboraci\u00f3n con CANAIVE, as\u00ed como la presencia de 11 colectivos de bazares creativos que ofrecer\u00e1n productos hechos a mano.<\/p>\n<p>&nbsp;<\/p>\n<p>Entre las intervenciones urbanas destacan la Mujer Giganta, deidades mayas, mimos, estatuas vivas y los Caminantes de la Luna, que dar\u00e1n vida a las calles del centro hist\u00f3rico.<\/p>\n<p>&nbsp;<\/p>\n<p>En el Parque de San Juan, la Expo Arco\u00edris promover\u00e1 emprendimientos de la comunidad LGBTQ+ y aliados, fortaleciendo una ciudad m\u00e1s inclusiva.<\/p>\n<p>&nbsp;<\/p>\n<p>Arte, m\u00fasica y nuevas experiencias<\/p>\n<p>&nbsp;<\/p>\n<p>Las artes visuales tendr\u00e1n presencia con exposiciones en el Museo de la Ciudad y el Centro Cultural Olimpo, con obras de Rodolfo Baeza, JoCa, Juan Corupo, Lizette Abraham y el caricaturista Efr\u00e9n Maldonado.<\/p>\n<p>&nbsp;<\/p>\n<p>Como novedad, se integrar\u00e1 XDOME, un domo inmersivo que combina arte, tecnolog\u00eda y cultura digital.<\/p>\n<p>&nbsp;<\/p>\n<p>La oferta musical incluir\u00e1 g\u00e9neros como electr\u00f3nica, trova, rock, jazz, cumbia y \u00f3pera, con la participaci\u00f3n de la Orquesta Infantil y Juvenil de M\u00e9rida y la Orquesta de C\u00e1mara de la Ciudad con conciertos de anime, videojuegos, temas musicales y bandas sonoras de pel\u00edculas famosas.<\/p>\n<p>&nbsp;<\/p>\n<p>Tambi\u00e9n habr\u00e1 danza, cine, teatro y espect\u00e1culos infantiles, con la presencia de agrupaciones como como Los Juglares, Las Maya Internacional, M\u00e9rida Big Band, Muziek, Los Rom\u00e1nticos de Am\u00e9rica, Groove Ministry y Caf\u00e9 con Az\u00facar Prieta, entre otros.<\/p>\n<p>&nbsp;<\/p>\n<p>La gastronom\u00eda tambi\u00e9n ser\u00e1 parte esencial del evento con Nare con Arte, cocinas tradicionales y restaurantes afiliados a CANIRAC.<\/p>\n<p>&nbsp;<\/p>\n<p>El cierre estar\u00e1 a cargo de la banda de pop latino Bacilos, ganadora de m\u00faltiples premios Latin Grammy.<\/p>\n<p>&nbsp;<\/p>\n<p>La programaci\u00f3n completa puede consultarse en: merida.gob.mx\/nocheblanca<\/p>\n<p>&nbsp;<\/p>\n<p>#M\u00e9ridaContigoEsMejor<\/p>\n","protected":false},"excerpt":{"rendered":"<p>&nbsp; M\u00e9rida, Yucat\u00e1n a martes 28 de abril de 2026.- La presidenta municipal de M\u00e9rida, Cecilia Patr\u00f3n Laviada, encabez\u00f3 la presentaci\u00f3n del programa de actividades de La V\u00edspera y La Noche Blanca 2026, que se realizar\u00e1n los d\u00edas 22 y 23 de mayo, y que convertir\u00e1n nuevamente al espacio p\u00fablico en un gran escenario cultural [&hellip;]<\/p>\n","protected":false},"author":4,"featured_media":116985,"comment_status":"closed","ping_status":"closed","sticky":false,"template":"","format":"standard","meta":{"footnotes":""},"categories":[2],"tags":[],"class_list":{"0":"post-116984","1":"post","2":"type-post","3":"status-publish","4":"format-standard","5":"has-post-thumbnail","7":"category-merida"},"yoast_head":"<!-- This site is optimized with the Yoast SEO plugin v27.4 - https:\/\/yoast.com\/product\/yoast-seo-wordpress\/ -->\n<title>M\u00e1s de 5 kil\u00f3metros de arte y cultura\u201d llenar\u00e1n el espacio p\u00fablico en La Noche Blanca 2026. - Yucat\u00e1n en corto<\/title>\n<meta name=\"robots\" content=\"index, follow, max-snippet:-1, max-image-preview:large, max-video-preview:-1\" \/>\n<link rel=\"canonical\" href=\"https:\/\/www.yucatanencorto.com\/noticias\/mas-de-5-kilometros-de-arte-y-cultura-llenaran-el-espacio-publico-en-la-noche-blanca-2026\/\" \/>\n<meta property=\"og:locale\" content=\"es_ES\" \/>\n<meta property=\"og:type\" content=\"article\" \/>\n<meta property=\"og:title\" content=\"M\u00e1s de 5 kil\u00f3metros de arte y cultura\u201d llenar\u00e1n el espacio p\u00fablico en La Noche Blanca 2026. - Yucat\u00e1n en corto\" \/>\n<meta property=\"og:description\" content=\"&nbsp; M\u00e9rida, Yucat\u00e1n a martes 28 de abril de 2026.- La presidenta municipal de M\u00e9rida, Cecilia Patr\u00f3n Laviada, encabez\u00f3 la presentaci\u00f3n del programa de actividades de La V\u00edspera y La Noche Blanca 2026, que se realizar\u00e1n los d\u00edas 22 y 23 de mayo, y que convertir\u00e1n nuevamente al espacio p\u00fablico en un gran escenario cultural [&hellip;]\" \/>\n<meta property=\"og:url\" content=\"https:\/\/www.yucatanencorto.com\/noticias\/mas-de-5-kilometros-de-arte-y-cultura-llenaran-el-espacio-publico-en-la-noche-blanca-2026\/\" \/>\n<meta property=\"og:site_name\" content=\"Yucat\u00e1n en corto\" \/>\n<meta property=\"article:publisher\" content=\"http:\/\/www.facebook.com\/yucatanencorto\" \/>\n<meta property=\"article:published_time\" content=\"2026-04-29T02:56:06+00:00\" \/>\n<meta property=\"og:image\" content=\"https:\/\/www.yucatanencorto.com\/noticias\/wp-content\/uploads\/2026\/04\/IMG-20260428-WA0142-scaled.jpg\" \/>\n\t<meta property=\"og:image:width\" content=\"768\" \/>\n\t<meta property=\"og:image:height\" content=\"512\" \/>\n\t<meta property=\"og:image:type\" content=\"image\/jpeg\" \/>\n<meta name=\"author\" content=\"Yucat\u00e1n en Corto\" \/>\n<meta name=\"twitter:card\" content=\"summary_large_image\" \/>\n<meta name=\"twitter:creator\" content=\"@yucatanencorto\" \/>\n<meta name=\"twitter:site\" content=\"@yucatanencorto\" \/>\n<meta name=\"twitter:label1\" content=\"Escrito por\" \/>\n\t<meta name=\"twitter:data1\" content=\"Yucat\u00e1n en Corto\" \/>\n\t<meta name=\"twitter:label2\" content=\"Tiempo de lectura\" \/>\n\t<meta name=\"twitter:data2\" content=\"5 minutos\" \/>\n<script type=\"application\/ld+json\" class=\"yoast-schema-graph\">{\"@context\":\"https:\\\/\\\/schema.org\",\"@graph\":[{\"@type\":\"Article\",\"@id\":\"https:\\\/\\\/www.yucatanencorto.com\\\/noticias\\\/mas-de-5-kilometros-de-arte-y-cultura-llenaran-el-espacio-publico-en-la-noche-blanca-2026\\\/#article\",\"isPartOf\":{\"@id\":\"https:\\\/\\\/www.yucatanencorto.com\\\/noticias\\\/mas-de-5-kilometros-de-arte-y-cultura-llenaran-el-espacio-publico-en-la-noche-blanca-2026\\\/\"},\"author\":{\"name\":\"Yucat\u00e1n en Corto\",\"@id\":\"https:\\\/\\\/www.yucatanencorto.com\\\/noticias\\\/#\\\/schema\\\/person\\\/f0ec40c33447bbc0dc2d01d3006de771\"},\"headline\":\"M\u00e1s de 5 kil\u00f3metros de arte y cultura\u201d llenar\u00e1n el espacio p\u00fablico en La Noche Blanca 2026.\",\"datePublished\":\"2026-04-29T02:56:06+00:00\",\"mainEntityOfPage\":{\"@id\":\"https:\\\/\\\/www.yucatanencorto.com\\\/noticias\\\/mas-de-5-kilometros-de-arte-y-cultura-llenaran-el-espacio-publico-en-la-noche-blanca-2026\\\/\"},\"wordCount\":960,\"image\":{\"@id\":\"https:\\\/\\\/www.yucatanencorto.com\\\/noticias\\\/mas-de-5-kilometros-de-arte-y-cultura-llenaran-el-espacio-publico-en-la-noche-blanca-2026\\\/#primaryimage\"},\"thumbnailUrl\":\"https:\\\/\\\/www.yucatanencorto.com\\\/noticias\\\/wp-content\\\/uploads\\\/2026\\\/04\\\/IMG-20260428-WA0142-scaled.jpg\",\"articleSection\":[\"M\u00e9rida\"],\"inLanguage\":\"es\"},{\"@type\":\"WebPage\",\"@id\":\"https:\\\/\\\/www.yucatanencorto.com\\\/noticias\\\/mas-de-5-kilometros-de-arte-y-cultura-llenaran-el-espacio-publico-en-la-noche-blanca-2026\\\/\",\"url\":\"https:\\\/\\\/www.yucatanencorto.com\\\/noticias\\\/mas-de-5-kilometros-de-arte-y-cultura-llenaran-el-espacio-publico-en-la-noche-blanca-2026\\\/\",\"name\":\"M\u00e1s de 5 kil\u00f3metros de arte y cultura\u201d llenar\u00e1n el espacio p\u00fablico en La Noche Blanca 2026. - Yucat\u00e1n en corto\",\"isPartOf\":{\"@id\":\"https:\\\/\\\/www.yucatanencorto.com\\\/noticias\\\/#website\"},\"primaryImageOfPage\":{\"@id\":\"https:\\\/\\\/www.yucatanencorto.com\\\/noticias\\\/mas-de-5-kilometros-de-arte-y-cultura-llenaran-el-espacio-publico-en-la-noche-blanca-2026\\\/#primaryimage\"},\"image\":{\"@id\":\"https:\\\/\\\/www.yucatanencorto.com\\\/noticias\\\/mas-de-5-kilometros-de-arte-y-cultura-llenaran-el-espacio-publico-en-la-noche-blanca-2026\\\/#primaryimage\"},\"thumbnailUrl\":\"https:\\\/\\\/www.yucatanencorto.com\\\/noticias\\\/wp-content\\\/uploads\\\/2026\\\/04\\\/IMG-20260428-WA0142-scaled.jpg\",\"datePublished\":\"2026-04-29T02:56:06+00:00\",\"author\":{\"@id\":\"https:\\\/\\\/www.yucatanencorto.com\\\/noticias\\\/#\\\/schema\\\/person\\\/f0ec40c33447bbc0dc2d01d3006de771\"},\"breadcrumb\":{\"@id\":\"https:\\\/\\\/www.yucatanencorto.com\\\/noticias\\\/mas-de-5-kilometros-de-arte-y-cultura-llenaran-el-espacio-publico-en-la-noche-blanca-2026\\\/#breadcrumb\"},\"inLanguage\":\"es\",\"potentialAction\":[{\"@type\":\"ReadAction\",\"target\":[\"https:\\\/\\\/www.yucatanencorto.com\\\/noticias\\\/mas-de-5-kilometros-de-arte-y-cultura-llenaran-el-espacio-publico-en-la-noche-blanca-2026\\\/\"]}]},{\"@type\":\"ImageObject\",\"inLanguage\":\"es\",\"@id\":\"https:\\\/\\\/www.yucatanencorto.com\\\/noticias\\\/mas-de-5-kilometros-de-arte-y-cultura-llenaran-el-espacio-publico-en-la-noche-blanca-2026\\\/#primaryimage\",\"url\":\"https:\\\/\\\/www.yucatanencorto.com\\\/noticias\\\/wp-content\\\/uploads\\\/2026\\\/04\\\/IMG-20260428-WA0142-scaled.jpg\",\"contentUrl\":\"https:\\\/\\\/www.yucatanencorto.com\\\/noticias\\\/wp-content\\\/uploads\\\/2026\\\/04\\\/IMG-20260428-WA0142-scaled.jpg\",\"width\":768,\"height\":512},{\"@type\":\"BreadcrumbList\",\"@id\":\"https:\\\/\\\/www.yucatanencorto.com\\\/noticias\\\/mas-de-5-kilometros-de-arte-y-cultura-llenaran-el-espacio-publico-en-la-noche-blanca-2026\\\/#breadcrumb\",\"itemListElement\":[{\"@type\":\"ListItem\",\"position\":1,\"name\":\"Portada\",\"item\":\"https:\\\/\\\/www.yucatanencorto.com\\\/noticias\\\/\"},{\"@type\":\"ListItem\",\"position\":2,\"name\":\"M\u00e1s de 5 kil\u00f3metros de arte y cultura\u201d llenar\u00e1n el espacio p\u00fablico en La Noche Blanca 2026.\"}]},{\"@type\":\"WebSite\",\"@id\":\"https:\\\/\\\/www.yucatanencorto.com\\\/noticias\\\/#website\",\"url\":\"https:\\\/\\\/www.yucatanencorto.com\\\/noticias\\\/\",\"name\":\"Yucat\u00e1n en corto\",\"description\":\"Noticias\",\"potentialAction\":[{\"@type\":\"SearchAction\",\"target\":{\"@type\":\"EntryPoint\",\"urlTemplate\":\"https:\\\/\\\/www.yucatanencorto.com\\\/noticias\\\/?s={search_term_string}\"},\"query-input\":{\"@type\":\"PropertyValueSpecification\",\"valueRequired\":true,\"valueName\":\"search_term_string\"}}],\"inLanguage\":\"es\"},{\"@type\":\"Person\",\"@id\":\"https:\\\/\\\/www.yucatanencorto.com\\\/noticias\\\/#\\\/schema\\\/person\\\/f0ec40c33447bbc0dc2d01d3006de771\",\"name\":\"Yucat\u00e1n en Corto\",\"image\":{\"@type\":\"ImageObject\",\"inLanguage\":\"es\",\"@id\":\"https:\\\/\\\/secure.gravatar.com\\\/avatar\\\/20e0a6b626f38fa8e545fb3f80ce566efd790bf8877e65c3a482460cc3e0b5d1?s=96&d=mm&r=g\",\"url\":\"https:\\\/\\\/secure.gravatar.com\\\/avatar\\\/20e0a6b626f38fa8e545fb3f80ce566efd790bf8877e65c3a482460cc3e0b5d1?s=96&d=mm&r=g\",\"contentUrl\":\"https:\\\/\\\/secure.gravatar.com\\\/avatar\\\/20e0a6b626f38fa8e545fb3f80ce566efd790bf8877e65c3a482460cc3e0b5d1?s=96&d=mm&r=g\",\"caption\":\"Yucat\u00e1n en Corto\"},\"url\":\"https:\\\/\\\/www.yucatanencorto.com\\\/noticias\\\/author\\\/editor25\\\/\"}]}<\/script>\n<!-- \/ Yoast SEO plugin. -->","yoast_head_json":{"title":"M\u00e1s de 5 kil\u00f3metros de arte y cultura\u201d llenar\u00e1n el espacio p\u00fablico en La Noche Blanca 2026. - Yucat\u00e1n en corto","robots":{"index":"index","follow":"follow","max-snippet":"max-snippet:-1","max-image-preview":"max-image-preview:large","max-video-preview":"max-video-preview:-1"},"canonical":"https:\/\/www.yucatanencorto.com\/noticias\/mas-de-5-kilometros-de-arte-y-cultura-llenaran-el-espacio-publico-en-la-noche-blanca-2026\/","og_locale":"es_ES","og_type":"article","og_title":"M\u00e1s de 5 kil\u00f3metros de arte y cultura\u201d llenar\u00e1n el espacio p\u00fablico en La Noche Blanca 2026. - Yucat\u00e1n en corto","og_description":"&nbsp; M\u00e9rida, Yucat\u00e1n a martes 28 de abril de 2026.- La presidenta municipal de M\u00e9rida, Cecilia Patr\u00f3n Laviada, encabez\u00f3 la presentaci\u00f3n del programa de actividades de La V\u00edspera y La Noche Blanca 2026, que se realizar\u00e1n los d\u00edas 22 y 23 de mayo, y que convertir\u00e1n nuevamente al espacio p\u00fablico en un gran escenario cultural [&hellip;]","og_url":"https:\/\/www.yucatanencorto.com\/noticias\/mas-de-5-kilometros-de-arte-y-cultura-llenaran-el-espacio-publico-en-la-noche-blanca-2026\/","og_site_name":"Yucat\u00e1n en corto","article_publisher":"http:\/\/www.facebook.com\/yucatanencorto","article_published_time":"2026-04-29T02:56:06+00:00","og_image":[{"width":768,"height":512,"url":"https:\/\/www.yucatanencorto.com\/noticias\/wp-content\/uploads\/2026\/04\/IMG-20260428-WA0142-scaled.jpg","type":"image\/jpeg"}],"author":"Yucat\u00e1n en Corto","twitter_card":"summary_large_image","twitter_creator":"@yucatanencorto","twitter_site":"@yucatanencorto","twitter_misc":{"Escrito por":"Yucat\u00e1n en Corto","Tiempo de lectura":"5 minutos"},"schema":{"@context":"https:\/\/schema.org","@graph":[{"@type":"Article","@id":"https:\/\/www.yucatanencorto.com\/noticias\/mas-de-5-kilometros-de-arte-y-cultura-llenaran-el-espacio-publico-en-la-noche-blanca-2026\/#article","isPartOf":{"@id":"https:\/\/www.yucatanencorto.com\/noticias\/mas-de-5-kilometros-de-arte-y-cultura-llenaran-el-espacio-publico-en-la-noche-blanca-2026\/"},"author":{"name":"Yucat\u00e1n en Corto","@id":"https:\/\/www.yucatanencorto.com\/noticias\/#\/schema\/person\/f0ec40c33447bbc0dc2d01d3006de771"},"headline":"M\u00e1s de 5 kil\u00f3metros de arte y cultura\u201d llenar\u00e1n el espacio p\u00fablico en La Noche Blanca 2026.","datePublished":"2026-04-29T02:56:06+00:00","mainEntityOfPage":{"@id":"https:\/\/www.yucatanencorto.com\/noticias\/mas-de-5-kilometros-de-arte-y-cultura-llenaran-el-espacio-publico-en-la-noche-blanca-2026\/"},"wordCount":960,"image":{"@id":"https:\/\/www.yucatanencorto.com\/noticias\/mas-de-5-kilometros-de-arte-y-cultura-llenaran-el-espacio-publico-en-la-noche-blanca-2026\/#primaryimage"},"thumbnailUrl":"https:\/\/www.yucatanencorto.com\/noticias\/wp-content\/uploads\/2026\/04\/IMG-20260428-WA0142-scaled.jpg","articleSection":["M\u00e9rida"],"inLanguage":"es"},{"@type":"WebPage","@id":"https:\/\/www.yucatanencorto.com\/noticias\/mas-de-5-kilometros-de-arte-y-cultura-llenaran-el-espacio-publico-en-la-noche-blanca-2026\/","url":"https:\/\/www.yucatanencorto.com\/noticias\/mas-de-5-kilometros-de-arte-y-cultura-llenaran-el-espacio-publico-en-la-noche-blanca-2026\/","name":"M\u00e1s de 5 kil\u00f3metros de arte y cultura\u201d llenar\u00e1n el espacio p\u00fablico en La Noche Blanca 2026. - Yucat\u00e1n en corto","isPartOf":{"@id":"https:\/\/www.yucatanencorto.com\/noticias\/#website"},"primaryImageOfPage":{"@id":"https:\/\/www.yucatanencorto.com\/noticias\/mas-de-5-kilometros-de-arte-y-cultura-llenaran-el-espacio-publico-en-la-noche-blanca-2026\/#primaryimage"},"image":{"@id":"https:\/\/www.yucatanencorto.com\/noticias\/mas-de-5-kilometros-de-arte-y-cultura-llenaran-el-espacio-publico-en-la-noche-blanca-2026\/#primaryimage"},"thumbnailUrl":"https:\/\/www.yucatanencorto.com\/noticias\/wp-content\/uploads\/2026\/04\/IMG-20260428-WA0142-scaled.jpg","datePublished":"2026-04-29T02:56:06+00:00","author":{"@id":"https:\/\/www.yucatanencorto.com\/noticias\/#\/schema\/person\/f0ec40c33447bbc0dc2d01d3006de771"},"breadcrumb":{"@id":"https:\/\/www.yucatanencorto.com\/noticias\/mas-de-5-kilometros-de-arte-y-cultura-llenaran-el-espacio-publico-en-la-noche-blanca-2026\/#breadcrumb"},"inLanguage":"es","potentialAction":[{"@type":"ReadAction","target":["https:\/\/www.yucatanencorto.com\/noticias\/mas-de-5-kilometros-de-arte-y-cultura-llenaran-el-espacio-publico-en-la-noche-blanca-2026\/"]}]},{"@type":"ImageObject","inLanguage":"es","@id":"https:\/\/www.yucatanencorto.com\/noticias\/mas-de-5-kilometros-de-arte-y-cultura-llenaran-el-espacio-publico-en-la-noche-blanca-2026\/#primaryimage","url":"https:\/\/www.yucatanencorto.com\/noticias\/wp-content\/uploads\/2026\/04\/IMG-20260428-WA0142-scaled.jpg","contentUrl":"https:\/\/www.yucatanencorto.com\/noticias\/wp-content\/uploads\/2026\/04\/IMG-20260428-WA0142-scaled.jpg","width":768,"height":512},{"@type":"BreadcrumbList","@id":"https:\/\/www.yucatanencorto.com\/noticias\/mas-de-5-kilometros-de-arte-y-cultura-llenaran-el-espacio-publico-en-la-noche-blanca-2026\/#breadcrumb","itemListElement":[{"@type":"ListItem","position":1,"name":"Portada","item":"https:\/\/www.yucatanencorto.com\/noticias\/"},{"@type":"ListItem","position":2,"name":"M\u00e1s de 5 kil\u00f3metros de arte y cultura\u201d llenar\u00e1n el espacio p\u00fablico en La Noche Blanca 2026."}]},{"@type":"WebSite","@id":"https:\/\/www.yucatanencorto.com\/noticias\/#website","url":"https:\/\/www.yucatanencorto.com\/noticias\/","name":"Yucat\u00e1n en corto","description":"Noticias","potentialAction":[{"@type":"SearchAction","target":{"@type":"EntryPoint","urlTemplate":"https:\/\/www.yucatanencorto.com\/noticias\/?s={search_term_string}"},"query-input":{"@type":"PropertyValueSpecification","valueRequired":true,"valueName":"search_term_string"}}],"inLanguage":"es"},{"@type":"Person","@id":"https:\/\/www.yucatanencorto.com\/noticias\/#\/schema\/person\/f0ec40c33447bbc0dc2d01d3006de771","name":"Yucat\u00e1n en Corto","image":{"@type":"ImageObject","inLanguage":"es","@id":"https:\/\/secure.gravatar.com\/avatar\/20e0a6b626f38fa8e545fb3f80ce566efd790bf8877e65c3a482460cc3e0b5d1?s=96&d=mm&r=g","url":"https:\/\/secure.gravatar.com\/avatar\/20e0a6b626f38fa8e545fb3f80ce566efd790bf8877e65c3a482460cc3e0b5d1?s=96&d=mm&r=g","contentUrl":"https:\/\/secure.gravatar.com\/avatar\/20e0a6b626f38fa8e545fb3f80ce566efd790bf8877e65c3a482460cc3e0b5d1?s=96&d=mm&r=g","caption":"Yucat\u00e1n en Corto"},"url":"https:\/\/www.yucatanencorto.com\/noticias\/author\/editor25\/"}]}},"_links":{"self":[{"href":"https:\/\/www.yucatanencorto.com\/noticias\/wp-json\/wp\/v2\/posts\/116984","targetHints":{"allow":["GET"]}}],"collection":[{"href":"https:\/\/www.yucatanencorto.com\/noticias\/wp-json\/wp\/v2\/posts"}],"about":[{"href":"https:\/\/www.yucatanencorto.com\/noticias\/wp-json\/wp\/v2\/types\/post"}],"author":[{"embeddable":true,"href":"https:\/\/www.yucatanencorto.com\/noticias\/wp-json\/wp\/v2\/users\/4"}],"replies":[{"embeddable":true,"href":"https:\/\/www.yucatanencorto.com\/noticias\/wp-json\/wp\/v2\/comments?post=116984"}],"version-history":[{"count":1,"href":"https:\/\/www.yucatanencorto.com\/noticias\/wp-json\/wp\/v2\/posts\/116984\/revisions"}],"predecessor-version":[{"id":116986,"href":"https:\/\/www.yucatanencorto.com\/noticias\/wp-json\/wp\/v2\/posts\/116984\/revisions\/116986"}],"wp:featuredmedia":[{"embeddable":true,"href":"https:\/\/www.yucatanencorto.com\/noticias\/wp-json\/wp\/v2\/media\/116985"}],"wp:attachment":[{"href":"https:\/\/www.yucatanencorto.com\/noticias\/wp-json\/wp\/v2\/media?parent=116984"}],"wp:term":[{"taxonomy":"category","embeddable":true,"href":"https:\/\/www.yucatanencorto.com\/noticias\/wp-json\/wp\/v2\/categories?post=116984"},{"taxonomy":"post_tag","embeddable":true,"href":"https:\/\/www.yucatanencorto.com\/noticias\/wp-json\/wp\/v2\/tags?post=116984"}],"curies":[{"name":"wp","href":"https:\/\/api.w.org\/{rel}","templated":true}]}}