{"id":116990,"date":"2026-04-29T14:41:01","date_gmt":"2026-04-29T20:41:01","guid":{"rendered":"https:\/\/www.yucatanencorto.com\/noticias\/?p=116990"},"modified":"2026-04-29T14:41:01","modified_gmt":"2026-04-29T20:41:01","slug":"el-fiscal-general-del-estado-comparecio-ante-la-lxiii-legislatura-de-yucatan-para-rendir-cuentas","status":"publish","type":"post","link":"https:\/\/www.yucatanencorto.com\/noticias\/el-fiscal-general-del-estado-comparecio-ante-la-lxiii-legislatura-de-yucatan-para-rendir-cuentas\/","title":{"rendered":"El Fiscal General del Estado compareci\u00f3 ante la LXIII Legislatura de Yucat\u00e1n para rendir cuentas."},"content":{"rendered":"<p><img loading=\"lazy\" decoding=\"async\" class=\"alignnone size-full wp-image-116991\" src=\"https:\/\/www.yucatanencorto.com\/noticias\/wp-content\/uploads\/2026\/04\/IMG-20260429-WA0064-scaled.jpg\" alt=\"\" width=\"768\" height=\"512\" srcset=\"https:\/\/www.yucatanencorto.com\/noticias\/wp-content\/uploads\/2026\/04\/IMG-20260429-WA0064-scaled.jpg 768w, https:\/\/www.yucatanencorto.com\/noticias\/wp-content\/uploads\/2026\/04\/IMG-20260429-WA0064-1536x1024.jpg 1536w, https:\/\/www.yucatanencorto.com\/noticias\/wp-content\/uploads\/2026\/04\/IMG-20260429-WA0064-2048x1365.jpg 2048w, https:\/\/www.yucatanencorto.com\/noticias\/wp-content\/uploads\/2026\/04\/IMG-20260429-WA0064-150x100.jpg 150w, https:\/\/www.yucatanencorto.com\/noticias\/wp-content\/uploads\/2026\/04\/IMG-20260429-WA0064-300x200.jpg 300w, https:\/\/www.yucatanencorto.com\/noticias\/wp-content\/uploads\/2026\/04\/IMG-20260429-WA0064-696x464.jpg 696w, https:\/\/www.yucatanencorto.com\/noticias\/wp-content\/uploads\/2026\/04\/IMG-20260429-WA0064-1068x712.jpg 1068w, https:\/\/www.yucatanencorto.com\/noticias\/wp-content\/uploads\/2026\/04\/IMG-20260429-WA0064-1920x1280.jpg 1920w\" sizes=\"auto, (max-width: 768px) 100vw, 768px\" \/><\/p>\n<p>&nbsp;<\/p>\n<p>M\u00e9rida, Yucat\u00e1n, 29 de abril del 2026.- Ante diputadas y diputados de la LXIII Legislatura, el Fiscal General del Estado, Juan Manuel Le\u00f3n Le\u00f3n afirm\u00f3 que la transformaci\u00f3n institucional que encabeza es una decisi\u00f3n irreversible que ya es visible, por lo que es \u00abes una ruta en marcha, que no se detendr\u00e1\u00bb.<\/p>\n<p>&nbsp;<\/p>\n<p>El abogado del Estado compareci\u00f3 ante el pleno del Congreso para presentar resultados que guarda la FGE y trazar la estrategia de las acciones comprometidas para los pr\u00f3ximos meses.<\/p>\n<p>&nbsp;<\/p>\n<p>En su intervenci\u00f3n, el titular de la FGE coloc\u00f3 a la atenci\u00f3n ciudadana como pol\u00edtica central de la instituci\u00f3n y describi\u00f3 el giro de paradigma que ha impulsado su gesti\u00f3n: abandonar el modelo de atenci\u00f3n pasiva para llevar al Ministerio P\u00fablico directamente a los municipios a trav\u00e9s de audiencias p\u00fablicas donde se reciben denuncias y se da seguimiento personalizado.<\/p>\n<p>&nbsp;<\/p>\n<p>\u00abUna carpeta de investigaci\u00f3n no es un n\u00famero: es una historia de vida, es una familia, es una exigencia leg\u00edtima, por lo que escuchar no basta, porque si no hay soluci\u00f3n, no hay procuraci\u00f3n de justicia\u00bb, subray\u00f3.<\/p>\n<p>&nbsp;<\/p>\n<p>Ante el secretario General del Gobierno, Omar P\u00e9rez Avil\u00e9s, la presidenta del Tribunal Superior de Justicia, Erika Beatriz Torres L\u00f3pez, la presidenta honoraria del DIF Yucat\u00e1n, maestra, Wendy M\u00e9ndez Naal, representantes de las Fuerzas Armadas, sector empresarial, asociaciones civiles y autoridades acad\u00e9micas, el Fiscal General del Estado rindi\u00f3 su segundo informe, en donde hizo un balance de acciones realizadas, as\u00ed como retos y metas de la instituci\u00f3n.<\/p>\n<p>&nbsp;<\/p>\n<p>El n\u00famero de personas atendidas a diario y el contacto directo con la ciudadan\u00eda nos permite evaluar el grado de confianza de los usuarios y ante ello no nos queda m\u00e1s que agradecer, que acudan a diario para la soluci\u00f3n de alg\u00fan problema, pues para ello nos esforzamos y seguimos trabajando, dijo.<\/p>\n<p>Uno de los ejes centrales expuestos fue el cambio en la forma de operar: ahora la Fiscal\u00eda sale al encuentro de la ciudadan\u00eda. A trav\u00e9s de audiencias p\u00fablicas en municipios, fiscales, directivos y el propio titular, se atiende de manera directa a la poblaci\u00f3n, dando seguimiento personalizado a sus denuncias.<\/p>\n<p>&nbsp;<\/p>\n<p>En cifras, destac\u00f3 que, a dos a\u00f1os de la puesta en marcha del programa de abatimiento de rezago de carpetas ya se registr\u00f3 un avance del 64 por ciento, labor que se suma a la atenci\u00f3n de m\u00e1s de 5,500 denuncias interpuestas mensualmente en el edificio central, las tres agencias perif\u00e9ricas y las 11 existentes en el interior del Estado.<\/p>\n<p>&nbsp;<\/p>\n<p>De manera global, en el a\u00f1o 2025 se iniciaron 66 mil 900 expedientes, alcanzando una productividad general del 105 por ciento, lo que representa un 22 por ciento m\u00e1s que en el a\u00f1o 2024.<\/p>\n<p>&nbsp;<\/p>\n<p>Asimismo, se solicit\u00f3 la vinculaci\u00f3n a proceso de mil 549 imputados, de los cuales se vincularon a 1,446, alcanzando un 93.4 de efectividad, rubro al que se suma que durante el periodo que se informa se obtuvieron 413 sentencias, de las cuales 383 fueron condenatoria, lo que equivale a un 93 por ciento de efectividad.<\/p>\n<p>&nbsp;<\/p>\n<p>Tan solo durante el a\u00f1o pasado -indic\u00f3-, la Fiscal\u00eda brind\u00f3 atenci\u00f3n a m\u00e1s de 400 mil personas, respaldada por una red de 21 m\u00f3dulos de atenci\u00f3n ciudadana y un proceso de capacitaci\u00f3n que alcanz\u00f3 a 977 servidores p\u00fablicos en temas de \u00e9tica, derechos humanos y sensibilizaci\u00f3n.<\/p>\n<p>&nbsp;<\/p>\n<p>Como parte de esa labor, el Instituto de Ciencias Forenses emiti\u00f3 117 mil 796 dict\u00e1menes periciales y expidi\u00f3 110 mil 732 Certificados de Antecedentes no Penales, se prosigui\u00f3 con la remodelaci\u00f3n y modernizaci\u00f3n del Semefo y se inauguraron las nuevas instalaciones de la Unidad de Atenci\u00f3n y Determinaci\u00f3n Temprana, donde a diario se recibe a cientos de personas que llegan a denunciar.<\/p>\n<p>A ello se suman las mejoras del edificio central; la Unidad de Ni\u00f1os, Ni\u00f1as y Adolescentes; la Unidad de Delitos Sexuales, adem\u00e1s del mejoramiento de las agencias del Sector Norte, Sur, Oriente y las del interior del Estado en Motul, Tekax, Maxcan\u00fa, Kanas\u00edn y Um\u00e1n.<\/p>\n<p>En materia de fortalecimiento tecnol\u00f3gico, ya se cuenta con equipos especializados como el Espectr\u00f3metro Viva-ProE, el Espectr\u00f3metro de luz infrarroja, el Microscopio Electr\u00f3nico de Barrido para el an\u00e1lisis de residuos de disparo con arma de fuego, a los que se suman equipos de cuantificaci\u00f3n y purificaci\u00f3n de ADN para identificaci\u00f3n de personas.<\/p>\n<p>&nbsp;<\/p>\n<p>Por lo que toca al rubro de Mediaci\u00f3n, en este periodo se determinaron 3 mil 802 acuerdos reparatorios y se recuperaron 160.2 millones de pesos como reparaci\u00f3n del da\u00f1o en favor de las v\u00edctimas, lo que representa un 91 por ciento de efectividad. Actualmente, dicha unidad cuenta con 47 facilitadores certificados.<\/p>\n<p>&nbsp;<\/p>\n<p>A estos n\u00fameros se suman los del \u00e1rea especializada en prevenci\u00f3n del delito, a trav\u00e9s de la cual se realizaron mil 715 actividades entre pl\u00e1ticas, talleres y ferias, beneficiando a 117 mil 752 personas, lo que se traduce en un 20 por ciento m\u00e1s en n\u00famero de actividades y un incremento del 36 por ciento de personas beneficiadas.<\/p>\n<p>&nbsp;<\/p>\n<p>La modernizaci\u00f3n, agreg\u00f3, ha sido clave en este proceso, por lo que hizo \u00e9nfasis en la importancia de inversiones estrat\u00e9gicas en parque vehicular, tecnolog\u00eda, infraestructura y equipamiento, con el objetivo de fortalecer la investigaci\u00f3n y dignificar la atenci\u00f3n a las v\u00edctimas.<\/p>\n<p>&nbsp;<\/p>\n<p>Durante su comparecencia, el titular de la Fiscal\u00eda deline\u00f3 una estrategia institucional de cinco puntos para continuar el avance durante este a\u00f1o:<\/p>\n<p>Habr\u00e1 Audiencias Ciudadanas en municipios que no cuentan con unidades de investigaci\u00f3n, iniciando en el municipio de Peto en mayo pr\u00f3ximo, con lo que la FGE llevar\u00e1 al Ministerio P\u00fablico a donde no se cuente con una agencia.<\/p>\n<p>&nbsp;<\/p>\n<p>De igual manera, la remodelaci\u00f3n y modernizaci\u00f3n de m\u00e1s instalaciones, con lo que se dar\u00e1 continuidad al programa de dignificaci\u00f3n de espacios de atenci\u00f3n. La pr\u00f3xima intervenci\u00f3n se realizar\u00e1 en la Unidad de Investigaci\u00f3n de Progreso.<\/p>\n<p>&nbsp;<\/p>\n<p>El tercer punto est\u00e1 basado en la continuaci\u00f3n de la profesionalizaci\u00f3n especializada de los fiscales de la instituci\u00f3n, recordando que los ministerios p\u00fablicos adscritos a juzgados familiares, civiles y mercantiles ya reciben capacitaci\u00f3n diferenciada. Pr\u00f3ximamente se extender\u00e1 al resto de las \u00e1reas.<\/p>\n<p>&nbsp;<\/p>\n<p>El cuarto punto se enfocar\u00e1 al fortalecimiento y la certificaci\u00f3n continua del Instituto de Ciencias Forenses, por lo que se proseguir\u00e1 con la adquisici\u00f3n de equipos de \u00faltima generaci\u00f3n para robustecer la capacidad cient\u00edfica de los laboratorios y fortalecer el sustento legal de las investigaciones ante la comisi\u00f3n de alg\u00fan delito.<\/p>\n<p>Y en el \u00faltimo, anunci\u00f3 que este a\u00f1o se integrar\u00e1 el Comit\u00e9 de Participaci\u00f3n Ciudadana de la FGE, instancia en la que confluir\u00e1n acad\u00e9micos, organizaciones de la sociedad civil, sector empresarial y medios de comunicaci\u00f3n, con el prop\u00f3sito de dotar de mayor transparencia y legitimidad al trabajo cotidiano de la instituci\u00f3n.<\/p>\n<p>Le\u00f3n Le\u00f3n reconoci\u00f3 ante el Poder Legislativo que la transformaci\u00f3n \u00aba\u00fan no est\u00e1 concluida\u00bb y que persisten retos y \u00e1reas de oportunidad. Sin embargo, present\u00f3 como evidencia del avance la inversi\u00f3n en infraestructura tecnol\u00f3gica, nuevo parque vehicular, equipos de c\u00f3mputo y telecomunicaciones.<\/p>\n<p>&nbsp;<\/p>\n<p>El mensaje fue expl\u00edcito respecto a quienes no se adapten al nuevo modelo: \u00abquien no est\u00e9 a la altura de esta transformaci\u00f3n, no tiene cabida en la Fiscal\u00eda General\u00bb, se\u00f1al\u00f3.<\/p>\n<p>&nbsp;<\/p>\n<p>Al t\u00e9rmino de su discurso, el Fiscal agradeci\u00f3 la coordinaci\u00f3n institucional con el Ejecutivo estatal, encabezado por el gobernador Joaqu\u00edn D\u00edaz Mena, as\u00ed como con la Secretar\u00eda de Seguridad P\u00fablica, el Poder Judicial, las Fuerzas Armadas, la Guardia Nacional, la FGR y los cuerpos policiales municipales.<\/p>\n<p>Juan Manuel Le\u00f3n, agradeci\u00f3 tambi\u00e9n a los servidores p\u00fablicos de la Fiscal\u00eda que a diario se esfuerzan por garantizar una atenci\u00f3n sensible y emp\u00e1tica a quienes acuden a realizar un tr\u00e1mite, realizar un servicio o interponer una denuncia.<\/p>\n<p>&nbsp;<\/p>\n<p>\u201cYucat\u00e1n merece una Fiscal\u00eda a la altura de su gente. Una Fiscal\u00eda cercana, humana y eficiente. Que escuche, pero sobre todo, que resuelva: porque la confianza no se pide, se gana\u201d, finaliz\u00f3.<\/p>\n","protected":false},"excerpt":{"rendered":"<p>&nbsp; M\u00e9rida, Yucat\u00e1n, 29 de abril del 2026.- Ante diputadas y diputados de la LXIII Legislatura, el Fiscal General del Estado, Juan Manuel Le\u00f3n Le\u00f3n afirm\u00f3 que la transformaci\u00f3n institucional que encabeza es una decisi\u00f3n irreversible que ya es visible, por lo que es \u00abes una ruta en marcha, que no se detendr\u00e1\u00bb. &nbsp; El [&hellip;]<\/p>\n","protected":false},"author":4,"featured_media":116991,"comment_status":"closed","ping_status":"closed","sticky":false,"template":"","format":"standard","meta":{"footnotes":""},"categories":[3],"tags":[],"class_list":{"0":"post-116990","1":"post","2":"type-post","3":"status-publish","4":"format-standard","5":"has-post-thumbnail","7":"category-yucatan"},"yoast_head":"<!-- This site is optimized with the Yoast SEO plugin v27.4 - https:\/\/yoast.com\/product\/yoast-seo-wordpress\/ -->\n<title>El Fiscal General del Estado compareci\u00f3 ante la LXIII Legislatura de Yucat\u00e1n para rendir cuentas. - Yucat\u00e1n en corto<\/title>\n<meta name=\"robots\" content=\"index, follow, max-snippet:-1, max-image-preview:large, max-video-preview:-1\" \/>\n<link rel=\"canonical\" href=\"https:\/\/www.yucatanencorto.com\/noticias\/el-fiscal-general-del-estado-comparecio-ante-la-lxiii-legislatura-de-yucatan-para-rendir-cuentas\/\" \/>\n<meta property=\"og:locale\" content=\"es_ES\" \/>\n<meta property=\"og:type\" content=\"article\" \/>\n<meta property=\"og:title\" content=\"El Fiscal General del Estado compareci\u00f3 ante la LXIII Legislatura de Yucat\u00e1n para rendir cuentas. - Yucat\u00e1n en corto\" \/>\n<meta property=\"og:description\" content=\"&nbsp; M\u00e9rida, Yucat\u00e1n, 29 de abril del 2026.- Ante diputadas y diputados de la LXIII Legislatura, el Fiscal General del Estado, Juan Manuel Le\u00f3n Le\u00f3n afirm\u00f3 que la transformaci\u00f3n institucional que encabeza es una decisi\u00f3n irreversible que ya es visible, por lo que es \u00abes una ruta en marcha, que no se detendr\u00e1\u00bb. &nbsp; El [&hellip;]\" \/>\n<meta property=\"og:url\" content=\"https:\/\/www.yucatanencorto.com\/noticias\/el-fiscal-general-del-estado-comparecio-ante-la-lxiii-legislatura-de-yucatan-para-rendir-cuentas\/\" \/>\n<meta property=\"og:site_name\" content=\"Yucat\u00e1n en corto\" \/>\n<meta property=\"article:publisher\" content=\"http:\/\/www.facebook.com\/yucatanencorto\" \/>\n<meta property=\"article:published_time\" content=\"2026-04-29T20:41:01+00:00\" \/>\n<meta property=\"og:image\" content=\"https:\/\/www.yucatanencorto.com\/noticias\/wp-content\/uploads\/2026\/04\/IMG-20260429-WA0064-scaled.jpg\" \/>\n\t<meta property=\"og:image:width\" content=\"768\" \/>\n\t<meta property=\"og:image:height\" content=\"512\" \/>\n\t<meta property=\"og:image:type\" content=\"image\/jpeg\" \/>\n<meta name=\"author\" content=\"Yucat\u00e1n en Corto\" \/>\n<meta name=\"twitter:card\" content=\"summary_large_image\" \/>\n<meta name=\"twitter:creator\" content=\"@yucatanencorto\" \/>\n<meta name=\"twitter:site\" content=\"@yucatanencorto\" \/>\n<meta name=\"twitter:label1\" content=\"Escrito por\" \/>\n\t<meta name=\"twitter:data1\" content=\"Yucat\u00e1n en Corto\" \/>\n\t<meta name=\"twitter:label2\" content=\"Tiempo de lectura\" \/>\n\t<meta name=\"twitter:data2\" content=\"7 minutos\" \/>\n<script type=\"application\/ld+json\" class=\"yoast-schema-graph\">{\"@context\":\"https:\\\/\\\/schema.org\",\"@graph\":[{\"@type\":\"Article\",\"@id\":\"https:\\\/\\\/www.yucatanencorto.com\\\/noticias\\\/el-fiscal-general-del-estado-comparecio-ante-la-lxiii-legislatura-de-yucatan-para-rendir-cuentas\\\/#article\",\"isPartOf\":{\"@id\":\"https:\\\/\\\/www.yucatanencorto.com\\\/noticias\\\/el-fiscal-general-del-estado-comparecio-ante-la-lxiii-legislatura-de-yucatan-para-rendir-cuentas\\\/\"},\"author\":{\"name\":\"Yucat\u00e1n en Corto\",\"@id\":\"https:\\\/\\\/www.yucatanencorto.com\\\/noticias\\\/#\\\/schema\\\/person\\\/f0ec40c33447bbc0dc2d01d3006de771\"},\"headline\":\"El Fiscal General del Estado compareci\u00f3 ante la LXIII Legislatura de Yucat\u00e1n para rendir cuentas.\",\"datePublished\":\"2026-04-29T20:41:01+00:00\",\"mainEntityOfPage\":{\"@id\":\"https:\\\/\\\/www.yucatanencorto.com\\\/noticias\\\/el-fiscal-general-del-estado-comparecio-ante-la-lxiii-legislatura-de-yucatan-para-rendir-cuentas\\\/\"},\"wordCount\":1431,\"image\":{\"@id\":\"https:\\\/\\\/www.yucatanencorto.com\\\/noticias\\\/el-fiscal-general-del-estado-comparecio-ante-la-lxiii-legislatura-de-yucatan-para-rendir-cuentas\\\/#primaryimage\"},\"thumbnailUrl\":\"https:\\\/\\\/www.yucatanencorto.com\\\/noticias\\\/wp-content\\\/uploads\\\/2026\\\/04\\\/IMG-20260429-WA0064-scaled.jpg\",\"articleSection\":[\"Yucat\u00e1n\"],\"inLanguage\":\"es\"},{\"@type\":\"WebPage\",\"@id\":\"https:\\\/\\\/www.yucatanencorto.com\\\/noticias\\\/el-fiscal-general-del-estado-comparecio-ante-la-lxiii-legislatura-de-yucatan-para-rendir-cuentas\\\/\",\"url\":\"https:\\\/\\\/www.yucatanencorto.com\\\/noticias\\\/el-fiscal-general-del-estado-comparecio-ante-la-lxiii-legislatura-de-yucatan-para-rendir-cuentas\\\/\",\"name\":\"El Fiscal General del Estado compareci\u00f3 ante la LXIII Legislatura de Yucat\u00e1n para rendir cuentas. - Yucat\u00e1n en corto\",\"isPartOf\":{\"@id\":\"https:\\\/\\\/www.yucatanencorto.com\\\/noticias\\\/#website\"},\"primaryImageOfPage\":{\"@id\":\"https:\\\/\\\/www.yucatanencorto.com\\\/noticias\\\/el-fiscal-general-del-estado-comparecio-ante-la-lxiii-legislatura-de-yucatan-para-rendir-cuentas\\\/#primaryimage\"},\"image\":{\"@id\":\"https:\\\/\\\/www.yucatanencorto.com\\\/noticias\\\/el-fiscal-general-del-estado-comparecio-ante-la-lxiii-legislatura-de-yucatan-para-rendir-cuentas\\\/#primaryimage\"},\"thumbnailUrl\":\"https:\\\/\\\/www.yucatanencorto.com\\\/noticias\\\/wp-content\\\/uploads\\\/2026\\\/04\\\/IMG-20260429-WA0064-scaled.jpg\",\"datePublished\":\"2026-04-29T20:41:01+00:00\",\"author\":{\"@id\":\"https:\\\/\\\/www.yucatanencorto.com\\\/noticias\\\/#\\\/schema\\\/person\\\/f0ec40c33447bbc0dc2d01d3006de771\"},\"breadcrumb\":{\"@id\":\"https:\\\/\\\/www.yucatanencorto.com\\\/noticias\\\/el-fiscal-general-del-estado-comparecio-ante-la-lxiii-legislatura-de-yucatan-para-rendir-cuentas\\\/#breadcrumb\"},\"inLanguage\":\"es\",\"potentialAction\":[{\"@type\":\"ReadAction\",\"target\":[\"https:\\\/\\\/www.yucatanencorto.com\\\/noticias\\\/el-fiscal-general-del-estado-comparecio-ante-la-lxiii-legislatura-de-yucatan-para-rendir-cuentas\\\/\"]}]},{\"@type\":\"ImageObject\",\"inLanguage\":\"es\",\"@id\":\"https:\\\/\\\/www.yucatanencorto.com\\\/noticias\\\/el-fiscal-general-del-estado-comparecio-ante-la-lxiii-legislatura-de-yucatan-para-rendir-cuentas\\\/#primaryimage\",\"url\":\"https:\\\/\\\/www.yucatanencorto.com\\\/noticias\\\/wp-content\\\/uploads\\\/2026\\\/04\\\/IMG-20260429-WA0064-scaled.jpg\",\"contentUrl\":\"https:\\\/\\\/www.yucatanencorto.com\\\/noticias\\\/wp-content\\\/uploads\\\/2026\\\/04\\\/IMG-20260429-WA0064-scaled.jpg\",\"width\":768,\"height\":512},{\"@type\":\"BreadcrumbList\",\"@id\":\"https:\\\/\\\/www.yucatanencorto.com\\\/noticias\\\/el-fiscal-general-del-estado-comparecio-ante-la-lxiii-legislatura-de-yucatan-para-rendir-cuentas\\\/#breadcrumb\",\"itemListElement\":[{\"@type\":\"ListItem\",\"position\":1,\"name\":\"Portada\",\"item\":\"https:\\\/\\\/www.yucatanencorto.com\\\/noticias\\\/\"},{\"@type\":\"ListItem\",\"position\":2,\"name\":\"El Fiscal General del Estado compareci\u00f3 ante la LXIII Legislatura de Yucat\u00e1n para rendir cuentas.\"}]},{\"@type\":\"WebSite\",\"@id\":\"https:\\\/\\\/www.yucatanencorto.com\\\/noticias\\\/#website\",\"url\":\"https:\\\/\\\/www.yucatanencorto.com\\\/noticias\\\/\",\"name\":\"Yucat\u00e1n en corto\",\"description\":\"Noticias\",\"potentialAction\":[{\"@type\":\"SearchAction\",\"target\":{\"@type\":\"EntryPoint\",\"urlTemplate\":\"https:\\\/\\\/www.yucatanencorto.com\\\/noticias\\\/?s={search_term_string}\"},\"query-input\":{\"@type\":\"PropertyValueSpecification\",\"valueRequired\":true,\"valueName\":\"search_term_string\"}}],\"inLanguage\":\"es\"},{\"@type\":\"Person\",\"@id\":\"https:\\\/\\\/www.yucatanencorto.com\\\/noticias\\\/#\\\/schema\\\/person\\\/f0ec40c33447bbc0dc2d01d3006de771\",\"name\":\"Yucat\u00e1n en Corto\",\"image\":{\"@type\":\"ImageObject\",\"inLanguage\":\"es\",\"@id\":\"https:\\\/\\\/secure.gravatar.com\\\/avatar\\\/20e0a6b626f38fa8e545fb3f80ce566efd790bf8877e65c3a482460cc3e0b5d1?s=96&d=mm&r=g\",\"url\":\"https:\\\/\\\/secure.gravatar.com\\\/avatar\\\/20e0a6b626f38fa8e545fb3f80ce566efd790bf8877e65c3a482460cc3e0b5d1?s=96&d=mm&r=g\",\"contentUrl\":\"https:\\\/\\\/secure.gravatar.com\\\/avatar\\\/20e0a6b626f38fa8e545fb3f80ce566efd790bf8877e65c3a482460cc3e0b5d1?s=96&d=mm&r=g\",\"caption\":\"Yucat\u00e1n en Corto\"},\"url\":\"https:\\\/\\\/www.yucatanencorto.com\\\/noticias\\\/author\\\/editor25\\\/\"}]}<\/script>\n<!-- \/ Yoast SEO plugin. -->","yoast_head_json":{"title":"El Fiscal General del Estado compareci\u00f3 ante la LXIII Legislatura de Yucat\u00e1n para rendir cuentas. - Yucat\u00e1n en corto","robots":{"index":"index","follow":"follow","max-snippet":"max-snippet:-1","max-image-preview":"max-image-preview:large","max-video-preview":"max-video-preview:-1"},"canonical":"https:\/\/www.yucatanencorto.com\/noticias\/el-fiscal-general-del-estado-comparecio-ante-la-lxiii-legislatura-de-yucatan-para-rendir-cuentas\/","og_locale":"es_ES","og_type":"article","og_title":"El Fiscal General del Estado compareci\u00f3 ante la LXIII Legislatura de Yucat\u00e1n para rendir cuentas. - Yucat\u00e1n en corto","og_description":"&nbsp; M\u00e9rida, Yucat\u00e1n, 29 de abril del 2026.- Ante diputadas y diputados de la LXIII Legislatura, el Fiscal General del Estado, Juan Manuel Le\u00f3n Le\u00f3n afirm\u00f3 que la transformaci\u00f3n institucional que encabeza es una decisi\u00f3n irreversible que ya es visible, por lo que es \u00abes una ruta en marcha, que no se detendr\u00e1\u00bb. &nbsp; El [&hellip;]","og_url":"https:\/\/www.yucatanencorto.com\/noticias\/el-fiscal-general-del-estado-comparecio-ante-la-lxiii-legislatura-de-yucatan-para-rendir-cuentas\/","og_site_name":"Yucat\u00e1n en corto","article_publisher":"http:\/\/www.facebook.com\/yucatanencorto","article_published_time":"2026-04-29T20:41:01+00:00","og_image":[{"width":768,"height":512,"url":"https:\/\/www.yucatanencorto.com\/noticias\/wp-content\/uploads\/2026\/04\/IMG-20260429-WA0064-scaled.jpg","type":"image\/jpeg"}],"author":"Yucat\u00e1n en Corto","twitter_card":"summary_large_image","twitter_creator":"@yucatanencorto","twitter_site":"@yucatanencorto","twitter_misc":{"Escrito por":"Yucat\u00e1n en Corto","Tiempo de lectura":"7 minutos"},"schema":{"@context":"https:\/\/schema.org","@graph":[{"@type":"Article","@id":"https:\/\/www.yucatanencorto.com\/noticias\/el-fiscal-general-del-estado-comparecio-ante-la-lxiii-legislatura-de-yucatan-para-rendir-cuentas\/#article","isPartOf":{"@id":"https:\/\/www.yucatanencorto.com\/noticias\/el-fiscal-general-del-estado-comparecio-ante-la-lxiii-legislatura-de-yucatan-para-rendir-cuentas\/"},"author":{"name":"Yucat\u00e1n en Corto","@id":"https:\/\/www.yucatanencorto.com\/noticias\/#\/schema\/person\/f0ec40c33447bbc0dc2d01d3006de771"},"headline":"El Fiscal General del Estado compareci\u00f3 ante la LXIII Legislatura de Yucat\u00e1n para rendir cuentas.","datePublished":"2026-04-29T20:41:01+00:00","mainEntityOfPage":{"@id":"https:\/\/www.yucatanencorto.com\/noticias\/el-fiscal-general-del-estado-comparecio-ante-la-lxiii-legislatura-de-yucatan-para-rendir-cuentas\/"},"wordCount":1431,"image":{"@id":"https:\/\/www.yucatanencorto.com\/noticias\/el-fiscal-general-del-estado-comparecio-ante-la-lxiii-legislatura-de-yucatan-para-rendir-cuentas\/#primaryimage"},"thumbnailUrl":"https:\/\/www.yucatanencorto.com\/noticias\/wp-content\/uploads\/2026\/04\/IMG-20260429-WA0064-scaled.jpg","articleSection":["Yucat\u00e1n"],"inLanguage":"es"},{"@type":"WebPage","@id":"https:\/\/www.yucatanencorto.com\/noticias\/el-fiscal-general-del-estado-comparecio-ante-la-lxiii-legislatura-de-yucatan-para-rendir-cuentas\/","url":"https:\/\/www.yucatanencorto.com\/noticias\/el-fiscal-general-del-estado-comparecio-ante-la-lxiii-legislatura-de-yucatan-para-rendir-cuentas\/","name":"El Fiscal General del Estado compareci\u00f3 ante la LXIII Legislatura de Yucat\u00e1n para rendir cuentas. - Yucat\u00e1n en corto","isPartOf":{"@id":"https:\/\/www.yucatanencorto.com\/noticias\/#website"},"primaryImageOfPage":{"@id":"https:\/\/www.yucatanencorto.com\/noticias\/el-fiscal-general-del-estado-comparecio-ante-la-lxiii-legislatura-de-yucatan-para-rendir-cuentas\/#primaryimage"},"image":{"@id":"https:\/\/www.yucatanencorto.com\/noticias\/el-fiscal-general-del-estado-comparecio-ante-la-lxiii-legislatura-de-yucatan-para-rendir-cuentas\/#primaryimage"},"thumbnailUrl":"https:\/\/www.yucatanencorto.com\/noticias\/wp-content\/uploads\/2026\/04\/IMG-20260429-WA0064-scaled.jpg","datePublished":"2026-04-29T20:41:01+00:00","author":{"@id":"https:\/\/www.yucatanencorto.com\/noticias\/#\/schema\/person\/f0ec40c33447bbc0dc2d01d3006de771"},"breadcrumb":{"@id":"https:\/\/www.yucatanencorto.com\/noticias\/el-fiscal-general-del-estado-comparecio-ante-la-lxiii-legislatura-de-yucatan-para-rendir-cuentas\/#breadcrumb"},"inLanguage":"es","potentialAction":[{"@type":"ReadAction","target":["https:\/\/www.yucatanencorto.com\/noticias\/el-fiscal-general-del-estado-comparecio-ante-la-lxiii-legislatura-de-yucatan-para-rendir-cuentas\/"]}]},{"@type":"ImageObject","inLanguage":"es","@id":"https:\/\/www.yucatanencorto.com\/noticias\/el-fiscal-general-del-estado-comparecio-ante-la-lxiii-legislatura-de-yucatan-para-rendir-cuentas\/#primaryimage","url":"https:\/\/www.yucatanencorto.com\/noticias\/wp-content\/uploads\/2026\/04\/IMG-20260429-WA0064-scaled.jpg","contentUrl":"https:\/\/www.yucatanencorto.com\/noticias\/wp-content\/uploads\/2026\/04\/IMG-20260429-WA0064-scaled.jpg","width":768,"height":512},{"@type":"BreadcrumbList","@id":"https:\/\/www.yucatanencorto.com\/noticias\/el-fiscal-general-del-estado-comparecio-ante-la-lxiii-legislatura-de-yucatan-para-rendir-cuentas\/#breadcrumb","itemListElement":[{"@type":"ListItem","position":1,"name":"Portada","item":"https:\/\/www.yucatanencorto.com\/noticias\/"},{"@type":"ListItem","position":2,"name":"El Fiscal General del Estado compareci\u00f3 ante la LXIII Legislatura de Yucat\u00e1n para rendir cuentas."}]},{"@type":"WebSite","@id":"https:\/\/www.yucatanencorto.com\/noticias\/#website","url":"https:\/\/www.yucatanencorto.com\/noticias\/","name":"Yucat\u00e1n en corto","description":"Noticias","potentialAction":[{"@type":"SearchAction","target":{"@type":"EntryPoint","urlTemplate":"https:\/\/www.yucatanencorto.com\/noticias\/?s={search_term_string}"},"query-input":{"@type":"PropertyValueSpecification","valueRequired":true,"valueName":"search_term_string"}}],"inLanguage":"es"},{"@type":"Person","@id":"https:\/\/www.yucatanencorto.com\/noticias\/#\/schema\/person\/f0ec40c33447bbc0dc2d01d3006de771","name":"Yucat\u00e1n en Corto","image":{"@type":"ImageObject","inLanguage":"es","@id":"https:\/\/secure.gravatar.com\/avatar\/20e0a6b626f38fa8e545fb3f80ce566efd790bf8877e65c3a482460cc3e0b5d1?s=96&d=mm&r=g","url":"https:\/\/secure.gravatar.com\/avatar\/20e0a6b626f38fa8e545fb3f80ce566efd790bf8877e65c3a482460cc3e0b5d1?s=96&d=mm&r=g","contentUrl":"https:\/\/secure.gravatar.com\/avatar\/20e0a6b626f38fa8e545fb3f80ce566efd790bf8877e65c3a482460cc3e0b5d1?s=96&d=mm&r=g","caption":"Yucat\u00e1n en Corto"},"url":"https:\/\/www.yucatanencorto.com\/noticias\/author\/editor25\/"}]}},"_links":{"self":[{"href":"https:\/\/www.yucatanencorto.com\/noticias\/wp-json\/wp\/v2\/posts\/116990","targetHints":{"allow":["GET"]}}],"collection":[{"href":"https:\/\/www.yucatanencorto.com\/noticias\/wp-json\/wp\/v2\/posts"}],"about":[{"href":"https:\/\/www.yucatanencorto.com\/noticias\/wp-json\/wp\/v2\/types\/post"}],"author":[{"embeddable":true,"href":"https:\/\/www.yucatanencorto.com\/noticias\/wp-json\/wp\/v2\/users\/4"}],"replies":[{"embeddable":true,"href":"https:\/\/www.yucatanencorto.com\/noticias\/wp-json\/wp\/v2\/comments?post=116990"}],"version-history":[{"count":1,"href":"https:\/\/www.yucatanencorto.com\/noticias\/wp-json\/wp\/v2\/posts\/116990\/revisions"}],"predecessor-version":[{"id":116992,"href":"https:\/\/www.yucatanencorto.com\/noticias\/wp-json\/wp\/v2\/posts\/116990\/revisions\/116992"}],"wp:featuredmedia":[{"embeddable":true,"href":"https:\/\/www.yucatanencorto.com\/noticias\/wp-json\/wp\/v2\/media\/116991"}],"wp:attachment":[{"href":"https:\/\/www.yucatanencorto.com\/noticias\/wp-json\/wp\/v2\/media?parent=116990"}],"wp:term":[{"taxonomy":"category","embeddable":true,"href":"https:\/\/www.yucatanencorto.com\/noticias\/wp-json\/wp\/v2\/categories?post=116990"},{"taxonomy":"post_tag","embeddable":true,"href":"https:\/\/www.yucatanencorto.com\/noticias\/wp-json\/wp\/v2\/tags?post=116990"}],"curies":[{"name":"wp","href":"https:\/\/api.w.org\/{rel}","templated":true}]}}