{"id":116993,"date":"2026-04-29T15:25:18","date_gmt":"2026-04-29T21:25:18","guid":{"rendered":"https:\/\/www.yucatanencorto.com\/noticias\/?p=116993"},"modified":"2026-04-29T15:25:18","modified_gmt":"2026-04-29T21:25:18","slug":"dif-merida-y-el-centro-de-investigacion-cientifica-de-yucatan-fortalecen-alianza-en-beneficio-de-la-comunidad","status":"publish","type":"post","link":"https:\/\/www.yucatanencorto.com\/noticias\/dif-merida-y-el-centro-de-investigacion-cientifica-de-yucatan-fortalecen-alianza-en-beneficio-de-la-comunidad\/","title":{"rendered":"DIF M\u00e9rida y el Centro de Investigaci\u00f3n Cient\u00edfica de Yucat\u00e1n fortalecen alianza en beneficio de la comunidad."},"content":{"rendered":"<p><img loading=\"lazy\" decoding=\"async\" class=\"alignnone size-full wp-image-116994 alignleft\" src=\"https:\/\/www.yucatanencorto.com\/noticias\/wp-content\/uploads\/2026\/04\/IMG-20260429-WA0092-scaled.jpg\" alt=\"\" width=\"768\" height=\"431\" srcset=\"https:\/\/www.yucatanencorto.com\/noticias\/wp-content\/uploads\/2026\/04\/IMG-20260429-WA0092-scaled.jpg 768w, https:\/\/www.yucatanencorto.com\/noticias\/wp-content\/uploads\/2026\/04\/IMG-20260429-WA0092-150x84.jpg 150w, https:\/\/www.yucatanencorto.com\/noticias\/wp-content\/uploads\/2026\/04\/IMG-20260429-WA0092-300x169.jpg 300w, https:\/\/www.yucatanencorto.com\/noticias\/wp-content\/uploads\/2026\/04\/IMG-20260429-WA0092-696x391.jpg 696w, https:\/\/www.yucatanencorto.com\/noticias\/wp-content\/uploads\/2026\/04\/IMG-20260429-WA0092-1068x600.jpg 1068w\" sizes=\"auto, (max-width: 768px) 100vw, 768px\" \/><\/p>\n<p>&nbsp;<\/p>\n<p>M\u00e9rida, Yucat\u00e1n a mi\u00e9rcoles 29 de abril de 2026.- El DIF Municipal de M\u00e9rida llev\u00f3 a cabo la firma de una carta de intenci\u00f3n con el Centro de Investigaci\u00f3n Cient\u00edfica de Yucat\u00e1n, A.C. (CICY), con el objetivo de fortalecer el trabajo coordinado y generar acciones conjuntas en beneficio de la ciudadan\u00eda.<\/p>\n<p>&nbsp;<\/p>\n<p>Este acuerdo impulsado por la presidenta municipal Cecilia Patr\u00f3n Laviada, promueve la vinculaci\u00f3n entre la Direcci\u00f3n del DIF Municipal y las distintas \u00e1reas del CICY, incentivando estrategias que contribuyan al desarrollo social, la inclusi\u00f3n y el bienestar de diversos sectores de la poblaci\u00f3n.<\/p>\n<p>&nbsp;<\/p>\n<p>Como parte de esta colaboraci\u00f3n, se contempla la realizaci\u00f3n de talleres y capacitaciones dirigidas a los clubes de personas mayores \u201cViva la Vida\u201d, as\u00ed como visitas al jard\u00edn bot\u00e1nico del CICY. De igual manera, a trav\u00e9s del Departamento de Atenci\u00f3n a Personas con Discapacidad del DIF M\u00e9rida, se brindar\u00e1n talleres de inclusi\u00f3n y sensibilizaci\u00f3n en temas de discapacidad al personal del Centro de Investigaci\u00f3n.<\/p>\n<p>&nbsp;<\/p>\n<p>El director del DIF M\u00e9rida, Gerardo L\u00f3pez Fern\u00e1ndez, destac\u00f3 la importancia de generar alianzas estrat\u00e9gicas que permitan mejorar la calidad de vida de las y los ciudadanos. Se\u00f1al\u00f3 que el trabajo colaborativo siempre tendr\u00e1 un impacto positivo en la vida de las personas, fortaleciendo la inclusi\u00f3n y consolidando servicios que respondan a la confianza de la ciudadan\u00eda. Asimismo, reiter\u00f3 el compromiso del Ayuntamiento de M\u00e9rida de continuar impulsando acciones que promuevan la mejora continua y el bienestar social.<\/p>\n<p>&nbsp;<\/p>\n<p>Por su parte, la directora general del CICY, Maira Rub\u00ed Segura Campos, agradeci\u00f3 la formalizaci\u00f3n de este trabajo conjunto con el Ayuntamiento de M\u00e9rida, encabezado por Cecilia Patr\u00f3n Laviada. Subray\u00f3 que la suma de esfuerzos entre ambas instituciones permitir\u00e1 generar resultados positivos y consolidar acciones que impacten de manera directa en la calidad de vida de la poblaci\u00f3n.<\/p>\n<p>&nbsp;<\/p>\n<p>Con estas acciones, el Ayuntamiento de M\u00e9rida reafirma su compromiso de seguir construyendo alianzas estrat\u00e9gicas que impulsen el desarrollo integral de las familias, promoviendo una ciudad m\u00e1s inclusiva, solidaria y con mayores oportunidades para todas y todos.<\/p>\n<p>&nbsp;<\/p>\n<p>#MeridaContigoEsMejor<\/p>\n","protected":false},"excerpt":{"rendered":"<p>&nbsp; M\u00e9rida, Yucat\u00e1n a mi\u00e9rcoles 29 de abril de 2026.- El DIF Municipal de M\u00e9rida llev\u00f3 a cabo la firma de una carta de intenci\u00f3n con el Centro de Investigaci\u00f3n Cient\u00edfica de Yucat\u00e1n, A.C. (CICY), con el objetivo de fortalecer el trabajo coordinado y generar acciones conjuntas en beneficio de la ciudadan\u00eda. &nbsp; Este acuerdo [&hellip;]<\/p>\n","protected":false},"author":4,"featured_media":116994,"comment_status":"closed","ping_status":"closed","sticky":false,"template":"","format":"standard","meta":{"footnotes":""},"categories":[3],"tags":[],"class_list":{"0":"post-116993","1":"post","2":"type-post","3":"status-publish","4":"format-standard","5":"has-post-thumbnail","7":"category-yucatan"},"yoast_head":"<!-- This site is optimized with the Yoast SEO plugin v27.4 - https:\/\/yoast.com\/product\/yoast-seo-wordpress\/ -->\n<title>DIF M\u00e9rida y el Centro de Investigaci\u00f3n Cient\u00edfica de Yucat\u00e1n fortalecen alianza en beneficio de la comunidad. - Yucat\u00e1n en corto<\/title>\n<meta name=\"robots\" content=\"index, follow, max-snippet:-1, max-image-preview:large, max-video-preview:-1\" \/>\n<link rel=\"canonical\" href=\"https:\/\/www.yucatanencorto.com\/noticias\/dif-merida-y-el-centro-de-investigacion-cientifica-de-yucatan-fortalecen-alianza-en-beneficio-de-la-comunidad\/\" \/>\n<meta property=\"og:locale\" content=\"es_ES\" \/>\n<meta property=\"og:type\" content=\"article\" \/>\n<meta property=\"og:title\" content=\"DIF M\u00e9rida y el Centro de Investigaci\u00f3n Cient\u00edfica de Yucat\u00e1n fortalecen alianza en beneficio de la comunidad. - Yucat\u00e1n en corto\" \/>\n<meta property=\"og:description\" content=\"&nbsp; M\u00e9rida, Yucat\u00e1n a mi\u00e9rcoles 29 de abril de 2026.- El DIF Municipal de M\u00e9rida llev\u00f3 a cabo la firma de una carta de intenci\u00f3n con el Centro de Investigaci\u00f3n Cient\u00edfica de Yucat\u00e1n, A.C. (CICY), con el objetivo de fortalecer el trabajo coordinado y generar acciones conjuntas en beneficio de la ciudadan\u00eda. &nbsp; Este acuerdo [&hellip;]\" \/>\n<meta property=\"og:url\" content=\"https:\/\/www.yucatanencorto.com\/noticias\/dif-merida-y-el-centro-de-investigacion-cientifica-de-yucatan-fortalecen-alianza-en-beneficio-de-la-comunidad\/\" \/>\n<meta property=\"og:site_name\" content=\"Yucat\u00e1n en corto\" \/>\n<meta property=\"article:publisher\" content=\"http:\/\/www.facebook.com\/yucatanencorto\" \/>\n<meta property=\"article:published_time\" content=\"2026-04-29T21:25:18+00:00\" \/>\n<meta property=\"og:image\" content=\"https:\/\/www.yucatanencorto.com\/noticias\/wp-content\/uploads\/2026\/04\/IMG-20260429-WA0092-scaled.jpg\" \/>\n\t<meta property=\"og:image:width\" content=\"768\" \/>\n\t<meta property=\"og:image:height\" content=\"431\" \/>\n\t<meta property=\"og:image:type\" content=\"image\/jpeg\" \/>\n<meta name=\"author\" content=\"Yucat\u00e1n en Corto\" \/>\n<meta name=\"twitter:card\" content=\"summary_large_image\" \/>\n<meta name=\"twitter:creator\" content=\"@yucatanencorto\" \/>\n<meta name=\"twitter:site\" content=\"@yucatanencorto\" \/>\n<meta name=\"twitter:label1\" content=\"Escrito por\" \/>\n\t<meta name=\"twitter:data1\" content=\"Yucat\u00e1n en Corto\" \/>\n\t<meta name=\"twitter:label2\" content=\"Tiempo de lectura\" \/>\n\t<meta name=\"twitter:data2\" content=\"2 minutos\" \/>\n<script type=\"application\/ld+json\" class=\"yoast-schema-graph\">{\"@context\":\"https:\\\/\\\/schema.org\",\"@graph\":[{\"@type\":\"Article\",\"@id\":\"https:\\\/\\\/www.yucatanencorto.com\\\/noticias\\\/dif-merida-y-el-centro-de-investigacion-cientifica-de-yucatan-fortalecen-alianza-en-beneficio-de-la-comunidad\\\/#article\",\"isPartOf\":{\"@id\":\"https:\\\/\\\/www.yucatanencorto.com\\\/noticias\\\/dif-merida-y-el-centro-de-investigacion-cientifica-de-yucatan-fortalecen-alianza-en-beneficio-de-la-comunidad\\\/\"},\"author\":{\"name\":\"Yucat\u00e1n en Corto\",\"@id\":\"https:\\\/\\\/www.yucatanencorto.com\\\/noticias\\\/#\\\/schema\\\/person\\\/f0ec40c33447bbc0dc2d01d3006de771\"},\"headline\":\"DIF M\u00e9rida y el Centro de Investigaci\u00f3n Cient\u00edfica de Yucat\u00e1n fortalecen alianza en beneficio de la comunidad.\",\"datePublished\":\"2026-04-29T21:25:18+00:00\",\"mainEntityOfPage\":{\"@id\":\"https:\\\/\\\/www.yucatanencorto.com\\\/noticias\\\/dif-merida-y-el-centro-de-investigacion-cientifica-de-yucatan-fortalecen-alianza-en-beneficio-de-la-comunidad\\\/\"},\"wordCount\":400,\"image\":{\"@id\":\"https:\\\/\\\/www.yucatanencorto.com\\\/noticias\\\/dif-merida-y-el-centro-de-investigacion-cientifica-de-yucatan-fortalecen-alianza-en-beneficio-de-la-comunidad\\\/#primaryimage\"},\"thumbnailUrl\":\"https:\\\/\\\/www.yucatanencorto.com\\\/noticias\\\/wp-content\\\/uploads\\\/2026\\\/04\\\/IMG-20260429-WA0092-scaled.jpg\",\"articleSection\":[\"Yucat\u00e1n\"],\"inLanguage\":\"es\"},{\"@type\":\"WebPage\",\"@id\":\"https:\\\/\\\/www.yucatanencorto.com\\\/noticias\\\/dif-merida-y-el-centro-de-investigacion-cientifica-de-yucatan-fortalecen-alianza-en-beneficio-de-la-comunidad\\\/\",\"url\":\"https:\\\/\\\/www.yucatanencorto.com\\\/noticias\\\/dif-merida-y-el-centro-de-investigacion-cientifica-de-yucatan-fortalecen-alianza-en-beneficio-de-la-comunidad\\\/\",\"name\":\"DIF M\u00e9rida y el Centro de Investigaci\u00f3n Cient\u00edfica de Yucat\u00e1n fortalecen alianza en beneficio de la comunidad. - Yucat\u00e1n en corto\",\"isPartOf\":{\"@id\":\"https:\\\/\\\/www.yucatanencorto.com\\\/noticias\\\/#website\"},\"primaryImageOfPage\":{\"@id\":\"https:\\\/\\\/www.yucatanencorto.com\\\/noticias\\\/dif-merida-y-el-centro-de-investigacion-cientifica-de-yucatan-fortalecen-alianza-en-beneficio-de-la-comunidad\\\/#primaryimage\"},\"image\":{\"@id\":\"https:\\\/\\\/www.yucatanencorto.com\\\/noticias\\\/dif-merida-y-el-centro-de-investigacion-cientifica-de-yucatan-fortalecen-alianza-en-beneficio-de-la-comunidad\\\/#primaryimage\"},\"thumbnailUrl\":\"https:\\\/\\\/www.yucatanencorto.com\\\/noticias\\\/wp-content\\\/uploads\\\/2026\\\/04\\\/IMG-20260429-WA0092-scaled.jpg\",\"datePublished\":\"2026-04-29T21:25:18+00:00\",\"author\":{\"@id\":\"https:\\\/\\\/www.yucatanencorto.com\\\/noticias\\\/#\\\/schema\\\/person\\\/f0ec40c33447bbc0dc2d01d3006de771\"},\"breadcrumb\":{\"@id\":\"https:\\\/\\\/www.yucatanencorto.com\\\/noticias\\\/dif-merida-y-el-centro-de-investigacion-cientifica-de-yucatan-fortalecen-alianza-en-beneficio-de-la-comunidad\\\/#breadcrumb\"},\"inLanguage\":\"es\",\"potentialAction\":[{\"@type\":\"ReadAction\",\"target\":[\"https:\\\/\\\/www.yucatanencorto.com\\\/noticias\\\/dif-merida-y-el-centro-de-investigacion-cientifica-de-yucatan-fortalecen-alianza-en-beneficio-de-la-comunidad\\\/\"]}]},{\"@type\":\"ImageObject\",\"inLanguage\":\"es\",\"@id\":\"https:\\\/\\\/www.yucatanencorto.com\\\/noticias\\\/dif-merida-y-el-centro-de-investigacion-cientifica-de-yucatan-fortalecen-alianza-en-beneficio-de-la-comunidad\\\/#primaryimage\",\"url\":\"https:\\\/\\\/www.yucatanencorto.com\\\/noticias\\\/wp-content\\\/uploads\\\/2026\\\/04\\\/IMG-20260429-WA0092-scaled.jpg\",\"contentUrl\":\"https:\\\/\\\/www.yucatanencorto.com\\\/noticias\\\/wp-content\\\/uploads\\\/2026\\\/04\\\/IMG-20260429-WA0092-scaled.jpg\",\"width\":768,\"height\":431},{\"@type\":\"BreadcrumbList\",\"@id\":\"https:\\\/\\\/www.yucatanencorto.com\\\/noticias\\\/dif-merida-y-el-centro-de-investigacion-cientifica-de-yucatan-fortalecen-alianza-en-beneficio-de-la-comunidad\\\/#breadcrumb\",\"itemListElement\":[{\"@type\":\"ListItem\",\"position\":1,\"name\":\"Portada\",\"item\":\"https:\\\/\\\/www.yucatanencorto.com\\\/noticias\\\/\"},{\"@type\":\"ListItem\",\"position\":2,\"name\":\"DIF M\u00e9rida y el Centro de Investigaci\u00f3n Cient\u00edfica de Yucat\u00e1n fortalecen alianza en beneficio de la comunidad.\"}]},{\"@type\":\"WebSite\",\"@id\":\"https:\\\/\\\/www.yucatanencorto.com\\\/noticias\\\/#website\",\"url\":\"https:\\\/\\\/www.yucatanencorto.com\\\/noticias\\\/\",\"name\":\"Yucat\u00e1n en corto\",\"description\":\"Noticias\",\"potentialAction\":[{\"@type\":\"SearchAction\",\"target\":{\"@type\":\"EntryPoint\",\"urlTemplate\":\"https:\\\/\\\/www.yucatanencorto.com\\\/noticias\\\/?s={search_term_string}\"},\"query-input\":{\"@type\":\"PropertyValueSpecification\",\"valueRequired\":true,\"valueName\":\"search_term_string\"}}],\"inLanguage\":\"es\"},{\"@type\":\"Person\",\"@id\":\"https:\\\/\\\/www.yucatanencorto.com\\\/noticias\\\/#\\\/schema\\\/person\\\/f0ec40c33447bbc0dc2d01d3006de771\",\"name\":\"Yucat\u00e1n en Corto\",\"image\":{\"@type\":\"ImageObject\",\"inLanguage\":\"es\",\"@id\":\"https:\\\/\\\/secure.gravatar.com\\\/avatar\\\/20e0a6b626f38fa8e545fb3f80ce566efd790bf8877e65c3a482460cc3e0b5d1?s=96&d=mm&r=g\",\"url\":\"https:\\\/\\\/secure.gravatar.com\\\/avatar\\\/20e0a6b626f38fa8e545fb3f80ce566efd790bf8877e65c3a482460cc3e0b5d1?s=96&d=mm&r=g\",\"contentUrl\":\"https:\\\/\\\/secure.gravatar.com\\\/avatar\\\/20e0a6b626f38fa8e545fb3f80ce566efd790bf8877e65c3a482460cc3e0b5d1?s=96&d=mm&r=g\",\"caption\":\"Yucat\u00e1n en Corto\"},\"url\":\"https:\\\/\\\/www.yucatanencorto.com\\\/noticias\\\/author\\\/editor25\\\/\"}]}<\/script>\n<!-- \/ Yoast SEO plugin. -->","yoast_head_json":{"title":"DIF M\u00e9rida y el Centro de Investigaci\u00f3n Cient\u00edfica de Yucat\u00e1n fortalecen alianza en beneficio de la comunidad. - Yucat\u00e1n en corto","robots":{"index":"index","follow":"follow","max-snippet":"max-snippet:-1","max-image-preview":"max-image-preview:large","max-video-preview":"max-video-preview:-1"},"canonical":"https:\/\/www.yucatanencorto.com\/noticias\/dif-merida-y-el-centro-de-investigacion-cientifica-de-yucatan-fortalecen-alianza-en-beneficio-de-la-comunidad\/","og_locale":"es_ES","og_type":"article","og_title":"DIF M\u00e9rida y el Centro de Investigaci\u00f3n Cient\u00edfica de Yucat\u00e1n fortalecen alianza en beneficio de la comunidad. - Yucat\u00e1n en corto","og_description":"&nbsp; M\u00e9rida, Yucat\u00e1n a mi\u00e9rcoles 29 de abril de 2026.- El DIF Municipal de M\u00e9rida llev\u00f3 a cabo la firma de una carta de intenci\u00f3n con el Centro de Investigaci\u00f3n Cient\u00edfica de Yucat\u00e1n, A.C. (CICY), con el objetivo de fortalecer el trabajo coordinado y generar acciones conjuntas en beneficio de la ciudadan\u00eda. &nbsp; Este acuerdo [&hellip;]","og_url":"https:\/\/www.yucatanencorto.com\/noticias\/dif-merida-y-el-centro-de-investigacion-cientifica-de-yucatan-fortalecen-alianza-en-beneficio-de-la-comunidad\/","og_site_name":"Yucat\u00e1n en corto","article_publisher":"http:\/\/www.facebook.com\/yucatanencorto","article_published_time":"2026-04-29T21:25:18+00:00","og_image":[{"width":768,"height":431,"url":"https:\/\/www.yucatanencorto.com\/noticias\/wp-content\/uploads\/2026\/04\/IMG-20260429-WA0092-scaled.jpg","type":"image\/jpeg"}],"author":"Yucat\u00e1n en Corto","twitter_card":"summary_large_image","twitter_creator":"@yucatanencorto","twitter_site":"@yucatanencorto","twitter_misc":{"Escrito por":"Yucat\u00e1n en Corto","Tiempo de lectura":"2 minutos"},"schema":{"@context":"https:\/\/schema.org","@graph":[{"@type":"Article","@id":"https:\/\/www.yucatanencorto.com\/noticias\/dif-merida-y-el-centro-de-investigacion-cientifica-de-yucatan-fortalecen-alianza-en-beneficio-de-la-comunidad\/#article","isPartOf":{"@id":"https:\/\/www.yucatanencorto.com\/noticias\/dif-merida-y-el-centro-de-investigacion-cientifica-de-yucatan-fortalecen-alianza-en-beneficio-de-la-comunidad\/"},"author":{"name":"Yucat\u00e1n en Corto","@id":"https:\/\/www.yucatanencorto.com\/noticias\/#\/schema\/person\/f0ec40c33447bbc0dc2d01d3006de771"},"headline":"DIF M\u00e9rida y el Centro de Investigaci\u00f3n Cient\u00edfica de Yucat\u00e1n fortalecen alianza en beneficio de la comunidad.","datePublished":"2026-04-29T21:25:18+00:00","mainEntityOfPage":{"@id":"https:\/\/www.yucatanencorto.com\/noticias\/dif-merida-y-el-centro-de-investigacion-cientifica-de-yucatan-fortalecen-alianza-en-beneficio-de-la-comunidad\/"},"wordCount":400,"image":{"@id":"https:\/\/www.yucatanencorto.com\/noticias\/dif-merida-y-el-centro-de-investigacion-cientifica-de-yucatan-fortalecen-alianza-en-beneficio-de-la-comunidad\/#primaryimage"},"thumbnailUrl":"https:\/\/www.yucatanencorto.com\/noticias\/wp-content\/uploads\/2026\/04\/IMG-20260429-WA0092-scaled.jpg","articleSection":["Yucat\u00e1n"],"inLanguage":"es"},{"@type":"WebPage","@id":"https:\/\/www.yucatanencorto.com\/noticias\/dif-merida-y-el-centro-de-investigacion-cientifica-de-yucatan-fortalecen-alianza-en-beneficio-de-la-comunidad\/","url":"https:\/\/www.yucatanencorto.com\/noticias\/dif-merida-y-el-centro-de-investigacion-cientifica-de-yucatan-fortalecen-alianza-en-beneficio-de-la-comunidad\/","name":"DIF M\u00e9rida y el Centro de Investigaci\u00f3n Cient\u00edfica de Yucat\u00e1n fortalecen alianza en beneficio de la comunidad. - Yucat\u00e1n en corto","isPartOf":{"@id":"https:\/\/www.yucatanencorto.com\/noticias\/#website"},"primaryImageOfPage":{"@id":"https:\/\/www.yucatanencorto.com\/noticias\/dif-merida-y-el-centro-de-investigacion-cientifica-de-yucatan-fortalecen-alianza-en-beneficio-de-la-comunidad\/#primaryimage"},"image":{"@id":"https:\/\/www.yucatanencorto.com\/noticias\/dif-merida-y-el-centro-de-investigacion-cientifica-de-yucatan-fortalecen-alianza-en-beneficio-de-la-comunidad\/#primaryimage"},"thumbnailUrl":"https:\/\/www.yucatanencorto.com\/noticias\/wp-content\/uploads\/2026\/04\/IMG-20260429-WA0092-scaled.jpg","datePublished":"2026-04-29T21:25:18+00:00","author":{"@id":"https:\/\/www.yucatanencorto.com\/noticias\/#\/schema\/person\/f0ec40c33447bbc0dc2d01d3006de771"},"breadcrumb":{"@id":"https:\/\/www.yucatanencorto.com\/noticias\/dif-merida-y-el-centro-de-investigacion-cientifica-de-yucatan-fortalecen-alianza-en-beneficio-de-la-comunidad\/#breadcrumb"},"inLanguage":"es","potentialAction":[{"@type":"ReadAction","target":["https:\/\/www.yucatanencorto.com\/noticias\/dif-merida-y-el-centro-de-investigacion-cientifica-de-yucatan-fortalecen-alianza-en-beneficio-de-la-comunidad\/"]}]},{"@type":"ImageObject","inLanguage":"es","@id":"https:\/\/www.yucatanencorto.com\/noticias\/dif-merida-y-el-centro-de-investigacion-cientifica-de-yucatan-fortalecen-alianza-en-beneficio-de-la-comunidad\/#primaryimage","url":"https:\/\/www.yucatanencorto.com\/noticias\/wp-content\/uploads\/2026\/04\/IMG-20260429-WA0092-scaled.jpg","contentUrl":"https:\/\/www.yucatanencorto.com\/noticias\/wp-content\/uploads\/2026\/04\/IMG-20260429-WA0092-scaled.jpg","width":768,"height":431},{"@type":"BreadcrumbList","@id":"https:\/\/www.yucatanencorto.com\/noticias\/dif-merida-y-el-centro-de-investigacion-cientifica-de-yucatan-fortalecen-alianza-en-beneficio-de-la-comunidad\/#breadcrumb","itemListElement":[{"@type":"ListItem","position":1,"name":"Portada","item":"https:\/\/www.yucatanencorto.com\/noticias\/"},{"@type":"ListItem","position":2,"name":"DIF M\u00e9rida y el Centro de Investigaci\u00f3n Cient\u00edfica de Yucat\u00e1n fortalecen alianza en beneficio de la comunidad."}]},{"@type":"WebSite","@id":"https:\/\/www.yucatanencorto.com\/noticias\/#website","url":"https:\/\/www.yucatanencorto.com\/noticias\/","name":"Yucat\u00e1n en corto","description":"Noticias","potentialAction":[{"@type":"SearchAction","target":{"@type":"EntryPoint","urlTemplate":"https:\/\/www.yucatanencorto.com\/noticias\/?s={search_term_string}"},"query-input":{"@type":"PropertyValueSpecification","valueRequired":true,"valueName":"search_term_string"}}],"inLanguage":"es"},{"@type":"Person","@id":"https:\/\/www.yucatanencorto.com\/noticias\/#\/schema\/person\/f0ec40c33447bbc0dc2d01d3006de771","name":"Yucat\u00e1n en Corto","image":{"@type":"ImageObject","inLanguage":"es","@id":"https:\/\/secure.gravatar.com\/avatar\/20e0a6b626f38fa8e545fb3f80ce566efd790bf8877e65c3a482460cc3e0b5d1?s=96&d=mm&r=g","url":"https:\/\/secure.gravatar.com\/avatar\/20e0a6b626f38fa8e545fb3f80ce566efd790bf8877e65c3a482460cc3e0b5d1?s=96&d=mm&r=g","contentUrl":"https:\/\/secure.gravatar.com\/avatar\/20e0a6b626f38fa8e545fb3f80ce566efd790bf8877e65c3a482460cc3e0b5d1?s=96&d=mm&r=g","caption":"Yucat\u00e1n en Corto"},"url":"https:\/\/www.yucatanencorto.com\/noticias\/author\/editor25\/"}]}},"_links":{"self":[{"href":"https:\/\/www.yucatanencorto.com\/noticias\/wp-json\/wp\/v2\/posts\/116993","targetHints":{"allow":["GET"]}}],"collection":[{"href":"https:\/\/www.yucatanencorto.com\/noticias\/wp-json\/wp\/v2\/posts"}],"about":[{"href":"https:\/\/www.yucatanencorto.com\/noticias\/wp-json\/wp\/v2\/types\/post"}],"author":[{"embeddable":true,"href":"https:\/\/www.yucatanencorto.com\/noticias\/wp-json\/wp\/v2\/users\/4"}],"replies":[{"embeddable":true,"href":"https:\/\/www.yucatanencorto.com\/noticias\/wp-json\/wp\/v2\/comments?post=116993"}],"version-history":[{"count":1,"href":"https:\/\/www.yucatanencorto.com\/noticias\/wp-json\/wp\/v2\/posts\/116993\/revisions"}],"predecessor-version":[{"id":116995,"href":"https:\/\/www.yucatanencorto.com\/noticias\/wp-json\/wp\/v2\/posts\/116993\/revisions\/116995"}],"wp:featuredmedia":[{"embeddable":true,"href":"https:\/\/www.yucatanencorto.com\/noticias\/wp-json\/wp\/v2\/media\/116994"}],"wp:attachment":[{"href":"https:\/\/www.yucatanencorto.com\/noticias\/wp-json\/wp\/v2\/media?parent=116993"}],"wp:term":[{"taxonomy":"category","embeddable":true,"href":"https:\/\/www.yucatanencorto.com\/noticias\/wp-json\/wp\/v2\/categories?post=116993"},{"taxonomy":"post_tag","embeddable":true,"href":"https:\/\/www.yucatanencorto.com\/noticias\/wp-json\/wp\/v2\/tags?post=116993"}],"curies":[{"name":"wp","href":"https:\/\/api.w.org\/{rel}","templated":true}]}}