{"id":116997,"date":"2026-04-30T11:53:37","date_gmt":"2026-04-30T17:53:37","guid":{"rendered":"https:\/\/www.yucatanencorto.com\/noticias\/?p=116997"},"modified":"2026-04-30T11:53:37","modified_gmt":"2026-04-30T17:53:37","slug":"supervisan-avances-y-proximas-fases-del-puerto-de-altura-de-progreso","status":"publish","type":"post","link":"https:\/\/www.yucatanencorto.com\/noticias\/supervisan-avances-y-proximas-fases-del-puerto-de-altura-de-progreso\/","title":{"rendered":"Supervisan avances y pr\u00f3ximas fases del Puerto de Altura de Progreso"},"content":{"rendered":"<p><img loading=\"lazy\" decoding=\"async\" class=\"alignnone size-full wp-image-116998\" src=\"https:\/\/www.yucatanencorto.com\/noticias\/wp-content\/uploads\/2026\/04\/IMG-20260430-WA0005-scaled.jpg\" alt=\"\" width=\"768\" height=\"574\" srcset=\"https:\/\/www.yucatanencorto.com\/noticias\/wp-content\/uploads\/2026\/04\/IMG-20260430-WA0005-scaled.jpg 768w, https:\/\/www.yucatanencorto.com\/noticias\/wp-content\/uploads\/2026\/04\/IMG-20260430-WA0005-1536x1148.jpg 1536w, https:\/\/www.yucatanencorto.com\/noticias\/wp-content\/uploads\/2026\/04\/IMG-20260430-WA0005-150x112.jpg 150w, https:\/\/www.yucatanencorto.com\/noticias\/wp-content\/uploads\/2026\/04\/IMG-20260430-WA0005-300x224.jpg 300w, https:\/\/www.yucatanencorto.com\/noticias\/wp-content\/uploads\/2026\/04\/IMG-20260430-WA0005-696x520.jpg 696w, https:\/\/www.yucatanencorto.com\/noticias\/wp-content\/uploads\/2026\/04\/IMG-20260430-WA0005-1068x798.jpg 1068w\" sizes=\"auto, (max-width: 768px) 100vw, 768px\" \/><\/p>\n<p>Ciudad de M\u00e9xico, a 30 de abril de 2026<\/p>\n<p>&nbsp;<\/p>\n<p>El Gobernador Joaqu\u00edn D\u00edaz Mena sostuvo una reuni\u00f3n de trabajo con el secretario de Marina, Raymundo Pedro Morales \u00c1ngeles, para dar continuidad al desarrollo del Proyecto de Ampliaci\u00f3n y Modernizaci\u00f3n del Puerto de Altura de Progreso, una de las principales obras estrat\u00e9gicas para el crecimiento econ\u00f3mico del estado.<\/p>\n<p>&nbsp;<\/p>\n<p>Durante el encuentro, se revisaron los avances de la Etapa 1, pr\u00f3xima a concluir, as\u00ed como la planeaci\u00f3n de las Etapas 2 y 3, que permitir\u00e1n fortalecer la infraestructura portuaria y consolidar a Yucat\u00e1n como un nodo log\u00edstico de alcance internacional.<\/p>\n<p>&nbsp;<\/p>\n<p>D\u00edaz Mena destac\u00f3 que este proyecto representa una de las inversiones m\u00e1s relevantes de las \u00faltimas d\u00e9cadas, al permitir la llegada de embarcaciones de mayor calado, el incremento en la capacidad de carga y el impulso al comercio exterior, posicionando a Progreso como puerta estrat\u00e9gica hacia Estados Unidos, el Caribe, Centroam\u00e9rica y Europa.<\/p>\n<p>&nbsp;<\/p>\n<p>\u201cEsta obra es clave para fortalecer la competitividad del sureste mexicano, generar empleos bien remunerados y mejorar el bienestar de las familias yucatecas. Forma parte del Renacimiento Maya que estamos construyendo de manera coordinada\u201d, afirm\u00f3 el titular del Ejecutivo estatal.<\/p>\n<p>&nbsp;<\/p>\n<p>Asimismo, reconoci\u00f3 la participaci\u00f3n de la Secretar\u00eda de Marina como autoridad portuaria y su papel en la seguridad mar\u00edtima y el desarrollo ordenado de las costas, elementos fundamentales para garantizar el \u00e9xito del proyecto.<\/p>\n<p>&nbsp;<\/p>\n<p>Por su parte, el secretario de Marina, Raymundo Pedro Morales \u00c1ngeles, reafirm\u00f3 el respaldo del Gobierno de M\u00e9xico y la disposici\u00f3n de mantener una coordinaci\u00f3n permanente con la administraci\u00f3n que encabeza D\u00edaz Mena para asegurar el cumplimiento de los objetivos establecidos.<\/p>\n<p>&nbsp;<\/p>\n<p>La ampliaci\u00f3n y modernizaci\u00f3n del Puerto de Altura de Progreso generar\u00e1 una importante derrama econ\u00f3mica, impulsar\u00e1 la creaci\u00f3n de empleos y fortalecer\u00e1 sectores estrat\u00e9gicos como el agroindustrial, energ\u00e9tico, tur\u00edstico y manufacturero.<\/p>\n<p>&nbsp;<\/p>\n<p>El Gobierno del Estado continuar\u00e1 dando seguimiento a esta obra, considerada clave para ampliar las oportunidades de desarrollo econ\u00f3mico y social en Yucat\u00e1n.<\/p>\n<p>&nbsp;<\/p>\n<p>&nbsp;<\/p>\n<p>&#8212;oo00oo&#8212;<\/p>\n","protected":false},"excerpt":{"rendered":"<p>Ciudad de M\u00e9xico, a 30 de abril de 2026 &nbsp; El Gobernador Joaqu\u00edn D\u00edaz Mena sostuvo una reuni\u00f3n de trabajo con el secretario de Marina, Raymundo Pedro Morales \u00c1ngeles, para dar continuidad al desarrollo del Proyecto de Ampliaci\u00f3n y Modernizaci\u00f3n del Puerto de Altura de Progreso, una de las principales obras estrat\u00e9gicas para el crecimiento [&hellip;]<\/p>\n","protected":false},"author":4,"featured_media":116998,"comment_status":"closed","ping_status":"closed","sticky":false,"template":"","format":"standard","meta":{"footnotes":""},"categories":[3],"tags":[],"class_list":{"0":"post-116997","1":"post","2":"type-post","3":"status-publish","4":"format-standard","5":"has-post-thumbnail","7":"category-yucatan"},"yoast_head":"<!-- This site is optimized with the Yoast SEO plugin v27.4 - https:\/\/yoast.com\/product\/yoast-seo-wordpress\/ -->\n<title>Supervisan avances y pr\u00f3ximas fases del Puerto de Altura de Progreso - Yucat\u00e1n en corto<\/title>\n<meta name=\"robots\" content=\"index, follow, max-snippet:-1, max-image-preview:large, max-video-preview:-1\" \/>\n<link rel=\"canonical\" href=\"https:\/\/www.yucatanencorto.com\/noticias\/supervisan-avances-y-proximas-fases-del-puerto-de-altura-de-progreso\/\" \/>\n<meta property=\"og:locale\" content=\"es_ES\" \/>\n<meta property=\"og:type\" content=\"article\" \/>\n<meta property=\"og:title\" content=\"Supervisan avances y pr\u00f3ximas fases del Puerto de Altura de Progreso - Yucat\u00e1n en corto\" \/>\n<meta property=\"og:description\" content=\"Ciudad de M\u00e9xico, a 30 de abril de 2026 &nbsp; El Gobernador Joaqu\u00edn D\u00edaz Mena sostuvo una reuni\u00f3n de trabajo con el secretario de Marina, Raymundo Pedro Morales \u00c1ngeles, para dar continuidad al desarrollo del Proyecto de Ampliaci\u00f3n y Modernizaci\u00f3n del Puerto de Altura de Progreso, una de las principales obras estrat\u00e9gicas para el crecimiento [&hellip;]\" \/>\n<meta property=\"og:url\" content=\"https:\/\/www.yucatanencorto.com\/noticias\/supervisan-avances-y-proximas-fases-del-puerto-de-altura-de-progreso\/\" \/>\n<meta property=\"og:site_name\" content=\"Yucat\u00e1n en corto\" \/>\n<meta property=\"article:publisher\" content=\"http:\/\/www.facebook.com\/yucatanencorto\" \/>\n<meta property=\"article:published_time\" content=\"2026-04-30T17:53:37+00:00\" \/>\n<meta property=\"og:image\" content=\"https:\/\/www.yucatanencorto.com\/noticias\/wp-content\/uploads\/2026\/04\/IMG-20260430-WA0005-scaled.jpg\" \/>\n\t<meta property=\"og:image:width\" content=\"768\" \/>\n\t<meta property=\"og:image:height\" content=\"574\" \/>\n\t<meta property=\"og:image:type\" content=\"image\/jpeg\" \/>\n<meta name=\"author\" content=\"Yucat\u00e1n en Corto\" \/>\n<meta name=\"twitter:card\" content=\"summary_large_image\" \/>\n<meta name=\"twitter:creator\" content=\"@yucatanencorto\" \/>\n<meta name=\"twitter:site\" content=\"@yucatanencorto\" \/>\n<meta name=\"twitter:label1\" content=\"Escrito por\" \/>\n\t<meta name=\"twitter:data1\" content=\"Yucat\u00e1n en Corto\" \/>\n\t<meta name=\"twitter:label2\" content=\"Tiempo de lectura\" \/>\n\t<meta name=\"twitter:data2\" content=\"2 minutos\" \/>\n<script type=\"application\/ld+json\" class=\"yoast-schema-graph\">{\"@context\":\"https:\\\/\\\/schema.org\",\"@graph\":[{\"@type\":\"Article\",\"@id\":\"https:\\\/\\\/www.yucatanencorto.com\\\/noticias\\\/supervisan-avances-y-proximas-fases-del-puerto-de-altura-de-progreso\\\/#article\",\"isPartOf\":{\"@id\":\"https:\\\/\\\/www.yucatanencorto.com\\\/noticias\\\/supervisan-avances-y-proximas-fases-del-puerto-de-altura-de-progreso\\\/\"},\"author\":{\"name\":\"Yucat\u00e1n en Corto\",\"@id\":\"https:\\\/\\\/www.yucatanencorto.com\\\/noticias\\\/#\\\/schema\\\/person\\\/f0ec40c33447bbc0dc2d01d3006de771\"},\"headline\":\"Supervisan avances y pr\u00f3ximas fases del Puerto de Altura de Progreso\",\"datePublished\":\"2026-04-30T17:53:37+00:00\",\"mainEntityOfPage\":{\"@id\":\"https:\\\/\\\/www.yucatanencorto.com\\\/noticias\\\/supervisan-avances-y-proximas-fases-del-puerto-de-altura-de-progreso\\\/\"},\"wordCount\":374,\"image\":{\"@id\":\"https:\\\/\\\/www.yucatanencorto.com\\\/noticias\\\/supervisan-avances-y-proximas-fases-del-puerto-de-altura-de-progreso\\\/#primaryimage\"},\"thumbnailUrl\":\"https:\\\/\\\/www.yucatanencorto.com\\\/noticias\\\/wp-content\\\/uploads\\\/2026\\\/04\\\/IMG-20260430-WA0005-scaled.jpg\",\"articleSection\":[\"Yucat\u00e1n\"],\"inLanguage\":\"es\"},{\"@type\":\"WebPage\",\"@id\":\"https:\\\/\\\/www.yucatanencorto.com\\\/noticias\\\/supervisan-avances-y-proximas-fases-del-puerto-de-altura-de-progreso\\\/\",\"url\":\"https:\\\/\\\/www.yucatanencorto.com\\\/noticias\\\/supervisan-avances-y-proximas-fases-del-puerto-de-altura-de-progreso\\\/\",\"name\":\"Supervisan avances y pr\u00f3ximas fases del Puerto de Altura de Progreso - Yucat\u00e1n en corto\",\"isPartOf\":{\"@id\":\"https:\\\/\\\/www.yucatanencorto.com\\\/noticias\\\/#website\"},\"primaryImageOfPage\":{\"@id\":\"https:\\\/\\\/www.yucatanencorto.com\\\/noticias\\\/supervisan-avances-y-proximas-fases-del-puerto-de-altura-de-progreso\\\/#primaryimage\"},\"image\":{\"@id\":\"https:\\\/\\\/www.yucatanencorto.com\\\/noticias\\\/supervisan-avances-y-proximas-fases-del-puerto-de-altura-de-progreso\\\/#primaryimage\"},\"thumbnailUrl\":\"https:\\\/\\\/www.yucatanencorto.com\\\/noticias\\\/wp-content\\\/uploads\\\/2026\\\/04\\\/IMG-20260430-WA0005-scaled.jpg\",\"datePublished\":\"2026-04-30T17:53:37+00:00\",\"author\":{\"@id\":\"https:\\\/\\\/www.yucatanencorto.com\\\/noticias\\\/#\\\/schema\\\/person\\\/f0ec40c33447bbc0dc2d01d3006de771\"},\"breadcrumb\":{\"@id\":\"https:\\\/\\\/www.yucatanencorto.com\\\/noticias\\\/supervisan-avances-y-proximas-fases-del-puerto-de-altura-de-progreso\\\/#breadcrumb\"},\"inLanguage\":\"es\",\"potentialAction\":[{\"@type\":\"ReadAction\",\"target\":[\"https:\\\/\\\/www.yucatanencorto.com\\\/noticias\\\/supervisan-avances-y-proximas-fases-del-puerto-de-altura-de-progreso\\\/\"]}]},{\"@type\":\"ImageObject\",\"inLanguage\":\"es\",\"@id\":\"https:\\\/\\\/www.yucatanencorto.com\\\/noticias\\\/supervisan-avances-y-proximas-fases-del-puerto-de-altura-de-progreso\\\/#primaryimage\",\"url\":\"https:\\\/\\\/www.yucatanencorto.com\\\/noticias\\\/wp-content\\\/uploads\\\/2026\\\/04\\\/IMG-20260430-WA0005-scaled.jpg\",\"contentUrl\":\"https:\\\/\\\/www.yucatanencorto.com\\\/noticias\\\/wp-content\\\/uploads\\\/2026\\\/04\\\/IMG-20260430-WA0005-scaled.jpg\",\"width\":768,\"height\":574},{\"@type\":\"BreadcrumbList\",\"@id\":\"https:\\\/\\\/www.yucatanencorto.com\\\/noticias\\\/supervisan-avances-y-proximas-fases-del-puerto-de-altura-de-progreso\\\/#breadcrumb\",\"itemListElement\":[{\"@type\":\"ListItem\",\"position\":1,\"name\":\"Portada\",\"item\":\"https:\\\/\\\/www.yucatanencorto.com\\\/noticias\\\/\"},{\"@type\":\"ListItem\",\"position\":2,\"name\":\"Supervisan avances y pr\u00f3ximas fases del Puerto de Altura de Progreso\"}]},{\"@type\":\"WebSite\",\"@id\":\"https:\\\/\\\/www.yucatanencorto.com\\\/noticias\\\/#website\",\"url\":\"https:\\\/\\\/www.yucatanencorto.com\\\/noticias\\\/\",\"name\":\"Yucat\u00e1n en corto\",\"description\":\"Noticias\",\"potentialAction\":[{\"@type\":\"SearchAction\",\"target\":{\"@type\":\"EntryPoint\",\"urlTemplate\":\"https:\\\/\\\/www.yucatanencorto.com\\\/noticias\\\/?s={search_term_string}\"},\"query-input\":{\"@type\":\"PropertyValueSpecification\",\"valueRequired\":true,\"valueName\":\"search_term_string\"}}],\"inLanguage\":\"es\"},{\"@type\":\"Person\",\"@id\":\"https:\\\/\\\/www.yucatanencorto.com\\\/noticias\\\/#\\\/schema\\\/person\\\/f0ec40c33447bbc0dc2d01d3006de771\",\"name\":\"Yucat\u00e1n en Corto\",\"image\":{\"@type\":\"ImageObject\",\"inLanguage\":\"es\",\"@id\":\"https:\\\/\\\/secure.gravatar.com\\\/avatar\\\/20e0a6b626f38fa8e545fb3f80ce566efd790bf8877e65c3a482460cc3e0b5d1?s=96&d=mm&r=g\",\"url\":\"https:\\\/\\\/secure.gravatar.com\\\/avatar\\\/20e0a6b626f38fa8e545fb3f80ce566efd790bf8877e65c3a482460cc3e0b5d1?s=96&d=mm&r=g\",\"contentUrl\":\"https:\\\/\\\/secure.gravatar.com\\\/avatar\\\/20e0a6b626f38fa8e545fb3f80ce566efd790bf8877e65c3a482460cc3e0b5d1?s=96&d=mm&r=g\",\"caption\":\"Yucat\u00e1n en Corto\"},\"url\":\"https:\\\/\\\/www.yucatanencorto.com\\\/noticias\\\/author\\\/editor25\\\/\"}]}<\/script>\n<!-- \/ Yoast SEO plugin. -->","yoast_head_json":{"title":"Supervisan avances y pr\u00f3ximas fases del Puerto de Altura de Progreso - Yucat\u00e1n en corto","robots":{"index":"index","follow":"follow","max-snippet":"max-snippet:-1","max-image-preview":"max-image-preview:large","max-video-preview":"max-video-preview:-1"},"canonical":"https:\/\/www.yucatanencorto.com\/noticias\/supervisan-avances-y-proximas-fases-del-puerto-de-altura-de-progreso\/","og_locale":"es_ES","og_type":"article","og_title":"Supervisan avances y pr\u00f3ximas fases del Puerto de Altura de Progreso - Yucat\u00e1n en corto","og_description":"Ciudad de M\u00e9xico, a 30 de abril de 2026 &nbsp; El Gobernador Joaqu\u00edn D\u00edaz Mena sostuvo una reuni\u00f3n de trabajo con el secretario de Marina, Raymundo Pedro Morales \u00c1ngeles, para dar continuidad al desarrollo del Proyecto de Ampliaci\u00f3n y Modernizaci\u00f3n del Puerto de Altura de Progreso, una de las principales obras estrat\u00e9gicas para el crecimiento [&hellip;]","og_url":"https:\/\/www.yucatanencorto.com\/noticias\/supervisan-avances-y-proximas-fases-del-puerto-de-altura-de-progreso\/","og_site_name":"Yucat\u00e1n en corto","article_publisher":"http:\/\/www.facebook.com\/yucatanencorto","article_published_time":"2026-04-30T17:53:37+00:00","og_image":[{"width":768,"height":574,"url":"https:\/\/www.yucatanencorto.com\/noticias\/wp-content\/uploads\/2026\/04\/IMG-20260430-WA0005-scaled.jpg","type":"image\/jpeg"}],"author":"Yucat\u00e1n en Corto","twitter_card":"summary_large_image","twitter_creator":"@yucatanencorto","twitter_site":"@yucatanencorto","twitter_misc":{"Escrito por":"Yucat\u00e1n en Corto","Tiempo de lectura":"2 minutos"},"schema":{"@context":"https:\/\/schema.org","@graph":[{"@type":"Article","@id":"https:\/\/www.yucatanencorto.com\/noticias\/supervisan-avances-y-proximas-fases-del-puerto-de-altura-de-progreso\/#article","isPartOf":{"@id":"https:\/\/www.yucatanencorto.com\/noticias\/supervisan-avances-y-proximas-fases-del-puerto-de-altura-de-progreso\/"},"author":{"name":"Yucat\u00e1n en Corto","@id":"https:\/\/www.yucatanencorto.com\/noticias\/#\/schema\/person\/f0ec40c33447bbc0dc2d01d3006de771"},"headline":"Supervisan avances y pr\u00f3ximas fases del Puerto de Altura de Progreso","datePublished":"2026-04-30T17:53:37+00:00","mainEntityOfPage":{"@id":"https:\/\/www.yucatanencorto.com\/noticias\/supervisan-avances-y-proximas-fases-del-puerto-de-altura-de-progreso\/"},"wordCount":374,"image":{"@id":"https:\/\/www.yucatanencorto.com\/noticias\/supervisan-avances-y-proximas-fases-del-puerto-de-altura-de-progreso\/#primaryimage"},"thumbnailUrl":"https:\/\/www.yucatanencorto.com\/noticias\/wp-content\/uploads\/2026\/04\/IMG-20260430-WA0005-scaled.jpg","articleSection":["Yucat\u00e1n"],"inLanguage":"es"},{"@type":"WebPage","@id":"https:\/\/www.yucatanencorto.com\/noticias\/supervisan-avances-y-proximas-fases-del-puerto-de-altura-de-progreso\/","url":"https:\/\/www.yucatanencorto.com\/noticias\/supervisan-avances-y-proximas-fases-del-puerto-de-altura-de-progreso\/","name":"Supervisan avances y pr\u00f3ximas fases del Puerto de Altura de Progreso - Yucat\u00e1n en corto","isPartOf":{"@id":"https:\/\/www.yucatanencorto.com\/noticias\/#website"},"primaryImageOfPage":{"@id":"https:\/\/www.yucatanencorto.com\/noticias\/supervisan-avances-y-proximas-fases-del-puerto-de-altura-de-progreso\/#primaryimage"},"image":{"@id":"https:\/\/www.yucatanencorto.com\/noticias\/supervisan-avances-y-proximas-fases-del-puerto-de-altura-de-progreso\/#primaryimage"},"thumbnailUrl":"https:\/\/www.yucatanencorto.com\/noticias\/wp-content\/uploads\/2026\/04\/IMG-20260430-WA0005-scaled.jpg","datePublished":"2026-04-30T17:53:37+00:00","author":{"@id":"https:\/\/www.yucatanencorto.com\/noticias\/#\/schema\/person\/f0ec40c33447bbc0dc2d01d3006de771"},"breadcrumb":{"@id":"https:\/\/www.yucatanencorto.com\/noticias\/supervisan-avances-y-proximas-fases-del-puerto-de-altura-de-progreso\/#breadcrumb"},"inLanguage":"es","potentialAction":[{"@type":"ReadAction","target":["https:\/\/www.yucatanencorto.com\/noticias\/supervisan-avances-y-proximas-fases-del-puerto-de-altura-de-progreso\/"]}]},{"@type":"ImageObject","inLanguage":"es","@id":"https:\/\/www.yucatanencorto.com\/noticias\/supervisan-avances-y-proximas-fases-del-puerto-de-altura-de-progreso\/#primaryimage","url":"https:\/\/www.yucatanencorto.com\/noticias\/wp-content\/uploads\/2026\/04\/IMG-20260430-WA0005-scaled.jpg","contentUrl":"https:\/\/www.yucatanencorto.com\/noticias\/wp-content\/uploads\/2026\/04\/IMG-20260430-WA0005-scaled.jpg","width":768,"height":574},{"@type":"BreadcrumbList","@id":"https:\/\/www.yucatanencorto.com\/noticias\/supervisan-avances-y-proximas-fases-del-puerto-de-altura-de-progreso\/#breadcrumb","itemListElement":[{"@type":"ListItem","position":1,"name":"Portada","item":"https:\/\/www.yucatanencorto.com\/noticias\/"},{"@type":"ListItem","position":2,"name":"Supervisan avances y pr\u00f3ximas fases del Puerto de Altura de Progreso"}]},{"@type":"WebSite","@id":"https:\/\/www.yucatanencorto.com\/noticias\/#website","url":"https:\/\/www.yucatanencorto.com\/noticias\/","name":"Yucat\u00e1n en corto","description":"Noticias","potentialAction":[{"@type":"SearchAction","target":{"@type":"EntryPoint","urlTemplate":"https:\/\/www.yucatanencorto.com\/noticias\/?s={search_term_string}"},"query-input":{"@type":"PropertyValueSpecification","valueRequired":true,"valueName":"search_term_string"}}],"inLanguage":"es"},{"@type":"Person","@id":"https:\/\/www.yucatanencorto.com\/noticias\/#\/schema\/person\/f0ec40c33447bbc0dc2d01d3006de771","name":"Yucat\u00e1n en Corto","image":{"@type":"ImageObject","inLanguage":"es","@id":"https:\/\/secure.gravatar.com\/avatar\/20e0a6b626f38fa8e545fb3f80ce566efd790bf8877e65c3a482460cc3e0b5d1?s=96&d=mm&r=g","url":"https:\/\/secure.gravatar.com\/avatar\/20e0a6b626f38fa8e545fb3f80ce566efd790bf8877e65c3a482460cc3e0b5d1?s=96&d=mm&r=g","contentUrl":"https:\/\/secure.gravatar.com\/avatar\/20e0a6b626f38fa8e545fb3f80ce566efd790bf8877e65c3a482460cc3e0b5d1?s=96&d=mm&r=g","caption":"Yucat\u00e1n en Corto"},"url":"https:\/\/www.yucatanencorto.com\/noticias\/author\/editor25\/"}]}},"_links":{"self":[{"href":"https:\/\/www.yucatanencorto.com\/noticias\/wp-json\/wp\/v2\/posts\/116997","targetHints":{"allow":["GET"]}}],"collection":[{"href":"https:\/\/www.yucatanencorto.com\/noticias\/wp-json\/wp\/v2\/posts"}],"about":[{"href":"https:\/\/www.yucatanencorto.com\/noticias\/wp-json\/wp\/v2\/types\/post"}],"author":[{"embeddable":true,"href":"https:\/\/www.yucatanencorto.com\/noticias\/wp-json\/wp\/v2\/users\/4"}],"replies":[{"embeddable":true,"href":"https:\/\/www.yucatanencorto.com\/noticias\/wp-json\/wp\/v2\/comments?post=116997"}],"version-history":[{"count":1,"href":"https:\/\/www.yucatanencorto.com\/noticias\/wp-json\/wp\/v2\/posts\/116997\/revisions"}],"predecessor-version":[{"id":116999,"href":"https:\/\/www.yucatanencorto.com\/noticias\/wp-json\/wp\/v2\/posts\/116997\/revisions\/116999"}],"wp:featuredmedia":[{"embeddable":true,"href":"https:\/\/www.yucatanencorto.com\/noticias\/wp-json\/wp\/v2\/media\/116998"}],"wp:attachment":[{"href":"https:\/\/www.yucatanencorto.com\/noticias\/wp-json\/wp\/v2\/media?parent=116997"}],"wp:term":[{"taxonomy":"category","embeddable":true,"href":"https:\/\/www.yucatanencorto.com\/noticias\/wp-json\/wp\/v2\/categories?post=116997"},{"taxonomy":"post_tag","embeddable":true,"href":"https:\/\/www.yucatanencorto.com\/noticias\/wp-json\/wp\/v2\/tags?post=116997"}],"curies":[{"name":"wp","href":"https:\/\/api.w.org\/{rel}","templated":true}]}}