{"id":117000,"date":"2026-04-30T12:53:15","date_gmt":"2026-04-30T18:53:15","guid":{"rendered":"https:\/\/www.yucatanencorto.com\/noticias\/?p=117000"},"modified":"2026-04-30T12:53:15","modified_gmt":"2026-04-30T18:53:15","slug":"ponen-en-marcha-acciones-para-mejorar-movilidad-escolar-en-chuburna-de-hidalgo","status":"publish","type":"post","link":"https:\/\/www.yucatanencorto.com\/noticias\/ponen-en-marcha-acciones-para-mejorar-movilidad-escolar-en-chuburna-de-hidalgo\/","title":{"rendered":"Ponen en marcha acciones para mejorar movilidad escolar en Chuburn\u00e1 de Hidalgo"},"content":{"rendered":"<p>&nbsp;<\/p>\n<p><img loading=\"lazy\" decoding=\"async\" class=\"alignnone size-full wp-image-117001\" src=\"https:\/\/www.yucatanencorto.com\/noticias\/wp-content\/uploads\/2026\/04\/IMG-20260430-WA0057-scaled.jpg\" alt=\"\" width=\"768\" height=\"512\" srcset=\"https:\/\/www.yucatanencorto.com\/noticias\/wp-content\/uploads\/2026\/04\/IMG-20260430-WA0057-scaled.jpg 768w, https:\/\/www.yucatanencorto.com\/noticias\/wp-content\/uploads\/2026\/04\/IMG-20260430-WA0057-1536x1024.jpg 1536w, https:\/\/www.yucatanencorto.com\/noticias\/wp-content\/uploads\/2026\/04\/IMG-20260430-WA0057-2048x1365.jpg 2048w, https:\/\/www.yucatanencorto.com\/noticias\/wp-content\/uploads\/2026\/04\/IMG-20260430-WA0057-150x100.jpg 150w, https:\/\/www.yucatanencorto.com\/noticias\/wp-content\/uploads\/2026\/04\/IMG-20260430-WA0057-300x200.jpg 300w, https:\/\/www.yucatanencorto.com\/noticias\/wp-content\/uploads\/2026\/04\/IMG-20260430-WA0057-696x464.jpg 696w, https:\/\/www.yucatanencorto.com\/noticias\/wp-content\/uploads\/2026\/04\/IMG-20260430-WA0057-1068x712.jpg 1068w, https:\/\/www.yucatanencorto.com\/noticias\/wp-content\/uploads\/2026\/04\/IMG-20260430-WA0057-1920x1280.jpg 1920w\" sizes=\"auto, (max-width: 768px) 100vw, 768px\" \/><\/p>\n<p>M\u00e9rida, Yucat\u00e1n, a 30 de abril de 2026<\/p>\n<p>&nbsp;<\/p>\n<p>Para mejorar la seguridad vial de ni\u00f1as, ni\u00f1os y familias en zonas escolares, el Gobierno del Estado, a trav\u00e9s del Instituto de Movilidad y Desarrollo Urbano Territorial (Imdut), realiz\u00f3 una intervenci\u00f3n piloto del Plan de Entornos Escolares Seguros en la colonia Chuburn\u00e1 de Hidalgo.<\/p>\n<p>&nbsp;<\/p>\n<p>El director general del Imdut, Irak Greene Marrufo, inform\u00f3 que la acci\u00f3n se desarroll\u00f3 en la intersecci\u00f3n de las calles 20 con 17, una zona con alta actividad escolar que forma parte del pol\u00edgono de trabajo coordinado con el Laboratorio Urbano de la Universidad Modelo.<\/p>\n<p>&nbsp;<\/p>\n<p>Ah\u00ed se aplicaron medidas de urbanismo t\u00e1ctico para ordenar el cruce, reducir riesgos y dar mayor prioridad al paso peatonal.<\/p>\n<p>&nbsp;<\/p>\n<p>\u201cSiguiendo la visi\u00f3n del Gobernador Joaqu\u00edn D\u00edaz Mena, estamos impulsando una movilidad que pone al centro a las personas. En este punto delimitamos el espacio vial, medimos velocidades, incorporamos pasos de cebra y reforzamos la se\u00f1alizaci\u00f3n para que ni\u00f1as, ni\u00f1os y familias puedan trasladarse con mayor seguridad\u201d, explic\u00f3 Greene Marrufo.<\/p>\n<p>&nbsp;<\/p>\n<p>El funcionario detall\u00f3 que tambi\u00e9n se puso en marcha el primer Pedib\u00fas, una din\u00e1mica en la que ni\u00f1as y ni\u00f1os caminan hacia la escuela en grupo, por una ruta definida, con paradas y horarios, acompa\u00f1ados por personas adultas. Esta medida busca hacer m\u00e1s seguros los trayectos, promover la caminata y fortalecer la convivencia comunitaria.<\/p>\n<p>&nbsp;<\/p>\n<p>Durante la jornada participaron madres y padres de familia, docentes y estudiantes de la primaria \u201cBernab\u00e9 Arg\u00e1ez Milan\u00e9s\u201d, el jard\u00edn de ni\u00f1os \u201cJulia Mart\u00edn Alonzo\u201d y la primaria \u201cJos\u00e9 de la Luz Mena Alcocer\u201d, quienes se sumaron tanto a las acciones de urbanismo t\u00e1ctico como al recorrido del Pedib\u00fas.<\/p>\n<p>&nbsp;<\/p>\n<p>Tambi\u00e9n estuvieron presentes la diputada Naomi Peniche L\u00f3pez; el regidor Adri\u00e1n Gorocica Rojas, y Silvana Forti, del Laboratorio Urbano de la Universidad Modelo, como parte del trabajo conjunto entre instituciones, comunidad educativa y especialistas en desarrollo urbano.<\/p>\n<p>&nbsp;<\/p>\n<p>&nbsp;<\/p>\n<p>&#8212;oo00oo&#8212;<\/p>\n","protected":false},"excerpt":{"rendered":"<p>&nbsp; M\u00e9rida, Yucat\u00e1n, a 30 de abril de 2026 &nbsp; Para mejorar la seguridad vial de ni\u00f1as, ni\u00f1os y familias en zonas escolares, el Gobierno del Estado, a trav\u00e9s del Instituto de Movilidad y Desarrollo Urbano Territorial (Imdut), realiz\u00f3 una intervenci\u00f3n piloto del Plan de Entornos Escolares Seguros en la colonia Chuburn\u00e1 de Hidalgo. &nbsp; [&hellip;]<\/p>\n","protected":false},"author":4,"featured_media":117001,"comment_status":"closed","ping_status":"closed","sticky":false,"template":"","format":"standard","meta":{"footnotes":""},"categories":[3],"tags":[],"class_list":{"0":"post-117000","1":"post","2":"type-post","3":"status-publish","4":"format-standard","5":"has-post-thumbnail","7":"category-yucatan"},"yoast_head":"<!-- This site is optimized with the Yoast SEO plugin v27.4 - https:\/\/yoast.com\/product\/yoast-seo-wordpress\/ -->\n<title>Ponen en marcha acciones para mejorar movilidad escolar en Chuburn\u00e1 de Hidalgo - Yucat\u00e1n en corto<\/title>\n<meta name=\"robots\" content=\"index, follow, max-snippet:-1, max-image-preview:large, max-video-preview:-1\" \/>\n<link rel=\"canonical\" href=\"https:\/\/www.yucatanencorto.com\/noticias\/ponen-en-marcha-acciones-para-mejorar-movilidad-escolar-en-chuburna-de-hidalgo\/\" \/>\n<meta property=\"og:locale\" content=\"es_ES\" \/>\n<meta property=\"og:type\" content=\"article\" \/>\n<meta property=\"og:title\" content=\"Ponen en marcha acciones para mejorar movilidad escolar en Chuburn\u00e1 de Hidalgo - Yucat\u00e1n en corto\" \/>\n<meta property=\"og:description\" content=\"&nbsp; M\u00e9rida, Yucat\u00e1n, a 30 de abril de 2026 &nbsp; Para mejorar la seguridad vial de ni\u00f1as, ni\u00f1os y familias en zonas escolares, el Gobierno del Estado, a trav\u00e9s del Instituto de Movilidad y Desarrollo Urbano Territorial (Imdut), realiz\u00f3 una intervenci\u00f3n piloto del Plan de Entornos Escolares Seguros en la colonia Chuburn\u00e1 de Hidalgo. &nbsp; [&hellip;]\" \/>\n<meta property=\"og:url\" content=\"https:\/\/www.yucatanencorto.com\/noticias\/ponen-en-marcha-acciones-para-mejorar-movilidad-escolar-en-chuburna-de-hidalgo\/\" \/>\n<meta property=\"og:site_name\" content=\"Yucat\u00e1n en corto\" \/>\n<meta property=\"article:publisher\" content=\"http:\/\/www.facebook.com\/yucatanencorto\" \/>\n<meta property=\"article:published_time\" content=\"2026-04-30T18:53:15+00:00\" \/>\n<meta property=\"og:image\" content=\"https:\/\/www.yucatanencorto.com\/noticias\/wp-content\/uploads\/2026\/04\/IMG-20260430-WA0057-scaled.jpg\" \/>\n\t<meta property=\"og:image:width\" content=\"768\" \/>\n\t<meta property=\"og:image:height\" content=\"512\" \/>\n\t<meta property=\"og:image:type\" content=\"image\/jpeg\" \/>\n<meta name=\"author\" content=\"Yucat\u00e1n en Corto\" \/>\n<meta name=\"twitter:card\" content=\"summary_large_image\" \/>\n<meta name=\"twitter:creator\" content=\"@yucatanencorto\" \/>\n<meta name=\"twitter:site\" content=\"@yucatanencorto\" \/>\n<meta name=\"twitter:label1\" content=\"Escrito por\" \/>\n\t<meta name=\"twitter:data1\" content=\"Yucat\u00e1n en Corto\" \/>\n\t<meta name=\"twitter:label2\" content=\"Tiempo de lectura\" \/>\n\t<meta name=\"twitter:data2\" content=\"2 minutos\" \/>\n<script type=\"application\/ld+json\" class=\"yoast-schema-graph\">{\"@context\":\"https:\\\/\\\/schema.org\",\"@graph\":[{\"@type\":\"Article\",\"@id\":\"https:\\\/\\\/www.yucatanencorto.com\\\/noticias\\\/ponen-en-marcha-acciones-para-mejorar-movilidad-escolar-en-chuburna-de-hidalgo\\\/#article\",\"isPartOf\":{\"@id\":\"https:\\\/\\\/www.yucatanencorto.com\\\/noticias\\\/ponen-en-marcha-acciones-para-mejorar-movilidad-escolar-en-chuburna-de-hidalgo\\\/\"},\"author\":{\"name\":\"Yucat\u00e1n en Corto\",\"@id\":\"https:\\\/\\\/www.yucatanencorto.com\\\/noticias\\\/#\\\/schema\\\/person\\\/f0ec40c33447bbc0dc2d01d3006de771\"},\"headline\":\"Ponen en marcha acciones para mejorar movilidad escolar en Chuburn\u00e1 de Hidalgo\",\"datePublished\":\"2026-04-30T18:53:15+00:00\",\"mainEntityOfPage\":{\"@id\":\"https:\\\/\\\/www.yucatanencorto.com\\\/noticias\\\/ponen-en-marcha-acciones-para-mejorar-movilidad-escolar-en-chuburna-de-hidalgo\\\/\"},\"wordCount\":361,\"image\":{\"@id\":\"https:\\\/\\\/www.yucatanencorto.com\\\/noticias\\\/ponen-en-marcha-acciones-para-mejorar-movilidad-escolar-en-chuburna-de-hidalgo\\\/#primaryimage\"},\"thumbnailUrl\":\"https:\\\/\\\/www.yucatanencorto.com\\\/noticias\\\/wp-content\\\/uploads\\\/2026\\\/04\\\/IMG-20260430-WA0057-scaled.jpg\",\"articleSection\":[\"Yucat\u00e1n\"],\"inLanguage\":\"es\"},{\"@type\":\"WebPage\",\"@id\":\"https:\\\/\\\/www.yucatanencorto.com\\\/noticias\\\/ponen-en-marcha-acciones-para-mejorar-movilidad-escolar-en-chuburna-de-hidalgo\\\/\",\"url\":\"https:\\\/\\\/www.yucatanencorto.com\\\/noticias\\\/ponen-en-marcha-acciones-para-mejorar-movilidad-escolar-en-chuburna-de-hidalgo\\\/\",\"name\":\"Ponen en marcha acciones para mejorar movilidad escolar en Chuburn\u00e1 de Hidalgo - Yucat\u00e1n en corto\",\"isPartOf\":{\"@id\":\"https:\\\/\\\/www.yucatanencorto.com\\\/noticias\\\/#website\"},\"primaryImageOfPage\":{\"@id\":\"https:\\\/\\\/www.yucatanencorto.com\\\/noticias\\\/ponen-en-marcha-acciones-para-mejorar-movilidad-escolar-en-chuburna-de-hidalgo\\\/#primaryimage\"},\"image\":{\"@id\":\"https:\\\/\\\/www.yucatanencorto.com\\\/noticias\\\/ponen-en-marcha-acciones-para-mejorar-movilidad-escolar-en-chuburna-de-hidalgo\\\/#primaryimage\"},\"thumbnailUrl\":\"https:\\\/\\\/www.yucatanencorto.com\\\/noticias\\\/wp-content\\\/uploads\\\/2026\\\/04\\\/IMG-20260430-WA0057-scaled.jpg\",\"datePublished\":\"2026-04-30T18:53:15+00:00\",\"author\":{\"@id\":\"https:\\\/\\\/www.yucatanencorto.com\\\/noticias\\\/#\\\/schema\\\/person\\\/f0ec40c33447bbc0dc2d01d3006de771\"},\"breadcrumb\":{\"@id\":\"https:\\\/\\\/www.yucatanencorto.com\\\/noticias\\\/ponen-en-marcha-acciones-para-mejorar-movilidad-escolar-en-chuburna-de-hidalgo\\\/#breadcrumb\"},\"inLanguage\":\"es\",\"potentialAction\":[{\"@type\":\"ReadAction\",\"target\":[\"https:\\\/\\\/www.yucatanencorto.com\\\/noticias\\\/ponen-en-marcha-acciones-para-mejorar-movilidad-escolar-en-chuburna-de-hidalgo\\\/\"]}]},{\"@type\":\"ImageObject\",\"inLanguage\":\"es\",\"@id\":\"https:\\\/\\\/www.yucatanencorto.com\\\/noticias\\\/ponen-en-marcha-acciones-para-mejorar-movilidad-escolar-en-chuburna-de-hidalgo\\\/#primaryimage\",\"url\":\"https:\\\/\\\/www.yucatanencorto.com\\\/noticias\\\/wp-content\\\/uploads\\\/2026\\\/04\\\/IMG-20260430-WA0057-scaled.jpg\",\"contentUrl\":\"https:\\\/\\\/www.yucatanencorto.com\\\/noticias\\\/wp-content\\\/uploads\\\/2026\\\/04\\\/IMG-20260430-WA0057-scaled.jpg\",\"width\":768,\"height\":512},{\"@type\":\"BreadcrumbList\",\"@id\":\"https:\\\/\\\/www.yucatanencorto.com\\\/noticias\\\/ponen-en-marcha-acciones-para-mejorar-movilidad-escolar-en-chuburna-de-hidalgo\\\/#breadcrumb\",\"itemListElement\":[{\"@type\":\"ListItem\",\"position\":1,\"name\":\"Portada\",\"item\":\"https:\\\/\\\/www.yucatanencorto.com\\\/noticias\\\/\"},{\"@type\":\"ListItem\",\"position\":2,\"name\":\"Ponen en marcha acciones para mejorar movilidad escolar en Chuburn\u00e1 de Hidalgo\"}]},{\"@type\":\"WebSite\",\"@id\":\"https:\\\/\\\/www.yucatanencorto.com\\\/noticias\\\/#website\",\"url\":\"https:\\\/\\\/www.yucatanencorto.com\\\/noticias\\\/\",\"name\":\"Yucat\u00e1n en corto\",\"description\":\"Noticias\",\"potentialAction\":[{\"@type\":\"SearchAction\",\"target\":{\"@type\":\"EntryPoint\",\"urlTemplate\":\"https:\\\/\\\/www.yucatanencorto.com\\\/noticias\\\/?s={search_term_string}\"},\"query-input\":{\"@type\":\"PropertyValueSpecification\",\"valueRequired\":true,\"valueName\":\"search_term_string\"}}],\"inLanguage\":\"es\"},{\"@type\":\"Person\",\"@id\":\"https:\\\/\\\/www.yucatanencorto.com\\\/noticias\\\/#\\\/schema\\\/person\\\/f0ec40c33447bbc0dc2d01d3006de771\",\"name\":\"Yucat\u00e1n en Corto\",\"image\":{\"@type\":\"ImageObject\",\"inLanguage\":\"es\",\"@id\":\"https:\\\/\\\/secure.gravatar.com\\\/avatar\\\/20e0a6b626f38fa8e545fb3f80ce566efd790bf8877e65c3a482460cc3e0b5d1?s=96&d=mm&r=g\",\"url\":\"https:\\\/\\\/secure.gravatar.com\\\/avatar\\\/20e0a6b626f38fa8e545fb3f80ce566efd790bf8877e65c3a482460cc3e0b5d1?s=96&d=mm&r=g\",\"contentUrl\":\"https:\\\/\\\/secure.gravatar.com\\\/avatar\\\/20e0a6b626f38fa8e545fb3f80ce566efd790bf8877e65c3a482460cc3e0b5d1?s=96&d=mm&r=g\",\"caption\":\"Yucat\u00e1n en Corto\"},\"url\":\"https:\\\/\\\/www.yucatanencorto.com\\\/noticias\\\/author\\\/editor25\\\/\"}]}<\/script>\n<!-- \/ Yoast SEO plugin. -->","yoast_head_json":{"title":"Ponen en marcha acciones para mejorar movilidad escolar en Chuburn\u00e1 de Hidalgo - Yucat\u00e1n en corto","robots":{"index":"index","follow":"follow","max-snippet":"max-snippet:-1","max-image-preview":"max-image-preview:large","max-video-preview":"max-video-preview:-1"},"canonical":"https:\/\/www.yucatanencorto.com\/noticias\/ponen-en-marcha-acciones-para-mejorar-movilidad-escolar-en-chuburna-de-hidalgo\/","og_locale":"es_ES","og_type":"article","og_title":"Ponen en marcha acciones para mejorar movilidad escolar en Chuburn\u00e1 de Hidalgo - Yucat\u00e1n en corto","og_description":"&nbsp; M\u00e9rida, Yucat\u00e1n, a 30 de abril de 2026 &nbsp; Para mejorar la seguridad vial de ni\u00f1as, ni\u00f1os y familias en zonas escolares, el Gobierno del Estado, a trav\u00e9s del Instituto de Movilidad y Desarrollo Urbano Territorial (Imdut), realiz\u00f3 una intervenci\u00f3n piloto del Plan de Entornos Escolares Seguros en la colonia Chuburn\u00e1 de Hidalgo. &nbsp; [&hellip;]","og_url":"https:\/\/www.yucatanencorto.com\/noticias\/ponen-en-marcha-acciones-para-mejorar-movilidad-escolar-en-chuburna-de-hidalgo\/","og_site_name":"Yucat\u00e1n en corto","article_publisher":"http:\/\/www.facebook.com\/yucatanencorto","article_published_time":"2026-04-30T18:53:15+00:00","og_image":[{"width":768,"height":512,"url":"https:\/\/www.yucatanencorto.com\/noticias\/wp-content\/uploads\/2026\/04\/IMG-20260430-WA0057-scaled.jpg","type":"image\/jpeg"}],"author":"Yucat\u00e1n en Corto","twitter_card":"summary_large_image","twitter_creator":"@yucatanencorto","twitter_site":"@yucatanencorto","twitter_misc":{"Escrito por":"Yucat\u00e1n en Corto","Tiempo de lectura":"2 minutos"},"schema":{"@context":"https:\/\/schema.org","@graph":[{"@type":"Article","@id":"https:\/\/www.yucatanencorto.com\/noticias\/ponen-en-marcha-acciones-para-mejorar-movilidad-escolar-en-chuburna-de-hidalgo\/#article","isPartOf":{"@id":"https:\/\/www.yucatanencorto.com\/noticias\/ponen-en-marcha-acciones-para-mejorar-movilidad-escolar-en-chuburna-de-hidalgo\/"},"author":{"name":"Yucat\u00e1n en Corto","@id":"https:\/\/www.yucatanencorto.com\/noticias\/#\/schema\/person\/f0ec40c33447bbc0dc2d01d3006de771"},"headline":"Ponen en marcha acciones para mejorar movilidad escolar en Chuburn\u00e1 de Hidalgo","datePublished":"2026-04-30T18:53:15+00:00","mainEntityOfPage":{"@id":"https:\/\/www.yucatanencorto.com\/noticias\/ponen-en-marcha-acciones-para-mejorar-movilidad-escolar-en-chuburna-de-hidalgo\/"},"wordCount":361,"image":{"@id":"https:\/\/www.yucatanencorto.com\/noticias\/ponen-en-marcha-acciones-para-mejorar-movilidad-escolar-en-chuburna-de-hidalgo\/#primaryimage"},"thumbnailUrl":"https:\/\/www.yucatanencorto.com\/noticias\/wp-content\/uploads\/2026\/04\/IMG-20260430-WA0057-scaled.jpg","articleSection":["Yucat\u00e1n"],"inLanguage":"es"},{"@type":"WebPage","@id":"https:\/\/www.yucatanencorto.com\/noticias\/ponen-en-marcha-acciones-para-mejorar-movilidad-escolar-en-chuburna-de-hidalgo\/","url":"https:\/\/www.yucatanencorto.com\/noticias\/ponen-en-marcha-acciones-para-mejorar-movilidad-escolar-en-chuburna-de-hidalgo\/","name":"Ponen en marcha acciones para mejorar movilidad escolar en Chuburn\u00e1 de Hidalgo - Yucat\u00e1n en corto","isPartOf":{"@id":"https:\/\/www.yucatanencorto.com\/noticias\/#website"},"primaryImageOfPage":{"@id":"https:\/\/www.yucatanencorto.com\/noticias\/ponen-en-marcha-acciones-para-mejorar-movilidad-escolar-en-chuburna-de-hidalgo\/#primaryimage"},"image":{"@id":"https:\/\/www.yucatanencorto.com\/noticias\/ponen-en-marcha-acciones-para-mejorar-movilidad-escolar-en-chuburna-de-hidalgo\/#primaryimage"},"thumbnailUrl":"https:\/\/www.yucatanencorto.com\/noticias\/wp-content\/uploads\/2026\/04\/IMG-20260430-WA0057-scaled.jpg","datePublished":"2026-04-30T18:53:15+00:00","author":{"@id":"https:\/\/www.yucatanencorto.com\/noticias\/#\/schema\/person\/f0ec40c33447bbc0dc2d01d3006de771"},"breadcrumb":{"@id":"https:\/\/www.yucatanencorto.com\/noticias\/ponen-en-marcha-acciones-para-mejorar-movilidad-escolar-en-chuburna-de-hidalgo\/#breadcrumb"},"inLanguage":"es","potentialAction":[{"@type":"ReadAction","target":["https:\/\/www.yucatanencorto.com\/noticias\/ponen-en-marcha-acciones-para-mejorar-movilidad-escolar-en-chuburna-de-hidalgo\/"]}]},{"@type":"ImageObject","inLanguage":"es","@id":"https:\/\/www.yucatanencorto.com\/noticias\/ponen-en-marcha-acciones-para-mejorar-movilidad-escolar-en-chuburna-de-hidalgo\/#primaryimage","url":"https:\/\/www.yucatanencorto.com\/noticias\/wp-content\/uploads\/2026\/04\/IMG-20260430-WA0057-scaled.jpg","contentUrl":"https:\/\/www.yucatanencorto.com\/noticias\/wp-content\/uploads\/2026\/04\/IMG-20260430-WA0057-scaled.jpg","width":768,"height":512},{"@type":"BreadcrumbList","@id":"https:\/\/www.yucatanencorto.com\/noticias\/ponen-en-marcha-acciones-para-mejorar-movilidad-escolar-en-chuburna-de-hidalgo\/#breadcrumb","itemListElement":[{"@type":"ListItem","position":1,"name":"Portada","item":"https:\/\/www.yucatanencorto.com\/noticias\/"},{"@type":"ListItem","position":2,"name":"Ponen en marcha acciones para mejorar movilidad escolar en Chuburn\u00e1 de Hidalgo"}]},{"@type":"WebSite","@id":"https:\/\/www.yucatanencorto.com\/noticias\/#website","url":"https:\/\/www.yucatanencorto.com\/noticias\/","name":"Yucat\u00e1n en corto","description":"Noticias","potentialAction":[{"@type":"SearchAction","target":{"@type":"EntryPoint","urlTemplate":"https:\/\/www.yucatanencorto.com\/noticias\/?s={search_term_string}"},"query-input":{"@type":"PropertyValueSpecification","valueRequired":true,"valueName":"search_term_string"}}],"inLanguage":"es"},{"@type":"Person","@id":"https:\/\/www.yucatanencorto.com\/noticias\/#\/schema\/person\/f0ec40c33447bbc0dc2d01d3006de771","name":"Yucat\u00e1n en Corto","image":{"@type":"ImageObject","inLanguage":"es","@id":"https:\/\/secure.gravatar.com\/avatar\/20e0a6b626f38fa8e545fb3f80ce566efd790bf8877e65c3a482460cc3e0b5d1?s=96&d=mm&r=g","url":"https:\/\/secure.gravatar.com\/avatar\/20e0a6b626f38fa8e545fb3f80ce566efd790bf8877e65c3a482460cc3e0b5d1?s=96&d=mm&r=g","contentUrl":"https:\/\/secure.gravatar.com\/avatar\/20e0a6b626f38fa8e545fb3f80ce566efd790bf8877e65c3a482460cc3e0b5d1?s=96&d=mm&r=g","caption":"Yucat\u00e1n en Corto"},"url":"https:\/\/www.yucatanencorto.com\/noticias\/author\/editor25\/"}]}},"_links":{"self":[{"href":"https:\/\/www.yucatanencorto.com\/noticias\/wp-json\/wp\/v2\/posts\/117000","targetHints":{"allow":["GET"]}}],"collection":[{"href":"https:\/\/www.yucatanencorto.com\/noticias\/wp-json\/wp\/v2\/posts"}],"about":[{"href":"https:\/\/www.yucatanencorto.com\/noticias\/wp-json\/wp\/v2\/types\/post"}],"author":[{"embeddable":true,"href":"https:\/\/www.yucatanencorto.com\/noticias\/wp-json\/wp\/v2\/users\/4"}],"replies":[{"embeddable":true,"href":"https:\/\/www.yucatanencorto.com\/noticias\/wp-json\/wp\/v2\/comments?post=117000"}],"version-history":[{"count":1,"href":"https:\/\/www.yucatanencorto.com\/noticias\/wp-json\/wp\/v2\/posts\/117000\/revisions"}],"predecessor-version":[{"id":117002,"href":"https:\/\/www.yucatanencorto.com\/noticias\/wp-json\/wp\/v2\/posts\/117000\/revisions\/117002"}],"wp:featuredmedia":[{"embeddable":true,"href":"https:\/\/www.yucatanencorto.com\/noticias\/wp-json\/wp\/v2\/media\/117001"}],"wp:attachment":[{"href":"https:\/\/www.yucatanencorto.com\/noticias\/wp-json\/wp\/v2\/media?parent=117000"}],"wp:term":[{"taxonomy":"category","embeddable":true,"href":"https:\/\/www.yucatanencorto.com\/noticias\/wp-json\/wp\/v2\/categories?post=117000"},{"taxonomy":"post_tag","embeddable":true,"href":"https:\/\/www.yucatanencorto.com\/noticias\/wp-json\/wp\/v2\/tags?post=117000"}],"curies":[{"name":"wp","href":"https:\/\/api.w.org\/{rel}","templated":true}]}}