{"id":117003,"date":"2026-04-30T15:13:23","date_gmt":"2026-04-30T21:13:23","guid":{"rendered":"https:\/\/www.yucatanencorto.com\/noticias\/?p=117003"},"modified":"2026-04-30T15:13:23","modified_gmt":"2026-04-30T21:13:23","slug":"fortalecen-la-participacion-ciudadana-en-merida","status":"publish","type":"post","link":"https:\/\/www.yucatanencorto.com\/noticias\/fortalecen-la-participacion-ciudadana-en-merida\/","title":{"rendered":"Fortalecen la participaci\u00f3n ciudadana en M\u00e9rida"},"content":{"rendered":"<p><img loading=\"lazy\" decoding=\"async\" class=\"alignnone size-full wp-image-117004\" src=\"https:\/\/www.yucatanencorto.com\/noticias\/wp-content\/uploads\/2026\/04\/IMG-20260430-WA0087-scaled.jpg\" alt=\"\" width=\"768\" height=\"512\" srcset=\"https:\/\/www.yucatanencorto.com\/noticias\/wp-content\/uploads\/2026\/04\/IMG-20260430-WA0087-scaled.jpg 768w, https:\/\/www.yucatanencorto.com\/noticias\/wp-content\/uploads\/2026\/04\/IMG-20260430-WA0087-150x100.jpg 150w, https:\/\/www.yucatanencorto.com\/noticias\/wp-content\/uploads\/2026\/04\/IMG-20260430-WA0087-300x200.jpg 300w, https:\/\/www.yucatanencorto.com\/noticias\/wp-content\/uploads\/2026\/04\/IMG-20260430-WA0087-696x464.jpg 696w, https:\/\/www.yucatanencorto.com\/noticias\/wp-content\/uploads\/2026\/04\/IMG-20260430-WA0087-1068x712.jpg 1068w\" sizes=\"auto, (max-width: 768px) 100vw, 768px\" \/><\/p>\n<p>M\u00e9rida, Yucat\u00e1n, a jueves 30 de abril de 2026.- Convencida de que la seguridad se fortalece desde la comunidad, la presidenta municipal Cecilia Patr\u00f3n Laviada encabez\u00f3 el Primer Encuentro de Participaci\u00f3n Ciudadana en la Unidad Deportiva de Francisco de Montejo, donde destac\u00f3 que escuchar y atender directamente a las y los vecinos es clave para mantener la paz y el bienestar en la ciudad.<\/p>\n<p>&nbsp;<\/p>\n<p>\u201cReconozco la labor comprometida de la ciudadan\u00eda, que nos permite conocer de primera mano las necesidades de sus comunidades y acompa\u00f1arlos en su atenci\u00f3n. Porque es la unidad lo que hace m\u00e1s fuerte a M\u00e9rida\u201d, afirm\u00f3.<\/p>\n<p>&nbsp;<\/p>\n<p>Acompa\u00f1ada del director de Desarrollo Social y Combate a la Pobreza, Arturo Le\u00f3n Itz\u00e1, la edil dialog\u00f3 con 350 vecinas y vecinos, integrantes de 110 Comit\u00e9s de Vecinos Vigilantes y Consejos de Participaci\u00f3n Ciudadana, quienes adem\u00e1s participaron en la pl\u00e1tica de prevenci\u00f3n del delito D.A.R.E., enfocada en brindar herramientas pr\u00e1cticas para fortalecer el cuidado y la seguridad en sus colonias.<\/p>\n<p>&nbsp;<\/p>\n<p>Cecilia Patr\u00f3n reiter\u00f3 que desde el Ayuntamiento se trabaja todos los d\u00edas para que la tranquilidad sea una constante en la ciudad: que las familias puedan disfrutar de parques rehabilitados y bien iluminados; que transiten por calles seguras y de calidad; que lleguen con bien a casa; y que M\u00e9rida contin\u00fae siendo una ciudad limpia y ordenada, donde prevalezca la armon\u00eda.<\/p>\n<p>&nbsp;<\/p>\n<p>Destac\u00f3 que estos espacios impulsan una participaci\u00f3n activa de la ciudadan\u00eda en la construcci\u00f3n de entornos m\u00e1s seguros. \u201cCuando las y los vecinos se organizan, las colonias se transforman: se vuelven m\u00e1s tranquilas, m\u00e1s unidas y con mayor capacidad para salir adelante\u201d, se\u00f1al\u00f3.<\/p>\n<p>&nbsp;<\/p>\n<p>Adem\u00e1s, subray\u00f3 la importancia de mantener una comunicaci\u00f3n directa y constante entre la poblaci\u00f3n y el Ayuntamiento, reiterando que estos programas est\u00e1n dise\u00f1ados para llegar a quienes m\u00e1s lo necesitan y contribuir a mejorar su calidad de vida.<\/p>\n<p>&nbsp;<\/p>\n<p>Por su parte, Arturo Le\u00f3n explic\u00f3 que en el encuentro participaron 86 Comit\u00e9s de Vecinos Vigilantes y 24 Consejos de Participaci\u00f3n Ciudadana, que integran una red fundamental para detectar necesidades, canalizar apoyos y fortalecer el tejido social en las colonias.<\/p>\n<p>&nbsp;<\/p>\n<p>Dijo que actualmente, el programa cuenta con 237 Comit\u00e9s de Vecinos Vigilantes, con la participaci\u00f3n de m\u00e1s de 2 mil 100 vecinas y vecinos en 192 colonias del municipio, lo que refleja el inter\u00e9s ciudadano por involucrarse activamente en el cuidado de sus comunidades.<\/p>\n<p>&nbsp;<\/p>\n<p>Adem\u00e1s, existen 150 Consejos de Participaci\u00f3n Ciudadana conformados por 1 mil 500 meridanas y meridanos.<\/p>\n<p>&nbsp;<\/p>\n<p>Se\u00f1al\u00f3 que como parte de estas estrategias, tambi\u00e9n se realizan reuniones informativas, talleres, visitas de seguimiento y actividades comunitarias que permiten mantener viva la participaci\u00f3n ciudadana y fortalecer la convivencia en las colonias.<\/p>\n<p>&nbsp;<\/p>\n<p>Mencion\u00f3 que el Ayuntamiento de M\u00e9rida continuar\u00e1 impulsando este tipo de encuentros en distintas zonas de la ciudad, con el objetivo de seguir construyendo una M\u00e9rida m\u00e1s segura, organizada y participativa.<\/p>\n<p>&nbsp;<\/p>\n<p>Para mayores informes sobre los programas sociales, la ciudadan\u00eda puede acudir a las ventanillas de la Direcci\u00f3n de Desarrollo Social y Combate a la Pobreza, ubicadas en C. 65 No. 368 Int. x 40 y 42, Col. Centro, o comunicarse a los tel\u00e9fonos (999) 924 6900 y (999) 924 6962, ext. 81750, de lunes a viernes de 8:00 a.m. a 3:00 p.m.<\/p>\n<p>&nbsp;<\/p>\n<p>#MeridaContigoEsMejor<\/p>\n","protected":false},"excerpt":{"rendered":"<p>M\u00e9rida, Yucat\u00e1n, a jueves 30 de abril de 2026.- Convencida de que la seguridad se fortalece desde la comunidad, la presidenta municipal Cecilia Patr\u00f3n Laviada encabez\u00f3 el Primer Encuentro de Participaci\u00f3n Ciudadana en la Unidad Deportiva de Francisco de Montejo, donde destac\u00f3 que escuchar y atender directamente a las y los vecinos es clave para [&hellip;]<\/p>\n","protected":false},"author":4,"featured_media":117004,"comment_status":"closed","ping_status":"closed","sticky":false,"template":"","format":"standard","meta":{"footnotes":""},"categories":[2],"tags":[],"class_list":{"0":"post-117003","1":"post","2":"type-post","3":"status-publish","4":"format-standard","5":"has-post-thumbnail","7":"category-merida"},"yoast_head":"<!-- This site is optimized with the Yoast SEO plugin v27.5 - https:\/\/yoast.com\/product\/yoast-seo-wordpress\/ -->\n<title>Fortalecen la participaci\u00f3n ciudadana en M\u00e9rida - Yucat\u00e1n en corto<\/title>\n<meta name=\"robots\" content=\"index, follow, max-snippet:-1, max-image-preview:large, max-video-preview:-1\" \/>\n<link rel=\"canonical\" href=\"https:\/\/www.yucatanencorto.com\/noticias\/fortalecen-la-participacion-ciudadana-en-merida\/\" \/>\n<meta property=\"og:locale\" content=\"es_ES\" \/>\n<meta property=\"og:type\" content=\"article\" \/>\n<meta property=\"og:title\" content=\"Fortalecen la participaci\u00f3n ciudadana en M\u00e9rida - Yucat\u00e1n en corto\" \/>\n<meta property=\"og:description\" content=\"M\u00e9rida, Yucat\u00e1n, a jueves 30 de abril de 2026.- Convencida de que la seguridad se fortalece desde la comunidad, la presidenta municipal Cecilia Patr\u00f3n Laviada encabez\u00f3 el Primer Encuentro de Participaci\u00f3n Ciudadana en la Unidad Deportiva de Francisco de Montejo, donde destac\u00f3 que escuchar y atender directamente a las y los vecinos es clave para [&hellip;]\" \/>\n<meta property=\"og:url\" content=\"https:\/\/www.yucatanencorto.com\/noticias\/fortalecen-la-participacion-ciudadana-en-merida\/\" \/>\n<meta property=\"og:site_name\" content=\"Yucat\u00e1n en corto\" \/>\n<meta property=\"article:publisher\" content=\"http:\/\/www.facebook.com\/yucatanencorto\" \/>\n<meta property=\"article:published_time\" content=\"2026-04-30T21:13:23+00:00\" \/>\n<meta property=\"og:image\" content=\"https:\/\/www.yucatanencorto.com\/noticias\/wp-content\/uploads\/2026\/04\/IMG-20260430-WA0087-scaled.jpg\" \/>\n\t<meta property=\"og:image:width\" content=\"768\" \/>\n\t<meta property=\"og:image:height\" content=\"512\" \/>\n\t<meta property=\"og:image:type\" content=\"image\/jpeg\" \/>\n<meta name=\"author\" content=\"Yucat\u00e1n en Corto\" \/>\n<meta name=\"twitter:card\" content=\"summary_large_image\" \/>\n<meta name=\"twitter:creator\" content=\"@yucatanencorto\" \/>\n<meta name=\"twitter:site\" content=\"@yucatanencorto\" \/>\n<meta name=\"twitter:label1\" content=\"Escrito por\" \/>\n\t<meta name=\"twitter:data1\" content=\"Yucat\u00e1n en Corto\" \/>\n\t<meta name=\"twitter:label2\" content=\"Tiempo de lectura\" \/>\n\t<meta name=\"twitter:data2\" content=\"3 minutos\" \/>\n<script type=\"application\/ld+json\" class=\"yoast-schema-graph\">{\"@context\":\"https:\\\/\\\/schema.org\",\"@graph\":[{\"@type\":\"Article\",\"@id\":\"https:\\\/\\\/www.yucatanencorto.com\\\/noticias\\\/fortalecen-la-participacion-ciudadana-en-merida\\\/#article\",\"isPartOf\":{\"@id\":\"https:\\\/\\\/www.yucatanencorto.com\\\/noticias\\\/fortalecen-la-participacion-ciudadana-en-merida\\\/\"},\"author\":{\"name\":\"Yucat\u00e1n en Corto\",\"@id\":\"https:\\\/\\\/www.yucatanencorto.com\\\/noticias\\\/#\\\/schema\\\/person\\\/f0ec40c33447bbc0dc2d01d3006de771\"},\"headline\":\"Fortalecen la participaci\u00f3n ciudadana en M\u00e9rida\",\"datePublished\":\"2026-04-30T21:13:23+00:00\",\"mainEntityOfPage\":{\"@id\":\"https:\\\/\\\/www.yucatanencorto.com\\\/noticias\\\/fortalecen-la-participacion-ciudadana-en-merida\\\/\"},\"wordCount\":581,\"image\":{\"@id\":\"https:\\\/\\\/www.yucatanencorto.com\\\/noticias\\\/fortalecen-la-participacion-ciudadana-en-merida\\\/#primaryimage\"},\"thumbnailUrl\":\"https:\\\/\\\/www.yucatanencorto.com\\\/noticias\\\/wp-content\\\/uploads\\\/2026\\\/04\\\/IMG-20260430-WA0087-scaled.jpg\",\"articleSection\":[\"M\u00e9rida\"],\"inLanguage\":\"es\"},{\"@type\":\"WebPage\",\"@id\":\"https:\\\/\\\/www.yucatanencorto.com\\\/noticias\\\/fortalecen-la-participacion-ciudadana-en-merida\\\/\",\"url\":\"https:\\\/\\\/www.yucatanencorto.com\\\/noticias\\\/fortalecen-la-participacion-ciudadana-en-merida\\\/\",\"name\":\"Fortalecen la participaci\u00f3n ciudadana en M\u00e9rida - Yucat\u00e1n en corto\",\"isPartOf\":{\"@id\":\"https:\\\/\\\/www.yucatanencorto.com\\\/noticias\\\/#website\"},\"primaryImageOfPage\":{\"@id\":\"https:\\\/\\\/www.yucatanencorto.com\\\/noticias\\\/fortalecen-la-participacion-ciudadana-en-merida\\\/#primaryimage\"},\"image\":{\"@id\":\"https:\\\/\\\/www.yucatanencorto.com\\\/noticias\\\/fortalecen-la-participacion-ciudadana-en-merida\\\/#primaryimage\"},\"thumbnailUrl\":\"https:\\\/\\\/www.yucatanencorto.com\\\/noticias\\\/wp-content\\\/uploads\\\/2026\\\/04\\\/IMG-20260430-WA0087-scaled.jpg\",\"datePublished\":\"2026-04-30T21:13:23+00:00\",\"author\":{\"@id\":\"https:\\\/\\\/www.yucatanencorto.com\\\/noticias\\\/#\\\/schema\\\/person\\\/f0ec40c33447bbc0dc2d01d3006de771\"},\"breadcrumb\":{\"@id\":\"https:\\\/\\\/www.yucatanencorto.com\\\/noticias\\\/fortalecen-la-participacion-ciudadana-en-merida\\\/#breadcrumb\"},\"inLanguage\":\"es\",\"potentialAction\":[{\"@type\":\"ReadAction\",\"target\":[\"https:\\\/\\\/www.yucatanencorto.com\\\/noticias\\\/fortalecen-la-participacion-ciudadana-en-merida\\\/\"]}]},{\"@type\":\"ImageObject\",\"inLanguage\":\"es\",\"@id\":\"https:\\\/\\\/www.yucatanencorto.com\\\/noticias\\\/fortalecen-la-participacion-ciudadana-en-merida\\\/#primaryimage\",\"url\":\"https:\\\/\\\/www.yucatanencorto.com\\\/noticias\\\/wp-content\\\/uploads\\\/2026\\\/04\\\/IMG-20260430-WA0087-scaled.jpg\",\"contentUrl\":\"https:\\\/\\\/www.yucatanencorto.com\\\/noticias\\\/wp-content\\\/uploads\\\/2026\\\/04\\\/IMG-20260430-WA0087-scaled.jpg\",\"width\":768,\"height\":512},{\"@type\":\"BreadcrumbList\",\"@id\":\"https:\\\/\\\/www.yucatanencorto.com\\\/noticias\\\/fortalecen-la-participacion-ciudadana-en-merida\\\/#breadcrumb\",\"itemListElement\":[{\"@type\":\"ListItem\",\"position\":1,\"name\":\"Portada\",\"item\":\"https:\\\/\\\/www.yucatanencorto.com\\\/noticias\\\/\"},{\"@type\":\"ListItem\",\"position\":2,\"name\":\"Fortalecen la participaci\u00f3n ciudadana en M\u00e9rida\"}]},{\"@type\":\"WebSite\",\"@id\":\"https:\\\/\\\/www.yucatanencorto.com\\\/noticias\\\/#website\",\"url\":\"https:\\\/\\\/www.yucatanencorto.com\\\/noticias\\\/\",\"name\":\"Yucat\u00e1n en corto\",\"description\":\"Noticias\",\"potentialAction\":[{\"@type\":\"SearchAction\",\"target\":{\"@type\":\"EntryPoint\",\"urlTemplate\":\"https:\\\/\\\/www.yucatanencorto.com\\\/noticias\\\/?s={search_term_string}\"},\"query-input\":{\"@type\":\"PropertyValueSpecification\",\"valueRequired\":true,\"valueName\":\"search_term_string\"}}],\"inLanguage\":\"es\"},{\"@type\":\"Person\",\"@id\":\"https:\\\/\\\/www.yucatanencorto.com\\\/noticias\\\/#\\\/schema\\\/person\\\/f0ec40c33447bbc0dc2d01d3006de771\",\"name\":\"Yucat\u00e1n en Corto\",\"image\":{\"@type\":\"ImageObject\",\"inLanguage\":\"es\",\"@id\":\"https:\\\/\\\/secure.gravatar.com\\\/avatar\\\/20e0a6b626f38fa8e545fb3f80ce566efd790bf8877e65c3a482460cc3e0b5d1?s=96&d=mm&r=g\",\"url\":\"https:\\\/\\\/secure.gravatar.com\\\/avatar\\\/20e0a6b626f38fa8e545fb3f80ce566efd790bf8877e65c3a482460cc3e0b5d1?s=96&d=mm&r=g\",\"contentUrl\":\"https:\\\/\\\/secure.gravatar.com\\\/avatar\\\/20e0a6b626f38fa8e545fb3f80ce566efd790bf8877e65c3a482460cc3e0b5d1?s=96&d=mm&r=g\",\"caption\":\"Yucat\u00e1n en Corto\"},\"url\":\"https:\\\/\\\/www.yucatanencorto.com\\\/noticias\\\/author\\\/editor25\\\/\"}]}<\/script>\n<!-- \/ Yoast SEO plugin. -->","yoast_head_json":{"title":"Fortalecen la participaci\u00f3n ciudadana en M\u00e9rida - Yucat\u00e1n en corto","robots":{"index":"index","follow":"follow","max-snippet":"max-snippet:-1","max-image-preview":"max-image-preview:large","max-video-preview":"max-video-preview:-1"},"canonical":"https:\/\/www.yucatanencorto.com\/noticias\/fortalecen-la-participacion-ciudadana-en-merida\/","og_locale":"es_ES","og_type":"article","og_title":"Fortalecen la participaci\u00f3n ciudadana en M\u00e9rida - Yucat\u00e1n en corto","og_description":"M\u00e9rida, Yucat\u00e1n, a jueves 30 de abril de 2026.- Convencida de que la seguridad se fortalece desde la comunidad, la presidenta municipal Cecilia Patr\u00f3n Laviada encabez\u00f3 el Primer Encuentro de Participaci\u00f3n Ciudadana en la Unidad Deportiva de Francisco de Montejo, donde destac\u00f3 que escuchar y atender directamente a las y los vecinos es clave para [&hellip;]","og_url":"https:\/\/www.yucatanencorto.com\/noticias\/fortalecen-la-participacion-ciudadana-en-merida\/","og_site_name":"Yucat\u00e1n en corto","article_publisher":"http:\/\/www.facebook.com\/yucatanencorto","article_published_time":"2026-04-30T21:13:23+00:00","og_image":[{"width":768,"height":512,"url":"https:\/\/www.yucatanencorto.com\/noticias\/wp-content\/uploads\/2026\/04\/IMG-20260430-WA0087-scaled.jpg","type":"image\/jpeg"}],"author":"Yucat\u00e1n en Corto","twitter_card":"summary_large_image","twitter_creator":"@yucatanencorto","twitter_site":"@yucatanencorto","twitter_misc":{"Escrito por":"Yucat\u00e1n en Corto","Tiempo de lectura":"3 minutos"},"schema":{"@context":"https:\/\/schema.org","@graph":[{"@type":"Article","@id":"https:\/\/www.yucatanencorto.com\/noticias\/fortalecen-la-participacion-ciudadana-en-merida\/#article","isPartOf":{"@id":"https:\/\/www.yucatanencorto.com\/noticias\/fortalecen-la-participacion-ciudadana-en-merida\/"},"author":{"name":"Yucat\u00e1n en Corto","@id":"https:\/\/www.yucatanencorto.com\/noticias\/#\/schema\/person\/f0ec40c33447bbc0dc2d01d3006de771"},"headline":"Fortalecen la participaci\u00f3n ciudadana en M\u00e9rida","datePublished":"2026-04-30T21:13:23+00:00","mainEntityOfPage":{"@id":"https:\/\/www.yucatanencorto.com\/noticias\/fortalecen-la-participacion-ciudadana-en-merida\/"},"wordCount":581,"image":{"@id":"https:\/\/www.yucatanencorto.com\/noticias\/fortalecen-la-participacion-ciudadana-en-merida\/#primaryimage"},"thumbnailUrl":"https:\/\/www.yucatanencorto.com\/noticias\/wp-content\/uploads\/2026\/04\/IMG-20260430-WA0087-scaled.jpg","articleSection":["M\u00e9rida"],"inLanguage":"es"},{"@type":"WebPage","@id":"https:\/\/www.yucatanencorto.com\/noticias\/fortalecen-la-participacion-ciudadana-en-merida\/","url":"https:\/\/www.yucatanencorto.com\/noticias\/fortalecen-la-participacion-ciudadana-en-merida\/","name":"Fortalecen la participaci\u00f3n ciudadana en M\u00e9rida - Yucat\u00e1n en corto","isPartOf":{"@id":"https:\/\/www.yucatanencorto.com\/noticias\/#website"},"primaryImageOfPage":{"@id":"https:\/\/www.yucatanencorto.com\/noticias\/fortalecen-la-participacion-ciudadana-en-merida\/#primaryimage"},"image":{"@id":"https:\/\/www.yucatanencorto.com\/noticias\/fortalecen-la-participacion-ciudadana-en-merida\/#primaryimage"},"thumbnailUrl":"https:\/\/www.yucatanencorto.com\/noticias\/wp-content\/uploads\/2026\/04\/IMG-20260430-WA0087-scaled.jpg","datePublished":"2026-04-30T21:13:23+00:00","author":{"@id":"https:\/\/www.yucatanencorto.com\/noticias\/#\/schema\/person\/f0ec40c33447bbc0dc2d01d3006de771"},"breadcrumb":{"@id":"https:\/\/www.yucatanencorto.com\/noticias\/fortalecen-la-participacion-ciudadana-en-merida\/#breadcrumb"},"inLanguage":"es","potentialAction":[{"@type":"ReadAction","target":["https:\/\/www.yucatanencorto.com\/noticias\/fortalecen-la-participacion-ciudadana-en-merida\/"]}]},{"@type":"ImageObject","inLanguage":"es","@id":"https:\/\/www.yucatanencorto.com\/noticias\/fortalecen-la-participacion-ciudadana-en-merida\/#primaryimage","url":"https:\/\/www.yucatanencorto.com\/noticias\/wp-content\/uploads\/2026\/04\/IMG-20260430-WA0087-scaled.jpg","contentUrl":"https:\/\/www.yucatanencorto.com\/noticias\/wp-content\/uploads\/2026\/04\/IMG-20260430-WA0087-scaled.jpg","width":768,"height":512},{"@type":"BreadcrumbList","@id":"https:\/\/www.yucatanencorto.com\/noticias\/fortalecen-la-participacion-ciudadana-en-merida\/#breadcrumb","itemListElement":[{"@type":"ListItem","position":1,"name":"Portada","item":"https:\/\/www.yucatanencorto.com\/noticias\/"},{"@type":"ListItem","position":2,"name":"Fortalecen la participaci\u00f3n ciudadana en M\u00e9rida"}]},{"@type":"WebSite","@id":"https:\/\/www.yucatanencorto.com\/noticias\/#website","url":"https:\/\/www.yucatanencorto.com\/noticias\/","name":"Yucat\u00e1n en corto","description":"Noticias","potentialAction":[{"@type":"SearchAction","target":{"@type":"EntryPoint","urlTemplate":"https:\/\/www.yucatanencorto.com\/noticias\/?s={search_term_string}"},"query-input":{"@type":"PropertyValueSpecification","valueRequired":true,"valueName":"search_term_string"}}],"inLanguage":"es"},{"@type":"Person","@id":"https:\/\/www.yucatanencorto.com\/noticias\/#\/schema\/person\/f0ec40c33447bbc0dc2d01d3006de771","name":"Yucat\u00e1n en Corto","image":{"@type":"ImageObject","inLanguage":"es","@id":"https:\/\/secure.gravatar.com\/avatar\/20e0a6b626f38fa8e545fb3f80ce566efd790bf8877e65c3a482460cc3e0b5d1?s=96&d=mm&r=g","url":"https:\/\/secure.gravatar.com\/avatar\/20e0a6b626f38fa8e545fb3f80ce566efd790bf8877e65c3a482460cc3e0b5d1?s=96&d=mm&r=g","contentUrl":"https:\/\/secure.gravatar.com\/avatar\/20e0a6b626f38fa8e545fb3f80ce566efd790bf8877e65c3a482460cc3e0b5d1?s=96&d=mm&r=g","caption":"Yucat\u00e1n en Corto"},"url":"https:\/\/www.yucatanencorto.com\/noticias\/author\/editor25\/"}]}},"_links":{"self":[{"href":"https:\/\/www.yucatanencorto.com\/noticias\/wp-json\/wp\/v2\/posts\/117003","targetHints":{"allow":["GET"]}}],"collection":[{"href":"https:\/\/www.yucatanencorto.com\/noticias\/wp-json\/wp\/v2\/posts"}],"about":[{"href":"https:\/\/www.yucatanencorto.com\/noticias\/wp-json\/wp\/v2\/types\/post"}],"author":[{"embeddable":true,"href":"https:\/\/www.yucatanencorto.com\/noticias\/wp-json\/wp\/v2\/users\/4"}],"replies":[{"embeddable":true,"href":"https:\/\/www.yucatanencorto.com\/noticias\/wp-json\/wp\/v2\/comments?post=117003"}],"version-history":[{"count":1,"href":"https:\/\/www.yucatanencorto.com\/noticias\/wp-json\/wp\/v2\/posts\/117003\/revisions"}],"predecessor-version":[{"id":117005,"href":"https:\/\/www.yucatanencorto.com\/noticias\/wp-json\/wp\/v2\/posts\/117003\/revisions\/117005"}],"wp:featuredmedia":[{"embeddable":true,"href":"https:\/\/www.yucatanencorto.com\/noticias\/wp-json\/wp\/v2\/media\/117004"}],"wp:attachment":[{"href":"https:\/\/www.yucatanencorto.com\/noticias\/wp-json\/wp\/v2\/media?parent=117003"}],"wp:term":[{"taxonomy":"category","embeddable":true,"href":"https:\/\/www.yucatanencorto.com\/noticias\/wp-json\/wp\/v2\/categories?post=117003"},{"taxonomy":"post_tag","embeddable":true,"href":"https:\/\/www.yucatanencorto.com\/noticias\/wp-json\/wp\/v2\/tags?post=117003"}],"curies":[{"name":"wp","href":"https:\/\/api.w.org\/{rel}","templated":true}]}}