{"id":117006,"date":"2026-04-30T15:45:27","date_gmt":"2026-04-30T21:45:27","guid":{"rendered":"https:\/\/www.yucatanencorto.com\/noticias\/?p=117006"},"modified":"2026-04-30T15:45:27","modified_gmt":"2026-04-30T21:45:27","slug":"yucatan-continua-siendo-un-lugar-seguro-para-vivir","status":"publish","type":"post","link":"https:\/\/www.yucatanencorto.com\/noticias\/yucatan-continua-siendo-un-lugar-seguro-para-vivir\/","title":{"rendered":"Yucat\u00e1n contin\u00faa siendo un lugar seguro para vivir"},"content":{"rendered":"<p><img loading=\"lazy\" decoding=\"async\" class=\"alignnone size-full wp-image-117007\" src=\"https:\/\/www.yucatanencorto.com\/noticias\/wp-content\/uploads\/2026\/04\/IMG-20260430-WA0121-scaled.jpg\" alt=\"\" width=\"768\" height=\"512\" srcset=\"https:\/\/www.yucatanencorto.com\/noticias\/wp-content\/uploads\/2026\/04\/IMG-20260430-WA0121-scaled.jpg 768w, https:\/\/www.yucatanencorto.com\/noticias\/wp-content\/uploads\/2026\/04\/IMG-20260430-WA0121-1536x1024.jpg 1536w, https:\/\/www.yucatanencorto.com\/noticias\/wp-content\/uploads\/2026\/04\/IMG-20260430-WA0121-2048x1365.jpg 2048w, https:\/\/www.yucatanencorto.com\/noticias\/wp-content\/uploads\/2026\/04\/IMG-20260430-WA0121-150x100.jpg 150w, https:\/\/www.yucatanencorto.com\/noticias\/wp-content\/uploads\/2026\/04\/IMG-20260430-WA0121-300x200.jpg 300w, https:\/\/www.yucatanencorto.com\/noticias\/wp-content\/uploads\/2026\/04\/IMG-20260430-WA0121-696x464.jpg 696w, https:\/\/www.yucatanencorto.com\/noticias\/wp-content\/uploads\/2026\/04\/IMG-20260430-WA0121-1068x712.jpg 1068w, https:\/\/www.yucatanencorto.com\/noticias\/wp-content\/uploads\/2026\/04\/IMG-20260430-WA0121-1920x1280.jpg 1920w\" sizes=\"auto, (max-width: 768px) 100vw, 768px\" \/><\/p>\n<p>M\u00e9rida, Yucat\u00e1n, a 30 de abril de 2026<\/p>\n<p>&nbsp;<\/p>\n<p>La percepci\u00f3n de inseguridad en M\u00e9rida disminuy\u00f3 a 33.7%, 3.2 puntos menos que en diciembre de 2025, inform\u00f3 el Gobernador Joaqu\u00edn D\u00edaz Mena durante la Mesa Estatal para la Construcci\u00f3n de la Paz y la Seguridad.<\/p>\n<p>&nbsp;<\/p>\n<p>Durante la sesi\u00f3n, D\u00edaz Mena destac\u00f3 que la estrategia coordinada entre los tres niveles de gobierno mantiene condiciones de paz y tranquilidad en Yucat\u00e1n.<\/p>\n<p>&nbsp;<\/p>\n<p>\u201cEn la zona urbana de M\u00e9rida se registr\u00f3 un 33.7% de percepci\u00f3n de inseguridad, 3.2 puntos menos que lo reportado en diciembre de 2025, de acuerdo con la Encuesta Nacional de Seguridad P\u00fablica Urbana del Inegi\u201d, se\u00f1al\u00f3.<\/p>\n<p>&nbsp;<\/p>\n<p>Junto al secretario de Seguridad P\u00fablica, Luis Felipe Said\u00e9n Ojeda, el Gobernador indic\u00f3 que el Centro de Control, Comando, Comunicaciones, C\u00f3mputo, Coordinaci\u00f3n e Inteligencia (C5i) opera de manera permanente como punto de coordinaci\u00f3n de operativos, monitoreo y atenci\u00f3n de emergencias, lo que permite una respuesta oportuna ante cualquier incidente.<\/p>\n<p>&nbsp;<\/p>\n<p>A\u00f1adi\u00f3 que estos resultados reflejan la confianza de la ciudadan\u00eda en las instituciones de seguridad y el trabajo constante en prevenci\u00f3n, inteligencia policial y reacci\u00f3n inmediata.<\/p>\n<p>&nbsp;<\/p>\n<p>El titular del Ejecutivo estatal reconoci\u00f3 la labor diaria de las corporaciones de seguridad, cuya disciplina y compromiso se traducen en la tranquilidad de las familias yucatecas.<\/p>\n<p>&nbsp;<\/p>\n<p>Tambi\u00e9n destac\u00f3 que Yucat\u00e1n se mantiene entre las entidades con los \u00edndices m\u00e1s bajos en homicidios dolosos a nivel nacional, condici\u00f3n que ha sido reconocida en reuniones de seguridad del Gobierno de M\u00e9xico.<\/p>\n<p>&nbsp;<\/p>\n<p>En materia de prevenci\u00f3n, D\u00edaz Mena se\u00f1al\u00f3 que se atienden las causas de la violencia mediante estrategias como Aliados por la Vida y Juventudes Renacimiento, que promueven el acceso de ni\u00f1as, ni\u00f1os y j\u00f3venes a actividades deportivas, culturales y educativas.<\/p>\n<p>&nbsp;<\/p>\n<p>De manera paralela, explic\u00f3 que la inteligencia policial permite anticipar riesgos, compartir informaci\u00f3n entre corporaciones y actuar con mayor eficacia ante la comisi\u00f3n de delitos, garantizando la procuraci\u00f3n de justicia.<\/p>\n<p>&nbsp;<\/p>\n<p>El Gobernador detall\u00f3 que el trabajo territorial alcanza los 106 municipios del estado, con especial atenci\u00f3n en comunidades del interior, donde se fortalecen las polic\u00edas municipales mediante capacitaci\u00f3n, equipamiento y respaldo estatal y federal.<\/p>\n<p>&nbsp;<\/p>\n<p>En M\u00e9rida, agreg\u00f3, se atienden los retos de crecimiento urbano con mayor presencia policial, proximidad social y vigilancia tecnol\u00f3gica en zonas perif\u00e9ricas.<\/p>\n<p>&nbsp;<\/p>\n<p>Record\u00f3 que el programa Polic\u00eda Cerca de Ti mantiene contacto directo con la ciudadan\u00eda a trav\u00e9s de recorridos en colonias y comisar\u00edas, lo que permite ajustar las acciones de seguridad a las necesidades de cada comunidad. Adem\u00e1s, se fortalecen los servicios del n\u00famero de emergencia 9-1-1 y la l\u00ednea 0-8-9 de denuncia an\u00f3nima.<\/p>\n<p>&nbsp;<\/p>\n<p>El titular del Ejecutivo estatal agradeci\u00f3 a la Presidenta de M\u00e9xico, Claudia Sheinbaum Pardo, por el respaldo y la coordinaci\u00f3n que contribuyen a mantener la tranquilidad en la entidad.<\/p>\n<p>&nbsp;<\/p>\n<p>De igual manera, reconoci\u00f3 al fiscal general del Estado, Juan Manuel Le\u00f3n Le\u00f3n, por la atenci\u00f3n a DOS casos de violencia vicaria y Alerta Amber, los cuales fueron resueltos en menos de 48 horas, logrando la localizaci\u00f3n de menores y su reintegraci\u00f3n con sus familias. \u201cEn menos de 48 horas ambos casos ya est\u00e1n solucionados y los ni\u00f1os ya est\u00e1n de nuevo con su madre\u201d, expres\u00f3.<\/p>\n<p>&nbsp;<\/p>\n<p>El Gobernador hizo un llamado a mantener el trabajo preventivo, la cercan\u00eda con la ciudadan\u00eda y la coordinaci\u00f3n institucional para seguir fortaleciendo la paz en Yucat\u00e1n.<\/p>\n<p>&nbsp;<\/p>\n<p>Por su parte, el titular de la SSP, Luis Felipe Said\u00e9n Ojeda, inform\u00f3 que de 2024 a la fecha la percepci\u00f3n de inseguridad ha disminuido 8.7 puntos porcentuales, resultado del trabajo coordinado entre autoridades.<\/p>\n<p>&nbsp;<\/p>\n<p>En la sesi\u00f3n participaron el secretario general de Gobierno, Omar P\u00e9rez Avil\u00e9s; el comandante de la 32\u00aa Zona Militar, Juan Manuel Mendoza Portillo; el comandante interino de la 17\u00aa Zona A\u00e9rea Militar, Ernesto Vel\u00e1zquez Montoya; el representante de la Guardia Nacional en Yucat\u00e1n, Jos\u00e9 Ramiro Langarica Chaydez, y el representante de la Novena Zona Naval, Benigno Orv\u00edos G\u00f3mez.<\/p>\n<p>&nbsp;<\/p>\n<p>&nbsp;<\/p>\n","protected":false},"excerpt":{"rendered":"<p>M\u00e9rida, Yucat\u00e1n, a 30 de abril de 2026 &nbsp; La percepci\u00f3n de inseguridad en M\u00e9rida disminuy\u00f3 a 33.7%, 3.2 puntos menos que en diciembre de 2025, inform\u00f3 el Gobernador Joaqu\u00edn D\u00edaz Mena durante la Mesa Estatal para la Construcci\u00f3n de la Paz y la Seguridad. &nbsp; Durante la sesi\u00f3n, D\u00edaz Mena destac\u00f3 que la estrategia [&hellip;]<\/p>\n","protected":false},"author":4,"featured_media":117007,"comment_status":"closed","ping_status":"closed","sticky":false,"template":"","format":"standard","meta":{"footnotes":""},"categories":[3],"tags":[],"class_list":{"0":"post-117006","1":"post","2":"type-post","3":"status-publish","4":"format-standard","5":"has-post-thumbnail","7":"category-yucatan"},"yoast_head":"<!-- This site is optimized with the Yoast SEO plugin v27.5 - https:\/\/yoast.com\/product\/yoast-seo-wordpress\/ -->\n<title>Yucat\u00e1n contin\u00faa siendo un lugar seguro para vivir - Yucat\u00e1n en corto<\/title>\n<meta name=\"robots\" content=\"index, follow, max-snippet:-1, max-image-preview:large, max-video-preview:-1\" \/>\n<link rel=\"canonical\" href=\"https:\/\/www.yucatanencorto.com\/noticias\/yucatan-continua-siendo-un-lugar-seguro-para-vivir\/\" \/>\n<meta property=\"og:locale\" content=\"es_ES\" \/>\n<meta property=\"og:type\" content=\"article\" \/>\n<meta property=\"og:title\" content=\"Yucat\u00e1n contin\u00faa siendo un lugar seguro para vivir - Yucat\u00e1n en corto\" \/>\n<meta property=\"og:description\" content=\"M\u00e9rida, Yucat\u00e1n, a 30 de abril de 2026 &nbsp; La percepci\u00f3n de inseguridad en M\u00e9rida disminuy\u00f3 a 33.7%, 3.2 puntos menos que en diciembre de 2025, inform\u00f3 el Gobernador Joaqu\u00edn D\u00edaz Mena durante la Mesa Estatal para la Construcci\u00f3n de la Paz y la Seguridad. &nbsp; Durante la sesi\u00f3n, D\u00edaz Mena destac\u00f3 que la estrategia [&hellip;]\" \/>\n<meta property=\"og:url\" content=\"https:\/\/www.yucatanencorto.com\/noticias\/yucatan-continua-siendo-un-lugar-seguro-para-vivir\/\" \/>\n<meta property=\"og:site_name\" content=\"Yucat\u00e1n en corto\" \/>\n<meta property=\"article:publisher\" content=\"http:\/\/www.facebook.com\/yucatanencorto\" \/>\n<meta property=\"article:published_time\" content=\"2026-04-30T21:45:27+00:00\" \/>\n<meta property=\"og:image\" content=\"https:\/\/www.yucatanencorto.com\/noticias\/wp-content\/uploads\/2026\/04\/IMG-20260430-WA0121-scaled.jpg\" \/>\n\t<meta property=\"og:image:width\" content=\"768\" \/>\n\t<meta property=\"og:image:height\" content=\"512\" \/>\n\t<meta property=\"og:image:type\" content=\"image\/jpeg\" \/>\n<meta name=\"author\" content=\"Yucat\u00e1n en Corto\" \/>\n<meta name=\"twitter:card\" content=\"summary_large_image\" \/>\n<meta name=\"twitter:creator\" content=\"@yucatanencorto\" \/>\n<meta name=\"twitter:site\" content=\"@yucatanencorto\" \/>\n<meta name=\"twitter:label1\" content=\"Escrito por\" \/>\n\t<meta name=\"twitter:data1\" content=\"Yucat\u00e1n en Corto\" \/>\n\t<meta name=\"twitter:label2\" content=\"Tiempo de lectura\" \/>\n\t<meta name=\"twitter:data2\" content=\"4 minutos\" \/>\n<script type=\"application\/ld+json\" class=\"yoast-schema-graph\">{\"@context\":\"https:\\\/\\\/schema.org\",\"@graph\":[{\"@type\":\"Article\",\"@id\":\"https:\\\/\\\/www.yucatanencorto.com\\\/noticias\\\/yucatan-continua-siendo-un-lugar-seguro-para-vivir\\\/#article\",\"isPartOf\":{\"@id\":\"https:\\\/\\\/www.yucatanencorto.com\\\/noticias\\\/yucatan-continua-siendo-un-lugar-seguro-para-vivir\\\/\"},\"author\":{\"name\":\"Yucat\u00e1n en Corto\",\"@id\":\"https:\\\/\\\/www.yucatanencorto.com\\\/noticias\\\/#\\\/schema\\\/person\\\/f0ec40c33447bbc0dc2d01d3006de771\"},\"headline\":\"Yucat\u00e1n contin\u00faa siendo un lugar seguro para vivir\",\"datePublished\":\"2026-04-30T21:45:27+00:00\",\"mainEntityOfPage\":{\"@id\":\"https:\\\/\\\/www.yucatanencorto.com\\\/noticias\\\/yucatan-continua-siendo-un-lugar-seguro-para-vivir\\\/\"},\"wordCount\":725,\"image\":{\"@id\":\"https:\\\/\\\/www.yucatanencorto.com\\\/noticias\\\/yucatan-continua-siendo-un-lugar-seguro-para-vivir\\\/#primaryimage\"},\"thumbnailUrl\":\"https:\\\/\\\/www.yucatanencorto.com\\\/noticias\\\/wp-content\\\/uploads\\\/2026\\\/04\\\/IMG-20260430-WA0121-scaled.jpg\",\"articleSection\":[\"Yucat\u00e1n\"],\"inLanguage\":\"es\"},{\"@type\":\"WebPage\",\"@id\":\"https:\\\/\\\/www.yucatanencorto.com\\\/noticias\\\/yucatan-continua-siendo-un-lugar-seguro-para-vivir\\\/\",\"url\":\"https:\\\/\\\/www.yucatanencorto.com\\\/noticias\\\/yucatan-continua-siendo-un-lugar-seguro-para-vivir\\\/\",\"name\":\"Yucat\u00e1n contin\u00faa siendo un lugar seguro para vivir - Yucat\u00e1n en corto\",\"isPartOf\":{\"@id\":\"https:\\\/\\\/www.yucatanencorto.com\\\/noticias\\\/#website\"},\"primaryImageOfPage\":{\"@id\":\"https:\\\/\\\/www.yucatanencorto.com\\\/noticias\\\/yucatan-continua-siendo-un-lugar-seguro-para-vivir\\\/#primaryimage\"},\"image\":{\"@id\":\"https:\\\/\\\/www.yucatanencorto.com\\\/noticias\\\/yucatan-continua-siendo-un-lugar-seguro-para-vivir\\\/#primaryimage\"},\"thumbnailUrl\":\"https:\\\/\\\/www.yucatanencorto.com\\\/noticias\\\/wp-content\\\/uploads\\\/2026\\\/04\\\/IMG-20260430-WA0121-scaled.jpg\",\"datePublished\":\"2026-04-30T21:45:27+00:00\",\"author\":{\"@id\":\"https:\\\/\\\/www.yucatanencorto.com\\\/noticias\\\/#\\\/schema\\\/person\\\/f0ec40c33447bbc0dc2d01d3006de771\"},\"breadcrumb\":{\"@id\":\"https:\\\/\\\/www.yucatanencorto.com\\\/noticias\\\/yucatan-continua-siendo-un-lugar-seguro-para-vivir\\\/#breadcrumb\"},\"inLanguage\":\"es\",\"potentialAction\":[{\"@type\":\"ReadAction\",\"target\":[\"https:\\\/\\\/www.yucatanencorto.com\\\/noticias\\\/yucatan-continua-siendo-un-lugar-seguro-para-vivir\\\/\"]}]},{\"@type\":\"ImageObject\",\"inLanguage\":\"es\",\"@id\":\"https:\\\/\\\/www.yucatanencorto.com\\\/noticias\\\/yucatan-continua-siendo-un-lugar-seguro-para-vivir\\\/#primaryimage\",\"url\":\"https:\\\/\\\/www.yucatanencorto.com\\\/noticias\\\/wp-content\\\/uploads\\\/2026\\\/04\\\/IMG-20260430-WA0121-scaled.jpg\",\"contentUrl\":\"https:\\\/\\\/www.yucatanencorto.com\\\/noticias\\\/wp-content\\\/uploads\\\/2026\\\/04\\\/IMG-20260430-WA0121-scaled.jpg\",\"width\":768,\"height\":512},{\"@type\":\"BreadcrumbList\",\"@id\":\"https:\\\/\\\/www.yucatanencorto.com\\\/noticias\\\/yucatan-continua-siendo-un-lugar-seguro-para-vivir\\\/#breadcrumb\",\"itemListElement\":[{\"@type\":\"ListItem\",\"position\":1,\"name\":\"Portada\",\"item\":\"https:\\\/\\\/www.yucatanencorto.com\\\/noticias\\\/\"},{\"@type\":\"ListItem\",\"position\":2,\"name\":\"Yucat\u00e1n contin\u00faa siendo un lugar seguro para vivir\"}]},{\"@type\":\"WebSite\",\"@id\":\"https:\\\/\\\/www.yucatanencorto.com\\\/noticias\\\/#website\",\"url\":\"https:\\\/\\\/www.yucatanencorto.com\\\/noticias\\\/\",\"name\":\"Yucat\u00e1n en corto\",\"description\":\"Noticias\",\"potentialAction\":[{\"@type\":\"SearchAction\",\"target\":{\"@type\":\"EntryPoint\",\"urlTemplate\":\"https:\\\/\\\/www.yucatanencorto.com\\\/noticias\\\/?s={search_term_string}\"},\"query-input\":{\"@type\":\"PropertyValueSpecification\",\"valueRequired\":true,\"valueName\":\"search_term_string\"}}],\"inLanguage\":\"es\"},{\"@type\":\"Person\",\"@id\":\"https:\\\/\\\/www.yucatanencorto.com\\\/noticias\\\/#\\\/schema\\\/person\\\/f0ec40c33447bbc0dc2d01d3006de771\",\"name\":\"Yucat\u00e1n en Corto\",\"image\":{\"@type\":\"ImageObject\",\"inLanguage\":\"es\",\"@id\":\"https:\\\/\\\/secure.gravatar.com\\\/avatar\\\/20e0a6b626f38fa8e545fb3f80ce566efd790bf8877e65c3a482460cc3e0b5d1?s=96&d=mm&r=g\",\"url\":\"https:\\\/\\\/secure.gravatar.com\\\/avatar\\\/20e0a6b626f38fa8e545fb3f80ce566efd790bf8877e65c3a482460cc3e0b5d1?s=96&d=mm&r=g\",\"contentUrl\":\"https:\\\/\\\/secure.gravatar.com\\\/avatar\\\/20e0a6b626f38fa8e545fb3f80ce566efd790bf8877e65c3a482460cc3e0b5d1?s=96&d=mm&r=g\",\"caption\":\"Yucat\u00e1n en Corto\"},\"url\":\"https:\\\/\\\/www.yucatanencorto.com\\\/noticias\\\/author\\\/editor25\\\/\"}]}<\/script>\n<!-- \/ Yoast SEO plugin. -->","yoast_head_json":{"title":"Yucat\u00e1n contin\u00faa siendo un lugar seguro para vivir - Yucat\u00e1n en corto","robots":{"index":"index","follow":"follow","max-snippet":"max-snippet:-1","max-image-preview":"max-image-preview:large","max-video-preview":"max-video-preview:-1"},"canonical":"https:\/\/www.yucatanencorto.com\/noticias\/yucatan-continua-siendo-un-lugar-seguro-para-vivir\/","og_locale":"es_ES","og_type":"article","og_title":"Yucat\u00e1n contin\u00faa siendo un lugar seguro para vivir - Yucat\u00e1n en corto","og_description":"M\u00e9rida, Yucat\u00e1n, a 30 de abril de 2026 &nbsp; La percepci\u00f3n de inseguridad en M\u00e9rida disminuy\u00f3 a 33.7%, 3.2 puntos menos que en diciembre de 2025, inform\u00f3 el Gobernador Joaqu\u00edn D\u00edaz Mena durante la Mesa Estatal para la Construcci\u00f3n de la Paz y la Seguridad. &nbsp; Durante la sesi\u00f3n, D\u00edaz Mena destac\u00f3 que la estrategia [&hellip;]","og_url":"https:\/\/www.yucatanencorto.com\/noticias\/yucatan-continua-siendo-un-lugar-seguro-para-vivir\/","og_site_name":"Yucat\u00e1n en corto","article_publisher":"http:\/\/www.facebook.com\/yucatanencorto","article_published_time":"2026-04-30T21:45:27+00:00","og_image":[{"width":768,"height":512,"url":"https:\/\/www.yucatanencorto.com\/noticias\/wp-content\/uploads\/2026\/04\/IMG-20260430-WA0121-scaled.jpg","type":"image\/jpeg"}],"author":"Yucat\u00e1n en Corto","twitter_card":"summary_large_image","twitter_creator":"@yucatanencorto","twitter_site":"@yucatanencorto","twitter_misc":{"Escrito por":"Yucat\u00e1n en Corto","Tiempo de lectura":"4 minutos"},"schema":{"@context":"https:\/\/schema.org","@graph":[{"@type":"Article","@id":"https:\/\/www.yucatanencorto.com\/noticias\/yucatan-continua-siendo-un-lugar-seguro-para-vivir\/#article","isPartOf":{"@id":"https:\/\/www.yucatanencorto.com\/noticias\/yucatan-continua-siendo-un-lugar-seguro-para-vivir\/"},"author":{"name":"Yucat\u00e1n en Corto","@id":"https:\/\/www.yucatanencorto.com\/noticias\/#\/schema\/person\/f0ec40c33447bbc0dc2d01d3006de771"},"headline":"Yucat\u00e1n contin\u00faa siendo un lugar seguro para vivir","datePublished":"2026-04-30T21:45:27+00:00","mainEntityOfPage":{"@id":"https:\/\/www.yucatanencorto.com\/noticias\/yucatan-continua-siendo-un-lugar-seguro-para-vivir\/"},"wordCount":725,"image":{"@id":"https:\/\/www.yucatanencorto.com\/noticias\/yucatan-continua-siendo-un-lugar-seguro-para-vivir\/#primaryimage"},"thumbnailUrl":"https:\/\/www.yucatanencorto.com\/noticias\/wp-content\/uploads\/2026\/04\/IMG-20260430-WA0121-scaled.jpg","articleSection":["Yucat\u00e1n"],"inLanguage":"es"},{"@type":"WebPage","@id":"https:\/\/www.yucatanencorto.com\/noticias\/yucatan-continua-siendo-un-lugar-seguro-para-vivir\/","url":"https:\/\/www.yucatanencorto.com\/noticias\/yucatan-continua-siendo-un-lugar-seguro-para-vivir\/","name":"Yucat\u00e1n contin\u00faa siendo un lugar seguro para vivir - Yucat\u00e1n en corto","isPartOf":{"@id":"https:\/\/www.yucatanencorto.com\/noticias\/#website"},"primaryImageOfPage":{"@id":"https:\/\/www.yucatanencorto.com\/noticias\/yucatan-continua-siendo-un-lugar-seguro-para-vivir\/#primaryimage"},"image":{"@id":"https:\/\/www.yucatanencorto.com\/noticias\/yucatan-continua-siendo-un-lugar-seguro-para-vivir\/#primaryimage"},"thumbnailUrl":"https:\/\/www.yucatanencorto.com\/noticias\/wp-content\/uploads\/2026\/04\/IMG-20260430-WA0121-scaled.jpg","datePublished":"2026-04-30T21:45:27+00:00","author":{"@id":"https:\/\/www.yucatanencorto.com\/noticias\/#\/schema\/person\/f0ec40c33447bbc0dc2d01d3006de771"},"breadcrumb":{"@id":"https:\/\/www.yucatanencorto.com\/noticias\/yucatan-continua-siendo-un-lugar-seguro-para-vivir\/#breadcrumb"},"inLanguage":"es","potentialAction":[{"@type":"ReadAction","target":["https:\/\/www.yucatanencorto.com\/noticias\/yucatan-continua-siendo-un-lugar-seguro-para-vivir\/"]}]},{"@type":"ImageObject","inLanguage":"es","@id":"https:\/\/www.yucatanencorto.com\/noticias\/yucatan-continua-siendo-un-lugar-seguro-para-vivir\/#primaryimage","url":"https:\/\/www.yucatanencorto.com\/noticias\/wp-content\/uploads\/2026\/04\/IMG-20260430-WA0121-scaled.jpg","contentUrl":"https:\/\/www.yucatanencorto.com\/noticias\/wp-content\/uploads\/2026\/04\/IMG-20260430-WA0121-scaled.jpg","width":768,"height":512},{"@type":"BreadcrumbList","@id":"https:\/\/www.yucatanencorto.com\/noticias\/yucatan-continua-siendo-un-lugar-seguro-para-vivir\/#breadcrumb","itemListElement":[{"@type":"ListItem","position":1,"name":"Portada","item":"https:\/\/www.yucatanencorto.com\/noticias\/"},{"@type":"ListItem","position":2,"name":"Yucat\u00e1n contin\u00faa siendo un lugar seguro para vivir"}]},{"@type":"WebSite","@id":"https:\/\/www.yucatanencorto.com\/noticias\/#website","url":"https:\/\/www.yucatanencorto.com\/noticias\/","name":"Yucat\u00e1n en corto","description":"Noticias","potentialAction":[{"@type":"SearchAction","target":{"@type":"EntryPoint","urlTemplate":"https:\/\/www.yucatanencorto.com\/noticias\/?s={search_term_string}"},"query-input":{"@type":"PropertyValueSpecification","valueRequired":true,"valueName":"search_term_string"}}],"inLanguage":"es"},{"@type":"Person","@id":"https:\/\/www.yucatanencorto.com\/noticias\/#\/schema\/person\/f0ec40c33447bbc0dc2d01d3006de771","name":"Yucat\u00e1n en Corto","image":{"@type":"ImageObject","inLanguage":"es","@id":"https:\/\/secure.gravatar.com\/avatar\/20e0a6b626f38fa8e545fb3f80ce566efd790bf8877e65c3a482460cc3e0b5d1?s=96&d=mm&r=g","url":"https:\/\/secure.gravatar.com\/avatar\/20e0a6b626f38fa8e545fb3f80ce566efd790bf8877e65c3a482460cc3e0b5d1?s=96&d=mm&r=g","contentUrl":"https:\/\/secure.gravatar.com\/avatar\/20e0a6b626f38fa8e545fb3f80ce566efd790bf8877e65c3a482460cc3e0b5d1?s=96&d=mm&r=g","caption":"Yucat\u00e1n en Corto"},"url":"https:\/\/www.yucatanencorto.com\/noticias\/author\/editor25\/"}]}},"_links":{"self":[{"href":"https:\/\/www.yucatanencorto.com\/noticias\/wp-json\/wp\/v2\/posts\/117006","targetHints":{"allow":["GET"]}}],"collection":[{"href":"https:\/\/www.yucatanencorto.com\/noticias\/wp-json\/wp\/v2\/posts"}],"about":[{"href":"https:\/\/www.yucatanencorto.com\/noticias\/wp-json\/wp\/v2\/types\/post"}],"author":[{"embeddable":true,"href":"https:\/\/www.yucatanencorto.com\/noticias\/wp-json\/wp\/v2\/users\/4"}],"replies":[{"embeddable":true,"href":"https:\/\/www.yucatanencorto.com\/noticias\/wp-json\/wp\/v2\/comments?post=117006"}],"version-history":[{"count":1,"href":"https:\/\/www.yucatanencorto.com\/noticias\/wp-json\/wp\/v2\/posts\/117006\/revisions"}],"predecessor-version":[{"id":117008,"href":"https:\/\/www.yucatanencorto.com\/noticias\/wp-json\/wp\/v2\/posts\/117006\/revisions\/117008"}],"wp:featuredmedia":[{"embeddable":true,"href":"https:\/\/www.yucatanencorto.com\/noticias\/wp-json\/wp\/v2\/media\/117007"}],"wp:attachment":[{"href":"https:\/\/www.yucatanencorto.com\/noticias\/wp-json\/wp\/v2\/media?parent=117006"}],"wp:term":[{"taxonomy":"category","embeddable":true,"href":"https:\/\/www.yucatanencorto.com\/noticias\/wp-json\/wp\/v2\/categories?post=117006"},{"taxonomy":"post_tag","embeddable":true,"href":"https:\/\/www.yucatanencorto.com\/noticias\/wp-json\/wp\/v2\/tags?post=117006"}],"curies":[{"name":"wp","href":"https:\/\/api.w.org\/{rel}","templated":true}]}}