{"id":117270,"date":"2026-05-23T18:11:36","date_gmt":"2026-05-24T00:11:36","guid":{"rendered":"https:\/\/www.yucatanencorto.com\/noticias\/?p=117270"},"modified":"2026-05-23T18:11:36","modified_gmt":"2026-05-24T00:11:36","slug":"fomentan-la-lectura-entre-las-juventudes-yucatecas","status":"publish","type":"post","link":"https:\/\/www.yucatanencorto.com\/noticias\/fomentan-la-lectura-entre-las-juventudes-yucatecas\/","title":{"rendered":"Fomentan la lectura entre las juventudes yucatecas"},"content":{"rendered":"<p><img loading=\"lazy\" decoding=\"async\" class=\"alignnone size-full wp-image-117271\" src=\"https:\/\/www.yucatanencorto.com\/noticias\/wp-content\/uploads\/2026\/05\/IMG-20260523-WA0113-scaled.jpg\" alt=\"\" width=\"768\" height=\"512\" srcset=\"https:\/\/www.yucatanencorto.com\/noticias\/wp-content\/uploads\/2026\/05\/IMG-20260523-WA0113-scaled.jpg 768w, https:\/\/www.yucatanencorto.com\/noticias\/wp-content\/uploads\/2026\/05\/IMG-20260523-WA0113-1536x1024.jpg 1536w, https:\/\/www.yucatanencorto.com\/noticias\/wp-content\/uploads\/2026\/05\/IMG-20260523-WA0113-2048x1366.jpg 2048w, https:\/\/www.yucatanencorto.com\/noticias\/wp-content\/uploads\/2026\/05\/IMG-20260523-WA0113-150x100.jpg 150w, https:\/\/www.yucatanencorto.com\/noticias\/wp-content\/uploads\/2026\/05\/IMG-20260523-WA0113-300x200.jpg 300w, https:\/\/www.yucatanencorto.com\/noticias\/wp-content\/uploads\/2026\/05\/IMG-20260523-WA0113-696x464.jpg 696w, https:\/\/www.yucatanencorto.com\/noticias\/wp-content\/uploads\/2026\/05\/IMG-20260523-WA0113-1068x712.jpg 1068w, https:\/\/www.yucatanencorto.com\/noticias\/wp-content\/uploads\/2026\/05\/IMG-20260523-WA0113-1920x1280.jpg 1920w\" sizes=\"auto, (max-width: 768px) 100vw, 768px\" \/><\/p>\n<p>M\u00e9rida, Yucat\u00e1n, a 23 de mayo de 2026<\/p>\n<p>El Gobernador Joaqu\u00edn D\u00edaz Mena, junto con la Presidenta Honoraria del Sistema DIF Yucat\u00e1n, Mtra. Wendy M\u00e9ndez Naal, encabez\u00f3 la entrega de libros de la colecci\u00f3n Rita Cetina y del programa federal \u201c25 para 25\u201d del Fondo de Cultura Econ\u00f3mica (FCE), como parte de las acciones para acercar la lectura y la cultura a estudiantes y juventudes de Yucat\u00e1n.<\/p>\n<p>&nbsp;<\/p>\n<p>Con motivo del D\u00eda de la y el Estudiante, el Gobernador destac\u00f3 que estos paquetes de libros representan una oportunidad para ampliar horizontes, adquirir nuevos conocimientos y fortalecer herramientas para el desarrollo personal y acad\u00e9mico.<\/p>\n<p>&nbsp;<\/p>\n<p>Asimismo, alent\u00f3 a las y los j\u00f3venes a seguir prepar\u00e1ndose, aprovechar las oportunidades educativas y acceder a las becas que ofrecen los gobiernos estatal y federal para estudiantes de diferentes niveles.<\/p>\n<p>&nbsp;<\/p>\n<p>\u201cEstamos impulsando m\u00e1s espacios educativos de nivel superior. Yo me compromet\u00ed a hacer cinco universidades en mi periodo de gobierno, ya vamos por dos. El s\u00e1bado pasado vino la Presidenta Claudia Sheinbaum Pardo a inaugurar la Universidad Rosario Castellanos en Kanas\u00edn, y ya comenzamos a trabajar con la Universidad del Mar en Progreso. Vamos pr\u00f3ximamente por una universidad en Um\u00e1n y despu\u00e9s vamos por otras dos en el interior del estado\u201d, sostuvo.<\/p>\n<p>&nbsp;<\/p>\n<p>Tambi\u00e9n record\u00f3 que su administraci\u00f3n impulsa las becas de nivel superior Juventudes Renacimiento, dirigidas a j\u00f3venes de M\u00e9rida que no reciben apoyos federales.<\/p>\n<p>&nbsp;<\/p>\n<p>\u201cYa tenemos 5,300 becados de facultades de la UADY, m\u00e1s de 3,500 del Tecnol\u00f3gico de M\u00e9rida y m\u00e1s de mil en la UTM, y vamos por m\u00e1s j\u00f3venes que quieran estudiar una carrera para que tengan este apoyo\u201d, expres\u00f3.<\/p>\n<p>&nbsp;<\/p>\n<p>De igual manera, recalc\u00f3 que la determinaci\u00f3n, la persistencia y la preparaci\u00f3n son elementos importantes para encontrar oportunidades y construir logros en la vida, sin importar el lugar de origen.<\/p>\n<p>&nbsp;<\/p>\n<p>Por su parte, la secretaria de las Juventudes, Carla Margarita Couoh Cuevas, resalt\u00f3 que el Renacimiento Maya de las juventudes se caracteriza por la energ\u00eda y el compromiso de quienes transforman todos los d\u00edas la vida de sus comunidades.<\/p>\n<p>&nbsp;<\/p>\n<p>\u201cQueremos que sepan que no est\u00e1n solas, no est\u00e1n solos. Aqu\u00ed hay un Gobierno que cree en ustedes, en las juventudes; un Gobierno que quiere abrir m\u00e1s puertas para los j\u00f3venes en educaci\u00f3n, capacitaci\u00f3n, becas, ciencia, tecnolog\u00eda, cultura, deporte, emprendimiento y bienestar. Este gran evento es justamente para eso, para acercarles oportunidades reales. Porque nosotros no somos el futuro de Yucat\u00e1n, ya somos el presente que mueve nuestro estado d\u00eda tras d\u00eda\u201d, resalt\u00f3.<\/p>\n<p>&nbsp;<\/p>\n<p>En su turno, la titular de la Secretar\u00eda de la Cultura y las Artes (Sedeculta), Patricia Mart\u00edn Brice\u00f1o, indic\u00f3 que esta entrega tambi\u00e9n re\u00fane cultura, deporte y participaci\u00f3n juvenil, como parte de la visi\u00f3n del Gobierno del Renacimiento Maya.<\/p>\n<p>&nbsp;<\/p>\n<p>Adem\u00e1s, explic\u00f3 que la colecci\u00f3n \u201c25 para 25\u201d del FCE re\u00fane voces fundamentales de la literatura latinoamericana y acerca a las nuevas generaciones a autoras y autores que han marcado la historia cultural del continente.<\/p>\n<p>&nbsp;<\/p>\n<p>\u201cEsta entrega de libros se conecta con otro proyecto muy importante para esta administraci\u00f3n: el Fondo Editorial Rita Cetina Guti\u00e9rrez, una promesa de campa\u00f1a de nuestro Gobernador Joaqu\u00edn D\u00edaz Mena, que logr\u00f3 concretarse desde el primer a\u00f1o de Gobierno como una apuesta por la lectura, la creaci\u00f3n literaria y la democratizaci\u00f3n de la cultura en Yucat\u00e1n. Son libros gratuitos para las y los yucatecos, que adem\u00e1s permiten a escritoras y escritores contar con un fondo que edite su obra\u201d, destac\u00f3.<\/p>\n<p>&nbsp;<\/p>\n<p>En su oportunidad, la alumna del sexto semestre de la Preparatoria Estatal n\u00famero 11 \u201cFrancisco Rogelio Rivero Alvarado\u201d, Argely Zald\u00edvar Bobadilla, se\u00f1al\u00f3 que el D\u00eda de la y el Estudiante representa el esfuerzo, los sue\u00f1os y las metas de miles de j\u00f3venes que todos los d\u00edas se preparan para salir adelante.<\/p>\n<p>&nbsp;<\/p>\n<p>Participaron en este evento estudiantes del Centro de Bachillerato Tecnol\u00f3gico Industrial y de Servicios (CBTis) 95, de la Preparatoria Estatal n\u00famero 3, del Conalep M\u00e9rida, del Colegio de Bachilleres del Estado de Yucat\u00e1n, del Centro de Educaci\u00f3n Art\u00edstica, de la Escuela Nacional de Estudios Superiores de la UNAM y del Colegio de Estudios Cient\u00edficos y Tecnol\u00f3gicos del Estado de Yucat\u00e1n, as\u00ed como juventudes de los municipios de Buctzotz, Samahil y Motul, y de la comisar\u00eda meridana de Molas.<\/p>\n<p>&nbsp;<\/p>\n<p>Tambi\u00e9n integraron el pres\u00eddium el presidente de la Mesa Directiva del Congreso del Estado, Germ\u00e1n Quintal Medina; el secretario de Educaci\u00f3n, Juan Balam V\u00e1rguez; el secretario de Salud y director general de los Servicios de Salud de Yucat\u00e1n, Miguel Alberto Alcocer Gamboa; la titular de la Secretar\u00eda de Ciencia, Humanidades, Tecnolog\u00eda e Innovaci\u00f3n, Mirna Manzanilla Romero; y los directores generales del Instituto del Deporte del Estado, Arm\u00edn Lizama C\u00f3rdova; del Instituto de Capacitaci\u00f3n para el Trabajo del Estado, Alan Padr\u00f3n Albornoz; y del Instituto Yucateco de Emprendedores, Salvador Vitelli Mac\u00edas.<\/p>\n<p>&nbsp;<\/p>\n<p>&nbsp;<\/p>\n","protected":false},"excerpt":{"rendered":"<p>M\u00e9rida, Yucat\u00e1n, a 23 de mayo de 2026 El Gobernador Joaqu\u00edn D\u00edaz Mena, junto con la Presidenta Honoraria del Sistema DIF Yucat\u00e1n, Mtra. Wendy M\u00e9ndez Naal, encabez\u00f3 la entrega de libros de la colecci\u00f3n Rita Cetina y del programa federal \u201c25 para 25\u201d del Fondo de Cultura Econ\u00f3mica (FCE), como parte de las acciones para [&hellip;]<\/p>\n","protected":false},"author":4,"featured_media":117271,"comment_status":"closed","ping_status":"closed","sticky":false,"template":"","format":"standard","meta":{"footnotes":""},"categories":[3],"tags":[],"class_list":["post-117270","post","type-post","status-publish","format-standard","has-post-thumbnail","category-yucatan"],"yoast_head":"<!-- This site is optimized with the Yoast SEO plugin v28.3 - https:\/\/yoast.com\/product\/yoast-seo-wordpress\/ -->\n<title>Fomentan la lectura entre las juventudes yucatecas - Yucat\u00e1n en corto<\/title>\n<meta name=\"robots\" content=\"index, follow, max-snippet:-1, max-image-preview:large, max-video-preview:-1\" \/>\n<link rel=\"canonical\" href=\"https:\/\/www.yucatanencorto.com\/noticias\/fomentan-la-lectura-entre-las-juventudes-yucatecas\/\" \/>\n<meta property=\"og:locale\" content=\"es_ES\" \/>\n<meta property=\"og:type\" content=\"article\" \/>\n<meta property=\"og:title\" content=\"Fomentan la lectura entre las juventudes yucatecas - Yucat\u00e1n en corto\" \/>\n<meta property=\"og:description\" content=\"M\u00e9rida, Yucat\u00e1n, a 23 de mayo de 2026 El Gobernador Joaqu\u00edn D\u00edaz Mena, junto con la Presidenta Honoraria del Sistema DIF Yucat\u00e1n, Mtra. Wendy M\u00e9ndez Naal, encabez\u00f3 la entrega de libros de la colecci\u00f3n Rita Cetina y del programa federal \u201c25 para 25\u201d del Fondo de Cultura Econ\u00f3mica (FCE), como parte de las acciones para [&hellip;]\" \/>\n<meta property=\"og:url\" content=\"https:\/\/www.yucatanencorto.com\/noticias\/fomentan-la-lectura-entre-las-juventudes-yucatecas\/\" \/>\n<meta property=\"og:site_name\" content=\"Yucat\u00e1n en corto\" \/>\n<meta property=\"article:publisher\" content=\"http:\/\/www.facebook.com\/yucatanencorto\" \/>\n<meta property=\"article:published_time\" content=\"2026-05-24T00:11:36+00:00\" \/>\n<meta property=\"og:image\" content=\"https:\/\/www.yucatanencorto.com\/noticias\/wp-content\/uploads\/2026\/05\/IMG-20260523-WA0113-scaled.jpg\" \/>\n\t<meta property=\"og:image:width\" content=\"768\" \/>\n\t<meta property=\"og:image:height\" content=\"512\" \/>\n\t<meta property=\"og:image:type\" content=\"image\/jpeg\" \/>\n<meta name=\"author\" content=\"YC 25\" \/>\n<meta name=\"twitter:card\" content=\"summary_large_image\" \/>\n<meta name=\"twitter:creator\" content=\"@yucatanencorto\" \/>\n<meta name=\"twitter:site\" content=\"@yucatanencorto\" \/>\n<meta name=\"twitter:label1\" content=\"Escrito por\" \/>\n\t<meta name=\"twitter:data1\" content=\"YC 25\" \/>\n\t<meta name=\"twitter:label2\" content=\"Tiempo de lectura\" \/>\n\t<meta name=\"twitter:data2\" content=\"4 minutos\" \/>\n<script type=\"application\/ld+json\" class=\"yoast-schema-graph\">{\"@context\":\"https:\\\/\\\/schema.org\",\"@graph\":[{\"@type\":\"Article\",\"@id\":\"https:\\\/\\\/www.yucatanencorto.com\\\/noticias\\\/fomentan-la-lectura-entre-las-juventudes-yucatecas\\\/#article\",\"isPartOf\":{\"@id\":\"https:\\\/\\\/www.yucatanencorto.com\\\/noticias\\\/fomentan-la-lectura-entre-las-juventudes-yucatecas\\\/\"},\"author\":{\"name\":\"YC 25\",\"@id\":\"https:\\\/\\\/www.yucatanencorto.com\\\/noticias\\\/#\\\/schema\\\/person\\\/f0ec40c33447bbc0dc2d01d3006de771\"},\"headline\":\"Fomentan la lectura entre las juventudes yucatecas\",\"datePublished\":\"2026-05-24T00:11:36+00:00\",\"mainEntityOfPage\":{\"@id\":\"https:\\\/\\\/www.yucatanencorto.com\\\/noticias\\\/fomentan-la-lectura-entre-las-juventudes-yucatecas\\\/\"},\"wordCount\":888,\"publisher\":{\"@id\":\"https:\\\/\\\/www.yucatanencorto.com\\\/noticias\\\/#organization\"},\"image\":{\"@id\":\"https:\\\/\\\/www.yucatanencorto.com\\\/noticias\\\/fomentan-la-lectura-entre-las-juventudes-yucatecas\\\/#primaryimage\"},\"thumbnailUrl\":\"https:\\\/\\\/www.yucatanencorto.com\\\/noticias\\\/wp-content\\\/uploads\\\/2026\\\/05\\\/IMG-20260523-WA0113-scaled.jpg\",\"articleSection\":[\"Yucat\u00e1n\"],\"inLanguage\":\"es\"},{\"@type\":\"WebPage\",\"@id\":\"https:\\\/\\\/www.yucatanencorto.com\\\/noticias\\\/fomentan-la-lectura-entre-las-juventudes-yucatecas\\\/\",\"url\":\"https:\\\/\\\/www.yucatanencorto.com\\\/noticias\\\/fomentan-la-lectura-entre-las-juventudes-yucatecas\\\/\",\"name\":\"Fomentan la lectura entre las juventudes yucatecas - Yucat\u00e1n en corto\",\"isPartOf\":{\"@id\":\"https:\\\/\\\/www.yucatanencorto.com\\\/noticias\\\/#website\"},\"primaryImageOfPage\":{\"@id\":\"https:\\\/\\\/www.yucatanencorto.com\\\/noticias\\\/fomentan-la-lectura-entre-las-juventudes-yucatecas\\\/#primaryimage\"},\"image\":{\"@id\":\"https:\\\/\\\/www.yucatanencorto.com\\\/noticias\\\/fomentan-la-lectura-entre-las-juventudes-yucatecas\\\/#primaryimage\"},\"thumbnailUrl\":\"https:\\\/\\\/www.yucatanencorto.com\\\/noticias\\\/wp-content\\\/uploads\\\/2026\\\/05\\\/IMG-20260523-WA0113-scaled.jpg\",\"datePublished\":\"2026-05-24T00:11:36+00:00\",\"breadcrumb\":{\"@id\":\"https:\\\/\\\/www.yucatanencorto.com\\\/noticias\\\/fomentan-la-lectura-entre-las-juventudes-yucatecas\\\/#breadcrumb\"},\"inLanguage\":\"es\",\"potentialAction\":[{\"@type\":\"ReadAction\",\"target\":[\"https:\\\/\\\/www.yucatanencorto.com\\\/noticias\\\/fomentan-la-lectura-entre-las-juventudes-yucatecas\\\/\"]}]},{\"@type\":\"ImageObject\",\"inLanguage\":\"es\",\"@id\":\"https:\\\/\\\/www.yucatanencorto.com\\\/noticias\\\/fomentan-la-lectura-entre-las-juventudes-yucatecas\\\/#primaryimage\",\"url\":\"https:\\\/\\\/www.yucatanencorto.com\\\/noticias\\\/wp-content\\\/uploads\\\/2026\\\/05\\\/IMG-20260523-WA0113-scaled.jpg\",\"contentUrl\":\"https:\\\/\\\/www.yucatanencorto.com\\\/noticias\\\/wp-content\\\/uploads\\\/2026\\\/05\\\/IMG-20260523-WA0113-scaled.jpg\",\"width\":768,\"height\":512},{\"@type\":\"BreadcrumbList\",\"@id\":\"https:\\\/\\\/www.yucatanencorto.com\\\/noticias\\\/fomentan-la-lectura-entre-las-juventudes-yucatecas\\\/#breadcrumb\",\"itemListElement\":[{\"@type\":\"ListItem\",\"position\":1,\"name\":\"Portada\",\"item\":\"https:\\\/\\\/www.yucatanencorto.com\\\/noticias\\\/\"},{\"@type\":\"ListItem\",\"position\":2,\"name\":\"Fomentan la lectura entre las juventudes yucatecas\"}]},{\"@type\":\"WebSite\",\"@id\":\"https:\\\/\\\/www.yucatanencorto.com\\\/noticias\\\/#website\",\"url\":\"https:\\\/\\\/www.yucatanencorto.com\\\/noticias\\\/\",\"name\":\"Yucat\u00e1n en corto\",\"description\":\"Noticias\",\"publisher\":{\"@id\":\"https:\\\/\\\/www.yucatanencorto.com\\\/noticias\\\/#organization\"},\"potentialAction\":[{\"@type\":\"SearchAction\",\"target\":{\"@type\":\"EntryPoint\",\"urlTemplate\":\"https:\\\/\\\/www.yucatanencorto.com\\\/noticias\\\/?s={search_term_string}\"},\"query-input\":{\"@type\":\"PropertyValueSpecification\",\"valueRequired\":true,\"valueName\":\"search_term_string\"}}],\"inLanguage\":\"es\"},{\"@type\":\"Organization\",\"@id\":\"https:\\\/\\\/www.yucatanencorto.com\\\/noticias\\\/#organization\",\"name\":\"Yucat\u00e1n en corto\",\"url\":\"https:\\\/\\\/www.yucatanencorto.com\\\/noticias\\\/\",\"logo\":{\"@type\":\"ImageObject\",\"inLanguage\":\"es\",\"@id\":\"https:\\\/\\\/www.yucatanencorto.com\\\/noticias\\\/#\\\/schema\\\/logo\\\/image\\\/\",\"url\":\"https:\\\/\\\/www.yucatanencorto.com\\\/noticias\\\/wp-content\\\/uploads\\\/2026\\\/08\\\/Logo-web.png\",\"contentUrl\":\"https:\\\/\\\/www.yucatanencorto.com\\\/noticias\\\/wp-content\\\/uploads\\\/2026\\\/08\\\/Logo-web.png\",\"width\":272,\"height\":90,\"caption\":\"Yucat\u00e1n en corto\"},\"image\":{\"@id\":\"https:\\\/\\\/www.yucatanencorto.com\\\/noticias\\\/#\\\/schema\\\/logo\\\/image\\\/\"},\"sameAs\":[\"http:\\\/\\\/www.facebook.com\\\/yucatanencorto\",\"https:\\\/\\\/x.com\\\/yucatanencorto\"]},{\"@type\":\"Person\",\"@id\":\"https:\\\/\\\/www.yucatanencorto.com\\\/noticias\\\/#\\\/schema\\\/person\\\/f0ec40c33447bbc0dc2d01d3006de771\",\"name\":\"YC 25\",\"image\":{\"@type\":\"ImageObject\",\"inLanguage\":\"es\",\"@id\":\"https:\\\/\\\/secure.gravatar.com\\\/avatar\\\/20e0a6b626f38fa8e545fb3f80ce566efd790bf8877e65c3a482460cc3e0b5d1?s=96&d=mm&r=g\",\"url\":\"https:\\\/\\\/secure.gravatar.com\\\/avatar\\\/20e0a6b626f38fa8e545fb3f80ce566efd790bf8877e65c3a482460cc3e0b5d1?s=96&d=mm&r=g\",\"contentUrl\":\"https:\\\/\\\/secure.gravatar.com\\\/avatar\\\/20e0a6b626f38fa8e545fb3f80ce566efd790bf8877e65c3a482460cc3e0b5d1?s=96&d=mm&r=g\",\"caption\":\"YC 25\"},\"url\":\"https:\\\/\\\/www.yucatanencorto.com\\\/noticias\\\/author\\\/editor25\\\/\"}]}<\/script>\n<!-- \/ Yoast SEO plugin. -->","yoast_head_json":{"title":"Fomentan la lectura entre las juventudes yucatecas - Yucat\u00e1n en corto","robots":{"index":"index","follow":"follow","max-snippet":"max-snippet:-1","max-image-preview":"max-image-preview:large","max-video-preview":"max-video-preview:-1"},"canonical":"https:\/\/www.yucatanencorto.com\/noticias\/fomentan-la-lectura-entre-las-juventudes-yucatecas\/","og_locale":"es_ES","og_type":"article","og_title":"Fomentan la lectura entre las juventudes yucatecas - Yucat\u00e1n en corto","og_description":"M\u00e9rida, Yucat\u00e1n, a 23 de mayo de 2026 El Gobernador Joaqu\u00edn D\u00edaz Mena, junto con la Presidenta Honoraria del Sistema DIF Yucat\u00e1n, Mtra. Wendy M\u00e9ndez Naal, encabez\u00f3 la entrega de libros de la colecci\u00f3n Rita Cetina y del programa federal \u201c25 para 25\u201d del Fondo de Cultura Econ\u00f3mica (FCE), como parte de las acciones para [&hellip;]","og_url":"https:\/\/www.yucatanencorto.com\/noticias\/fomentan-la-lectura-entre-las-juventudes-yucatecas\/","og_site_name":"Yucat\u00e1n en corto","article_publisher":"http:\/\/www.facebook.com\/yucatanencorto","article_published_time":"2026-05-24T00:11:36+00:00","og_image":[{"width":768,"height":512,"url":"https:\/\/www.yucatanencorto.com\/noticias\/wp-content\/uploads\/2026\/05\/IMG-20260523-WA0113-scaled.jpg","type":"image\/jpeg"}],"author":"YC 25","twitter_card":"summary_large_image","twitter_creator":"@yucatanencorto","twitter_site":"@yucatanencorto","twitter_misc":{"Escrito por":"YC 25","Tiempo de lectura":"4 minutos"},"schema":{"@context":"https:\/\/schema.org","@graph":[{"@type":"Article","@id":"https:\/\/www.yucatanencorto.com\/noticias\/fomentan-la-lectura-entre-las-juventudes-yucatecas\/#article","isPartOf":{"@id":"https:\/\/www.yucatanencorto.com\/noticias\/fomentan-la-lectura-entre-las-juventudes-yucatecas\/"},"author":{"name":"YC 25","@id":"https:\/\/www.yucatanencorto.com\/noticias\/#\/schema\/person\/f0ec40c33447bbc0dc2d01d3006de771"},"headline":"Fomentan la lectura entre las juventudes yucatecas","datePublished":"2026-05-24T00:11:36+00:00","mainEntityOfPage":{"@id":"https:\/\/www.yucatanencorto.com\/noticias\/fomentan-la-lectura-entre-las-juventudes-yucatecas\/"},"wordCount":888,"publisher":{"@id":"https:\/\/www.yucatanencorto.com\/noticias\/#organization"},"image":{"@id":"https:\/\/www.yucatanencorto.com\/noticias\/fomentan-la-lectura-entre-las-juventudes-yucatecas\/#primaryimage"},"thumbnailUrl":"https:\/\/www.yucatanencorto.com\/noticias\/wp-content\/uploads\/2026\/05\/IMG-20260523-WA0113-scaled.jpg","articleSection":["Yucat\u00e1n"],"inLanguage":"es"},{"@type":"WebPage","@id":"https:\/\/www.yucatanencorto.com\/noticias\/fomentan-la-lectura-entre-las-juventudes-yucatecas\/","url":"https:\/\/www.yucatanencorto.com\/noticias\/fomentan-la-lectura-entre-las-juventudes-yucatecas\/","name":"Fomentan la lectura entre las juventudes yucatecas - Yucat\u00e1n en corto","isPartOf":{"@id":"https:\/\/www.yucatanencorto.com\/noticias\/#website"},"primaryImageOfPage":{"@id":"https:\/\/www.yucatanencorto.com\/noticias\/fomentan-la-lectura-entre-las-juventudes-yucatecas\/#primaryimage"},"image":{"@id":"https:\/\/www.yucatanencorto.com\/noticias\/fomentan-la-lectura-entre-las-juventudes-yucatecas\/#primaryimage"},"thumbnailUrl":"https:\/\/www.yucatanencorto.com\/noticias\/wp-content\/uploads\/2026\/05\/IMG-20260523-WA0113-scaled.jpg","datePublished":"2026-05-24T00:11:36+00:00","breadcrumb":{"@id":"https:\/\/www.yucatanencorto.com\/noticias\/fomentan-la-lectura-entre-las-juventudes-yucatecas\/#breadcrumb"},"inLanguage":"es","potentialAction":[{"@type":"ReadAction","target":["https:\/\/www.yucatanencorto.com\/noticias\/fomentan-la-lectura-entre-las-juventudes-yucatecas\/"]}]},{"@type":"ImageObject","inLanguage":"es","@id":"https:\/\/www.yucatanencorto.com\/noticias\/fomentan-la-lectura-entre-las-juventudes-yucatecas\/#primaryimage","url":"https:\/\/www.yucatanencorto.com\/noticias\/wp-content\/uploads\/2026\/05\/IMG-20260523-WA0113-scaled.jpg","contentUrl":"https:\/\/www.yucatanencorto.com\/noticias\/wp-content\/uploads\/2026\/05\/IMG-20260523-WA0113-scaled.jpg","width":768,"height":512},{"@type":"BreadcrumbList","@id":"https:\/\/www.yucatanencorto.com\/noticias\/fomentan-la-lectura-entre-las-juventudes-yucatecas\/#breadcrumb","itemListElement":[{"@type":"ListItem","position":1,"name":"Portada","item":"https:\/\/www.yucatanencorto.com\/noticias\/"},{"@type":"ListItem","position":2,"name":"Fomentan la lectura entre las juventudes yucatecas"}]},{"@type":"WebSite","@id":"https:\/\/www.yucatanencorto.com\/noticias\/#website","url":"https:\/\/www.yucatanencorto.com\/noticias\/","name":"Yucat\u00e1n en corto","description":"Noticias","publisher":{"@id":"https:\/\/www.yucatanencorto.com\/noticias\/#organization"},"potentialAction":[{"@type":"SearchAction","target":{"@type":"EntryPoint","urlTemplate":"https:\/\/www.yucatanencorto.com\/noticias\/?s={search_term_string}"},"query-input":{"@type":"PropertyValueSpecification","valueRequired":true,"valueName":"search_term_string"}}],"inLanguage":"es"},{"@type":"Organization","@id":"https:\/\/www.yucatanencorto.com\/noticias\/#organization","name":"Yucat\u00e1n en corto","url":"https:\/\/www.yucatanencorto.com\/noticias\/","logo":{"@type":"ImageObject","inLanguage":"es","@id":"https:\/\/www.yucatanencorto.com\/noticias\/#\/schema\/logo\/image\/","url":"https:\/\/www.yucatanencorto.com\/noticias\/wp-content\/uploads\/2026\/08\/Logo-web.png","contentUrl":"https:\/\/www.yucatanencorto.com\/noticias\/wp-content\/uploads\/2026\/08\/Logo-web.png","width":272,"height":90,"caption":"Yucat\u00e1n en corto"},"image":{"@id":"https:\/\/www.yucatanencorto.com\/noticias\/#\/schema\/logo\/image\/"},"sameAs":["http:\/\/www.facebook.com\/yucatanencorto","https:\/\/x.com\/yucatanencorto"]},{"@type":"Person","@id":"https:\/\/www.yucatanencorto.com\/noticias\/#\/schema\/person\/f0ec40c33447bbc0dc2d01d3006de771","name":"YC 25","image":{"@type":"ImageObject","inLanguage":"es","@id":"https:\/\/secure.gravatar.com\/avatar\/20e0a6b626f38fa8e545fb3f80ce566efd790bf8877e65c3a482460cc3e0b5d1?s=96&d=mm&r=g","url":"https:\/\/secure.gravatar.com\/avatar\/20e0a6b626f38fa8e545fb3f80ce566efd790bf8877e65c3a482460cc3e0b5d1?s=96&d=mm&r=g","contentUrl":"https:\/\/secure.gravatar.com\/avatar\/20e0a6b626f38fa8e545fb3f80ce566efd790bf8877e65c3a482460cc3e0b5d1?s=96&d=mm&r=g","caption":"YC 25"},"url":"https:\/\/www.yucatanencorto.com\/noticias\/author\/editor25\/"}]}},"_links":{"self":[{"href":"https:\/\/www.yucatanencorto.com\/noticias\/wp-json\/wp\/v2\/posts\/117270","targetHints":{"allow":["GET"]}}],"collection":[{"href":"https:\/\/www.yucatanencorto.com\/noticias\/wp-json\/wp\/v2\/posts"}],"about":[{"href":"https:\/\/www.yucatanencorto.com\/noticias\/wp-json\/wp\/v2\/types\/post"}],"author":[{"embeddable":true,"href":"https:\/\/www.yucatanencorto.com\/noticias\/wp-json\/wp\/v2\/users\/4"}],"replies":[{"embeddable":true,"href":"https:\/\/www.yucatanencorto.com\/noticias\/wp-json\/wp\/v2\/comments?post=117270"}],"version-history":[{"count":1,"href":"https:\/\/www.yucatanencorto.com\/noticias\/wp-json\/wp\/v2\/posts\/117270\/revisions"}],"predecessor-version":[{"id":117272,"href":"https:\/\/www.yucatanencorto.com\/noticias\/wp-json\/wp\/v2\/posts\/117270\/revisions\/117272"}],"wp:featuredmedia":[{"embeddable":true,"href":"https:\/\/www.yucatanencorto.com\/noticias\/wp-json\/wp\/v2\/media\/117271"}],"wp:attachment":[{"href":"https:\/\/www.yucatanencorto.com\/noticias\/wp-json\/wp\/v2\/media?parent=117270"}],"wp:term":[{"taxonomy":"category","embeddable":true,"href":"https:\/\/www.yucatanencorto.com\/noticias\/wp-json\/wp\/v2\/categories?post=117270"},{"taxonomy":"post_tag","embeddable":true,"href":"https:\/\/www.yucatanencorto.com\/noticias\/wp-json\/wp\/v2\/tags?post=117270"}],"curies":[{"name":"wp","href":"https:\/\/api.w.org\/{rel}","templated":true}]}}