{"id":118300,"date":"2026-08-31T12:35:13","date_gmt":"2026-08-31T18:35:13","guid":{"rendered":"https:\/\/www.yucatanencorto.com\/noticias\/?p=118300"},"modified":"2026-08-31T12:35:13","modified_gmt":"2026-08-31T18:35:13","slug":"dignifican-primaria-de-zazil-ha-en-merida-con-inversion-de-mas-de-tres-mdp","status":"publish","type":"post","link":"https:\/\/www.yucatanencorto.com\/noticias\/dignifican-primaria-de-zazil-ha-en-merida-con-inversion-de-mas-de-tres-mdp\/","title":{"rendered":"Dignifican primaria de Zazil-H\u00e1 en M\u00e9rida con inversi\u00f3n de m\u00e1s de tres mdp  \u00a0"},"content":{"rendered":"<p><img loading=\"lazy\" decoding=\"async\" class=\"alignnone size-full wp-image-118301\" src=\"https:\/\/www.yucatanencorto.com\/noticias\/wp-content\/uploads\/2026\/08\/IMG-20260831-WA0066-scaled.jpg\" alt=\"\" width=\"768\" height=\"512\" srcset=\"https:\/\/www.yucatanencorto.com\/noticias\/wp-content\/uploads\/2026\/08\/IMG-20260831-WA0066-scaled.jpg 768w, https:\/\/www.yucatanencorto.com\/noticias\/wp-content\/uploads\/2026\/08\/IMG-20260831-WA0066-1536x1024.jpg 1536w, https:\/\/www.yucatanencorto.com\/noticias\/wp-content\/uploads\/2026\/08\/IMG-20260831-WA0066-2048x1366.jpg 2048w, https:\/\/www.yucatanencorto.com\/noticias\/wp-content\/uploads\/2026\/08\/IMG-20260831-WA0066-150x100.jpg 150w, https:\/\/www.yucatanencorto.com\/noticias\/wp-content\/uploads\/2026\/08\/IMG-20260831-WA0066-300x200.jpg 300w, https:\/\/www.yucatanencorto.com\/noticias\/wp-content\/uploads\/2026\/08\/IMG-20260831-WA0066-696x464.jpg 696w, https:\/\/www.yucatanencorto.com\/noticias\/wp-content\/uploads\/2026\/08\/IMG-20260831-WA0066-1068x712.jpg 1068w, https:\/\/www.yucatanencorto.com\/noticias\/wp-content\/uploads\/2026\/08\/IMG-20260831-WA0066-1920x1280.jpg 1920w\" sizes=\"auto, (max-width: 768px) 100vw, 768px\" \/><\/p>\n<p>M\u00e9rida, Yucat\u00e1n, a 31 de agosto de 2026<\/p>\n<p>&nbsp;<\/p>\n<p>Con una inversi\u00f3n programada de\u00a0tres millones 117 mil 680 pesos, provenientes del Fondo de Aportaciones M\u00faltiples 2026,\u00a0366 estudiantes\u00a0de la primaria Pedro R. Pinz\u00f3n S\u00e1nchez, ubicada en la colonia Zazil-H\u00e1 de M\u00e9rida,\u00a0contar\u00e1n con espacios m\u00e1s seguros, dignos y adecuados para su formaci\u00f3n integral.<\/p>\n<p>&nbsp;<\/p>\n<p>En este plantel, el Gobernador Joaqu\u00edn D\u00edaz Mena encabez\u00f3 el inicio oficial del ciclo escolar 2026-2027 en Yucat\u00e1n y constat\u00f3 los avances de las obras, que atienden carencias acumuladas y permitir\u00e1n proteger a la comunidad estudiantil del sol, las altas temperaturas y las lluvias durante sus actividades f\u00edsicas, c\u00edvicas y recreativas.<\/p>\n<p>&nbsp;<\/p>\n<p>Del monto total,\u00a0dos millones 278 mil 425 pesos\u00a0se destinan a la construcci\u00f3n del domo sobre la cancha, mientras que 839 mil 255 pesos corresponden al mejoramiento del espacio deportivo y de los servicios sanitarios existentes.<\/p>\n<p>&nbsp;<\/p>\n<p>\u201cHoy\u00a0inicia\u00a0el ciclo escolar 2026-2027 en todo Yucat\u00e1n y quisimos comenzarlo aqu\u00ed, en la colonia Zazil-H\u00e1. Este primer d\u00eda de clases es uno de los momentos m\u00e1s emotivos para las alumnas y los alumnos\u201d, expres\u00f3 D\u00edaz Mena ante la comunidad educativa.<\/p>\n<p>&nbsp;<\/p>\n<p>El mandatario se\u00f1al\u00f3 que estas acciones forman parte del compromiso del Gobierno del Renacimiento Maya de modernizar los planteles p\u00fablicos y garantizar condiciones de equidad para que las ni\u00f1as y los ni\u00f1os estudien, convivan y se desarrollen en instalaciones adecuadas.<\/p>\n<p>&nbsp;<\/p>\n<p>Durante la ceremonia tambi\u00e9n se realiz\u00f3 la entrega simb\u00f3lica de paquetes del programa Bienestar en tu Escuela, as\u00ed como de libros de texto gratuitos, \u00fatiles escolares, uniformes, mochilas y zapatos, apoyos que contribuyen a la econom\u00eda familiar y favorecen la permanencia de\u00a0estudiantes\u00a0en las aulas.<\/p>\n<p>&nbsp;<\/p>\n<p>El Gobernador inform\u00f3 que los libros de texto gratuitos ya se encuentran en los planteles y ser\u00e1n distribuidos en beneficio de m\u00e1s de 202 mil alumnas y alumnos de educaci\u00f3n b\u00e1sica en todo el estado.<\/p>\n<p>&nbsp;<\/p>\n<p>D\u00edaz Mena agradeci\u00f3 el respaldo de la\u00a0Presidenta Claudia Sheinbaum Pardo\u00a0y reconoci\u00f3 la labor de maestras, maestros, madres y padres de familia para garantizar que la ni\u00f1ez yucateca reciba una educaci\u00f3n de calidad.<\/p>\n<p>&nbsp;<\/p>\n<p>\u201cA las ni\u00f1as y los ni\u00f1os les pedimos que estudien mucho y sue\u00f1en con un gran futuro, porque ustedes pueden lograrlo. Su Gobernador y el Gobierno del Renacimiento Maya seguiremos trabajando para que cada d\u00eda tengamos mejores escuelas\u201d, afirm\u00f3.<\/p>\n<p>&nbsp;<\/p>\n<p>Durante el acto, la directora del turno matutino, Wilma Rosenda Rodr\u00edguez Serrano, solicit\u00f3 ampliar los servicios sanitarios para atender las necesidades del alumnado de ambos turnos. En respuesta, el Gobernador se comprometi\u00f3 a dar seguimiento a la petici\u00f3n,\u00a0de manera adicional a\u00a0las mejoras ya programadas en los ba\u00f1os existentes.<\/p>\n<p>&nbsp;<\/p>\n<p>A nombre de la comunidad estudiantil, la alumna de quinto grado Keyra Aitana Chan Xool agradeci\u00f3 la construcci\u00f3n del domo y el mejoramiento de la cancha, pues permitir\u00e1n a las ni\u00f1as y los ni\u00f1os resguardarse del sol y contar con un espacio adecuado para convivir y realizar actividades deportivas.<\/p>\n<p>&nbsp;<\/p>\n<p>Al finalizar, D\u00edaz Mena, acompa\u00f1ado del secretario de Educaci\u00f3n, Juan Balam Varguez, y autoridades educativas, dio el banderazo de salida a los veh\u00edculos que distribuir\u00e1n mobiliario escolar en planteles de diversos municipios del estado.<\/p>\n<p>&nbsp;<\/p>\n<p>&nbsp;<\/p>\n","protected":false},"excerpt":{"rendered":"<p>M\u00e9rida, Yucat\u00e1n, a 31 de agosto de 2026 &nbsp; Con una inversi\u00f3n programada de\u00a0tres millones 117 mil 680 pesos, provenientes del Fondo de Aportaciones M\u00faltiples 2026,\u00a0366 estudiantes\u00a0de la primaria Pedro R. Pinz\u00f3n S\u00e1nchez, ubicada en la colonia Zazil-H\u00e1 de M\u00e9rida,\u00a0contar\u00e1n con espacios m\u00e1s seguros, dignos y adecuados para su formaci\u00f3n integral. &nbsp; En este plantel, [&hellip;]<\/p>\n","protected":false},"author":4,"featured_media":118301,"comment_status":"closed","ping_status":"closed","sticky":false,"template":"","format":"standard","meta":{"footnotes":""},"categories":[3],"tags":[],"class_list":["post-118300","post","type-post","status-publish","format-standard","has-post-thumbnail","category-yucatan"],"yoast_head":"<!-- This site is optimized with the Yoast SEO plugin v28.3 - https:\/\/yoast.com\/product\/yoast-seo-wordpress\/ -->\n<title>Dignifican primaria de Zazil-H\u00e1 en M\u00e9rida con inversi\u00f3n de m\u00e1s de tres mdp \u00a0 - Yucat\u00e1n en corto<\/title>\n<meta name=\"robots\" content=\"index, follow, max-snippet:-1, max-image-preview:large, max-video-preview:-1\" \/>\n<link rel=\"canonical\" href=\"https:\/\/www.yucatanencorto.com\/noticias\/dignifican-primaria-de-zazil-ha-en-merida-con-inversion-de-mas-de-tres-mdp\/\" \/>\n<meta property=\"og:locale\" content=\"es_ES\" \/>\n<meta property=\"og:type\" content=\"article\" \/>\n<meta property=\"og:title\" content=\"Dignifican primaria de Zazil-H\u00e1 en M\u00e9rida con inversi\u00f3n de m\u00e1s de tres mdp \u00a0 - Yucat\u00e1n en corto\" \/>\n<meta property=\"og:description\" content=\"M\u00e9rida, Yucat\u00e1n, a 31 de agosto de 2026 &nbsp; Con una inversi\u00f3n programada de\u00a0tres millones 117 mil 680 pesos, provenientes del Fondo de Aportaciones M\u00faltiples 2026,\u00a0366 estudiantes\u00a0de la primaria Pedro R. Pinz\u00f3n S\u00e1nchez, ubicada en la colonia Zazil-H\u00e1 de M\u00e9rida,\u00a0contar\u00e1n con espacios m\u00e1s seguros, dignos y adecuados para su formaci\u00f3n integral. &nbsp; En este plantel, [&hellip;]\" \/>\n<meta property=\"og:url\" content=\"https:\/\/www.yucatanencorto.com\/noticias\/dignifican-primaria-de-zazil-ha-en-merida-con-inversion-de-mas-de-tres-mdp\/\" \/>\n<meta property=\"og:site_name\" content=\"Yucat\u00e1n en corto\" \/>\n<meta property=\"article:publisher\" content=\"http:\/\/www.facebook.com\/yucatanencorto\" \/>\n<meta property=\"article:published_time\" content=\"2026-08-31T18:35:13+00:00\" \/>\n<meta property=\"og:image\" content=\"https:\/\/www.yucatanencorto.com\/noticias\/wp-content\/uploads\/2026\/08\/IMG-20260831-WA0066-scaled.jpg\" \/>\n\t<meta property=\"og:image:width\" content=\"768\" \/>\n\t<meta property=\"og:image:height\" content=\"512\" \/>\n\t<meta property=\"og:image:type\" content=\"image\/jpeg\" \/>\n<meta name=\"author\" content=\"YC 25\" \/>\n<meta name=\"twitter:card\" content=\"summary_large_image\" \/>\n<meta name=\"twitter:creator\" content=\"@yucatanencorto\" \/>\n<meta name=\"twitter:site\" content=\"@yucatanencorto\" \/>\n<meta name=\"twitter:label1\" content=\"Escrito por\" \/>\n\t<meta name=\"twitter:data1\" content=\"YC 25\" \/>\n\t<meta name=\"twitter:label2\" content=\"Tiempo de lectura\" \/>\n\t<meta name=\"twitter:data2\" content=\"3 minutos\" \/>\n<script type=\"application\/ld+json\" class=\"yoast-schema-graph\">{\"@context\":\"https:\\\/\\\/schema.org\",\"@graph\":[{\"@type\":\"Article\",\"@id\":\"https:\\\/\\\/www.yucatanencorto.com\\\/noticias\\\/dignifican-primaria-de-zazil-ha-en-merida-con-inversion-de-mas-de-tres-mdp\\\/#article\",\"isPartOf\":{\"@id\":\"https:\\\/\\\/www.yucatanencorto.com\\\/noticias\\\/dignifican-primaria-de-zazil-ha-en-merida-con-inversion-de-mas-de-tres-mdp\\\/\"},\"author\":{\"name\":\"YC 25\",\"@id\":\"https:\\\/\\\/www.yucatanencorto.com\\\/noticias\\\/#\\\/schema\\\/person\\\/f0ec40c33447bbc0dc2d01d3006de771\"},\"headline\":\"Dignifican primaria de Zazil-H\u00e1 en M\u00e9rida con inversi\u00f3n de m\u00e1s de tres mdp \u00a0\",\"datePublished\":\"2026-08-31T18:35:13+00:00\",\"mainEntityOfPage\":{\"@id\":\"https:\\\/\\\/www.yucatanencorto.com\\\/noticias\\\/dignifican-primaria-de-zazil-ha-en-merida-con-inversion-de-mas-de-tres-mdp\\\/\"},\"wordCount\":581,\"publisher\":{\"@id\":\"https:\\\/\\\/www.yucatanencorto.com\\\/noticias\\\/#organization\"},\"image\":{\"@id\":\"https:\\\/\\\/www.yucatanencorto.com\\\/noticias\\\/dignifican-primaria-de-zazil-ha-en-merida-con-inversion-de-mas-de-tres-mdp\\\/#primaryimage\"},\"thumbnailUrl\":\"https:\\\/\\\/www.yucatanencorto.com\\\/noticias\\\/wp-content\\\/uploads\\\/2026\\\/08\\\/IMG-20260831-WA0066-scaled.jpg\",\"articleSection\":[\"Yucat\u00e1n\"],\"inLanguage\":\"es\"},{\"@type\":\"WebPage\",\"@id\":\"https:\\\/\\\/www.yucatanencorto.com\\\/noticias\\\/dignifican-primaria-de-zazil-ha-en-merida-con-inversion-de-mas-de-tres-mdp\\\/\",\"url\":\"https:\\\/\\\/www.yucatanencorto.com\\\/noticias\\\/dignifican-primaria-de-zazil-ha-en-merida-con-inversion-de-mas-de-tres-mdp\\\/\",\"name\":\"Dignifican primaria de Zazil-H\u00e1 en M\u00e9rida con inversi\u00f3n de m\u00e1s de tres mdp \u00a0 - Yucat\u00e1n en corto\",\"isPartOf\":{\"@id\":\"https:\\\/\\\/www.yucatanencorto.com\\\/noticias\\\/#website\"},\"primaryImageOfPage\":{\"@id\":\"https:\\\/\\\/www.yucatanencorto.com\\\/noticias\\\/dignifican-primaria-de-zazil-ha-en-merida-con-inversion-de-mas-de-tres-mdp\\\/#primaryimage\"},\"image\":{\"@id\":\"https:\\\/\\\/www.yucatanencorto.com\\\/noticias\\\/dignifican-primaria-de-zazil-ha-en-merida-con-inversion-de-mas-de-tres-mdp\\\/#primaryimage\"},\"thumbnailUrl\":\"https:\\\/\\\/www.yucatanencorto.com\\\/noticias\\\/wp-content\\\/uploads\\\/2026\\\/08\\\/IMG-20260831-WA0066-scaled.jpg\",\"datePublished\":\"2026-08-31T18:35:13+00:00\",\"breadcrumb\":{\"@id\":\"https:\\\/\\\/www.yucatanencorto.com\\\/noticias\\\/dignifican-primaria-de-zazil-ha-en-merida-con-inversion-de-mas-de-tres-mdp\\\/#breadcrumb\"},\"inLanguage\":\"es\",\"potentialAction\":[{\"@type\":\"ReadAction\",\"target\":[\"https:\\\/\\\/www.yucatanencorto.com\\\/noticias\\\/dignifican-primaria-de-zazil-ha-en-merida-con-inversion-de-mas-de-tres-mdp\\\/\"]}]},{\"@type\":\"ImageObject\",\"inLanguage\":\"es\",\"@id\":\"https:\\\/\\\/www.yucatanencorto.com\\\/noticias\\\/dignifican-primaria-de-zazil-ha-en-merida-con-inversion-de-mas-de-tres-mdp\\\/#primaryimage\",\"url\":\"https:\\\/\\\/www.yucatanencorto.com\\\/noticias\\\/wp-content\\\/uploads\\\/2026\\\/08\\\/IMG-20260831-WA0066-scaled.jpg\",\"contentUrl\":\"https:\\\/\\\/www.yucatanencorto.com\\\/noticias\\\/wp-content\\\/uploads\\\/2026\\\/08\\\/IMG-20260831-WA0066-scaled.jpg\",\"width\":768,\"height\":512},{\"@type\":\"BreadcrumbList\",\"@id\":\"https:\\\/\\\/www.yucatanencorto.com\\\/noticias\\\/dignifican-primaria-de-zazil-ha-en-merida-con-inversion-de-mas-de-tres-mdp\\\/#breadcrumb\",\"itemListElement\":[{\"@type\":\"ListItem\",\"position\":1,\"name\":\"Portada\",\"item\":\"https:\\\/\\\/www.yucatanencorto.com\\\/noticias\\\/\"},{\"@type\":\"ListItem\",\"position\":2,\"name\":\"Dignifican primaria de Zazil-H\u00e1 en M\u00e9rida con inversi\u00f3n de m\u00e1s de tres mdp \u00a0\"}]},{\"@type\":\"WebSite\",\"@id\":\"https:\\\/\\\/www.yucatanencorto.com\\\/noticias\\\/#website\",\"url\":\"https:\\\/\\\/www.yucatanencorto.com\\\/noticias\\\/\",\"name\":\"Yucat\u00e1n en corto\",\"description\":\"Noticias\",\"publisher\":{\"@id\":\"https:\\\/\\\/www.yucatanencorto.com\\\/noticias\\\/#organization\"},\"potentialAction\":[{\"@type\":\"SearchAction\",\"target\":{\"@type\":\"EntryPoint\",\"urlTemplate\":\"https:\\\/\\\/www.yucatanencorto.com\\\/noticias\\\/?s={search_term_string}\"},\"query-input\":{\"@type\":\"PropertyValueSpecification\",\"valueRequired\":true,\"valueName\":\"search_term_string\"}}],\"inLanguage\":\"es\"},{\"@type\":\"Organization\",\"@id\":\"https:\\\/\\\/www.yucatanencorto.com\\\/noticias\\\/#organization\",\"name\":\"Yucat\u00e1n en corto\",\"url\":\"https:\\\/\\\/www.yucatanencorto.com\\\/noticias\\\/\",\"logo\":{\"@type\":\"ImageObject\",\"inLanguage\":\"es\",\"@id\":\"https:\\\/\\\/www.yucatanencorto.com\\\/noticias\\\/#\\\/schema\\\/logo\\\/image\\\/\",\"url\":\"https:\\\/\\\/www.yucatanencorto.com\\\/noticias\\\/wp-content\\\/uploads\\\/2026\\\/08\\\/Logo-web.png\",\"contentUrl\":\"https:\\\/\\\/www.yucatanencorto.com\\\/noticias\\\/wp-content\\\/uploads\\\/2026\\\/08\\\/Logo-web.png\",\"width\":272,\"height\":90,\"caption\":\"Yucat\u00e1n en corto\"},\"image\":{\"@id\":\"https:\\\/\\\/www.yucatanencorto.com\\\/noticias\\\/#\\\/schema\\\/logo\\\/image\\\/\"},\"sameAs\":[\"http:\\\/\\\/www.facebook.com\\\/yucatanencorto\",\"https:\\\/\\\/x.com\\\/yucatanencorto\"]},{\"@type\":\"Person\",\"@id\":\"https:\\\/\\\/www.yucatanencorto.com\\\/noticias\\\/#\\\/schema\\\/person\\\/f0ec40c33447bbc0dc2d01d3006de771\",\"name\":\"YC 25\",\"image\":{\"@type\":\"ImageObject\",\"inLanguage\":\"es\",\"@id\":\"https:\\\/\\\/secure.gravatar.com\\\/avatar\\\/20e0a6b626f38fa8e545fb3f80ce566efd790bf8877e65c3a482460cc3e0b5d1?s=96&d=mm&r=g\",\"url\":\"https:\\\/\\\/secure.gravatar.com\\\/avatar\\\/20e0a6b626f38fa8e545fb3f80ce566efd790bf8877e65c3a482460cc3e0b5d1?s=96&d=mm&r=g\",\"contentUrl\":\"https:\\\/\\\/secure.gravatar.com\\\/avatar\\\/20e0a6b626f38fa8e545fb3f80ce566efd790bf8877e65c3a482460cc3e0b5d1?s=96&d=mm&r=g\",\"caption\":\"YC 25\"},\"url\":\"https:\\\/\\\/www.yucatanencorto.com\\\/noticias\\\/author\\\/editor25\\\/\"}]}<\/script>\n<!-- \/ Yoast SEO plugin. -->","yoast_head_json":{"title":"Dignifican primaria de Zazil-H\u00e1 en M\u00e9rida con inversi\u00f3n de m\u00e1s de tres mdp \u00a0 - Yucat\u00e1n en corto","robots":{"index":"index","follow":"follow","max-snippet":"max-snippet:-1","max-image-preview":"max-image-preview:large","max-video-preview":"max-video-preview:-1"},"canonical":"https:\/\/www.yucatanencorto.com\/noticias\/dignifican-primaria-de-zazil-ha-en-merida-con-inversion-de-mas-de-tres-mdp\/","og_locale":"es_ES","og_type":"article","og_title":"Dignifican primaria de Zazil-H\u00e1 en M\u00e9rida con inversi\u00f3n de m\u00e1s de tres mdp \u00a0 - Yucat\u00e1n en corto","og_description":"M\u00e9rida, Yucat\u00e1n, a 31 de agosto de 2026 &nbsp; Con una inversi\u00f3n programada de\u00a0tres millones 117 mil 680 pesos, provenientes del Fondo de Aportaciones M\u00faltiples 2026,\u00a0366 estudiantes\u00a0de la primaria Pedro R. Pinz\u00f3n S\u00e1nchez, ubicada en la colonia Zazil-H\u00e1 de M\u00e9rida,\u00a0contar\u00e1n con espacios m\u00e1s seguros, dignos y adecuados para su formaci\u00f3n integral. &nbsp; En este plantel, [&hellip;]","og_url":"https:\/\/www.yucatanencorto.com\/noticias\/dignifican-primaria-de-zazil-ha-en-merida-con-inversion-de-mas-de-tres-mdp\/","og_site_name":"Yucat\u00e1n en corto","article_publisher":"http:\/\/www.facebook.com\/yucatanencorto","article_published_time":"2026-08-31T18:35:13+00:00","og_image":[{"width":768,"height":512,"url":"https:\/\/www.yucatanencorto.com\/noticias\/wp-content\/uploads\/2026\/08\/IMG-20260831-WA0066-scaled.jpg","type":"image\/jpeg"}],"author":"YC 25","twitter_card":"summary_large_image","twitter_creator":"@yucatanencorto","twitter_site":"@yucatanencorto","twitter_misc":{"Escrito por":"YC 25","Tiempo de lectura":"3 minutos"},"schema":{"@context":"https:\/\/schema.org","@graph":[{"@type":"Article","@id":"https:\/\/www.yucatanencorto.com\/noticias\/dignifican-primaria-de-zazil-ha-en-merida-con-inversion-de-mas-de-tres-mdp\/#article","isPartOf":{"@id":"https:\/\/www.yucatanencorto.com\/noticias\/dignifican-primaria-de-zazil-ha-en-merida-con-inversion-de-mas-de-tres-mdp\/"},"author":{"name":"YC 25","@id":"https:\/\/www.yucatanencorto.com\/noticias\/#\/schema\/person\/f0ec40c33447bbc0dc2d01d3006de771"},"headline":"Dignifican primaria de Zazil-H\u00e1 en M\u00e9rida con inversi\u00f3n de m\u00e1s de tres mdp \u00a0","datePublished":"2026-08-31T18:35:13+00:00","mainEntityOfPage":{"@id":"https:\/\/www.yucatanencorto.com\/noticias\/dignifican-primaria-de-zazil-ha-en-merida-con-inversion-de-mas-de-tres-mdp\/"},"wordCount":581,"publisher":{"@id":"https:\/\/www.yucatanencorto.com\/noticias\/#organization"},"image":{"@id":"https:\/\/www.yucatanencorto.com\/noticias\/dignifican-primaria-de-zazil-ha-en-merida-con-inversion-de-mas-de-tres-mdp\/#primaryimage"},"thumbnailUrl":"https:\/\/www.yucatanencorto.com\/noticias\/wp-content\/uploads\/2026\/08\/IMG-20260831-WA0066-scaled.jpg","articleSection":["Yucat\u00e1n"],"inLanguage":"es"},{"@type":"WebPage","@id":"https:\/\/www.yucatanencorto.com\/noticias\/dignifican-primaria-de-zazil-ha-en-merida-con-inversion-de-mas-de-tres-mdp\/","url":"https:\/\/www.yucatanencorto.com\/noticias\/dignifican-primaria-de-zazil-ha-en-merida-con-inversion-de-mas-de-tres-mdp\/","name":"Dignifican primaria de Zazil-H\u00e1 en M\u00e9rida con inversi\u00f3n de m\u00e1s de tres mdp \u00a0 - Yucat\u00e1n en corto","isPartOf":{"@id":"https:\/\/www.yucatanencorto.com\/noticias\/#website"},"primaryImageOfPage":{"@id":"https:\/\/www.yucatanencorto.com\/noticias\/dignifican-primaria-de-zazil-ha-en-merida-con-inversion-de-mas-de-tres-mdp\/#primaryimage"},"image":{"@id":"https:\/\/www.yucatanencorto.com\/noticias\/dignifican-primaria-de-zazil-ha-en-merida-con-inversion-de-mas-de-tres-mdp\/#primaryimage"},"thumbnailUrl":"https:\/\/www.yucatanencorto.com\/noticias\/wp-content\/uploads\/2026\/08\/IMG-20260831-WA0066-scaled.jpg","datePublished":"2026-08-31T18:35:13+00:00","breadcrumb":{"@id":"https:\/\/www.yucatanencorto.com\/noticias\/dignifican-primaria-de-zazil-ha-en-merida-con-inversion-de-mas-de-tres-mdp\/#breadcrumb"},"inLanguage":"es","potentialAction":[{"@type":"ReadAction","target":["https:\/\/www.yucatanencorto.com\/noticias\/dignifican-primaria-de-zazil-ha-en-merida-con-inversion-de-mas-de-tres-mdp\/"]}]},{"@type":"ImageObject","inLanguage":"es","@id":"https:\/\/www.yucatanencorto.com\/noticias\/dignifican-primaria-de-zazil-ha-en-merida-con-inversion-de-mas-de-tres-mdp\/#primaryimage","url":"https:\/\/www.yucatanencorto.com\/noticias\/wp-content\/uploads\/2026\/08\/IMG-20260831-WA0066-scaled.jpg","contentUrl":"https:\/\/www.yucatanencorto.com\/noticias\/wp-content\/uploads\/2026\/08\/IMG-20260831-WA0066-scaled.jpg","width":768,"height":512},{"@type":"BreadcrumbList","@id":"https:\/\/www.yucatanencorto.com\/noticias\/dignifican-primaria-de-zazil-ha-en-merida-con-inversion-de-mas-de-tres-mdp\/#breadcrumb","itemListElement":[{"@type":"ListItem","position":1,"name":"Portada","item":"https:\/\/www.yucatanencorto.com\/noticias\/"},{"@type":"ListItem","position":2,"name":"Dignifican primaria de Zazil-H\u00e1 en M\u00e9rida con inversi\u00f3n de m\u00e1s de tres mdp \u00a0"}]},{"@type":"WebSite","@id":"https:\/\/www.yucatanencorto.com\/noticias\/#website","url":"https:\/\/www.yucatanencorto.com\/noticias\/","name":"Yucat\u00e1n en corto","description":"Noticias","publisher":{"@id":"https:\/\/www.yucatanencorto.com\/noticias\/#organization"},"potentialAction":[{"@type":"SearchAction","target":{"@type":"EntryPoint","urlTemplate":"https:\/\/www.yucatanencorto.com\/noticias\/?s={search_term_string}"},"query-input":{"@type":"PropertyValueSpecification","valueRequired":true,"valueName":"search_term_string"}}],"inLanguage":"es"},{"@type":"Organization","@id":"https:\/\/www.yucatanencorto.com\/noticias\/#organization","name":"Yucat\u00e1n en corto","url":"https:\/\/www.yucatanencorto.com\/noticias\/","logo":{"@type":"ImageObject","inLanguage":"es","@id":"https:\/\/www.yucatanencorto.com\/noticias\/#\/schema\/logo\/image\/","url":"https:\/\/www.yucatanencorto.com\/noticias\/wp-content\/uploads\/2026\/08\/Logo-web.png","contentUrl":"https:\/\/www.yucatanencorto.com\/noticias\/wp-content\/uploads\/2026\/08\/Logo-web.png","width":272,"height":90,"caption":"Yucat\u00e1n en corto"},"image":{"@id":"https:\/\/www.yucatanencorto.com\/noticias\/#\/schema\/logo\/image\/"},"sameAs":["http:\/\/www.facebook.com\/yucatanencorto","https:\/\/x.com\/yucatanencorto"]},{"@type":"Person","@id":"https:\/\/www.yucatanencorto.com\/noticias\/#\/schema\/person\/f0ec40c33447bbc0dc2d01d3006de771","name":"YC 25","image":{"@type":"ImageObject","inLanguage":"es","@id":"https:\/\/secure.gravatar.com\/avatar\/20e0a6b626f38fa8e545fb3f80ce566efd790bf8877e65c3a482460cc3e0b5d1?s=96&d=mm&r=g","url":"https:\/\/secure.gravatar.com\/avatar\/20e0a6b626f38fa8e545fb3f80ce566efd790bf8877e65c3a482460cc3e0b5d1?s=96&d=mm&r=g","contentUrl":"https:\/\/secure.gravatar.com\/avatar\/20e0a6b626f38fa8e545fb3f80ce566efd790bf8877e65c3a482460cc3e0b5d1?s=96&d=mm&r=g","caption":"YC 25"},"url":"https:\/\/www.yucatanencorto.com\/noticias\/author\/editor25\/"}]}},"_links":{"self":[{"href":"https:\/\/www.yucatanencorto.com\/noticias\/wp-json\/wp\/v2\/posts\/118300","targetHints":{"allow":["GET"]}}],"collection":[{"href":"https:\/\/www.yucatanencorto.com\/noticias\/wp-json\/wp\/v2\/posts"}],"about":[{"href":"https:\/\/www.yucatanencorto.com\/noticias\/wp-json\/wp\/v2\/types\/post"}],"author":[{"embeddable":true,"href":"https:\/\/www.yucatanencorto.com\/noticias\/wp-json\/wp\/v2\/users\/4"}],"replies":[{"embeddable":true,"href":"https:\/\/www.yucatanencorto.com\/noticias\/wp-json\/wp\/v2\/comments?post=118300"}],"version-history":[{"count":2,"href":"https:\/\/www.yucatanencorto.com\/noticias\/wp-json\/wp\/v2\/posts\/118300\/revisions"}],"predecessor-version":[{"id":118303,"href":"https:\/\/www.yucatanencorto.com\/noticias\/wp-json\/wp\/v2\/posts\/118300\/revisions\/118303"}],"wp:featuredmedia":[{"embeddable":true,"href":"https:\/\/www.yucatanencorto.com\/noticias\/wp-json\/wp\/v2\/media\/118301"}],"wp:attachment":[{"href":"https:\/\/www.yucatanencorto.com\/noticias\/wp-json\/wp\/v2\/media?parent=118300"}],"wp:term":[{"taxonomy":"category","embeddable":true,"href":"https:\/\/www.yucatanencorto.com\/noticias\/wp-json\/wp\/v2\/categories?post=118300"},{"taxonomy":"post_tag","embeddable":true,"href":"https:\/\/www.yucatanencorto.com\/noticias\/wp-json\/wp\/v2\/tags?post=118300"}],"curies":[{"name":"wp","href":"https:\/\/api.w.org\/{rel}","templated":true}]}}