{"id":118304,"date":"2026-08-31T15:34:06","date_gmt":"2026-08-31T21:34:06","guid":{"rendered":"https:\/\/www.yucatanencorto.com\/noticias\/?p=118304"},"modified":"2026-08-31T15:34:06","modified_gmt":"2026-08-31T21:34:06","slug":"inicia-instalacion-del-laboratorio-de-ciencias-forenses-en-valladolid","status":"publish","type":"post","link":"https:\/\/www.yucatanencorto.com\/noticias\/inicia-instalacion-del-laboratorio-de-ciencias-forenses-en-valladolid\/","title":{"rendered":"Inicia instalaci\u00f3n del Laboratorio de Ciencias Forenses, en Valladolid"},"content":{"rendered":"<p><img loading=\"lazy\" decoding=\"async\" class=\"alignnone size-full wp-image-118305\" src=\"https:\/\/www.yucatanencorto.com\/noticias\/wp-content\/uploads\/2026\/08\/IMG-20260831-WA0121-scaled.jpg\" alt=\"\" width=\"768\" height=\"512\" srcset=\"https:\/\/www.yucatanencorto.com\/noticias\/wp-content\/uploads\/2026\/08\/IMG-20260831-WA0121-scaled.jpg 768w, https:\/\/www.yucatanencorto.com\/noticias\/wp-content\/uploads\/2026\/08\/IMG-20260831-WA0121-1536x1023.jpg 1536w, https:\/\/www.yucatanencorto.com\/noticias\/wp-content\/uploads\/2026\/08\/IMG-20260831-WA0121-150x100.jpg 150w, https:\/\/www.yucatanencorto.com\/noticias\/wp-content\/uploads\/2026\/08\/IMG-20260831-WA0121-300x200.jpg 300w, https:\/\/www.yucatanencorto.com\/noticias\/wp-content\/uploads\/2026\/08\/IMG-20260831-WA0121-696x464.jpg 696w, https:\/\/www.yucatanencorto.com\/noticias\/wp-content\/uploads\/2026\/08\/IMG-20260831-WA0121-1068x712.jpg 1068w\" sizes=\"auto, (max-width: 768px) 100vw, 768px\" \/><\/p>\n<p>La Fiscal\u00eda General del Estado (FGE) inici\u00f3 los trabajos para la puesta en marcha del Laboratorio de Ciencias Forenses (Sector Oriente) en Valladolid, que estar\u00e1 ubicado en el edificio del Centro Integral de Seguridad P\u00fablica de este municipio y con lo que se<\/p>\n<p>fortalecer\u00e1 la investigaci\u00f3n de los delitos y acercar\u00e1 servicios periciales especializados a las familias de esa zona de nuestra entidad.<\/p>\n<p>&nbsp;<\/p>\n<p>Durante una visita al lugar, el Fiscal General del Estado, Juan Manuel Le\u00f3n Le\u00f3n, supervis\u00f3 el \u00e1rea donde ya comenzaron los trabajos de adecuaci\u00f3n para este nuevo espacio, que permitir\u00e1 ampliar la capacidad operativa de la instituci\u00f3n en materia de investigaci\u00f3n cient\u00edfica del delito.<\/p>\n<p>&nbsp;<\/p>\n<p>El Laboratorio de Ciencias Forenses contar\u00e1 con servicios especializados de criminal\u00edstica de campo, entre los que se encuentran el procesamiento criminal\u00edstico del lugar de intervenci\u00f3n, que incluye documentaci\u00f3n planim\u00e9trica y fotogr\u00e1fica, as\u00ed como el levantamiento y procesamiento de indicios.<\/p>\n<p>&nbsp;<\/p>\n<p>Tambi\u00e9n permitir\u00e1 realizar levantamientos de cad\u00e1veres, valuaci\u00f3n de da\u00f1os en bienes muebles e inmuebles, asistencia en necropsias, toma de huellas dactilares de personas detenidas y de personas fallecidas, adem\u00e1s del procesamiento de hechos relacionados con tr\u00e1nsito terrestre y la identificaci\u00f3n t\u00e9cnica de veh\u00edculos.<\/p>\n<p>&nbsp;<\/p>\n<p>A estas capacidades se sumar\u00e1n las \u00e1reas de Psicolog\u00eda Forense y Qu\u00edmica Forense, ampliando las herramientas cient\u00edficas disponibles para el esclarecimiento de los hechos y el sustento de las investigaciones ministeriales.<\/p>\n<p>&nbsp;<\/p>\n<p>De acuerdo con el proyecto, los trabajos de adecuaci\u00f3n estar\u00e1n concluidos a finales de septiembre, por lo que el nuevo laboratorio se incorporar\u00e1 pr\u00f3ximamente a la infraestructura especializada de la Fiscal\u00eda en el interior del Estado.<\/p>\n<p>&nbsp;<\/p>\n<p>Con esta acci\u00f3n, la FGE contin\u00faa avanzando en la descentralizaci\u00f3n de sus servicios periciales, acercando capacidades t\u00e9cnicas y cient\u00edficas a los municipios y reduciendo la necesidad de trasladar diligencias especializadas hacia M\u00e9rida.<\/p>\n<p>&nbsp;<\/p>\n<p>El Laboratorio de Valladolid representa as\u00ed, un paso m\u00e1s en la estrategia de modernizaci\u00f3n de la Fiscal\u00eda y en el fortalecimiento de una atenci\u00f3n m\u00e1s cercana, oportuna y de calidad para la ciudadan\u00eda de Yucat\u00e1n.<\/p>\n","protected":false},"excerpt":{"rendered":"<p>La Fiscal\u00eda General del Estado (FGE) inici\u00f3 los trabajos para la puesta en marcha del Laboratorio de Ciencias Forenses (Sector Oriente) en Valladolid, que estar\u00e1 ubicado en el edificio del Centro Integral de Seguridad P\u00fablica de este municipio y con lo que se fortalecer\u00e1 la investigaci\u00f3n de los delitos y acercar\u00e1 servicios periciales especializados a [&hellip;]<\/p>\n","protected":false},"author":4,"featured_media":118305,"comment_status":"closed","ping_status":"closed","sticky":false,"template":"","format":"standard","meta":{"footnotes":""},"categories":[3],"tags":[],"class_list":["post-118304","post","type-post","status-publish","format-standard","has-post-thumbnail","category-yucatan"],"yoast_head":"<!-- This site is optimized with the Yoast SEO plugin v28.3 - https:\/\/yoast.com\/product\/yoast-seo-wordpress\/ -->\n<title>Inicia instalaci\u00f3n del Laboratorio de Ciencias Forenses, en Valladolid - Yucat\u00e1n en corto<\/title>\n<meta name=\"robots\" content=\"index, follow, max-snippet:-1, max-image-preview:large, max-video-preview:-1\" \/>\n<link rel=\"canonical\" href=\"https:\/\/www.yucatanencorto.com\/noticias\/inicia-instalacion-del-laboratorio-de-ciencias-forenses-en-valladolid\/\" \/>\n<meta property=\"og:locale\" content=\"es_ES\" \/>\n<meta property=\"og:type\" content=\"article\" \/>\n<meta property=\"og:title\" content=\"Inicia instalaci\u00f3n del Laboratorio de Ciencias Forenses, en Valladolid - Yucat\u00e1n en corto\" \/>\n<meta property=\"og:description\" content=\"La Fiscal\u00eda General del Estado (FGE) inici\u00f3 los trabajos para la puesta en marcha del Laboratorio de Ciencias Forenses (Sector Oriente) en Valladolid, que estar\u00e1 ubicado en el edificio del Centro Integral de Seguridad P\u00fablica de este municipio y con lo que se fortalecer\u00e1 la investigaci\u00f3n de los delitos y acercar\u00e1 servicios periciales especializados a [&hellip;]\" \/>\n<meta property=\"og:url\" content=\"https:\/\/www.yucatanencorto.com\/noticias\/inicia-instalacion-del-laboratorio-de-ciencias-forenses-en-valladolid\/\" \/>\n<meta property=\"og:site_name\" content=\"Yucat\u00e1n en corto\" \/>\n<meta property=\"article:publisher\" content=\"http:\/\/www.facebook.com\/yucatanencorto\" \/>\n<meta property=\"article:published_time\" content=\"2026-08-31T21:34:06+00:00\" \/>\n<meta property=\"og:image\" content=\"https:\/\/www.yucatanencorto.com\/noticias\/wp-content\/uploads\/2026\/08\/IMG-20260831-WA0121-scaled.jpg\" \/>\n\t<meta property=\"og:image:width\" content=\"768\" \/>\n\t<meta property=\"og:image:height\" content=\"512\" \/>\n\t<meta property=\"og:image:type\" content=\"image\/jpeg\" \/>\n<meta name=\"author\" content=\"YC 25\" \/>\n<meta name=\"twitter:card\" content=\"summary_large_image\" \/>\n<meta name=\"twitter:creator\" content=\"@yucatanencorto\" \/>\n<meta name=\"twitter:site\" content=\"@yucatanencorto\" \/>\n<meta name=\"twitter:label1\" content=\"Escrito por\" \/>\n\t<meta name=\"twitter:data1\" content=\"YC 25\" \/>\n\t<meta name=\"twitter:label2\" content=\"Tiempo de lectura\" \/>\n\t<meta name=\"twitter:data2\" content=\"2 minutos\" \/>\n<script type=\"application\/ld+json\" class=\"yoast-schema-graph\">{\"@context\":\"https:\\\/\\\/schema.org\",\"@graph\":[{\"@type\":\"Article\",\"@id\":\"https:\\\/\\\/www.yucatanencorto.com\\\/noticias\\\/inicia-instalacion-del-laboratorio-de-ciencias-forenses-en-valladolid\\\/#article\",\"isPartOf\":{\"@id\":\"https:\\\/\\\/www.yucatanencorto.com\\\/noticias\\\/inicia-instalacion-del-laboratorio-de-ciencias-forenses-en-valladolid\\\/\"},\"author\":{\"name\":\"YC 25\",\"@id\":\"https:\\\/\\\/www.yucatanencorto.com\\\/noticias\\\/#\\\/schema\\\/person\\\/f0ec40c33447bbc0dc2d01d3006de771\"},\"headline\":\"Inicia instalaci\u00f3n del Laboratorio de Ciencias Forenses, en Valladolid\",\"datePublished\":\"2026-08-31T21:34:06+00:00\",\"mainEntityOfPage\":{\"@id\":\"https:\\\/\\\/www.yucatanencorto.com\\\/noticias\\\/inicia-instalacion-del-laboratorio-de-ciencias-forenses-en-valladolid\\\/\"},\"wordCount\":385,\"publisher\":{\"@id\":\"https:\\\/\\\/www.yucatanencorto.com\\\/noticias\\\/#organization\"},\"image\":{\"@id\":\"https:\\\/\\\/www.yucatanencorto.com\\\/noticias\\\/inicia-instalacion-del-laboratorio-de-ciencias-forenses-en-valladolid\\\/#primaryimage\"},\"thumbnailUrl\":\"https:\\\/\\\/www.yucatanencorto.com\\\/noticias\\\/wp-content\\\/uploads\\\/2026\\\/08\\\/IMG-20260831-WA0121-scaled.jpg\",\"articleSection\":[\"Yucat\u00e1n\"],\"inLanguage\":\"es\"},{\"@type\":\"WebPage\",\"@id\":\"https:\\\/\\\/www.yucatanencorto.com\\\/noticias\\\/inicia-instalacion-del-laboratorio-de-ciencias-forenses-en-valladolid\\\/\",\"url\":\"https:\\\/\\\/www.yucatanencorto.com\\\/noticias\\\/inicia-instalacion-del-laboratorio-de-ciencias-forenses-en-valladolid\\\/\",\"name\":\"Inicia instalaci\u00f3n del Laboratorio de Ciencias Forenses, en Valladolid - Yucat\u00e1n en corto\",\"isPartOf\":{\"@id\":\"https:\\\/\\\/www.yucatanencorto.com\\\/noticias\\\/#website\"},\"primaryImageOfPage\":{\"@id\":\"https:\\\/\\\/www.yucatanencorto.com\\\/noticias\\\/inicia-instalacion-del-laboratorio-de-ciencias-forenses-en-valladolid\\\/#primaryimage\"},\"image\":{\"@id\":\"https:\\\/\\\/www.yucatanencorto.com\\\/noticias\\\/inicia-instalacion-del-laboratorio-de-ciencias-forenses-en-valladolid\\\/#primaryimage\"},\"thumbnailUrl\":\"https:\\\/\\\/www.yucatanencorto.com\\\/noticias\\\/wp-content\\\/uploads\\\/2026\\\/08\\\/IMG-20260831-WA0121-scaled.jpg\",\"datePublished\":\"2026-08-31T21:34:06+00:00\",\"breadcrumb\":{\"@id\":\"https:\\\/\\\/www.yucatanencorto.com\\\/noticias\\\/inicia-instalacion-del-laboratorio-de-ciencias-forenses-en-valladolid\\\/#breadcrumb\"},\"inLanguage\":\"es\",\"potentialAction\":[{\"@type\":\"ReadAction\",\"target\":[\"https:\\\/\\\/www.yucatanencorto.com\\\/noticias\\\/inicia-instalacion-del-laboratorio-de-ciencias-forenses-en-valladolid\\\/\"]}]},{\"@type\":\"ImageObject\",\"inLanguage\":\"es\",\"@id\":\"https:\\\/\\\/www.yucatanencorto.com\\\/noticias\\\/inicia-instalacion-del-laboratorio-de-ciencias-forenses-en-valladolid\\\/#primaryimage\",\"url\":\"https:\\\/\\\/www.yucatanencorto.com\\\/noticias\\\/wp-content\\\/uploads\\\/2026\\\/08\\\/IMG-20260831-WA0121-scaled.jpg\",\"contentUrl\":\"https:\\\/\\\/www.yucatanencorto.com\\\/noticias\\\/wp-content\\\/uploads\\\/2026\\\/08\\\/IMG-20260831-WA0121-scaled.jpg\",\"width\":768,\"height\":512},{\"@type\":\"BreadcrumbList\",\"@id\":\"https:\\\/\\\/www.yucatanencorto.com\\\/noticias\\\/inicia-instalacion-del-laboratorio-de-ciencias-forenses-en-valladolid\\\/#breadcrumb\",\"itemListElement\":[{\"@type\":\"ListItem\",\"position\":1,\"name\":\"Portada\",\"item\":\"https:\\\/\\\/www.yucatanencorto.com\\\/noticias\\\/\"},{\"@type\":\"ListItem\",\"position\":2,\"name\":\"Inicia instalaci\u00f3n del Laboratorio de Ciencias Forenses, en Valladolid\"}]},{\"@type\":\"WebSite\",\"@id\":\"https:\\\/\\\/www.yucatanencorto.com\\\/noticias\\\/#website\",\"url\":\"https:\\\/\\\/www.yucatanencorto.com\\\/noticias\\\/\",\"name\":\"Yucat\u00e1n en corto\",\"description\":\"Noticias\",\"publisher\":{\"@id\":\"https:\\\/\\\/www.yucatanencorto.com\\\/noticias\\\/#organization\"},\"potentialAction\":[{\"@type\":\"SearchAction\",\"target\":{\"@type\":\"EntryPoint\",\"urlTemplate\":\"https:\\\/\\\/www.yucatanencorto.com\\\/noticias\\\/?s={search_term_string}\"},\"query-input\":{\"@type\":\"PropertyValueSpecification\",\"valueRequired\":true,\"valueName\":\"search_term_string\"}}],\"inLanguage\":\"es\"},{\"@type\":\"Organization\",\"@id\":\"https:\\\/\\\/www.yucatanencorto.com\\\/noticias\\\/#organization\",\"name\":\"Yucat\u00e1n en corto\",\"url\":\"https:\\\/\\\/www.yucatanencorto.com\\\/noticias\\\/\",\"logo\":{\"@type\":\"ImageObject\",\"inLanguage\":\"es\",\"@id\":\"https:\\\/\\\/www.yucatanencorto.com\\\/noticias\\\/#\\\/schema\\\/logo\\\/image\\\/\",\"url\":\"https:\\\/\\\/www.yucatanencorto.com\\\/noticias\\\/wp-content\\\/uploads\\\/2026\\\/08\\\/Logo-web.png\",\"contentUrl\":\"https:\\\/\\\/www.yucatanencorto.com\\\/noticias\\\/wp-content\\\/uploads\\\/2026\\\/08\\\/Logo-web.png\",\"width\":272,\"height\":90,\"caption\":\"Yucat\u00e1n en corto\"},\"image\":{\"@id\":\"https:\\\/\\\/www.yucatanencorto.com\\\/noticias\\\/#\\\/schema\\\/logo\\\/image\\\/\"},\"sameAs\":[\"http:\\\/\\\/www.facebook.com\\\/yucatanencorto\",\"https:\\\/\\\/x.com\\\/yucatanencorto\"]},{\"@type\":\"Person\",\"@id\":\"https:\\\/\\\/www.yucatanencorto.com\\\/noticias\\\/#\\\/schema\\\/person\\\/f0ec40c33447bbc0dc2d01d3006de771\",\"name\":\"YC 25\",\"image\":{\"@type\":\"ImageObject\",\"inLanguage\":\"es\",\"@id\":\"https:\\\/\\\/secure.gravatar.com\\\/avatar\\\/20e0a6b626f38fa8e545fb3f80ce566efd790bf8877e65c3a482460cc3e0b5d1?s=96&d=mm&r=g\",\"url\":\"https:\\\/\\\/secure.gravatar.com\\\/avatar\\\/20e0a6b626f38fa8e545fb3f80ce566efd790bf8877e65c3a482460cc3e0b5d1?s=96&d=mm&r=g\",\"contentUrl\":\"https:\\\/\\\/secure.gravatar.com\\\/avatar\\\/20e0a6b626f38fa8e545fb3f80ce566efd790bf8877e65c3a482460cc3e0b5d1?s=96&d=mm&r=g\",\"caption\":\"YC 25\"},\"url\":\"https:\\\/\\\/www.yucatanencorto.com\\\/noticias\\\/author\\\/editor25\\\/\"}]}<\/script>\n<!-- \/ Yoast SEO plugin. -->","yoast_head_json":{"title":"Inicia instalaci\u00f3n del Laboratorio de Ciencias Forenses, en Valladolid - Yucat\u00e1n en corto","robots":{"index":"index","follow":"follow","max-snippet":"max-snippet:-1","max-image-preview":"max-image-preview:large","max-video-preview":"max-video-preview:-1"},"canonical":"https:\/\/www.yucatanencorto.com\/noticias\/inicia-instalacion-del-laboratorio-de-ciencias-forenses-en-valladolid\/","og_locale":"es_ES","og_type":"article","og_title":"Inicia instalaci\u00f3n del Laboratorio de Ciencias Forenses, en Valladolid - Yucat\u00e1n en corto","og_description":"La Fiscal\u00eda General del Estado (FGE) inici\u00f3 los trabajos para la puesta en marcha del Laboratorio de Ciencias Forenses (Sector Oriente) en Valladolid, que estar\u00e1 ubicado en el edificio del Centro Integral de Seguridad P\u00fablica de este municipio y con lo que se fortalecer\u00e1 la investigaci\u00f3n de los delitos y acercar\u00e1 servicios periciales especializados a [&hellip;]","og_url":"https:\/\/www.yucatanencorto.com\/noticias\/inicia-instalacion-del-laboratorio-de-ciencias-forenses-en-valladolid\/","og_site_name":"Yucat\u00e1n en corto","article_publisher":"http:\/\/www.facebook.com\/yucatanencorto","article_published_time":"2026-08-31T21:34:06+00:00","og_image":[{"width":768,"height":512,"url":"https:\/\/www.yucatanencorto.com\/noticias\/wp-content\/uploads\/2026\/08\/IMG-20260831-WA0121-scaled.jpg","type":"image\/jpeg"}],"author":"YC 25","twitter_card":"summary_large_image","twitter_creator":"@yucatanencorto","twitter_site":"@yucatanencorto","twitter_misc":{"Escrito por":"YC 25","Tiempo de lectura":"2 minutos"},"schema":{"@context":"https:\/\/schema.org","@graph":[{"@type":"Article","@id":"https:\/\/www.yucatanencorto.com\/noticias\/inicia-instalacion-del-laboratorio-de-ciencias-forenses-en-valladolid\/#article","isPartOf":{"@id":"https:\/\/www.yucatanencorto.com\/noticias\/inicia-instalacion-del-laboratorio-de-ciencias-forenses-en-valladolid\/"},"author":{"name":"YC 25","@id":"https:\/\/www.yucatanencorto.com\/noticias\/#\/schema\/person\/f0ec40c33447bbc0dc2d01d3006de771"},"headline":"Inicia instalaci\u00f3n del Laboratorio de Ciencias Forenses, en Valladolid","datePublished":"2026-08-31T21:34:06+00:00","mainEntityOfPage":{"@id":"https:\/\/www.yucatanencorto.com\/noticias\/inicia-instalacion-del-laboratorio-de-ciencias-forenses-en-valladolid\/"},"wordCount":385,"publisher":{"@id":"https:\/\/www.yucatanencorto.com\/noticias\/#organization"},"image":{"@id":"https:\/\/www.yucatanencorto.com\/noticias\/inicia-instalacion-del-laboratorio-de-ciencias-forenses-en-valladolid\/#primaryimage"},"thumbnailUrl":"https:\/\/www.yucatanencorto.com\/noticias\/wp-content\/uploads\/2026\/08\/IMG-20260831-WA0121-scaled.jpg","articleSection":["Yucat\u00e1n"],"inLanguage":"es"},{"@type":"WebPage","@id":"https:\/\/www.yucatanencorto.com\/noticias\/inicia-instalacion-del-laboratorio-de-ciencias-forenses-en-valladolid\/","url":"https:\/\/www.yucatanencorto.com\/noticias\/inicia-instalacion-del-laboratorio-de-ciencias-forenses-en-valladolid\/","name":"Inicia instalaci\u00f3n del Laboratorio de Ciencias Forenses, en Valladolid - Yucat\u00e1n en corto","isPartOf":{"@id":"https:\/\/www.yucatanencorto.com\/noticias\/#website"},"primaryImageOfPage":{"@id":"https:\/\/www.yucatanencorto.com\/noticias\/inicia-instalacion-del-laboratorio-de-ciencias-forenses-en-valladolid\/#primaryimage"},"image":{"@id":"https:\/\/www.yucatanencorto.com\/noticias\/inicia-instalacion-del-laboratorio-de-ciencias-forenses-en-valladolid\/#primaryimage"},"thumbnailUrl":"https:\/\/www.yucatanencorto.com\/noticias\/wp-content\/uploads\/2026\/08\/IMG-20260831-WA0121-scaled.jpg","datePublished":"2026-08-31T21:34:06+00:00","breadcrumb":{"@id":"https:\/\/www.yucatanencorto.com\/noticias\/inicia-instalacion-del-laboratorio-de-ciencias-forenses-en-valladolid\/#breadcrumb"},"inLanguage":"es","potentialAction":[{"@type":"ReadAction","target":["https:\/\/www.yucatanencorto.com\/noticias\/inicia-instalacion-del-laboratorio-de-ciencias-forenses-en-valladolid\/"]}]},{"@type":"ImageObject","inLanguage":"es","@id":"https:\/\/www.yucatanencorto.com\/noticias\/inicia-instalacion-del-laboratorio-de-ciencias-forenses-en-valladolid\/#primaryimage","url":"https:\/\/www.yucatanencorto.com\/noticias\/wp-content\/uploads\/2026\/08\/IMG-20260831-WA0121-scaled.jpg","contentUrl":"https:\/\/www.yucatanencorto.com\/noticias\/wp-content\/uploads\/2026\/08\/IMG-20260831-WA0121-scaled.jpg","width":768,"height":512},{"@type":"BreadcrumbList","@id":"https:\/\/www.yucatanencorto.com\/noticias\/inicia-instalacion-del-laboratorio-de-ciencias-forenses-en-valladolid\/#breadcrumb","itemListElement":[{"@type":"ListItem","position":1,"name":"Portada","item":"https:\/\/www.yucatanencorto.com\/noticias\/"},{"@type":"ListItem","position":2,"name":"Inicia instalaci\u00f3n del Laboratorio de Ciencias Forenses, en Valladolid"}]},{"@type":"WebSite","@id":"https:\/\/www.yucatanencorto.com\/noticias\/#website","url":"https:\/\/www.yucatanencorto.com\/noticias\/","name":"Yucat\u00e1n en corto","description":"Noticias","publisher":{"@id":"https:\/\/www.yucatanencorto.com\/noticias\/#organization"},"potentialAction":[{"@type":"SearchAction","target":{"@type":"EntryPoint","urlTemplate":"https:\/\/www.yucatanencorto.com\/noticias\/?s={search_term_string}"},"query-input":{"@type":"PropertyValueSpecification","valueRequired":true,"valueName":"search_term_string"}}],"inLanguage":"es"},{"@type":"Organization","@id":"https:\/\/www.yucatanencorto.com\/noticias\/#organization","name":"Yucat\u00e1n en corto","url":"https:\/\/www.yucatanencorto.com\/noticias\/","logo":{"@type":"ImageObject","inLanguage":"es","@id":"https:\/\/www.yucatanencorto.com\/noticias\/#\/schema\/logo\/image\/","url":"https:\/\/www.yucatanencorto.com\/noticias\/wp-content\/uploads\/2026\/08\/Logo-web.png","contentUrl":"https:\/\/www.yucatanencorto.com\/noticias\/wp-content\/uploads\/2026\/08\/Logo-web.png","width":272,"height":90,"caption":"Yucat\u00e1n en corto"},"image":{"@id":"https:\/\/www.yucatanencorto.com\/noticias\/#\/schema\/logo\/image\/"},"sameAs":["http:\/\/www.facebook.com\/yucatanencorto","https:\/\/x.com\/yucatanencorto"]},{"@type":"Person","@id":"https:\/\/www.yucatanencorto.com\/noticias\/#\/schema\/person\/f0ec40c33447bbc0dc2d01d3006de771","name":"YC 25","image":{"@type":"ImageObject","inLanguage":"es","@id":"https:\/\/secure.gravatar.com\/avatar\/20e0a6b626f38fa8e545fb3f80ce566efd790bf8877e65c3a482460cc3e0b5d1?s=96&d=mm&r=g","url":"https:\/\/secure.gravatar.com\/avatar\/20e0a6b626f38fa8e545fb3f80ce566efd790bf8877e65c3a482460cc3e0b5d1?s=96&d=mm&r=g","contentUrl":"https:\/\/secure.gravatar.com\/avatar\/20e0a6b626f38fa8e545fb3f80ce566efd790bf8877e65c3a482460cc3e0b5d1?s=96&d=mm&r=g","caption":"YC 25"},"url":"https:\/\/www.yucatanencorto.com\/noticias\/author\/editor25\/"}]}},"_links":{"self":[{"href":"https:\/\/www.yucatanencorto.com\/noticias\/wp-json\/wp\/v2\/posts\/118304","targetHints":{"allow":["GET"]}}],"collection":[{"href":"https:\/\/www.yucatanencorto.com\/noticias\/wp-json\/wp\/v2\/posts"}],"about":[{"href":"https:\/\/www.yucatanencorto.com\/noticias\/wp-json\/wp\/v2\/types\/post"}],"author":[{"embeddable":true,"href":"https:\/\/www.yucatanencorto.com\/noticias\/wp-json\/wp\/v2\/users\/4"}],"replies":[{"embeddable":true,"href":"https:\/\/www.yucatanencorto.com\/noticias\/wp-json\/wp\/v2\/comments?post=118304"}],"version-history":[{"count":1,"href":"https:\/\/www.yucatanencorto.com\/noticias\/wp-json\/wp\/v2\/posts\/118304\/revisions"}],"predecessor-version":[{"id":118306,"href":"https:\/\/www.yucatanencorto.com\/noticias\/wp-json\/wp\/v2\/posts\/118304\/revisions\/118306"}],"wp:featuredmedia":[{"embeddable":true,"href":"https:\/\/www.yucatanencorto.com\/noticias\/wp-json\/wp\/v2\/media\/118305"}],"wp:attachment":[{"href":"https:\/\/www.yucatanencorto.com\/noticias\/wp-json\/wp\/v2\/media?parent=118304"}],"wp:term":[{"taxonomy":"category","embeddable":true,"href":"https:\/\/www.yucatanencorto.com\/noticias\/wp-json\/wp\/v2\/categories?post=118304"},{"taxonomy":"post_tag","embeddable":true,"href":"https:\/\/www.yucatanencorto.com\/noticias\/wp-json\/wp\/v2\/tags?post=118304"}],"curies":[{"name":"wp","href":"https:\/\/api.w.org\/{rel}","templated":true}]}}