{"id":118314,"date":"2026-09-01T10:40:08","date_gmt":"2026-09-01T16:40:08","guid":{"rendered":"https:\/\/www.yucatanencorto.com\/noticias\/?p=118314"},"modified":"2026-09-01T10:40:08","modified_gmt":"2026-09-01T16:40:08","slug":"yucatan-inicia-festejos-por-mes-de-la-patria","status":"publish","type":"post","link":"https:\/\/www.yucatanencorto.com\/noticias\/yucatan-inicia-festejos-por-mes-de-la-patria\/","title":{"rendered":"Yucat\u00e1n inicia festejos por Mes de la Patria"},"content":{"rendered":"<p><img loading=\"lazy\" decoding=\"async\" class=\"alignnone size-full wp-image-118315\" src=\"https:\/\/www.yucatanencorto.com\/noticias\/wp-content\/uploads\/2026\/09\/IMG-20260901-WA0028-scaled.jpg\" alt=\"\" width=\"768\" height=\"512\" srcset=\"https:\/\/www.yucatanencorto.com\/noticias\/wp-content\/uploads\/2026\/09\/IMG-20260901-WA0028-scaled.jpg 768w, https:\/\/www.yucatanencorto.com\/noticias\/wp-content\/uploads\/2026\/09\/IMG-20260901-WA0028-1536x1024.jpg 1536w, https:\/\/www.yucatanencorto.com\/noticias\/wp-content\/uploads\/2026\/09\/IMG-20260901-WA0028-2048x1365.jpg 2048w, https:\/\/www.yucatanencorto.com\/noticias\/wp-content\/uploads\/2026\/09\/IMG-20260901-WA0028-150x100.jpg 150w, https:\/\/www.yucatanencorto.com\/noticias\/wp-content\/uploads\/2026\/09\/IMG-20260901-WA0028-300x200.jpg 300w, https:\/\/www.yucatanencorto.com\/noticias\/wp-content\/uploads\/2026\/09\/IMG-20260901-WA0028-696x464.jpg 696w, https:\/\/www.yucatanencorto.com\/noticias\/wp-content\/uploads\/2026\/09\/IMG-20260901-WA0028-1068x712.jpg 1068w, https:\/\/www.yucatanencorto.com\/noticias\/wp-content\/uploads\/2026\/09\/IMG-20260901-WA0028-1920x1280.jpg 1920w\" sizes=\"auto, (max-width: 768px) 100vw, 768px\" \/><\/p>\n<p>M\u00e9rida, Yucat\u00e1n, a 1 de septiembre de 2026<\/p>\n<p>&nbsp;<\/p>\n<p>En un ambiente de unidad, respeto y orgullo nacional, el Gobierno del Estado inici\u00f3 las actividades conmemorativas del Mes de la Patria,\u00a0durante el cual\u00a0M\u00e9xico celebra el 216 aniversario del inicio de su Independencia.<\/p>\n<p>&nbsp;<\/p>\n<p>En representaci\u00f3n del Gobernador Joaqu\u00edn D\u00edaz Mena, el\u00a0secretario general de Gobierno, Omar P\u00e9rez Avil\u00e9s, encabez\u00f3 la ceremonia de izamiento de la Bandera Nacional en la Plaza Grande de M\u00e9rida, acompa\u00f1ado por autoridades civiles y militares.<\/p>\n<p>&nbsp;<\/p>\n<p>A las 7:00 horas, P\u00e9rez Avil\u00e9s sali\u00f3 del Sal\u00f3n de los Retratos del Palacio de Gobierno y se dirigi\u00f3 a la Plaza Grande, junto con el comandante de la X Regi\u00f3n Militar,\u00a0general de Divisi\u00f3n Jos\u00e9 Francisco Ter\u00e1n Valle, para encabezar este acto c\u00edvico.<\/p>\n<p>&nbsp;<\/p>\n<p>Con la participaci\u00f3n de la Banda de M\u00fasica, autoridades y asistentes entonaron el Himno Nacional Mexicano y rindieron los honores correspondientes al l\u00e1baro patrio, s\u00edmbolo de la soberan\u00eda, la unidad y la identidad nacional. A la ceremonia acudieron mandos de la IX Zona Naval, la 32\/a. Zona Militar, la Guardia Nacional y la Secretar\u00eda de Seguridad P\u00fablica (SSP).<\/p>\n<p>&nbsp;<\/p>\n<p>Entre las autoridades civiles estuvieron presentes la\u00a0presidenta de la Mesa Directiva del Congreso del Estado, Naomi Peniche L\u00f3pez; el\u00a0presidente de la Junta de Gobierno y Coordinaci\u00f3n Pol\u00edtica del Congreso del Estado, Wilmer Monforte Marfil; la\u00a0presidenta del Tribunal Superior de Justicia y del Consejo de la Judicatura, Erika Beatriz Torres L\u00f3pez, y la\u00a0directora de Gobernaci\u00f3n y representante del Ayuntamiento de M\u00e9rida, Carmen Gonz\u00e1lez Mart\u00edn.<\/p>\n<p>&nbsp;<\/p>\n<p>Tambi\u00e9n asistieron el\u00a0titular de la Oficina de Representaci\u00f3n de la Secretar\u00eda de Gobernaci\u00f3n en Yucat\u00e1n, Andr\u00e9s Peralta Rivera; el\u00a0fiscal general del Estado, Juan Manuel Le\u00f3n Le\u00f3n; el\u00a0fiscal federal en Yucat\u00e1n, Alejandro R\u00edos Covi\u00e1n Silveira; el\u00a0secretario de Educaci\u00f3n, Juan Balam V\u00e1rguez; el\u00a0director general del Instituto del Deporte, Arm\u00edn Lizama C\u00f3rdova; el\u00a0secretario t\u00e9cnico de Protecci\u00f3n Civil, \u00c1ngel Guerra Ram\u00edrez, y Ver\u00f3nica Farjat S\u00e1nchez, en representaci\u00f3n de la vicepresidenta del Senado de la Rep\u00fablica, Ver\u00f3nica Camino Farjat.<\/p>\n<p>&nbsp;<\/p>\n","protected":false},"excerpt":{"rendered":"<p>M\u00e9rida, Yucat\u00e1n, a 1 de septiembre de 2026 &nbsp; En un ambiente de unidad, respeto y orgullo nacional, el Gobierno del Estado inici\u00f3 las actividades conmemorativas del Mes de la Patria,\u00a0durante el cual\u00a0M\u00e9xico celebra el 216 aniversario del inicio de su Independencia. &nbsp; En representaci\u00f3n del Gobernador Joaqu\u00edn D\u00edaz Mena, el\u00a0secretario general de Gobierno, Omar [&hellip;]<\/p>\n","protected":false},"author":4,"featured_media":118315,"comment_status":"closed","ping_status":"closed","sticky":false,"template":"","format":"standard","meta":{"footnotes":""},"categories":[3],"tags":[],"class_list":["post-118314","post","type-post","status-publish","format-standard","has-post-thumbnail","category-yucatan"],"yoast_head":"<!-- This site is optimized with the Yoast SEO plugin v28.3 - https:\/\/yoast.com\/product\/yoast-seo-wordpress\/ -->\n<title>Yucat\u00e1n inicia festejos por Mes de la Patria - Yucat\u00e1n en corto<\/title>\n<meta name=\"robots\" content=\"index, follow, max-snippet:-1, max-image-preview:large, max-video-preview:-1\" \/>\n<link rel=\"canonical\" href=\"https:\/\/www.yucatanencorto.com\/noticias\/yucatan-inicia-festejos-por-mes-de-la-patria\/\" \/>\n<meta property=\"og:locale\" content=\"es_ES\" \/>\n<meta property=\"og:type\" content=\"article\" \/>\n<meta property=\"og:title\" content=\"Yucat\u00e1n inicia festejos por Mes de la Patria - Yucat\u00e1n en corto\" \/>\n<meta property=\"og:description\" content=\"M\u00e9rida, Yucat\u00e1n, a 1 de septiembre de 2026 &nbsp; En un ambiente de unidad, respeto y orgullo nacional, el Gobierno del Estado inici\u00f3 las actividades conmemorativas del Mes de la Patria,\u00a0durante el cual\u00a0M\u00e9xico celebra el 216 aniversario del inicio de su Independencia. &nbsp; En representaci\u00f3n del Gobernador Joaqu\u00edn D\u00edaz Mena, el\u00a0secretario general de Gobierno, Omar [&hellip;]\" \/>\n<meta property=\"og:url\" content=\"https:\/\/www.yucatanencorto.com\/noticias\/yucatan-inicia-festejos-por-mes-de-la-patria\/\" \/>\n<meta property=\"og:site_name\" content=\"Yucat\u00e1n en corto\" \/>\n<meta property=\"article:publisher\" content=\"http:\/\/www.facebook.com\/yucatanencorto\" \/>\n<meta property=\"article:published_time\" content=\"2026-09-01T16:40:08+00:00\" \/>\n<meta property=\"og:image\" content=\"https:\/\/www.yucatanencorto.com\/noticias\/wp-content\/uploads\/2026\/09\/IMG-20260901-WA0028-scaled.jpg\" \/>\n\t<meta property=\"og:image:width\" content=\"768\" \/>\n\t<meta property=\"og:image:height\" content=\"512\" \/>\n\t<meta property=\"og:image:type\" content=\"image\/jpeg\" \/>\n<meta name=\"author\" content=\"YC 25\" \/>\n<meta name=\"twitter:card\" content=\"summary_large_image\" \/>\n<meta name=\"twitter:creator\" content=\"@yucatanencorto\" \/>\n<meta name=\"twitter:site\" content=\"@yucatanencorto\" \/>\n<meta name=\"twitter:label1\" content=\"Escrito por\" \/>\n\t<meta name=\"twitter:data1\" content=\"YC 25\" \/>\n\t<meta name=\"twitter:label2\" content=\"Tiempo de lectura\" \/>\n\t<meta name=\"twitter:data2\" content=\"2 minutos\" \/>\n<script type=\"application\/ld+json\" class=\"yoast-schema-graph\">{\"@context\":\"https:\\\/\\\/schema.org\",\"@graph\":[{\"@type\":\"Article\",\"@id\":\"https:\\\/\\\/www.yucatanencorto.com\\\/noticias\\\/yucatan-inicia-festejos-por-mes-de-la-patria\\\/#article\",\"isPartOf\":{\"@id\":\"https:\\\/\\\/www.yucatanencorto.com\\\/noticias\\\/yucatan-inicia-festejos-por-mes-de-la-patria\\\/\"},\"author\":{\"name\":\"YC 25\",\"@id\":\"https:\\\/\\\/www.yucatanencorto.com\\\/noticias\\\/#\\\/schema\\\/person\\\/f0ec40c33447bbc0dc2d01d3006de771\"},\"headline\":\"Yucat\u00e1n inicia festejos por Mes de la Patria\",\"datePublished\":\"2026-09-01T16:40:08+00:00\",\"mainEntityOfPage\":{\"@id\":\"https:\\\/\\\/www.yucatanencorto.com\\\/noticias\\\/yucatan-inicia-festejos-por-mes-de-la-patria\\\/\"},\"wordCount\":395,\"publisher\":{\"@id\":\"https:\\\/\\\/www.yucatanencorto.com\\\/noticias\\\/#organization\"},\"image\":{\"@id\":\"https:\\\/\\\/www.yucatanencorto.com\\\/noticias\\\/yucatan-inicia-festejos-por-mes-de-la-patria\\\/#primaryimage\"},\"thumbnailUrl\":\"https:\\\/\\\/www.yucatanencorto.com\\\/noticias\\\/wp-content\\\/uploads\\\/2026\\\/09\\\/IMG-20260901-WA0028-scaled.jpg\",\"articleSection\":[\"Yucat\u00e1n\"],\"inLanguage\":\"es\"},{\"@type\":\"WebPage\",\"@id\":\"https:\\\/\\\/www.yucatanencorto.com\\\/noticias\\\/yucatan-inicia-festejos-por-mes-de-la-patria\\\/\",\"url\":\"https:\\\/\\\/www.yucatanencorto.com\\\/noticias\\\/yucatan-inicia-festejos-por-mes-de-la-patria\\\/\",\"name\":\"Yucat\u00e1n inicia festejos por Mes de la Patria - Yucat\u00e1n en corto\",\"isPartOf\":{\"@id\":\"https:\\\/\\\/www.yucatanencorto.com\\\/noticias\\\/#website\"},\"primaryImageOfPage\":{\"@id\":\"https:\\\/\\\/www.yucatanencorto.com\\\/noticias\\\/yucatan-inicia-festejos-por-mes-de-la-patria\\\/#primaryimage\"},\"image\":{\"@id\":\"https:\\\/\\\/www.yucatanencorto.com\\\/noticias\\\/yucatan-inicia-festejos-por-mes-de-la-patria\\\/#primaryimage\"},\"thumbnailUrl\":\"https:\\\/\\\/www.yucatanencorto.com\\\/noticias\\\/wp-content\\\/uploads\\\/2026\\\/09\\\/IMG-20260901-WA0028-scaled.jpg\",\"datePublished\":\"2026-09-01T16:40:08+00:00\",\"breadcrumb\":{\"@id\":\"https:\\\/\\\/www.yucatanencorto.com\\\/noticias\\\/yucatan-inicia-festejos-por-mes-de-la-patria\\\/#breadcrumb\"},\"inLanguage\":\"es\",\"potentialAction\":[{\"@type\":\"ReadAction\",\"target\":[\"https:\\\/\\\/www.yucatanencorto.com\\\/noticias\\\/yucatan-inicia-festejos-por-mes-de-la-patria\\\/\"]}]},{\"@type\":\"ImageObject\",\"inLanguage\":\"es\",\"@id\":\"https:\\\/\\\/www.yucatanencorto.com\\\/noticias\\\/yucatan-inicia-festejos-por-mes-de-la-patria\\\/#primaryimage\",\"url\":\"https:\\\/\\\/www.yucatanencorto.com\\\/noticias\\\/wp-content\\\/uploads\\\/2026\\\/09\\\/IMG-20260901-WA0028-scaled.jpg\",\"contentUrl\":\"https:\\\/\\\/www.yucatanencorto.com\\\/noticias\\\/wp-content\\\/uploads\\\/2026\\\/09\\\/IMG-20260901-WA0028-scaled.jpg\",\"width\":768,\"height\":512},{\"@type\":\"BreadcrumbList\",\"@id\":\"https:\\\/\\\/www.yucatanencorto.com\\\/noticias\\\/yucatan-inicia-festejos-por-mes-de-la-patria\\\/#breadcrumb\",\"itemListElement\":[{\"@type\":\"ListItem\",\"position\":1,\"name\":\"Portada\",\"item\":\"https:\\\/\\\/www.yucatanencorto.com\\\/noticias\\\/\"},{\"@type\":\"ListItem\",\"position\":2,\"name\":\"Yucat\u00e1n inicia festejos por Mes de la Patria\"}]},{\"@type\":\"WebSite\",\"@id\":\"https:\\\/\\\/www.yucatanencorto.com\\\/noticias\\\/#website\",\"url\":\"https:\\\/\\\/www.yucatanencorto.com\\\/noticias\\\/\",\"name\":\"Yucat\u00e1n en corto\",\"description\":\"Noticias\",\"publisher\":{\"@id\":\"https:\\\/\\\/www.yucatanencorto.com\\\/noticias\\\/#organization\"},\"potentialAction\":[{\"@type\":\"SearchAction\",\"target\":{\"@type\":\"EntryPoint\",\"urlTemplate\":\"https:\\\/\\\/www.yucatanencorto.com\\\/noticias\\\/?s={search_term_string}\"},\"query-input\":{\"@type\":\"PropertyValueSpecification\",\"valueRequired\":true,\"valueName\":\"search_term_string\"}}],\"inLanguage\":\"es\"},{\"@type\":\"Organization\",\"@id\":\"https:\\\/\\\/www.yucatanencorto.com\\\/noticias\\\/#organization\",\"name\":\"Yucat\u00e1n en corto\",\"url\":\"https:\\\/\\\/www.yucatanencorto.com\\\/noticias\\\/\",\"logo\":{\"@type\":\"ImageObject\",\"inLanguage\":\"es\",\"@id\":\"https:\\\/\\\/www.yucatanencorto.com\\\/noticias\\\/#\\\/schema\\\/logo\\\/image\\\/\",\"url\":\"https:\\\/\\\/www.yucatanencorto.com\\\/noticias\\\/wp-content\\\/uploads\\\/2026\\\/08\\\/Logo-web.png\",\"contentUrl\":\"https:\\\/\\\/www.yucatanencorto.com\\\/noticias\\\/wp-content\\\/uploads\\\/2026\\\/08\\\/Logo-web.png\",\"width\":272,\"height\":90,\"caption\":\"Yucat\u00e1n en corto\"},\"image\":{\"@id\":\"https:\\\/\\\/www.yucatanencorto.com\\\/noticias\\\/#\\\/schema\\\/logo\\\/image\\\/\"},\"sameAs\":[\"http:\\\/\\\/www.facebook.com\\\/yucatanencorto\",\"https:\\\/\\\/x.com\\\/yucatanencorto\"]},{\"@type\":\"Person\",\"@id\":\"https:\\\/\\\/www.yucatanencorto.com\\\/noticias\\\/#\\\/schema\\\/person\\\/f0ec40c33447bbc0dc2d01d3006de771\",\"name\":\"YC 25\",\"image\":{\"@type\":\"ImageObject\",\"inLanguage\":\"es\",\"@id\":\"https:\\\/\\\/secure.gravatar.com\\\/avatar\\\/20e0a6b626f38fa8e545fb3f80ce566efd790bf8877e65c3a482460cc3e0b5d1?s=96&d=mm&r=g\",\"url\":\"https:\\\/\\\/secure.gravatar.com\\\/avatar\\\/20e0a6b626f38fa8e545fb3f80ce566efd790bf8877e65c3a482460cc3e0b5d1?s=96&d=mm&r=g\",\"contentUrl\":\"https:\\\/\\\/secure.gravatar.com\\\/avatar\\\/20e0a6b626f38fa8e545fb3f80ce566efd790bf8877e65c3a482460cc3e0b5d1?s=96&d=mm&r=g\",\"caption\":\"YC 25\"},\"url\":\"https:\\\/\\\/www.yucatanencorto.com\\\/noticias\\\/author\\\/editor25\\\/\"}]}<\/script>\n<!-- \/ Yoast SEO plugin. -->","yoast_head_json":{"title":"Yucat\u00e1n inicia festejos por Mes de la Patria - Yucat\u00e1n en corto","robots":{"index":"index","follow":"follow","max-snippet":"max-snippet:-1","max-image-preview":"max-image-preview:large","max-video-preview":"max-video-preview:-1"},"canonical":"https:\/\/www.yucatanencorto.com\/noticias\/yucatan-inicia-festejos-por-mes-de-la-patria\/","og_locale":"es_ES","og_type":"article","og_title":"Yucat\u00e1n inicia festejos por Mes de la Patria - Yucat\u00e1n en corto","og_description":"M\u00e9rida, Yucat\u00e1n, a 1 de septiembre de 2026 &nbsp; En un ambiente de unidad, respeto y orgullo nacional, el Gobierno del Estado inici\u00f3 las actividades conmemorativas del Mes de la Patria,\u00a0durante el cual\u00a0M\u00e9xico celebra el 216 aniversario del inicio de su Independencia. &nbsp; En representaci\u00f3n del Gobernador Joaqu\u00edn D\u00edaz Mena, el\u00a0secretario general de Gobierno, Omar [&hellip;]","og_url":"https:\/\/www.yucatanencorto.com\/noticias\/yucatan-inicia-festejos-por-mes-de-la-patria\/","og_site_name":"Yucat\u00e1n en corto","article_publisher":"http:\/\/www.facebook.com\/yucatanencorto","article_published_time":"2026-09-01T16:40:08+00:00","og_image":[{"width":768,"height":512,"url":"https:\/\/www.yucatanencorto.com\/noticias\/wp-content\/uploads\/2026\/09\/IMG-20260901-WA0028-scaled.jpg","type":"image\/jpeg"}],"author":"YC 25","twitter_card":"summary_large_image","twitter_creator":"@yucatanencorto","twitter_site":"@yucatanencorto","twitter_misc":{"Escrito por":"YC 25","Tiempo de lectura":"2 minutos"},"schema":{"@context":"https:\/\/schema.org","@graph":[{"@type":"Article","@id":"https:\/\/www.yucatanencorto.com\/noticias\/yucatan-inicia-festejos-por-mes-de-la-patria\/#article","isPartOf":{"@id":"https:\/\/www.yucatanencorto.com\/noticias\/yucatan-inicia-festejos-por-mes-de-la-patria\/"},"author":{"name":"YC 25","@id":"https:\/\/www.yucatanencorto.com\/noticias\/#\/schema\/person\/f0ec40c33447bbc0dc2d01d3006de771"},"headline":"Yucat\u00e1n inicia festejos por Mes de la Patria","datePublished":"2026-09-01T16:40:08+00:00","mainEntityOfPage":{"@id":"https:\/\/www.yucatanencorto.com\/noticias\/yucatan-inicia-festejos-por-mes-de-la-patria\/"},"wordCount":395,"publisher":{"@id":"https:\/\/www.yucatanencorto.com\/noticias\/#organization"},"image":{"@id":"https:\/\/www.yucatanencorto.com\/noticias\/yucatan-inicia-festejos-por-mes-de-la-patria\/#primaryimage"},"thumbnailUrl":"https:\/\/www.yucatanencorto.com\/noticias\/wp-content\/uploads\/2026\/09\/IMG-20260901-WA0028-scaled.jpg","articleSection":["Yucat\u00e1n"],"inLanguage":"es"},{"@type":"WebPage","@id":"https:\/\/www.yucatanencorto.com\/noticias\/yucatan-inicia-festejos-por-mes-de-la-patria\/","url":"https:\/\/www.yucatanencorto.com\/noticias\/yucatan-inicia-festejos-por-mes-de-la-patria\/","name":"Yucat\u00e1n inicia festejos por Mes de la Patria - Yucat\u00e1n en corto","isPartOf":{"@id":"https:\/\/www.yucatanencorto.com\/noticias\/#website"},"primaryImageOfPage":{"@id":"https:\/\/www.yucatanencorto.com\/noticias\/yucatan-inicia-festejos-por-mes-de-la-patria\/#primaryimage"},"image":{"@id":"https:\/\/www.yucatanencorto.com\/noticias\/yucatan-inicia-festejos-por-mes-de-la-patria\/#primaryimage"},"thumbnailUrl":"https:\/\/www.yucatanencorto.com\/noticias\/wp-content\/uploads\/2026\/09\/IMG-20260901-WA0028-scaled.jpg","datePublished":"2026-09-01T16:40:08+00:00","breadcrumb":{"@id":"https:\/\/www.yucatanencorto.com\/noticias\/yucatan-inicia-festejos-por-mes-de-la-patria\/#breadcrumb"},"inLanguage":"es","potentialAction":[{"@type":"ReadAction","target":["https:\/\/www.yucatanencorto.com\/noticias\/yucatan-inicia-festejos-por-mes-de-la-patria\/"]}]},{"@type":"ImageObject","inLanguage":"es","@id":"https:\/\/www.yucatanencorto.com\/noticias\/yucatan-inicia-festejos-por-mes-de-la-patria\/#primaryimage","url":"https:\/\/www.yucatanencorto.com\/noticias\/wp-content\/uploads\/2026\/09\/IMG-20260901-WA0028-scaled.jpg","contentUrl":"https:\/\/www.yucatanencorto.com\/noticias\/wp-content\/uploads\/2026\/09\/IMG-20260901-WA0028-scaled.jpg","width":768,"height":512},{"@type":"BreadcrumbList","@id":"https:\/\/www.yucatanencorto.com\/noticias\/yucatan-inicia-festejos-por-mes-de-la-patria\/#breadcrumb","itemListElement":[{"@type":"ListItem","position":1,"name":"Portada","item":"https:\/\/www.yucatanencorto.com\/noticias\/"},{"@type":"ListItem","position":2,"name":"Yucat\u00e1n inicia festejos por Mes de la Patria"}]},{"@type":"WebSite","@id":"https:\/\/www.yucatanencorto.com\/noticias\/#website","url":"https:\/\/www.yucatanencorto.com\/noticias\/","name":"Yucat\u00e1n en corto","description":"Noticias","publisher":{"@id":"https:\/\/www.yucatanencorto.com\/noticias\/#organization"},"potentialAction":[{"@type":"SearchAction","target":{"@type":"EntryPoint","urlTemplate":"https:\/\/www.yucatanencorto.com\/noticias\/?s={search_term_string}"},"query-input":{"@type":"PropertyValueSpecification","valueRequired":true,"valueName":"search_term_string"}}],"inLanguage":"es"},{"@type":"Organization","@id":"https:\/\/www.yucatanencorto.com\/noticias\/#organization","name":"Yucat\u00e1n en corto","url":"https:\/\/www.yucatanencorto.com\/noticias\/","logo":{"@type":"ImageObject","inLanguage":"es","@id":"https:\/\/www.yucatanencorto.com\/noticias\/#\/schema\/logo\/image\/","url":"https:\/\/www.yucatanencorto.com\/noticias\/wp-content\/uploads\/2026\/08\/Logo-web.png","contentUrl":"https:\/\/www.yucatanencorto.com\/noticias\/wp-content\/uploads\/2026\/08\/Logo-web.png","width":272,"height":90,"caption":"Yucat\u00e1n en corto"},"image":{"@id":"https:\/\/www.yucatanencorto.com\/noticias\/#\/schema\/logo\/image\/"},"sameAs":["http:\/\/www.facebook.com\/yucatanencorto","https:\/\/x.com\/yucatanencorto"]},{"@type":"Person","@id":"https:\/\/www.yucatanencorto.com\/noticias\/#\/schema\/person\/f0ec40c33447bbc0dc2d01d3006de771","name":"YC 25","image":{"@type":"ImageObject","inLanguage":"es","@id":"https:\/\/secure.gravatar.com\/avatar\/20e0a6b626f38fa8e545fb3f80ce566efd790bf8877e65c3a482460cc3e0b5d1?s=96&d=mm&r=g","url":"https:\/\/secure.gravatar.com\/avatar\/20e0a6b626f38fa8e545fb3f80ce566efd790bf8877e65c3a482460cc3e0b5d1?s=96&d=mm&r=g","contentUrl":"https:\/\/secure.gravatar.com\/avatar\/20e0a6b626f38fa8e545fb3f80ce566efd790bf8877e65c3a482460cc3e0b5d1?s=96&d=mm&r=g","caption":"YC 25"},"url":"https:\/\/www.yucatanencorto.com\/noticias\/author\/editor25\/"}]}},"_links":{"self":[{"href":"https:\/\/www.yucatanencorto.com\/noticias\/wp-json\/wp\/v2\/posts\/118314","targetHints":{"allow":["GET"]}}],"collection":[{"href":"https:\/\/www.yucatanencorto.com\/noticias\/wp-json\/wp\/v2\/posts"}],"about":[{"href":"https:\/\/www.yucatanencorto.com\/noticias\/wp-json\/wp\/v2\/types\/post"}],"author":[{"embeddable":true,"href":"https:\/\/www.yucatanencorto.com\/noticias\/wp-json\/wp\/v2\/users\/4"}],"replies":[{"embeddable":true,"href":"https:\/\/www.yucatanencorto.com\/noticias\/wp-json\/wp\/v2\/comments?post=118314"}],"version-history":[{"count":1,"href":"https:\/\/www.yucatanencorto.com\/noticias\/wp-json\/wp\/v2\/posts\/118314\/revisions"}],"predecessor-version":[{"id":118316,"href":"https:\/\/www.yucatanencorto.com\/noticias\/wp-json\/wp\/v2\/posts\/118314\/revisions\/118316"}],"wp:featuredmedia":[{"embeddable":true,"href":"https:\/\/www.yucatanencorto.com\/noticias\/wp-json\/wp\/v2\/media\/118315"}],"wp:attachment":[{"href":"https:\/\/www.yucatanencorto.com\/noticias\/wp-json\/wp\/v2\/media?parent=118314"}],"wp:term":[{"taxonomy":"category","embeddable":true,"href":"https:\/\/www.yucatanencorto.com\/noticias\/wp-json\/wp\/v2\/categories?post=118314"},{"taxonomy":"post_tag","embeddable":true,"href":"https:\/\/www.yucatanencorto.com\/noticias\/wp-json\/wp\/v2\/tags?post=118314"}],"curies":[{"name":"wp","href":"https:\/\/api.w.org\/{rel}","templated":true}]}}