{"id":118317,"date":"2026-09-01T10:55:04","date_gmt":"2026-09-01T16:55:04","guid":{"rendered":"https:\/\/www.yucatanencorto.com\/noticias\/?p=118317"},"modified":"2026-09-01T10:55:13","modified_gmt":"2026-09-01T16:55:13","slug":"promueven-certeza-patrimonial-durante-el-mes-del-testamento","status":"publish","type":"post","link":"https:\/\/www.yucatanencorto.com\/noticias\/promueven-certeza-patrimonial-durante-el-mes-del-testamento\/","title":{"rendered":"Promueven certeza patrimonial durante el Mes del Testamento"},"content":{"rendered":"<p><img loading=\"lazy\" decoding=\"async\" class=\"alignnone size-full wp-image-118318\" src=\"https:\/\/www.yucatanencorto.com\/noticias\/wp-content\/uploads\/2026\/09\/IMG-20260901-WA0006-scaled.jpg\" alt=\"\" width=\"768\" height=\"512\" srcset=\"https:\/\/www.yucatanencorto.com\/noticias\/wp-content\/uploads\/2026\/09\/IMG-20260901-WA0006-scaled.jpg 768w, https:\/\/www.yucatanencorto.com\/noticias\/wp-content\/uploads\/2026\/09\/IMG-20260901-WA0006-150x100.jpg 150w, https:\/\/www.yucatanencorto.com\/noticias\/wp-content\/uploads\/2026\/09\/IMG-20260901-WA0006-300x200.jpg 300w, https:\/\/www.yucatanencorto.com\/noticias\/wp-content\/uploads\/2026\/09\/IMG-20260901-WA0006-696x464.jpg 696w, https:\/\/www.yucatanencorto.com\/noticias\/wp-content\/uploads\/2026\/09\/IMG-20260901-WA0006-1068x712.jpg 1068w\" sizes=\"auto, (max-width: 768px) 100vw, 768px\" \/><\/p>\n<p>M\u00e9rida, Yucat\u00e1n, a 1 de septiembre de 2026<\/p>\n<p>&nbsp;<\/p>\n<p>Para que m\u00e1s familias yucatecas puedan proteger su patrimonio y evitar conflictos sucesorios, el Gobernador Joaqu\u00edn D\u00edaz Mena expidi\u00f3 el decreto 226\/2026, que exenta el pago de derechos por el otorgamiento de testamentos ante notario p\u00fablico, as\u00ed como por el registro y archivo de testamentos ol\u00f3grafos o de pu\u00f1o y letra.<\/p>\n<p>&nbsp;<\/p>\n<p>Como parte de esta estrategia, el Gobierno del Estado firm\u00f3 un convenio con el Colegio Notarial de Yucat\u00e1n, a fin de ampliar la participaci\u00f3n de notarias y notarios en el programa Septiembre, Mes del Testamento, y facilitar que m\u00e1s personas accedan a este tr\u00e1mite.<\/p>\n<p>&nbsp;<\/p>\n<p>El consejero jur\u00eddico, Gaspar Alema\u00f1y Ortiz, se\u00f1al\u00f3 que cada vez m\u00e1s yucatecas y yucatecos se interesan en participar en este programa, debido a que permite poner en orden el patrimonio familiar y brindar tranquilidad para el futuro.<\/p>\n<p>&nbsp;<\/p>\n<p>Durante septiembre, el testamento ol\u00f3grafo o de pu\u00f1o y letra ser\u00e1 completamente gratuito y podr\u00e1 realizarse en la Direcci\u00f3n del Archivo Notarial, ubicada en M\u00e9rida, previa cita al correo archivo.notarial@yucatan.gob.mx.<\/p>\n<p>&nbsp;<\/p>\n<p>En el caso del testamento ante notario p\u00fablico, el costo ser\u00e1 de dos mil 500 pesos. Para personas mayores, personas con discapacidad, personal de enfermer\u00eda, param\u00e9dicas, param\u00e9dicos y personal operativo de la Secretar\u00eda de Seguridad P\u00fablica (SSP), el costo preferencial ser\u00e1 de dos mil pesos.<\/p>\n<p>&nbsp;<\/p>\n<p>Alema\u00f1y Ortiz destac\u00f3 que hacer un testamento es una decisi\u00f3n responsable, sencilla y de gran valor para las familias, porque permite dar certeza jur\u00eddica sobre los bienes y reducir posibles diferencias entre descendientes.<\/p>\n<p>&nbsp;<\/p>\n<p>Asimismo, agradeci\u00f3 a las y los notarios p\u00fablicos que se suman a esta campa\u00f1a, al ofrecer asesor\u00eda y costos preferenciales para que m\u00e1s personas puedan realizar su testamento durante septiembre.<\/p>\n<p>&nbsp;<\/p>\n<p>El presidente del Colegio Notarial de Yucat\u00e1n, Ra\u00fal Alberto Pino Navarrete, destac\u00f3 que el testamento es un acto de responsabilidad y cuidado hacia la familia, ya que ayuda a prevenir problemas legales y patrimoniales cuando una persona fallece.<\/p>\n<p>&nbsp;<\/p>\n<p>Pino Navarrete se\u00f1al\u00f3 que las notar\u00edas de Yucat\u00e1n brindar\u00e1n asesor\u00eda a quienes deseen realizar este tr\u00e1mite, el cual, afirm\u00f3, es sencillo, r\u00e1pido y permite dejar por escrito la voluntad de cada persona sobre el destino de sus bienes.<\/p>\n<p>&nbsp;<\/p>\n<p>Quienes prefieran hacer su testamento ante notario p\u00fablico podr\u00e1n acudir a cualquier notar\u00eda de Yucat\u00e1n, cuya ubicaci\u00f3n y datos de contacto pueden consultarse en el directorio disponible en el portal de la Consejer\u00eda Jur\u00eddica.<\/p>\n<p>&nbsp;<\/p>\n<p>Asistieron a la firma del convenio la subconsejera de Servicios Legales y Vinculaci\u00f3n Institucional de la Consejer\u00eda Jur\u00eddica, Paola Cristina Carde\u00f1a M\u00e9ndez; la secretaria del Colegio Notarial de Yucat\u00e1n, Mar\u00eda del Carmen Baltazar Arceo, y el director del Archivo Notarial del Estado de Yucat\u00e1n, Luis Fernando de Jes\u00fas Pino Barrera.<\/p>\n<p>&nbsp;<\/p>\n<p>&nbsp;<\/p>\n<p>&nbsp;<\/p>\n","protected":false},"excerpt":{"rendered":"<p>M\u00e9rida, Yucat\u00e1n, a 1 de septiembre de 2026 &nbsp; Para que m\u00e1s familias yucatecas puedan proteger su patrimonio y evitar conflictos sucesorios, el Gobernador Joaqu\u00edn D\u00edaz Mena expidi\u00f3 el decreto 226\/2026, que exenta el pago de derechos por el otorgamiento de testamentos ante notario p\u00fablico, as\u00ed como por el registro y archivo de testamentos ol\u00f3grafos [&hellip;]<\/p>\n","protected":false},"author":4,"featured_media":118318,"comment_status":"closed","ping_status":"closed","sticky":false,"template":"","format":"standard","meta":{"footnotes":""},"categories":[3],"tags":[],"class_list":["post-118317","post","type-post","status-publish","format-standard","has-post-thumbnail","category-yucatan"],"yoast_head":"<!-- This site is optimized with the Yoast SEO plugin v28.3 - https:\/\/yoast.com\/product\/yoast-seo-wordpress\/ -->\n<title>Promueven certeza patrimonial durante el Mes del Testamento - Yucat\u00e1n en corto<\/title>\n<meta name=\"robots\" content=\"index, follow, max-snippet:-1, max-image-preview:large, max-video-preview:-1\" \/>\n<link rel=\"canonical\" href=\"https:\/\/www.yucatanencorto.com\/noticias\/promueven-certeza-patrimonial-durante-el-mes-del-testamento\/\" \/>\n<meta property=\"og:locale\" content=\"es_ES\" \/>\n<meta property=\"og:type\" content=\"article\" \/>\n<meta property=\"og:title\" content=\"Promueven certeza patrimonial durante el Mes del Testamento - Yucat\u00e1n en corto\" \/>\n<meta property=\"og:description\" content=\"M\u00e9rida, Yucat\u00e1n, a 1 de septiembre de 2026 &nbsp; Para que m\u00e1s familias yucatecas puedan proteger su patrimonio y evitar conflictos sucesorios, el Gobernador Joaqu\u00edn D\u00edaz Mena expidi\u00f3 el decreto 226\/2026, que exenta el pago de derechos por el otorgamiento de testamentos ante notario p\u00fablico, as\u00ed como por el registro y archivo de testamentos ol\u00f3grafos [&hellip;]\" \/>\n<meta property=\"og:url\" content=\"https:\/\/www.yucatanencorto.com\/noticias\/promueven-certeza-patrimonial-durante-el-mes-del-testamento\/\" \/>\n<meta property=\"og:site_name\" content=\"Yucat\u00e1n en corto\" \/>\n<meta property=\"article:publisher\" content=\"http:\/\/www.facebook.com\/yucatanencorto\" \/>\n<meta property=\"article:published_time\" content=\"2026-09-01T16:55:04+00:00\" \/>\n<meta property=\"article:modified_time\" content=\"2026-09-01T16:55:13+00:00\" \/>\n<meta property=\"og:image\" content=\"https:\/\/www.yucatanencorto.com\/noticias\/wp-content\/uploads\/2026\/09\/IMG-20260901-WA0006-scaled.jpg\" \/>\n\t<meta property=\"og:image:width\" content=\"768\" \/>\n\t<meta property=\"og:image:height\" content=\"512\" \/>\n\t<meta property=\"og:image:type\" content=\"image\/jpeg\" \/>\n<meta name=\"author\" content=\"YC 25\" \/>\n<meta name=\"twitter:card\" content=\"summary_large_image\" \/>\n<meta name=\"twitter:creator\" content=\"@yucatanencorto\" \/>\n<meta name=\"twitter:site\" content=\"@yucatanencorto\" \/>\n<meta name=\"twitter:label1\" content=\"Escrito por\" \/>\n\t<meta name=\"twitter:data1\" content=\"YC 25\" \/>\n\t<meta name=\"twitter:label2\" content=\"Tiempo de lectura\" \/>\n\t<meta name=\"twitter:data2\" content=\"3 minutos\" \/>\n<script type=\"application\/ld+json\" class=\"yoast-schema-graph\">{\"@context\":\"https:\\\/\\\/schema.org\",\"@graph\":[{\"@type\":\"Article\",\"@id\":\"https:\\\/\\\/www.yucatanencorto.com\\\/noticias\\\/promueven-certeza-patrimonial-durante-el-mes-del-testamento\\\/#article\",\"isPartOf\":{\"@id\":\"https:\\\/\\\/www.yucatanencorto.com\\\/noticias\\\/promueven-certeza-patrimonial-durante-el-mes-del-testamento\\\/\"},\"author\":{\"name\":\"YC 25\",\"@id\":\"https:\\\/\\\/www.yucatanencorto.com\\\/noticias\\\/#\\\/schema\\\/person\\\/f0ec40c33447bbc0dc2d01d3006de771\"},\"headline\":\"Promueven certeza patrimonial durante el Mes del Testamento\",\"datePublished\":\"2026-09-01T16:55:04+00:00\",\"dateModified\":\"2026-09-01T16:55:13+00:00\",\"mainEntityOfPage\":{\"@id\":\"https:\\\/\\\/www.yucatanencorto.com\\\/noticias\\\/promueven-certeza-patrimonial-durante-el-mes-del-testamento\\\/\"},\"wordCount\":518,\"publisher\":{\"@id\":\"https:\\\/\\\/www.yucatanencorto.com\\\/noticias\\\/#organization\"},\"image\":{\"@id\":\"https:\\\/\\\/www.yucatanencorto.com\\\/noticias\\\/promueven-certeza-patrimonial-durante-el-mes-del-testamento\\\/#primaryimage\"},\"thumbnailUrl\":\"https:\\\/\\\/www.yucatanencorto.com\\\/noticias\\\/wp-content\\\/uploads\\\/2026\\\/09\\\/IMG-20260901-WA0006-scaled.jpg\",\"articleSection\":[\"Yucat\u00e1n\"],\"inLanguage\":\"es\"},{\"@type\":\"WebPage\",\"@id\":\"https:\\\/\\\/www.yucatanencorto.com\\\/noticias\\\/promueven-certeza-patrimonial-durante-el-mes-del-testamento\\\/\",\"url\":\"https:\\\/\\\/www.yucatanencorto.com\\\/noticias\\\/promueven-certeza-patrimonial-durante-el-mes-del-testamento\\\/\",\"name\":\"Promueven certeza patrimonial durante el Mes del Testamento - Yucat\u00e1n en corto\",\"isPartOf\":{\"@id\":\"https:\\\/\\\/www.yucatanencorto.com\\\/noticias\\\/#website\"},\"primaryImageOfPage\":{\"@id\":\"https:\\\/\\\/www.yucatanencorto.com\\\/noticias\\\/promueven-certeza-patrimonial-durante-el-mes-del-testamento\\\/#primaryimage\"},\"image\":{\"@id\":\"https:\\\/\\\/www.yucatanencorto.com\\\/noticias\\\/promueven-certeza-patrimonial-durante-el-mes-del-testamento\\\/#primaryimage\"},\"thumbnailUrl\":\"https:\\\/\\\/www.yucatanencorto.com\\\/noticias\\\/wp-content\\\/uploads\\\/2026\\\/09\\\/IMG-20260901-WA0006-scaled.jpg\",\"datePublished\":\"2026-09-01T16:55:04+00:00\",\"dateModified\":\"2026-09-01T16:55:13+00:00\",\"breadcrumb\":{\"@id\":\"https:\\\/\\\/www.yucatanencorto.com\\\/noticias\\\/promueven-certeza-patrimonial-durante-el-mes-del-testamento\\\/#breadcrumb\"},\"inLanguage\":\"es\",\"potentialAction\":[{\"@type\":\"ReadAction\",\"target\":[\"https:\\\/\\\/www.yucatanencorto.com\\\/noticias\\\/promueven-certeza-patrimonial-durante-el-mes-del-testamento\\\/\"]}]},{\"@type\":\"ImageObject\",\"inLanguage\":\"es\",\"@id\":\"https:\\\/\\\/www.yucatanencorto.com\\\/noticias\\\/promueven-certeza-patrimonial-durante-el-mes-del-testamento\\\/#primaryimage\",\"url\":\"https:\\\/\\\/www.yucatanencorto.com\\\/noticias\\\/wp-content\\\/uploads\\\/2026\\\/09\\\/IMG-20260901-WA0006-scaled.jpg\",\"contentUrl\":\"https:\\\/\\\/www.yucatanencorto.com\\\/noticias\\\/wp-content\\\/uploads\\\/2026\\\/09\\\/IMG-20260901-WA0006-scaled.jpg\",\"width\":768,\"height\":512},{\"@type\":\"BreadcrumbList\",\"@id\":\"https:\\\/\\\/www.yucatanencorto.com\\\/noticias\\\/promueven-certeza-patrimonial-durante-el-mes-del-testamento\\\/#breadcrumb\",\"itemListElement\":[{\"@type\":\"ListItem\",\"position\":1,\"name\":\"Portada\",\"item\":\"https:\\\/\\\/www.yucatanencorto.com\\\/noticias\\\/\"},{\"@type\":\"ListItem\",\"position\":2,\"name\":\"Promueven certeza patrimonial durante el Mes del Testamento\"}]},{\"@type\":\"WebSite\",\"@id\":\"https:\\\/\\\/www.yucatanencorto.com\\\/noticias\\\/#website\",\"url\":\"https:\\\/\\\/www.yucatanencorto.com\\\/noticias\\\/\",\"name\":\"Yucat\u00e1n en corto\",\"description\":\"Noticias\",\"publisher\":{\"@id\":\"https:\\\/\\\/www.yucatanencorto.com\\\/noticias\\\/#organization\"},\"potentialAction\":[{\"@type\":\"SearchAction\",\"target\":{\"@type\":\"EntryPoint\",\"urlTemplate\":\"https:\\\/\\\/www.yucatanencorto.com\\\/noticias\\\/?s={search_term_string}\"},\"query-input\":{\"@type\":\"PropertyValueSpecification\",\"valueRequired\":true,\"valueName\":\"search_term_string\"}}],\"inLanguage\":\"es\"},{\"@type\":\"Organization\",\"@id\":\"https:\\\/\\\/www.yucatanencorto.com\\\/noticias\\\/#organization\",\"name\":\"Yucat\u00e1n en corto\",\"url\":\"https:\\\/\\\/www.yucatanencorto.com\\\/noticias\\\/\",\"logo\":{\"@type\":\"ImageObject\",\"inLanguage\":\"es\",\"@id\":\"https:\\\/\\\/www.yucatanencorto.com\\\/noticias\\\/#\\\/schema\\\/logo\\\/image\\\/\",\"url\":\"https:\\\/\\\/www.yucatanencorto.com\\\/noticias\\\/wp-content\\\/uploads\\\/2026\\\/08\\\/Logo-web.png\",\"contentUrl\":\"https:\\\/\\\/www.yucatanencorto.com\\\/noticias\\\/wp-content\\\/uploads\\\/2026\\\/08\\\/Logo-web.png\",\"width\":272,\"height\":90,\"caption\":\"Yucat\u00e1n en corto\"},\"image\":{\"@id\":\"https:\\\/\\\/www.yucatanencorto.com\\\/noticias\\\/#\\\/schema\\\/logo\\\/image\\\/\"},\"sameAs\":[\"http:\\\/\\\/www.facebook.com\\\/yucatanencorto\",\"https:\\\/\\\/x.com\\\/yucatanencorto\"]},{\"@type\":\"Person\",\"@id\":\"https:\\\/\\\/www.yucatanencorto.com\\\/noticias\\\/#\\\/schema\\\/person\\\/f0ec40c33447bbc0dc2d01d3006de771\",\"name\":\"YC 25\",\"image\":{\"@type\":\"ImageObject\",\"inLanguage\":\"es\",\"@id\":\"https:\\\/\\\/secure.gravatar.com\\\/avatar\\\/20e0a6b626f38fa8e545fb3f80ce566efd790bf8877e65c3a482460cc3e0b5d1?s=96&d=mm&r=g\",\"url\":\"https:\\\/\\\/secure.gravatar.com\\\/avatar\\\/20e0a6b626f38fa8e545fb3f80ce566efd790bf8877e65c3a482460cc3e0b5d1?s=96&d=mm&r=g\",\"contentUrl\":\"https:\\\/\\\/secure.gravatar.com\\\/avatar\\\/20e0a6b626f38fa8e545fb3f80ce566efd790bf8877e65c3a482460cc3e0b5d1?s=96&d=mm&r=g\",\"caption\":\"YC 25\"},\"url\":\"https:\\\/\\\/www.yucatanencorto.com\\\/noticias\\\/author\\\/editor25\\\/\"}]}<\/script>\n<!-- \/ Yoast SEO plugin. -->","yoast_head_json":{"title":"Promueven certeza patrimonial durante el Mes del Testamento - Yucat\u00e1n en corto","robots":{"index":"index","follow":"follow","max-snippet":"max-snippet:-1","max-image-preview":"max-image-preview:large","max-video-preview":"max-video-preview:-1"},"canonical":"https:\/\/www.yucatanencorto.com\/noticias\/promueven-certeza-patrimonial-durante-el-mes-del-testamento\/","og_locale":"es_ES","og_type":"article","og_title":"Promueven certeza patrimonial durante el Mes del Testamento - Yucat\u00e1n en corto","og_description":"M\u00e9rida, Yucat\u00e1n, a 1 de septiembre de 2026 &nbsp; Para que m\u00e1s familias yucatecas puedan proteger su patrimonio y evitar conflictos sucesorios, el Gobernador Joaqu\u00edn D\u00edaz Mena expidi\u00f3 el decreto 226\/2026, que exenta el pago de derechos por el otorgamiento de testamentos ante notario p\u00fablico, as\u00ed como por el registro y archivo de testamentos ol\u00f3grafos [&hellip;]","og_url":"https:\/\/www.yucatanencorto.com\/noticias\/promueven-certeza-patrimonial-durante-el-mes-del-testamento\/","og_site_name":"Yucat\u00e1n en corto","article_publisher":"http:\/\/www.facebook.com\/yucatanencorto","article_published_time":"2026-09-01T16:55:04+00:00","article_modified_time":"2026-09-01T16:55:13+00:00","og_image":[{"width":768,"height":512,"url":"https:\/\/www.yucatanencorto.com\/noticias\/wp-content\/uploads\/2026\/09\/IMG-20260901-WA0006-scaled.jpg","type":"image\/jpeg"}],"author":"YC 25","twitter_card":"summary_large_image","twitter_creator":"@yucatanencorto","twitter_site":"@yucatanencorto","twitter_misc":{"Escrito por":"YC 25","Tiempo de lectura":"3 minutos"},"schema":{"@context":"https:\/\/schema.org","@graph":[{"@type":"Article","@id":"https:\/\/www.yucatanencorto.com\/noticias\/promueven-certeza-patrimonial-durante-el-mes-del-testamento\/#article","isPartOf":{"@id":"https:\/\/www.yucatanencorto.com\/noticias\/promueven-certeza-patrimonial-durante-el-mes-del-testamento\/"},"author":{"name":"YC 25","@id":"https:\/\/www.yucatanencorto.com\/noticias\/#\/schema\/person\/f0ec40c33447bbc0dc2d01d3006de771"},"headline":"Promueven certeza patrimonial durante el Mes del Testamento","datePublished":"2026-09-01T16:55:04+00:00","dateModified":"2026-09-01T16:55:13+00:00","mainEntityOfPage":{"@id":"https:\/\/www.yucatanencorto.com\/noticias\/promueven-certeza-patrimonial-durante-el-mes-del-testamento\/"},"wordCount":518,"publisher":{"@id":"https:\/\/www.yucatanencorto.com\/noticias\/#organization"},"image":{"@id":"https:\/\/www.yucatanencorto.com\/noticias\/promueven-certeza-patrimonial-durante-el-mes-del-testamento\/#primaryimage"},"thumbnailUrl":"https:\/\/www.yucatanencorto.com\/noticias\/wp-content\/uploads\/2026\/09\/IMG-20260901-WA0006-scaled.jpg","articleSection":["Yucat\u00e1n"],"inLanguage":"es"},{"@type":"WebPage","@id":"https:\/\/www.yucatanencorto.com\/noticias\/promueven-certeza-patrimonial-durante-el-mes-del-testamento\/","url":"https:\/\/www.yucatanencorto.com\/noticias\/promueven-certeza-patrimonial-durante-el-mes-del-testamento\/","name":"Promueven certeza patrimonial durante el Mes del Testamento - Yucat\u00e1n en corto","isPartOf":{"@id":"https:\/\/www.yucatanencorto.com\/noticias\/#website"},"primaryImageOfPage":{"@id":"https:\/\/www.yucatanencorto.com\/noticias\/promueven-certeza-patrimonial-durante-el-mes-del-testamento\/#primaryimage"},"image":{"@id":"https:\/\/www.yucatanencorto.com\/noticias\/promueven-certeza-patrimonial-durante-el-mes-del-testamento\/#primaryimage"},"thumbnailUrl":"https:\/\/www.yucatanencorto.com\/noticias\/wp-content\/uploads\/2026\/09\/IMG-20260901-WA0006-scaled.jpg","datePublished":"2026-09-01T16:55:04+00:00","dateModified":"2026-09-01T16:55:13+00:00","breadcrumb":{"@id":"https:\/\/www.yucatanencorto.com\/noticias\/promueven-certeza-patrimonial-durante-el-mes-del-testamento\/#breadcrumb"},"inLanguage":"es","potentialAction":[{"@type":"ReadAction","target":["https:\/\/www.yucatanencorto.com\/noticias\/promueven-certeza-patrimonial-durante-el-mes-del-testamento\/"]}]},{"@type":"ImageObject","inLanguage":"es","@id":"https:\/\/www.yucatanencorto.com\/noticias\/promueven-certeza-patrimonial-durante-el-mes-del-testamento\/#primaryimage","url":"https:\/\/www.yucatanencorto.com\/noticias\/wp-content\/uploads\/2026\/09\/IMG-20260901-WA0006-scaled.jpg","contentUrl":"https:\/\/www.yucatanencorto.com\/noticias\/wp-content\/uploads\/2026\/09\/IMG-20260901-WA0006-scaled.jpg","width":768,"height":512},{"@type":"BreadcrumbList","@id":"https:\/\/www.yucatanencorto.com\/noticias\/promueven-certeza-patrimonial-durante-el-mes-del-testamento\/#breadcrumb","itemListElement":[{"@type":"ListItem","position":1,"name":"Portada","item":"https:\/\/www.yucatanencorto.com\/noticias\/"},{"@type":"ListItem","position":2,"name":"Promueven certeza patrimonial durante el Mes del Testamento"}]},{"@type":"WebSite","@id":"https:\/\/www.yucatanencorto.com\/noticias\/#website","url":"https:\/\/www.yucatanencorto.com\/noticias\/","name":"Yucat\u00e1n en corto","description":"Noticias","publisher":{"@id":"https:\/\/www.yucatanencorto.com\/noticias\/#organization"},"potentialAction":[{"@type":"SearchAction","target":{"@type":"EntryPoint","urlTemplate":"https:\/\/www.yucatanencorto.com\/noticias\/?s={search_term_string}"},"query-input":{"@type":"PropertyValueSpecification","valueRequired":true,"valueName":"search_term_string"}}],"inLanguage":"es"},{"@type":"Organization","@id":"https:\/\/www.yucatanencorto.com\/noticias\/#organization","name":"Yucat\u00e1n en corto","url":"https:\/\/www.yucatanencorto.com\/noticias\/","logo":{"@type":"ImageObject","inLanguage":"es","@id":"https:\/\/www.yucatanencorto.com\/noticias\/#\/schema\/logo\/image\/","url":"https:\/\/www.yucatanencorto.com\/noticias\/wp-content\/uploads\/2026\/08\/Logo-web.png","contentUrl":"https:\/\/www.yucatanencorto.com\/noticias\/wp-content\/uploads\/2026\/08\/Logo-web.png","width":272,"height":90,"caption":"Yucat\u00e1n en corto"},"image":{"@id":"https:\/\/www.yucatanencorto.com\/noticias\/#\/schema\/logo\/image\/"},"sameAs":["http:\/\/www.facebook.com\/yucatanencorto","https:\/\/x.com\/yucatanencorto"]},{"@type":"Person","@id":"https:\/\/www.yucatanencorto.com\/noticias\/#\/schema\/person\/f0ec40c33447bbc0dc2d01d3006de771","name":"YC 25","image":{"@type":"ImageObject","inLanguage":"es","@id":"https:\/\/secure.gravatar.com\/avatar\/20e0a6b626f38fa8e545fb3f80ce566efd790bf8877e65c3a482460cc3e0b5d1?s=96&d=mm&r=g","url":"https:\/\/secure.gravatar.com\/avatar\/20e0a6b626f38fa8e545fb3f80ce566efd790bf8877e65c3a482460cc3e0b5d1?s=96&d=mm&r=g","contentUrl":"https:\/\/secure.gravatar.com\/avatar\/20e0a6b626f38fa8e545fb3f80ce566efd790bf8877e65c3a482460cc3e0b5d1?s=96&d=mm&r=g","caption":"YC 25"},"url":"https:\/\/www.yucatanencorto.com\/noticias\/author\/editor25\/"}]}},"_links":{"self":[{"href":"https:\/\/www.yucatanencorto.com\/noticias\/wp-json\/wp\/v2\/posts\/118317","targetHints":{"allow":["GET"]}}],"collection":[{"href":"https:\/\/www.yucatanencorto.com\/noticias\/wp-json\/wp\/v2\/posts"}],"about":[{"href":"https:\/\/www.yucatanencorto.com\/noticias\/wp-json\/wp\/v2\/types\/post"}],"author":[{"embeddable":true,"href":"https:\/\/www.yucatanencorto.com\/noticias\/wp-json\/wp\/v2\/users\/4"}],"replies":[{"embeddable":true,"href":"https:\/\/www.yucatanencorto.com\/noticias\/wp-json\/wp\/v2\/comments?post=118317"}],"version-history":[{"count":1,"href":"https:\/\/www.yucatanencorto.com\/noticias\/wp-json\/wp\/v2\/posts\/118317\/revisions"}],"predecessor-version":[{"id":118319,"href":"https:\/\/www.yucatanencorto.com\/noticias\/wp-json\/wp\/v2\/posts\/118317\/revisions\/118319"}],"wp:featuredmedia":[{"embeddable":true,"href":"https:\/\/www.yucatanencorto.com\/noticias\/wp-json\/wp\/v2\/media\/118318"}],"wp:attachment":[{"href":"https:\/\/www.yucatanencorto.com\/noticias\/wp-json\/wp\/v2\/media?parent=118317"}],"wp:term":[{"taxonomy":"category","embeddable":true,"href":"https:\/\/www.yucatanencorto.com\/noticias\/wp-json\/wp\/v2\/categories?post=118317"},{"taxonomy":"post_tag","embeddable":true,"href":"https:\/\/www.yucatanencorto.com\/noticias\/wp-json\/wp\/v2\/tags?post=118317"}],"curies":[{"name":"wp","href":"https:\/\/api.w.org\/{rel}","templated":true}]}}