{"id":118322,"date":"2026-09-01T15:10:52","date_gmt":"2026-09-01T21:10:52","guid":{"rendered":"https:\/\/www.yucatanencorto.com\/noticias\/?p=118322"},"modified":"2026-09-01T15:10:52","modified_gmt":"2026-09-01T21:10:52","slug":"mejores-tecnologias-buscan-reducir-la-brecha-digital","status":"publish","type":"post","link":"https:\/\/www.yucatanencorto.com\/noticias\/mejores-tecnologias-buscan-reducir-la-brecha-digital\/","title":{"rendered":"Mejores tecnolog\u00edas buscan reducir la brecha digital"},"content":{"rendered":"<p><img loading=\"lazy\" decoding=\"async\" class=\"alignnone size-full wp-image-118323\" src=\"https:\/\/www.yucatanencorto.com\/noticias\/wp-content\/uploads\/2026\/09\/IMG-20260901-WA0114-scaled.jpg\" alt=\"\" width=\"768\" height=\"512\" srcset=\"https:\/\/www.yucatanencorto.com\/noticias\/wp-content\/uploads\/2026\/09\/IMG-20260901-WA0114-scaled.jpg 768w, https:\/\/www.yucatanencorto.com\/noticias\/wp-content\/uploads\/2026\/09\/IMG-20260901-WA0114-1536x1023.jpg 1536w, https:\/\/www.yucatanencorto.com\/noticias\/wp-content\/uploads\/2026\/09\/IMG-20260901-WA0114-150x100.jpg 150w, https:\/\/www.yucatanencorto.com\/noticias\/wp-content\/uploads\/2026\/09\/IMG-20260901-WA0114-300x200.jpg 300w, https:\/\/www.yucatanencorto.com\/noticias\/wp-content\/uploads\/2026\/09\/IMG-20260901-WA0114-696x464.jpg 696w, https:\/\/www.yucatanencorto.com\/noticias\/wp-content\/uploads\/2026\/09\/IMG-20260901-WA0114-1068x712.jpg 1068w\" sizes=\"auto, (max-width: 768px) 100vw, 768px\" \/><\/p>\n<p>M\u00e9rida, Yucat\u00e1n, a martes 1 de septiembre de 2026.- La presidenta municipal Cecilia Patr\u00f3n Laviada afirm\u00f3 que en dos a\u00f1os de administraci\u00f3n, la transformaci\u00f3n digital y el acceso a internet en M\u00e9rida se han convertido en herramientas al alcance de todas y todos, con acciones que van desde la modernizaci\u00f3n de tr\u00e1mites y servicios municipales hasta la ampliaci\u00f3n de la conectividad gratuita en espacios p\u00fablicos y comisar\u00edas de M\u00e9rida.<\/p>\n<p>&nbsp;<\/p>\n<p>\u201cLa transformaci\u00f3n digital es tambi\u00e9n justicia social: queremos que ninguna persona se quede atr\u00e1s por no tener acceso a internet, a la tecnolog\u00eda o a las herramientas que hoy son necesarias para estudiar, trabajar, emprender y hacer un tr\u00e1mite\u201d, asever\u00f3.<\/p>\n<p>&nbsp;<\/p>\n<p>En ese contexto, mencion\u00f3 que a trav\u00e9s de la red M\u00e9rida Digital, los espacios p\u00fablicos con internet gratuito en el municipio aumentaron 38 por ciento, para alcanzar 332 puntos de conectividad en parques, mercados, comisar\u00edas, m\u00f3dulos m\u00e9dicos y \u00e1reas municipales. Adem\u00e1s, se incorporaron tres nuevos espacios tipo coworking con conexiones de hasta 750 Mbps.<\/p>\n<p>&nbsp;<\/p>\n<p>Se\u00f1al\u00f3 que uno de los proyectos que reflejan esta visi\u00f3n es el primer coworking instalado en el Mercado Lucas de G\u00e1lvez, donde estudiantes y profesionistas pueden trabajar de manera gratuita con internet de alta velocidad, mesas de trabajo, conexiones el\u00e9ctricas y un espacio climatizado para reuniones, talleres y actividades de capacitaci\u00f3n.<\/p>\n<p>&nbsp;<\/p>\n<p>Agreg\u00f3 que a ello se suman otros espacios de coworking en Los H\u00e9roes, San Jos\u00e9 Tecoh y el Centro Municipal de Juventudes, mientras avanzan proyectos en Las Am\u00e9ricas y Ciudad Caucel y mejoras en el Parque Viernes Santo.<\/p>\n<p>&nbsp;<\/p>\n<p>\u201cQueremos que un parque, un mercado o una comisar\u00eda tambi\u00e9n sean lugares donde las personas puedan aprender, trabajar, emprender y desarrollar sus proyectos. Cuando llevamos internet de calidad a m\u00e1s espacios, estamos llevando oportunidades\u201d, destac\u00f3.<\/p>\n<p>&nbsp;<\/p>\n<p>La alcaldesa mencion\u00f3 que en las 47 comisar\u00edas de M\u00e9rida el servicio pas\u00f3 de 50 a 300 Mbps mediante fibra \u00f3ptica, un incremento de 500 por ciento en el rendimiento. \u201cCon ello, el 100 por ciento de las comisar\u00edas cuenta con internet mediante fibra \u00f3ptica, con una conexi\u00f3n m\u00e1s r\u00e1pida, estable y confiable\u201d.<\/p>\n<p>&nbsp;<\/p>\n<p>Atendiendo la inclusi\u00f3n digital, Cecilia Patr\u00f3n dijo que el Centro de Alfabetizaci\u00f3n Digital imparti\u00f3 76 talleres gratuitos que beneficiaron a 1 mil 725 personas, con 846 horas de formaci\u00f3n; durante ese mismo periodo, m\u00e1s de 3 mil 710 personas han fortalecido sus habilidades digitales.<\/p>\n<p>&nbsp;<\/p>\n<p>Asimismo, el programa M\u00e9rida Campus Digital registr\u00f3 2 mil 862 usuarios activos y puso a disposici\u00f3n recursos y 38 rutas de aprendizaje, adem\u00e1s de impulsar, junto con Santander Open Academy, una alianza para capacitar gratuitamente a 5 mil personas mayores de 16 a\u00f1os.<\/p>\n<p>&nbsp;<\/p>\n<p>Se\u00f1al\u00f3 que en materia gubernamental, recientemente se lanz\u00f3 MIDigital programa con el que se busca mejorar la eficiencia, accesibilidad y calidad de los tr\u00e1mites y servicios municipales permitiendo la actualizaci\u00f3n de 395 tr\u00e1mites y servicios en el Portal \u00danico Ciudadano, 76 servicios pueden iniciar su gesti\u00f3n mediante el Expediente Digital y seis tr\u00e1mites se incorporaron al Visor Urbano.<\/p>\n<p>&nbsp;<\/p>\n<p>Estas acciones forman parte del Proyecto de Digitalizaci\u00f3n e Innovaci\u00f3n Gubernamental Municipal, desarrollado en colaboraci\u00f3n con Bloomberg Philanthropies.<\/p>\n<p>&nbsp;<\/p>\n<p>Actualmente, el 39.14 por ciento de los tr\u00e1mites y servicios municipales cuenta con opciones de gesti\u00f3n digital que reduce tiempos de respuesta, elimina la duplicidad en la entrega de documentos, fortalece la eficiencia administrativa y facilita a la ciudadan\u00eda el acceso a los servicios municipales mediante plataformas digitales.<\/p>\n<p>&nbsp;<\/p>\n<p>\u201cEstamos construyendo un Ayuntamiento que le ahorra tiempo a la gente, que reduce el uso de papel y que permite hacer cada vez m\u00e1s tr\u00e1mites desde cualquier lugar. Modernizar el gobierno significa ponerlo al servicio de las personas y facilitarles la vida\u201d, se\u00f1al\u00f3 la edil.<\/p>\n<p>&nbsp;<\/p>\n<p>Adem\u00e1s, el portal oficial merida.gob.mx se consolid\u00f3 como el principal punto de contacto digital entre el gobierno municipal y la ciudadan\u00eda, con 15.9 millones de visitas acumuladas durante la administraci\u00f3n y un crecimiento de 68 por ciento en visitas desde dispositivos m\u00f3viles.<\/p>\n<p>&nbsp;<\/p>\n<p>Tambi\u00e9n, se mantienen activos m\u00e1s de 90 micrositios con informaci\u00f3n sobre programas, servicios, transparencia, eventos y convocatorias.<\/p>\n<p>&nbsp;<\/p>\n<p>A ello se suma la implementaci\u00f3n de recibos de n\u00f3mina electr\u00f3nicos y firma digital representando un ahorro anual de un mill\u00f3n 371 mil 641 pesos en papeler\u00eda y evitando el uso de 6.5 toneladas de papel, equivalente a preservar 111 \u00e1rboles al a\u00f1o. En paralelo, el sistema de pagos del predial registr\u00f3 138 mil 399 visitas, 63 por ciento m\u00e1s que el a\u00f1o anterior; se incorpor\u00f3 el ISAI al sitio de pagos electr\u00f3nicos, se generaron m\u00e1s de 19 mil l\u00edneas de referencia y se puso en operaci\u00f3n el Expediente Digital.<\/p>\n<p>&nbsp;<\/p>\n<p>Finalmente, Cecilia Patr\u00f3n se\u00f1al\u00f3 que con estas acciones, se pretende que M\u00e9rida avance hacia una ciudad donde la tecnolog\u00eda no sea un privilegio, sino una herramienta para generar igualdad de oportunidades, mejorar los servicios p\u00fablicos y fortalecer la participaci\u00f3n ciudadana. \u201cEl prop\u00f3sito es que M\u00e9rida sea una ciudad m\u00e1s conectada, moderna, accesible y con m\u00e1s oportunidades para todas y todos\u201d, puntualiz\u00f3.<\/p>\n<p>&nbsp;<\/p>\n","protected":false},"excerpt":{"rendered":"<p>M\u00e9rida, Yucat\u00e1n, a martes 1 de septiembre de 2026.- La presidenta municipal Cecilia Patr\u00f3n Laviada afirm\u00f3 que en dos a\u00f1os de administraci\u00f3n, la transformaci\u00f3n digital y el acceso a internet en M\u00e9rida se han convertido en herramientas al alcance de todas y todos, con acciones que van desde la modernizaci\u00f3n de tr\u00e1mites y servicios municipales [&hellip;]<\/p>\n","protected":false},"author":4,"featured_media":118323,"comment_status":"closed","ping_status":"closed","sticky":false,"template":"","format":"standard","meta":{"footnotes":""},"categories":[3],"tags":[],"class_list":["post-118322","post","type-post","status-publish","format-standard","has-post-thumbnail","category-yucatan"],"yoast_head":"<!-- This site is optimized with the Yoast SEO plugin v28.3 - https:\/\/yoast.com\/product\/yoast-seo-wordpress\/ -->\n<title>Mejores tecnolog\u00edas buscan reducir la brecha digital - Yucat\u00e1n en corto<\/title>\n<meta name=\"robots\" content=\"index, follow, max-snippet:-1, max-image-preview:large, max-video-preview:-1\" \/>\n<link rel=\"canonical\" href=\"https:\/\/www.yucatanencorto.com\/noticias\/mejores-tecnologias-buscan-reducir-la-brecha-digital\/\" \/>\n<meta property=\"og:locale\" content=\"es_ES\" \/>\n<meta property=\"og:type\" content=\"article\" \/>\n<meta property=\"og:title\" content=\"Mejores tecnolog\u00edas buscan reducir la brecha digital - Yucat\u00e1n en corto\" \/>\n<meta property=\"og:description\" content=\"M\u00e9rida, Yucat\u00e1n, a martes 1 de septiembre de 2026.- La presidenta municipal Cecilia Patr\u00f3n Laviada afirm\u00f3 que en dos a\u00f1os de administraci\u00f3n, la transformaci\u00f3n digital y el acceso a internet en M\u00e9rida se han convertido en herramientas al alcance de todas y todos, con acciones que van desde la modernizaci\u00f3n de tr\u00e1mites y servicios municipales [&hellip;]\" \/>\n<meta property=\"og:url\" content=\"https:\/\/www.yucatanencorto.com\/noticias\/mejores-tecnologias-buscan-reducir-la-brecha-digital\/\" \/>\n<meta property=\"og:site_name\" content=\"Yucat\u00e1n en corto\" \/>\n<meta property=\"article:publisher\" content=\"http:\/\/www.facebook.com\/yucatanencorto\" \/>\n<meta property=\"article:published_time\" content=\"2026-09-01T21:10:52+00:00\" \/>\n<meta property=\"og:image\" content=\"https:\/\/www.yucatanencorto.com\/noticias\/wp-content\/uploads\/2026\/09\/IMG-20260901-WA0114-scaled.jpg\" \/>\n\t<meta property=\"og:image:width\" content=\"768\" \/>\n\t<meta property=\"og:image:height\" content=\"512\" \/>\n\t<meta property=\"og:image:type\" content=\"image\/jpeg\" \/>\n<meta name=\"author\" content=\"YC 25\" \/>\n<meta name=\"twitter:card\" content=\"summary_large_image\" \/>\n<meta name=\"twitter:creator\" content=\"@yucatanencorto\" \/>\n<meta name=\"twitter:site\" content=\"@yucatanencorto\" \/>\n<meta name=\"twitter:label1\" content=\"Escrito por\" \/>\n\t<meta name=\"twitter:data1\" content=\"YC 25\" \/>\n\t<meta name=\"twitter:label2\" content=\"Tiempo de lectura\" \/>\n\t<meta name=\"twitter:data2\" content=\"4 minutos\" \/>\n<script type=\"application\/ld+json\" class=\"yoast-schema-graph\">{\"@context\":\"https:\\\/\\\/schema.org\",\"@graph\":[{\"@type\":\"Article\",\"@id\":\"https:\\\/\\\/www.yucatanencorto.com\\\/noticias\\\/mejores-tecnologias-buscan-reducir-la-brecha-digital\\\/#article\",\"isPartOf\":{\"@id\":\"https:\\\/\\\/www.yucatanencorto.com\\\/noticias\\\/mejores-tecnologias-buscan-reducir-la-brecha-digital\\\/\"},\"author\":{\"name\":\"YC 25\",\"@id\":\"https:\\\/\\\/www.yucatanencorto.com\\\/noticias\\\/#\\\/schema\\\/person\\\/f0ec40c33447bbc0dc2d01d3006de771\"},\"headline\":\"Mejores tecnolog\u00edas buscan reducir la brecha digital\",\"datePublished\":\"2026-09-01T21:10:52+00:00\",\"mainEntityOfPage\":{\"@id\":\"https:\\\/\\\/www.yucatanencorto.com\\\/noticias\\\/mejores-tecnologias-buscan-reducir-la-brecha-digital\\\/\"},\"wordCount\":893,\"publisher\":{\"@id\":\"https:\\\/\\\/www.yucatanencorto.com\\\/noticias\\\/#organization\"},\"image\":{\"@id\":\"https:\\\/\\\/www.yucatanencorto.com\\\/noticias\\\/mejores-tecnologias-buscan-reducir-la-brecha-digital\\\/#primaryimage\"},\"thumbnailUrl\":\"https:\\\/\\\/www.yucatanencorto.com\\\/noticias\\\/wp-content\\\/uploads\\\/2026\\\/09\\\/IMG-20260901-WA0114-scaled.jpg\",\"articleSection\":[\"Yucat\u00e1n\"],\"inLanguage\":\"es\"},{\"@type\":\"WebPage\",\"@id\":\"https:\\\/\\\/www.yucatanencorto.com\\\/noticias\\\/mejores-tecnologias-buscan-reducir-la-brecha-digital\\\/\",\"url\":\"https:\\\/\\\/www.yucatanencorto.com\\\/noticias\\\/mejores-tecnologias-buscan-reducir-la-brecha-digital\\\/\",\"name\":\"Mejores tecnolog\u00edas buscan reducir la brecha digital - Yucat\u00e1n en corto\",\"isPartOf\":{\"@id\":\"https:\\\/\\\/www.yucatanencorto.com\\\/noticias\\\/#website\"},\"primaryImageOfPage\":{\"@id\":\"https:\\\/\\\/www.yucatanencorto.com\\\/noticias\\\/mejores-tecnologias-buscan-reducir-la-brecha-digital\\\/#primaryimage\"},\"image\":{\"@id\":\"https:\\\/\\\/www.yucatanencorto.com\\\/noticias\\\/mejores-tecnologias-buscan-reducir-la-brecha-digital\\\/#primaryimage\"},\"thumbnailUrl\":\"https:\\\/\\\/www.yucatanencorto.com\\\/noticias\\\/wp-content\\\/uploads\\\/2026\\\/09\\\/IMG-20260901-WA0114-scaled.jpg\",\"datePublished\":\"2026-09-01T21:10:52+00:00\",\"breadcrumb\":{\"@id\":\"https:\\\/\\\/www.yucatanencorto.com\\\/noticias\\\/mejores-tecnologias-buscan-reducir-la-brecha-digital\\\/#breadcrumb\"},\"inLanguage\":\"es\",\"potentialAction\":[{\"@type\":\"ReadAction\",\"target\":[\"https:\\\/\\\/www.yucatanencorto.com\\\/noticias\\\/mejores-tecnologias-buscan-reducir-la-brecha-digital\\\/\"]}]},{\"@type\":\"ImageObject\",\"inLanguage\":\"es\",\"@id\":\"https:\\\/\\\/www.yucatanencorto.com\\\/noticias\\\/mejores-tecnologias-buscan-reducir-la-brecha-digital\\\/#primaryimage\",\"url\":\"https:\\\/\\\/www.yucatanencorto.com\\\/noticias\\\/wp-content\\\/uploads\\\/2026\\\/09\\\/IMG-20260901-WA0114-scaled.jpg\",\"contentUrl\":\"https:\\\/\\\/www.yucatanencorto.com\\\/noticias\\\/wp-content\\\/uploads\\\/2026\\\/09\\\/IMG-20260901-WA0114-scaled.jpg\",\"width\":768,\"height\":512},{\"@type\":\"BreadcrumbList\",\"@id\":\"https:\\\/\\\/www.yucatanencorto.com\\\/noticias\\\/mejores-tecnologias-buscan-reducir-la-brecha-digital\\\/#breadcrumb\",\"itemListElement\":[{\"@type\":\"ListItem\",\"position\":1,\"name\":\"Portada\",\"item\":\"https:\\\/\\\/www.yucatanencorto.com\\\/noticias\\\/\"},{\"@type\":\"ListItem\",\"position\":2,\"name\":\"Mejores tecnolog\u00edas buscan reducir la brecha digital\"}]},{\"@type\":\"WebSite\",\"@id\":\"https:\\\/\\\/www.yucatanencorto.com\\\/noticias\\\/#website\",\"url\":\"https:\\\/\\\/www.yucatanencorto.com\\\/noticias\\\/\",\"name\":\"Yucat\u00e1n en corto\",\"description\":\"Noticias\",\"publisher\":{\"@id\":\"https:\\\/\\\/www.yucatanencorto.com\\\/noticias\\\/#organization\"},\"potentialAction\":[{\"@type\":\"SearchAction\",\"target\":{\"@type\":\"EntryPoint\",\"urlTemplate\":\"https:\\\/\\\/www.yucatanencorto.com\\\/noticias\\\/?s={search_term_string}\"},\"query-input\":{\"@type\":\"PropertyValueSpecification\",\"valueRequired\":true,\"valueName\":\"search_term_string\"}}],\"inLanguage\":\"es\"},{\"@type\":\"Organization\",\"@id\":\"https:\\\/\\\/www.yucatanencorto.com\\\/noticias\\\/#organization\",\"name\":\"Yucat\u00e1n en corto\",\"url\":\"https:\\\/\\\/www.yucatanencorto.com\\\/noticias\\\/\",\"logo\":{\"@type\":\"ImageObject\",\"inLanguage\":\"es\",\"@id\":\"https:\\\/\\\/www.yucatanencorto.com\\\/noticias\\\/#\\\/schema\\\/logo\\\/image\\\/\",\"url\":\"https:\\\/\\\/www.yucatanencorto.com\\\/noticias\\\/wp-content\\\/uploads\\\/2026\\\/08\\\/Logo-web.png\",\"contentUrl\":\"https:\\\/\\\/www.yucatanencorto.com\\\/noticias\\\/wp-content\\\/uploads\\\/2026\\\/08\\\/Logo-web.png\",\"width\":272,\"height\":90,\"caption\":\"Yucat\u00e1n en corto\"},\"image\":{\"@id\":\"https:\\\/\\\/www.yucatanencorto.com\\\/noticias\\\/#\\\/schema\\\/logo\\\/image\\\/\"},\"sameAs\":[\"http:\\\/\\\/www.facebook.com\\\/yucatanencorto\",\"https:\\\/\\\/x.com\\\/yucatanencorto\"]},{\"@type\":\"Person\",\"@id\":\"https:\\\/\\\/www.yucatanencorto.com\\\/noticias\\\/#\\\/schema\\\/person\\\/f0ec40c33447bbc0dc2d01d3006de771\",\"name\":\"YC 25\",\"image\":{\"@type\":\"ImageObject\",\"inLanguage\":\"es\",\"@id\":\"https:\\\/\\\/secure.gravatar.com\\\/avatar\\\/20e0a6b626f38fa8e545fb3f80ce566efd790bf8877e65c3a482460cc3e0b5d1?s=96&d=mm&r=g\",\"url\":\"https:\\\/\\\/secure.gravatar.com\\\/avatar\\\/20e0a6b626f38fa8e545fb3f80ce566efd790bf8877e65c3a482460cc3e0b5d1?s=96&d=mm&r=g\",\"contentUrl\":\"https:\\\/\\\/secure.gravatar.com\\\/avatar\\\/20e0a6b626f38fa8e545fb3f80ce566efd790bf8877e65c3a482460cc3e0b5d1?s=96&d=mm&r=g\",\"caption\":\"YC 25\"},\"url\":\"https:\\\/\\\/www.yucatanencorto.com\\\/noticias\\\/author\\\/editor25\\\/\"}]}<\/script>\n<!-- \/ Yoast SEO plugin. -->","yoast_head_json":{"title":"Mejores tecnolog\u00edas buscan reducir la brecha digital - Yucat\u00e1n en corto","robots":{"index":"index","follow":"follow","max-snippet":"max-snippet:-1","max-image-preview":"max-image-preview:large","max-video-preview":"max-video-preview:-1"},"canonical":"https:\/\/www.yucatanencorto.com\/noticias\/mejores-tecnologias-buscan-reducir-la-brecha-digital\/","og_locale":"es_ES","og_type":"article","og_title":"Mejores tecnolog\u00edas buscan reducir la brecha digital - Yucat\u00e1n en corto","og_description":"M\u00e9rida, Yucat\u00e1n, a martes 1 de septiembre de 2026.- La presidenta municipal Cecilia Patr\u00f3n Laviada afirm\u00f3 que en dos a\u00f1os de administraci\u00f3n, la transformaci\u00f3n digital y el acceso a internet en M\u00e9rida se han convertido en herramientas al alcance de todas y todos, con acciones que van desde la modernizaci\u00f3n de tr\u00e1mites y servicios municipales [&hellip;]","og_url":"https:\/\/www.yucatanencorto.com\/noticias\/mejores-tecnologias-buscan-reducir-la-brecha-digital\/","og_site_name":"Yucat\u00e1n en corto","article_publisher":"http:\/\/www.facebook.com\/yucatanencorto","article_published_time":"2026-09-01T21:10:52+00:00","og_image":[{"width":768,"height":512,"url":"https:\/\/www.yucatanencorto.com\/noticias\/wp-content\/uploads\/2026\/09\/IMG-20260901-WA0114-scaled.jpg","type":"image\/jpeg"}],"author":"YC 25","twitter_card":"summary_large_image","twitter_creator":"@yucatanencorto","twitter_site":"@yucatanencorto","twitter_misc":{"Escrito por":"YC 25","Tiempo de lectura":"4 minutos"},"schema":{"@context":"https:\/\/schema.org","@graph":[{"@type":"Article","@id":"https:\/\/www.yucatanencorto.com\/noticias\/mejores-tecnologias-buscan-reducir-la-brecha-digital\/#article","isPartOf":{"@id":"https:\/\/www.yucatanencorto.com\/noticias\/mejores-tecnologias-buscan-reducir-la-brecha-digital\/"},"author":{"name":"YC 25","@id":"https:\/\/www.yucatanencorto.com\/noticias\/#\/schema\/person\/f0ec40c33447bbc0dc2d01d3006de771"},"headline":"Mejores tecnolog\u00edas buscan reducir la brecha digital","datePublished":"2026-09-01T21:10:52+00:00","mainEntityOfPage":{"@id":"https:\/\/www.yucatanencorto.com\/noticias\/mejores-tecnologias-buscan-reducir-la-brecha-digital\/"},"wordCount":893,"publisher":{"@id":"https:\/\/www.yucatanencorto.com\/noticias\/#organization"},"image":{"@id":"https:\/\/www.yucatanencorto.com\/noticias\/mejores-tecnologias-buscan-reducir-la-brecha-digital\/#primaryimage"},"thumbnailUrl":"https:\/\/www.yucatanencorto.com\/noticias\/wp-content\/uploads\/2026\/09\/IMG-20260901-WA0114-scaled.jpg","articleSection":["Yucat\u00e1n"],"inLanguage":"es"},{"@type":"WebPage","@id":"https:\/\/www.yucatanencorto.com\/noticias\/mejores-tecnologias-buscan-reducir-la-brecha-digital\/","url":"https:\/\/www.yucatanencorto.com\/noticias\/mejores-tecnologias-buscan-reducir-la-brecha-digital\/","name":"Mejores tecnolog\u00edas buscan reducir la brecha digital - Yucat\u00e1n en corto","isPartOf":{"@id":"https:\/\/www.yucatanencorto.com\/noticias\/#website"},"primaryImageOfPage":{"@id":"https:\/\/www.yucatanencorto.com\/noticias\/mejores-tecnologias-buscan-reducir-la-brecha-digital\/#primaryimage"},"image":{"@id":"https:\/\/www.yucatanencorto.com\/noticias\/mejores-tecnologias-buscan-reducir-la-brecha-digital\/#primaryimage"},"thumbnailUrl":"https:\/\/www.yucatanencorto.com\/noticias\/wp-content\/uploads\/2026\/09\/IMG-20260901-WA0114-scaled.jpg","datePublished":"2026-09-01T21:10:52+00:00","breadcrumb":{"@id":"https:\/\/www.yucatanencorto.com\/noticias\/mejores-tecnologias-buscan-reducir-la-brecha-digital\/#breadcrumb"},"inLanguage":"es","potentialAction":[{"@type":"ReadAction","target":["https:\/\/www.yucatanencorto.com\/noticias\/mejores-tecnologias-buscan-reducir-la-brecha-digital\/"]}]},{"@type":"ImageObject","inLanguage":"es","@id":"https:\/\/www.yucatanencorto.com\/noticias\/mejores-tecnologias-buscan-reducir-la-brecha-digital\/#primaryimage","url":"https:\/\/www.yucatanencorto.com\/noticias\/wp-content\/uploads\/2026\/09\/IMG-20260901-WA0114-scaled.jpg","contentUrl":"https:\/\/www.yucatanencorto.com\/noticias\/wp-content\/uploads\/2026\/09\/IMG-20260901-WA0114-scaled.jpg","width":768,"height":512},{"@type":"BreadcrumbList","@id":"https:\/\/www.yucatanencorto.com\/noticias\/mejores-tecnologias-buscan-reducir-la-brecha-digital\/#breadcrumb","itemListElement":[{"@type":"ListItem","position":1,"name":"Portada","item":"https:\/\/www.yucatanencorto.com\/noticias\/"},{"@type":"ListItem","position":2,"name":"Mejores tecnolog\u00edas buscan reducir la brecha digital"}]},{"@type":"WebSite","@id":"https:\/\/www.yucatanencorto.com\/noticias\/#website","url":"https:\/\/www.yucatanencorto.com\/noticias\/","name":"Yucat\u00e1n en corto","description":"Noticias","publisher":{"@id":"https:\/\/www.yucatanencorto.com\/noticias\/#organization"},"potentialAction":[{"@type":"SearchAction","target":{"@type":"EntryPoint","urlTemplate":"https:\/\/www.yucatanencorto.com\/noticias\/?s={search_term_string}"},"query-input":{"@type":"PropertyValueSpecification","valueRequired":true,"valueName":"search_term_string"}}],"inLanguage":"es"},{"@type":"Organization","@id":"https:\/\/www.yucatanencorto.com\/noticias\/#organization","name":"Yucat\u00e1n en corto","url":"https:\/\/www.yucatanencorto.com\/noticias\/","logo":{"@type":"ImageObject","inLanguage":"es","@id":"https:\/\/www.yucatanencorto.com\/noticias\/#\/schema\/logo\/image\/","url":"https:\/\/www.yucatanencorto.com\/noticias\/wp-content\/uploads\/2026\/08\/Logo-web.png","contentUrl":"https:\/\/www.yucatanencorto.com\/noticias\/wp-content\/uploads\/2026\/08\/Logo-web.png","width":272,"height":90,"caption":"Yucat\u00e1n en corto"},"image":{"@id":"https:\/\/www.yucatanencorto.com\/noticias\/#\/schema\/logo\/image\/"},"sameAs":["http:\/\/www.facebook.com\/yucatanencorto","https:\/\/x.com\/yucatanencorto"]},{"@type":"Person","@id":"https:\/\/www.yucatanencorto.com\/noticias\/#\/schema\/person\/f0ec40c33447bbc0dc2d01d3006de771","name":"YC 25","image":{"@type":"ImageObject","inLanguage":"es","@id":"https:\/\/secure.gravatar.com\/avatar\/20e0a6b626f38fa8e545fb3f80ce566efd790bf8877e65c3a482460cc3e0b5d1?s=96&d=mm&r=g","url":"https:\/\/secure.gravatar.com\/avatar\/20e0a6b626f38fa8e545fb3f80ce566efd790bf8877e65c3a482460cc3e0b5d1?s=96&d=mm&r=g","contentUrl":"https:\/\/secure.gravatar.com\/avatar\/20e0a6b626f38fa8e545fb3f80ce566efd790bf8877e65c3a482460cc3e0b5d1?s=96&d=mm&r=g","caption":"YC 25"},"url":"https:\/\/www.yucatanencorto.com\/noticias\/author\/editor25\/"}]}},"_links":{"self":[{"href":"https:\/\/www.yucatanencorto.com\/noticias\/wp-json\/wp\/v2\/posts\/118322","targetHints":{"allow":["GET"]}}],"collection":[{"href":"https:\/\/www.yucatanencorto.com\/noticias\/wp-json\/wp\/v2\/posts"}],"about":[{"href":"https:\/\/www.yucatanencorto.com\/noticias\/wp-json\/wp\/v2\/types\/post"}],"author":[{"embeddable":true,"href":"https:\/\/www.yucatanencorto.com\/noticias\/wp-json\/wp\/v2\/users\/4"}],"replies":[{"embeddable":true,"href":"https:\/\/www.yucatanencorto.com\/noticias\/wp-json\/wp\/v2\/comments?post=118322"}],"version-history":[{"count":1,"href":"https:\/\/www.yucatanencorto.com\/noticias\/wp-json\/wp\/v2\/posts\/118322\/revisions"}],"predecessor-version":[{"id":118324,"href":"https:\/\/www.yucatanencorto.com\/noticias\/wp-json\/wp\/v2\/posts\/118322\/revisions\/118324"}],"wp:featuredmedia":[{"embeddable":true,"href":"https:\/\/www.yucatanencorto.com\/noticias\/wp-json\/wp\/v2\/media\/118323"}],"wp:attachment":[{"href":"https:\/\/www.yucatanencorto.com\/noticias\/wp-json\/wp\/v2\/media?parent=118322"}],"wp:term":[{"taxonomy":"category","embeddable":true,"href":"https:\/\/www.yucatanencorto.com\/noticias\/wp-json\/wp\/v2\/categories?post=118322"},{"taxonomy":"post_tag","embeddable":true,"href":"https:\/\/www.yucatanencorto.com\/noticias\/wp-json\/wp\/v2\/tags?post=118322"}],"curies":[{"name":"wp","href":"https:\/\/api.w.org\/{rel}","templated":true}]}}