{"id":118326,"date":"2026-09-01T16:06:18","date_gmt":"2026-09-01T22:06:18","guid":{"rendered":"https:\/\/www.yucatanencorto.com\/noticias\/?p=118326"},"modified":"2026-09-01T16:06:18","modified_gmt":"2026-09-01T22:06:18","slug":"impulsan-proteccion-regional-para-el-agua-y-la-biodiversidad","status":"publish","type":"post","link":"https:\/\/www.yucatanencorto.com\/noticias\/impulsan-proteccion-regional-para-el-agua-y-la-biodiversidad\/","title":{"rendered":"Impulsan protecci\u00f3n regional para el agua y la biodiversidad"},"content":{"rendered":"<p><img loading=\"lazy\" decoding=\"async\" class=\"alignnone size-full wp-image-118327\" src=\"https:\/\/www.yucatanencorto.com\/noticias\/wp-content\/uploads\/2026\/09\/IMG-20260901-WA0127-scaled.jpg\" alt=\"\" width=\"768\" height=\"512\" srcset=\"https:\/\/www.yucatanencorto.com\/noticias\/wp-content\/uploads\/2026\/09\/IMG-20260901-WA0127-scaled.jpg 768w, https:\/\/www.yucatanencorto.com\/noticias\/wp-content\/uploads\/2026\/09\/IMG-20260901-WA0127-1536x1024.jpg 1536w, https:\/\/www.yucatanencorto.com\/noticias\/wp-content\/uploads\/2026\/09\/IMG-20260901-WA0127-2048x1366.jpg 2048w, https:\/\/www.yucatanencorto.com\/noticias\/wp-content\/uploads\/2026\/09\/IMG-20260901-WA0127-150x100.jpg 150w, https:\/\/www.yucatanencorto.com\/noticias\/wp-content\/uploads\/2026\/09\/IMG-20260901-WA0127-300x200.jpg 300w, https:\/\/www.yucatanencorto.com\/noticias\/wp-content\/uploads\/2026\/09\/IMG-20260901-WA0127-696x464.jpg 696w, https:\/\/www.yucatanencorto.com\/noticias\/wp-content\/uploads\/2026\/09\/IMG-20260901-WA0127-1068x712.jpg 1068w, https:\/\/www.yucatanencorto.com\/noticias\/wp-content\/uploads\/2026\/09\/IMG-20260901-WA0127-1920x1280.jpg 1920w\" sizes=\"auto, (max-width: 768px) 100vw, 768px\" \/><\/p>\n<p>M\u00e9rida, Yucat\u00e1n, a 1 de septiembre de 2026<\/p>\n<p>&nbsp;<\/p>\n<p>Para proteger una de las zonas m\u00e1s importantes para la recarga de agua, la biodiversidad y el patrimonio cultural maya, el Gobierno de Yucat\u00e1n propuso formalmente incorporar la Reserva Estatal Biocultural del Puuc al Corredor Biocultural Gran Selva Maya, en coordinaci\u00f3n con el Gobierno de M\u00e9xico, encabezado por la Presidenta Claudia Sheinbaum Pardo, a trav\u00e9s de la Secretar\u00eda de Medio Ambiente y Recursos Naturales (Semarnat).<\/p>\n<p>&nbsp;<\/p>\n<p>Durante la Mesa de Di\u00e1logo de Alto Nivel para la Revisi\u00f3n de Avances y Prospectiva del Corredor Biocultural Gran Selva Maya, el Gobernador Joaqu\u00edn D\u00edaz Mena se\u00f1al\u00f3 que esta incorporaci\u00f3n permitir\u00eda ampliar hacia el norte la conectividad ecol\u00f3gica y biocultural de este corredor compartido por M\u00e9xico, Guatemala y Belice.<\/p>\n<p>&nbsp;<\/p>\n<p>D\u00edaz Mena explic\u00f3 que la Reserva Estatal Biocultural del Puuc, establecida mediante decreto en 2011 y fortalecida con la aprobaci\u00f3n de su programa de manejo en 2022, conforma un territorio protegido donde convergen biodiversidad, patrimonio cultural maya, sistemas productivos tradicionales y gobernanza territorial.<\/p>\n<p>&nbsp;<\/p>\n<p>El Gobernador agradeci\u00f3 a la Presidenta Claudia Sheinbaum Pardo por colocar la protecci\u00f3n del medio ambiente y la justicia para los pueblos originarios en el centro de la agenda nacional.<\/p>\n<p>&nbsp;<\/p>\n<p>Tambi\u00e9n destac\u00f3 que la coordinaci\u00f3n impulsada por el Gobierno de M\u00e9xico, mediante la Semarnat, representa uno de los esfuerzos de conservaci\u00f3n m\u00e1s importantes de Am\u00e9rica Latina.<\/p>\n<p>&nbsp;<\/p>\n<p>\u201cLa Gran Selva Maya no reconoce fronteras. Nos unen el agua, la biodiversidad, nuestros pueblos originarios y una responsabilidad compartida. La naturaleza no nos pertenece; nosotros pertenecemos a ella y tenemos el deber de cuidarla, porque proteger el medio ambiente no significa detener el progreso, sino garantizar que el progreso tenga futuro. Cuenten con Yucat\u00e1n para trabajar unidos, m\u00e1s all\u00e1 de fronteras y gobiernos, por una Gran Selva Maya viva, fuerte y protegida\u201d, afirm\u00f3 el Gobernador.<\/p>\n<p>&nbsp;<\/p>\n<p>La Reserva Estatal Biocultural del Puuc comprende m\u00e1s de 135 mil hect\u00e1reas en los municipios de Muna, Santa Elena, Ticul, Oxkutzcab y Tekax.<\/p>\n<p>&nbsp;<\/p>\n<p>Adem\u00e1s de albergar una gran biodiversidad, sus zonas de mayor altitud y sus formaciones k\u00e1rsticas permiten una recarga estimada de cerca de mil 700 millones de metros c\u00fabicos de agua al acu\u00edfero peninsular, del cual depende la seguridad h\u00eddrica de toda la Pen\u00ednsula.<\/p>\n<p>&nbsp;<\/p>\n<p>En este territorio se encuentran registrados 92 sitios arqueol\u00f3gicos, entre ellos Uxmal, reconocido como Patrimonio Mundial por la Unesco. Tambi\u00e9n se mantienen la Milpa Maya, reconocida por la Organizaci\u00f3n de las Naciones Unidas para la Alimentaci\u00f3n y la Agricultura (FAO) como Sistema Importante del Patrimonio Agr\u00edcola Mundial; la apicultura; la meliponicultura, y los conocimientos tradicionales de las comunidades.<\/p>\n<p>&nbsp;<\/p>\n<p>Por su parte, la subsecretaria de Biodiversidad y Restauraci\u00f3n Ambiental de la Semarnat, Marina Robles Garc\u00eda, se\u00f1al\u00f3 que este encuentro permite conocer los avances en la construcci\u00f3n conjunta de un mejor futuro para la regi\u00f3n y constituye un ejemplo para el mundo en un momento complejo para el planeta.<\/p>\n<p>&nbsp;<\/p>\n<p>Robles Garc\u00eda puntualiz\u00f3 que el Corredor Biocultural Gran Selva Maya es una muestra de compromiso, amistad y voluntad para legar un mejor futuro a las pr\u00f3ximas generaciones. Asimismo, agradeci\u00f3 al Gobernador Joaqu\u00edn D\u00edaz Mena la hospitalidad y el compromiso demostrado con la protecci\u00f3n de los recursos naturales de Yucat\u00e1n.<\/p>\n<p>&nbsp;<\/p>\n<p>La Mesa de Di\u00e1logo de Alto Nivel reuni\u00f3 a representantes de los gobiernos de M\u00e9xico, Guatemala y Belice, as\u00ed como a aliados internacionales, para revisar los avances del Corredor Biocultural Gran Selva Maya y definir acciones prioritarias y mecanismos de financiamiento que dar\u00e1n continuidad a esta iniciativa durante los pr\u00f3ximos a\u00f1os.<\/p>\n<p>&nbsp;<\/p>\n<p>Acompa\u00f1aron al Gobernador el ministro de Desarrollo Sostenible, Cambio Clim\u00e1tico y Gesti\u00f3n de Residuos S\u00f3lidos de Belice, Orlando Habet; el comisionado nacional de \u00c1reas Naturales Protegidas de M\u00e9xico, Pedro \u00c1lvarez Icaza Longoria; la jefa del Departamento Forestal de Belice, Yanira Pop; el secretario ejecutivo del Consejo Nacional de \u00c1reas Protegidas de Guatemala, Igor de la Roca; la primera secretaria de Cooperaci\u00f3n de la Embajada de la Rep\u00fablica Federal de Alemania en M\u00e9xico, Jeanne L\u00e4tt, y el representante del Ministerio de Ambiente y Recursos Naturales de Guatemala, Juan Carlos Godoy.<\/p>\n<p>&nbsp;<\/p>\n<p>Tambi\u00e9n estuvieron presentes la secretaria de Desarrollo Sustentable (SDS), Neyra Silva Rosado; la representante en M\u00e9xico del Banco Interamericano de Desarrollo, Laura Ripani; la directora regional de la Uni\u00f3n Internacional para la Conservaci\u00f3n de la Naturaleza para M\u00e9xico, Am\u00e9rica Central y el Caribe (UICN), \u00darsula Parrilla; el ejecutivo principal de la oficina en M\u00e9xico del Banco de Desarrollo de Am\u00e9rica Latina y el Caribe (CAF), Julio de Armas; la representante en M\u00e9xico de la FAO, Lina Pohl Alfaro, y la directora del Cl\u00faster de Biodiversidad de la GIZ, Ingrid Prem.<\/p>\n<p>&nbsp;<\/p>\n","protected":false},"excerpt":{"rendered":"<p>M\u00e9rida, Yucat\u00e1n, a 1 de septiembre de 2026 &nbsp; Para proteger una de las zonas m\u00e1s importantes para la recarga de agua, la biodiversidad y el patrimonio cultural maya, el Gobierno de Yucat\u00e1n propuso formalmente incorporar la Reserva Estatal Biocultural del Puuc al Corredor Biocultural Gran Selva Maya, en coordinaci\u00f3n con el Gobierno de M\u00e9xico, [&hellip;]<\/p>\n","protected":false},"author":4,"featured_media":118327,"comment_status":"closed","ping_status":"closed","sticky":false,"template":"","format":"standard","meta":{"footnotes":""},"categories":[3],"tags":[],"class_list":["post-118326","post","type-post","status-publish","format-standard","has-post-thumbnail","category-yucatan"],"yoast_head":"<!-- This site is optimized with the Yoast SEO plugin v28.3 - https:\/\/yoast.com\/product\/yoast-seo-wordpress\/ -->\n<title>Impulsan protecci\u00f3n regional para el agua y la biodiversidad - Yucat\u00e1n en corto<\/title>\n<meta name=\"robots\" content=\"index, follow, max-snippet:-1, max-image-preview:large, max-video-preview:-1\" \/>\n<link rel=\"canonical\" href=\"https:\/\/www.yucatanencorto.com\/noticias\/impulsan-proteccion-regional-para-el-agua-y-la-biodiversidad\/\" \/>\n<meta property=\"og:locale\" content=\"es_ES\" \/>\n<meta property=\"og:type\" content=\"article\" \/>\n<meta property=\"og:title\" content=\"Impulsan protecci\u00f3n regional para el agua y la biodiversidad - Yucat\u00e1n en corto\" \/>\n<meta property=\"og:description\" content=\"M\u00e9rida, Yucat\u00e1n, a 1 de septiembre de 2026 &nbsp; Para proteger una de las zonas m\u00e1s importantes para la recarga de agua, la biodiversidad y el patrimonio cultural maya, el Gobierno de Yucat\u00e1n propuso formalmente incorporar la Reserva Estatal Biocultural del Puuc al Corredor Biocultural Gran Selva Maya, en coordinaci\u00f3n con el Gobierno de M\u00e9xico, [&hellip;]\" \/>\n<meta property=\"og:url\" content=\"https:\/\/www.yucatanencorto.com\/noticias\/impulsan-proteccion-regional-para-el-agua-y-la-biodiversidad\/\" \/>\n<meta property=\"og:site_name\" content=\"Yucat\u00e1n en corto\" \/>\n<meta property=\"article:publisher\" content=\"http:\/\/www.facebook.com\/yucatanencorto\" \/>\n<meta property=\"article:published_time\" content=\"2026-09-01T22:06:18+00:00\" \/>\n<meta property=\"og:image\" content=\"https:\/\/www.yucatanencorto.com\/noticias\/wp-content\/uploads\/2026\/09\/IMG-20260901-WA0127-scaled.jpg\" \/>\n\t<meta property=\"og:image:width\" content=\"768\" \/>\n\t<meta property=\"og:image:height\" content=\"512\" \/>\n\t<meta property=\"og:image:type\" content=\"image\/jpeg\" \/>\n<meta name=\"author\" content=\"YC 25\" \/>\n<meta name=\"twitter:card\" content=\"summary_large_image\" \/>\n<meta name=\"twitter:creator\" content=\"@yucatanencorto\" \/>\n<meta name=\"twitter:site\" content=\"@yucatanencorto\" \/>\n<meta name=\"twitter:label1\" content=\"Escrito por\" \/>\n\t<meta name=\"twitter:data1\" content=\"YC 25\" \/>\n\t<meta name=\"twitter:label2\" content=\"Tiempo de lectura\" \/>\n\t<meta name=\"twitter:data2\" content=\"4 minutos\" \/>\n<script type=\"application\/ld+json\" class=\"yoast-schema-graph\">{\"@context\":\"https:\\\/\\\/schema.org\",\"@graph\":[{\"@type\":\"Article\",\"@id\":\"https:\\\/\\\/www.yucatanencorto.com\\\/noticias\\\/impulsan-proteccion-regional-para-el-agua-y-la-biodiversidad\\\/#article\",\"isPartOf\":{\"@id\":\"https:\\\/\\\/www.yucatanencorto.com\\\/noticias\\\/impulsan-proteccion-regional-para-el-agua-y-la-biodiversidad\\\/\"},\"author\":{\"name\":\"YC 25\",\"@id\":\"https:\\\/\\\/www.yucatanencorto.com\\\/noticias\\\/#\\\/schema\\\/person\\\/f0ec40c33447bbc0dc2d01d3006de771\"},\"headline\":\"Impulsan protecci\u00f3n regional para el agua y la biodiversidad\",\"datePublished\":\"2026-09-01T22:06:18+00:00\",\"mainEntityOfPage\":{\"@id\":\"https:\\\/\\\/www.yucatanencorto.com\\\/noticias\\\/impulsan-proteccion-regional-para-el-agua-y-la-biodiversidad\\\/\"},\"wordCount\":843,\"publisher\":{\"@id\":\"https:\\\/\\\/www.yucatanencorto.com\\\/noticias\\\/#organization\"},\"image\":{\"@id\":\"https:\\\/\\\/www.yucatanencorto.com\\\/noticias\\\/impulsan-proteccion-regional-para-el-agua-y-la-biodiversidad\\\/#primaryimage\"},\"thumbnailUrl\":\"https:\\\/\\\/www.yucatanencorto.com\\\/noticias\\\/wp-content\\\/uploads\\\/2026\\\/09\\\/IMG-20260901-WA0127-scaled.jpg\",\"articleSection\":[\"Yucat\u00e1n\"],\"inLanguage\":\"es\"},{\"@type\":\"WebPage\",\"@id\":\"https:\\\/\\\/www.yucatanencorto.com\\\/noticias\\\/impulsan-proteccion-regional-para-el-agua-y-la-biodiversidad\\\/\",\"url\":\"https:\\\/\\\/www.yucatanencorto.com\\\/noticias\\\/impulsan-proteccion-regional-para-el-agua-y-la-biodiversidad\\\/\",\"name\":\"Impulsan protecci\u00f3n regional para el agua y la biodiversidad - Yucat\u00e1n en corto\",\"isPartOf\":{\"@id\":\"https:\\\/\\\/www.yucatanencorto.com\\\/noticias\\\/#website\"},\"primaryImageOfPage\":{\"@id\":\"https:\\\/\\\/www.yucatanencorto.com\\\/noticias\\\/impulsan-proteccion-regional-para-el-agua-y-la-biodiversidad\\\/#primaryimage\"},\"image\":{\"@id\":\"https:\\\/\\\/www.yucatanencorto.com\\\/noticias\\\/impulsan-proteccion-regional-para-el-agua-y-la-biodiversidad\\\/#primaryimage\"},\"thumbnailUrl\":\"https:\\\/\\\/www.yucatanencorto.com\\\/noticias\\\/wp-content\\\/uploads\\\/2026\\\/09\\\/IMG-20260901-WA0127-scaled.jpg\",\"datePublished\":\"2026-09-01T22:06:18+00:00\",\"breadcrumb\":{\"@id\":\"https:\\\/\\\/www.yucatanencorto.com\\\/noticias\\\/impulsan-proteccion-regional-para-el-agua-y-la-biodiversidad\\\/#breadcrumb\"},\"inLanguage\":\"es\",\"potentialAction\":[{\"@type\":\"ReadAction\",\"target\":[\"https:\\\/\\\/www.yucatanencorto.com\\\/noticias\\\/impulsan-proteccion-regional-para-el-agua-y-la-biodiversidad\\\/\"]}]},{\"@type\":\"ImageObject\",\"inLanguage\":\"es\",\"@id\":\"https:\\\/\\\/www.yucatanencorto.com\\\/noticias\\\/impulsan-proteccion-regional-para-el-agua-y-la-biodiversidad\\\/#primaryimage\",\"url\":\"https:\\\/\\\/www.yucatanencorto.com\\\/noticias\\\/wp-content\\\/uploads\\\/2026\\\/09\\\/IMG-20260901-WA0127-scaled.jpg\",\"contentUrl\":\"https:\\\/\\\/www.yucatanencorto.com\\\/noticias\\\/wp-content\\\/uploads\\\/2026\\\/09\\\/IMG-20260901-WA0127-scaled.jpg\",\"width\":768,\"height\":512},{\"@type\":\"BreadcrumbList\",\"@id\":\"https:\\\/\\\/www.yucatanencorto.com\\\/noticias\\\/impulsan-proteccion-regional-para-el-agua-y-la-biodiversidad\\\/#breadcrumb\",\"itemListElement\":[{\"@type\":\"ListItem\",\"position\":1,\"name\":\"Portada\",\"item\":\"https:\\\/\\\/www.yucatanencorto.com\\\/noticias\\\/\"},{\"@type\":\"ListItem\",\"position\":2,\"name\":\"Impulsan protecci\u00f3n regional para el agua y la biodiversidad\"}]},{\"@type\":\"WebSite\",\"@id\":\"https:\\\/\\\/www.yucatanencorto.com\\\/noticias\\\/#website\",\"url\":\"https:\\\/\\\/www.yucatanencorto.com\\\/noticias\\\/\",\"name\":\"Yucat\u00e1n en corto\",\"description\":\"Noticias\",\"publisher\":{\"@id\":\"https:\\\/\\\/www.yucatanencorto.com\\\/noticias\\\/#organization\"},\"potentialAction\":[{\"@type\":\"SearchAction\",\"target\":{\"@type\":\"EntryPoint\",\"urlTemplate\":\"https:\\\/\\\/www.yucatanencorto.com\\\/noticias\\\/?s={search_term_string}\"},\"query-input\":{\"@type\":\"PropertyValueSpecification\",\"valueRequired\":true,\"valueName\":\"search_term_string\"}}],\"inLanguage\":\"es\"},{\"@type\":\"Organization\",\"@id\":\"https:\\\/\\\/www.yucatanencorto.com\\\/noticias\\\/#organization\",\"name\":\"Yucat\u00e1n en corto\",\"url\":\"https:\\\/\\\/www.yucatanencorto.com\\\/noticias\\\/\",\"logo\":{\"@type\":\"ImageObject\",\"inLanguage\":\"es\",\"@id\":\"https:\\\/\\\/www.yucatanencorto.com\\\/noticias\\\/#\\\/schema\\\/logo\\\/image\\\/\",\"url\":\"https:\\\/\\\/www.yucatanencorto.com\\\/noticias\\\/wp-content\\\/uploads\\\/2026\\\/08\\\/Logo-web.png\",\"contentUrl\":\"https:\\\/\\\/www.yucatanencorto.com\\\/noticias\\\/wp-content\\\/uploads\\\/2026\\\/08\\\/Logo-web.png\",\"width\":272,\"height\":90,\"caption\":\"Yucat\u00e1n en corto\"},\"image\":{\"@id\":\"https:\\\/\\\/www.yucatanencorto.com\\\/noticias\\\/#\\\/schema\\\/logo\\\/image\\\/\"},\"sameAs\":[\"http:\\\/\\\/www.facebook.com\\\/yucatanencorto\",\"https:\\\/\\\/x.com\\\/yucatanencorto\"]},{\"@type\":\"Person\",\"@id\":\"https:\\\/\\\/www.yucatanencorto.com\\\/noticias\\\/#\\\/schema\\\/person\\\/f0ec40c33447bbc0dc2d01d3006de771\",\"name\":\"YC 25\",\"image\":{\"@type\":\"ImageObject\",\"inLanguage\":\"es\",\"@id\":\"https:\\\/\\\/secure.gravatar.com\\\/avatar\\\/20e0a6b626f38fa8e545fb3f80ce566efd790bf8877e65c3a482460cc3e0b5d1?s=96&d=mm&r=g\",\"url\":\"https:\\\/\\\/secure.gravatar.com\\\/avatar\\\/20e0a6b626f38fa8e545fb3f80ce566efd790bf8877e65c3a482460cc3e0b5d1?s=96&d=mm&r=g\",\"contentUrl\":\"https:\\\/\\\/secure.gravatar.com\\\/avatar\\\/20e0a6b626f38fa8e545fb3f80ce566efd790bf8877e65c3a482460cc3e0b5d1?s=96&d=mm&r=g\",\"caption\":\"YC 25\"},\"url\":\"https:\\\/\\\/www.yucatanencorto.com\\\/noticias\\\/author\\\/editor25\\\/\"}]}<\/script>\n<!-- \/ Yoast SEO plugin. -->","yoast_head_json":{"title":"Impulsan protecci\u00f3n regional para el agua y la biodiversidad - Yucat\u00e1n en corto","robots":{"index":"index","follow":"follow","max-snippet":"max-snippet:-1","max-image-preview":"max-image-preview:large","max-video-preview":"max-video-preview:-1"},"canonical":"https:\/\/www.yucatanencorto.com\/noticias\/impulsan-proteccion-regional-para-el-agua-y-la-biodiversidad\/","og_locale":"es_ES","og_type":"article","og_title":"Impulsan protecci\u00f3n regional para el agua y la biodiversidad - Yucat\u00e1n en corto","og_description":"M\u00e9rida, Yucat\u00e1n, a 1 de septiembre de 2026 &nbsp; Para proteger una de las zonas m\u00e1s importantes para la recarga de agua, la biodiversidad y el patrimonio cultural maya, el Gobierno de Yucat\u00e1n propuso formalmente incorporar la Reserva Estatal Biocultural del Puuc al Corredor Biocultural Gran Selva Maya, en coordinaci\u00f3n con el Gobierno de M\u00e9xico, [&hellip;]","og_url":"https:\/\/www.yucatanencorto.com\/noticias\/impulsan-proteccion-regional-para-el-agua-y-la-biodiversidad\/","og_site_name":"Yucat\u00e1n en corto","article_publisher":"http:\/\/www.facebook.com\/yucatanencorto","article_published_time":"2026-09-01T22:06:18+00:00","og_image":[{"width":768,"height":512,"url":"https:\/\/www.yucatanencorto.com\/noticias\/wp-content\/uploads\/2026\/09\/IMG-20260901-WA0127-scaled.jpg","type":"image\/jpeg"}],"author":"YC 25","twitter_card":"summary_large_image","twitter_creator":"@yucatanencorto","twitter_site":"@yucatanencorto","twitter_misc":{"Escrito por":"YC 25","Tiempo de lectura":"4 minutos"},"schema":{"@context":"https:\/\/schema.org","@graph":[{"@type":"Article","@id":"https:\/\/www.yucatanencorto.com\/noticias\/impulsan-proteccion-regional-para-el-agua-y-la-biodiversidad\/#article","isPartOf":{"@id":"https:\/\/www.yucatanencorto.com\/noticias\/impulsan-proteccion-regional-para-el-agua-y-la-biodiversidad\/"},"author":{"name":"YC 25","@id":"https:\/\/www.yucatanencorto.com\/noticias\/#\/schema\/person\/f0ec40c33447bbc0dc2d01d3006de771"},"headline":"Impulsan protecci\u00f3n regional para el agua y la biodiversidad","datePublished":"2026-09-01T22:06:18+00:00","mainEntityOfPage":{"@id":"https:\/\/www.yucatanencorto.com\/noticias\/impulsan-proteccion-regional-para-el-agua-y-la-biodiversidad\/"},"wordCount":843,"publisher":{"@id":"https:\/\/www.yucatanencorto.com\/noticias\/#organization"},"image":{"@id":"https:\/\/www.yucatanencorto.com\/noticias\/impulsan-proteccion-regional-para-el-agua-y-la-biodiversidad\/#primaryimage"},"thumbnailUrl":"https:\/\/www.yucatanencorto.com\/noticias\/wp-content\/uploads\/2026\/09\/IMG-20260901-WA0127-scaled.jpg","articleSection":["Yucat\u00e1n"],"inLanguage":"es"},{"@type":"WebPage","@id":"https:\/\/www.yucatanencorto.com\/noticias\/impulsan-proteccion-regional-para-el-agua-y-la-biodiversidad\/","url":"https:\/\/www.yucatanencorto.com\/noticias\/impulsan-proteccion-regional-para-el-agua-y-la-biodiversidad\/","name":"Impulsan protecci\u00f3n regional para el agua y la biodiversidad - Yucat\u00e1n en corto","isPartOf":{"@id":"https:\/\/www.yucatanencorto.com\/noticias\/#website"},"primaryImageOfPage":{"@id":"https:\/\/www.yucatanencorto.com\/noticias\/impulsan-proteccion-regional-para-el-agua-y-la-biodiversidad\/#primaryimage"},"image":{"@id":"https:\/\/www.yucatanencorto.com\/noticias\/impulsan-proteccion-regional-para-el-agua-y-la-biodiversidad\/#primaryimage"},"thumbnailUrl":"https:\/\/www.yucatanencorto.com\/noticias\/wp-content\/uploads\/2026\/09\/IMG-20260901-WA0127-scaled.jpg","datePublished":"2026-09-01T22:06:18+00:00","breadcrumb":{"@id":"https:\/\/www.yucatanencorto.com\/noticias\/impulsan-proteccion-regional-para-el-agua-y-la-biodiversidad\/#breadcrumb"},"inLanguage":"es","potentialAction":[{"@type":"ReadAction","target":["https:\/\/www.yucatanencorto.com\/noticias\/impulsan-proteccion-regional-para-el-agua-y-la-biodiversidad\/"]}]},{"@type":"ImageObject","inLanguage":"es","@id":"https:\/\/www.yucatanencorto.com\/noticias\/impulsan-proteccion-regional-para-el-agua-y-la-biodiversidad\/#primaryimage","url":"https:\/\/www.yucatanencorto.com\/noticias\/wp-content\/uploads\/2026\/09\/IMG-20260901-WA0127-scaled.jpg","contentUrl":"https:\/\/www.yucatanencorto.com\/noticias\/wp-content\/uploads\/2026\/09\/IMG-20260901-WA0127-scaled.jpg","width":768,"height":512},{"@type":"BreadcrumbList","@id":"https:\/\/www.yucatanencorto.com\/noticias\/impulsan-proteccion-regional-para-el-agua-y-la-biodiversidad\/#breadcrumb","itemListElement":[{"@type":"ListItem","position":1,"name":"Portada","item":"https:\/\/www.yucatanencorto.com\/noticias\/"},{"@type":"ListItem","position":2,"name":"Impulsan protecci\u00f3n regional para el agua y la biodiversidad"}]},{"@type":"WebSite","@id":"https:\/\/www.yucatanencorto.com\/noticias\/#website","url":"https:\/\/www.yucatanencorto.com\/noticias\/","name":"Yucat\u00e1n en corto","description":"Noticias","publisher":{"@id":"https:\/\/www.yucatanencorto.com\/noticias\/#organization"},"potentialAction":[{"@type":"SearchAction","target":{"@type":"EntryPoint","urlTemplate":"https:\/\/www.yucatanencorto.com\/noticias\/?s={search_term_string}"},"query-input":{"@type":"PropertyValueSpecification","valueRequired":true,"valueName":"search_term_string"}}],"inLanguage":"es"},{"@type":"Organization","@id":"https:\/\/www.yucatanencorto.com\/noticias\/#organization","name":"Yucat\u00e1n en corto","url":"https:\/\/www.yucatanencorto.com\/noticias\/","logo":{"@type":"ImageObject","inLanguage":"es","@id":"https:\/\/www.yucatanencorto.com\/noticias\/#\/schema\/logo\/image\/","url":"https:\/\/www.yucatanencorto.com\/noticias\/wp-content\/uploads\/2026\/08\/Logo-web.png","contentUrl":"https:\/\/www.yucatanencorto.com\/noticias\/wp-content\/uploads\/2026\/08\/Logo-web.png","width":272,"height":90,"caption":"Yucat\u00e1n en corto"},"image":{"@id":"https:\/\/www.yucatanencorto.com\/noticias\/#\/schema\/logo\/image\/"},"sameAs":["http:\/\/www.facebook.com\/yucatanencorto","https:\/\/x.com\/yucatanencorto"]},{"@type":"Person","@id":"https:\/\/www.yucatanencorto.com\/noticias\/#\/schema\/person\/f0ec40c33447bbc0dc2d01d3006de771","name":"YC 25","image":{"@type":"ImageObject","inLanguage":"es","@id":"https:\/\/secure.gravatar.com\/avatar\/20e0a6b626f38fa8e545fb3f80ce566efd790bf8877e65c3a482460cc3e0b5d1?s=96&d=mm&r=g","url":"https:\/\/secure.gravatar.com\/avatar\/20e0a6b626f38fa8e545fb3f80ce566efd790bf8877e65c3a482460cc3e0b5d1?s=96&d=mm&r=g","contentUrl":"https:\/\/secure.gravatar.com\/avatar\/20e0a6b626f38fa8e545fb3f80ce566efd790bf8877e65c3a482460cc3e0b5d1?s=96&d=mm&r=g","caption":"YC 25"},"url":"https:\/\/www.yucatanencorto.com\/noticias\/author\/editor25\/"}]}},"_links":{"self":[{"href":"https:\/\/www.yucatanencorto.com\/noticias\/wp-json\/wp\/v2\/posts\/118326","targetHints":{"allow":["GET"]}}],"collection":[{"href":"https:\/\/www.yucatanencorto.com\/noticias\/wp-json\/wp\/v2\/posts"}],"about":[{"href":"https:\/\/www.yucatanencorto.com\/noticias\/wp-json\/wp\/v2\/types\/post"}],"author":[{"embeddable":true,"href":"https:\/\/www.yucatanencorto.com\/noticias\/wp-json\/wp\/v2\/users\/4"}],"replies":[{"embeddable":true,"href":"https:\/\/www.yucatanencorto.com\/noticias\/wp-json\/wp\/v2\/comments?post=118326"}],"version-history":[{"count":1,"href":"https:\/\/www.yucatanencorto.com\/noticias\/wp-json\/wp\/v2\/posts\/118326\/revisions"}],"predecessor-version":[{"id":118328,"href":"https:\/\/www.yucatanencorto.com\/noticias\/wp-json\/wp\/v2\/posts\/118326\/revisions\/118328"}],"wp:featuredmedia":[{"embeddable":true,"href":"https:\/\/www.yucatanencorto.com\/noticias\/wp-json\/wp\/v2\/media\/118327"}],"wp:attachment":[{"href":"https:\/\/www.yucatanencorto.com\/noticias\/wp-json\/wp\/v2\/media?parent=118326"}],"wp:term":[{"taxonomy":"category","embeddable":true,"href":"https:\/\/www.yucatanencorto.com\/noticias\/wp-json\/wp\/v2\/categories?post=118326"},{"taxonomy":"post_tag","embeddable":true,"href":"https:\/\/www.yucatanencorto.com\/noticias\/wp-json\/wp\/v2\/tags?post=118326"}],"curies":[{"name":"wp","href":"https:\/\/api.w.org\/{rel}","templated":true}]}}