{"id":118333,"date":"2026-09-02T16:17:48","date_gmt":"2026-09-02T22:17:48","guid":{"rendered":"https:\/\/www.yucatanencorto.com\/noticias\/?p=118333"},"modified":"2026-09-02T16:17:48","modified_gmt":"2026-09-02T22:17:48","slug":"abren-oportunidades-universitarias-para-mas-de-100-mil-habitantes-de-tizimin-tzucacab-y-chikindzonot","status":"publish","type":"post","link":"https:\/\/www.yucatanencorto.com\/noticias\/abren-oportunidades-universitarias-para-mas-de-100-mil-habitantes-de-tizimin-tzucacab-y-chikindzonot\/","title":{"rendered":"Abren oportunidades universitarias para m\u00e1s de 100 mil habitantes de Tizim\u00edn, Tzucacab y Chikindzonot"},"content":{"rendered":"<p><img loading=\"lazy\" decoding=\"async\" class=\"alignnone size-full wp-image-118334\" src=\"https:\/\/www.yucatanencorto.com\/noticias\/wp-content\/uploads\/2026\/09\/IMG-20260902-WA0106-scaled.jpg\" alt=\"\" width=\"768\" height=\"513\" srcset=\"https:\/\/www.yucatanencorto.com\/noticias\/wp-content\/uploads\/2026\/09\/IMG-20260902-WA0106-scaled.jpg 768w, https:\/\/www.yucatanencorto.com\/noticias\/wp-content\/uploads\/2026\/09\/IMG-20260902-WA0106-150x100.jpg 150w, https:\/\/www.yucatanencorto.com\/noticias\/wp-content\/uploads\/2026\/09\/IMG-20260902-WA0106-300x200.jpg 300w, https:\/\/www.yucatanencorto.com\/noticias\/wp-content\/uploads\/2026\/09\/IMG-20260902-WA0106-696x465.jpg 696w, https:\/\/www.yucatanencorto.com\/noticias\/wp-content\/uploads\/2026\/09\/IMG-20260902-WA0106-1068x713.jpg 1068w\" sizes=\"auto, (max-width: 768px) 100vw, 768px\" \/><\/p>\n<p>M\u00e9rida, Yucat\u00e1n, a 2 de septiembre de 2026<\/p>\n<p>&nbsp;<\/p>\n<p>El acceso a la educaci\u00f3n superior gratuita se ampliar\u00e1 en Yucat\u00e1n con la apertura de tres nuevas Universidades para el Bienestar Benito Ju\u00e1rez Garc\u00eda en Tzucacab, Colonia Yucat\u00e1n y Chikindzonot, anunci\u00f3 el Gobernador Joaqu\u00edn D\u00edaz Mena.<\/p>\n<p>&nbsp;<\/p>\n<p>Con estos planteles, el Renacimiento Maya acercar\u00e1 oportunidades profesionales a j\u00f3venes del sur, oriente y comunidades mayahablantes, para que puedan cursar una carrera cerca de sus hogares, sin que la distancia o la falta de recursos econ\u00f3micos los obliguen a abandonar sus estudios.<\/p>\n<p>&nbsp;<\/p>\n<p>La ampliaci\u00f3n de la oferta universitaria forma parte de una pol\u00edtica educativa integral que, en este regreso a clases, respalda a 68 mil 554 estudiantes de educaci\u00f3n media superior con becas, beneficia a 197 mil 974 alumnas y alumnos de educaci\u00f3n b\u00e1sica mediante paquetes escolares y contempla una inversi\u00f3n superior a 500 millones de pesos en infraestructura escolar.<\/p>\n<p>&nbsp;<\/p>\n<p>Durante su conferencia de prensa matutina, el Gobernador explic\u00f3 que la sede de Colonia Yucat\u00e1n atender\u00e1 tambi\u00e9n a j\u00f3venes de las comisar\u00edas de Tizim\u00edn cercanas a Quintana Roo, mientras que la universidad de Chikindzonot ampliar\u00e1 las oportunidades educativas para la poblaci\u00f3n mayahablante del centro y oriente del estado.<\/p>\n<p>&nbsp;<\/p>\n<p>\u201cEste beneficio significa brindar educaci\u00f3n superior gratuita y cerca de sus hogares a j\u00f3venes que, de otra manera, podr\u00edan dejar de estudiar por no contar con recursos para viajar o vivir en M\u00e9rida. El lugar donde nacieron debe ser motivo de orgullo, nunca un l\u00edmite para alcanzar sus sue\u00f1os\u201d, afirm\u00f3 D\u00edaz Mena.<\/p>\n<p>&nbsp;<\/p>\n<p>Las tres nuevas instituciones se sumar\u00e1n a las Universidades para el Bienestar que ya funcionan en Tekax, Izamal, Yaxcab\u00e1, Ticul, Valladolid y Pist\u00e9, donde se imparten programas relacionados con medicina, enfermer\u00eda, educaci\u00f3n, ingenier\u00eda, desarrollo sustentable y patrimonio hist\u00f3rico.<\/p>\n<p>&nbsp;<\/p>\n<p>D\u00edaz Mena record\u00f3 su experiencia como estudiante de una escuela p\u00fablica en San Felipe y reconoci\u00f3 el esfuerzo que realizan madres y padres de familia para que sus hijas e hijos contin\u00faen estudiando.<\/p>\n<p>&nbsp;<\/p>\n<p>\u201cS\u00e9 lo que una familia hace para que un hijo estudie: los uniformes que se heredan, los \u00fatiles que se aprovechan al m\u00e1ximo y el esfuerzo que las madres y los padres hacen en silencio\u201d.<\/p>\n<p>&nbsp;<\/p>\n<p>Asimismo, destac\u00f3 que el ciclo escolar 2026-2027 comenz\u00f3 con planteles preparados, medidas de protecci\u00f3n vigentes y apoyos dirigidos a respaldar la econom\u00eda de los hogares, y reiter\u00f3 que cualquier pendiente de infraestructura ser\u00e1 atendido mediante cuadrillas de trabajo y fechas claras para su conclusi\u00f3n.<\/p>\n<p>&nbsp;<\/p>\n<p>El Gobernador tambi\u00e9n record\u00f3 que la Presidenta Claudia Sheinbaum Pardo rindi\u00f3 su Segundo Informe de Gobierno con honestidad y resultados, y afirm\u00f3 que Yucat\u00e1n es uno de los estados m\u00e1s beneficiados por la transformaci\u00f3n que encabeza en el pa\u00eds, con la meta de que 787 mil 400 yucatecas y yucatecos reciban este a\u00f1o alg\u00fan programa federal, mediante una inversi\u00f3n social de 18 mil millones de pesos.<\/p>\n<p>&nbsp;<\/p>\n<p>En su intervenci\u00f3n, el secretario de Educaci\u00f3n, Juan Balam V\u00e1rguez, se\u00f1al\u00f3 que el ciclo escolar 2026-2027 inici\u00f3 con avances importantes en<\/p>\n<p>infraestructura f\u00edsica educativa, rubro en el que se han invertido m\u00e1s de 500 millones de pesos para reparaci\u00f3n, mantenimiento, construcci\u00f3n de aulas, domos y ba\u00f1os, as\u00ed como equipamiento de planteles.<\/p>\n<p>&nbsp;<\/p>\n<p>El funcionario estatal inform\u00f3 que durante este curso lectivo se pondr\u00e1 en marcha el modelo educativo Renacimiento Maya en cinco planteles, con formaci\u00f3n integral, identidad y cultura maya, ense\u00f1anza del idioma ingl\u00e9s, tecnolog\u00eda y desarrollo socioemocional, mediante un trayecto formativo de secundaria a bachillerato.<\/p>\n<p>&nbsp;<\/p>\n<p>Agreg\u00f3 que siete nuevas preparatorias se integran al Bachillerato Nacional Margarita Maza, con una inversi\u00f3n superior a 139 millones de pesos, y destac\u00f3 el inicio de operaciones de la Universidad Tecnol\u00f3gica del Mar, donde se formar\u00e1n especialistas en agricultura, gesti\u00f3n y administraci\u00f3n mar\u00edtimo-portuaria, as\u00ed como en protecci\u00f3n y conservaci\u00f3n ambiental.<\/p>\n<p>&nbsp;<\/p>\n<p>Adem\u00e1s, a trav\u00e9s de la Universidad Virtual del Estado de Yucat\u00e1n se ofrecer\u00e1n los programas de Ingenier\u00eda en Inteligencia Artificial Aplicada y la Licenciatura en Comunicaci\u00f3n y Escritura Digital, con capacidad para recibir a 220 estudiantes.<\/p>\n<p>&nbsp;<\/p>\n<p>Por su parte, la secretaria de Bienestar, Estefan\u00eda Baeza Mart\u00ednez, inform\u00f3 que, mediante Bienestar en tu Escuela, concluy\u00f3 la distribuci\u00f3n de apoyos para 197 mil 974 beneficiarias y beneficiarios de mil 262 planteles de los 106 municipios, con una inversi\u00f3n de 123 millones de pesos.<\/p>\n<p>&nbsp;<\/p>\n<p>A\u00f1adi\u00f3 que la elaboraci\u00f3n de los productos entregados permiti\u00f3 respaldar a 125 productores locales y generar dos mil 700 empleos directos, en beneficio de m\u00e1s de cinco mil familias yucatecas.<\/p>\n<p>&nbsp;<\/p>\n<p>A trav\u00e9s de Juventudes Renacimiento, m\u00e1s de nueve mil estudiantes de educaci\u00f3n superior reciben becas de tres mil pesos bimestrales, lo que representa un respaldo de hasta 15 mil pesos por ciclo escolar.<\/p>\n<p>&nbsp;<\/p>\n<p>\u201cLa educaci\u00f3n fue el camino por el que un ni\u00f1o de San Felipe lleg\u00f3 a servirle a Yucat\u00e1n y ser\u00e1 tambi\u00e9n el camino para que ustedes lleguen hasta donde se lo propongan. Ese es el Renacimiento Maya: que el lugar donde nacemos marque nuestro origen y nuestro orgullo, pero nunca nuestro l\u00edmite\u201d, concluy\u00f3 D\u00edaz Mena.<\/p>\n<p>&nbsp;<\/p>\n<p>&nbsp;<\/p>\n","protected":false},"excerpt":{"rendered":"<p>M\u00e9rida, Yucat\u00e1n, a 2 de septiembre de 2026 &nbsp; El acceso a la educaci\u00f3n superior gratuita se ampliar\u00e1 en Yucat\u00e1n con la apertura de tres nuevas Universidades para el Bienestar Benito Ju\u00e1rez Garc\u00eda en Tzucacab, Colonia Yucat\u00e1n y Chikindzonot, anunci\u00f3 el Gobernador Joaqu\u00edn D\u00edaz Mena. &nbsp; Con estos planteles, el Renacimiento Maya acercar\u00e1 oportunidades profesionales [&hellip;]<\/p>\n","protected":false},"author":4,"featured_media":118334,"comment_status":"closed","ping_status":"closed","sticky":false,"template":"","format":"standard","meta":{"footnotes":""},"categories":[3],"tags":[],"class_list":["post-118333","post","type-post","status-publish","format-standard","has-post-thumbnail","category-yucatan"],"yoast_head":"<!-- This site is optimized with the Yoast SEO plugin v28.3 - https:\/\/yoast.com\/product\/yoast-seo-wordpress\/ -->\n<title>Abren oportunidades universitarias para m\u00e1s de 100 mil habitantes de Tizim\u00edn, Tzucacab y Chikindzonot - Yucat\u00e1n en corto<\/title>\n<meta name=\"robots\" content=\"index, follow, max-snippet:-1, max-image-preview:large, max-video-preview:-1\" \/>\n<link rel=\"canonical\" href=\"https:\/\/www.yucatanencorto.com\/noticias\/abren-oportunidades-universitarias-para-mas-de-100-mil-habitantes-de-tizimin-tzucacab-y-chikindzonot\/\" \/>\n<meta property=\"og:locale\" content=\"es_ES\" \/>\n<meta property=\"og:type\" content=\"article\" \/>\n<meta property=\"og:title\" content=\"Abren oportunidades universitarias para m\u00e1s de 100 mil habitantes de Tizim\u00edn, Tzucacab y Chikindzonot - Yucat\u00e1n en corto\" \/>\n<meta property=\"og:description\" content=\"M\u00e9rida, Yucat\u00e1n, a 2 de septiembre de 2026 &nbsp; El acceso a la educaci\u00f3n superior gratuita se ampliar\u00e1 en Yucat\u00e1n con la apertura de tres nuevas Universidades para el Bienestar Benito Ju\u00e1rez Garc\u00eda en Tzucacab, Colonia Yucat\u00e1n y Chikindzonot, anunci\u00f3 el Gobernador Joaqu\u00edn D\u00edaz Mena. &nbsp; Con estos planteles, el Renacimiento Maya acercar\u00e1 oportunidades profesionales [&hellip;]\" \/>\n<meta property=\"og:url\" content=\"https:\/\/www.yucatanencorto.com\/noticias\/abren-oportunidades-universitarias-para-mas-de-100-mil-habitantes-de-tizimin-tzucacab-y-chikindzonot\/\" \/>\n<meta property=\"og:site_name\" content=\"Yucat\u00e1n en corto\" \/>\n<meta property=\"article:publisher\" content=\"http:\/\/www.facebook.com\/yucatanencorto\" \/>\n<meta property=\"article:published_time\" content=\"2026-09-02T22:17:48+00:00\" \/>\n<meta property=\"og:image\" content=\"https:\/\/www.yucatanencorto.com\/noticias\/wp-content\/uploads\/2026\/09\/IMG-20260902-WA0106-scaled.jpg\" \/>\n\t<meta property=\"og:image:width\" content=\"768\" \/>\n\t<meta property=\"og:image:height\" content=\"513\" \/>\n\t<meta property=\"og:image:type\" content=\"image\/jpeg\" \/>\n<meta name=\"author\" content=\"YC 25\" \/>\n<meta name=\"twitter:card\" content=\"summary_large_image\" \/>\n<meta name=\"twitter:creator\" content=\"@yucatanencorto\" \/>\n<meta name=\"twitter:site\" content=\"@yucatanencorto\" \/>\n<meta name=\"twitter:label1\" content=\"Escrito por\" \/>\n\t<meta name=\"twitter:data1\" content=\"YC 25\" \/>\n\t<meta name=\"twitter:label2\" content=\"Tiempo de lectura\" \/>\n\t<meta name=\"twitter:data2\" content=\"4 minutos\" \/>\n<script type=\"application\/ld+json\" class=\"yoast-schema-graph\">{\"@context\":\"https:\\\/\\\/schema.org\",\"@graph\":[{\"@type\":\"Article\",\"@id\":\"https:\\\/\\\/www.yucatanencorto.com\\\/noticias\\\/abren-oportunidades-universitarias-para-mas-de-100-mil-habitantes-de-tizimin-tzucacab-y-chikindzonot\\\/#article\",\"isPartOf\":{\"@id\":\"https:\\\/\\\/www.yucatanencorto.com\\\/noticias\\\/abren-oportunidades-universitarias-para-mas-de-100-mil-habitantes-de-tizimin-tzucacab-y-chikindzonot\\\/\"},\"author\":{\"name\":\"YC 25\",\"@id\":\"https:\\\/\\\/www.yucatanencorto.com\\\/noticias\\\/#\\\/schema\\\/person\\\/f0ec40c33447bbc0dc2d01d3006de771\"},\"headline\":\"Abren oportunidades universitarias para m\u00e1s de 100 mil habitantes de Tizim\u00edn, Tzucacab y Chikindzonot\",\"datePublished\":\"2026-09-02T22:17:48+00:00\",\"mainEntityOfPage\":{\"@id\":\"https:\\\/\\\/www.yucatanencorto.com\\\/noticias\\\/abren-oportunidades-universitarias-para-mas-de-100-mil-habitantes-de-tizimin-tzucacab-y-chikindzonot\\\/\"},\"wordCount\":912,\"publisher\":{\"@id\":\"https:\\\/\\\/www.yucatanencorto.com\\\/noticias\\\/#organization\"},\"image\":{\"@id\":\"https:\\\/\\\/www.yucatanencorto.com\\\/noticias\\\/abren-oportunidades-universitarias-para-mas-de-100-mil-habitantes-de-tizimin-tzucacab-y-chikindzonot\\\/#primaryimage\"},\"thumbnailUrl\":\"https:\\\/\\\/www.yucatanencorto.com\\\/noticias\\\/wp-content\\\/uploads\\\/2026\\\/09\\\/IMG-20260902-WA0106-scaled.jpg\",\"articleSection\":[\"Yucat\u00e1n\"],\"inLanguage\":\"es\"},{\"@type\":\"WebPage\",\"@id\":\"https:\\\/\\\/www.yucatanencorto.com\\\/noticias\\\/abren-oportunidades-universitarias-para-mas-de-100-mil-habitantes-de-tizimin-tzucacab-y-chikindzonot\\\/\",\"url\":\"https:\\\/\\\/www.yucatanencorto.com\\\/noticias\\\/abren-oportunidades-universitarias-para-mas-de-100-mil-habitantes-de-tizimin-tzucacab-y-chikindzonot\\\/\",\"name\":\"Abren oportunidades universitarias para m\u00e1s de 100 mil habitantes de Tizim\u00edn, Tzucacab y Chikindzonot - Yucat\u00e1n en corto\",\"isPartOf\":{\"@id\":\"https:\\\/\\\/www.yucatanencorto.com\\\/noticias\\\/#website\"},\"primaryImageOfPage\":{\"@id\":\"https:\\\/\\\/www.yucatanencorto.com\\\/noticias\\\/abren-oportunidades-universitarias-para-mas-de-100-mil-habitantes-de-tizimin-tzucacab-y-chikindzonot\\\/#primaryimage\"},\"image\":{\"@id\":\"https:\\\/\\\/www.yucatanencorto.com\\\/noticias\\\/abren-oportunidades-universitarias-para-mas-de-100-mil-habitantes-de-tizimin-tzucacab-y-chikindzonot\\\/#primaryimage\"},\"thumbnailUrl\":\"https:\\\/\\\/www.yucatanencorto.com\\\/noticias\\\/wp-content\\\/uploads\\\/2026\\\/09\\\/IMG-20260902-WA0106-scaled.jpg\",\"datePublished\":\"2026-09-02T22:17:48+00:00\",\"breadcrumb\":{\"@id\":\"https:\\\/\\\/www.yucatanencorto.com\\\/noticias\\\/abren-oportunidades-universitarias-para-mas-de-100-mil-habitantes-de-tizimin-tzucacab-y-chikindzonot\\\/#breadcrumb\"},\"inLanguage\":\"es\",\"potentialAction\":[{\"@type\":\"ReadAction\",\"target\":[\"https:\\\/\\\/www.yucatanencorto.com\\\/noticias\\\/abren-oportunidades-universitarias-para-mas-de-100-mil-habitantes-de-tizimin-tzucacab-y-chikindzonot\\\/\"]}]},{\"@type\":\"ImageObject\",\"inLanguage\":\"es\",\"@id\":\"https:\\\/\\\/www.yucatanencorto.com\\\/noticias\\\/abren-oportunidades-universitarias-para-mas-de-100-mil-habitantes-de-tizimin-tzucacab-y-chikindzonot\\\/#primaryimage\",\"url\":\"https:\\\/\\\/www.yucatanencorto.com\\\/noticias\\\/wp-content\\\/uploads\\\/2026\\\/09\\\/IMG-20260902-WA0106-scaled.jpg\",\"contentUrl\":\"https:\\\/\\\/www.yucatanencorto.com\\\/noticias\\\/wp-content\\\/uploads\\\/2026\\\/09\\\/IMG-20260902-WA0106-scaled.jpg\",\"width\":768,\"height\":513},{\"@type\":\"BreadcrumbList\",\"@id\":\"https:\\\/\\\/www.yucatanencorto.com\\\/noticias\\\/abren-oportunidades-universitarias-para-mas-de-100-mil-habitantes-de-tizimin-tzucacab-y-chikindzonot\\\/#breadcrumb\",\"itemListElement\":[{\"@type\":\"ListItem\",\"position\":1,\"name\":\"Portada\",\"item\":\"https:\\\/\\\/www.yucatanencorto.com\\\/noticias\\\/\"},{\"@type\":\"ListItem\",\"position\":2,\"name\":\"Abren oportunidades universitarias para m\u00e1s de 100 mil habitantes de Tizim\u00edn, Tzucacab y Chikindzonot\"}]},{\"@type\":\"WebSite\",\"@id\":\"https:\\\/\\\/www.yucatanencorto.com\\\/noticias\\\/#website\",\"url\":\"https:\\\/\\\/www.yucatanencorto.com\\\/noticias\\\/\",\"name\":\"Yucat\u00e1n en corto\",\"description\":\"Noticias\",\"publisher\":{\"@id\":\"https:\\\/\\\/www.yucatanencorto.com\\\/noticias\\\/#organization\"},\"potentialAction\":[{\"@type\":\"SearchAction\",\"target\":{\"@type\":\"EntryPoint\",\"urlTemplate\":\"https:\\\/\\\/www.yucatanencorto.com\\\/noticias\\\/?s={search_term_string}\"},\"query-input\":{\"@type\":\"PropertyValueSpecification\",\"valueRequired\":true,\"valueName\":\"search_term_string\"}}],\"inLanguage\":\"es\"},{\"@type\":\"Organization\",\"@id\":\"https:\\\/\\\/www.yucatanencorto.com\\\/noticias\\\/#organization\",\"name\":\"Yucat\u00e1n en corto\",\"url\":\"https:\\\/\\\/www.yucatanencorto.com\\\/noticias\\\/\",\"logo\":{\"@type\":\"ImageObject\",\"inLanguage\":\"es\",\"@id\":\"https:\\\/\\\/www.yucatanencorto.com\\\/noticias\\\/#\\\/schema\\\/logo\\\/image\\\/\",\"url\":\"https:\\\/\\\/www.yucatanencorto.com\\\/noticias\\\/wp-content\\\/uploads\\\/2026\\\/08\\\/Logo-web.png\",\"contentUrl\":\"https:\\\/\\\/www.yucatanencorto.com\\\/noticias\\\/wp-content\\\/uploads\\\/2026\\\/08\\\/Logo-web.png\",\"width\":272,\"height\":90,\"caption\":\"Yucat\u00e1n en corto\"},\"image\":{\"@id\":\"https:\\\/\\\/www.yucatanencorto.com\\\/noticias\\\/#\\\/schema\\\/logo\\\/image\\\/\"},\"sameAs\":[\"http:\\\/\\\/www.facebook.com\\\/yucatanencorto\",\"https:\\\/\\\/x.com\\\/yucatanencorto\"]},{\"@type\":\"Person\",\"@id\":\"https:\\\/\\\/www.yucatanencorto.com\\\/noticias\\\/#\\\/schema\\\/person\\\/f0ec40c33447bbc0dc2d01d3006de771\",\"name\":\"YC 25\",\"image\":{\"@type\":\"ImageObject\",\"inLanguage\":\"es\",\"@id\":\"https:\\\/\\\/secure.gravatar.com\\\/avatar\\\/20e0a6b626f38fa8e545fb3f80ce566efd790bf8877e65c3a482460cc3e0b5d1?s=96&d=mm&r=g\",\"url\":\"https:\\\/\\\/secure.gravatar.com\\\/avatar\\\/20e0a6b626f38fa8e545fb3f80ce566efd790bf8877e65c3a482460cc3e0b5d1?s=96&d=mm&r=g\",\"contentUrl\":\"https:\\\/\\\/secure.gravatar.com\\\/avatar\\\/20e0a6b626f38fa8e545fb3f80ce566efd790bf8877e65c3a482460cc3e0b5d1?s=96&d=mm&r=g\",\"caption\":\"YC 25\"},\"url\":\"https:\\\/\\\/www.yucatanencorto.com\\\/noticias\\\/author\\\/editor25\\\/\"}]}<\/script>\n<!-- \/ Yoast SEO plugin. -->","yoast_head_json":{"title":"Abren oportunidades universitarias para m\u00e1s de 100 mil habitantes de Tizim\u00edn, Tzucacab y Chikindzonot - Yucat\u00e1n en corto","robots":{"index":"index","follow":"follow","max-snippet":"max-snippet:-1","max-image-preview":"max-image-preview:large","max-video-preview":"max-video-preview:-1"},"canonical":"https:\/\/www.yucatanencorto.com\/noticias\/abren-oportunidades-universitarias-para-mas-de-100-mil-habitantes-de-tizimin-tzucacab-y-chikindzonot\/","og_locale":"es_ES","og_type":"article","og_title":"Abren oportunidades universitarias para m\u00e1s de 100 mil habitantes de Tizim\u00edn, Tzucacab y Chikindzonot - Yucat\u00e1n en corto","og_description":"M\u00e9rida, Yucat\u00e1n, a 2 de septiembre de 2026 &nbsp; El acceso a la educaci\u00f3n superior gratuita se ampliar\u00e1 en Yucat\u00e1n con la apertura de tres nuevas Universidades para el Bienestar Benito Ju\u00e1rez Garc\u00eda en Tzucacab, Colonia Yucat\u00e1n y Chikindzonot, anunci\u00f3 el Gobernador Joaqu\u00edn D\u00edaz Mena. &nbsp; Con estos planteles, el Renacimiento Maya acercar\u00e1 oportunidades profesionales [&hellip;]","og_url":"https:\/\/www.yucatanencorto.com\/noticias\/abren-oportunidades-universitarias-para-mas-de-100-mil-habitantes-de-tizimin-tzucacab-y-chikindzonot\/","og_site_name":"Yucat\u00e1n en corto","article_publisher":"http:\/\/www.facebook.com\/yucatanencorto","article_published_time":"2026-09-02T22:17:48+00:00","og_image":[{"width":768,"height":513,"url":"https:\/\/www.yucatanencorto.com\/noticias\/wp-content\/uploads\/2026\/09\/IMG-20260902-WA0106-scaled.jpg","type":"image\/jpeg"}],"author":"YC 25","twitter_card":"summary_large_image","twitter_creator":"@yucatanencorto","twitter_site":"@yucatanencorto","twitter_misc":{"Escrito por":"YC 25","Tiempo de lectura":"4 minutos"},"schema":{"@context":"https:\/\/schema.org","@graph":[{"@type":"Article","@id":"https:\/\/www.yucatanencorto.com\/noticias\/abren-oportunidades-universitarias-para-mas-de-100-mil-habitantes-de-tizimin-tzucacab-y-chikindzonot\/#article","isPartOf":{"@id":"https:\/\/www.yucatanencorto.com\/noticias\/abren-oportunidades-universitarias-para-mas-de-100-mil-habitantes-de-tizimin-tzucacab-y-chikindzonot\/"},"author":{"name":"YC 25","@id":"https:\/\/www.yucatanencorto.com\/noticias\/#\/schema\/person\/f0ec40c33447bbc0dc2d01d3006de771"},"headline":"Abren oportunidades universitarias para m\u00e1s de 100 mil habitantes de Tizim\u00edn, Tzucacab y Chikindzonot","datePublished":"2026-09-02T22:17:48+00:00","mainEntityOfPage":{"@id":"https:\/\/www.yucatanencorto.com\/noticias\/abren-oportunidades-universitarias-para-mas-de-100-mil-habitantes-de-tizimin-tzucacab-y-chikindzonot\/"},"wordCount":912,"publisher":{"@id":"https:\/\/www.yucatanencorto.com\/noticias\/#organization"},"image":{"@id":"https:\/\/www.yucatanencorto.com\/noticias\/abren-oportunidades-universitarias-para-mas-de-100-mil-habitantes-de-tizimin-tzucacab-y-chikindzonot\/#primaryimage"},"thumbnailUrl":"https:\/\/www.yucatanencorto.com\/noticias\/wp-content\/uploads\/2026\/09\/IMG-20260902-WA0106-scaled.jpg","articleSection":["Yucat\u00e1n"],"inLanguage":"es"},{"@type":"WebPage","@id":"https:\/\/www.yucatanencorto.com\/noticias\/abren-oportunidades-universitarias-para-mas-de-100-mil-habitantes-de-tizimin-tzucacab-y-chikindzonot\/","url":"https:\/\/www.yucatanencorto.com\/noticias\/abren-oportunidades-universitarias-para-mas-de-100-mil-habitantes-de-tizimin-tzucacab-y-chikindzonot\/","name":"Abren oportunidades universitarias para m\u00e1s de 100 mil habitantes de Tizim\u00edn, Tzucacab y Chikindzonot - Yucat\u00e1n en corto","isPartOf":{"@id":"https:\/\/www.yucatanencorto.com\/noticias\/#website"},"primaryImageOfPage":{"@id":"https:\/\/www.yucatanencorto.com\/noticias\/abren-oportunidades-universitarias-para-mas-de-100-mil-habitantes-de-tizimin-tzucacab-y-chikindzonot\/#primaryimage"},"image":{"@id":"https:\/\/www.yucatanencorto.com\/noticias\/abren-oportunidades-universitarias-para-mas-de-100-mil-habitantes-de-tizimin-tzucacab-y-chikindzonot\/#primaryimage"},"thumbnailUrl":"https:\/\/www.yucatanencorto.com\/noticias\/wp-content\/uploads\/2026\/09\/IMG-20260902-WA0106-scaled.jpg","datePublished":"2026-09-02T22:17:48+00:00","breadcrumb":{"@id":"https:\/\/www.yucatanencorto.com\/noticias\/abren-oportunidades-universitarias-para-mas-de-100-mil-habitantes-de-tizimin-tzucacab-y-chikindzonot\/#breadcrumb"},"inLanguage":"es","potentialAction":[{"@type":"ReadAction","target":["https:\/\/www.yucatanencorto.com\/noticias\/abren-oportunidades-universitarias-para-mas-de-100-mil-habitantes-de-tizimin-tzucacab-y-chikindzonot\/"]}]},{"@type":"ImageObject","inLanguage":"es","@id":"https:\/\/www.yucatanencorto.com\/noticias\/abren-oportunidades-universitarias-para-mas-de-100-mil-habitantes-de-tizimin-tzucacab-y-chikindzonot\/#primaryimage","url":"https:\/\/www.yucatanencorto.com\/noticias\/wp-content\/uploads\/2026\/09\/IMG-20260902-WA0106-scaled.jpg","contentUrl":"https:\/\/www.yucatanencorto.com\/noticias\/wp-content\/uploads\/2026\/09\/IMG-20260902-WA0106-scaled.jpg","width":768,"height":513},{"@type":"BreadcrumbList","@id":"https:\/\/www.yucatanencorto.com\/noticias\/abren-oportunidades-universitarias-para-mas-de-100-mil-habitantes-de-tizimin-tzucacab-y-chikindzonot\/#breadcrumb","itemListElement":[{"@type":"ListItem","position":1,"name":"Portada","item":"https:\/\/www.yucatanencorto.com\/noticias\/"},{"@type":"ListItem","position":2,"name":"Abren oportunidades universitarias para m\u00e1s de 100 mil habitantes de Tizim\u00edn, Tzucacab y Chikindzonot"}]},{"@type":"WebSite","@id":"https:\/\/www.yucatanencorto.com\/noticias\/#website","url":"https:\/\/www.yucatanencorto.com\/noticias\/","name":"Yucat\u00e1n en corto","description":"Noticias","publisher":{"@id":"https:\/\/www.yucatanencorto.com\/noticias\/#organization"},"potentialAction":[{"@type":"SearchAction","target":{"@type":"EntryPoint","urlTemplate":"https:\/\/www.yucatanencorto.com\/noticias\/?s={search_term_string}"},"query-input":{"@type":"PropertyValueSpecification","valueRequired":true,"valueName":"search_term_string"}}],"inLanguage":"es"},{"@type":"Organization","@id":"https:\/\/www.yucatanencorto.com\/noticias\/#organization","name":"Yucat\u00e1n en corto","url":"https:\/\/www.yucatanencorto.com\/noticias\/","logo":{"@type":"ImageObject","inLanguage":"es","@id":"https:\/\/www.yucatanencorto.com\/noticias\/#\/schema\/logo\/image\/","url":"https:\/\/www.yucatanencorto.com\/noticias\/wp-content\/uploads\/2026\/08\/Logo-web.png","contentUrl":"https:\/\/www.yucatanencorto.com\/noticias\/wp-content\/uploads\/2026\/08\/Logo-web.png","width":272,"height":90,"caption":"Yucat\u00e1n en corto"},"image":{"@id":"https:\/\/www.yucatanencorto.com\/noticias\/#\/schema\/logo\/image\/"},"sameAs":["http:\/\/www.facebook.com\/yucatanencorto","https:\/\/x.com\/yucatanencorto"]},{"@type":"Person","@id":"https:\/\/www.yucatanencorto.com\/noticias\/#\/schema\/person\/f0ec40c33447bbc0dc2d01d3006de771","name":"YC 25","image":{"@type":"ImageObject","inLanguage":"es","@id":"https:\/\/secure.gravatar.com\/avatar\/20e0a6b626f38fa8e545fb3f80ce566efd790bf8877e65c3a482460cc3e0b5d1?s=96&d=mm&r=g","url":"https:\/\/secure.gravatar.com\/avatar\/20e0a6b626f38fa8e545fb3f80ce566efd790bf8877e65c3a482460cc3e0b5d1?s=96&d=mm&r=g","contentUrl":"https:\/\/secure.gravatar.com\/avatar\/20e0a6b626f38fa8e545fb3f80ce566efd790bf8877e65c3a482460cc3e0b5d1?s=96&d=mm&r=g","caption":"YC 25"},"url":"https:\/\/www.yucatanencorto.com\/noticias\/author\/editor25\/"}]}},"_links":{"self":[{"href":"https:\/\/www.yucatanencorto.com\/noticias\/wp-json\/wp\/v2\/posts\/118333","targetHints":{"allow":["GET"]}}],"collection":[{"href":"https:\/\/www.yucatanencorto.com\/noticias\/wp-json\/wp\/v2\/posts"}],"about":[{"href":"https:\/\/www.yucatanencorto.com\/noticias\/wp-json\/wp\/v2\/types\/post"}],"author":[{"embeddable":true,"href":"https:\/\/www.yucatanencorto.com\/noticias\/wp-json\/wp\/v2\/users\/4"}],"replies":[{"embeddable":true,"href":"https:\/\/www.yucatanencorto.com\/noticias\/wp-json\/wp\/v2\/comments?post=118333"}],"version-history":[{"count":1,"href":"https:\/\/www.yucatanencorto.com\/noticias\/wp-json\/wp\/v2\/posts\/118333\/revisions"}],"predecessor-version":[{"id":118335,"href":"https:\/\/www.yucatanencorto.com\/noticias\/wp-json\/wp\/v2\/posts\/118333\/revisions\/118335"}],"wp:featuredmedia":[{"embeddable":true,"href":"https:\/\/www.yucatanencorto.com\/noticias\/wp-json\/wp\/v2\/media\/118334"}],"wp:attachment":[{"href":"https:\/\/www.yucatanencorto.com\/noticias\/wp-json\/wp\/v2\/media?parent=118333"}],"wp:term":[{"taxonomy":"category","embeddable":true,"href":"https:\/\/www.yucatanencorto.com\/noticias\/wp-json\/wp\/v2\/categories?post=118333"},{"taxonomy":"post_tag","embeddable":true,"href":"https:\/\/www.yucatanencorto.com\/noticias\/wp-json\/wp\/v2\/tags?post=118333"}],"curies":[{"name":"wp","href":"https:\/\/api.w.org\/{rel}","templated":true}]}}