{"id":118342,"date":"2026-09-03T10:41:24","date_gmt":"2026-09-03T16:41:24","guid":{"rendered":"https:\/\/www.yucatanencorto.com\/noticias\/?p=118342"},"modified":"2026-09-03T10:41:24","modified_gmt":"2026-09-03T16:41:24","slug":"renacimiento-maya-cumple-y-avanza-hacia-la-soberania-energetica-de-yucatan-con-inversion-de-9-mil-250-mdp","status":"publish","type":"post","link":"https:\/\/www.yucatanencorto.com\/noticias\/renacimiento-maya-cumple-y-avanza-hacia-la-soberania-energetica-de-yucatan-con-inversion-de-9-mil-250-mdp\/","title":{"rendered":"Renacimiento Maya cumple y avanza hacia la soberan\u00eda energ\u00e9tica de Yucat\u00e1n con inversi\u00f3n de 9 mil 250 mdp  \u00a0"},"content":{"rendered":"<p><img loading=\"lazy\" decoding=\"async\" class=\"alignnone size-full wp-image-118343\" src=\"https:\/\/www.yucatanencorto.com\/noticias\/wp-content\/uploads\/2026\/09\/IMG-20260903-WA0012-scaled.jpg\" alt=\"\" width=\"768\" height=\"512\" srcset=\"https:\/\/www.yucatanencorto.com\/noticias\/wp-content\/uploads\/2026\/09\/IMG-20260903-WA0012-scaled.jpg 768w, https:\/\/www.yucatanencorto.com\/noticias\/wp-content\/uploads\/2026\/09\/IMG-20260903-WA0012-1536x1025.jpg 1536w, https:\/\/www.yucatanencorto.com\/noticias\/wp-content\/uploads\/2026\/09\/IMG-20260903-WA0012-2048x1366.jpg 2048w, https:\/\/www.yucatanencorto.com\/noticias\/wp-content\/uploads\/2026\/09\/IMG-20260903-WA0012-150x100.jpg 150w, https:\/\/www.yucatanencorto.com\/noticias\/wp-content\/uploads\/2026\/09\/IMG-20260903-WA0012-300x200.jpg 300w, https:\/\/www.yucatanencorto.com\/noticias\/wp-content\/uploads\/2026\/09\/IMG-20260903-WA0012-696x464.jpg 696w, https:\/\/www.yucatanencorto.com\/noticias\/wp-content\/uploads\/2026\/09\/IMG-20260903-WA0012-1068x713.jpg 1068w, https:\/\/www.yucatanencorto.com\/noticias\/wp-content\/uploads\/2026\/09\/IMG-20260903-WA0012-1920x1281.jpg 1920w\" sizes=\"auto, (max-width: 768px) 100vw, 768px\" \/><\/p>\n<p>M\u00e9rida, Yucat\u00e1n, a 3 de septiembre de 2026<\/p>\n<p>Yucat\u00e1n avanzar\u00e1 hacia una mayor seguridad y soberan\u00eda energ\u00e9tica con el Parque E\u00f3lico Panab\u00e1, proyecto que en su fase final generar\u00e1 252 megawatts (MW), energ\u00eda equivalente al consumo de m\u00e1s de 300 mil hogares, con una inversi\u00f3n de nueve mil 250 millones de pesos.<\/p>\n<p>&nbsp;<\/p>\n<p>El proyecto, presentado ante el Gobernador Joaqu\u00edn D\u00edaz Mena, ampliar\u00e1 la capacidad de generaci\u00f3n de energ\u00eda limpia, fortalecer\u00e1 el sistema el\u00e9ctrico de la entidad y brindar\u00e1 mayor certeza energ\u00e9tica para las familias y las empresas.<\/p>\n<p>&nbsp;<\/p>\n<p>Asimismo, impulsar\u00e1 la econom\u00eda del nororiente del estado mediante la creaci\u00f3n de empleos bien remunerados, la contrataci\u00f3n de proveedur\u00eda local y obras de infraestructura social en comunidades de Panab\u00e1.<\/p>\n<p>&nbsp;<\/p>\n<p>En el Sal\u00f3n de los Retratos del Palacio de Gobierno, D\u00edaz Mena conoci\u00f3 los detalles de esta inversi\u00f3n desarrollada por Genux, en asociaci\u00f3n con Glencore, cuya construcci\u00f3n est\u00e1 programada para iniciar en diciembre de este a\u00f1o e incluye 60 aerogeneradores y 85 kil\u00f3metros de nueva infraestructura de transmisi\u00f3n el\u00e9ctrica.<\/p>\n<p>&nbsp;<\/p>\n<p>Al dirigir su mensaje, el Gobernador afirm\u00f3 que su administraci\u00f3n brindar\u00e1 acompa\u00f1amiento institucional a las empresas para facilitar el desarrollo y la construcci\u00f3n de este proyecto, largamente esperado por las comunidades del nororiente de Yucat\u00e1n.<\/p>\n<p>&nbsp;<\/p>\n<p>\u201cTodo esto suma a la soberan\u00eda energ\u00e9tica que Yucat\u00e1n necesita y pretendemos alcanzar en 2028, de acuerdo con las proyecciones de la Comisi\u00f3n Federal de Electricidad, cuando todos estos proyectos se encuentren avanzados. Esta inversi\u00f3n generar\u00e1 una nueva capacidad energ\u00e9tica equivalente al consumo de 300 mil hogares, lo cual es sumamente importante\u201d, sostuvo.<\/p>\n<p>&nbsp;<\/p>\n<p>El mandatario estatal explic\u00f3 que el Parque E\u00f3lico Panab\u00e1 se suma a las obras estrat\u00e9gicas del Renacimiento Maya destinadas a fortalecer la infraestructura, atraer inversiones y generar empleos mejor remunerados para yucatecas y yucatecos.<\/p>\n<p>&nbsp;<\/p>\n<p>Entre estas acciones mencion\u00f3 la modernizaci\u00f3n y ampliaci\u00f3n del Puerto de Altura de Progreso, el Tren Maya de carga y su conexi\u00f3n con el Corredor Interoce\u00e1nico del Istmo de Tehuantepec, proyectos que cuentan con el respaldo de la Presidenta Claudia Sheinbaum Pardo.<\/p>\n<p>&nbsp;<\/p>\n<p>A\u00f1adi\u00f3 que los Polos de Desarrollo Econ\u00f3mico para el Bienestar de Progreso y Um\u00e1n permitir\u00e1n atraer nuevas empresas a Yucat\u00e1n. En este contexto, indic\u00f3 que existen 80 proyectos de inversi\u00f3n interesados en instalarse en el estado, los cuales requieren certeza en el suministro el\u00e9ctrico.<\/p>\n<p>&nbsp;<\/p>\n<p>D\u00edaz Mena explic\u00f3 que esta certidumbre se fortalece con las centrales de ciclo combinado, el suministro de gas natural mediante Energ\u00eda Mayakan, la ampliaci\u00f3n del gasoducto y proyectos de generaci\u00f3n renovable como el Parque E\u00f3lico Panab\u00e1.<\/p>\n<p>&nbsp;<\/p>\n<p>Por su parte, el secretario de Econom\u00eda y Trabajo, Ermilo Barrera Novelo, se\u00f1al\u00f3 que uno de los ejes centrales del Renacimiento Maya es impulsar la prosperidad compartida mediante empleos de calidad, el fortalecimiento de las empresas locales y su integraci\u00f3n a las cadenas de suministro de las nuevas inversiones.<\/p>\n<p>&nbsp;<\/p>\n<p>Indic\u00f3 que la dependencia a su cargo organiza ferias de empleo para vincular a las empresas con profesionales yucatecos especializados en ingenier\u00eda el\u00e9ctrica, energ\u00edas renovables y otras \u00e1reas relacionadas, tanto de M\u00e9rida como del interior del estado. Asegur\u00f3 que Yucat\u00e1n cuenta con el talento humano necesario para el desarrollo de este y otros proyectos de inversi\u00f3n, as\u00ed como con empresas locales capaces de participar en sus cadenas de proveedur\u00eda.<\/p>\n<p>&nbsp;<\/p>\n<p>A su vez, la directora ejecutiva de GenuX, Patricia Tatto, detall\u00f3 que el Parque E\u00f3lico Panab\u00e1, desarrollado en asociaci\u00f3n con Glencore, alcanzar\u00e1 una capacidad de generaci\u00f3n de 252 MW mediante 60 aerogeneradores y contar\u00e1 con 85 kil\u00f3metros de infraestructura de transmisi\u00f3n el\u00e9ctrica.<\/p>\n<p>&nbsp;<\/p>\n<p>Agreg\u00f3 que la construcci\u00f3n comenzar\u00e1 en diciembre y que el proyecto destinar\u00e1 71 millones de pesos a obras de infraestructura social en Yalsih\u00f3n y San Francisco, comisar\u00edas de Panab\u00e1, como resultado del di\u00e1logo y la consulta realizados con ambas comunidades.<\/p>\n<p>&nbsp;<\/p>\n<p>Participaron en la presentaci\u00f3n el director general de la Agencia de Energ\u00eda de Yucat\u00e1n, Pablo Gamboa Miner; el consejero jur\u00eddico del Estado, Gaspar Daniel Alema\u00f1y Ortiz; el subsecretario de Inversi\u00f3n, Comercio e Industria, Roger G\u00f3ngora Garc\u00eda; la directora general de la Agencia para el Desarrollo de Yucat\u00e1n, Mary Ang\u00e9lica P\u00e9rez L\u00f3pez, y el gerente de Distribuci\u00f3n de la Divisi\u00f3n Peninsular de la Comisi\u00f3n Federal de Electricidad, H\u00e9ctor Ra\u00fal Aguilar Valenzuela.<\/p>\n<p>&nbsp;<\/p>\n<p>Por parte del Centro Nacional de Control de Energ\u00eda (Cenace), asistieron el encargado de la Gerencia de Control Regional Peninsular, Hugo Daniel Gil Oliva; el subgerente de Planeaci\u00f3n y Estrategias Operativas, El\u00edas Enrique Montes C\u00e1ceres, y el subgerente de Servicios del Mercado El\u00e9ctrico Mayorista, David Manuel Villamil Azcorra.<\/p>\n<p>&nbsp;<\/p>\n<p>Tambi\u00e9n estuvieron presentes el gerente nacional e integrante de la Junta Directiva de Glencore, Rodrigo Macouzet; as\u00ed como, por parte de GenuX, los integrantes de la Junta Directiva, Ignacio Soucheron y Luis Arizaga; la directora de Desarrollo, Mariana Chorn\u00e9, y el ingeniero de Desarrollo, Diego Garc\u00eda.<\/p>\n<p>&nbsp;<\/p>\n<p>&nbsp;<\/p>\n","protected":false},"excerpt":{"rendered":"<p>M\u00e9rida, Yucat\u00e1n, a 3 de septiembre de 2026 Yucat\u00e1n avanzar\u00e1 hacia una mayor seguridad y soberan\u00eda energ\u00e9tica con el Parque E\u00f3lico Panab\u00e1, proyecto que en su fase final generar\u00e1 252 megawatts (MW), energ\u00eda equivalente al consumo de m\u00e1s de 300 mil hogares, con una inversi\u00f3n de nueve mil 250 millones de pesos. &nbsp; El proyecto, [&hellip;]<\/p>\n","protected":false},"author":4,"featured_media":118343,"comment_status":"closed","ping_status":"closed","sticky":false,"template":"","format":"standard","meta":{"footnotes":""},"categories":[3],"tags":[],"class_list":["post-118342","post","type-post","status-publish","format-standard","has-post-thumbnail","category-yucatan"],"yoast_head":"<!-- This site is optimized with the Yoast SEO plugin v28.4 - https:\/\/yoast.com\/product\/yoast-seo-wordpress\/ -->\n<title>Renacimiento Maya cumple y avanza hacia la soberan\u00eda energ\u00e9tica de Yucat\u00e1n con inversi\u00f3n de 9 mil 250 mdp \u00a0 - Yucat\u00e1n en corto<\/title>\n<meta name=\"robots\" content=\"index, follow, max-snippet:-1, max-image-preview:large, max-video-preview:-1\" \/>\n<link rel=\"canonical\" href=\"https:\/\/www.yucatanencorto.com\/noticias\/renacimiento-maya-cumple-y-avanza-hacia-la-soberania-energetica-de-yucatan-con-inversion-de-9-mil-250-mdp\/\" \/>\n<meta property=\"og:locale\" content=\"es_ES\" \/>\n<meta property=\"og:type\" content=\"article\" \/>\n<meta property=\"og:title\" content=\"Renacimiento Maya cumple y avanza hacia la soberan\u00eda energ\u00e9tica de Yucat\u00e1n con inversi\u00f3n de 9 mil 250 mdp \u00a0 - Yucat\u00e1n en corto\" \/>\n<meta property=\"og:description\" content=\"M\u00e9rida, Yucat\u00e1n, a 3 de septiembre de 2026 Yucat\u00e1n avanzar\u00e1 hacia una mayor seguridad y soberan\u00eda energ\u00e9tica con el Parque E\u00f3lico Panab\u00e1, proyecto que en su fase final generar\u00e1 252 megawatts (MW), energ\u00eda equivalente al consumo de m\u00e1s de 300 mil hogares, con una inversi\u00f3n de nueve mil 250 millones de pesos. &nbsp; El proyecto, [&hellip;]\" \/>\n<meta property=\"og:url\" content=\"https:\/\/www.yucatanencorto.com\/noticias\/renacimiento-maya-cumple-y-avanza-hacia-la-soberania-energetica-de-yucatan-con-inversion-de-9-mil-250-mdp\/\" \/>\n<meta property=\"og:site_name\" content=\"Yucat\u00e1n en corto\" \/>\n<meta property=\"article:publisher\" content=\"http:\/\/www.facebook.com\/yucatanencorto\" \/>\n<meta property=\"article:published_time\" content=\"2026-09-03T16:41:24+00:00\" \/>\n<meta property=\"og:image\" content=\"https:\/\/www.yucatanencorto.com\/noticias\/wp-content\/uploads\/2026\/09\/IMG-20260903-WA0012-scaled.jpg\" \/>\n\t<meta property=\"og:image:width\" content=\"768\" \/>\n\t<meta property=\"og:image:height\" content=\"512\" \/>\n\t<meta property=\"og:image:type\" content=\"image\/jpeg\" \/>\n<meta name=\"author\" content=\"YC 25\" \/>\n<meta name=\"twitter:card\" content=\"summary_large_image\" \/>\n<meta name=\"twitter:creator\" content=\"@yucatanencorto\" \/>\n<meta name=\"twitter:site\" content=\"@yucatanencorto\" \/>\n<meta name=\"twitter:label1\" content=\"Escrito por\" \/>\n\t<meta name=\"twitter:data1\" content=\"YC 25\" \/>\n\t<meta name=\"twitter:label2\" content=\"Tiempo de lectura\" \/>\n\t<meta name=\"twitter:data2\" content=\"4 minutos\" \/>\n<script type=\"application\/ld+json\" class=\"yoast-schema-graph\">{\"@context\":\"https:\\\/\\\/schema.org\",\"@graph\":[{\"@type\":\"Article\",\"@id\":\"https:\\\/\\\/www.yucatanencorto.com\\\/noticias\\\/renacimiento-maya-cumple-y-avanza-hacia-la-soberania-energetica-de-yucatan-con-inversion-de-9-mil-250-mdp\\\/#article\",\"isPartOf\":{\"@id\":\"https:\\\/\\\/www.yucatanencorto.com\\\/noticias\\\/renacimiento-maya-cumple-y-avanza-hacia-la-soberania-energetica-de-yucatan-con-inversion-de-9-mil-250-mdp\\\/\"},\"author\":{\"name\":\"YC 25\",\"@id\":\"https:\\\/\\\/www.yucatanencorto.com\\\/noticias\\\/#\\\/schema\\\/person\\\/f0ec40c33447bbc0dc2d01d3006de771\"},\"headline\":\"Renacimiento Maya cumple y avanza hacia la soberan\u00eda energ\u00e9tica de Yucat\u00e1n con inversi\u00f3n de 9 mil 250 mdp \u00a0\",\"datePublished\":\"2026-09-03T16:41:24+00:00\",\"mainEntityOfPage\":{\"@id\":\"https:\\\/\\\/www.yucatanencorto.com\\\/noticias\\\/renacimiento-maya-cumple-y-avanza-hacia-la-soberania-energetica-de-yucatan-con-inversion-de-9-mil-250-mdp\\\/\"},\"wordCount\":897,\"publisher\":{\"@id\":\"https:\\\/\\\/www.yucatanencorto.com\\\/noticias\\\/#organization\"},\"image\":{\"@id\":\"https:\\\/\\\/www.yucatanencorto.com\\\/noticias\\\/renacimiento-maya-cumple-y-avanza-hacia-la-soberania-energetica-de-yucatan-con-inversion-de-9-mil-250-mdp\\\/#primaryimage\"},\"thumbnailUrl\":\"https:\\\/\\\/www.yucatanencorto.com\\\/noticias\\\/wp-content\\\/uploads\\\/2026\\\/09\\\/IMG-20260903-WA0012-scaled.jpg\",\"articleSection\":[\"Yucat\u00e1n\"],\"inLanguage\":\"es\"},{\"@type\":\"WebPage\",\"@id\":\"https:\\\/\\\/www.yucatanencorto.com\\\/noticias\\\/renacimiento-maya-cumple-y-avanza-hacia-la-soberania-energetica-de-yucatan-con-inversion-de-9-mil-250-mdp\\\/\",\"url\":\"https:\\\/\\\/www.yucatanencorto.com\\\/noticias\\\/renacimiento-maya-cumple-y-avanza-hacia-la-soberania-energetica-de-yucatan-con-inversion-de-9-mil-250-mdp\\\/\",\"name\":\"Renacimiento Maya cumple y avanza hacia la soberan\u00eda energ\u00e9tica de Yucat\u00e1n con inversi\u00f3n de 9 mil 250 mdp \u00a0 - Yucat\u00e1n en corto\",\"isPartOf\":{\"@id\":\"https:\\\/\\\/www.yucatanencorto.com\\\/noticias\\\/#website\"},\"primaryImageOfPage\":{\"@id\":\"https:\\\/\\\/www.yucatanencorto.com\\\/noticias\\\/renacimiento-maya-cumple-y-avanza-hacia-la-soberania-energetica-de-yucatan-con-inversion-de-9-mil-250-mdp\\\/#primaryimage\"},\"image\":{\"@id\":\"https:\\\/\\\/www.yucatanencorto.com\\\/noticias\\\/renacimiento-maya-cumple-y-avanza-hacia-la-soberania-energetica-de-yucatan-con-inversion-de-9-mil-250-mdp\\\/#primaryimage\"},\"thumbnailUrl\":\"https:\\\/\\\/www.yucatanencorto.com\\\/noticias\\\/wp-content\\\/uploads\\\/2026\\\/09\\\/IMG-20260903-WA0012-scaled.jpg\",\"datePublished\":\"2026-09-03T16:41:24+00:00\",\"breadcrumb\":{\"@id\":\"https:\\\/\\\/www.yucatanencorto.com\\\/noticias\\\/renacimiento-maya-cumple-y-avanza-hacia-la-soberania-energetica-de-yucatan-con-inversion-de-9-mil-250-mdp\\\/#breadcrumb\"},\"inLanguage\":\"es\",\"potentialAction\":[{\"@type\":\"ReadAction\",\"target\":[\"https:\\\/\\\/www.yucatanencorto.com\\\/noticias\\\/renacimiento-maya-cumple-y-avanza-hacia-la-soberania-energetica-de-yucatan-con-inversion-de-9-mil-250-mdp\\\/\"]}]},{\"@type\":\"ImageObject\",\"inLanguage\":\"es\",\"@id\":\"https:\\\/\\\/www.yucatanencorto.com\\\/noticias\\\/renacimiento-maya-cumple-y-avanza-hacia-la-soberania-energetica-de-yucatan-con-inversion-de-9-mil-250-mdp\\\/#primaryimage\",\"url\":\"https:\\\/\\\/www.yucatanencorto.com\\\/noticias\\\/wp-content\\\/uploads\\\/2026\\\/09\\\/IMG-20260903-WA0012-scaled.jpg\",\"contentUrl\":\"https:\\\/\\\/www.yucatanencorto.com\\\/noticias\\\/wp-content\\\/uploads\\\/2026\\\/09\\\/IMG-20260903-WA0012-scaled.jpg\",\"width\":768,\"height\":512},{\"@type\":\"BreadcrumbList\",\"@id\":\"https:\\\/\\\/www.yucatanencorto.com\\\/noticias\\\/renacimiento-maya-cumple-y-avanza-hacia-la-soberania-energetica-de-yucatan-con-inversion-de-9-mil-250-mdp\\\/#breadcrumb\",\"itemListElement\":[{\"@type\":\"ListItem\",\"position\":1,\"name\":\"Portada\",\"item\":\"https:\\\/\\\/www.yucatanencorto.com\\\/noticias\\\/\"},{\"@type\":\"ListItem\",\"position\":2,\"name\":\"Renacimiento Maya cumple y avanza hacia la soberan\u00eda energ\u00e9tica de Yucat\u00e1n con inversi\u00f3n de 9 mil 250 mdp \u00a0\"}]},{\"@type\":\"WebSite\",\"@id\":\"https:\\\/\\\/www.yucatanencorto.com\\\/noticias\\\/#website\",\"url\":\"https:\\\/\\\/www.yucatanencorto.com\\\/noticias\\\/\",\"name\":\"Yucat\u00e1n en corto\",\"description\":\"Noticias\",\"publisher\":{\"@id\":\"https:\\\/\\\/www.yucatanencorto.com\\\/noticias\\\/#organization\"},\"potentialAction\":[{\"@type\":\"SearchAction\",\"target\":{\"@type\":\"EntryPoint\",\"urlTemplate\":\"https:\\\/\\\/www.yucatanencorto.com\\\/noticias\\\/?s={search_term_string}\"},\"query-input\":{\"@type\":\"PropertyValueSpecification\",\"valueRequired\":true,\"valueName\":\"search_term_string\"}}],\"inLanguage\":\"es\"},{\"@type\":\"Organization\",\"@id\":\"https:\\\/\\\/www.yucatanencorto.com\\\/noticias\\\/#organization\",\"name\":\"Yucat\u00e1n en corto\",\"url\":\"https:\\\/\\\/www.yucatanencorto.com\\\/noticias\\\/\",\"logo\":{\"@type\":\"ImageObject\",\"inLanguage\":\"es\",\"@id\":\"https:\\\/\\\/www.yucatanencorto.com\\\/noticias\\\/#\\\/schema\\\/logo\\\/image\\\/\",\"url\":\"https:\\\/\\\/www.yucatanencorto.com\\\/noticias\\\/wp-content\\\/uploads\\\/2026\\\/08\\\/Logo-web.png\",\"contentUrl\":\"https:\\\/\\\/www.yucatanencorto.com\\\/noticias\\\/wp-content\\\/uploads\\\/2026\\\/08\\\/Logo-web.png\",\"width\":272,\"height\":90,\"caption\":\"Yucat\u00e1n en corto\"},\"image\":{\"@id\":\"https:\\\/\\\/www.yucatanencorto.com\\\/noticias\\\/#\\\/schema\\\/logo\\\/image\\\/\"},\"sameAs\":[\"http:\\\/\\\/www.facebook.com\\\/yucatanencorto\",\"https:\\\/\\\/x.com\\\/yucatanencorto\"]},{\"@type\":\"Person\",\"@id\":\"https:\\\/\\\/www.yucatanencorto.com\\\/noticias\\\/#\\\/schema\\\/person\\\/f0ec40c33447bbc0dc2d01d3006de771\",\"name\":\"YC 25\",\"image\":{\"@type\":\"ImageObject\",\"inLanguage\":\"es\",\"@id\":\"https:\\\/\\\/secure.gravatar.com\\\/avatar\\\/20e0a6b626f38fa8e545fb3f80ce566efd790bf8877e65c3a482460cc3e0b5d1?s=96&d=mm&r=g\",\"url\":\"https:\\\/\\\/secure.gravatar.com\\\/avatar\\\/20e0a6b626f38fa8e545fb3f80ce566efd790bf8877e65c3a482460cc3e0b5d1?s=96&d=mm&r=g\",\"contentUrl\":\"https:\\\/\\\/secure.gravatar.com\\\/avatar\\\/20e0a6b626f38fa8e545fb3f80ce566efd790bf8877e65c3a482460cc3e0b5d1?s=96&d=mm&r=g\",\"caption\":\"YC 25\"},\"url\":\"https:\\\/\\\/www.yucatanencorto.com\\\/noticias\\\/author\\\/editor25\\\/\"}]}<\/script>\n<!-- \/ Yoast SEO plugin. -->","yoast_head_json":{"title":"Renacimiento Maya cumple y avanza hacia la soberan\u00eda energ\u00e9tica de Yucat\u00e1n con inversi\u00f3n de 9 mil 250 mdp \u00a0 - Yucat\u00e1n en corto","robots":{"index":"index","follow":"follow","max-snippet":"max-snippet:-1","max-image-preview":"max-image-preview:large","max-video-preview":"max-video-preview:-1"},"canonical":"https:\/\/www.yucatanencorto.com\/noticias\/renacimiento-maya-cumple-y-avanza-hacia-la-soberania-energetica-de-yucatan-con-inversion-de-9-mil-250-mdp\/","og_locale":"es_ES","og_type":"article","og_title":"Renacimiento Maya cumple y avanza hacia la soberan\u00eda energ\u00e9tica de Yucat\u00e1n con inversi\u00f3n de 9 mil 250 mdp \u00a0 - Yucat\u00e1n en corto","og_description":"M\u00e9rida, Yucat\u00e1n, a 3 de septiembre de 2026 Yucat\u00e1n avanzar\u00e1 hacia una mayor seguridad y soberan\u00eda energ\u00e9tica con el Parque E\u00f3lico Panab\u00e1, proyecto que en su fase final generar\u00e1 252 megawatts (MW), energ\u00eda equivalente al consumo de m\u00e1s de 300 mil hogares, con una inversi\u00f3n de nueve mil 250 millones de pesos. &nbsp; El proyecto, [&hellip;]","og_url":"https:\/\/www.yucatanencorto.com\/noticias\/renacimiento-maya-cumple-y-avanza-hacia-la-soberania-energetica-de-yucatan-con-inversion-de-9-mil-250-mdp\/","og_site_name":"Yucat\u00e1n en corto","article_publisher":"http:\/\/www.facebook.com\/yucatanencorto","article_published_time":"2026-09-03T16:41:24+00:00","og_image":[{"width":768,"height":512,"url":"https:\/\/www.yucatanencorto.com\/noticias\/wp-content\/uploads\/2026\/09\/IMG-20260903-WA0012-scaled.jpg","type":"image\/jpeg"}],"author":"YC 25","twitter_card":"summary_large_image","twitter_creator":"@yucatanencorto","twitter_site":"@yucatanencorto","twitter_misc":{"Escrito por":"YC 25","Tiempo de lectura":"4 minutos"},"schema":{"@context":"https:\/\/schema.org","@graph":[{"@type":"Article","@id":"https:\/\/www.yucatanencorto.com\/noticias\/renacimiento-maya-cumple-y-avanza-hacia-la-soberania-energetica-de-yucatan-con-inversion-de-9-mil-250-mdp\/#article","isPartOf":{"@id":"https:\/\/www.yucatanencorto.com\/noticias\/renacimiento-maya-cumple-y-avanza-hacia-la-soberania-energetica-de-yucatan-con-inversion-de-9-mil-250-mdp\/"},"author":{"name":"YC 25","@id":"https:\/\/www.yucatanencorto.com\/noticias\/#\/schema\/person\/f0ec40c33447bbc0dc2d01d3006de771"},"headline":"Renacimiento Maya cumple y avanza hacia la soberan\u00eda energ\u00e9tica de Yucat\u00e1n con inversi\u00f3n de 9 mil 250 mdp \u00a0","datePublished":"2026-09-03T16:41:24+00:00","mainEntityOfPage":{"@id":"https:\/\/www.yucatanencorto.com\/noticias\/renacimiento-maya-cumple-y-avanza-hacia-la-soberania-energetica-de-yucatan-con-inversion-de-9-mil-250-mdp\/"},"wordCount":897,"publisher":{"@id":"https:\/\/www.yucatanencorto.com\/noticias\/#organization"},"image":{"@id":"https:\/\/www.yucatanencorto.com\/noticias\/renacimiento-maya-cumple-y-avanza-hacia-la-soberania-energetica-de-yucatan-con-inversion-de-9-mil-250-mdp\/#primaryimage"},"thumbnailUrl":"https:\/\/www.yucatanencorto.com\/noticias\/wp-content\/uploads\/2026\/09\/IMG-20260903-WA0012-scaled.jpg","articleSection":["Yucat\u00e1n"],"inLanguage":"es"},{"@type":"WebPage","@id":"https:\/\/www.yucatanencorto.com\/noticias\/renacimiento-maya-cumple-y-avanza-hacia-la-soberania-energetica-de-yucatan-con-inversion-de-9-mil-250-mdp\/","url":"https:\/\/www.yucatanencorto.com\/noticias\/renacimiento-maya-cumple-y-avanza-hacia-la-soberania-energetica-de-yucatan-con-inversion-de-9-mil-250-mdp\/","name":"Renacimiento Maya cumple y avanza hacia la soberan\u00eda energ\u00e9tica de Yucat\u00e1n con inversi\u00f3n de 9 mil 250 mdp \u00a0 - Yucat\u00e1n en corto","isPartOf":{"@id":"https:\/\/www.yucatanencorto.com\/noticias\/#website"},"primaryImageOfPage":{"@id":"https:\/\/www.yucatanencorto.com\/noticias\/renacimiento-maya-cumple-y-avanza-hacia-la-soberania-energetica-de-yucatan-con-inversion-de-9-mil-250-mdp\/#primaryimage"},"image":{"@id":"https:\/\/www.yucatanencorto.com\/noticias\/renacimiento-maya-cumple-y-avanza-hacia-la-soberania-energetica-de-yucatan-con-inversion-de-9-mil-250-mdp\/#primaryimage"},"thumbnailUrl":"https:\/\/www.yucatanencorto.com\/noticias\/wp-content\/uploads\/2026\/09\/IMG-20260903-WA0012-scaled.jpg","datePublished":"2026-09-03T16:41:24+00:00","breadcrumb":{"@id":"https:\/\/www.yucatanencorto.com\/noticias\/renacimiento-maya-cumple-y-avanza-hacia-la-soberania-energetica-de-yucatan-con-inversion-de-9-mil-250-mdp\/#breadcrumb"},"inLanguage":"es","potentialAction":[{"@type":"ReadAction","target":["https:\/\/www.yucatanencorto.com\/noticias\/renacimiento-maya-cumple-y-avanza-hacia-la-soberania-energetica-de-yucatan-con-inversion-de-9-mil-250-mdp\/"]}]},{"@type":"ImageObject","inLanguage":"es","@id":"https:\/\/www.yucatanencorto.com\/noticias\/renacimiento-maya-cumple-y-avanza-hacia-la-soberania-energetica-de-yucatan-con-inversion-de-9-mil-250-mdp\/#primaryimage","url":"https:\/\/www.yucatanencorto.com\/noticias\/wp-content\/uploads\/2026\/09\/IMG-20260903-WA0012-scaled.jpg","contentUrl":"https:\/\/www.yucatanencorto.com\/noticias\/wp-content\/uploads\/2026\/09\/IMG-20260903-WA0012-scaled.jpg","width":768,"height":512},{"@type":"BreadcrumbList","@id":"https:\/\/www.yucatanencorto.com\/noticias\/renacimiento-maya-cumple-y-avanza-hacia-la-soberania-energetica-de-yucatan-con-inversion-de-9-mil-250-mdp\/#breadcrumb","itemListElement":[{"@type":"ListItem","position":1,"name":"Portada","item":"https:\/\/www.yucatanencorto.com\/noticias\/"},{"@type":"ListItem","position":2,"name":"Renacimiento Maya cumple y avanza hacia la soberan\u00eda energ\u00e9tica de Yucat\u00e1n con inversi\u00f3n de 9 mil 250 mdp \u00a0"}]},{"@type":"WebSite","@id":"https:\/\/www.yucatanencorto.com\/noticias\/#website","url":"https:\/\/www.yucatanencorto.com\/noticias\/","name":"Yucat\u00e1n en corto","description":"Noticias","publisher":{"@id":"https:\/\/www.yucatanencorto.com\/noticias\/#organization"},"potentialAction":[{"@type":"SearchAction","target":{"@type":"EntryPoint","urlTemplate":"https:\/\/www.yucatanencorto.com\/noticias\/?s={search_term_string}"},"query-input":{"@type":"PropertyValueSpecification","valueRequired":true,"valueName":"search_term_string"}}],"inLanguage":"es"},{"@type":"Organization","@id":"https:\/\/www.yucatanencorto.com\/noticias\/#organization","name":"Yucat\u00e1n en corto","url":"https:\/\/www.yucatanencorto.com\/noticias\/","logo":{"@type":"ImageObject","inLanguage":"es","@id":"https:\/\/www.yucatanencorto.com\/noticias\/#\/schema\/logo\/image\/","url":"https:\/\/www.yucatanencorto.com\/noticias\/wp-content\/uploads\/2026\/08\/Logo-web.png","contentUrl":"https:\/\/www.yucatanencorto.com\/noticias\/wp-content\/uploads\/2026\/08\/Logo-web.png","width":272,"height":90,"caption":"Yucat\u00e1n en corto"},"image":{"@id":"https:\/\/www.yucatanencorto.com\/noticias\/#\/schema\/logo\/image\/"},"sameAs":["http:\/\/www.facebook.com\/yucatanencorto","https:\/\/x.com\/yucatanencorto"]},{"@type":"Person","@id":"https:\/\/www.yucatanencorto.com\/noticias\/#\/schema\/person\/f0ec40c33447bbc0dc2d01d3006de771","name":"YC 25","image":{"@type":"ImageObject","inLanguage":"es","@id":"https:\/\/secure.gravatar.com\/avatar\/20e0a6b626f38fa8e545fb3f80ce566efd790bf8877e65c3a482460cc3e0b5d1?s=96&d=mm&r=g","url":"https:\/\/secure.gravatar.com\/avatar\/20e0a6b626f38fa8e545fb3f80ce566efd790bf8877e65c3a482460cc3e0b5d1?s=96&d=mm&r=g","contentUrl":"https:\/\/secure.gravatar.com\/avatar\/20e0a6b626f38fa8e545fb3f80ce566efd790bf8877e65c3a482460cc3e0b5d1?s=96&d=mm&r=g","caption":"YC 25"},"url":"https:\/\/www.yucatanencorto.com\/noticias\/author\/editor25\/"}]}},"_links":{"self":[{"href":"https:\/\/www.yucatanencorto.com\/noticias\/wp-json\/wp\/v2\/posts\/118342","targetHints":{"allow":["GET"]}}],"collection":[{"href":"https:\/\/www.yucatanencorto.com\/noticias\/wp-json\/wp\/v2\/posts"}],"about":[{"href":"https:\/\/www.yucatanencorto.com\/noticias\/wp-json\/wp\/v2\/types\/post"}],"author":[{"embeddable":true,"href":"https:\/\/www.yucatanencorto.com\/noticias\/wp-json\/wp\/v2\/users\/4"}],"replies":[{"embeddable":true,"href":"https:\/\/www.yucatanencorto.com\/noticias\/wp-json\/wp\/v2\/comments?post=118342"}],"version-history":[{"count":1,"href":"https:\/\/www.yucatanencorto.com\/noticias\/wp-json\/wp\/v2\/posts\/118342\/revisions"}],"predecessor-version":[{"id":118344,"href":"https:\/\/www.yucatanencorto.com\/noticias\/wp-json\/wp\/v2\/posts\/118342\/revisions\/118344"}],"wp:featuredmedia":[{"embeddable":true,"href":"https:\/\/www.yucatanencorto.com\/noticias\/wp-json\/wp\/v2\/media\/118343"}],"wp:attachment":[{"href":"https:\/\/www.yucatanencorto.com\/noticias\/wp-json\/wp\/v2\/media?parent=118342"}],"wp:term":[{"taxonomy":"category","embeddable":true,"href":"https:\/\/www.yucatanencorto.com\/noticias\/wp-json\/wp\/v2\/categories?post=118342"},{"taxonomy":"post_tag","embeddable":true,"href":"https:\/\/www.yucatanencorto.com\/noticias\/wp-json\/wp\/v2\/tags?post=118342"}],"curies":[{"name":"wp","href":"https:\/\/api.w.org\/{rel}","templated":true}]}}