{"id":118345,"date":"2026-09-03T19:40:32","date_gmt":"2026-09-04T01:40:32","guid":{"rendered":"https:\/\/www.yucatanencorto.com\/noticias\/?p=118345"},"modified":"2026-09-03T19:40:32","modified_gmt":"2026-09-04T01:40:32","slug":"renacimiento-maya-lleva-bienestar-a-familias-de-merida-con-la-modernizacion-de-espacios-publicos","status":"publish","type":"post","link":"https:\/\/www.yucatanencorto.com\/noticias\/renacimiento-maya-lleva-bienestar-a-familias-de-merida-con-la-modernizacion-de-espacios-publicos\/","title":{"rendered":"Renacimiento Maya lleva bienestar a familias de M\u00e9rida con la modernizaci\u00f3n de espacios p\u00fablicos"},"content":{"rendered":"<p><img loading=\"lazy\" decoding=\"async\" class=\"alignnone size-full wp-image-118346\" src=\"https:\/\/www.yucatanencorto.com\/noticias\/wp-content\/uploads\/2026\/09\/IMG-20260903-WA0118-scaled.jpg\" alt=\"\" width=\"768\" height=\"512\" srcset=\"https:\/\/www.yucatanencorto.com\/noticias\/wp-content\/uploads\/2026\/09\/IMG-20260903-WA0118-scaled.jpg 768w, https:\/\/www.yucatanencorto.com\/noticias\/wp-content\/uploads\/2026\/09\/IMG-20260903-WA0118-1536x1024.jpg 1536w, https:\/\/www.yucatanencorto.com\/noticias\/wp-content\/uploads\/2026\/09\/IMG-20260903-WA0118-2048x1366.jpg 2048w, https:\/\/www.yucatanencorto.com\/noticias\/wp-content\/uploads\/2026\/09\/IMG-20260903-WA0118-150x100.jpg 150w, https:\/\/www.yucatanencorto.com\/noticias\/wp-content\/uploads\/2026\/09\/IMG-20260903-WA0118-300x200.jpg 300w, https:\/\/www.yucatanencorto.com\/noticias\/wp-content\/uploads\/2026\/09\/IMG-20260903-WA0118-696x464.jpg 696w, https:\/\/www.yucatanencorto.com\/noticias\/wp-content\/uploads\/2026\/09\/IMG-20260903-WA0118-1068x712.jpg 1068w, https:\/\/www.yucatanencorto.com\/noticias\/wp-content\/uploads\/2026\/09\/IMG-20260903-WA0118-1920x1280.jpg 1920w\" sizes=\"auto, (max-width: 768px) 100vw, 768px\" \/><\/p>\n<p>M\u00e9rida, Yucat\u00e1n, a 3 septiembre de 2026<\/p>\n<p>&nbsp;<\/p>\n<p>&nbsp;<\/p>\n<p>&nbsp;<\/p>\n<p>El Plan Bienestar Metropolitano se traduce en obras para recuperar y modernizar los espacios p\u00fablicos de M\u00e9rida. Con inversi\u00f3n productiva, orden y atenci\u00f3n a las necesidades de cada comunidad, el Gobierno del Renacimiento Maya mejora el entorno urbano en favor de m\u00e1s de 830 mil habitantes de la capital yucateca.<\/p>\n<p>&nbsp;<\/p>\n<p>Como parte de esta estrategia, el Gobierno del Estado invierte 4.4 millones de pesos en la construcci\u00f3n de un domo y la modernizaci\u00f3n de la cancha de usos m\u00faltiples del parque Emancipaci\u00f3n, en el fraccionamiento Vergel II, para que ni\u00f1as, ni\u00f1os, j\u00f3venes y personas adultas cuenten con un espacio digno, seguro y protegido del sol y la lluvia para realizar actividades deportivas, recreativas y comunitarias.<\/p>\n<p>&nbsp;<\/p>\n<p>El Gobernador Joaqu\u00edn D\u00edaz Mena supervis\u00f3 los avances de esta obra, que responde a una solicitud ciudadana planteada durante los Di\u00e1logos con el Pueblo. Durante a\u00f1os, este punto de encuentro permaneci\u00f3 deteriorado por la falta de mantenimiento y sin las condiciones necesarias para proteger de las inclemencias del tiempo a quienes acuden a practicar deporte o convivir.<\/p>\n<p>&nbsp;<\/p>\n<p>Con esta intervenci\u00f3n, el Plan Bienestar Metropolitano atiende el abandono hist\u00f3rico de la infraestructura urbana mediante obras que fortalecen el tejido social, promueven la convivencia comunitaria y mejoran directamente la calidad de vida de las familias de M\u00e9rida y sus comisar\u00edas.<\/p>\n<p>&nbsp;<\/p>\n<p>El director general del Instituto para la Construcci\u00f3n y Conservaci\u00f3n de Obra P\u00fablica en Yucat\u00e1n (Inccopy), Jos\u00e9 Isaac Gonz\u00e1lez Bernal, inform\u00f3 que los trabajos registran un avance de 65%, por lo que pr\u00f3ximamente las familias de la zona podr\u00e1n disfrutar de una cancha renovada, equipada con domo y gradas.<\/p>\n<p>&nbsp;<\/p>\n<p>Gonz\u00e1lez Bernal explic\u00f3 que la intervenci\u00f3n comprende una superficie superior a 700 metros cuadrados, incluidos los andadores. Asimismo, se realizar\u00e1n trabajos complementarios, como la instalaci\u00f3n de malla perimetral, tableros acr\u00edlicos y un sistema de iluminaci\u00f3n.<\/p>\n<p>&nbsp;<\/p>\n<p>En la supervisi\u00f3n tambi\u00e9n participaron la secretaria de Infraestructura para el Bienestar, Alaine L\u00f3pez Brice\u00f1o; la secretaria de Bienestar, Estefan\u00eda Baeza Mart\u00ednez, y la diputada federal Jessica Said\u00e9n Quiroz.<\/p>\n<p>&nbsp;<\/p>\n","protected":false},"excerpt":{"rendered":"<p>M\u00e9rida, Yucat\u00e1n, a 3 septiembre de 2026 &nbsp; &nbsp; &nbsp; El Plan Bienestar Metropolitano se traduce en obras para recuperar y modernizar los espacios p\u00fablicos de M\u00e9rida. Con inversi\u00f3n productiva, orden y atenci\u00f3n a las necesidades de cada comunidad, el Gobierno del Renacimiento Maya mejora el entorno urbano en favor de m\u00e1s de 830 mil [&hellip;]<\/p>\n","protected":false},"author":4,"featured_media":118346,"comment_status":"closed","ping_status":"closed","sticky":false,"template":"","format":"standard","meta":{"footnotes":""},"categories":[3],"tags":[],"class_list":["post-118345","post","type-post","status-publish","format-standard","has-post-thumbnail","category-yucatan"],"yoast_head":"<!-- This site is optimized with the Yoast SEO plugin v28.4 - https:\/\/yoast.com\/product\/yoast-seo-wordpress\/ -->\n<title>Renacimiento Maya lleva bienestar a familias de M\u00e9rida con la modernizaci\u00f3n de espacios p\u00fablicos - Yucat\u00e1n en corto<\/title>\n<meta name=\"robots\" content=\"index, follow, max-snippet:-1, max-image-preview:large, max-video-preview:-1\" \/>\n<link rel=\"canonical\" href=\"https:\/\/www.yucatanencorto.com\/noticias\/renacimiento-maya-lleva-bienestar-a-familias-de-merida-con-la-modernizacion-de-espacios-publicos\/\" \/>\n<meta property=\"og:locale\" content=\"es_ES\" \/>\n<meta property=\"og:type\" content=\"article\" \/>\n<meta property=\"og:title\" content=\"Renacimiento Maya lleva bienestar a familias de M\u00e9rida con la modernizaci\u00f3n de espacios p\u00fablicos - Yucat\u00e1n en corto\" \/>\n<meta property=\"og:description\" content=\"M\u00e9rida, Yucat\u00e1n, a 3 septiembre de 2026 &nbsp; &nbsp; &nbsp; El Plan Bienestar Metropolitano se traduce en obras para recuperar y modernizar los espacios p\u00fablicos de M\u00e9rida. Con inversi\u00f3n productiva, orden y atenci\u00f3n a las necesidades de cada comunidad, el Gobierno del Renacimiento Maya mejora el entorno urbano en favor de m\u00e1s de 830 mil [&hellip;]\" \/>\n<meta property=\"og:url\" content=\"https:\/\/www.yucatanencorto.com\/noticias\/renacimiento-maya-lleva-bienestar-a-familias-de-merida-con-la-modernizacion-de-espacios-publicos\/\" \/>\n<meta property=\"og:site_name\" content=\"Yucat\u00e1n en corto\" \/>\n<meta property=\"article:publisher\" content=\"http:\/\/www.facebook.com\/yucatanencorto\" \/>\n<meta property=\"article:published_time\" content=\"2026-09-04T01:40:32+00:00\" \/>\n<meta property=\"og:image\" content=\"https:\/\/www.yucatanencorto.com\/noticias\/wp-content\/uploads\/2026\/09\/IMG-20260903-WA0118-scaled.jpg\" \/>\n\t<meta property=\"og:image:width\" content=\"768\" \/>\n\t<meta property=\"og:image:height\" content=\"512\" \/>\n\t<meta property=\"og:image:type\" content=\"image\/jpeg\" \/>\n<meta name=\"author\" content=\"YC 25\" \/>\n<meta name=\"twitter:card\" content=\"summary_large_image\" \/>\n<meta name=\"twitter:creator\" content=\"@yucatanencorto\" \/>\n<meta name=\"twitter:site\" content=\"@yucatanencorto\" \/>\n<meta name=\"twitter:label1\" content=\"Escrito por\" \/>\n\t<meta name=\"twitter:data1\" content=\"YC 25\" \/>\n\t<meta name=\"twitter:label2\" content=\"Tiempo de lectura\" \/>\n\t<meta name=\"twitter:data2\" content=\"2 minutos\" \/>\n<script type=\"application\/ld+json\" class=\"yoast-schema-graph\">{\"@context\":\"https:\\\/\\\/schema.org\",\"@graph\":[{\"@type\":\"Article\",\"@id\":\"https:\\\/\\\/www.yucatanencorto.com\\\/noticias\\\/renacimiento-maya-lleva-bienestar-a-familias-de-merida-con-la-modernizacion-de-espacios-publicos\\\/#article\",\"isPartOf\":{\"@id\":\"https:\\\/\\\/www.yucatanencorto.com\\\/noticias\\\/renacimiento-maya-lleva-bienestar-a-familias-de-merida-con-la-modernizacion-de-espacios-publicos\\\/\"},\"author\":{\"name\":\"YC 25\",\"@id\":\"https:\\\/\\\/www.yucatanencorto.com\\\/noticias\\\/#\\\/schema\\\/person\\\/f0ec40c33447bbc0dc2d01d3006de771\"},\"headline\":\"Renacimiento Maya lleva bienestar a familias de M\u00e9rida con la modernizaci\u00f3n de espacios p\u00fablicos\",\"datePublished\":\"2026-09-04T01:40:32+00:00\",\"mainEntityOfPage\":{\"@id\":\"https:\\\/\\\/www.yucatanencorto.com\\\/noticias\\\/renacimiento-maya-lleva-bienestar-a-familias-de-merida-con-la-modernizacion-de-espacios-publicos\\\/\"},\"wordCount\":396,\"publisher\":{\"@id\":\"https:\\\/\\\/www.yucatanencorto.com\\\/noticias\\\/#organization\"},\"image\":{\"@id\":\"https:\\\/\\\/www.yucatanencorto.com\\\/noticias\\\/renacimiento-maya-lleva-bienestar-a-familias-de-merida-con-la-modernizacion-de-espacios-publicos\\\/#primaryimage\"},\"thumbnailUrl\":\"https:\\\/\\\/www.yucatanencorto.com\\\/noticias\\\/wp-content\\\/uploads\\\/2026\\\/09\\\/IMG-20260903-WA0118-scaled.jpg\",\"articleSection\":[\"Yucat\u00e1n\"],\"inLanguage\":\"es\"},{\"@type\":\"WebPage\",\"@id\":\"https:\\\/\\\/www.yucatanencorto.com\\\/noticias\\\/renacimiento-maya-lleva-bienestar-a-familias-de-merida-con-la-modernizacion-de-espacios-publicos\\\/\",\"url\":\"https:\\\/\\\/www.yucatanencorto.com\\\/noticias\\\/renacimiento-maya-lleva-bienestar-a-familias-de-merida-con-la-modernizacion-de-espacios-publicos\\\/\",\"name\":\"Renacimiento Maya lleva bienestar a familias de M\u00e9rida con la modernizaci\u00f3n de espacios p\u00fablicos - Yucat\u00e1n en corto\",\"isPartOf\":{\"@id\":\"https:\\\/\\\/www.yucatanencorto.com\\\/noticias\\\/#website\"},\"primaryImageOfPage\":{\"@id\":\"https:\\\/\\\/www.yucatanencorto.com\\\/noticias\\\/renacimiento-maya-lleva-bienestar-a-familias-de-merida-con-la-modernizacion-de-espacios-publicos\\\/#primaryimage\"},\"image\":{\"@id\":\"https:\\\/\\\/www.yucatanencorto.com\\\/noticias\\\/renacimiento-maya-lleva-bienestar-a-familias-de-merida-con-la-modernizacion-de-espacios-publicos\\\/#primaryimage\"},\"thumbnailUrl\":\"https:\\\/\\\/www.yucatanencorto.com\\\/noticias\\\/wp-content\\\/uploads\\\/2026\\\/09\\\/IMG-20260903-WA0118-scaled.jpg\",\"datePublished\":\"2026-09-04T01:40:32+00:00\",\"breadcrumb\":{\"@id\":\"https:\\\/\\\/www.yucatanencorto.com\\\/noticias\\\/renacimiento-maya-lleva-bienestar-a-familias-de-merida-con-la-modernizacion-de-espacios-publicos\\\/#breadcrumb\"},\"inLanguage\":\"es\",\"potentialAction\":[{\"@type\":\"ReadAction\",\"target\":[\"https:\\\/\\\/www.yucatanencorto.com\\\/noticias\\\/renacimiento-maya-lleva-bienestar-a-familias-de-merida-con-la-modernizacion-de-espacios-publicos\\\/\"]}]},{\"@type\":\"ImageObject\",\"inLanguage\":\"es\",\"@id\":\"https:\\\/\\\/www.yucatanencorto.com\\\/noticias\\\/renacimiento-maya-lleva-bienestar-a-familias-de-merida-con-la-modernizacion-de-espacios-publicos\\\/#primaryimage\",\"url\":\"https:\\\/\\\/www.yucatanencorto.com\\\/noticias\\\/wp-content\\\/uploads\\\/2026\\\/09\\\/IMG-20260903-WA0118-scaled.jpg\",\"contentUrl\":\"https:\\\/\\\/www.yucatanencorto.com\\\/noticias\\\/wp-content\\\/uploads\\\/2026\\\/09\\\/IMG-20260903-WA0118-scaled.jpg\",\"width\":768,\"height\":512},{\"@type\":\"BreadcrumbList\",\"@id\":\"https:\\\/\\\/www.yucatanencorto.com\\\/noticias\\\/renacimiento-maya-lleva-bienestar-a-familias-de-merida-con-la-modernizacion-de-espacios-publicos\\\/#breadcrumb\",\"itemListElement\":[{\"@type\":\"ListItem\",\"position\":1,\"name\":\"Portada\",\"item\":\"https:\\\/\\\/www.yucatanencorto.com\\\/noticias\\\/\"},{\"@type\":\"ListItem\",\"position\":2,\"name\":\"Renacimiento Maya lleva bienestar a familias de M\u00e9rida con la modernizaci\u00f3n de espacios p\u00fablicos\"}]},{\"@type\":\"WebSite\",\"@id\":\"https:\\\/\\\/www.yucatanencorto.com\\\/noticias\\\/#website\",\"url\":\"https:\\\/\\\/www.yucatanencorto.com\\\/noticias\\\/\",\"name\":\"Yucat\u00e1n en corto\",\"description\":\"Noticias\",\"publisher\":{\"@id\":\"https:\\\/\\\/www.yucatanencorto.com\\\/noticias\\\/#organization\"},\"potentialAction\":[{\"@type\":\"SearchAction\",\"target\":{\"@type\":\"EntryPoint\",\"urlTemplate\":\"https:\\\/\\\/www.yucatanencorto.com\\\/noticias\\\/?s={search_term_string}\"},\"query-input\":{\"@type\":\"PropertyValueSpecification\",\"valueRequired\":true,\"valueName\":\"search_term_string\"}}],\"inLanguage\":\"es\"},{\"@type\":\"Organization\",\"@id\":\"https:\\\/\\\/www.yucatanencorto.com\\\/noticias\\\/#organization\",\"name\":\"Yucat\u00e1n en corto\",\"url\":\"https:\\\/\\\/www.yucatanencorto.com\\\/noticias\\\/\",\"logo\":{\"@type\":\"ImageObject\",\"inLanguage\":\"es\",\"@id\":\"https:\\\/\\\/www.yucatanencorto.com\\\/noticias\\\/#\\\/schema\\\/logo\\\/image\\\/\",\"url\":\"https:\\\/\\\/www.yucatanencorto.com\\\/noticias\\\/wp-content\\\/uploads\\\/2026\\\/08\\\/Logo-web.png\",\"contentUrl\":\"https:\\\/\\\/www.yucatanencorto.com\\\/noticias\\\/wp-content\\\/uploads\\\/2026\\\/08\\\/Logo-web.png\",\"width\":272,\"height\":90,\"caption\":\"Yucat\u00e1n en corto\"},\"image\":{\"@id\":\"https:\\\/\\\/www.yucatanencorto.com\\\/noticias\\\/#\\\/schema\\\/logo\\\/image\\\/\"},\"sameAs\":[\"http:\\\/\\\/www.facebook.com\\\/yucatanencorto\",\"https:\\\/\\\/x.com\\\/yucatanencorto\"]},{\"@type\":\"Person\",\"@id\":\"https:\\\/\\\/www.yucatanencorto.com\\\/noticias\\\/#\\\/schema\\\/person\\\/f0ec40c33447bbc0dc2d01d3006de771\",\"name\":\"YC 25\",\"image\":{\"@type\":\"ImageObject\",\"inLanguage\":\"es\",\"@id\":\"https:\\\/\\\/secure.gravatar.com\\\/avatar\\\/20e0a6b626f38fa8e545fb3f80ce566efd790bf8877e65c3a482460cc3e0b5d1?s=96&d=mm&r=g\",\"url\":\"https:\\\/\\\/secure.gravatar.com\\\/avatar\\\/20e0a6b626f38fa8e545fb3f80ce566efd790bf8877e65c3a482460cc3e0b5d1?s=96&d=mm&r=g\",\"contentUrl\":\"https:\\\/\\\/secure.gravatar.com\\\/avatar\\\/20e0a6b626f38fa8e545fb3f80ce566efd790bf8877e65c3a482460cc3e0b5d1?s=96&d=mm&r=g\",\"caption\":\"YC 25\"},\"url\":\"https:\\\/\\\/www.yucatanencorto.com\\\/noticias\\\/author\\\/editor25\\\/\"}]}<\/script>\n<!-- \/ Yoast SEO plugin. -->","yoast_head_json":{"title":"Renacimiento Maya lleva bienestar a familias de M\u00e9rida con la modernizaci\u00f3n de espacios p\u00fablicos - Yucat\u00e1n en corto","robots":{"index":"index","follow":"follow","max-snippet":"max-snippet:-1","max-image-preview":"max-image-preview:large","max-video-preview":"max-video-preview:-1"},"canonical":"https:\/\/www.yucatanencorto.com\/noticias\/renacimiento-maya-lleva-bienestar-a-familias-de-merida-con-la-modernizacion-de-espacios-publicos\/","og_locale":"es_ES","og_type":"article","og_title":"Renacimiento Maya lleva bienestar a familias de M\u00e9rida con la modernizaci\u00f3n de espacios p\u00fablicos - Yucat\u00e1n en corto","og_description":"M\u00e9rida, Yucat\u00e1n, a 3 septiembre de 2026 &nbsp; &nbsp; &nbsp; El Plan Bienestar Metropolitano se traduce en obras para recuperar y modernizar los espacios p\u00fablicos de M\u00e9rida. Con inversi\u00f3n productiva, orden y atenci\u00f3n a las necesidades de cada comunidad, el Gobierno del Renacimiento Maya mejora el entorno urbano en favor de m\u00e1s de 830 mil [&hellip;]","og_url":"https:\/\/www.yucatanencorto.com\/noticias\/renacimiento-maya-lleva-bienestar-a-familias-de-merida-con-la-modernizacion-de-espacios-publicos\/","og_site_name":"Yucat\u00e1n en corto","article_publisher":"http:\/\/www.facebook.com\/yucatanencorto","article_published_time":"2026-09-04T01:40:32+00:00","og_image":[{"width":768,"height":512,"url":"https:\/\/www.yucatanencorto.com\/noticias\/wp-content\/uploads\/2026\/09\/IMG-20260903-WA0118-scaled.jpg","type":"image\/jpeg"}],"author":"YC 25","twitter_card":"summary_large_image","twitter_creator":"@yucatanencorto","twitter_site":"@yucatanencorto","twitter_misc":{"Escrito por":"YC 25","Tiempo de lectura":"2 minutos"},"schema":{"@context":"https:\/\/schema.org","@graph":[{"@type":"Article","@id":"https:\/\/www.yucatanencorto.com\/noticias\/renacimiento-maya-lleva-bienestar-a-familias-de-merida-con-la-modernizacion-de-espacios-publicos\/#article","isPartOf":{"@id":"https:\/\/www.yucatanencorto.com\/noticias\/renacimiento-maya-lleva-bienestar-a-familias-de-merida-con-la-modernizacion-de-espacios-publicos\/"},"author":{"name":"YC 25","@id":"https:\/\/www.yucatanencorto.com\/noticias\/#\/schema\/person\/f0ec40c33447bbc0dc2d01d3006de771"},"headline":"Renacimiento Maya lleva bienestar a familias de M\u00e9rida con la modernizaci\u00f3n de espacios p\u00fablicos","datePublished":"2026-09-04T01:40:32+00:00","mainEntityOfPage":{"@id":"https:\/\/www.yucatanencorto.com\/noticias\/renacimiento-maya-lleva-bienestar-a-familias-de-merida-con-la-modernizacion-de-espacios-publicos\/"},"wordCount":396,"publisher":{"@id":"https:\/\/www.yucatanencorto.com\/noticias\/#organization"},"image":{"@id":"https:\/\/www.yucatanencorto.com\/noticias\/renacimiento-maya-lleva-bienestar-a-familias-de-merida-con-la-modernizacion-de-espacios-publicos\/#primaryimage"},"thumbnailUrl":"https:\/\/www.yucatanencorto.com\/noticias\/wp-content\/uploads\/2026\/09\/IMG-20260903-WA0118-scaled.jpg","articleSection":["Yucat\u00e1n"],"inLanguage":"es"},{"@type":"WebPage","@id":"https:\/\/www.yucatanencorto.com\/noticias\/renacimiento-maya-lleva-bienestar-a-familias-de-merida-con-la-modernizacion-de-espacios-publicos\/","url":"https:\/\/www.yucatanencorto.com\/noticias\/renacimiento-maya-lleva-bienestar-a-familias-de-merida-con-la-modernizacion-de-espacios-publicos\/","name":"Renacimiento Maya lleva bienestar a familias de M\u00e9rida con la modernizaci\u00f3n de espacios p\u00fablicos - Yucat\u00e1n en corto","isPartOf":{"@id":"https:\/\/www.yucatanencorto.com\/noticias\/#website"},"primaryImageOfPage":{"@id":"https:\/\/www.yucatanencorto.com\/noticias\/renacimiento-maya-lleva-bienestar-a-familias-de-merida-con-la-modernizacion-de-espacios-publicos\/#primaryimage"},"image":{"@id":"https:\/\/www.yucatanencorto.com\/noticias\/renacimiento-maya-lleva-bienestar-a-familias-de-merida-con-la-modernizacion-de-espacios-publicos\/#primaryimage"},"thumbnailUrl":"https:\/\/www.yucatanencorto.com\/noticias\/wp-content\/uploads\/2026\/09\/IMG-20260903-WA0118-scaled.jpg","datePublished":"2026-09-04T01:40:32+00:00","breadcrumb":{"@id":"https:\/\/www.yucatanencorto.com\/noticias\/renacimiento-maya-lleva-bienestar-a-familias-de-merida-con-la-modernizacion-de-espacios-publicos\/#breadcrumb"},"inLanguage":"es","potentialAction":[{"@type":"ReadAction","target":["https:\/\/www.yucatanencorto.com\/noticias\/renacimiento-maya-lleva-bienestar-a-familias-de-merida-con-la-modernizacion-de-espacios-publicos\/"]}]},{"@type":"ImageObject","inLanguage":"es","@id":"https:\/\/www.yucatanencorto.com\/noticias\/renacimiento-maya-lleva-bienestar-a-familias-de-merida-con-la-modernizacion-de-espacios-publicos\/#primaryimage","url":"https:\/\/www.yucatanencorto.com\/noticias\/wp-content\/uploads\/2026\/09\/IMG-20260903-WA0118-scaled.jpg","contentUrl":"https:\/\/www.yucatanencorto.com\/noticias\/wp-content\/uploads\/2026\/09\/IMG-20260903-WA0118-scaled.jpg","width":768,"height":512},{"@type":"BreadcrumbList","@id":"https:\/\/www.yucatanencorto.com\/noticias\/renacimiento-maya-lleva-bienestar-a-familias-de-merida-con-la-modernizacion-de-espacios-publicos\/#breadcrumb","itemListElement":[{"@type":"ListItem","position":1,"name":"Portada","item":"https:\/\/www.yucatanencorto.com\/noticias\/"},{"@type":"ListItem","position":2,"name":"Renacimiento Maya lleva bienestar a familias de M\u00e9rida con la modernizaci\u00f3n de espacios p\u00fablicos"}]},{"@type":"WebSite","@id":"https:\/\/www.yucatanencorto.com\/noticias\/#website","url":"https:\/\/www.yucatanencorto.com\/noticias\/","name":"Yucat\u00e1n en corto","description":"Noticias","publisher":{"@id":"https:\/\/www.yucatanencorto.com\/noticias\/#organization"},"potentialAction":[{"@type":"SearchAction","target":{"@type":"EntryPoint","urlTemplate":"https:\/\/www.yucatanencorto.com\/noticias\/?s={search_term_string}"},"query-input":{"@type":"PropertyValueSpecification","valueRequired":true,"valueName":"search_term_string"}}],"inLanguage":"es"},{"@type":"Organization","@id":"https:\/\/www.yucatanencorto.com\/noticias\/#organization","name":"Yucat\u00e1n en corto","url":"https:\/\/www.yucatanencorto.com\/noticias\/","logo":{"@type":"ImageObject","inLanguage":"es","@id":"https:\/\/www.yucatanencorto.com\/noticias\/#\/schema\/logo\/image\/","url":"https:\/\/www.yucatanencorto.com\/noticias\/wp-content\/uploads\/2026\/08\/Logo-web.png","contentUrl":"https:\/\/www.yucatanencorto.com\/noticias\/wp-content\/uploads\/2026\/08\/Logo-web.png","width":272,"height":90,"caption":"Yucat\u00e1n en corto"},"image":{"@id":"https:\/\/www.yucatanencorto.com\/noticias\/#\/schema\/logo\/image\/"},"sameAs":["http:\/\/www.facebook.com\/yucatanencorto","https:\/\/x.com\/yucatanencorto"]},{"@type":"Person","@id":"https:\/\/www.yucatanencorto.com\/noticias\/#\/schema\/person\/f0ec40c33447bbc0dc2d01d3006de771","name":"YC 25","image":{"@type":"ImageObject","inLanguage":"es","@id":"https:\/\/secure.gravatar.com\/avatar\/20e0a6b626f38fa8e545fb3f80ce566efd790bf8877e65c3a482460cc3e0b5d1?s=96&d=mm&r=g","url":"https:\/\/secure.gravatar.com\/avatar\/20e0a6b626f38fa8e545fb3f80ce566efd790bf8877e65c3a482460cc3e0b5d1?s=96&d=mm&r=g","contentUrl":"https:\/\/secure.gravatar.com\/avatar\/20e0a6b626f38fa8e545fb3f80ce566efd790bf8877e65c3a482460cc3e0b5d1?s=96&d=mm&r=g","caption":"YC 25"},"url":"https:\/\/www.yucatanencorto.com\/noticias\/author\/editor25\/"}]}},"_links":{"self":[{"href":"https:\/\/www.yucatanencorto.com\/noticias\/wp-json\/wp\/v2\/posts\/118345","targetHints":{"allow":["GET"]}}],"collection":[{"href":"https:\/\/www.yucatanencorto.com\/noticias\/wp-json\/wp\/v2\/posts"}],"about":[{"href":"https:\/\/www.yucatanencorto.com\/noticias\/wp-json\/wp\/v2\/types\/post"}],"author":[{"embeddable":true,"href":"https:\/\/www.yucatanencorto.com\/noticias\/wp-json\/wp\/v2\/users\/4"}],"replies":[{"embeddable":true,"href":"https:\/\/www.yucatanencorto.com\/noticias\/wp-json\/wp\/v2\/comments?post=118345"}],"version-history":[{"count":1,"href":"https:\/\/www.yucatanencorto.com\/noticias\/wp-json\/wp\/v2\/posts\/118345\/revisions"}],"predecessor-version":[{"id":118347,"href":"https:\/\/www.yucatanencorto.com\/noticias\/wp-json\/wp\/v2\/posts\/118345\/revisions\/118347"}],"wp:featuredmedia":[{"embeddable":true,"href":"https:\/\/www.yucatanencorto.com\/noticias\/wp-json\/wp\/v2\/media\/118346"}],"wp:attachment":[{"href":"https:\/\/www.yucatanencorto.com\/noticias\/wp-json\/wp\/v2\/media?parent=118345"}],"wp:term":[{"taxonomy":"category","embeddable":true,"href":"https:\/\/www.yucatanencorto.com\/noticias\/wp-json\/wp\/v2\/categories?post=118345"},{"taxonomy":"post_tag","embeddable":true,"href":"https:\/\/www.yucatanencorto.com\/noticias\/wp-json\/wp\/v2\/tags?post=118345"}],"curies":[{"name":"wp","href":"https:\/\/api.w.org\/{rel}","templated":true}]}}