{"id":118348,"date":"2026-09-03T19:41:31","date_gmt":"2026-09-04T01:41:31","guid":{"rendered":"https:\/\/www.yucatanencorto.com\/noticias\/?p=118348"},"modified":"2026-09-03T19:41:31","modified_gmt":"2026-09-04T01:41:31","slug":"gestiones-del-renacimiento-maya-concretan-la-llegada-de-kavak-a-yucatan-y-su-entrada-al-sureste","status":"publish","type":"post","link":"https:\/\/www.yucatanencorto.com\/noticias\/gestiones-del-renacimiento-maya-concretan-la-llegada-de-kavak-a-yucatan-y-su-entrada-al-sureste\/","title":{"rendered":"Gestiones del Renacimiento Maya concretan la llegada de Kavak a Yucat\u00e1n y su entrada al sureste"},"content":{"rendered":"<p><img loading=\"lazy\" decoding=\"async\" class=\"alignnone size-full wp-image-118349\" src=\"https:\/\/www.yucatanencorto.com\/noticias\/wp-content\/uploads\/2026\/09\/IMG-20260903-WA0143-scaled.jpg\" alt=\"\" width=\"768\" height=\"512\" srcset=\"https:\/\/www.yucatanencorto.com\/noticias\/wp-content\/uploads\/2026\/09\/IMG-20260903-WA0143-scaled.jpg 768w, https:\/\/www.yucatanencorto.com\/noticias\/wp-content\/uploads\/2026\/09\/IMG-20260903-WA0143-1536x1024.jpg 1536w, https:\/\/www.yucatanencorto.com\/noticias\/wp-content\/uploads\/2026\/09\/IMG-20260903-WA0143-150x100.jpg 150w, https:\/\/www.yucatanencorto.com\/noticias\/wp-content\/uploads\/2026\/09\/IMG-20260903-WA0143-300x200.jpg 300w, https:\/\/www.yucatanencorto.com\/noticias\/wp-content\/uploads\/2026\/09\/IMG-20260903-WA0143-696x464.jpg 696w, https:\/\/www.yucatanencorto.com\/noticias\/wp-content\/uploads\/2026\/09\/IMG-20260903-WA0143-1068x712.jpg 1068w\" sizes=\"auto, (max-width: 768px) 100vw, 768px\" \/><\/p>\n<p>M\u00e9rida, Yucat\u00e1n, a 3 septiembre de 2026<\/p>\n<p>&nbsp;<\/p>\n<p>&nbsp;<\/p>\n<p>La estrategia de atracci\u00f3n de inversiones del Renacimiento Maya se traduce en nuevas oportunidades para Yucat\u00e1n con la llegada de Kavak, plataforma especializada en la compra, venta, financiamiento y servicio posventa de veh\u00edculos seminuevos, que eligi\u00f3 al estado como puerta de entrada para iniciar su expansi\u00f3n en el sureste de M\u00e9xico.<\/p>\n<p>&nbsp;<\/p>\n<p>Mediante una alianza con Hertz M\u00e9xico y su divisi\u00f3n de seminuevos CarShop, la empresa abrir\u00e1 durante este mes de septiembre dos espacios comerciales en la capital yucateca y uno en la ciudad de Canc\u00fan, Quintana Roo, bajo un esquema de colaboraci\u00f3n de marcas.<\/p>\n<p>&nbsp;<\/p>\n<p>En ellos, las y los clientes podr\u00e1n comprar y vender veh\u00edculos, solicitar financiamiento y acceder a servicios de inspecci\u00f3n, garant\u00eda y atenci\u00f3n posventa.<\/p>\n<p>&nbsp;<\/p>\n<p>En la etapa inicial de su operaci\u00f3n en Yucat\u00e1n, Kavak proyecta comprar y vender aproximadamente 100 veh\u00edculos al mes, adem\u00e1s de recurrir a proveedur\u00eda local, lo que permitir\u00e1 abrir oportunidades para las peque\u00f1as y medianas empresas yucatecas y fortalecer la actividad econ\u00f3mica.<\/p>\n<p>&nbsp;<\/p>\n<p>La llegada de Kavak es resultado de las gestiones realizadas por el Gobierno del Estado para promover las ventajas competitivas de Yucat\u00e1n, pues el pasado 28 de mayo el Gobernador Joaqu\u00edn D\u00edaz Mena se reuni\u00f3 en la Ciudad de M\u00e9xico con directivos de la empresa tecnol\u00f3gica mexicana para presentar las condiciones que ofrece la entidad para invertir, crecer y generar bienestar.<\/p>\n<p>&nbsp;<\/p>\n<p>Durante ese encuentro, representantes de Kavak destacaron la seguridad, certeza jur\u00eddica, calidad de vida, talento humano e identidad propia de Yucat\u00e1n, condiciones que llevaron a la empresa a elegir a la entidad como punto de partida para su incursi\u00f3n en el sureste del pa\u00eds.<\/p>\n<p>&nbsp;<\/p>\n<p>Con esta decisi\u00f3n, el acercamiento impulsado por el Gobierno del Renacimiento Maya se convierte en una inversi\u00f3n concreta que fortalece la confianza empresarial, diversifica la econom\u00eda y abre nuevas oportunidades de desarrollo para las familias yucatecas.<\/p>\n<p>&nbsp;<\/p>\n<p>El inicio de operaciones en M\u00e9rida y Canc\u00fan permitir\u00e1 a Kavak ampliar su presencia a nueve estados y entrar por primera vez al sureste del pa\u00eds.<\/p>\n<p>&nbsp;<\/p>\n<p>&nbsp;<\/p>\n<p>Conforme se consolide su actividad en Yucat\u00e1n, la compa\u00f1\u00eda contempla desarrollar un centro de reacondicionamiento vehicular con servicios de mec\u00e1nica, hojalater\u00eda, pintura y lavado, lo que ampliar\u00eda las oportunidades de empleo especializado y contrataci\u00f3n de servicios locales.<\/p>\n<p>&nbsp;<\/p>\n<p>La decisi\u00f3n de establecerse en Yucat\u00e1n responde a las condiciones favorables que ofrece la entidad y al potencial de su mercado automotriz.<\/p>\n<p>&nbsp;<\/p>\n<p>El modelo de colaboraci\u00f3n incorporar\u00e1 veh\u00edculos e infraestructura de Hertz y CarShop al sistema comercial, tecnol\u00f3gico y financiero de Kavak.<\/p>\n<p>&nbsp;<\/p>\n<p>&nbsp;<\/p>\n<p>&#8212;oo00oo&#8212;<\/p>\n","protected":false},"excerpt":{"rendered":"<p>M\u00e9rida, Yucat\u00e1n, a 3 septiembre de 2026 &nbsp; &nbsp; La estrategia de atracci\u00f3n de inversiones del Renacimiento Maya se traduce en nuevas oportunidades para Yucat\u00e1n con la llegada de Kavak, plataforma especializada en la compra, venta, financiamiento y servicio posventa de veh\u00edculos seminuevos, que eligi\u00f3 al estado como puerta de entrada para iniciar su expansi\u00f3n [&hellip;]<\/p>\n","protected":false},"author":4,"featured_media":118349,"comment_status":"closed","ping_status":"closed","sticky":false,"template":"","format":"standard","meta":{"footnotes":""},"categories":[3],"tags":[],"class_list":["post-118348","post","type-post","status-publish","format-standard","has-post-thumbnail","category-yucatan"],"yoast_head":"<!-- This site is optimized with the Yoast SEO plugin v28.4 - https:\/\/yoast.com\/product\/yoast-seo-wordpress\/ -->\n<title>Gestiones del Renacimiento Maya concretan la llegada de Kavak a Yucat\u00e1n y su entrada al sureste - Yucat\u00e1n en corto<\/title>\n<meta name=\"robots\" content=\"index, follow, max-snippet:-1, max-image-preview:large, max-video-preview:-1\" \/>\n<link rel=\"canonical\" href=\"https:\/\/www.yucatanencorto.com\/noticias\/gestiones-del-renacimiento-maya-concretan-la-llegada-de-kavak-a-yucatan-y-su-entrada-al-sureste\/\" \/>\n<meta property=\"og:locale\" content=\"es_ES\" \/>\n<meta property=\"og:type\" content=\"article\" \/>\n<meta property=\"og:title\" content=\"Gestiones del Renacimiento Maya concretan la llegada de Kavak a Yucat\u00e1n y su entrada al sureste - Yucat\u00e1n en corto\" \/>\n<meta property=\"og:description\" content=\"M\u00e9rida, Yucat\u00e1n, a 3 septiembre de 2026 &nbsp; &nbsp; La estrategia de atracci\u00f3n de inversiones del Renacimiento Maya se traduce en nuevas oportunidades para Yucat\u00e1n con la llegada de Kavak, plataforma especializada en la compra, venta, financiamiento y servicio posventa de veh\u00edculos seminuevos, que eligi\u00f3 al estado como puerta de entrada para iniciar su expansi\u00f3n [&hellip;]\" \/>\n<meta property=\"og:url\" content=\"https:\/\/www.yucatanencorto.com\/noticias\/gestiones-del-renacimiento-maya-concretan-la-llegada-de-kavak-a-yucatan-y-su-entrada-al-sureste\/\" \/>\n<meta property=\"og:site_name\" content=\"Yucat\u00e1n en corto\" \/>\n<meta property=\"article:publisher\" content=\"http:\/\/www.facebook.com\/yucatanencorto\" \/>\n<meta property=\"article:published_time\" content=\"2026-09-04T01:41:31+00:00\" \/>\n<meta property=\"og:image\" content=\"https:\/\/www.yucatanencorto.com\/noticias\/wp-content\/uploads\/2026\/09\/IMG-20260903-WA0143-scaled.jpg\" \/>\n\t<meta property=\"og:image:width\" content=\"768\" \/>\n\t<meta property=\"og:image:height\" content=\"512\" \/>\n\t<meta property=\"og:image:type\" content=\"image\/jpeg\" \/>\n<meta name=\"author\" content=\"YC 25\" \/>\n<meta name=\"twitter:card\" content=\"summary_large_image\" \/>\n<meta name=\"twitter:creator\" content=\"@yucatanencorto\" \/>\n<meta name=\"twitter:site\" content=\"@yucatanencorto\" \/>\n<meta name=\"twitter:label1\" content=\"Escrito por\" \/>\n\t<meta name=\"twitter:data1\" content=\"YC 25\" \/>\n\t<meta name=\"twitter:label2\" content=\"Tiempo de lectura\" \/>\n\t<meta name=\"twitter:data2\" content=\"3 minutos\" \/>\n<script type=\"application\/ld+json\" class=\"yoast-schema-graph\">{\"@context\":\"https:\\\/\\\/schema.org\",\"@graph\":[{\"@type\":\"Article\",\"@id\":\"https:\\\/\\\/www.yucatanencorto.com\\\/noticias\\\/gestiones-del-renacimiento-maya-concretan-la-llegada-de-kavak-a-yucatan-y-su-entrada-al-sureste\\\/#article\",\"isPartOf\":{\"@id\":\"https:\\\/\\\/www.yucatanencorto.com\\\/noticias\\\/gestiones-del-renacimiento-maya-concretan-la-llegada-de-kavak-a-yucatan-y-su-entrada-al-sureste\\\/\"},\"author\":{\"name\":\"YC 25\",\"@id\":\"https:\\\/\\\/www.yucatanencorto.com\\\/noticias\\\/#\\\/schema\\\/person\\\/f0ec40c33447bbc0dc2d01d3006de771\"},\"headline\":\"Gestiones del Renacimiento Maya concretan la llegada de Kavak a Yucat\u00e1n y su entrada al sureste\",\"datePublished\":\"2026-09-04T01:41:31+00:00\",\"mainEntityOfPage\":{\"@id\":\"https:\\\/\\\/www.yucatanencorto.com\\\/noticias\\\/gestiones-del-renacimiento-maya-concretan-la-llegada-de-kavak-a-yucatan-y-su-entrada-al-sureste\\\/\"},\"wordCount\":491,\"publisher\":{\"@id\":\"https:\\\/\\\/www.yucatanencorto.com\\\/noticias\\\/#organization\"},\"image\":{\"@id\":\"https:\\\/\\\/www.yucatanencorto.com\\\/noticias\\\/gestiones-del-renacimiento-maya-concretan-la-llegada-de-kavak-a-yucatan-y-su-entrada-al-sureste\\\/#primaryimage\"},\"thumbnailUrl\":\"https:\\\/\\\/www.yucatanencorto.com\\\/noticias\\\/wp-content\\\/uploads\\\/2026\\\/09\\\/IMG-20260903-WA0143-scaled.jpg\",\"articleSection\":[\"Yucat\u00e1n\"],\"inLanguage\":\"es\"},{\"@type\":\"WebPage\",\"@id\":\"https:\\\/\\\/www.yucatanencorto.com\\\/noticias\\\/gestiones-del-renacimiento-maya-concretan-la-llegada-de-kavak-a-yucatan-y-su-entrada-al-sureste\\\/\",\"url\":\"https:\\\/\\\/www.yucatanencorto.com\\\/noticias\\\/gestiones-del-renacimiento-maya-concretan-la-llegada-de-kavak-a-yucatan-y-su-entrada-al-sureste\\\/\",\"name\":\"Gestiones del Renacimiento Maya concretan la llegada de Kavak a Yucat\u00e1n y su entrada al sureste - Yucat\u00e1n en corto\",\"isPartOf\":{\"@id\":\"https:\\\/\\\/www.yucatanencorto.com\\\/noticias\\\/#website\"},\"primaryImageOfPage\":{\"@id\":\"https:\\\/\\\/www.yucatanencorto.com\\\/noticias\\\/gestiones-del-renacimiento-maya-concretan-la-llegada-de-kavak-a-yucatan-y-su-entrada-al-sureste\\\/#primaryimage\"},\"image\":{\"@id\":\"https:\\\/\\\/www.yucatanencorto.com\\\/noticias\\\/gestiones-del-renacimiento-maya-concretan-la-llegada-de-kavak-a-yucatan-y-su-entrada-al-sureste\\\/#primaryimage\"},\"thumbnailUrl\":\"https:\\\/\\\/www.yucatanencorto.com\\\/noticias\\\/wp-content\\\/uploads\\\/2026\\\/09\\\/IMG-20260903-WA0143-scaled.jpg\",\"datePublished\":\"2026-09-04T01:41:31+00:00\",\"breadcrumb\":{\"@id\":\"https:\\\/\\\/www.yucatanencorto.com\\\/noticias\\\/gestiones-del-renacimiento-maya-concretan-la-llegada-de-kavak-a-yucatan-y-su-entrada-al-sureste\\\/#breadcrumb\"},\"inLanguage\":\"es\",\"potentialAction\":[{\"@type\":\"ReadAction\",\"target\":[\"https:\\\/\\\/www.yucatanencorto.com\\\/noticias\\\/gestiones-del-renacimiento-maya-concretan-la-llegada-de-kavak-a-yucatan-y-su-entrada-al-sureste\\\/\"]}]},{\"@type\":\"ImageObject\",\"inLanguage\":\"es\",\"@id\":\"https:\\\/\\\/www.yucatanencorto.com\\\/noticias\\\/gestiones-del-renacimiento-maya-concretan-la-llegada-de-kavak-a-yucatan-y-su-entrada-al-sureste\\\/#primaryimage\",\"url\":\"https:\\\/\\\/www.yucatanencorto.com\\\/noticias\\\/wp-content\\\/uploads\\\/2026\\\/09\\\/IMG-20260903-WA0143-scaled.jpg\",\"contentUrl\":\"https:\\\/\\\/www.yucatanencorto.com\\\/noticias\\\/wp-content\\\/uploads\\\/2026\\\/09\\\/IMG-20260903-WA0143-scaled.jpg\",\"width\":768,\"height\":512},{\"@type\":\"BreadcrumbList\",\"@id\":\"https:\\\/\\\/www.yucatanencorto.com\\\/noticias\\\/gestiones-del-renacimiento-maya-concretan-la-llegada-de-kavak-a-yucatan-y-su-entrada-al-sureste\\\/#breadcrumb\",\"itemListElement\":[{\"@type\":\"ListItem\",\"position\":1,\"name\":\"Portada\",\"item\":\"https:\\\/\\\/www.yucatanencorto.com\\\/noticias\\\/\"},{\"@type\":\"ListItem\",\"position\":2,\"name\":\"Gestiones del Renacimiento Maya concretan la llegada de Kavak a Yucat\u00e1n y su entrada al sureste\"}]},{\"@type\":\"WebSite\",\"@id\":\"https:\\\/\\\/www.yucatanencorto.com\\\/noticias\\\/#website\",\"url\":\"https:\\\/\\\/www.yucatanencorto.com\\\/noticias\\\/\",\"name\":\"Yucat\u00e1n en corto\",\"description\":\"Noticias\",\"publisher\":{\"@id\":\"https:\\\/\\\/www.yucatanencorto.com\\\/noticias\\\/#organization\"},\"potentialAction\":[{\"@type\":\"SearchAction\",\"target\":{\"@type\":\"EntryPoint\",\"urlTemplate\":\"https:\\\/\\\/www.yucatanencorto.com\\\/noticias\\\/?s={search_term_string}\"},\"query-input\":{\"@type\":\"PropertyValueSpecification\",\"valueRequired\":true,\"valueName\":\"search_term_string\"}}],\"inLanguage\":\"es\"},{\"@type\":\"Organization\",\"@id\":\"https:\\\/\\\/www.yucatanencorto.com\\\/noticias\\\/#organization\",\"name\":\"Yucat\u00e1n en corto\",\"url\":\"https:\\\/\\\/www.yucatanencorto.com\\\/noticias\\\/\",\"logo\":{\"@type\":\"ImageObject\",\"inLanguage\":\"es\",\"@id\":\"https:\\\/\\\/www.yucatanencorto.com\\\/noticias\\\/#\\\/schema\\\/logo\\\/image\\\/\",\"url\":\"https:\\\/\\\/www.yucatanencorto.com\\\/noticias\\\/wp-content\\\/uploads\\\/2026\\\/08\\\/Logo-web.png\",\"contentUrl\":\"https:\\\/\\\/www.yucatanencorto.com\\\/noticias\\\/wp-content\\\/uploads\\\/2026\\\/08\\\/Logo-web.png\",\"width\":272,\"height\":90,\"caption\":\"Yucat\u00e1n en corto\"},\"image\":{\"@id\":\"https:\\\/\\\/www.yucatanencorto.com\\\/noticias\\\/#\\\/schema\\\/logo\\\/image\\\/\"},\"sameAs\":[\"http:\\\/\\\/www.facebook.com\\\/yucatanencorto\",\"https:\\\/\\\/x.com\\\/yucatanencorto\"]},{\"@type\":\"Person\",\"@id\":\"https:\\\/\\\/www.yucatanencorto.com\\\/noticias\\\/#\\\/schema\\\/person\\\/f0ec40c33447bbc0dc2d01d3006de771\",\"name\":\"YC 25\",\"image\":{\"@type\":\"ImageObject\",\"inLanguage\":\"es\",\"@id\":\"https:\\\/\\\/secure.gravatar.com\\\/avatar\\\/20e0a6b626f38fa8e545fb3f80ce566efd790bf8877e65c3a482460cc3e0b5d1?s=96&d=mm&r=g\",\"url\":\"https:\\\/\\\/secure.gravatar.com\\\/avatar\\\/20e0a6b626f38fa8e545fb3f80ce566efd790bf8877e65c3a482460cc3e0b5d1?s=96&d=mm&r=g\",\"contentUrl\":\"https:\\\/\\\/secure.gravatar.com\\\/avatar\\\/20e0a6b626f38fa8e545fb3f80ce566efd790bf8877e65c3a482460cc3e0b5d1?s=96&d=mm&r=g\",\"caption\":\"YC 25\"},\"url\":\"https:\\\/\\\/www.yucatanencorto.com\\\/noticias\\\/author\\\/editor25\\\/\"}]}<\/script>\n<!-- \/ Yoast SEO plugin. -->","yoast_head_json":{"title":"Gestiones del Renacimiento Maya concretan la llegada de Kavak a Yucat\u00e1n y su entrada al sureste - Yucat\u00e1n en corto","robots":{"index":"index","follow":"follow","max-snippet":"max-snippet:-1","max-image-preview":"max-image-preview:large","max-video-preview":"max-video-preview:-1"},"canonical":"https:\/\/www.yucatanencorto.com\/noticias\/gestiones-del-renacimiento-maya-concretan-la-llegada-de-kavak-a-yucatan-y-su-entrada-al-sureste\/","og_locale":"es_ES","og_type":"article","og_title":"Gestiones del Renacimiento Maya concretan la llegada de Kavak a Yucat\u00e1n y su entrada al sureste - Yucat\u00e1n en corto","og_description":"M\u00e9rida, Yucat\u00e1n, a 3 septiembre de 2026 &nbsp; &nbsp; La estrategia de atracci\u00f3n de inversiones del Renacimiento Maya se traduce en nuevas oportunidades para Yucat\u00e1n con la llegada de Kavak, plataforma especializada en la compra, venta, financiamiento y servicio posventa de veh\u00edculos seminuevos, que eligi\u00f3 al estado como puerta de entrada para iniciar su expansi\u00f3n [&hellip;]","og_url":"https:\/\/www.yucatanencorto.com\/noticias\/gestiones-del-renacimiento-maya-concretan-la-llegada-de-kavak-a-yucatan-y-su-entrada-al-sureste\/","og_site_name":"Yucat\u00e1n en corto","article_publisher":"http:\/\/www.facebook.com\/yucatanencorto","article_published_time":"2026-09-04T01:41:31+00:00","og_image":[{"width":768,"height":512,"url":"https:\/\/www.yucatanencorto.com\/noticias\/wp-content\/uploads\/2026\/09\/IMG-20260903-WA0143-scaled.jpg","type":"image\/jpeg"}],"author":"YC 25","twitter_card":"summary_large_image","twitter_creator":"@yucatanencorto","twitter_site":"@yucatanencorto","twitter_misc":{"Escrito por":"YC 25","Tiempo de lectura":"3 minutos"},"schema":{"@context":"https:\/\/schema.org","@graph":[{"@type":"Article","@id":"https:\/\/www.yucatanencorto.com\/noticias\/gestiones-del-renacimiento-maya-concretan-la-llegada-de-kavak-a-yucatan-y-su-entrada-al-sureste\/#article","isPartOf":{"@id":"https:\/\/www.yucatanencorto.com\/noticias\/gestiones-del-renacimiento-maya-concretan-la-llegada-de-kavak-a-yucatan-y-su-entrada-al-sureste\/"},"author":{"name":"YC 25","@id":"https:\/\/www.yucatanencorto.com\/noticias\/#\/schema\/person\/f0ec40c33447bbc0dc2d01d3006de771"},"headline":"Gestiones del Renacimiento Maya concretan la llegada de Kavak a Yucat\u00e1n y su entrada al sureste","datePublished":"2026-09-04T01:41:31+00:00","mainEntityOfPage":{"@id":"https:\/\/www.yucatanencorto.com\/noticias\/gestiones-del-renacimiento-maya-concretan-la-llegada-de-kavak-a-yucatan-y-su-entrada-al-sureste\/"},"wordCount":491,"publisher":{"@id":"https:\/\/www.yucatanencorto.com\/noticias\/#organization"},"image":{"@id":"https:\/\/www.yucatanencorto.com\/noticias\/gestiones-del-renacimiento-maya-concretan-la-llegada-de-kavak-a-yucatan-y-su-entrada-al-sureste\/#primaryimage"},"thumbnailUrl":"https:\/\/www.yucatanencorto.com\/noticias\/wp-content\/uploads\/2026\/09\/IMG-20260903-WA0143-scaled.jpg","articleSection":["Yucat\u00e1n"],"inLanguage":"es"},{"@type":"WebPage","@id":"https:\/\/www.yucatanencorto.com\/noticias\/gestiones-del-renacimiento-maya-concretan-la-llegada-de-kavak-a-yucatan-y-su-entrada-al-sureste\/","url":"https:\/\/www.yucatanencorto.com\/noticias\/gestiones-del-renacimiento-maya-concretan-la-llegada-de-kavak-a-yucatan-y-su-entrada-al-sureste\/","name":"Gestiones del Renacimiento Maya concretan la llegada de Kavak a Yucat\u00e1n y su entrada al sureste - Yucat\u00e1n en corto","isPartOf":{"@id":"https:\/\/www.yucatanencorto.com\/noticias\/#website"},"primaryImageOfPage":{"@id":"https:\/\/www.yucatanencorto.com\/noticias\/gestiones-del-renacimiento-maya-concretan-la-llegada-de-kavak-a-yucatan-y-su-entrada-al-sureste\/#primaryimage"},"image":{"@id":"https:\/\/www.yucatanencorto.com\/noticias\/gestiones-del-renacimiento-maya-concretan-la-llegada-de-kavak-a-yucatan-y-su-entrada-al-sureste\/#primaryimage"},"thumbnailUrl":"https:\/\/www.yucatanencorto.com\/noticias\/wp-content\/uploads\/2026\/09\/IMG-20260903-WA0143-scaled.jpg","datePublished":"2026-09-04T01:41:31+00:00","breadcrumb":{"@id":"https:\/\/www.yucatanencorto.com\/noticias\/gestiones-del-renacimiento-maya-concretan-la-llegada-de-kavak-a-yucatan-y-su-entrada-al-sureste\/#breadcrumb"},"inLanguage":"es","potentialAction":[{"@type":"ReadAction","target":["https:\/\/www.yucatanencorto.com\/noticias\/gestiones-del-renacimiento-maya-concretan-la-llegada-de-kavak-a-yucatan-y-su-entrada-al-sureste\/"]}]},{"@type":"ImageObject","inLanguage":"es","@id":"https:\/\/www.yucatanencorto.com\/noticias\/gestiones-del-renacimiento-maya-concretan-la-llegada-de-kavak-a-yucatan-y-su-entrada-al-sureste\/#primaryimage","url":"https:\/\/www.yucatanencorto.com\/noticias\/wp-content\/uploads\/2026\/09\/IMG-20260903-WA0143-scaled.jpg","contentUrl":"https:\/\/www.yucatanencorto.com\/noticias\/wp-content\/uploads\/2026\/09\/IMG-20260903-WA0143-scaled.jpg","width":768,"height":512},{"@type":"BreadcrumbList","@id":"https:\/\/www.yucatanencorto.com\/noticias\/gestiones-del-renacimiento-maya-concretan-la-llegada-de-kavak-a-yucatan-y-su-entrada-al-sureste\/#breadcrumb","itemListElement":[{"@type":"ListItem","position":1,"name":"Portada","item":"https:\/\/www.yucatanencorto.com\/noticias\/"},{"@type":"ListItem","position":2,"name":"Gestiones del Renacimiento Maya concretan la llegada de Kavak a Yucat\u00e1n y su entrada al sureste"}]},{"@type":"WebSite","@id":"https:\/\/www.yucatanencorto.com\/noticias\/#website","url":"https:\/\/www.yucatanencorto.com\/noticias\/","name":"Yucat\u00e1n en corto","description":"Noticias","publisher":{"@id":"https:\/\/www.yucatanencorto.com\/noticias\/#organization"},"potentialAction":[{"@type":"SearchAction","target":{"@type":"EntryPoint","urlTemplate":"https:\/\/www.yucatanencorto.com\/noticias\/?s={search_term_string}"},"query-input":{"@type":"PropertyValueSpecification","valueRequired":true,"valueName":"search_term_string"}}],"inLanguage":"es"},{"@type":"Organization","@id":"https:\/\/www.yucatanencorto.com\/noticias\/#organization","name":"Yucat\u00e1n en corto","url":"https:\/\/www.yucatanencorto.com\/noticias\/","logo":{"@type":"ImageObject","inLanguage":"es","@id":"https:\/\/www.yucatanencorto.com\/noticias\/#\/schema\/logo\/image\/","url":"https:\/\/www.yucatanencorto.com\/noticias\/wp-content\/uploads\/2026\/08\/Logo-web.png","contentUrl":"https:\/\/www.yucatanencorto.com\/noticias\/wp-content\/uploads\/2026\/08\/Logo-web.png","width":272,"height":90,"caption":"Yucat\u00e1n en corto"},"image":{"@id":"https:\/\/www.yucatanencorto.com\/noticias\/#\/schema\/logo\/image\/"},"sameAs":["http:\/\/www.facebook.com\/yucatanencorto","https:\/\/x.com\/yucatanencorto"]},{"@type":"Person","@id":"https:\/\/www.yucatanencorto.com\/noticias\/#\/schema\/person\/f0ec40c33447bbc0dc2d01d3006de771","name":"YC 25","image":{"@type":"ImageObject","inLanguage":"es","@id":"https:\/\/secure.gravatar.com\/avatar\/20e0a6b626f38fa8e545fb3f80ce566efd790bf8877e65c3a482460cc3e0b5d1?s=96&d=mm&r=g","url":"https:\/\/secure.gravatar.com\/avatar\/20e0a6b626f38fa8e545fb3f80ce566efd790bf8877e65c3a482460cc3e0b5d1?s=96&d=mm&r=g","contentUrl":"https:\/\/secure.gravatar.com\/avatar\/20e0a6b626f38fa8e545fb3f80ce566efd790bf8877e65c3a482460cc3e0b5d1?s=96&d=mm&r=g","caption":"YC 25"},"url":"https:\/\/www.yucatanencorto.com\/noticias\/author\/editor25\/"}]}},"_links":{"self":[{"href":"https:\/\/www.yucatanencorto.com\/noticias\/wp-json\/wp\/v2\/posts\/118348","targetHints":{"allow":["GET"]}}],"collection":[{"href":"https:\/\/www.yucatanencorto.com\/noticias\/wp-json\/wp\/v2\/posts"}],"about":[{"href":"https:\/\/www.yucatanencorto.com\/noticias\/wp-json\/wp\/v2\/types\/post"}],"author":[{"embeddable":true,"href":"https:\/\/www.yucatanencorto.com\/noticias\/wp-json\/wp\/v2\/users\/4"}],"replies":[{"embeddable":true,"href":"https:\/\/www.yucatanencorto.com\/noticias\/wp-json\/wp\/v2\/comments?post=118348"}],"version-history":[{"count":1,"href":"https:\/\/www.yucatanencorto.com\/noticias\/wp-json\/wp\/v2\/posts\/118348\/revisions"}],"predecessor-version":[{"id":118350,"href":"https:\/\/www.yucatanencorto.com\/noticias\/wp-json\/wp\/v2\/posts\/118348\/revisions\/118350"}],"wp:featuredmedia":[{"embeddable":true,"href":"https:\/\/www.yucatanencorto.com\/noticias\/wp-json\/wp\/v2\/media\/118349"}],"wp:attachment":[{"href":"https:\/\/www.yucatanencorto.com\/noticias\/wp-json\/wp\/v2\/media?parent=118348"}],"wp:term":[{"taxonomy":"category","embeddable":true,"href":"https:\/\/www.yucatanencorto.com\/noticias\/wp-json\/wp\/v2\/categories?post=118348"},{"taxonomy":"post_tag","embeddable":true,"href":"https:\/\/www.yucatanencorto.com\/noticias\/wp-json\/wp\/v2\/tags?post=118348"}],"curies":[{"name":"wp","href":"https:\/\/api.w.org\/{rel}","templated":true}]}}