{"id":118356,"date":"2026-09-04T21:52:35","date_gmt":"2026-09-05T03:52:35","guid":{"rendered":"https:\/\/www.yucatanencorto.com\/noticias\/?p=118356"},"modified":"2026-09-04T21:53:52","modified_gmt":"2026-09-05T03:53:52","slug":"sotuta-estrena-calles","status":"publish","type":"post","link":"https:\/\/www.yucatanencorto.com\/noticias\/sotuta-estrena-calles\/","title":{"rendered":"Sotuta estrena calles"},"content":{"rendered":"<p><img loading=\"lazy\" decoding=\"async\" class=\"alignnone size-full wp-image-118357\" src=\"https:\/\/www.yucatanencorto.com\/noticias\/wp-content\/uploads\/2026\/09\/IMG-20260904-WA0223-scaled.jpg\" alt=\"\" width=\"768\" height=\"512\" srcset=\"https:\/\/www.yucatanencorto.com\/noticias\/wp-content\/uploads\/2026\/09\/IMG-20260904-WA0223-scaled.jpg 768w, https:\/\/www.yucatanencorto.com\/noticias\/wp-content\/uploads\/2026\/09\/IMG-20260904-WA0223-1536x1023.jpg 1536w, https:\/\/www.yucatanencorto.com\/noticias\/wp-content\/uploads\/2026\/09\/IMG-20260904-WA0223-2048x1364.jpg 2048w, https:\/\/www.yucatanencorto.com\/noticias\/wp-content\/uploads\/2026\/09\/IMG-20260904-WA0223-150x100.jpg 150w, https:\/\/www.yucatanencorto.com\/noticias\/wp-content\/uploads\/2026\/09\/IMG-20260904-WA0223-300x200.jpg 300w, https:\/\/www.yucatanencorto.com\/noticias\/wp-content\/uploads\/2026\/09\/IMG-20260904-WA0223-696x464.jpg 696w, https:\/\/www.yucatanencorto.com\/noticias\/wp-content\/uploads\/2026\/09\/IMG-20260904-WA0223-1068x712.jpg 1068w, https:\/\/www.yucatanencorto.com\/noticias\/wp-content\/uploads\/2026\/09\/IMG-20260904-WA0223-1920x1279.jpg 1920w\" sizes=\"auto, (max-width: 768px) 100vw, 768px\" \/>Renacimiento Maya lleva calles, domos e iluminaci\u00f3n para el bienestar de casi nueve mil habitantes de Sotuta<\/p>\n<p>Sotuta, Yucat\u00e1n, a 4 de septiembre de 2026<\/p>\n<p>&nbsp;<\/p>\n<p>&nbsp;<\/p>\n<p>En beneficio de casi nueve mil habitantes de Sotuta, el Gobernador Joaqu\u00edn D\u00edaz Mena anunci\u00f3 la repavimentaci\u00f3n de 18 calles, la iluminaci\u00f3n de la Unidad Deportiva Nachi Cocom y la construcci\u00f3n de dos domos, obras que se realizar\u00e1n mediante una inversi\u00f3n superior a los 20 millones de pesos.<\/p>\n<p>&nbsp;<\/p>\n<p>El mandatario estatal se\u00f1al\u00f3 que estas acciones permitir\u00e1n mejorar la infraestructura urbana, fomentar la pr\u00e1ctica deportiva y brindar espacios m\u00e1s dignos a estudiantes y familias del municipio y sus comisar\u00edas.<\/p>\n<p>&nbsp;<\/p>\n<p>\u201cEsta noche traemos buenas noticias para Sotuta. Vamos a llevar a cabo la repavimentaci\u00f3n de 18 calles y la iluminaci\u00f3n de la Unidad Deportiva Nachi Cocom, en beneficio de las y los j\u00f3venes deportistas. Tambi\u00e9n vamos a construir un domo para el telebachillerato de Tabi y uno m\u00e1s para la comisar\u00eda de Tibol\u00f3n\u201d, afirm\u00f3.<\/p>\n<p>&nbsp;<\/p>\n<p>Durante la tradicional vaquer\u00eda con la que iniciaron los festejos patronales en honor a la Virgen de la Natividad, D\u00edaz Mena expres\u00f3 su alegr\u00eda por acompa\u00f1ar a las familias de Sotuta en una celebraci\u00f3n que mantiene vivas las ra\u00edces y la identidad cultural de Yucat\u00e1n. Asimismo, reconoci\u00f3 el trabajo del presidente municipal, Gerardo Jacobo Cuxim Alfaro, a quien calific\u00f3 como un alcalde comprometido con el bienestar de su municipio.<\/p>\n<p>&nbsp;<\/p>\n<p>Acompa\u00f1ado del p\u00e1rroco Heraclio Gonz\u00e1lez Tox; de la embajadora de los festejos, Paola Natividad Vel\u00e1zquez Carrillo, y de la embajadora infantil, Yareli Esmeralda Cuevas Antonio, el Gobernador particip\u00f3 en la procesi\u00f3n que parti\u00f3 de la iglesia de San Pedro y San Pablo rumbo a la explanada principal.<\/p>\n<p>&nbsp;<\/p>\n<p>Ante grupos jaraneros provenientes de distintas poblaciones circunvecinas, y en medio de aplausos y dianas, D\u00edaz Mena coron\u00f3 la imagen de la Virgen de la Natividad.<\/p>\n<p>&nbsp;<\/p>\n<p>Posteriormente, hizo lo propio con la embajadora de los festejos, Paola Natividad Vel\u00e1zquez Carrillo, mientras que la presidenta del DIF Municipal, Julia In\u00e9s Cuxim Alfaro, le coloc\u00f3 la banda correspondiente. Tambi\u00e9n se coron\u00f3 a la ni\u00f1a Yareli Esmeralda Cuevas Antonio como embajadora infantil de la celebraci\u00f3n.<\/p>\n<p>&nbsp;<\/p>\n<p>Finalmente, D\u00edaz Mena invit\u00f3 a las familias y visitantes a disfrutar de las actividades y preservar estas expresiones culturales que fortalecen la identidad del pueblo yucateco.<\/p>\n<p>&nbsp;<\/p>\n<p>*\ud83c\udfa7\ud83c\udfa5 DESCARGAR AUDIO Y VIDEO: https:\/\/we.tl\/t-HXNA5iFWGfUEGcsQ*<\/p>\n<p>&nbsp;<\/p>\n<p>&nbsp;<\/p>\n<p>&#8212;oo00oo&#8212;<\/p>\n","protected":false},"excerpt":{"rendered":"<p>Renacimiento Maya lleva calles, domos e iluminaci\u00f3n para el bienestar de casi nueve mil habitantes de Sotuta Sotuta, Yucat\u00e1n, a 4 de septiembre de 2026 &nbsp; &nbsp; En beneficio de casi nueve mil habitantes de Sotuta, el Gobernador Joaqu\u00edn D\u00edaz Mena anunci\u00f3 la repavimentaci\u00f3n de 18 calles, la iluminaci\u00f3n de la Unidad Deportiva Nachi Cocom [&hellip;]<\/p>\n","protected":false},"author":4,"featured_media":118357,"comment_status":"closed","ping_status":"closed","sticky":false,"template":"","format":"standard","meta":{"footnotes":""},"categories":[3],"tags":[],"class_list":["post-118356","post","type-post","status-publish","format-standard","has-post-thumbnail","category-yucatan"],"yoast_head":"<!-- This site is optimized with the Yoast SEO plugin v28.4 - https:\/\/yoast.com\/product\/yoast-seo-wordpress\/ -->\n<title>Sotuta estrena calles - Yucat\u00e1n en corto<\/title>\n<meta name=\"robots\" content=\"index, follow, max-snippet:-1, max-image-preview:large, max-video-preview:-1\" \/>\n<link rel=\"canonical\" href=\"https:\/\/www.yucatanencorto.com\/noticias\/sotuta-estrena-calles\/\" \/>\n<meta property=\"og:locale\" content=\"es_ES\" \/>\n<meta property=\"og:type\" content=\"article\" \/>\n<meta property=\"og:title\" content=\"Sotuta estrena calles - Yucat\u00e1n en corto\" \/>\n<meta property=\"og:description\" content=\"Renacimiento Maya lleva calles, domos e iluminaci\u00f3n para el bienestar de casi nueve mil habitantes de Sotuta Sotuta, Yucat\u00e1n, a 4 de septiembre de 2026 &nbsp; &nbsp; En beneficio de casi nueve mil habitantes de Sotuta, el Gobernador Joaqu\u00edn D\u00edaz Mena anunci\u00f3 la repavimentaci\u00f3n de 18 calles, la iluminaci\u00f3n de la Unidad Deportiva Nachi Cocom [&hellip;]\" \/>\n<meta property=\"og:url\" content=\"https:\/\/www.yucatanencorto.com\/noticias\/sotuta-estrena-calles\/\" \/>\n<meta property=\"og:site_name\" content=\"Yucat\u00e1n en corto\" \/>\n<meta property=\"article:publisher\" content=\"http:\/\/www.facebook.com\/yucatanencorto\" \/>\n<meta property=\"article:published_time\" content=\"2026-09-05T03:52:35+00:00\" \/>\n<meta property=\"article:modified_time\" content=\"2026-09-05T03:53:52+00:00\" \/>\n<meta property=\"og:image\" content=\"https:\/\/www.yucatanencorto.com\/noticias\/wp-content\/uploads\/2026\/09\/IMG-20260904-WA0223-scaled.jpg\" \/>\n\t<meta property=\"og:image:width\" content=\"768\" \/>\n\t<meta property=\"og:image:height\" content=\"512\" \/>\n\t<meta property=\"og:image:type\" content=\"image\/jpeg\" \/>\n<meta name=\"author\" content=\"YC 25\" \/>\n<meta name=\"twitter:card\" content=\"summary_large_image\" \/>\n<meta name=\"twitter:creator\" content=\"@yucatanencorto\" \/>\n<meta name=\"twitter:site\" content=\"@yucatanencorto\" \/>\n<meta name=\"twitter:label1\" content=\"Escrito por\" \/>\n\t<meta name=\"twitter:data1\" content=\"YC 25\" \/>\n\t<meta name=\"twitter:label2\" content=\"Tiempo de lectura\" \/>\n\t<meta name=\"twitter:data2\" content=\"3 minutos\" \/>\n<script type=\"application\/ld+json\" class=\"yoast-schema-graph\">{\"@context\":\"https:\\\/\\\/schema.org\",\"@graph\":[{\"@type\":\"Article\",\"@id\":\"https:\\\/\\\/www.yucatanencorto.com\\\/noticias\\\/sotuta-estrena-calles\\\/#article\",\"isPartOf\":{\"@id\":\"https:\\\/\\\/www.yucatanencorto.com\\\/noticias\\\/sotuta-estrena-calles\\\/\"},\"author\":{\"name\":\"YC 25\",\"@id\":\"https:\\\/\\\/www.yucatanencorto.com\\\/noticias\\\/#\\\/schema\\\/person\\\/f0ec40c33447bbc0dc2d01d3006de771\"},\"headline\":\"Sotuta estrena calles\",\"datePublished\":\"2026-09-05T03:52:35+00:00\",\"dateModified\":\"2026-09-05T03:53:52+00:00\",\"mainEntityOfPage\":{\"@id\":\"https:\\\/\\\/www.yucatanencorto.com\\\/noticias\\\/sotuta-estrena-calles\\\/\"},\"wordCount\":432,\"publisher\":{\"@id\":\"https:\\\/\\\/www.yucatanencorto.com\\\/noticias\\\/#organization\"},\"image\":{\"@id\":\"https:\\\/\\\/www.yucatanencorto.com\\\/noticias\\\/sotuta-estrena-calles\\\/#primaryimage\"},\"thumbnailUrl\":\"https:\\\/\\\/www.yucatanencorto.com\\\/noticias\\\/wp-content\\\/uploads\\\/2026\\\/09\\\/IMG-20260904-WA0223-scaled.jpg\",\"articleSection\":[\"Yucat\u00e1n\"],\"inLanguage\":\"es\"},{\"@type\":\"WebPage\",\"@id\":\"https:\\\/\\\/www.yucatanencorto.com\\\/noticias\\\/sotuta-estrena-calles\\\/\",\"url\":\"https:\\\/\\\/www.yucatanencorto.com\\\/noticias\\\/sotuta-estrena-calles\\\/\",\"name\":\"Sotuta estrena calles - Yucat\u00e1n en corto\",\"isPartOf\":{\"@id\":\"https:\\\/\\\/www.yucatanencorto.com\\\/noticias\\\/#website\"},\"primaryImageOfPage\":{\"@id\":\"https:\\\/\\\/www.yucatanencorto.com\\\/noticias\\\/sotuta-estrena-calles\\\/#primaryimage\"},\"image\":{\"@id\":\"https:\\\/\\\/www.yucatanencorto.com\\\/noticias\\\/sotuta-estrena-calles\\\/#primaryimage\"},\"thumbnailUrl\":\"https:\\\/\\\/www.yucatanencorto.com\\\/noticias\\\/wp-content\\\/uploads\\\/2026\\\/09\\\/IMG-20260904-WA0223-scaled.jpg\",\"datePublished\":\"2026-09-05T03:52:35+00:00\",\"dateModified\":\"2026-09-05T03:53:52+00:00\",\"breadcrumb\":{\"@id\":\"https:\\\/\\\/www.yucatanencorto.com\\\/noticias\\\/sotuta-estrena-calles\\\/#breadcrumb\"},\"inLanguage\":\"es\",\"potentialAction\":[{\"@type\":\"ReadAction\",\"target\":[\"https:\\\/\\\/www.yucatanencorto.com\\\/noticias\\\/sotuta-estrena-calles\\\/\"]}]},{\"@type\":\"ImageObject\",\"inLanguage\":\"es\",\"@id\":\"https:\\\/\\\/www.yucatanencorto.com\\\/noticias\\\/sotuta-estrena-calles\\\/#primaryimage\",\"url\":\"https:\\\/\\\/www.yucatanencorto.com\\\/noticias\\\/wp-content\\\/uploads\\\/2026\\\/09\\\/IMG-20260904-WA0223-scaled.jpg\",\"contentUrl\":\"https:\\\/\\\/www.yucatanencorto.com\\\/noticias\\\/wp-content\\\/uploads\\\/2026\\\/09\\\/IMG-20260904-WA0223-scaled.jpg\",\"width\":768,\"height\":512},{\"@type\":\"BreadcrumbList\",\"@id\":\"https:\\\/\\\/www.yucatanencorto.com\\\/noticias\\\/sotuta-estrena-calles\\\/#breadcrumb\",\"itemListElement\":[{\"@type\":\"ListItem\",\"position\":1,\"name\":\"Portada\",\"item\":\"https:\\\/\\\/www.yucatanencorto.com\\\/noticias\\\/\"},{\"@type\":\"ListItem\",\"position\":2,\"name\":\"Sotuta estrena calles\"}]},{\"@type\":\"WebSite\",\"@id\":\"https:\\\/\\\/www.yucatanencorto.com\\\/noticias\\\/#website\",\"url\":\"https:\\\/\\\/www.yucatanencorto.com\\\/noticias\\\/\",\"name\":\"Yucat\u00e1n en corto\",\"description\":\"Noticias\",\"publisher\":{\"@id\":\"https:\\\/\\\/www.yucatanencorto.com\\\/noticias\\\/#organization\"},\"potentialAction\":[{\"@type\":\"SearchAction\",\"target\":{\"@type\":\"EntryPoint\",\"urlTemplate\":\"https:\\\/\\\/www.yucatanencorto.com\\\/noticias\\\/?s={search_term_string}\"},\"query-input\":{\"@type\":\"PropertyValueSpecification\",\"valueRequired\":true,\"valueName\":\"search_term_string\"}}],\"inLanguage\":\"es\"},{\"@type\":\"Organization\",\"@id\":\"https:\\\/\\\/www.yucatanencorto.com\\\/noticias\\\/#organization\",\"name\":\"Yucat\u00e1n en corto\",\"url\":\"https:\\\/\\\/www.yucatanencorto.com\\\/noticias\\\/\",\"logo\":{\"@type\":\"ImageObject\",\"inLanguage\":\"es\",\"@id\":\"https:\\\/\\\/www.yucatanencorto.com\\\/noticias\\\/#\\\/schema\\\/logo\\\/image\\\/\",\"url\":\"https:\\\/\\\/www.yucatanencorto.com\\\/noticias\\\/wp-content\\\/uploads\\\/2026\\\/08\\\/Logo-web.png\",\"contentUrl\":\"https:\\\/\\\/www.yucatanencorto.com\\\/noticias\\\/wp-content\\\/uploads\\\/2026\\\/08\\\/Logo-web.png\",\"width\":272,\"height\":90,\"caption\":\"Yucat\u00e1n en corto\"},\"image\":{\"@id\":\"https:\\\/\\\/www.yucatanencorto.com\\\/noticias\\\/#\\\/schema\\\/logo\\\/image\\\/\"},\"sameAs\":[\"http:\\\/\\\/www.facebook.com\\\/yucatanencorto\",\"https:\\\/\\\/x.com\\\/yucatanencorto\"]},{\"@type\":\"Person\",\"@id\":\"https:\\\/\\\/www.yucatanencorto.com\\\/noticias\\\/#\\\/schema\\\/person\\\/f0ec40c33447bbc0dc2d01d3006de771\",\"name\":\"YC 25\",\"image\":{\"@type\":\"ImageObject\",\"inLanguage\":\"es\",\"@id\":\"https:\\\/\\\/secure.gravatar.com\\\/avatar\\\/20e0a6b626f38fa8e545fb3f80ce566efd790bf8877e65c3a482460cc3e0b5d1?s=96&d=mm&r=g\",\"url\":\"https:\\\/\\\/secure.gravatar.com\\\/avatar\\\/20e0a6b626f38fa8e545fb3f80ce566efd790bf8877e65c3a482460cc3e0b5d1?s=96&d=mm&r=g\",\"contentUrl\":\"https:\\\/\\\/secure.gravatar.com\\\/avatar\\\/20e0a6b626f38fa8e545fb3f80ce566efd790bf8877e65c3a482460cc3e0b5d1?s=96&d=mm&r=g\",\"caption\":\"YC 25\"},\"url\":\"https:\\\/\\\/www.yucatanencorto.com\\\/noticias\\\/author\\\/editor25\\\/\"}]}<\/script>\n<!-- \/ Yoast SEO plugin. -->","yoast_head_json":{"title":"Sotuta estrena calles - Yucat\u00e1n en corto","robots":{"index":"index","follow":"follow","max-snippet":"max-snippet:-1","max-image-preview":"max-image-preview:large","max-video-preview":"max-video-preview:-1"},"canonical":"https:\/\/www.yucatanencorto.com\/noticias\/sotuta-estrena-calles\/","og_locale":"es_ES","og_type":"article","og_title":"Sotuta estrena calles - Yucat\u00e1n en corto","og_description":"Renacimiento Maya lleva calles, domos e iluminaci\u00f3n para el bienestar de casi nueve mil habitantes de Sotuta Sotuta, Yucat\u00e1n, a 4 de septiembre de 2026 &nbsp; &nbsp; En beneficio de casi nueve mil habitantes de Sotuta, el Gobernador Joaqu\u00edn D\u00edaz Mena anunci\u00f3 la repavimentaci\u00f3n de 18 calles, la iluminaci\u00f3n de la Unidad Deportiva Nachi Cocom [&hellip;]","og_url":"https:\/\/www.yucatanencorto.com\/noticias\/sotuta-estrena-calles\/","og_site_name":"Yucat\u00e1n en corto","article_publisher":"http:\/\/www.facebook.com\/yucatanencorto","article_published_time":"2026-09-05T03:52:35+00:00","article_modified_time":"2026-09-05T03:53:52+00:00","og_image":[{"width":768,"height":512,"url":"https:\/\/www.yucatanencorto.com\/noticias\/wp-content\/uploads\/2026\/09\/IMG-20260904-WA0223-scaled.jpg","type":"image\/jpeg"}],"author":"YC 25","twitter_card":"summary_large_image","twitter_creator":"@yucatanencorto","twitter_site":"@yucatanencorto","twitter_misc":{"Escrito por":"YC 25","Tiempo de lectura":"3 minutos"},"schema":{"@context":"https:\/\/schema.org","@graph":[{"@type":"Article","@id":"https:\/\/www.yucatanencorto.com\/noticias\/sotuta-estrena-calles\/#article","isPartOf":{"@id":"https:\/\/www.yucatanencorto.com\/noticias\/sotuta-estrena-calles\/"},"author":{"name":"YC 25","@id":"https:\/\/www.yucatanencorto.com\/noticias\/#\/schema\/person\/f0ec40c33447bbc0dc2d01d3006de771"},"headline":"Sotuta estrena calles","datePublished":"2026-09-05T03:52:35+00:00","dateModified":"2026-09-05T03:53:52+00:00","mainEntityOfPage":{"@id":"https:\/\/www.yucatanencorto.com\/noticias\/sotuta-estrena-calles\/"},"wordCount":432,"publisher":{"@id":"https:\/\/www.yucatanencorto.com\/noticias\/#organization"},"image":{"@id":"https:\/\/www.yucatanencorto.com\/noticias\/sotuta-estrena-calles\/#primaryimage"},"thumbnailUrl":"https:\/\/www.yucatanencorto.com\/noticias\/wp-content\/uploads\/2026\/09\/IMG-20260904-WA0223-scaled.jpg","articleSection":["Yucat\u00e1n"],"inLanguage":"es"},{"@type":"WebPage","@id":"https:\/\/www.yucatanencorto.com\/noticias\/sotuta-estrena-calles\/","url":"https:\/\/www.yucatanencorto.com\/noticias\/sotuta-estrena-calles\/","name":"Sotuta estrena calles - Yucat\u00e1n en corto","isPartOf":{"@id":"https:\/\/www.yucatanencorto.com\/noticias\/#website"},"primaryImageOfPage":{"@id":"https:\/\/www.yucatanencorto.com\/noticias\/sotuta-estrena-calles\/#primaryimage"},"image":{"@id":"https:\/\/www.yucatanencorto.com\/noticias\/sotuta-estrena-calles\/#primaryimage"},"thumbnailUrl":"https:\/\/www.yucatanencorto.com\/noticias\/wp-content\/uploads\/2026\/09\/IMG-20260904-WA0223-scaled.jpg","datePublished":"2026-09-05T03:52:35+00:00","dateModified":"2026-09-05T03:53:52+00:00","breadcrumb":{"@id":"https:\/\/www.yucatanencorto.com\/noticias\/sotuta-estrena-calles\/#breadcrumb"},"inLanguage":"es","potentialAction":[{"@type":"ReadAction","target":["https:\/\/www.yucatanencorto.com\/noticias\/sotuta-estrena-calles\/"]}]},{"@type":"ImageObject","inLanguage":"es","@id":"https:\/\/www.yucatanencorto.com\/noticias\/sotuta-estrena-calles\/#primaryimage","url":"https:\/\/www.yucatanencorto.com\/noticias\/wp-content\/uploads\/2026\/09\/IMG-20260904-WA0223-scaled.jpg","contentUrl":"https:\/\/www.yucatanencorto.com\/noticias\/wp-content\/uploads\/2026\/09\/IMG-20260904-WA0223-scaled.jpg","width":768,"height":512},{"@type":"BreadcrumbList","@id":"https:\/\/www.yucatanencorto.com\/noticias\/sotuta-estrena-calles\/#breadcrumb","itemListElement":[{"@type":"ListItem","position":1,"name":"Portada","item":"https:\/\/www.yucatanencorto.com\/noticias\/"},{"@type":"ListItem","position":2,"name":"Sotuta estrena calles"}]},{"@type":"WebSite","@id":"https:\/\/www.yucatanencorto.com\/noticias\/#website","url":"https:\/\/www.yucatanencorto.com\/noticias\/","name":"Yucat\u00e1n en corto","description":"Noticias","publisher":{"@id":"https:\/\/www.yucatanencorto.com\/noticias\/#organization"},"potentialAction":[{"@type":"SearchAction","target":{"@type":"EntryPoint","urlTemplate":"https:\/\/www.yucatanencorto.com\/noticias\/?s={search_term_string}"},"query-input":{"@type":"PropertyValueSpecification","valueRequired":true,"valueName":"search_term_string"}}],"inLanguage":"es"},{"@type":"Organization","@id":"https:\/\/www.yucatanencorto.com\/noticias\/#organization","name":"Yucat\u00e1n en corto","url":"https:\/\/www.yucatanencorto.com\/noticias\/","logo":{"@type":"ImageObject","inLanguage":"es","@id":"https:\/\/www.yucatanencorto.com\/noticias\/#\/schema\/logo\/image\/","url":"https:\/\/www.yucatanencorto.com\/noticias\/wp-content\/uploads\/2026\/08\/Logo-web.png","contentUrl":"https:\/\/www.yucatanencorto.com\/noticias\/wp-content\/uploads\/2026\/08\/Logo-web.png","width":272,"height":90,"caption":"Yucat\u00e1n en corto"},"image":{"@id":"https:\/\/www.yucatanencorto.com\/noticias\/#\/schema\/logo\/image\/"},"sameAs":["http:\/\/www.facebook.com\/yucatanencorto","https:\/\/x.com\/yucatanencorto"]},{"@type":"Person","@id":"https:\/\/www.yucatanencorto.com\/noticias\/#\/schema\/person\/f0ec40c33447bbc0dc2d01d3006de771","name":"YC 25","image":{"@type":"ImageObject","inLanguage":"es","@id":"https:\/\/secure.gravatar.com\/avatar\/20e0a6b626f38fa8e545fb3f80ce566efd790bf8877e65c3a482460cc3e0b5d1?s=96&d=mm&r=g","url":"https:\/\/secure.gravatar.com\/avatar\/20e0a6b626f38fa8e545fb3f80ce566efd790bf8877e65c3a482460cc3e0b5d1?s=96&d=mm&r=g","contentUrl":"https:\/\/secure.gravatar.com\/avatar\/20e0a6b626f38fa8e545fb3f80ce566efd790bf8877e65c3a482460cc3e0b5d1?s=96&d=mm&r=g","caption":"YC 25"},"url":"https:\/\/www.yucatanencorto.com\/noticias\/author\/editor25\/"}]}},"_links":{"self":[{"href":"https:\/\/www.yucatanencorto.com\/noticias\/wp-json\/wp\/v2\/posts\/118356","targetHints":{"allow":["GET"]}}],"collection":[{"href":"https:\/\/www.yucatanencorto.com\/noticias\/wp-json\/wp\/v2\/posts"}],"about":[{"href":"https:\/\/www.yucatanencorto.com\/noticias\/wp-json\/wp\/v2\/types\/post"}],"author":[{"embeddable":true,"href":"https:\/\/www.yucatanencorto.com\/noticias\/wp-json\/wp\/v2\/users\/4"}],"replies":[{"embeddable":true,"href":"https:\/\/www.yucatanencorto.com\/noticias\/wp-json\/wp\/v2\/comments?post=118356"}],"version-history":[{"count":2,"href":"https:\/\/www.yucatanencorto.com\/noticias\/wp-json\/wp\/v2\/posts\/118356\/revisions"}],"predecessor-version":[{"id":118359,"href":"https:\/\/www.yucatanencorto.com\/noticias\/wp-json\/wp\/v2\/posts\/118356\/revisions\/118359"}],"wp:featuredmedia":[{"embeddable":true,"href":"https:\/\/www.yucatanencorto.com\/noticias\/wp-json\/wp\/v2\/media\/118357"}],"wp:attachment":[{"href":"https:\/\/www.yucatanencorto.com\/noticias\/wp-json\/wp\/v2\/media?parent=118356"}],"wp:term":[{"taxonomy":"category","embeddable":true,"href":"https:\/\/www.yucatanencorto.com\/noticias\/wp-json\/wp\/v2\/categories?post=118356"},{"taxonomy":"post_tag","embeddable":true,"href":"https:\/\/www.yucatanencorto.com\/noticias\/wp-json\/wp\/v2\/tags?post=118356"}],"curies":[{"name":"wp","href":"https:\/\/api.w.org\/{rel}","templated":true}]}}