{"id":118360,"date":"2026-09-04T21:55:34","date_gmt":"2026-09-05T03:55:34","guid":{"rendered":"https:\/\/www.yucatanencorto.com\/noticias\/?p=118360"},"modified":"2026-09-04T21:55:34","modified_gmt":"2026-09-05T03:55:34","slug":"el-primer-paradero-turistico-de-dzibilchaltun-impulsara-la-prosperidad-e-identidad-de-las-comunidades-mayas","status":"publish","type":"post","link":"https:\/\/www.yucatanencorto.com\/noticias\/el-primer-paradero-turistico-de-dzibilchaltun-impulsara-la-prosperidad-e-identidad-de-las-comunidades-mayas\/","title":{"rendered":"El primer paradero tur\u00edstico de Dzibilchalt\u00fan impulsar\u00e1 la prosperidad e identidad de las comunidades mayas"},"content":{"rendered":"<p><img loading=\"lazy\" decoding=\"async\" class=\"alignnone size-full wp-image-118361\" src=\"https:\/\/www.yucatanencorto.com\/noticias\/wp-content\/uploads\/2026\/09\/IMG-20260904-WA0188-scaled.jpg\" alt=\"\" width=\"768\" height=\"486\" srcset=\"https:\/\/www.yucatanencorto.com\/noticias\/wp-content\/uploads\/2026\/09\/IMG-20260904-WA0188-scaled.jpg 768w, https:\/\/www.yucatanencorto.com\/noticias\/wp-content\/uploads\/2026\/09\/IMG-20260904-WA0188-150x95.jpg 150w, https:\/\/www.yucatanencorto.com\/noticias\/wp-content\/uploads\/2026\/09\/IMG-20260904-WA0188-300x190.jpg 300w, https:\/\/www.yucatanencorto.com\/noticias\/wp-content\/uploads\/2026\/09\/IMG-20260904-WA0188-696x440.jpg 696w, https:\/\/www.yucatanencorto.com\/noticias\/wp-content\/uploads\/2026\/09\/IMG-20260904-WA0188-1068x676.jpg 1068w\" sizes=\"auto, (max-width: 768px) 100vw, 768px\" \/><\/p>\n<p>&nbsp;<\/p>\n<p>M\u00e9rida, Yucat\u00e1n a viernes 4 de septiembre de 2026.- Con el objetivo de fortalecer la oferta tur\u00edstica de M\u00e9rida, generar nuevas oportunidades para las comunidades y poner en valor la identidad y las ra\u00edces mayas, la presidenta municipal de M\u00e9rida, Cecilia Patr\u00f3n Laviada, present\u00f3 ante integrantes del Consejo Consultivo de Turismo el proyecto del primer Parador Tur\u00edstico Comunitario de Dzibilchalt\u00fan.<\/p>\n<p>&nbsp;<\/p>\n<p>Durante la 2\u00aa sesi\u00f3n ordinaria del Consejo Consultivo de Turismo, la alcaldesa destac\u00f3 que este proyecto representa una oportunidad para que la comunidad sea parte activa de la actividad tur\u00edstica y para que quienes visitan la zona arqueol\u00f3gica encuentren nuevos espacios de convivencia, consumo y disfrute vinculados con la cultura local.<\/p>\n<p>&nbsp;<\/p>\n<p>\u201cQueremos que Dzibilchalt\u00fan sea un lugar que retumbe, que tenga mucha m\u00e1s presencia y que sea promovido de manera permanente por quienes hacemos turismo. Es una joya que tenemos las y los meridanos y queremos que cada vez m\u00e1s personas conozcan que est\u00e1 abierto, que tiene un extraordinario museo y que tiene mucho m\u00e1s que ofrecer\u201d, expres\u00f3 antes los integrantes del consejo.<\/p>\n<p>&nbsp;<\/p>\n<p>El proyecto del Parador Tur\u00edstico Comunitario contemplar\u00eda un espacio que permita fortalecer la actividad econ\u00f3mica de la comunidad, con \u00e1reas para la venta de artesan\u00edas, alimentos y actividades l\u00fadicas, adem\u00e1s de convertirse en un punto de encuentro para habitantes y visitantes.<\/p>\n<p>&nbsp;<\/p>\n<p>La propuesta surgi\u00f3 a partir de un proceso de di\u00e1logo con la comunidad y del trabajo realizado por estudiantes de arquitectura de la Universidad Marista, quienes presentaron cinco proyectos para el nuevo espacio.<\/p>\n<p>&nbsp;<\/p>\n<p>\u201cLo m\u00e1s importante es que este proyecto se hizo de la mano de la comunidad. Queremos que la gente de Dzibilchalt\u00fan sienta que este espacio tambi\u00e9n es suyo, que pueda beneficiarse de la llegada de visitantes y que podamos generar prosperidad a partir de nuestra propia identidad\u201d, a\u00f1adi\u00f3.<\/p>\n<p>&nbsp;<\/p>\n<p>Cecilia Patr\u00f3n adelant\u00f3 que este impulso de intervenci\u00f3n integral se buscar\u00e1 incorporar al presupuesto de 2027, con la intenci\u00f3n de que el pr\u00f3ximo a\u00f1o pueda concretarse el nuevo parador tur\u00edstico.<\/p>\n<p>&nbsp;<\/p>\n<p>Asimismo, destac\u00f3 la importancia de trabajar coordinadamente con el Instituto Nacional de Antropolog\u00eda e Historia (INAH), el Gobierno del Estado, prestadores de servicios tur\u00edsticos, c\u00e1maras empresariales, colegios y la propia comunidad, siempre con respeto a la normativa que protege el patrimonio arqueol\u00f3gico.<\/p>\n<p>&nbsp;<\/p>\n<p>M\u00e9rida se prepara para un cierre de a\u00f1o con mayor actividad tur\u00edstica.<\/p>\n<p>&nbsp;<\/p>\n<p>Como parte de la estrategia para fortalecer la atracci\u00f3n tur\u00edstica durante los \u00faltimos meses del a\u00f1o, en esta segunda sesi\u00f3n del consejo se destac\u00f3 la agenda de eventos y actividades que buscan mantener a M\u00e9rida como una ciudad viva, con opciones para visitantes y habitantes durante todo el a\u00f1o.<\/p>\n<p>&nbsp;<\/p>\n<p>Entre las actividades se encuentran M\u00e9rida Restaurant Week, el Festival de las \u00c1nimas, el Paseo de las Catrinas, M\u00e9rida Fest, el Marat\u00f3n de M\u00e9rida y el Festival de Jazz, eventos que contribuyen a diversificar la oferta de la ciudad y atraer visitantes nacionales e internacionales.<\/p>\n<p>&nbsp;<\/p>\n<p>Al igual se record\u00f3 la diversidad de actividades dentro de las comisar\u00edas mediante el turismo comunitario, que ofrece experiencias de la mano de quienes habitan estas comunidades. Adem\u00e1s de la oferta cultural gratuita disponible todos los d\u00edas en el Centro Hist\u00f3rico de la ciudad.<\/p>\n<p>&nbsp;<\/p>\n<p>M\u00e9rida se consolida como uno de los principales motores tur\u00edsticos de Yucat\u00e1n y como un destino cada vez m\u00e1s atractivo para visitantes nacionales e internacionales. Actualmente, 16 de cada 100 pesos del PIB estatal provienen del turismo, siendo M\u00e9rida la ciudad que concentra una parte importante de esta actividad.<\/p>\n<p>&nbsp;<\/p>\n<p>Este dinamismo tambi\u00e9n se refleja con los 82 proyectos de inversi\u00f3n privada tur\u00edstica que han llegado al estado, por un monto de 11.3 millones de pesos, y de la cual M\u00e9rida concentra el 40 por ciento de la inversi\u00f3n.<\/p>\n<p>&nbsp;<\/p>\n<p>A ello se suma una estad\u00eda promedio de 2.1 d\u00edas, la tercera m\u00e1s alta del pa\u00eds, indicador que refleja la capacidad de la ciudad para atraer visitantes y generar una derrama econ\u00f3mica que beneficia a hoteles, restaurantes, comercios, prestadores de servicios y familias meridanas.<\/p>\n<p>&nbsp;<\/p>\n<p>El crecimiento tur\u00edstico de la capital meridana est\u00e1 respaldado por una ubicaci\u00f3n privilegiada y una conectividad cada vez mayor, con vuelos hacia 13 destinos nacionales y 6 internacionales, entre ellos Ciudad de M\u00e9xico, Monterrey, Guadalajara, Miami, Houston y Dallas.<\/p>\n<p>&nbsp;<\/p>\n<p>Durante 2026, el aeropuerto de la ciudad ha recibido 2 millones 002 mil 228 pasajeros, un crecimiento de 7.6 por ciento, posicion\u00e1ndose como el aeropuerto del sur del pa\u00eds con mayor crecimiento anual en llegada de pasajeros.<\/p>\n<p>&nbsp;<\/p>\n<p>Esta expansi\u00f3n se acompa\u00f1a de una s\u00f3lida infraestructura tur\u00edstica, con m\u00e1s de 282 hoteles y m\u00e1s de 10 mil 800 habitaciones, que permiten atender una demanda creciente y fortalecen la posici\u00f3n de M\u00e9rida como destino tur\u00edstico, de negocios y de eventos.<\/p>\n<p>&nbsp;<\/p>\n<p>En esta misma sesi\u00f3n se resalt\u00f3 especialmente el crecimiento del Festival de las \u00c1nimas y el Paseo de las Catrinas, cuya edici\u00f3n de este a\u00f1o contemplar\u00e1 un mayor impulso para consolidarlos como una celebraci\u00f3n representativa de M\u00e9rida y un atractivo para quienes visitan la ciudad.<\/p>\n<p>&nbsp;<\/p>\n<p>Tambi\u00e9n se comparti\u00f3 que el Marat\u00f3n de M\u00e9rida 2027 espera reunir a alrededor de 8 mil participantes, con el atractivo adicional de ser un evento clasificatorio para el Marat\u00f3n de Boston, lo que contribuye a incrementar la llegada de visitantes de otras partes del pa\u00eds y del extranjero.<\/p>\n<p>&nbsp;<\/p>\n<p>\u201cQueremos que en M\u00e9rida siempre haya algo que hacer, que sea una ciudad que siempre est\u00e9 viva y donde quienes nos visitan encuentren m\u00e1s actividades para disfrutar, divertirse y conocer nuestra cultura\u201d, manifest\u00f3 la alcaldesa Cecilia Patr\u00f3n al respecto.<\/p>\n<p>&nbsp;<\/p>\n<p>A la par, el Ayuntamiento trabaja en acciones de mejoramiento urbano que contribuyen a la experiencia tur\u00edstica, entre ellas la renovaci\u00f3n de iluminaci\u00f3n del Centro Hist\u00f3rico, con la instalaci\u00f3n de mil 100 l\u00e1mparas LED de luz c\u00e1lida, dise\u00f1adas para mejorar la visibilidad sin perder el car\u00e1cter y ambiente tradicional de esta zona de la ciudad.<\/p>\n<p>&nbsp;<\/p>\n<p>La estrategia municipal tambi\u00e9n contempla la instalaci\u00f3n de nuevas piezas de arte en distintos puntos de M\u00e9rida, entre ellas la r\u00e9plica de la Estela 18 de Uxmal, que ser\u00e1 colocada en el Remate de Paseo de Montejo para fortalecer la presencia de la cultura maya en uno de los espacios m\u00e1s emblem\u00e1ticos de la capital yucateca.<\/p>\n<p>&nbsp;<\/p>\n<p>Entre uno de los puntos que m\u00e1s se reconoci\u00f3 fue la seguridad con la que cuenta la capital yucateca, la cual permite realizar cada uno de los eventos, y la labor de cercan\u00eda que realiza la Polic\u00eda de M\u00e9rida, brindando atenci\u00f3n a propios y visitantes.<\/p>\n<p>&nbsp;<\/p>\n<p>Finalmente, Cecilia Patr\u00f3n subray\u00f3 que el turismo es una actividad estrat\u00e9gica para generar bienestar, debido a que sus beneficios alcanzan a una amplia cadena de personas y sectores, desde trabajadores de hoteles y restaurantes hasta artesanos, comerciantes, transportistas y prestadores de servicios.<\/p>\n<p>&nbsp;<\/p>\n<p>\u201cTodo lo que hacemos tiene un objetivo: que el turismo genere justicia social, que el recurso se reparta entre m\u00e1s personas y que las comunidades puedan beneficiarse de lo que tenemos, de nuestra cultura, historia y de la ciudad\u201d, concluy\u00f3.<\/p>\n<p>&nbsp;<\/p>\n<p>El Ayuntamiento de M\u00e9rida continuar\u00e1 trabajando de manera coordinada con el sector tur\u00edstico para fortalecer la promoci\u00f3n de la ciudad, ampliar su oferta y consolidarla como uno de los principales destinos tur\u00edsticos del pa\u00eds m\u00e1s seguros y con una cartelera \u00fanica y distinguible.<\/p>\n<p>&nbsp;<\/p>\n","protected":false},"excerpt":{"rendered":"<p>&nbsp; M\u00e9rida, Yucat\u00e1n a viernes 4 de septiembre de 2026.- Con el objetivo de fortalecer la oferta tur\u00edstica de M\u00e9rida, generar nuevas oportunidades para las comunidades y poner en valor la identidad y las ra\u00edces mayas, la presidenta municipal de M\u00e9rida, Cecilia Patr\u00f3n Laviada, present\u00f3 ante integrantes del Consejo Consultivo de Turismo el proyecto del [&hellip;]<\/p>\n","protected":false},"author":4,"featured_media":118361,"comment_status":"closed","ping_status":"closed","sticky":false,"template":"","format":"standard","meta":{"footnotes":""},"categories":[2],"tags":[],"class_list":["post-118360","post","type-post","status-publish","format-standard","has-post-thumbnail","category-merida"],"yoast_head":"<!-- This site is optimized with the Yoast SEO plugin v28.4 - https:\/\/yoast.com\/product\/yoast-seo-wordpress\/ -->\n<title>El primer paradero tur\u00edstico de Dzibilchalt\u00fan impulsar\u00e1 la prosperidad e identidad de las comunidades mayas - Yucat\u00e1n en corto<\/title>\n<meta name=\"robots\" content=\"index, follow, max-snippet:-1, max-image-preview:large, max-video-preview:-1\" \/>\n<link rel=\"canonical\" href=\"https:\/\/www.yucatanencorto.com\/noticias\/el-primer-paradero-turistico-de-dzibilchaltun-impulsara-la-prosperidad-e-identidad-de-las-comunidades-mayas\/\" \/>\n<meta property=\"og:locale\" content=\"es_ES\" \/>\n<meta property=\"og:type\" content=\"article\" \/>\n<meta property=\"og:title\" content=\"El primer paradero tur\u00edstico de Dzibilchalt\u00fan impulsar\u00e1 la prosperidad e identidad de las comunidades mayas - Yucat\u00e1n en corto\" \/>\n<meta property=\"og:description\" content=\"&nbsp; M\u00e9rida, Yucat\u00e1n a viernes 4 de septiembre de 2026.- Con el objetivo de fortalecer la oferta tur\u00edstica de M\u00e9rida, generar nuevas oportunidades para las comunidades y poner en valor la identidad y las ra\u00edces mayas, la presidenta municipal de M\u00e9rida, Cecilia Patr\u00f3n Laviada, present\u00f3 ante integrantes del Consejo Consultivo de Turismo el proyecto del [&hellip;]\" \/>\n<meta property=\"og:url\" content=\"https:\/\/www.yucatanencorto.com\/noticias\/el-primer-paradero-turistico-de-dzibilchaltun-impulsara-la-prosperidad-e-identidad-de-las-comunidades-mayas\/\" \/>\n<meta property=\"og:site_name\" content=\"Yucat\u00e1n en corto\" \/>\n<meta property=\"article:publisher\" content=\"http:\/\/www.facebook.com\/yucatanencorto\" \/>\n<meta property=\"article:published_time\" content=\"2026-09-05T03:55:34+00:00\" \/>\n<meta property=\"og:image\" content=\"https:\/\/www.yucatanencorto.com\/noticias\/wp-content\/uploads\/2026\/09\/IMG-20260904-WA0188-scaled.jpg\" \/>\n\t<meta property=\"og:image:width\" content=\"768\" \/>\n\t<meta property=\"og:image:height\" content=\"486\" \/>\n\t<meta property=\"og:image:type\" content=\"image\/jpeg\" \/>\n<meta name=\"author\" content=\"YC 25\" \/>\n<meta name=\"twitter:card\" content=\"summary_large_image\" \/>\n<meta name=\"twitter:creator\" content=\"@yucatanencorto\" \/>\n<meta name=\"twitter:site\" content=\"@yucatanencorto\" \/>\n<meta name=\"twitter:label1\" content=\"Escrito por\" \/>\n\t<meta name=\"twitter:data1\" content=\"YC 25\" \/>\n\t<meta name=\"twitter:label2\" content=\"Tiempo de lectura\" \/>\n\t<meta name=\"twitter:data2\" content=\"6 minutos\" \/>\n<script type=\"application\/ld+json\" class=\"yoast-schema-graph\">{\"@context\":\"https:\\\/\\\/schema.org\",\"@graph\":[{\"@type\":\"Article\",\"@id\":\"https:\\\/\\\/www.yucatanencorto.com\\\/noticias\\\/el-primer-paradero-turistico-de-dzibilchaltun-impulsara-la-prosperidad-e-identidad-de-las-comunidades-mayas\\\/#article\",\"isPartOf\":{\"@id\":\"https:\\\/\\\/www.yucatanencorto.com\\\/noticias\\\/el-primer-paradero-turistico-de-dzibilchaltun-impulsara-la-prosperidad-e-identidad-de-las-comunidades-mayas\\\/\"},\"author\":{\"name\":\"YC 25\",\"@id\":\"https:\\\/\\\/www.yucatanencorto.com\\\/noticias\\\/#\\\/schema\\\/person\\\/f0ec40c33447bbc0dc2d01d3006de771\"},\"headline\":\"El primer paradero tur\u00edstico de Dzibilchalt\u00fan impulsar\u00e1 la prosperidad e identidad de las comunidades mayas\",\"datePublished\":\"2026-09-05T03:55:34+00:00\",\"mainEntityOfPage\":{\"@id\":\"https:\\\/\\\/www.yucatanencorto.com\\\/noticias\\\/el-primer-paradero-turistico-de-dzibilchaltun-impulsara-la-prosperidad-e-identidad-de-las-comunidades-mayas\\\/\"},\"wordCount\":1326,\"publisher\":{\"@id\":\"https:\\\/\\\/www.yucatanencorto.com\\\/noticias\\\/#organization\"},\"image\":{\"@id\":\"https:\\\/\\\/www.yucatanencorto.com\\\/noticias\\\/el-primer-paradero-turistico-de-dzibilchaltun-impulsara-la-prosperidad-e-identidad-de-las-comunidades-mayas\\\/#primaryimage\"},\"thumbnailUrl\":\"https:\\\/\\\/www.yucatanencorto.com\\\/noticias\\\/wp-content\\\/uploads\\\/2026\\\/09\\\/IMG-20260904-WA0188-scaled.jpg\",\"articleSection\":[\"M\u00e9rida\"],\"inLanguage\":\"es\"},{\"@type\":\"WebPage\",\"@id\":\"https:\\\/\\\/www.yucatanencorto.com\\\/noticias\\\/el-primer-paradero-turistico-de-dzibilchaltun-impulsara-la-prosperidad-e-identidad-de-las-comunidades-mayas\\\/\",\"url\":\"https:\\\/\\\/www.yucatanencorto.com\\\/noticias\\\/el-primer-paradero-turistico-de-dzibilchaltun-impulsara-la-prosperidad-e-identidad-de-las-comunidades-mayas\\\/\",\"name\":\"El primer paradero tur\u00edstico de Dzibilchalt\u00fan impulsar\u00e1 la prosperidad e identidad de las comunidades mayas - Yucat\u00e1n en corto\",\"isPartOf\":{\"@id\":\"https:\\\/\\\/www.yucatanencorto.com\\\/noticias\\\/#website\"},\"primaryImageOfPage\":{\"@id\":\"https:\\\/\\\/www.yucatanencorto.com\\\/noticias\\\/el-primer-paradero-turistico-de-dzibilchaltun-impulsara-la-prosperidad-e-identidad-de-las-comunidades-mayas\\\/#primaryimage\"},\"image\":{\"@id\":\"https:\\\/\\\/www.yucatanencorto.com\\\/noticias\\\/el-primer-paradero-turistico-de-dzibilchaltun-impulsara-la-prosperidad-e-identidad-de-las-comunidades-mayas\\\/#primaryimage\"},\"thumbnailUrl\":\"https:\\\/\\\/www.yucatanencorto.com\\\/noticias\\\/wp-content\\\/uploads\\\/2026\\\/09\\\/IMG-20260904-WA0188-scaled.jpg\",\"datePublished\":\"2026-09-05T03:55:34+00:00\",\"breadcrumb\":{\"@id\":\"https:\\\/\\\/www.yucatanencorto.com\\\/noticias\\\/el-primer-paradero-turistico-de-dzibilchaltun-impulsara-la-prosperidad-e-identidad-de-las-comunidades-mayas\\\/#breadcrumb\"},\"inLanguage\":\"es\",\"potentialAction\":[{\"@type\":\"ReadAction\",\"target\":[\"https:\\\/\\\/www.yucatanencorto.com\\\/noticias\\\/el-primer-paradero-turistico-de-dzibilchaltun-impulsara-la-prosperidad-e-identidad-de-las-comunidades-mayas\\\/\"]}]},{\"@type\":\"ImageObject\",\"inLanguage\":\"es\",\"@id\":\"https:\\\/\\\/www.yucatanencorto.com\\\/noticias\\\/el-primer-paradero-turistico-de-dzibilchaltun-impulsara-la-prosperidad-e-identidad-de-las-comunidades-mayas\\\/#primaryimage\",\"url\":\"https:\\\/\\\/www.yucatanencorto.com\\\/noticias\\\/wp-content\\\/uploads\\\/2026\\\/09\\\/IMG-20260904-WA0188-scaled.jpg\",\"contentUrl\":\"https:\\\/\\\/www.yucatanencorto.com\\\/noticias\\\/wp-content\\\/uploads\\\/2026\\\/09\\\/IMG-20260904-WA0188-scaled.jpg\",\"width\":768,\"height\":486},{\"@type\":\"BreadcrumbList\",\"@id\":\"https:\\\/\\\/www.yucatanencorto.com\\\/noticias\\\/el-primer-paradero-turistico-de-dzibilchaltun-impulsara-la-prosperidad-e-identidad-de-las-comunidades-mayas\\\/#breadcrumb\",\"itemListElement\":[{\"@type\":\"ListItem\",\"position\":1,\"name\":\"Portada\",\"item\":\"https:\\\/\\\/www.yucatanencorto.com\\\/noticias\\\/\"},{\"@type\":\"ListItem\",\"position\":2,\"name\":\"El primer paradero tur\u00edstico de Dzibilchalt\u00fan impulsar\u00e1 la prosperidad e identidad de las comunidades mayas\"}]},{\"@type\":\"WebSite\",\"@id\":\"https:\\\/\\\/www.yucatanencorto.com\\\/noticias\\\/#website\",\"url\":\"https:\\\/\\\/www.yucatanencorto.com\\\/noticias\\\/\",\"name\":\"Yucat\u00e1n en corto\",\"description\":\"Noticias\",\"publisher\":{\"@id\":\"https:\\\/\\\/www.yucatanencorto.com\\\/noticias\\\/#organization\"},\"potentialAction\":[{\"@type\":\"SearchAction\",\"target\":{\"@type\":\"EntryPoint\",\"urlTemplate\":\"https:\\\/\\\/www.yucatanencorto.com\\\/noticias\\\/?s={search_term_string}\"},\"query-input\":{\"@type\":\"PropertyValueSpecification\",\"valueRequired\":true,\"valueName\":\"search_term_string\"}}],\"inLanguage\":\"es\"},{\"@type\":\"Organization\",\"@id\":\"https:\\\/\\\/www.yucatanencorto.com\\\/noticias\\\/#organization\",\"name\":\"Yucat\u00e1n en corto\",\"url\":\"https:\\\/\\\/www.yucatanencorto.com\\\/noticias\\\/\",\"logo\":{\"@type\":\"ImageObject\",\"inLanguage\":\"es\",\"@id\":\"https:\\\/\\\/www.yucatanencorto.com\\\/noticias\\\/#\\\/schema\\\/logo\\\/image\\\/\",\"url\":\"https:\\\/\\\/www.yucatanencorto.com\\\/noticias\\\/wp-content\\\/uploads\\\/2026\\\/08\\\/Logo-web.png\",\"contentUrl\":\"https:\\\/\\\/www.yucatanencorto.com\\\/noticias\\\/wp-content\\\/uploads\\\/2026\\\/08\\\/Logo-web.png\",\"width\":272,\"height\":90,\"caption\":\"Yucat\u00e1n en corto\"},\"image\":{\"@id\":\"https:\\\/\\\/www.yucatanencorto.com\\\/noticias\\\/#\\\/schema\\\/logo\\\/image\\\/\"},\"sameAs\":[\"http:\\\/\\\/www.facebook.com\\\/yucatanencorto\",\"https:\\\/\\\/x.com\\\/yucatanencorto\"]},{\"@type\":\"Person\",\"@id\":\"https:\\\/\\\/www.yucatanencorto.com\\\/noticias\\\/#\\\/schema\\\/person\\\/f0ec40c33447bbc0dc2d01d3006de771\",\"name\":\"YC 25\",\"image\":{\"@type\":\"ImageObject\",\"inLanguage\":\"es\",\"@id\":\"https:\\\/\\\/secure.gravatar.com\\\/avatar\\\/20e0a6b626f38fa8e545fb3f80ce566efd790bf8877e65c3a482460cc3e0b5d1?s=96&d=mm&r=g\",\"url\":\"https:\\\/\\\/secure.gravatar.com\\\/avatar\\\/20e0a6b626f38fa8e545fb3f80ce566efd790bf8877e65c3a482460cc3e0b5d1?s=96&d=mm&r=g\",\"contentUrl\":\"https:\\\/\\\/secure.gravatar.com\\\/avatar\\\/20e0a6b626f38fa8e545fb3f80ce566efd790bf8877e65c3a482460cc3e0b5d1?s=96&d=mm&r=g\",\"caption\":\"YC 25\"},\"url\":\"https:\\\/\\\/www.yucatanencorto.com\\\/noticias\\\/author\\\/editor25\\\/\"}]}<\/script>\n<!-- \/ Yoast SEO plugin. -->","yoast_head_json":{"title":"El primer paradero tur\u00edstico de Dzibilchalt\u00fan impulsar\u00e1 la prosperidad e identidad de las comunidades mayas - Yucat\u00e1n en corto","robots":{"index":"index","follow":"follow","max-snippet":"max-snippet:-1","max-image-preview":"max-image-preview:large","max-video-preview":"max-video-preview:-1"},"canonical":"https:\/\/www.yucatanencorto.com\/noticias\/el-primer-paradero-turistico-de-dzibilchaltun-impulsara-la-prosperidad-e-identidad-de-las-comunidades-mayas\/","og_locale":"es_ES","og_type":"article","og_title":"El primer paradero tur\u00edstico de Dzibilchalt\u00fan impulsar\u00e1 la prosperidad e identidad de las comunidades mayas - Yucat\u00e1n en corto","og_description":"&nbsp; M\u00e9rida, Yucat\u00e1n a viernes 4 de septiembre de 2026.- Con el objetivo de fortalecer la oferta tur\u00edstica de M\u00e9rida, generar nuevas oportunidades para las comunidades y poner en valor la identidad y las ra\u00edces mayas, la presidenta municipal de M\u00e9rida, Cecilia Patr\u00f3n Laviada, present\u00f3 ante integrantes del Consejo Consultivo de Turismo el proyecto del [&hellip;]","og_url":"https:\/\/www.yucatanencorto.com\/noticias\/el-primer-paradero-turistico-de-dzibilchaltun-impulsara-la-prosperidad-e-identidad-de-las-comunidades-mayas\/","og_site_name":"Yucat\u00e1n en corto","article_publisher":"http:\/\/www.facebook.com\/yucatanencorto","article_published_time":"2026-09-05T03:55:34+00:00","og_image":[{"width":768,"height":486,"url":"https:\/\/www.yucatanencorto.com\/noticias\/wp-content\/uploads\/2026\/09\/IMG-20260904-WA0188-scaled.jpg","type":"image\/jpeg"}],"author":"YC 25","twitter_card":"summary_large_image","twitter_creator":"@yucatanencorto","twitter_site":"@yucatanencorto","twitter_misc":{"Escrito por":"YC 25","Tiempo de lectura":"6 minutos"},"schema":{"@context":"https:\/\/schema.org","@graph":[{"@type":"Article","@id":"https:\/\/www.yucatanencorto.com\/noticias\/el-primer-paradero-turistico-de-dzibilchaltun-impulsara-la-prosperidad-e-identidad-de-las-comunidades-mayas\/#article","isPartOf":{"@id":"https:\/\/www.yucatanencorto.com\/noticias\/el-primer-paradero-turistico-de-dzibilchaltun-impulsara-la-prosperidad-e-identidad-de-las-comunidades-mayas\/"},"author":{"name":"YC 25","@id":"https:\/\/www.yucatanencorto.com\/noticias\/#\/schema\/person\/f0ec40c33447bbc0dc2d01d3006de771"},"headline":"El primer paradero tur\u00edstico de Dzibilchalt\u00fan impulsar\u00e1 la prosperidad e identidad de las comunidades mayas","datePublished":"2026-09-05T03:55:34+00:00","mainEntityOfPage":{"@id":"https:\/\/www.yucatanencorto.com\/noticias\/el-primer-paradero-turistico-de-dzibilchaltun-impulsara-la-prosperidad-e-identidad-de-las-comunidades-mayas\/"},"wordCount":1326,"publisher":{"@id":"https:\/\/www.yucatanencorto.com\/noticias\/#organization"},"image":{"@id":"https:\/\/www.yucatanencorto.com\/noticias\/el-primer-paradero-turistico-de-dzibilchaltun-impulsara-la-prosperidad-e-identidad-de-las-comunidades-mayas\/#primaryimage"},"thumbnailUrl":"https:\/\/www.yucatanencorto.com\/noticias\/wp-content\/uploads\/2026\/09\/IMG-20260904-WA0188-scaled.jpg","articleSection":["M\u00e9rida"],"inLanguage":"es"},{"@type":"WebPage","@id":"https:\/\/www.yucatanencorto.com\/noticias\/el-primer-paradero-turistico-de-dzibilchaltun-impulsara-la-prosperidad-e-identidad-de-las-comunidades-mayas\/","url":"https:\/\/www.yucatanencorto.com\/noticias\/el-primer-paradero-turistico-de-dzibilchaltun-impulsara-la-prosperidad-e-identidad-de-las-comunidades-mayas\/","name":"El primer paradero tur\u00edstico de Dzibilchalt\u00fan impulsar\u00e1 la prosperidad e identidad de las comunidades mayas - Yucat\u00e1n en corto","isPartOf":{"@id":"https:\/\/www.yucatanencorto.com\/noticias\/#website"},"primaryImageOfPage":{"@id":"https:\/\/www.yucatanencorto.com\/noticias\/el-primer-paradero-turistico-de-dzibilchaltun-impulsara-la-prosperidad-e-identidad-de-las-comunidades-mayas\/#primaryimage"},"image":{"@id":"https:\/\/www.yucatanencorto.com\/noticias\/el-primer-paradero-turistico-de-dzibilchaltun-impulsara-la-prosperidad-e-identidad-de-las-comunidades-mayas\/#primaryimage"},"thumbnailUrl":"https:\/\/www.yucatanencorto.com\/noticias\/wp-content\/uploads\/2026\/09\/IMG-20260904-WA0188-scaled.jpg","datePublished":"2026-09-05T03:55:34+00:00","breadcrumb":{"@id":"https:\/\/www.yucatanencorto.com\/noticias\/el-primer-paradero-turistico-de-dzibilchaltun-impulsara-la-prosperidad-e-identidad-de-las-comunidades-mayas\/#breadcrumb"},"inLanguage":"es","potentialAction":[{"@type":"ReadAction","target":["https:\/\/www.yucatanencorto.com\/noticias\/el-primer-paradero-turistico-de-dzibilchaltun-impulsara-la-prosperidad-e-identidad-de-las-comunidades-mayas\/"]}]},{"@type":"ImageObject","inLanguage":"es","@id":"https:\/\/www.yucatanencorto.com\/noticias\/el-primer-paradero-turistico-de-dzibilchaltun-impulsara-la-prosperidad-e-identidad-de-las-comunidades-mayas\/#primaryimage","url":"https:\/\/www.yucatanencorto.com\/noticias\/wp-content\/uploads\/2026\/09\/IMG-20260904-WA0188-scaled.jpg","contentUrl":"https:\/\/www.yucatanencorto.com\/noticias\/wp-content\/uploads\/2026\/09\/IMG-20260904-WA0188-scaled.jpg","width":768,"height":486},{"@type":"BreadcrumbList","@id":"https:\/\/www.yucatanencorto.com\/noticias\/el-primer-paradero-turistico-de-dzibilchaltun-impulsara-la-prosperidad-e-identidad-de-las-comunidades-mayas\/#breadcrumb","itemListElement":[{"@type":"ListItem","position":1,"name":"Portada","item":"https:\/\/www.yucatanencorto.com\/noticias\/"},{"@type":"ListItem","position":2,"name":"El primer paradero tur\u00edstico de Dzibilchalt\u00fan impulsar\u00e1 la prosperidad e identidad de las comunidades mayas"}]},{"@type":"WebSite","@id":"https:\/\/www.yucatanencorto.com\/noticias\/#website","url":"https:\/\/www.yucatanencorto.com\/noticias\/","name":"Yucat\u00e1n en corto","description":"Noticias","publisher":{"@id":"https:\/\/www.yucatanencorto.com\/noticias\/#organization"},"potentialAction":[{"@type":"SearchAction","target":{"@type":"EntryPoint","urlTemplate":"https:\/\/www.yucatanencorto.com\/noticias\/?s={search_term_string}"},"query-input":{"@type":"PropertyValueSpecification","valueRequired":true,"valueName":"search_term_string"}}],"inLanguage":"es"},{"@type":"Organization","@id":"https:\/\/www.yucatanencorto.com\/noticias\/#organization","name":"Yucat\u00e1n en corto","url":"https:\/\/www.yucatanencorto.com\/noticias\/","logo":{"@type":"ImageObject","inLanguage":"es","@id":"https:\/\/www.yucatanencorto.com\/noticias\/#\/schema\/logo\/image\/","url":"https:\/\/www.yucatanencorto.com\/noticias\/wp-content\/uploads\/2026\/08\/Logo-web.png","contentUrl":"https:\/\/www.yucatanencorto.com\/noticias\/wp-content\/uploads\/2026\/08\/Logo-web.png","width":272,"height":90,"caption":"Yucat\u00e1n en corto"},"image":{"@id":"https:\/\/www.yucatanencorto.com\/noticias\/#\/schema\/logo\/image\/"},"sameAs":["http:\/\/www.facebook.com\/yucatanencorto","https:\/\/x.com\/yucatanencorto"]},{"@type":"Person","@id":"https:\/\/www.yucatanencorto.com\/noticias\/#\/schema\/person\/f0ec40c33447bbc0dc2d01d3006de771","name":"YC 25","image":{"@type":"ImageObject","inLanguage":"es","@id":"https:\/\/secure.gravatar.com\/avatar\/20e0a6b626f38fa8e545fb3f80ce566efd790bf8877e65c3a482460cc3e0b5d1?s=96&d=mm&r=g","url":"https:\/\/secure.gravatar.com\/avatar\/20e0a6b626f38fa8e545fb3f80ce566efd790bf8877e65c3a482460cc3e0b5d1?s=96&d=mm&r=g","contentUrl":"https:\/\/secure.gravatar.com\/avatar\/20e0a6b626f38fa8e545fb3f80ce566efd790bf8877e65c3a482460cc3e0b5d1?s=96&d=mm&r=g","caption":"YC 25"},"url":"https:\/\/www.yucatanencorto.com\/noticias\/author\/editor25\/"}]}},"_links":{"self":[{"href":"https:\/\/www.yucatanencorto.com\/noticias\/wp-json\/wp\/v2\/posts\/118360","targetHints":{"allow":["GET"]}}],"collection":[{"href":"https:\/\/www.yucatanencorto.com\/noticias\/wp-json\/wp\/v2\/posts"}],"about":[{"href":"https:\/\/www.yucatanencorto.com\/noticias\/wp-json\/wp\/v2\/types\/post"}],"author":[{"embeddable":true,"href":"https:\/\/www.yucatanencorto.com\/noticias\/wp-json\/wp\/v2\/users\/4"}],"replies":[{"embeddable":true,"href":"https:\/\/www.yucatanencorto.com\/noticias\/wp-json\/wp\/v2\/comments?post=118360"}],"version-history":[{"count":1,"href":"https:\/\/www.yucatanencorto.com\/noticias\/wp-json\/wp\/v2\/posts\/118360\/revisions"}],"predecessor-version":[{"id":118362,"href":"https:\/\/www.yucatanencorto.com\/noticias\/wp-json\/wp\/v2\/posts\/118360\/revisions\/118362"}],"wp:featuredmedia":[{"embeddable":true,"href":"https:\/\/www.yucatanencorto.com\/noticias\/wp-json\/wp\/v2\/media\/118361"}],"wp:attachment":[{"href":"https:\/\/www.yucatanencorto.com\/noticias\/wp-json\/wp\/v2\/media?parent=118360"}],"wp:term":[{"taxonomy":"category","embeddable":true,"href":"https:\/\/www.yucatanencorto.com\/noticias\/wp-json\/wp\/v2\/categories?post=118360"},{"taxonomy":"post_tag","embeddable":true,"href":"https:\/\/www.yucatanencorto.com\/noticias\/wp-json\/wp\/v2\/tags?post=118360"}],"curies":[{"name":"wp","href":"https:\/\/api.w.org\/{rel}","templated":true}]}}