{"id":118366,"date":"2026-09-05T18:06:14","date_gmt":"2026-09-06T00:06:14","guid":{"rendered":"https:\/\/www.yucatanencorto.com\/noticias\/?p=118366"},"modified":"2026-09-05T18:06:14","modified_gmt":"2026-09-06T00:06:14","slug":"inauguran-el-segundo-diplomado-raquel-dzib-cicero","status":"publish","type":"post","link":"https:\/\/www.yucatanencorto.com\/noticias\/inauguran-el-segundo-diplomado-raquel-dzib-cicero\/","title":{"rendered":"Inauguran el segundo diplomado \u201cRaquel Dzib Cicero\u201d"},"content":{"rendered":"<p>&nbsp;<\/p>\n<p><img loading=\"lazy\" decoding=\"async\" class=\"alignnone size-full wp-image-118367\" src=\"https:\/\/www.yucatanencorto.com\/noticias\/wp-content\/uploads\/2026\/09\/IMG-20260905-WA0130-scaled.jpg\" alt=\"\" width=\"768\" height=\"512\" srcset=\"https:\/\/www.yucatanencorto.com\/noticias\/wp-content\/uploads\/2026\/09\/IMG-20260905-WA0130-scaled.jpg 768w, https:\/\/www.yucatanencorto.com\/noticias\/wp-content\/uploads\/2026\/09\/IMG-20260905-WA0130-150x100.jpg 150w, https:\/\/www.yucatanencorto.com\/noticias\/wp-content\/uploads\/2026\/09\/IMG-20260905-WA0130-300x200.jpg 300w, https:\/\/www.yucatanencorto.com\/noticias\/wp-content\/uploads\/2026\/09\/IMG-20260905-WA0130-696x464.jpg 696w, https:\/\/www.yucatanencorto.com\/noticias\/wp-content\/uploads\/2026\/09\/IMG-20260905-WA0130-1068x712.jpg 1068w\" sizes=\"auto, (max-width: 768px) 100vw, 768px\" \/><\/p>\n<p>M\u00e9rida, Yucat\u00e1n, a s\u00e1bado 5 de septiembre de 2026.- Con el compromiso de seguir construyendo una M\u00e9rida donde las mujeres puedan vivir con dignidad, libertad y seguridad, la presidenta municipal Cecilia Patr\u00f3n Laviada inaugur\u00f3 la segunda edici\u00f3n del Diplomado \u201cRaquel Dzib Cicero: Atenci\u00f3n a las Violencias de G\u00e9nero contra las Mujeres, Ni\u00f1as y Adolescentes\u201d, una iniciativa gratuita y \u00fanica en su tipo en Yucat\u00e1n que fortalece la preparaci\u00f3n de quienes tienen la responsabilidad de atender y acompa\u00f1ar a mujeres que viven situaciones de violencia.<\/p>\n<p>&nbsp;<\/p>\n<p>\u201cTenemos una gran historia en M\u00e9rida de las mujeres, pero aun as\u00ed las violencias persisten. Nos quedan muchas brechas por acortar, mucho por caminar y mucho por trabajar. Por eso este diplomado es tan importante: porque profesionalizarnos, seguir aprendiendo y prepararnos tambi\u00e9n es una manera de fortalecer a las mujeres\u201d, declar\u00f3 la alcaldesa.<\/p>\n<p>&nbsp;<\/p>\n<p>Se\u00f1al\u00f3 adem\u00e1s que esta lucha por los derechos de las mujeres es una tarea donde todas las meridanas deben de estar al frente, un compromiso que involucra corresponsabilidad con toda la sociedad.<\/p>\n<p>&nbsp;<\/p>\n<p>\u201cEn M\u00e9rida tienen una aliada. Una mujer que siempre est\u00e1 buscando c\u00f3mo fortalecer a las mujeres, c\u00f3mo abrir oportunidades y c\u00f3mo hacer que tengan mejores condiciones para salir adelante\u201d, afirm\u00f3.<\/p>\n<p>&nbsp;<\/p>\n<p>La segunda generaci\u00f3n representa una evoluci\u00f3n del proyecto formativo, que pasa de un enfoque introductorio a un proceso de mayor especializaci\u00f3n profesional, con una formaci\u00f3n 100 por ciento presencial que permitir\u00e1 fortalecer el intercambio entre participantes, el an\u00e1lisis de casos y la construcci\u00f3n de herramientas para una atenci\u00f3n m\u00e1s humana, profesional y efectiva.<\/p>\n<p>&nbsp;<\/p>\n<p>El diplomado es resultado de la colaboraci\u00f3n entre el Instituto de las Mujeres del Ayuntamiento de M\u00e9rida, la Comisi\u00f3n de Derechos Humanos del Estado de Yucat\u00e1n, el Centro de Estudios Superiores en Sexualidad y G\u00e9nero y la Universidad Aut\u00f3noma de Yucat\u00e1n, a trav\u00e9s de su Programa Virtual UADY.<\/p>\n<p>&nbsp;<\/p>\n<p>Una segunda edici\u00f3n que consolida un programa exitoso<\/p>\n<p>&nbsp;<\/p>\n<p>La respuesta a la convocatoria de esta segunda edici\u00f3n refleja el inter\u00e9s y la necesidad de continuar generando espacios gratuitos de formaci\u00f3n especializada.<\/p>\n<p>&nbsp;<\/p>\n<p>En total, se recibieron 78 solicitudes de inscripci\u00f3n, de las cuales 64 contaron con solicitud formal y folio asignado: 60 mujeres y cuatro hombres. Mientras que 14 se encontraban en proceso de solicitud, finalmente, fueron asignados 40 folios para integrar esta segunda generaci\u00f3n.<\/p>\n<p>&nbsp;<\/p>\n<p>La nueva generaci\u00f3n est\u00e1 conformada por profesionales de distintas disciplinas: 10 personas de Psicolog\u00eda, 12 de Derecho, nueve de Trabajo Social, ocho de Pedagog\u00eda y Educaci\u00f3n y una de Enfermer\u00eda.<\/p>\n<p>&nbsp;<\/p>\n<p>El inter\u00e9s mostrado en esta segunda edici\u00f3n confirma la importancia de contar con alternativas gratuitas de formaci\u00f3n especializada y consolida al Diplomado \u201cRaquel Dzib Cicero\u201d como un programa del Ayuntamiento de M\u00e9rida que responde a una necesidad concreta, que es el de preparar a nuevas generaciones de profesionistas para brindar una atenci\u00f3n especializada, \u00e9tica y con perspectiva de g\u00e9nero.<\/p>\n<p>&nbsp;<\/p>\n<p>La primera edici\u00f3n cont\u00f3 con 120 aspirantes registrados, 94 folios asignados y 40 personas seleccionadas, de las cuales 36 concluyeron satisfactoriamente su formaci\u00f3n.<\/p>\n<p>&nbsp;<\/p>\n<p>A lo largo de cinco m\u00f3dulos y aproximadamente siete meses, las y los participantes abordar\u00e1n herramientas y conocimientos relacionados con la perspectiva de g\u00e9nero, los derechos humanos y el enfoque interseccional, as\u00ed como los diferentes tipos y modalidades de violencia, sus causas y consecuencias.<\/p>\n<p>&nbsp;<\/p>\n<p>La Directora del Instituto de las Mujeres, Yahayra Guadalupe Centeno Ceballos, destac\u00f3 que este diplomado representa el compromiso del Ayuntamiento de M\u00e9rida para construir una sociedad donde ninguna mujer, ni\u00f1a o adolescente tenga que vivir la violencia como parte de su vida cotidiana.<\/p>\n<p>&nbsp;<\/p>\n<p>\u201cDurante estos siete meses vamos a fortalecer herramientas y conocimientos fundamentales para quienes tienen la responsabilidad de brindar atenci\u00f3n a situaciones de violencia, desde la perspectiva de g\u00e9nero, los derechos humanos y el enfoque interseccional\u201d, se\u00f1al\u00f3.<\/p>\n<p>&nbsp;<\/p>\n<p>Por su parte, la presidenta de la Comisi\u00f3n de Derechos Humanos del Estado de Yucat\u00e1n, Mar\u00eda Guadalupe M\u00e9ndez Ceballos, reconoci\u00f3 el impulso de la alcaldesa Cecilia Patr\u00f3n al Instituto de las Mujeres y destac\u00f3 la importancia de profesionalizar a quienes se encuentran en la primera l\u00ednea de atenci\u00f3n.<\/p>\n<p>&nbsp;<\/p>\n<p>\u201cLa empat\u00eda frente al dolor es indispensable, pero no basta. Las mujeres que reciben, escuchan y acompa\u00f1an los casos de violencia necesitan herramientas precisas, actualizaci\u00f3n constante y contenci\u00f3n\u201d, se\u00f1al\u00f3. Destac\u00f3 que apostar por una formaci\u00f3n especializada y continua \u201cno es un lujo acad\u00e9mico, es una exigencia\u201d frente a las violencias que cambian y se adaptan, por lo que celebr\u00f3 la colaboraci\u00f3n entre las instituciones participantes.<\/p>\n<p>&nbsp;<\/p>\n<p>Asimismo, refrend\u00f3 el respaldo de la Comisi\u00f3n de Derechos Humanos del Estado de Yucat\u00e1n a estos procesos de capacitaci\u00f3n y asegur\u00f3 que continuar\u00e1 sumando voluntad y recursos para fortalecer las acciones a favor de las mujeres, ni\u00f1as y adolescentes.<\/p>\n<p>&nbsp;<\/p>\n<p>El legado de Raquel Dzib Cicero<\/p>\n<p>&nbsp;<\/p>\n<p>El diplomado lleva el nombre de Raquel Dzib Cicero, maestra yucateca y defensora del acceso de las mujeres a la educaci\u00f3n y a sus derechos.<\/p>\n<p>&nbsp;<\/p>\n<p>En 1916 particip\u00f3 en el Primer Congreso Feminista de M\u00e9xico y en 1922 contribuy\u00f3 a la fundaci\u00f3n de la Liga Feminista de Yucat\u00e1n. En 1924 fue electa diputada por el Partido Socialista del Sureste junto con Elvia Carrillo Puerto y Beatriz Peniche, convirti\u00e9ndose en una de las primeras mujeres mexicanas en ocupar un cargo legislativo.<\/p>\n<p>&nbsp;<\/p>\n<p>Su trayectoria representa el esp\u00edritu de este proyecto: abrir caminos, generar oportunidades y construir condiciones para que m\u00e1s mujeres puedan ejercer plenamente sus derechos.<\/p>\n<p>&nbsp;<\/p>\n<p>Con esta segunda generaci\u00f3n, el Ayuntamiento de M\u00e9rida refrenda su compromiso con la profesionalizaci\u00f3n de quienes atienden las violencias de g\u00e9nero y con la construcci\u00f3n de servicios cada vez m\u00e1s especializados, humanos, \u00e9ticos y efectivos.<\/p>\n<p>&nbsp;<\/p>\n<p>Porque en M\u00e9rida las mujeres no est\u00e1n solas. Tienen una aliada, y tienen un Ayuntamiento que trabaja todos los d\u00edas para fortalecer sus derechos, abrir oportunidades y construir una ciudad donde puedan vivir libres de violencias.<\/p>\n<p>&nbsp;<\/p>\n<p>Acompa\u00f1aron a la alcaldesa\u00a0 Marcela Zamudio Maya, directora general de Desarrollo Acad\u00e9mico de la UADY; Claudette Cuthbert \u00c1lvarez, responsable del Componente de Violencia de G\u00e9nero y Aborto Seguro de los Servicios de Salud de Yucat\u00e1n; Esther Marcela Ortega Trejo, responsable de Supervisi\u00f3n de los M\u00f3dulos de Violencia Familiar Servicios de Salud de Yucat\u00e1n; Myriam del Carmen Estrada Castillo, subdirectora de Atenci\u00f3n a las Violencias; y Sandra Mariana Montes Mac\u00edas, jefa del Departamento de Desarrollo de las Mujeres en Comunidades con Perspectiva de G\u00e9nero.<\/p>\n<p>&nbsp;<\/p>\n<p>#MeridaContigoEsMejor<\/p>\n","protected":false},"excerpt":{"rendered":"<p>&nbsp; M\u00e9rida, Yucat\u00e1n, a s\u00e1bado 5 de septiembre de 2026.- Con el compromiso de seguir construyendo una M\u00e9rida donde las mujeres puedan vivir con dignidad, libertad y seguridad, la presidenta municipal Cecilia Patr\u00f3n Laviada inaugur\u00f3 la segunda edici\u00f3n del Diplomado \u201cRaquel Dzib Cicero: Atenci\u00f3n a las Violencias de G\u00e9nero contra las Mujeres, Ni\u00f1as y Adolescentes\u201d, [&hellip;]<\/p>\n","protected":false},"author":4,"featured_media":118367,"comment_status":"closed","ping_status":"closed","sticky":false,"template":"","format":"standard","meta":{"footnotes":""},"categories":[3],"tags":[],"class_list":["post-118366","post","type-post","status-publish","format-standard","has-post-thumbnail","category-yucatan"],"yoast_head":"<!-- This site is optimized with the Yoast SEO plugin v28.4 - https:\/\/yoast.com\/product\/yoast-seo-wordpress\/ -->\n<title>Inauguran el segundo diplomado \u201cRaquel Dzib Cicero\u201d - Yucat\u00e1n en corto<\/title>\n<meta name=\"robots\" content=\"index, follow, max-snippet:-1, max-image-preview:large, max-video-preview:-1\" \/>\n<link rel=\"canonical\" href=\"https:\/\/www.yucatanencorto.com\/noticias\/inauguran-el-segundo-diplomado-raquel-dzib-cicero\/\" \/>\n<meta property=\"og:locale\" content=\"es_ES\" \/>\n<meta property=\"og:type\" content=\"article\" \/>\n<meta property=\"og:title\" content=\"Inauguran el segundo diplomado \u201cRaquel Dzib Cicero\u201d - Yucat\u00e1n en corto\" \/>\n<meta property=\"og:description\" content=\"&nbsp; M\u00e9rida, Yucat\u00e1n, a s\u00e1bado 5 de septiembre de 2026.- Con el compromiso de seguir construyendo una M\u00e9rida donde las mujeres puedan vivir con dignidad, libertad y seguridad, la presidenta municipal Cecilia Patr\u00f3n Laviada inaugur\u00f3 la segunda edici\u00f3n del Diplomado \u201cRaquel Dzib Cicero: Atenci\u00f3n a las Violencias de G\u00e9nero contra las Mujeres, Ni\u00f1as y Adolescentes\u201d, [&hellip;]\" \/>\n<meta property=\"og:url\" content=\"https:\/\/www.yucatanencorto.com\/noticias\/inauguran-el-segundo-diplomado-raquel-dzib-cicero\/\" \/>\n<meta property=\"og:site_name\" content=\"Yucat\u00e1n en corto\" \/>\n<meta property=\"article:publisher\" content=\"http:\/\/www.facebook.com\/yucatanencorto\" \/>\n<meta property=\"article:published_time\" content=\"2026-09-06T00:06:14+00:00\" \/>\n<meta property=\"og:image\" content=\"https:\/\/www.yucatanencorto.com\/noticias\/wp-content\/uploads\/2026\/09\/IMG-20260905-WA0130-scaled.jpg\" \/>\n\t<meta property=\"og:image:width\" content=\"768\" \/>\n\t<meta property=\"og:image:height\" content=\"512\" \/>\n\t<meta property=\"og:image:type\" content=\"image\/jpeg\" \/>\n<meta name=\"author\" content=\"YC 25\" \/>\n<meta name=\"twitter:card\" content=\"summary_large_image\" \/>\n<meta name=\"twitter:creator\" content=\"@yucatanencorto\" \/>\n<meta name=\"twitter:site\" content=\"@yucatanencorto\" \/>\n<meta name=\"twitter:label1\" content=\"Escrito por\" \/>\n\t<meta name=\"twitter:data1\" content=\"YC 25\" \/>\n\t<meta name=\"twitter:label2\" content=\"Tiempo de lectura\" \/>\n\t<meta name=\"twitter:data2\" content=\"6 minutos\" \/>\n<script type=\"application\/ld+json\" class=\"yoast-schema-graph\">{\"@context\":\"https:\\\/\\\/schema.org\",\"@graph\":[{\"@type\":\"Article\",\"@id\":\"https:\\\/\\\/www.yucatanencorto.com\\\/noticias\\\/inauguran-el-segundo-diplomado-raquel-dzib-cicero\\\/#article\",\"isPartOf\":{\"@id\":\"https:\\\/\\\/www.yucatanencorto.com\\\/noticias\\\/inauguran-el-segundo-diplomado-raquel-dzib-cicero\\\/\"},\"author\":{\"name\":\"YC 25\",\"@id\":\"https:\\\/\\\/www.yucatanencorto.com\\\/noticias\\\/#\\\/schema\\\/person\\\/f0ec40c33447bbc0dc2d01d3006de771\"},\"headline\":\"Inauguran el segundo diplomado \u201cRaquel Dzib Cicero\u201d\",\"datePublished\":\"2026-09-06T00:06:14+00:00\",\"mainEntityOfPage\":{\"@id\":\"https:\\\/\\\/www.yucatanencorto.com\\\/noticias\\\/inauguran-el-segundo-diplomado-raquel-dzib-cicero\\\/\"},\"wordCount\":1151,\"publisher\":{\"@id\":\"https:\\\/\\\/www.yucatanencorto.com\\\/noticias\\\/#organization\"},\"image\":{\"@id\":\"https:\\\/\\\/www.yucatanencorto.com\\\/noticias\\\/inauguran-el-segundo-diplomado-raquel-dzib-cicero\\\/#primaryimage\"},\"thumbnailUrl\":\"https:\\\/\\\/www.yucatanencorto.com\\\/noticias\\\/wp-content\\\/uploads\\\/2026\\\/09\\\/IMG-20260905-WA0130-scaled.jpg\",\"articleSection\":[\"Yucat\u00e1n\"],\"inLanguage\":\"es\"},{\"@type\":\"WebPage\",\"@id\":\"https:\\\/\\\/www.yucatanencorto.com\\\/noticias\\\/inauguran-el-segundo-diplomado-raquel-dzib-cicero\\\/\",\"url\":\"https:\\\/\\\/www.yucatanencorto.com\\\/noticias\\\/inauguran-el-segundo-diplomado-raquel-dzib-cicero\\\/\",\"name\":\"Inauguran el segundo diplomado \u201cRaquel Dzib Cicero\u201d - Yucat\u00e1n en corto\",\"isPartOf\":{\"@id\":\"https:\\\/\\\/www.yucatanencorto.com\\\/noticias\\\/#website\"},\"primaryImageOfPage\":{\"@id\":\"https:\\\/\\\/www.yucatanencorto.com\\\/noticias\\\/inauguran-el-segundo-diplomado-raquel-dzib-cicero\\\/#primaryimage\"},\"image\":{\"@id\":\"https:\\\/\\\/www.yucatanencorto.com\\\/noticias\\\/inauguran-el-segundo-diplomado-raquel-dzib-cicero\\\/#primaryimage\"},\"thumbnailUrl\":\"https:\\\/\\\/www.yucatanencorto.com\\\/noticias\\\/wp-content\\\/uploads\\\/2026\\\/09\\\/IMG-20260905-WA0130-scaled.jpg\",\"datePublished\":\"2026-09-06T00:06:14+00:00\",\"breadcrumb\":{\"@id\":\"https:\\\/\\\/www.yucatanencorto.com\\\/noticias\\\/inauguran-el-segundo-diplomado-raquel-dzib-cicero\\\/#breadcrumb\"},\"inLanguage\":\"es\",\"potentialAction\":[{\"@type\":\"ReadAction\",\"target\":[\"https:\\\/\\\/www.yucatanencorto.com\\\/noticias\\\/inauguran-el-segundo-diplomado-raquel-dzib-cicero\\\/\"]}]},{\"@type\":\"ImageObject\",\"inLanguage\":\"es\",\"@id\":\"https:\\\/\\\/www.yucatanencorto.com\\\/noticias\\\/inauguran-el-segundo-diplomado-raquel-dzib-cicero\\\/#primaryimage\",\"url\":\"https:\\\/\\\/www.yucatanencorto.com\\\/noticias\\\/wp-content\\\/uploads\\\/2026\\\/09\\\/IMG-20260905-WA0130-scaled.jpg\",\"contentUrl\":\"https:\\\/\\\/www.yucatanencorto.com\\\/noticias\\\/wp-content\\\/uploads\\\/2026\\\/09\\\/IMG-20260905-WA0130-scaled.jpg\",\"width\":768,\"height\":512},{\"@type\":\"BreadcrumbList\",\"@id\":\"https:\\\/\\\/www.yucatanencorto.com\\\/noticias\\\/inauguran-el-segundo-diplomado-raquel-dzib-cicero\\\/#breadcrumb\",\"itemListElement\":[{\"@type\":\"ListItem\",\"position\":1,\"name\":\"Portada\",\"item\":\"https:\\\/\\\/www.yucatanencorto.com\\\/noticias\\\/\"},{\"@type\":\"ListItem\",\"position\":2,\"name\":\"Inauguran el segundo diplomado \u201cRaquel Dzib Cicero\u201d\"}]},{\"@type\":\"WebSite\",\"@id\":\"https:\\\/\\\/www.yucatanencorto.com\\\/noticias\\\/#website\",\"url\":\"https:\\\/\\\/www.yucatanencorto.com\\\/noticias\\\/\",\"name\":\"Yucat\u00e1n en corto\",\"description\":\"Noticias\",\"publisher\":{\"@id\":\"https:\\\/\\\/www.yucatanencorto.com\\\/noticias\\\/#organization\"},\"potentialAction\":[{\"@type\":\"SearchAction\",\"target\":{\"@type\":\"EntryPoint\",\"urlTemplate\":\"https:\\\/\\\/www.yucatanencorto.com\\\/noticias\\\/?s={search_term_string}\"},\"query-input\":{\"@type\":\"PropertyValueSpecification\",\"valueRequired\":true,\"valueName\":\"search_term_string\"}}],\"inLanguage\":\"es\"},{\"@type\":\"Organization\",\"@id\":\"https:\\\/\\\/www.yucatanencorto.com\\\/noticias\\\/#organization\",\"name\":\"Yucat\u00e1n en corto\",\"url\":\"https:\\\/\\\/www.yucatanencorto.com\\\/noticias\\\/\",\"logo\":{\"@type\":\"ImageObject\",\"inLanguage\":\"es\",\"@id\":\"https:\\\/\\\/www.yucatanencorto.com\\\/noticias\\\/#\\\/schema\\\/logo\\\/image\\\/\",\"url\":\"https:\\\/\\\/www.yucatanencorto.com\\\/noticias\\\/wp-content\\\/uploads\\\/2026\\\/08\\\/Logo-web.png\",\"contentUrl\":\"https:\\\/\\\/www.yucatanencorto.com\\\/noticias\\\/wp-content\\\/uploads\\\/2026\\\/08\\\/Logo-web.png\",\"width\":272,\"height\":90,\"caption\":\"Yucat\u00e1n en corto\"},\"image\":{\"@id\":\"https:\\\/\\\/www.yucatanencorto.com\\\/noticias\\\/#\\\/schema\\\/logo\\\/image\\\/\"},\"sameAs\":[\"http:\\\/\\\/www.facebook.com\\\/yucatanencorto\",\"https:\\\/\\\/x.com\\\/yucatanencorto\"]},{\"@type\":\"Person\",\"@id\":\"https:\\\/\\\/www.yucatanencorto.com\\\/noticias\\\/#\\\/schema\\\/person\\\/f0ec40c33447bbc0dc2d01d3006de771\",\"name\":\"YC 25\",\"image\":{\"@type\":\"ImageObject\",\"inLanguage\":\"es\",\"@id\":\"https:\\\/\\\/secure.gravatar.com\\\/avatar\\\/20e0a6b626f38fa8e545fb3f80ce566efd790bf8877e65c3a482460cc3e0b5d1?s=96&d=mm&r=g\",\"url\":\"https:\\\/\\\/secure.gravatar.com\\\/avatar\\\/20e0a6b626f38fa8e545fb3f80ce566efd790bf8877e65c3a482460cc3e0b5d1?s=96&d=mm&r=g\",\"contentUrl\":\"https:\\\/\\\/secure.gravatar.com\\\/avatar\\\/20e0a6b626f38fa8e545fb3f80ce566efd790bf8877e65c3a482460cc3e0b5d1?s=96&d=mm&r=g\",\"caption\":\"YC 25\"},\"url\":\"https:\\\/\\\/www.yucatanencorto.com\\\/noticias\\\/author\\\/editor25\\\/\"}]}<\/script>\n<!-- \/ Yoast SEO plugin. -->","yoast_head_json":{"title":"Inauguran el segundo diplomado \u201cRaquel Dzib Cicero\u201d - Yucat\u00e1n en corto","robots":{"index":"index","follow":"follow","max-snippet":"max-snippet:-1","max-image-preview":"max-image-preview:large","max-video-preview":"max-video-preview:-1"},"canonical":"https:\/\/www.yucatanencorto.com\/noticias\/inauguran-el-segundo-diplomado-raquel-dzib-cicero\/","og_locale":"es_ES","og_type":"article","og_title":"Inauguran el segundo diplomado \u201cRaquel Dzib Cicero\u201d - Yucat\u00e1n en corto","og_description":"&nbsp; M\u00e9rida, Yucat\u00e1n, a s\u00e1bado 5 de septiembre de 2026.- Con el compromiso de seguir construyendo una M\u00e9rida donde las mujeres puedan vivir con dignidad, libertad y seguridad, la presidenta municipal Cecilia Patr\u00f3n Laviada inaugur\u00f3 la segunda edici\u00f3n del Diplomado \u201cRaquel Dzib Cicero: Atenci\u00f3n a las Violencias de G\u00e9nero contra las Mujeres, Ni\u00f1as y Adolescentes\u201d, [&hellip;]","og_url":"https:\/\/www.yucatanencorto.com\/noticias\/inauguran-el-segundo-diplomado-raquel-dzib-cicero\/","og_site_name":"Yucat\u00e1n en corto","article_publisher":"http:\/\/www.facebook.com\/yucatanencorto","article_published_time":"2026-09-06T00:06:14+00:00","og_image":[{"width":768,"height":512,"url":"https:\/\/www.yucatanencorto.com\/noticias\/wp-content\/uploads\/2026\/09\/IMG-20260905-WA0130-scaled.jpg","type":"image\/jpeg"}],"author":"YC 25","twitter_card":"summary_large_image","twitter_creator":"@yucatanencorto","twitter_site":"@yucatanencorto","twitter_misc":{"Escrito por":"YC 25","Tiempo de lectura":"6 minutos"},"schema":{"@context":"https:\/\/schema.org","@graph":[{"@type":"Article","@id":"https:\/\/www.yucatanencorto.com\/noticias\/inauguran-el-segundo-diplomado-raquel-dzib-cicero\/#article","isPartOf":{"@id":"https:\/\/www.yucatanencorto.com\/noticias\/inauguran-el-segundo-diplomado-raquel-dzib-cicero\/"},"author":{"name":"YC 25","@id":"https:\/\/www.yucatanencorto.com\/noticias\/#\/schema\/person\/f0ec40c33447bbc0dc2d01d3006de771"},"headline":"Inauguran el segundo diplomado \u201cRaquel Dzib Cicero\u201d","datePublished":"2026-09-06T00:06:14+00:00","mainEntityOfPage":{"@id":"https:\/\/www.yucatanencorto.com\/noticias\/inauguran-el-segundo-diplomado-raquel-dzib-cicero\/"},"wordCount":1151,"publisher":{"@id":"https:\/\/www.yucatanencorto.com\/noticias\/#organization"},"image":{"@id":"https:\/\/www.yucatanencorto.com\/noticias\/inauguran-el-segundo-diplomado-raquel-dzib-cicero\/#primaryimage"},"thumbnailUrl":"https:\/\/www.yucatanencorto.com\/noticias\/wp-content\/uploads\/2026\/09\/IMG-20260905-WA0130-scaled.jpg","articleSection":["Yucat\u00e1n"],"inLanguage":"es"},{"@type":"WebPage","@id":"https:\/\/www.yucatanencorto.com\/noticias\/inauguran-el-segundo-diplomado-raquel-dzib-cicero\/","url":"https:\/\/www.yucatanencorto.com\/noticias\/inauguran-el-segundo-diplomado-raquel-dzib-cicero\/","name":"Inauguran el segundo diplomado \u201cRaquel Dzib Cicero\u201d - Yucat\u00e1n en corto","isPartOf":{"@id":"https:\/\/www.yucatanencorto.com\/noticias\/#website"},"primaryImageOfPage":{"@id":"https:\/\/www.yucatanencorto.com\/noticias\/inauguran-el-segundo-diplomado-raquel-dzib-cicero\/#primaryimage"},"image":{"@id":"https:\/\/www.yucatanencorto.com\/noticias\/inauguran-el-segundo-diplomado-raquel-dzib-cicero\/#primaryimage"},"thumbnailUrl":"https:\/\/www.yucatanencorto.com\/noticias\/wp-content\/uploads\/2026\/09\/IMG-20260905-WA0130-scaled.jpg","datePublished":"2026-09-06T00:06:14+00:00","breadcrumb":{"@id":"https:\/\/www.yucatanencorto.com\/noticias\/inauguran-el-segundo-diplomado-raquel-dzib-cicero\/#breadcrumb"},"inLanguage":"es","potentialAction":[{"@type":"ReadAction","target":["https:\/\/www.yucatanencorto.com\/noticias\/inauguran-el-segundo-diplomado-raquel-dzib-cicero\/"]}]},{"@type":"ImageObject","inLanguage":"es","@id":"https:\/\/www.yucatanencorto.com\/noticias\/inauguran-el-segundo-diplomado-raquel-dzib-cicero\/#primaryimage","url":"https:\/\/www.yucatanencorto.com\/noticias\/wp-content\/uploads\/2026\/09\/IMG-20260905-WA0130-scaled.jpg","contentUrl":"https:\/\/www.yucatanencorto.com\/noticias\/wp-content\/uploads\/2026\/09\/IMG-20260905-WA0130-scaled.jpg","width":768,"height":512},{"@type":"BreadcrumbList","@id":"https:\/\/www.yucatanencorto.com\/noticias\/inauguran-el-segundo-diplomado-raquel-dzib-cicero\/#breadcrumb","itemListElement":[{"@type":"ListItem","position":1,"name":"Portada","item":"https:\/\/www.yucatanencorto.com\/noticias\/"},{"@type":"ListItem","position":2,"name":"Inauguran el segundo diplomado \u201cRaquel Dzib Cicero\u201d"}]},{"@type":"WebSite","@id":"https:\/\/www.yucatanencorto.com\/noticias\/#website","url":"https:\/\/www.yucatanencorto.com\/noticias\/","name":"Yucat\u00e1n en corto","description":"Noticias","publisher":{"@id":"https:\/\/www.yucatanencorto.com\/noticias\/#organization"},"potentialAction":[{"@type":"SearchAction","target":{"@type":"EntryPoint","urlTemplate":"https:\/\/www.yucatanencorto.com\/noticias\/?s={search_term_string}"},"query-input":{"@type":"PropertyValueSpecification","valueRequired":true,"valueName":"search_term_string"}}],"inLanguage":"es"},{"@type":"Organization","@id":"https:\/\/www.yucatanencorto.com\/noticias\/#organization","name":"Yucat\u00e1n en corto","url":"https:\/\/www.yucatanencorto.com\/noticias\/","logo":{"@type":"ImageObject","inLanguage":"es","@id":"https:\/\/www.yucatanencorto.com\/noticias\/#\/schema\/logo\/image\/","url":"https:\/\/www.yucatanencorto.com\/noticias\/wp-content\/uploads\/2026\/08\/Logo-web.png","contentUrl":"https:\/\/www.yucatanencorto.com\/noticias\/wp-content\/uploads\/2026\/08\/Logo-web.png","width":272,"height":90,"caption":"Yucat\u00e1n en corto"},"image":{"@id":"https:\/\/www.yucatanencorto.com\/noticias\/#\/schema\/logo\/image\/"},"sameAs":["http:\/\/www.facebook.com\/yucatanencorto","https:\/\/x.com\/yucatanencorto"]},{"@type":"Person","@id":"https:\/\/www.yucatanencorto.com\/noticias\/#\/schema\/person\/f0ec40c33447bbc0dc2d01d3006de771","name":"YC 25","image":{"@type":"ImageObject","inLanguage":"es","@id":"https:\/\/secure.gravatar.com\/avatar\/20e0a6b626f38fa8e545fb3f80ce566efd790bf8877e65c3a482460cc3e0b5d1?s=96&d=mm&r=g","url":"https:\/\/secure.gravatar.com\/avatar\/20e0a6b626f38fa8e545fb3f80ce566efd790bf8877e65c3a482460cc3e0b5d1?s=96&d=mm&r=g","contentUrl":"https:\/\/secure.gravatar.com\/avatar\/20e0a6b626f38fa8e545fb3f80ce566efd790bf8877e65c3a482460cc3e0b5d1?s=96&d=mm&r=g","caption":"YC 25"},"url":"https:\/\/www.yucatanencorto.com\/noticias\/author\/editor25\/"}]}},"_links":{"self":[{"href":"https:\/\/www.yucatanencorto.com\/noticias\/wp-json\/wp\/v2\/posts\/118366","targetHints":{"allow":["GET"]}}],"collection":[{"href":"https:\/\/www.yucatanencorto.com\/noticias\/wp-json\/wp\/v2\/posts"}],"about":[{"href":"https:\/\/www.yucatanencorto.com\/noticias\/wp-json\/wp\/v2\/types\/post"}],"author":[{"embeddable":true,"href":"https:\/\/www.yucatanencorto.com\/noticias\/wp-json\/wp\/v2\/users\/4"}],"replies":[{"embeddable":true,"href":"https:\/\/www.yucatanencorto.com\/noticias\/wp-json\/wp\/v2\/comments?post=118366"}],"version-history":[{"count":1,"href":"https:\/\/www.yucatanencorto.com\/noticias\/wp-json\/wp\/v2\/posts\/118366\/revisions"}],"predecessor-version":[{"id":118368,"href":"https:\/\/www.yucatanencorto.com\/noticias\/wp-json\/wp\/v2\/posts\/118366\/revisions\/118368"}],"wp:featuredmedia":[{"embeddable":true,"href":"https:\/\/www.yucatanencorto.com\/noticias\/wp-json\/wp\/v2\/media\/118367"}],"wp:attachment":[{"href":"https:\/\/www.yucatanencorto.com\/noticias\/wp-json\/wp\/v2\/media?parent=118366"}],"wp:term":[{"taxonomy":"category","embeddable":true,"href":"https:\/\/www.yucatanencorto.com\/noticias\/wp-json\/wp\/v2\/categories?post=118366"},{"taxonomy":"post_tag","embeddable":true,"href":"https:\/\/www.yucatanencorto.com\/noticias\/wp-json\/wp\/v2\/tags?post=118366"}],"curies":[{"name":"wp","href":"https:\/\/api.w.org\/{rel}","templated":true}]}}