{"id":118369,"date":"2026-09-05T18:07:28","date_gmt":"2026-09-06T00:07:28","guid":{"rendered":"https:\/\/www.yucatanencorto.com\/noticias\/?p=118369"},"modified":"2026-09-05T18:07:28","modified_gmt":"2026-09-06T00:07:28","slug":"consolida-la-ampliacion-del-puerto-de-progreso-con-nueva-licitacion-y-avance-de-plataforma","status":"publish","type":"post","link":"https:\/\/www.yucatanencorto.com\/noticias\/consolida-la-ampliacion-del-puerto-de-progreso-con-nueva-licitacion-y-avance-de-plataforma\/","title":{"rendered":"Consolida la ampliaci\u00f3n del Puerto de Progreso con nueva licitaci\u00f3n y avance de plataforma"},"content":{"rendered":"<p><img loading=\"lazy\" decoding=\"async\" class=\"alignnone size-full wp-image-118370\" src=\"https:\/\/www.yucatanencorto.com\/noticias\/wp-content\/uploads\/2026\/09\/IMG-20260905-WA0092-scaled.jpg\" alt=\"\" width=\"768\" height=\"432\" srcset=\"https:\/\/www.yucatanencorto.com\/noticias\/wp-content\/uploads\/2026\/09\/IMG-20260905-WA0092-scaled.jpg 768w, https:\/\/www.yucatanencorto.com\/noticias\/wp-content\/uploads\/2026\/09\/IMG-20260905-WA0092-1536x863.jpg 1536w, https:\/\/www.yucatanencorto.com\/noticias\/wp-content\/uploads\/2026\/09\/IMG-20260905-WA0092-2048x1151.jpg 2048w, https:\/\/www.yucatanencorto.com\/noticias\/wp-content\/uploads\/2026\/09\/IMG-20260905-WA0092-150x84.jpg 150w, https:\/\/www.yucatanencorto.com\/noticias\/wp-content\/uploads\/2026\/09\/IMG-20260905-WA0092-300x169.jpg 300w, https:\/\/www.yucatanencorto.com\/noticias\/wp-content\/uploads\/2026\/09\/IMG-20260905-WA0092-696x391.jpg 696w, https:\/\/www.yucatanencorto.com\/noticias\/wp-content\/uploads\/2026\/09\/IMG-20260905-WA0092-1068x600.jpg 1068w, https:\/\/www.yucatanencorto.com\/noticias\/wp-content\/uploads\/2026\/09\/IMG-20260905-WA0092-1920x1079.jpg 1920w\" sizes=\"auto, (max-width: 768px) 100vw, 768px\" \/><\/p>\n<p>M\u00e9rida, Yucat\u00e1n, a 5 de septiembre de 2026<\/p>\n<p>La Ampliaci\u00f3n y Modernizaci\u00f3n del Puerto de Progreso avanza con resultados visibles y entra en una nueva etapa: mientras el material extra\u00eddo durante la segunda fase de dragado ya se utiliza para rellenar la primera plataforma de 40 hect\u00e1reas, el Gobierno de M\u00e9xico public\u00f3 una nueva licitaci\u00f3n para dar continuidad a los trabajos, con una inversi\u00f3n prevista de\u00a0mil 800 millones de pesos.<\/p>\n<p>&nbsp;<\/p>\n<p>Estos avances son resultado de la coordinaci\u00f3n\u00a0entre el Gobierno del Renacimiento Maya, que encabeza el Gobernador Joaqu\u00edn D\u00edaz Mena, y el Gobierno de M\u00e9xico de la Presidenta Claudia Sheinbaum Pardo, a trav\u00e9s de la Secretar\u00eda de Marina, para transformar\u00a0el\u00a0principal recinto portuario de Yucat\u00e1n y del sureste en una plataforma log\u00edstica y tur\u00edstica m\u00e1s competitiva, capaz de recibir embarcaciones de mayor tama\u00f1o y conectar al estado con nuevos mercados.<\/p>\n<p>&nbsp;<\/p>\n<p>El proyecto integral representa una inversi\u00f3n global estimada de 12 mil 225 millones de pesos y forma parte de las obras estrat\u00e9gicas impulsadas para fortalecer el desarrollo econ\u00f3mico de Yucat\u00e1n, atraer nuevas inversiones, generar empleos mejor pagados y abrir mayores oportunidades de bienestar para las familias yucatecas.<\/p>\n<p>&nbsp;<\/p>\n<p>La primera fase, ejecutada por el Gobierno del Estado con una inversi\u00f3n de\u00a0mil 630 millones de pesos, ya concluy\u00f3 y gener\u00f3 360 empleos directos y\u00a0mil 400 indirectos. \u00a0Actualmente, se desarrolla la segunda fase de dragado en la zona de la terminal de cruceros, a cargo de SSA Marine, mediante una inversi\u00f3n privada de 948 millones de pesos.<\/p>\n<p>&nbsp;<\/p>\n<p>Esta intervenci\u00f3n comprende el dragado de m\u00e1s de 707 mil metros c\u00fabicos y trabajos en la curva y el sobreancho del canal, la d\u00e1rsena de ciaboga y la d\u00e1rsena de atraque.<\/p>\n<p>&nbsp;<\/p>\n<p>Con ello, se facilitar\u00e1n las maniobras de giro, aproximaci\u00f3n y permanencia de embarcaciones de mayor tama\u00f1o, al tiempo que se fortalecen la seguridad n\u00e1utica y la eficiencia de las operaciones portuarias.<\/p>\n<p>&nbsp;<\/p>\n<p>Como resultado de estos trabajos, el material extra\u00eddo ya se aprovecha para rellenar y conformar la primera plataforma de 40 hect\u00e1reas, uno de los primeros espacios f\u00edsicos de la ampliaci\u00f3n que comienza a tomar forma sobre el mar.<\/p>\n<p>&nbsp;<\/p>\n<p>As\u00ed, una misma intervenci\u00f3n cumple dos objetivos estrat\u00e9gicos: mejorar las condiciones de navegaci\u00f3n y utilizar el propio material dragado para avanzar en la generaci\u00f3n de nueva superficie portuaria, donde podr\u00e1n desarrollarse infraestructura y servicios para fortalecer el movimiento de mercanc\u00edas y la actividad tur\u00edstica.<\/p>\n<p>&nbsp;<\/p>\n<p>A este avance se suma la nueva licitaci\u00f3n publicada el pasado 3 de septiembre por el Gobierno de M\u00e9xico para ejecutar la siguiente fase de la ampliaci\u00f3n, con un recurso previsto de\u00a0mil 800 millones de pesos\u00a0y el dragado de\u00a0tres millones 76 mil 370.75 metros c\u00fabicos\u00a0en diferentes \u00e1reas estrat\u00e9gicas del recinto portuario.<\/p>\n<p>&nbsp;<\/p>\n<p>Los trabajos contemplan\u00a0intervenciones en\u00a0la zona de curva y sobreancho, el canal secundario, un \u00e1rea complementaria y las d\u00e1rsenas de atraque poniente y norte, adem\u00e1s de aprovechar el material extra\u00eddo para continuar la construcci\u00f3n del bordo perimetral, el relleno y la conformaci\u00f3n de la Plataforma Norte de 40 hect\u00e1reas.<\/p>\n<p>&nbsp;<\/p>\n<p>El proyecto integral permitir\u00e1 que el Puerto de Progreso pase de 34 a 114 hect\u00e1reas mediante la incorporaci\u00f3n de dos nuevas plataformas de 40 hect\u00e1reas cada una, as\u00ed como nuevas posiciones de atraque, muelles, d\u00e1rsenas de ciaboga y barreras para la disipaci\u00f3n del oleaje.<\/p>\n<p>&nbsp;<\/p>\n<p>Con esta coordinaci\u00f3n entre el Gobierno del Estado, el Gobierno de M\u00e9xico, la Secretar\u00eda de Marina y la iniciativa privada, el Renacimiento Maya cumple el compromiso de impulsar infraestructura estrat\u00e9gica para fortalecer el comercio y el turismo, as\u00ed como llevar los beneficios del desarrollo a m\u00e1s familias yucatecas.<\/p>\n<p>&nbsp;<\/p>\n<p>&nbsp;<\/p>\n","protected":false},"excerpt":{"rendered":"<p>M\u00e9rida, Yucat\u00e1n, a 5 de septiembre de 2026 La Ampliaci\u00f3n y Modernizaci\u00f3n del Puerto de Progreso avanza con resultados visibles y entra en una nueva etapa: mientras el material extra\u00eddo durante la segunda fase de dragado ya se utiliza para rellenar la primera plataforma de 40 hect\u00e1reas, el Gobierno de M\u00e9xico public\u00f3 una nueva licitaci\u00f3n [&hellip;]<\/p>\n","protected":false},"author":4,"featured_media":118370,"comment_status":"closed","ping_status":"closed","sticky":false,"template":"","format":"standard","meta":{"footnotes":""},"categories":[3],"tags":[],"class_list":["post-118369","post","type-post","status-publish","format-standard","has-post-thumbnail","category-yucatan"],"yoast_head":"<!-- This site is optimized with the Yoast SEO plugin v28.4 - https:\/\/yoast.com\/product\/yoast-seo-wordpress\/ -->\n<title>Consolida la ampliaci\u00f3n del Puerto de Progreso con nueva licitaci\u00f3n y avance de plataforma - Yucat\u00e1n en corto<\/title>\n<meta name=\"robots\" content=\"index, follow, max-snippet:-1, max-image-preview:large, max-video-preview:-1\" \/>\n<link rel=\"canonical\" href=\"https:\/\/www.yucatanencorto.com\/noticias\/consolida-la-ampliacion-del-puerto-de-progreso-con-nueva-licitacion-y-avance-de-plataforma\/\" \/>\n<meta property=\"og:locale\" content=\"es_ES\" \/>\n<meta property=\"og:type\" content=\"article\" \/>\n<meta property=\"og:title\" content=\"Consolida la ampliaci\u00f3n del Puerto de Progreso con nueva licitaci\u00f3n y avance de plataforma - Yucat\u00e1n en corto\" \/>\n<meta property=\"og:description\" content=\"M\u00e9rida, Yucat\u00e1n, a 5 de septiembre de 2026 La Ampliaci\u00f3n y Modernizaci\u00f3n del Puerto de Progreso avanza con resultados visibles y entra en una nueva etapa: mientras el material extra\u00eddo durante la segunda fase de dragado ya se utiliza para rellenar la primera plataforma de 40 hect\u00e1reas, el Gobierno de M\u00e9xico public\u00f3 una nueva licitaci\u00f3n [&hellip;]\" \/>\n<meta property=\"og:url\" content=\"https:\/\/www.yucatanencorto.com\/noticias\/consolida-la-ampliacion-del-puerto-de-progreso-con-nueva-licitacion-y-avance-de-plataforma\/\" \/>\n<meta property=\"og:site_name\" content=\"Yucat\u00e1n en corto\" \/>\n<meta property=\"article:publisher\" content=\"http:\/\/www.facebook.com\/yucatanencorto\" \/>\n<meta property=\"article:published_time\" content=\"2026-09-06T00:07:28+00:00\" \/>\n<meta property=\"og:image\" content=\"https:\/\/www.yucatanencorto.com\/noticias\/wp-content\/uploads\/2026\/09\/IMG-20260905-WA0092-scaled.jpg\" \/>\n\t<meta property=\"og:image:width\" content=\"768\" \/>\n\t<meta property=\"og:image:height\" content=\"432\" \/>\n\t<meta property=\"og:image:type\" content=\"image\/jpeg\" \/>\n<meta name=\"author\" content=\"YC 25\" \/>\n<meta name=\"twitter:card\" content=\"summary_large_image\" \/>\n<meta name=\"twitter:creator\" content=\"@yucatanencorto\" \/>\n<meta name=\"twitter:site\" content=\"@yucatanencorto\" \/>\n<meta name=\"twitter:label1\" content=\"Escrito por\" \/>\n\t<meta name=\"twitter:data1\" content=\"YC 25\" \/>\n\t<meta name=\"twitter:label2\" content=\"Tiempo de lectura\" \/>\n\t<meta name=\"twitter:data2\" content=\"3 minutos\" \/>\n<script type=\"application\/ld+json\" class=\"yoast-schema-graph\">{\"@context\":\"https:\\\/\\\/schema.org\",\"@graph\":[{\"@type\":\"Article\",\"@id\":\"https:\\\/\\\/www.yucatanencorto.com\\\/noticias\\\/consolida-la-ampliacion-del-puerto-de-progreso-con-nueva-licitacion-y-avance-de-plataforma\\\/#article\",\"isPartOf\":{\"@id\":\"https:\\\/\\\/www.yucatanencorto.com\\\/noticias\\\/consolida-la-ampliacion-del-puerto-de-progreso-con-nueva-licitacion-y-avance-de-plataforma\\\/\"},\"author\":{\"name\":\"YC 25\",\"@id\":\"https:\\\/\\\/www.yucatanencorto.com\\\/noticias\\\/#\\\/schema\\\/person\\\/f0ec40c33447bbc0dc2d01d3006de771\"},\"headline\":\"Consolida la ampliaci\u00f3n del Puerto de Progreso con nueva licitaci\u00f3n y avance de plataforma\",\"datePublished\":\"2026-09-06T00:07:28+00:00\",\"mainEntityOfPage\":{\"@id\":\"https:\\\/\\\/www.yucatanencorto.com\\\/noticias\\\/consolida-la-ampliacion-del-puerto-de-progreso-con-nueva-licitacion-y-avance-de-plataforma\\\/\"},\"wordCount\":665,\"publisher\":{\"@id\":\"https:\\\/\\\/www.yucatanencorto.com\\\/noticias\\\/#organization\"},\"image\":{\"@id\":\"https:\\\/\\\/www.yucatanencorto.com\\\/noticias\\\/consolida-la-ampliacion-del-puerto-de-progreso-con-nueva-licitacion-y-avance-de-plataforma\\\/#primaryimage\"},\"thumbnailUrl\":\"https:\\\/\\\/www.yucatanencorto.com\\\/noticias\\\/wp-content\\\/uploads\\\/2026\\\/09\\\/IMG-20260905-WA0092-scaled.jpg\",\"articleSection\":[\"Yucat\u00e1n\"],\"inLanguage\":\"es\"},{\"@type\":\"WebPage\",\"@id\":\"https:\\\/\\\/www.yucatanencorto.com\\\/noticias\\\/consolida-la-ampliacion-del-puerto-de-progreso-con-nueva-licitacion-y-avance-de-plataforma\\\/\",\"url\":\"https:\\\/\\\/www.yucatanencorto.com\\\/noticias\\\/consolida-la-ampliacion-del-puerto-de-progreso-con-nueva-licitacion-y-avance-de-plataforma\\\/\",\"name\":\"Consolida la ampliaci\u00f3n del Puerto de Progreso con nueva licitaci\u00f3n y avance de plataforma - Yucat\u00e1n en corto\",\"isPartOf\":{\"@id\":\"https:\\\/\\\/www.yucatanencorto.com\\\/noticias\\\/#website\"},\"primaryImageOfPage\":{\"@id\":\"https:\\\/\\\/www.yucatanencorto.com\\\/noticias\\\/consolida-la-ampliacion-del-puerto-de-progreso-con-nueva-licitacion-y-avance-de-plataforma\\\/#primaryimage\"},\"image\":{\"@id\":\"https:\\\/\\\/www.yucatanencorto.com\\\/noticias\\\/consolida-la-ampliacion-del-puerto-de-progreso-con-nueva-licitacion-y-avance-de-plataforma\\\/#primaryimage\"},\"thumbnailUrl\":\"https:\\\/\\\/www.yucatanencorto.com\\\/noticias\\\/wp-content\\\/uploads\\\/2026\\\/09\\\/IMG-20260905-WA0092-scaled.jpg\",\"datePublished\":\"2026-09-06T00:07:28+00:00\",\"breadcrumb\":{\"@id\":\"https:\\\/\\\/www.yucatanencorto.com\\\/noticias\\\/consolida-la-ampliacion-del-puerto-de-progreso-con-nueva-licitacion-y-avance-de-plataforma\\\/#breadcrumb\"},\"inLanguage\":\"es\",\"potentialAction\":[{\"@type\":\"ReadAction\",\"target\":[\"https:\\\/\\\/www.yucatanencorto.com\\\/noticias\\\/consolida-la-ampliacion-del-puerto-de-progreso-con-nueva-licitacion-y-avance-de-plataforma\\\/\"]}]},{\"@type\":\"ImageObject\",\"inLanguage\":\"es\",\"@id\":\"https:\\\/\\\/www.yucatanencorto.com\\\/noticias\\\/consolida-la-ampliacion-del-puerto-de-progreso-con-nueva-licitacion-y-avance-de-plataforma\\\/#primaryimage\",\"url\":\"https:\\\/\\\/www.yucatanencorto.com\\\/noticias\\\/wp-content\\\/uploads\\\/2026\\\/09\\\/IMG-20260905-WA0092-scaled.jpg\",\"contentUrl\":\"https:\\\/\\\/www.yucatanencorto.com\\\/noticias\\\/wp-content\\\/uploads\\\/2026\\\/09\\\/IMG-20260905-WA0092-scaled.jpg\",\"width\":768,\"height\":432},{\"@type\":\"BreadcrumbList\",\"@id\":\"https:\\\/\\\/www.yucatanencorto.com\\\/noticias\\\/consolida-la-ampliacion-del-puerto-de-progreso-con-nueva-licitacion-y-avance-de-plataforma\\\/#breadcrumb\",\"itemListElement\":[{\"@type\":\"ListItem\",\"position\":1,\"name\":\"Portada\",\"item\":\"https:\\\/\\\/www.yucatanencorto.com\\\/noticias\\\/\"},{\"@type\":\"ListItem\",\"position\":2,\"name\":\"Consolida la ampliaci\u00f3n del Puerto de Progreso con nueva licitaci\u00f3n y avance de plataforma\"}]},{\"@type\":\"WebSite\",\"@id\":\"https:\\\/\\\/www.yucatanencorto.com\\\/noticias\\\/#website\",\"url\":\"https:\\\/\\\/www.yucatanencorto.com\\\/noticias\\\/\",\"name\":\"Yucat\u00e1n en corto\",\"description\":\"Noticias\",\"publisher\":{\"@id\":\"https:\\\/\\\/www.yucatanencorto.com\\\/noticias\\\/#organization\"},\"potentialAction\":[{\"@type\":\"SearchAction\",\"target\":{\"@type\":\"EntryPoint\",\"urlTemplate\":\"https:\\\/\\\/www.yucatanencorto.com\\\/noticias\\\/?s={search_term_string}\"},\"query-input\":{\"@type\":\"PropertyValueSpecification\",\"valueRequired\":true,\"valueName\":\"search_term_string\"}}],\"inLanguage\":\"es\"},{\"@type\":\"Organization\",\"@id\":\"https:\\\/\\\/www.yucatanencorto.com\\\/noticias\\\/#organization\",\"name\":\"Yucat\u00e1n en corto\",\"url\":\"https:\\\/\\\/www.yucatanencorto.com\\\/noticias\\\/\",\"logo\":{\"@type\":\"ImageObject\",\"inLanguage\":\"es\",\"@id\":\"https:\\\/\\\/www.yucatanencorto.com\\\/noticias\\\/#\\\/schema\\\/logo\\\/image\\\/\",\"url\":\"https:\\\/\\\/www.yucatanencorto.com\\\/noticias\\\/wp-content\\\/uploads\\\/2026\\\/08\\\/Logo-web.png\",\"contentUrl\":\"https:\\\/\\\/www.yucatanencorto.com\\\/noticias\\\/wp-content\\\/uploads\\\/2026\\\/08\\\/Logo-web.png\",\"width\":272,\"height\":90,\"caption\":\"Yucat\u00e1n en corto\"},\"image\":{\"@id\":\"https:\\\/\\\/www.yucatanencorto.com\\\/noticias\\\/#\\\/schema\\\/logo\\\/image\\\/\"},\"sameAs\":[\"http:\\\/\\\/www.facebook.com\\\/yucatanencorto\",\"https:\\\/\\\/x.com\\\/yucatanencorto\"]},{\"@type\":\"Person\",\"@id\":\"https:\\\/\\\/www.yucatanencorto.com\\\/noticias\\\/#\\\/schema\\\/person\\\/f0ec40c33447bbc0dc2d01d3006de771\",\"name\":\"YC 25\",\"image\":{\"@type\":\"ImageObject\",\"inLanguage\":\"es\",\"@id\":\"https:\\\/\\\/secure.gravatar.com\\\/avatar\\\/20e0a6b626f38fa8e545fb3f80ce566efd790bf8877e65c3a482460cc3e0b5d1?s=96&d=mm&r=g\",\"url\":\"https:\\\/\\\/secure.gravatar.com\\\/avatar\\\/20e0a6b626f38fa8e545fb3f80ce566efd790bf8877e65c3a482460cc3e0b5d1?s=96&d=mm&r=g\",\"contentUrl\":\"https:\\\/\\\/secure.gravatar.com\\\/avatar\\\/20e0a6b626f38fa8e545fb3f80ce566efd790bf8877e65c3a482460cc3e0b5d1?s=96&d=mm&r=g\",\"caption\":\"YC 25\"},\"url\":\"https:\\\/\\\/www.yucatanencorto.com\\\/noticias\\\/author\\\/editor25\\\/\"}]}<\/script>\n<!-- \/ Yoast SEO plugin. -->","yoast_head_json":{"title":"Consolida la ampliaci\u00f3n del Puerto de Progreso con nueva licitaci\u00f3n y avance de plataforma - Yucat\u00e1n en corto","robots":{"index":"index","follow":"follow","max-snippet":"max-snippet:-1","max-image-preview":"max-image-preview:large","max-video-preview":"max-video-preview:-1"},"canonical":"https:\/\/www.yucatanencorto.com\/noticias\/consolida-la-ampliacion-del-puerto-de-progreso-con-nueva-licitacion-y-avance-de-plataforma\/","og_locale":"es_ES","og_type":"article","og_title":"Consolida la ampliaci\u00f3n del Puerto de Progreso con nueva licitaci\u00f3n y avance de plataforma - Yucat\u00e1n en corto","og_description":"M\u00e9rida, Yucat\u00e1n, a 5 de septiembre de 2026 La Ampliaci\u00f3n y Modernizaci\u00f3n del Puerto de Progreso avanza con resultados visibles y entra en una nueva etapa: mientras el material extra\u00eddo durante la segunda fase de dragado ya se utiliza para rellenar la primera plataforma de 40 hect\u00e1reas, el Gobierno de M\u00e9xico public\u00f3 una nueva licitaci\u00f3n [&hellip;]","og_url":"https:\/\/www.yucatanencorto.com\/noticias\/consolida-la-ampliacion-del-puerto-de-progreso-con-nueva-licitacion-y-avance-de-plataforma\/","og_site_name":"Yucat\u00e1n en corto","article_publisher":"http:\/\/www.facebook.com\/yucatanencorto","article_published_time":"2026-09-06T00:07:28+00:00","og_image":[{"width":768,"height":432,"url":"https:\/\/www.yucatanencorto.com\/noticias\/wp-content\/uploads\/2026\/09\/IMG-20260905-WA0092-scaled.jpg","type":"image\/jpeg"}],"author":"YC 25","twitter_card":"summary_large_image","twitter_creator":"@yucatanencorto","twitter_site":"@yucatanencorto","twitter_misc":{"Escrito por":"YC 25","Tiempo de lectura":"3 minutos"},"schema":{"@context":"https:\/\/schema.org","@graph":[{"@type":"Article","@id":"https:\/\/www.yucatanencorto.com\/noticias\/consolida-la-ampliacion-del-puerto-de-progreso-con-nueva-licitacion-y-avance-de-plataforma\/#article","isPartOf":{"@id":"https:\/\/www.yucatanencorto.com\/noticias\/consolida-la-ampliacion-del-puerto-de-progreso-con-nueva-licitacion-y-avance-de-plataforma\/"},"author":{"name":"YC 25","@id":"https:\/\/www.yucatanencorto.com\/noticias\/#\/schema\/person\/f0ec40c33447bbc0dc2d01d3006de771"},"headline":"Consolida la ampliaci\u00f3n del Puerto de Progreso con nueva licitaci\u00f3n y avance de plataforma","datePublished":"2026-09-06T00:07:28+00:00","mainEntityOfPage":{"@id":"https:\/\/www.yucatanencorto.com\/noticias\/consolida-la-ampliacion-del-puerto-de-progreso-con-nueva-licitacion-y-avance-de-plataforma\/"},"wordCount":665,"publisher":{"@id":"https:\/\/www.yucatanencorto.com\/noticias\/#organization"},"image":{"@id":"https:\/\/www.yucatanencorto.com\/noticias\/consolida-la-ampliacion-del-puerto-de-progreso-con-nueva-licitacion-y-avance-de-plataforma\/#primaryimage"},"thumbnailUrl":"https:\/\/www.yucatanencorto.com\/noticias\/wp-content\/uploads\/2026\/09\/IMG-20260905-WA0092-scaled.jpg","articleSection":["Yucat\u00e1n"],"inLanguage":"es"},{"@type":"WebPage","@id":"https:\/\/www.yucatanencorto.com\/noticias\/consolida-la-ampliacion-del-puerto-de-progreso-con-nueva-licitacion-y-avance-de-plataforma\/","url":"https:\/\/www.yucatanencorto.com\/noticias\/consolida-la-ampliacion-del-puerto-de-progreso-con-nueva-licitacion-y-avance-de-plataforma\/","name":"Consolida la ampliaci\u00f3n del Puerto de Progreso con nueva licitaci\u00f3n y avance de plataforma - Yucat\u00e1n en corto","isPartOf":{"@id":"https:\/\/www.yucatanencorto.com\/noticias\/#website"},"primaryImageOfPage":{"@id":"https:\/\/www.yucatanencorto.com\/noticias\/consolida-la-ampliacion-del-puerto-de-progreso-con-nueva-licitacion-y-avance-de-plataforma\/#primaryimage"},"image":{"@id":"https:\/\/www.yucatanencorto.com\/noticias\/consolida-la-ampliacion-del-puerto-de-progreso-con-nueva-licitacion-y-avance-de-plataforma\/#primaryimage"},"thumbnailUrl":"https:\/\/www.yucatanencorto.com\/noticias\/wp-content\/uploads\/2026\/09\/IMG-20260905-WA0092-scaled.jpg","datePublished":"2026-09-06T00:07:28+00:00","breadcrumb":{"@id":"https:\/\/www.yucatanencorto.com\/noticias\/consolida-la-ampliacion-del-puerto-de-progreso-con-nueva-licitacion-y-avance-de-plataforma\/#breadcrumb"},"inLanguage":"es","potentialAction":[{"@type":"ReadAction","target":["https:\/\/www.yucatanencorto.com\/noticias\/consolida-la-ampliacion-del-puerto-de-progreso-con-nueva-licitacion-y-avance-de-plataforma\/"]}]},{"@type":"ImageObject","inLanguage":"es","@id":"https:\/\/www.yucatanencorto.com\/noticias\/consolida-la-ampliacion-del-puerto-de-progreso-con-nueva-licitacion-y-avance-de-plataforma\/#primaryimage","url":"https:\/\/www.yucatanencorto.com\/noticias\/wp-content\/uploads\/2026\/09\/IMG-20260905-WA0092-scaled.jpg","contentUrl":"https:\/\/www.yucatanencorto.com\/noticias\/wp-content\/uploads\/2026\/09\/IMG-20260905-WA0092-scaled.jpg","width":768,"height":432},{"@type":"BreadcrumbList","@id":"https:\/\/www.yucatanencorto.com\/noticias\/consolida-la-ampliacion-del-puerto-de-progreso-con-nueva-licitacion-y-avance-de-plataforma\/#breadcrumb","itemListElement":[{"@type":"ListItem","position":1,"name":"Portada","item":"https:\/\/www.yucatanencorto.com\/noticias\/"},{"@type":"ListItem","position":2,"name":"Consolida la ampliaci\u00f3n del Puerto de Progreso con nueva licitaci\u00f3n y avance de plataforma"}]},{"@type":"WebSite","@id":"https:\/\/www.yucatanencorto.com\/noticias\/#website","url":"https:\/\/www.yucatanencorto.com\/noticias\/","name":"Yucat\u00e1n en corto","description":"Noticias","publisher":{"@id":"https:\/\/www.yucatanencorto.com\/noticias\/#organization"},"potentialAction":[{"@type":"SearchAction","target":{"@type":"EntryPoint","urlTemplate":"https:\/\/www.yucatanencorto.com\/noticias\/?s={search_term_string}"},"query-input":{"@type":"PropertyValueSpecification","valueRequired":true,"valueName":"search_term_string"}}],"inLanguage":"es"},{"@type":"Organization","@id":"https:\/\/www.yucatanencorto.com\/noticias\/#organization","name":"Yucat\u00e1n en corto","url":"https:\/\/www.yucatanencorto.com\/noticias\/","logo":{"@type":"ImageObject","inLanguage":"es","@id":"https:\/\/www.yucatanencorto.com\/noticias\/#\/schema\/logo\/image\/","url":"https:\/\/www.yucatanencorto.com\/noticias\/wp-content\/uploads\/2026\/08\/Logo-web.png","contentUrl":"https:\/\/www.yucatanencorto.com\/noticias\/wp-content\/uploads\/2026\/08\/Logo-web.png","width":272,"height":90,"caption":"Yucat\u00e1n en corto"},"image":{"@id":"https:\/\/www.yucatanencorto.com\/noticias\/#\/schema\/logo\/image\/"},"sameAs":["http:\/\/www.facebook.com\/yucatanencorto","https:\/\/x.com\/yucatanencorto"]},{"@type":"Person","@id":"https:\/\/www.yucatanencorto.com\/noticias\/#\/schema\/person\/f0ec40c33447bbc0dc2d01d3006de771","name":"YC 25","image":{"@type":"ImageObject","inLanguage":"es","@id":"https:\/\/secure.gravatar.com\/avatar\/20e0a6b626f38fa8e545fb3f80ce566efd790bf8877e65c3a482460cc3e0b5d1?s=96&d=mm&r=g","url":"https:\/\/secure.gravatar.com\/avatar\/20e0a6b626f38fa8e545fb3f80ce566efd790bf8877e65c3a482460cc3e0b5d1?s=96&d=mm&r=g","contentUrl":"https:\/\/secure.gravatar.com\/avatar\/20e0a6b626f38fa8e545fb3f80ce566efd790bf8877e65c3a482460cc3e0b5d1?s=96&d=mm&r=g","caption":"YC 25"},"url":"https:\/\/www.yucatanencorto.com\/noticias\/author\/editor25\/"}]}},"_links":{"self":[{"href":"https:\/\/www.yucatanencorto.com\/noticias\/wp-json\/wp\/v2\/posts\/118369","targetHints":{"allow":["GET"]}}],"collection":[{"href":"https:\/\/www.yucatanencorto.com\/noticias\/wp-json\/wp\/v2\/posts"}],"about":[{"href":"https:\/\/www.yucatanencorto.com\/noticias\/wp-json\/wp\/v2\/types\/post"}],"author":[{"embeddable":true,"href":"https:\/\/www.yucatanencorto.com\/noticias\/wp-json\/wp\/v2\/users\/4"}],"replies":[{"embeddable":true,"href":"https:\/\/www.yucatanencorto.com\/noticias\/wp-json\/wp\/v2\/comments?post=118369"}],"version-history":[{"count":1,"href":"https:\/\/www.yucatanencorto.com\/noticias\/wp-json\/wp\/v2\/posts\/118369\/revisions"}],"predecessor-version":[{"id":118371,"href":"https:\/\/www.yucatanencorto.com\/noticias\/wp-json\/wp\/v2\/posts\/118369\/revisions\/118371"}],"wp:featuredmedia":[{"embeddable":true,"href":"https:\/\/www.yucatanencorto.com\/noticias\/wp-json\/wp\/v2\/media\/118370"}],"wp:attachment":[{"href":"https:\/\/www.yucatanencorto.com\/noticias\/wp-json\/wp\/v2\/media?parent=118369"}],"wp:term":[{"taxonomy":"category","embeddable":true,"href":"https:\/\/www.yucatanencorto.com\/noticias\/wp-json\/wp\/v2\/categories?post=118369"},{"taxonomy":"post_tag","embeddable":true,"href":"https:\/\/www.yucatanencorto.com\/noticias\/wp-json\/wp\/v2\/tags?post=118369"}],"curies":[{"name":"wp","href":"https:\/\/api.w.org\/{rel}","templated":true}]}}