{"id":118373,"date":"2026-09-06T14:12:41","date_gmt":"2026-09-06T20:12:41","guid":{"rendered":"https:\/\/www.yucatanencorto.com\/noticias\/?p=118373"},"modified":"2026-09-06T14:12:41","modified_gmt":"2026-09-06T20:12:41","slug":"llevan-agua-potable-a-mas-de-20-mil-habitantes-de-nora-quintana-y-zonas-aledanas","status":"publish","type":"post","link":"https:\/\/www.yucatanencorto.com\/noticias\/llevan-agua-potable-a-mas-de-20-mil-habitantes-de-nora-quintana-y-zonas-aledanas\/","title":{"rendered":"Llevan agua potable a m\u00e1s de 20 mil habitantes de Nora Quintana y zonas aleda\u00f1as  \u00a0"},"content":{"rendered":"<p><img loading=\"lazy\" decoding=\"async\" class=\"alignnone size-full wp-image-118374\" src=\"https:\/\/www.yucatanencorto.com\/noticias\/wp-content\/uploads\/2026\/09\/IMG-20260906-WA0029-scaled.jpg\" alt=\"\" width=\"768\" height=\"512\" srcset=\"https:\/\/www.yucatanencorto.com\/noticias\/wp-content\/uploads\/2026\/09\/IMG-20260906-WA0029-scaled.jpg 768w, https:\/\/www.yucatanencorto.com\/noticias\/wp-content\/uploads\/2026\/09\/IMG-20260906-WA0029-1536x1024.jpg 1536w, https:\/\/www.yucatanencorto.com\/noticias\/wp-content\/uploads\/2026\/09\/IMG-20260906-WA0029-2048x1366.jpg 2048w, https:\/\/www.yucatanencorto.com\/noticias\/wp-content\/uploads\/2026\/09\/IMG-20260906-WA0029-150x100.jpg 150w, https:\/\/www.yucatanencorto.com\/noticias\/wp-content\/uploads\/2026\/09\/IMG-20260906-WA0029-300x200.jpg 300w, https:\/\/www.yucatanencorto.com\/noticias\/wp-content\/uploads\/2026\/09\/IMG-20260906-WA0029-696x464.jpg 696w, https:\/\/www.yucatanencorto.com\/noticias\/wp-content\/uploads\/2026\/09\/IMG-20260906-WA0029-1068x712.jpg 1068w, https:\/\/www.yucatanencorto.com\/noticias\/wp-content\/uploads\/2026\/09\/IMG-20260906-WA0029-1920x1280.jpg 1920w\" sizes=\"auto, (max-width: 768px) 100vw, 768px\" \/><\/p>\n<p>M\u00e9rida, Yucat\u00e1n, a 6 de septiembre de 2026<\/p>\n<p>&nbsp;<\/p>\n<p>En una nueva etapa de transformaci\u00f3n de la infraestructura hidr\u00e1ulica,\u00a0marcada por la aprobaci\u00f3n\u00a0del Plan Bienestar Metropolitano, el Gobierno del Renacimiento Maya entreg\u00f3 un sistema de captaci\u00f3n en la colonia Nora Quintana, que ya brinda agua potable con mayor eficiencia y confiabilidad a m\u00e1s de 20 mil habitantes.<\/p>\n<p>&nbsp;<\/p>\n<p>La obra representa una inversi\u00f3n de dos millones 763 mil 329 pesos, proveniente en su totalidad de recursos estatales, y beneficiar\u00e1 directamente a 20 mil 262 personas. La nueva infraestructura permitir\u00e1 ampliar la capacidad de captaci\u00f3n y mejorar el funcionamiento de los equipos que abastecen de agua potable a este sector de la capital yucateca.<\/p>\n<p>&nbsp;<\/p>\n<p>Los trabajos comprenden la perforaci\u00f3n de un pozo de 30 metros de profundidad y 16 pulgadas de di\u00e1metro; la construcci\u00f3n de una caseta de control y un cercado; as\u00ed como la instalaci\u00f3n de una l\u00ednea de conducci\u00f3n de PVC, equipos electromec\u00e1nicos, una subestaci\u00f3n el\u00e9ctrica de 30 kilovoltamperios (kVA) y una l\u00ednea de transmisi\u00f3n el\u00e9ctrica.<\/p>\n<p>&nbsp;<\/p>\n<p>Acompa\u00f1ado de un centenar de vecinas y vecinos de la Nora Quintana y sus alrededores durante la entrega de la infraestructura, el Gobernador Joaqu\u00edn D\u00edaz Mena afirm\u00f3 que garantizar el acceso al agua es indispensable para proteger la salud, el bienestar y la vida digna de las familias.<\/p>\n<p>&nbsp;<\/p>\n<p>\u201cEl agua es el primer derecho de todas y todos, porque sin agua no hay vida, salud, escuelas que funcionen bien, cocinas que trabajen ni una vida digna. A partir de hoy, m\u00e1s de 20 mil habitantes de Nora Quintana y fraccionamientos cercanos cuentan con un sistema de captaci\u00f3n de agua potable nuevo, moderno y confiable\u201d, expres\u00f3.<\/p>\n<p>&nbsp;<\/p>\n<p>D\u00edaz Mena afirm\u00f3 que los recursos p\u00fablicos deben traducirse en soluciones concretas para las comunidades y en servicios que mejoren todos los d\u00edas la calidad de vida de la poblaci\u00f3n. \u201cEs dinero del pueblo que regresa para solucionar los problemas de la comunidad, convertido en un servicio que se utilizar\u00e1 todos los d\u00edas\u201d, se\u00f1al\u00f3.<\/p>\n<p>&nbsp;<\/p>\n<p>El Gobernador se\u00f1al\u00f3 que la obra tambi\u00e9n responde al crecimiento de M\u00e9rida y forma parte de la infraestructura necesaria para acompa\u00f1ar su desarrollo ordenado.<\/p>\n<p>&nbsp;<\/p>\n<p>A\u00f1adi\u00f3 que, con el respaldo de la Presidenta Claudia Sheinbaum Pardo, se construir\u00e1n 20 mil viviendas en Ciudad Renacimiento, junto a Ciudad Caucel, con servicios de agua potable, electricidad, pavimentaci\u00f3n, parques y seguridad.<\/p>\n<p>&nbsp;<\/p>\n<p>El director de la Japay, Francisco Torres Rivas, explic\u00f3 que esta nueva infraestructura permitir\u00e1 suministrar agua potable de manera constante y con la presi\u00f3n, calidad y cantidad necesarias, lo que brinda tranquilidad a madres y padres de familia al contar con el vital l\u00edquido para la higiene, la alimentaci\u00f3n y el cuidado de la salud.<\/p>\n<p>&nbsp;<\/p>\n<p>Posteriormente, acompa\u00f1ado por habitantes de la zona, D\u00edaz Mena abri\u00f3 la v\u00e1lvula con la que entr\u00f3 en funcionamiento el nuevo sistema de captaci\u00f3n.<\/p>\n<p>&nbsp;<\/p>\n<p>Con esta infraestructura, el Gobierno del Estado atiende una necesidad esencial de las familias de la Nora Quintana y contribuye a reducir rezagos en M\u00e9rida y su zona metropolitana, mediante servicios p\u00fablicos dignos para las comunidades.<\/p>\n<p>&nbsp;<\/p>\n<p>Al evento asistieron las beneficiarias Mar\u00eda Dorothy Canch\u00e9 Ontiveros y Mar\u00eda Luisa Coll\u00ed P\u00e9rez; la diputada federal Linette Fern\u00e1ndez Sarabia; la diputada local Edith Trujeque Jim\u00e9nez; el diputado local Juli\u00e1n Bustillos Medina, as\u00ed como alumnas y alumnos de sexto grado de la escuela primaria Juan Ram\u00f3n Vega C\u00e1mara.<\/p>\n<p>&nbsp;<\/p>\n<p>&nbsp;<\/p>\n","protected":false},"excerpt":{"rendered":"<p>M\u00e9rida, Yucat\u00e1n, a 6 de septiembre de 2026 &nbsp; En una nueva etapa de transformaci\u00f3n de la infraestructura hidr\u00e1ulica,\u00a0marcada por la aprobaci\u00f3n\u00a0del Plan Bienestar Metropolitano, el Gobierno del Renacimiento Maya entreg\u00f3 un sistema de captaci\u00f3n en la colonia Nora Quintana, que ya brinda agua potable con mayor eficiencia y confiabilidad a m\u00e1s de 20 mil [&hellip;]<\/p>\n","protected":false},"author":4,"featured_media":0,"comment_status":"closed","ping_status":"closed","sticky":false,"template":"","format":"standard","meta":{"footnotes":""},"categories":[3],"tags":[],"class_list":["post-118373","post","type-post","status-publish","format-standard","category-yucatan"],"yoast_head":"<!-- This site is optimized with the Yoast SEO plugin v28.4 - https:\/\/yoast.com\/product\/yoast-seo-wordpress\/ -->\n<title>Llevan agua potable a m\u00e1s de 20 mil habitantes de Nora Quintana y zonas aleda\u00f1as \u00a0 - Yucat\u00e1n en corto<\/title>\n<meta name=\"robots\" content=\"index, follow, max-snippet:-1, max-image-preview:large, max-video-preview:-1\" \/>\n<link rel=\"canonical\" href=\"https:\/\/www.yucatanencorto.com\/noticias\/llevan-agua-potable-a-mas-de-20-mil-habitantes-de-nora-quintana-y-zonas-aledanas\/\" \/>\n<meta property=\"og:locale\" content=\"es_ES\" \/>\n<meta property=\"og:type\" content=\"article\" \/>\n<meta property=\"og:title\" content=\"Llevan agua potable a m\u00e1s de 20 mil habitantes de Nora Quintana y zonas aleda\u00f1as \u00a0 - Yucat\u00e1n en corto\" \/>\n<meta property=\"og:description\" content=\"M\u00e9rida, Yucat\u00e1n, a 6 de septiembre de 2026 &nbsp; En una nueva etapa de transformaci\u00f3n de la infraestructura hidr\u00e1ulica,\u00a0marcada por la aprobaci\u00f3n\u00a0del Plan Bienestar Metropolitano, el Gobierno del Renacimiento Maya entreg\u00f3 un sistema de captaci\u00f3n en la colonia Nora Quintana, que ya brinda agua potable con mayor eficiencia y confiabilidad a m\u00e1s de 20 mil [&hellip;]\" \/>\n<meta property=\"og:url\" content=\"https:\/\/www.yucatanencorto.com\/noticias\/llevan-agua-potable-a-mas-de-20-mil-habitantes-de-nora-quintana-y-zonas-aledanas\/\" \/>\n<meta property=\"og:site_name\" content=\"Yucat\u00e1n en corto\" \/>\n<meta property=\"article:publisher\" content=\"http:\/\/www.facebook.com\/yucatanencorto\" \/>\n<meta property=\"article:published_time\" content=\"2026-09-06T20:12:41+00:00\" \/>\n<meta property=\"og:image\" content=\"https:\/\/www.yucatanencorto.com\/noticias\/wp-content\/uploads\/2026\/09\/IMG-20260906-WA0029-scaled.jpg\" \/>\n\t<meta property=\"og:image:width\" content=\"768\" \/>\n\t<meta property=\"og:image:height\" content=\"512\" \/>\n\t<meta property=\"og:image:type\" content=\"image\/jpeg\" \/>\n<meta name=\"author\" content=\"YC 25\" \/>\n<meta name=\"twitter:card\" content=\"summary_large_image\" \/>\n<meta name=\"twitter:creator\" content=\"@yucatanencorto\" \/>\n<meta name=\"twitter:site\" content=\"@yucatanencorto\" \/>\n<meta name=\"twitter:label1\" content=\"Escrito por\" \/>\n\t<meta name=\"twitter:data1\" content=\"YC 25\" \/>\n\t<meta name=\"twitter:label2\" content=\"Tiempo de lectura\" \/>\n\t<meta name=\"twitter:data2\" content=\"3 minutos\" \/>\n<script type=\"application\/ld+json\" class=\"yoast-schema-graph\">{\"@context\":\"https:\\\/\\\/schema.org\",\"@graph\":[{\"@type\":\"Article\",\"@id\":\"https:\\\/\\\/www.yucatanencorto.com\\\/noticias\\\/llevan-agua-potable-a-mas-de-20-mil-habitantes-de-nora-quintana-y-zonas-aledanas\\\/#article\",\"isPartOf\":{\"@id\":\"https:\\\/\\\/www.yucatanencorto.com\\\/noticias\\\/llevan-agua-potable-a-mas-de-20-mil-habitantes-de-nora-quintana-y-zonas-aledanas\\\/\"},\"author\":{\"name\":\"YC 25\",\"@id\":\"https:\\\/\\\/www.yucatanencorto.com\\\/noticias\\\/#\\\/schema\\\/person\\\/f0ec40c33447bbc0dc2d01d3006de771\"},\"headline\":\"Llevan agua potable a m\u00e1s de 20 mil habitantes de Nora Quintana y zonas aleda\u00f1as \u00a0\",\"datePublished\":\"2026-09-06T20:12:41+00:00\",\"mainEntityOfPage\":{\"@id\":\"https:\\\/\\\/www.yucatanencorto.com\\\/noticias\\\/llevan-agua-potable-a-mas-de-20-mil-habitantes-de-nora-quintana-y-zonas-aledanas\\\/\"},\"wordCount\":618,\"publisher\":{\"@id\":\"https:\\\/\\\/www.yucatanencorto.com\\\/noticias\\\/#organization\"},\"image\":{\"@id\":\"https:\\\/\\\/www.yucatanencorto.com\\\/noticias\\\/llevan-agua-potable-a-mas-de-20-mil-habitantes-de-nora-quintana-y-zonas-aledanas\\\/#primaryimage\"},\"thumbnailUrl\":\"https:\\\/\\\/www.yucatanencorto.com\\\/noticias\\\/wp-content\\\/uploads\\\/2026\\\/09\\\/IMG-20260906-WA0029-scaled.jpg\",\"articleSection\":[\"Yucat\u00e1n\"],\"inLanguage\":\"es\"},{\"@type\":\"WebPage\",\"@id\":\"https:\\\/\\\/www.yucatanencorto.com\\\/noticias\\\/llevan-agua-potable-a-mas-de-20-mil-habitantes-de-nora-quintana-y-zonas-aledanas\\\/\",\"url\":\"https:\\\/\\\/www.yucatanencorto.com\\\/noticias\\\/llevan-agua-potable-a-mas-de-20-mil-habitantes-de-nora-quintana-y-zonas-aledanas\\\/\",\"name\":\"Llevan agua potable a m\u00e1s de 20 mil habitantes de Nora Quintana y zonas aleda\u00f1as \u00a0 - Yucat\u00e1n en corto\",\"isPartOf\":{\"@id\":\"https:\\\/\\\/www.yucatanencorto.com\\\/noticias\\\/#website\"},\"primaryImageOfPage\":{\"@id\":\"https:\\\/\\\/www.yucatanencorto.com\\\/noticias\\\/llevan-agua-potable-a-mas-de-20-mil-habitantes-de-nora-quintana-y-zonas-aledanas\\\/#primaryimage\"},\"image\":{\"@id\":\"https:\\\/\\\/www.yucatanencorto.com\\\/noticias\\\/llevan-agua-potable-a-mas-de-20-mil-habitantes-de-nora-quintana-y-zonas-aledanas\\\/#primaryimage\"},\"thumbnailUrl\":\"https:\\\/\\\/www.yucatanencorto.com\\\/noticias\\\/wp-content\\\/uploads\\\/2026\\\/09\\\/IMG-20260906-WA0029-scaled.jpg\",\"datePublished\":\"2026-09-06T20:12:41+00:00\",\"breadcrumb\":{\"@id\":\"https:\\\/\\\/www.yucatanencorto.com\\\/noticias\\\/llevan-agua-potable-a-mas-de-20-mil-habitantes-de-nora-quintana-y-zonas-aledanas\\\/#breadcrumb\"},\"inLanguage\":\"es\",\"potentialAction\":[{\"@type\":\"ReadAction\",\"target\":[\"https:\\\/\\\/www.yucatanencorto.com\\\/noticias\\\/llevan-agua-potable-a-mas-de-20-mil-habitantes-de-nora-quintana-y-zonas-aledanas\\\/\"]}]},{\"@type\":\"ImageObject\",\"inLanguage\":\"es\",\"@id\":\"https:\\\/\\\/www.yucatanencorto.com\\\/noticias\\\/llevan-agua-potable-a-mas-de-20-mil-habitantes-de-nora-quintana-y-zonas-aledanas\\\/#primaryimage\",\"url\":\"https:\\\/\\\/www.yucatanencorto.com\\\/noticias\\\/wp-content\\\/uploads\\\/2026\\\/09\\\/IMG-20260906-WA0029-scaled.jpg\",\"contentUrl\":\"https:\\\/\\\/www.yucatanencorto.com\\\/noticias\\\/wp-content\\\/uploads\\\/2026\\\/09\\\/IMG-20260906-WA0029-scaled.jpg\",\"width\":768,\"height\":512},{\"@type\":\"BreadcrumbList\",\"@id\":\"https:\\\/\\\/www.yucatanencorto.com\\\/noticias\\\/llevan-agua-potable-a-mas-de-20-mil-habitantes-de-nora-quintana-y-zonas-aledanas\\\/#breadcrumb\",\"itemListElement\":[{\"@type\":\"ListItem\",\"position\":1,\"name\":\"Portada\",\"item\":\"https:\\\/\\\/www.yucatanencorto.com\\\/noticias\\\/\"},{\"@type\":\"ListItem\",\"position\":2,\"name\":\"Llevan agua potable a m\u00e1s de 20 mil habitantes de Nora Quintana y zonas aleda\u00f1as \u00a0\"}]},{\"@type\":\"WebSite\",\"@id\":\"https:\\\/\\\/www.yucatanencorto.com\\\/noticias\\\/#website\",\"url\":\"https:\\\/\\\/www.yucatanencorto.com\\\/noticias\\\/\",\"name\":\"Yucat\u00e1n en corto\",\"description\":\"Noticias\",\"publisher\":{\"@id\":\"https:\\\/\\\/www.yucatanencorto.com\\\/noticias\\\/#organization\"},\"potentialAction\":[{\"@type\":\"SearchAction\",\"target\":{\"@type\":\"EntryPoint\",\"urlTemplate\":\"https:\\\/\\\/www.yucatanencorto.com\\\/noticias\\\/?s={search_term_string}\"},\"query-input\":{\"@type\":\"PropertyValueSpecification\",\"valueRequired\":true,\"valueName\":\"search_term_string\"}}],\"inLanguage\":\"es\"},{\"@type\":\"Organization\",\"@id\":\"https:\\\/\\\/www.yucatanencorto.com\\\/noticias\\\/#organization\",\"name\":\"Yucat\u00e1n en corto\",\"url\":\"https:\\\/\\\/www.yucatanencorto.com\\\/noticias\\\/\",\"logo\":{\"@type\":\"ImageObject\",\"inLanguage\":\"es\",\"@id\":\"https:\\\/\\\/www.yucatanencorto.com\\\/noticias\\\/#\\\/schema\\\/logo\\\/image\\\/\",\"url\":\"https:\\\/\\\/www.yucatanencorto.com\\\/noticias\\\/wp-content\\\/uploads\\\/2026\\\/08\\\/Logo-web.png\",\"contentUrl\":\"https:\\\/\\\/www.yucatanencorto.com\\\/noticias\\\/wp-content\\\/uploads\\\/2026\\\/08\\\/Logo-web.png\",\"width\":272,\"height\":90,\"caption\":\"Yucat\u00e1n en corto\"},\"image\":{\"@id\":\"https:\\\/\\\/www.yucatanencorto.com\\\/noticias\\\/#\\\/schema\\\/logo\\\/image\\\/\"},\"sameAs\":[\"http:\\\/\\\/www.facebook.com\\\/yucatanencorto\",\"https:\\\/\\\/x.com\\\/yucatanencorto\"]},{\"@type\":\"Person\",\"@id\":\"https:\\\/\\\/www.yucatanencorto.com\\\/noticias\\\/#\\\/schema\\\/person\\\/f0ec40c33447bbc0dc2d01d3006de771\",\"name\":\"YC 25\",\"image\":{\"@type\":\"ImageObject\",\"inLanguage\":\"es\",\"@id\":\"https:\\\/\\\/secure.gravatar.com\\\/avatar\\\/20e0a6b626f38fa8e545fb3f80ce566efd790bf8877e65c3a482460cc3e0b5d1?s=96&d=mm&r=g\",\"url\":\"https:\\\/\\\/secure.gravatar.com\\\/avatar\\\/20e0a6b626f38fa8e545fb3f80ce566efd790bf8877e65c3a482460cc3e0b5d1?s=96&d=mm&r=g\",\"contentUrl\":\"https:\\\/\\\/secure.gravatar.com\\\/avatar\\\/20e0a6b626f38fa8e545fb3f80ce566efd790bf8877e65c3a482460cc3e0b5d1?s=96&d=mm&r=g\",\"caption\":\"YC 25\"},\"url\":\"https:\\\/\\\/www.yucatanencorto.com\\\/noticias\\\/author\\\/editor25\\\/\"}]}<\/script>\n<!-- \/ Yoast SEO plugin. -->","yoast_head_json":{"title":"Llevan agua potable a m\u00e1s de 20 mil habitantes de Nora Quintana y zonas aleda\u00f1as \u00a0 - Yucat\u00e1n en corto","robots":{"index":"index","follow":"follow","max-snippet":"max-snippet:-1","max-image-preview":"max-image-preview:large","max-video-preview":"max-video-preview:-1"},"canonical":"https:\/\/www.yucatanencorto.com\/noticias\/llevan-agua-potable-a-mas-de-20-mil-habitantes-de-nora-quintana-y-zonas-aledanas\/","og_locale":"es_ES","og_type":"article","og_title":"Llevan agua potable a m\u00e1s de 20 mil habitantes de Nora Quintana y zonas aleda\u00f1as \u00a0 - Yucat\u00e1n en corto","og_description":"M\u00e9rida, Yucat\u00e1n, a 6 de septiembre de 2026 &nbsp; En una nueva etapa de transformaci\u00f3n de la infraestructura hidr\u00e1ulica,\u00a0marcada por la aprobaci\u00f3n\u00a0del Plan Bienestar Metropolitano, el Gobierno del Renacimiento Maya entreg\u00f3 un sistema de captaci\u00f3n en la colonia Nora Quintana, que ya brinda agua potable con mayor eficiencia y confiabilidad a m\u00e1s de 20 mil [&hellip;]","og_url":"https:\/\/www.yucatanencorto.com\/noticias\/llevan-agua-potable-a-mas-de-20-mil-habitantes-de-nora-quintana-y-zonas-aledanas\/","og_site_name":"Yucat\u00e1n en corto","article_publisher":"http:\/\/www.facebook.com\/yucatanencorto","article_published_time":"2026-09-06T20:12:41+00:00","og_image":[{"width":768,"height":512,"url":"https:\/\/www.yucatanencorto.com\/noticias\/wp-content\/uploads\/2026\/09\/IMG-20260906-WA0029-scaled.jpg","type":"image\/jpeg"}],"author":"YC 25","twitter_card":"summary_large_image","twitter_creator":"@yucatanencorto","twitter_site":"@yucatanencorto","twitter_misc":{"Escrito por":"YC 25","Tiempo de lectura":"3 minutos"},"schema":{"@context":"https:\/\/schema.org","@graph":[{"@type":"Article","@id":"https:\/\/www.yucatanencorto.com\/noticias\/llevan-agua-potable-a-mas-de-20-mil-habitantes-de-nora-quintana-y-zonas-aledanas\/#article","isPartOf":{"@id":"https:\/\/www.yucatanencorto.com\/noticias\/llevan-agua-potable-a-mas-de-20-mil-habitantes-de-nora-quintana-y-zonas-aledanas\/"},"author":{"name":"YC 25","@id":"https:\/\/www.yucatanencorto.com\/noticias\/#\/schema\/person\/f0ec40c33447bbc0dc2d01d3006de771"},"headline":"Llevan agua potable a m\u00e1s de 20 mil habitantes de Nora Quintana y zonas aleda\u00f1as \u00a0","datePublished":"2026-09-06T20:12:41+00:00","mainEntityOfPage":{"@id":"https:\/\/www.yucatanencorto.com\/noticias\/llevan-agua-potable-a-mas-de-20-mil-habitantes-de-nora-quintana-y-zonas-aledanas\/"},"wordCount":618,"publisher":{"@id":"https:\/\/www.yucatanencorto.com\/noticias\/#organization"},"image":{"@id":"https:\/\/www.yucatanencorto.com\/noticias\/llevan-agua-potable-a-mas-de-20-mil-habitantes-de-nora-quintana-y-zonas-aledanas\/#primaryimage"},"thumbnailUrl":"https:\/\/www.yucatanencorto.com\/noticias\/wp-content\/uploads\/2026\/09\/IMG-20260906-WA0029-scaled.jpg","articleSection":["Yucat\u00e1n"],"inLanguage":"es"},{"@type":"WebPage","@id":"https:\/\/www.yucatanencorto.com\/noticias\/llevan-agua-potable-a-mas-de-20-mil-habitantes-de-nora-quintana-y-zonas-aledanas\/","url":"https:\/\/www.yucatanencorto.com\/noticias\/llevan-agua-potable-a-mas-de-20-mil-habitantes-de-nora-quintana-y-zonas-aledanas\/","name":"Llevan agua potable a m\u00e1s de 20 mil habitantes de Nora Quintana y zonas aleda\u00f1as \u00a0 - Yucat\u00e1n en corto","isPartOf":{"@id":"https:\/\/www.yucatanencorto.com\/noticias\/#website"},"primaryImageOfPage":{"@id":"https:\/\/www.yucatanencorto.com\/noticias\/llevan-agua-potable-a-mas-de-20-mil-habitantes-de-nora-quintana-y-zonas-aledanas\/#primaryimage"},"image":{"@id":"https:\/\/www.yucatanencorto.com\/noticias\/llevan-agua-potable-a-mas-de-20-mil-habitantes-de-nora-quintana-y-zonas-aledanas\/#primaryimage"},"thumbnailUrl":"https:\/\/www.yucatanencorto.com\/noticias\/wp-content\/uploads\/2026\/09\/IMG-20260906-WA0029-scaled.jpg","datePublished":"2026-09-06T20:12:41+00:00","breadcrumb":{"@id":"https:\/\/www.yucatanencorto.com\/noticias\/llevan-agua-potable-a-mas-de-20-mil-habitantes-de-nora-quintana-y-zonas-aledanas\/#breadcrumb"},"inLanguage":"es","potentialAction":[{"@type":"ReadAction","target":["https:\/\/www.yucatanencorto.com\/noticias\/llevan-agua-potable-a-mas-de-20-mil-habitantes-de-nora-quintana-y-zonas-aledanas\/"]}]},{"@type":"ImageObject","inLanguage":"es","@id":"https:\/\/www.yucatanencorto.com\/noticias\/llevan-agua-potable-a-mas-de-20-mil-habitantes-de-nora-quintana-y-zonas-aledanas\/#primaryimage","url":"https:\/\/www.yucatanencorto.com\/noticias\/wp-content\/uploads\/2026\/09\/IMG-20260906-WA0029-scaled.jpg","contentUrl":"https:\/\/www.yucatanencorto.com\/noticias\/wp-content\/uploads\/2026\/09\/IMG-20260906-WA0029-scaled.jpg","width":768,"height":512},{"@type":"BreadcrumbList","@id":"https:\/\/www.yucatanencorto.com\/noticias\/llevan-agua-potable-a-mas-de-20-mil-habitantes-de-nora-quintana-y-zonas-aledanas\/#breadcrumb","itemListElement":[{"@type":"ListItem","position":1,"name":"Portada","item":"https:\/\/www.yucatanencorto.com\/noticias\/"},{"@type":"ListItem","position":2,"name":"Llevan agua potable a m\u00e1s de 20 mil habitantes de Nora Quintana y zonas aleda\u00f1as \u00a0"}]},{"@type":"WebSite","@id":"https:\/\/www.yucatanencorto.com\/noticias\/#website","url":"https:\/\/www.yucatanencorto.com\/noticias\/","name":"Yucat\u00e1n en corto","description":"Noticias","publisher":{"@id":"https:\/\/www.yucatanencorto.com\/noticias\/#organization"},"potentialAction":[{"@type":"SearchAction","target":{"@type":"EntryPoint","urlTemplate":"https:\/\/www.yucatanencorto.com\/noticias\/?s={search_term_string}"},"query-input":{"@type":"PropertyValueSpecification","valueRequired":true,"valueName":"search_term_string"}}],"inLanguage":"es"},{"@type":"Organization","@id":"https:\/\/www.yucatanencorto.com\/noticias\/#organization","name":"Yucat\u00e1n en corto","url":"https:\/\/www.yucatanencorto.com\/noticias\/","logo":{"@type":"ImageObject","inLanguage":"es","@id":"https:\/\/www.yucatanencorto.com\/noticias\/#\/schema\/logo\/image\/","url":"https:\/\/www.yucatanencorto.com\/noticias\/wp-content\/uploads\/2026\/08\/Logo-web.png","contentUrl":"https:\/\/www.yucatanencorto.com\/noticias\/wp-content\/uploads\/2026\/08\/Logo-web.png","width":272,"height":90,"caption":"Yucat\u00e1n en corto"},"image":{"@id":"https:\/\/www.yucatanencorto.com\/noticias\/#\/schema\/logo\/image\/"},"sameAs":["http:\/\/www.facebook.com\/yucatanencorto","https:\/\/x.com\/yucatanencorto"]},{"@type":"Person","@id":"https:\/\/www.yucatanencorto.com\/noticias\/#\/schema\/person\/f0ec40c33447bbc0dc2d01d3006de771","name":"YC 25","image":{"@type":"ImageObject","inLanguage":"es","@id":"https:\/\/secure.gravatar.com\/avatar\/20e0a6b626f38fa8e545fb3f80ce566efd790bf8877e65c3a482460cc3e0b5d1?s=96&d=mm&r=g","url":"https:\/\/secure.gravatar.com\/avatar\/20e0a6b626f38fa8e545fb3f80ce566efd790bf8877e65c3a482460cc3e0b5d1?s=96&d=mm&r=g","contentUrl":"https:\/\/secure.gravatar.com\/avatar\/20e0a6b626f38fa8e545fb3f80ce566efd790bf8877e65c3a482460cc3e0b5d1?s=96&d=mm&r=g","caption":"YC 25"},"url":"https:\/\/www.yucatanencorto.com\/noticias\/author\/editor25\/"}]}},"_links":{"self":[{"href":"https:\/\/www.yucatanencorto.com\/noticias\/wp-json\/wp\/v2\/posts\/118373","targetHints":{"allow":["GET"]}}],"collection":[{"href":"https:\/\/www.yucatanencorto.com\/noticias\/wp-json\/wp\/v2\/posts"}],"about":[{"href":"https:\/\/www.yucatanencorto.com\/noticias\/wp-json\/wp\/v2\/types\/post"}],"author":[{"embeddable":true,"href":"https:\/\/www.yucatanencorto.com\/noticias\/wp-json\/wp\/v2\/users\/4"}],"replies":[{"embeddable":true,"href":"https:\/\/www.yucatanencorto.com\/noticias\/wp-json\/wp\/v2\/comments?post=118373"}],"version-history":[{"count":1,"href":"https:\/\/www.yucatanencorto.com\/noticias\/wp-json\/wp\/v2\/posts\/118373\/revisions"}],"predecessor-version":[{"id":118375,"href":"https:\/\/www.yucatanencorto.com\/noticias\/wp-json\/wp\/v2\/posts\/118373\/revisions\/118375"}],"wp:attachment":[{"href":"https:\/\/www.yucatanencorto.com\/noticias\/wp-json\/wp\/v2\/media?parent=118373"}],"wp:term":[{"taxonomy":"category","embeddable":true,"href":"https:\/\/www.yucatanencorto.com\/noticias\/wp-json\/wp\/v2\/categories?post=118373"},{"taxonomy":"post_tag","embeddable":true,"href":"https:\/\/www.yucatanencorto.com\/noticias\/wp-json\/wp\/v2\/tags?post=118373"}],"curies":[{"name":"wp","href":"https:\/\/api.w.org\/{rel}","templated":true}]}}