{"id":69255,"date":"2021-01-05T17:50:03","date_gmt":"2021-01-05T23:50:03","guid":{"rendered":"https:\/\/www.yucatanencorto.com\/noticias\/?p=69255"},"modified":"2021-01-05T17:50:03","modified_gmt":"2021-01-05T23:50:03","slug":"vendedores-de-comida-y-botana-piden-regresar-a-trabajar-a-merida-en-domingo","status":"publish","type":"post","link":"https:\/\/www.yucatanencorto.com\/noticias\/vendedores-de-comida-y-botana-piden-regresar-a-trabajar-a-merida-en-domingo\/","title":{"rendered":"Vendedores de comida y botana piden regresar a trabajar a \u00abM\u00e9rida en Domingo\u00bb"},"content":{"rendered":"<p><img loading=\"lazy\" decoding=\"async\" class=\"alignnone size-full wp-image-69256\" src=\"https:\/\/www.yucatanencorto.com\/noticias\/wp-content\/uploads\/2021\/01\/WhatsApp-Image-2021-01-05-at-5.47.44-PM-scaled.jpeg\" alt=\"\" width=\"768\" height=\"575\" srcset=\"https:\/\/www.yucatanencorto.com\/noticias\/wp-content\/uploads\/2021\/01\/WhatsApp-Image-2021-01-05-at-5.47.44-PM-scaled.jpeg 768w, https:\/\/www.yucatanencorto.com\/noticias\/wp-content\/uploads\/2021\/01\/WhatsApp-Image-2021-01-05-at-5.47.44-PM-696x521.jpeg 696w, https:\/\/www.yucatanencorto.com\/noticias\/wp-content\/uploads\/2021\/01\/WhatsApp-Image-2021-01-05-at-5.47.44-PM-1068x799.jpeg 1068w, https:\/\/www.yucatanencorto.com\/noticias\/wp-content\/uploads\/2021\/01\/WhatsApp-Image-2021-01-05-at-5.47.44-PM-561x420.jpeg 561w, https:\/\/www.yucatanencorto.com\/noticias\/wp-content\/uploads\/2021\/01\/WhatsApp-Image-2021-01-05-at-5.47.44-PM-80x60.jpeg 80w, https:\/\/www.yucatanencorto.com\/noticias\/wp-content\/uploads\/2021\/01\/WhatsApp-Image-2021-01-05-at-5.47.44-PM-265x198.jpeg 265w\" sizes=\"auto, (max-width: 768px) 100vw, 768px\" \/>M\u00e9rida, 5 de enero de 2021. COMUNICADO. El Ayuntamiento de M\u00e9rida trabaja con la pol\u00edtica de puertas abiertas y di\u00e1logo para encontrar las mejores soluciones a las demandas ciudadanas y reitera que en el caso de la reactivaci\u00f3n econ\u00f3mica trabaja en coordinaci\u00f3n con el gobierno estatal para definir las actividades que se pueden reanudar, atendiendo al color del sem\u00e1foro de riesgo epidemiol\u00f3gico, que actualmente marca color naranja para el Estado.<\/p>\n<p>En ese contexto, esta ma\u00f1ana fueron atendidos en el Palacio Municipal vendedores de antojitos y botanas que trabajan de manera habitual en el programa \u201cM\u00e9rida en Domingo\u201d, quienes solicitan la reanudaci\u00f3n de sus actividades.<\/p>\n<p>El encargado de la direcci\u00f3n de Gobernaci\u00f3n, Joaqu\u00edn Roche Chami, atendi\u00f3 a los solicitantes y les explic\u00f3 que el Ayuntamiento acata las disposiciones y acuerdos que se toman en la mesa de reactivaci\u00f3n econ\u00f3mica del gobierno del estado, la cual cuenta con el respaldo de especialistas en salud p\u00fablica.<\/p>\n<p>Enfatiz\u00f3 que de acuerdo con las instrucciones del alcalde Ren\u00e1n Barrera Concha, el Ayuntamiento siempre tendr\u00e1 las puertas abiertas para escuchar las inquietudes y necesidades de la poblaci\u00f3n y se\u00f1al\u00f3 que en el tema de la reactivaci\u00f3n econ\u00f3mica todos los sectores involucrados deben cumplir las disposiciones en materia de salud, a fin de continuar las etapas de reapertura econ\u00f3mica segura para todos.<\/p>\n<p>En representaci\u00f3n de los vendedores acudieron al Palacio Municipal Carlos Ojeda Estrada, Luc\u00eda Notario, Silvia Pereira y Jorge D\u00edaz.<\/p>\n","protected":false},"excerpt":{"rendered":"<p>M\u00e9rida, 5 de enero de 2021. COMUNICADO. El Ayuntamiento de M\u00e9rida trabaja con la pol\u00edtica de puertas abiertas y di\u00e1logo para encontrar las mejores soluciones a las demandas ciudadanas y reitera que en el caso de la reactivaci\u00f3n econ\u00f3mica trabaja en coordinaci\u00f3n con el gobierno estatal para definir las actividades que se pueden reanudar, atendiendo [&hellip;]<\/p>\n","protected":false},"author":2,"featured_media":69256,"comment_status":"closed","ping_status":"closed","sticky":false,"template":"","format":"standard","meta":{"footnotes":""},"categories":[2],"tags":[],"class_list":["post-69255","post","type-post","status-publish","format-standard","has-post-thumbnail","category-merida"],"yoast_head":"<!-- This site is optimized with the Yoast SEO plugin v28.3 - https:\/\/yoast.com\/product\/yoast-seo-wordpress\/ -->\n<title>Vendedores de comida y botana piden regresar a trabajar a &quot;M\u00e9rida en Domingo&quot; - Yucat\u00e1n en corto<\/title>\n<meta name=\"robots\" content=\"index, follow, max-snippet:-1, max-image-preview:large, max-video-preview:-1\" \/>\n<link rel=\"canonical\" href=\"https:\/\/www.yucatanencorto.com\/noticias\/vendedores-de-comida-y-botana-piden-regresar-a-trabajar-a-merida-en-domingo\/\" \/>\n<meta property=\"og:locale\" content=\"es_ES\" \/>\n<meta property=\"og:type\" content=\"article\" \/>\n<meta property=\"og:title\" content=\"Vendedores de comida y botana piden regresar a trabajar a &quot;M\u00e9rida en Domingo&quot; - Yucat\u00e1n en corto\" \/>\n<meta property=\"og:description\" content=\"M\u00e9rida, 5 de enero de 2021. COMUNICADO. El Ayuntamiento de M\u00e9rida trabaja con la pol\u00edtica de puertas abiertas y di\u00e1logo para encontrar las mejores soluciones a las demandas ciudadanas y reitera que en el caso de la reactivaci\u00f3n econ\u00f3mica trabaja en coordinaci\u00f3n con el gobierno estatal para definir las actividades que se pueden reanudar, atendiendo [&hellip;]\" \/>\n<meta property=\"og:url\" content=\"https:\/\/www.yucatanencorto.com\/noticias\/vendedores-de-comida-y-botana-piden-regresar-a-trabajar-a-merida-en-domingo\/\" \/>\n<meta property=\"og:site_name\" content=\"Yucat\u00e1n en corto\" \/>\n<meta property=\"article:publisher\" content=\"http:\/\/www.facebook.com\/yucatanencorto\" \/>\n<meta property=\"article:published_time\" content=\"2021-01-05T23:50:03+00:00\" \/>\n<meta property=\"og:image\" content=\"https:\/\/www.yucatanencorto.com\/noticias\/wp-content\/uploads\/2021\/01\/WhatsApp-Image-2021-01-05-at-5.47.44-PM-scaled.jpeg\" \/>\n\t<meta property=\"og:image:width\" content=\"768\" \/>\n\t<meta property=\"og:image:height\" content=\"575\" \/>\n\t<meta property=\"og:image:type\" content=\"image\/jpeg\" \/>\n<meta name=\"author\" content=\"Yucat\u00e1n en Corto FC\" \/>\n<meta name=\"twitter:card\" content=\"summary_large_image\" \/>\n<meta name=\"twitter:creator\" content=\"@yucatanencorto\" \/>\n<meta name=\"twitter:site\" content=\"@yucatanencorto\" \/>\n<meta name=\"twitter:label1\" content=\"Escrito por\" \/>\n\t<meta name=\"twitter:data1\" content=\"Yucat\u00e1n en Corto FC\" \/>\n\t<meta name=\"twitter:label2\" content=\"Tiempo de lectura\" \/>\n\t<meta name=\"twitter:data2\" content=\"1 minuto\" \/>\n<script type=\"application\/ld+json\" class=\"yoast-schema-graph\">{\"@context\":\"https:\\\/\\\/schema.org\",\"@graph\":[{\"@type\":\"Article\",\"@id\":\"https:\\\/\\\/www.yucatanencorto.com\\\/noticias\\\/vendedores-de-comida-y-botana-piden-regresar-a-trabajar-a-merida-en-domingo\\\/#article\",\"isPartOf\":{\"@id\":\"https:\\\/\\\/www.yucatanencorto.com\\\/noticias\\\/vendedores-de-comida-y-botana-piden-regresar-a-trabajar-a-merida-en-domingo\\\/\"},\"author\":{\"name\":\"Yucat\u00e1n en Corto FC\",\"@id\":\"https:\\\/\\\/www.yucatanencorto.com\\\/noticias\\\/#\\\/schema\\\/person\\\/14f82d355225a1f4075dd84a31f45a72\"},\"headline\":\"Vendedores de comida y botana piden regresar a trabajar a \u00abM\u00e9rida en Domingo\u00bb\",\"datePublished\":\"2021-01-05T23:50:03+00:00\",\"mainEntityOfPage\":{\"@id\":\"https:\\\/\\\/www.yucatanencorto.com\\\/noticias\\\/vendedores-de-comida-y-botana-piden-regresar-a-trabajar-a-merida-en-domingo\\\/\"},\"wordCount\":273,\"publisher\":{\"@id\":\"https:\\\/\\\/www.yucatanencorto.com\\\/noticias\\\/#organization\"},\"image\":{\"@id\":\"https:\\\/\\\/www.yucatanencorto.com\\\/noticias\\\/vendedores-de-comida-y-botana-piden-regresar-a-trabajar-a-merida-en-domingo\\\/#primaryimage\"},\"thumbnailUrl\":\"https:\\\/\\\/www.yucatanencorto.com\\\/noticias\\\/wp-content\\\/uploads\\\/2021\\\/01\\\/WhatsApp-Image-2021-01-05-at-5.47.44-PM-scaled.jpeg\",\"articleSection\":[\"M\u00e9rida\"],\"inLanguage\":\"es\"},{\"@type\":\"WebPage\",\"@id\":\"https:\\\/\\\/www.yucatanencorto.com\\\/noticias\\\/vendedores-de-comida-y-botana-piden-regresar-a-trabajar-a-merida-en-domingo\\\/\",\"url\":\"https:\\\/\\\/www.yucatanencorto.com\\\/noticias\\\/vendedores-de-comida-y-botana-piden-regresar-a-trabajar-a-merida-en-domingo\\\/\",\"name\":\"Vendedores de comida y botana piden regresar a trabajar a \\\"M\u00e9rida en Domingo\\\" - Yucat\u00e1n en corto\",\"isPartOf\":{\"@id\":\"https:\\\/\\\/www.yucatanencorto.com\\\/noticias\\\/#website\"},\"primaryImageOfPage\":{\"@id\":\"https:\\\/\\\/www.yucatanencorto.com\\\/noticias\\\/vendedores-de-comida-y-botana-piden-regresar-a-trabajar-a-merida-en-domingo\\\/#primaryimage\"},\"image\":{\"@id\":\"https:\\\/\\\/www.yucatanencorto.com\\\/noticias\\\/vendedores-de-comida-y-botana-piden-regresar-a-trabajar-a-merida-en-domingo\\\/#primaryimage\"},\"thumbnailUrl\":\"https:\\\/\\\/www.yucatanencorto.com\\\/noticias\\\/wp-content\\\/uploads\\\/2021\\\/01\\\/WhatsApp-Image-2021-01-05-at-5.47.44-PM-scaled.jpeg\",\"datePublished\":\"2021-01-05T23:50:03+00:00\",\"breadcrumb\":{\"@id\":\"https:\\\/\\\/www.yucatanencorto.com\\\/noticias\\\/vendedores-de-comida-y-botana-piden-regresar-a-trabajar-a-merida-en-domingo\\\/#breadcrumb\"},\"inLanguage\":\"es\",\"potentialAction\":[{\"@type\":\"ReadAction\",\"target\":[\"https:\\\/\\\/www.yucatanencorto.com\\\/noticias\\\/vendedores-de-comida-y-botana-piden-regresar-a-trabajar-a-merida-en-domingo\\\/\"]}]},{\"@type\":\"ImageObject\",\"inLanguage\":\"es\",\"@id\":\"https:\\\/\\\/www.yucatanencorto.com\\\/noticias\\\/vendedores-de-comida-y-botana-piden-regresar-a-trabajar-a-merida-en-domingo\\\/#primaryimage\",\"url\":\"https:\\\/\\\/www.yucatanencorto.com\\\/noticias\\\/wp-content\\\/uploads\\\/2021\\\/01\\\/WhatsApp-Image-2021-01-05-at-5.47.44-PM-scaled.jpeg\",\"contentUrl\":\"https:\\\/\\\/www.yucatanencorto.com\\\/noticias\\\/wp-content\\\/uploads\\\/2021\\\/01\\\/WhatsApp-Image-2021-01-05-at-5.47.44-PM-scaled.jpeg\",\"width\":768,\"height\":575},{\"@type\":\"BreadcrumbList\",\"@id\":\"https:\\\/\\\/www.yucatanencorto.com\\\/noticias\\\/vendedores-de-comida-y-botana-piden-regresar-a-trabajar-a-merida-en-domingo\\\/#breadcrumb\",\"itemListElement\":[{\"@type\":\"ListItem\",\"position\":1,\"name\":\"Portada\",\"item\":\"https:\\\/\\\/www.yucatanencorto.com\\\/noticias\\\/\"},{\"@type\":\"ListItem\",\"position\":2,\"name\":\"Vendedores de comida y botana piden regresar a trabajar a \u00abM\u00e9rida en Domingo\u00bb\"}]},{\"@type\":\"WebSite\",\"@id\":\"https:\\\/\\\/www.yucatanencorto.com\\\/noticias\\\/#website\",\"url\":\"https:\\\/\\\/www.yucatanencorto.com\\\/noticias\\\/\",\"name\":\"Yucat\u00e1n en corto\",\"description\":\"Noticias\",\"publisher\":{\"@id\":\"https:\\\/\\\/www.yucatanencorto.com\\\/noticias\\\/#organization\"},\"potentialAction\":[{\"@type\":\"SearchAction\",\"target\":{\"@type\":\"EntryPoint\",\"urlTemplate\":\"https:\\\/\\\/www.yucatanencorto.com\\\/noticias\\\/?s={search_term_string}\"},\"query-input\":{\"@type\":\"PropertyValueSpecification\",\"valueRequired\":true,\"valueName\":\"search_term_string\"}}],\"inLanguage\":\"es\"},{\"@type\":\"Organization\",\"@id\":\"https:\\\/\\\/www.yucatanencorto.com\\\/noticias\\\/#organization\",\"name\":\"Yucat\u00e1n en corto\",\"url\":\"https:\\\/\\\/www.yucatanencorto.com\\\/noticias\\\/\",\"logo\":{\"@type\":\"ImageObject\",\"inLanguage\":\"es\",\"@id\":\"https:\\\/\\\/www.yucatanencorto.com\\\/noticias\\\/#\\\/schema\\\/logo\\\/image\\\/\",\"url\":\"https:\\\/\\\/www.yucatanencorto.com\\\/noticias\\\/wp-content\\\/uploads\\\/2026\\\/08\\\/Logo-web.png\",\"contentUrl\":\"https:\\\/\\\/www.yucatanencorto.com\\\/noticias\\\/wp-content\\\/uploads\\\/2026\\\/08\\\/Logo-web.png\",\"width\":272,\"height\":90,\"caption\":\"Yucat\u00e1n en corto\"},\"image\":{\"@id\":\"https:\\\/\\\/www.yucatanencorto.com\\\/noticias\\\/#\\\/schema\\\/logo\\\/image\\\/\"},\"sameAs\":[\"http:\\\/\\\/www.facebook.com\\\/yucatanencorto\",\"https:\\\/\\\/x.com\\\/yucatanencorto\"]},{\"@type\":\"Person\",\"@id\":\"https:\\\/\\\/www.yucatanencorto.com\\\/noticias\\\/#\\\/schema\\\/person\\\/14f82d355225a1f4075dd84a31f45a72\",\"name\":\"Yucat\u00e1n en Corto FC\",\"image\":{\"@type\":\"ImageObject\",\"inLanguage\":\"es\",\"@id\":\"https:\\\/\\\/secure.gravatar.com\\\/avatar\\\/147d4b30cd728c53c29c49a3f7834dedca33707f4cd259761355846009a88250?s=96&d=mm&r=g\",\"url\":\"https:\\\/\\\/secure.gravatar.com\\\/avatar\\\/147d4b30cd728c53c29c49a3f7834dedca33707f4cd259761355846009a88250?s=96&d=mm&r=g\",\"contentUrl\":\"https:\\\/\\\/secure.gravatar.com\\\/avatar\\\/147d4b30cd728c53c29c49a3f7834dedca33707f4cd259761355846009a88250?s=96&d=mm&r=g\",\"caption\":\"Yucat\u00e1n en Corto FC\"},\"url\":\"https:\\\/\\\/www.yucatanencorto.com\\\/noticias\\\/author\\\/flor\\\/\"}]}<\/script>\n<!-- \/ Yoast SEO plugin. -->","yoast_head_json":{"title":"Vendedores de comida y botana piden regresar a trabajar a \"M\u00e9rida en Domingo\" - Yucat\u00e1n en corto","robots":{"index":"index","follow":"follow","max-snippet":"max-snippet:-1","max-image-preview":"max-image-preview:large","max-video-preview":"max-video-preview:-1"},"canonical":"https:\/\/www.yucatanencorto.com\/noticias\/vendedores-de-comida-y-botana-piden-regresar-a-trabajar-a-merida-en-domingo\/","og_locale":"es_ES","og_type":"article","og_title":"Vendedores de comida y botana piden regresar a trabajar a \"M\u00e9rida en Domingo\" - Yucat\u00e1n en corto","og_description":"M\u00e9rida, 5 de enero de 2021. COMUNICADO. El Ayuntamiento de M\u00e9rida trabaja con la pol\u00edtica de puertas abiertas y di\u00e1logo para encontrar las mejores soluciones a las demandas ciudadanas y reitera que en el caso de la reactivaci\u00f3n econ\u00f3mica trabaja en coordinaci\u00f3n con el gobierno estatal para definir las actividades que se pueden reanudar, atendiendo [&hellip;]","og_url":"https:\/\/www.yucatanencorto.com\/noticias\/vendedores-de-comida-y-botana-piden-regresar-a-trabajar-a-merida-en-domingo\/","og_site_name":"Yucat\u00e1n en corto","article_publisher":"http:\/\/www.facebook.com\/yucatanencorto","article_published_time":"2021-01-05T23:50:03+00:00","og_image":[{"width":768,"height":575,"url":"https:\/\/www.yucatanencorto.com\/noticias\/wp-content\/uploads\/2021\/01\/WhatsApp-Image-2021-01-05-at-5.47.44-PM-scaled.jpeg","type":"image\/jpeg"}],"author":"Yucat\u00e1n en Corto FC","twitter_card":"summary_large_image","twitter_creator":"@yucatanencorto","twitter_site":"@yucatanencorto","twitter_misc":{"Escrito por":"Yucat\u00e1n en Corto FC","Tiempo de lectura":"1 minuto"},"schema":{"@context":"https:\/\/schema.org","@graph":[{"@type":"Article","@id":"https:\/\/www.yucatanencorto.com\/noticias\/vendedores-de-comida-y-botana-piden-regresar-a-trabajar-a-merida-en-domingo\/#article","isPartOf":{"@id":"https:\/\/www.yucatanencorto.com\/noticias\/vendedores-de-comida-y-botana-piden-regresar-a-trabajar-a-merida-en-domingo\/"},"author":{"name":"Yucat\u00e1n en Corto FC","@id":"https:\/\/www.yucatanencorto.com\/noticias\/#\/schema\/person\/14f82d355225a1f4075dd84a31f45a72"},"headline":"Vendedores de comida y botana piden regresar a trabajar a \u00abM\u00e9rida en Domingo\u00bb","datePublished":"2021-01-05T23:50:03+00:00","mainEntityOfPage":{"@id":"https:\/\/www.yucatanencorto.com\/noticias\/vendedores-de-comida-y-botana-piden-regresar-a-trabajar-a-merida-en-domingo\/"},"wordCount":273,"publisher":{"@id":"https:\/\/www.yucatanencorto.com\/noticias\/#organization"},"image":{"@id":"https:\/\/www.yucatanencorto.com\/noticias\/vendedores-de-comida-y-botana-piden-regresar-a-trabajar-a-merida-en-domingo\/#primaryimage"},"thumbnailUrl":"https:\/\/www.yucatanencorto.com\/noticias\/wp-content\/uploads\/2021\/01\/WhatsApp-Image-2021-01-05-at-5.47.44-PM-scaled.jpeg","articleSection":["M\u00e9rida"],"inLanguage":"es"},{"@type":"WebPage","@id":"https:\/\/www.yucatanencorto.com\/noticias\/vendedores-de-comida-y-botana-piden-regresar-a-trabajar-a-merida-en-domingo\/","url":"https:\/\/www.yucatanencorto.com\/noticias\/vendedores-de-comida-y-botana-piden-regresar-a-trabajar-a-merida-en-domingo\/","name":"Vendedores de comida y botana piden regresar a trabajar a \"M\u00e9rida en Domingo\" - Yucat\u00e1n en corto","isPartOf":{"@id":"https:\/\/www.yucatanencorto.com\/noticias\/#website"},"primaryImageOfPage":{"@id":"https:\/\/www.yucatanencorto.com\/noticias\/vendedores-de-comida-y-botana-piden-regresar-a-trabajar-a-merida-en-domingo\/#primaryimage"},"image":{"@id":"https:\/\/www.yucatanencorto.com\/noticias\/vendedores-de-comida-y-botana-piden-regresar-a-trabajar-a-merida-en-domingo\/#primaryimage"},"thumbnailUrl":"https:\/\/www.yucatanencorto.com\/noticias\/wp-content\/uploads\/2021\/01\/WhatsApp-Image-2021-01-05-at-5.47.44-PM-scaled.jpeg","datePublished":"2021-01-05T23:50:03+00:00","breadcrumb":{"@id":"https:\/\/www.yucatanencorto.com\/noticias\/vendedores-de-comida-y-botana-piden-regresar-a-trabajar-a-merida-en-domingo\/#breadcrumb"},"inLanguage":"es","potentialAction":[{"@type":"ReadAction","target":["https:\/\/www.yucatanencorto.com\/noticias\/vendedores-de-comida-y-botana-piden-regresar-a-trabajar-a-merida-en-domingo\/"]}]},{"@type":"ImageObject","inLanguage":"es","@id":"https:\/\/www.yucatanencorto.com\/noticias\/vendedores-de-comida-y-botana-piden-regresar-a-trabajar-a-merida-en-domingo\/#primaryimage","url":"https:\/\/www.yucatanencorto.com\/noticias\/wp-content\/uploads\/2021\/01\/WhatsApp-Image-2021-01-05-at-5.47.44-PM-scaled.jpeg","contentUrl":"https:\/\/www.yucatanencorto.com\/noticias\/wp-content\/uploads\/2021\/01\/WhatsApp-Image-2021-01-05-at-5.47.44-PM-scaled.jpeg","width":768,"height":575},{"@type":"BreadcrumbList","@id":"https:\/\/www.yucatanencorto.com\/noticias\/vendedores-de-comida-y-botana-piden-regresar-a-trabajar-a-merida-en-domingo\/#breadcrumb","itemListElement":[{"@type":"ListItem","position":1,"name":"Portada","item":"https:\/\/www.yucatanencorto.com\/noticias\/"},{"@type":"ListItem","position":2,"name":"Vendedores de comida y botana piden regresar a trabajar a \u00abM\u00e9rida en Domingo\u00bb"}]},{"@type":"WebSite","@id":"https:\/\/www.yucatanencorto.com\/noticias\/#website","url":"https:\/\/www.yucatanencorto.com\/noticias\/","name":"Yucat\u00e1n en corto","description":"Noticias","publisher":{"@id":"https:\/\/www.yucatanencorto.com\/noticias\/#organization"},"potentialAction":[{"@type":"SearchAction","target":{"@type":"EntryPoint","urlTemplate":"https:\/\/www.yucatanencorto.com\/noticias\/?s={search_term_string}"},"query-input":{"@type":"PropertyValueSpecification","valueRequired":true,"valueName":"search_term_string"}}],"inLanguage":"es"},{"@type":"Organization","@id":"https:\/\/www.yucatanencorto.com\/noticias\/#organization","name":"Yucat\u00e1n en corto","url":"https:\/\/www.yucatanencorto.com\/noticias\/","logo":{"@type":"ImageObject","inLanguage":"es","@id":"https:\/\/www.yucatanencorto.com\/noticias\/#\/schema\/logo\/image\/","url":"https:\/\/www.yucatanencorto.com\/noticias\/wp-content\/uploads\/2026\/08\/Logo-web.png","contentUrl":"https:\/\/www.yucatanencorto.com\/noticias\/wp-content\/uploads\/2026\/08\/Logo-web.png","width":272,"height":90,"caption":"Yucat\u00e1n en corto"},"image":{"@id":"https:\/\/www.yucatanencorto.com\/noticias\/#\/schema\/logo\/image\/"},"sameAs":["http:\/\/www.facebook.com\/yucatanencorto","https:\/\/x.com\/yucatanencorto"]},{"@type":"Person","@id":"https:\/\/www.yucatanencorto.com\/noticias\/#\/schema\/person\/14f82d355225a1f4075dd84a31f45a72","name":"Yucat\u00e1n en Corto FC","image":{"@type":"ImageObject","inLanguage":"es","@id":"https:\/\/secure.gravatar.com\/avatar\/147d4b30cd728c53c29c49a3f7834dedca33707f4cd259761355846009a88250?s=96&d=mm&r=g","url":"https:\/\/secure.gravatar.com\/avatar\/147d4b30cd728c53c29c49a3f7834dedca33707f4cd259761355846009a88250?s=96&d=mm&r=g","contentUrl":"https:\/\/secure.gravatar.com\/avatar\/147d4b30cd728c53c29c49a3f7834dedca33707f4cd259761355846009a88250?s=96&d=mm&r=g","caption":"Yucat\u00e1n en Corto FC"},"url":"https:\/\/www.yucatanencorto.com\/noticias\/author\/flor\/"}]}},"_links":{"self":[{"href":"https:\/\/www.yucatanencorto.com\/noticias\/wp-json\/wp\/v2\/posts\/69255","targetHints":{"allow":["GET"]}}],"collection":[{"href":"https:\/\/www.yucatanencorto.com\/noticias\/wp-json\/wp\/v2\/posts"}],"about":[{"href":"https:\/\/www.yucatanencorto.com\/noticias\/wp-json\/wp\/v2\/types\/post"}],"author":[{"embeddable":true,"href":"https:\/\/www.yucatanencorto.com\/noticias\/wp-json\/wp\/v2\/users\/2"}],"replies":[{"embeddable":true,"href":"https:\/\/www.yucatanencorto.com\/noticias\/wp-json\/wp\/v2\/comments?post=69255"}],"version-history":[{"count":0,"href":"https:\/\/www.yucatanencorto.com\/noticias\/wp-json\/wp\/v2\/posts\/69255\/revisions"}],"wp:featuredmedia":[{"embeddable":true,"href":"https:\/\/www.yucatanencorto.com\/noticias\/wp-json\/wp\/v2\/media\/69256"}],"wp:attachment":[{"href":"https:\/\/www.yucatanencorto.com\/noticias\/wp-json\/wp\/v2\/media?parent=69255"}],"wp:term":[{"taxonomy":"category","embeddable":true,"href":"https:\/\/www.yucatanencorto.com\/noticias\/wp-json\/wp\/v2\/categories?post=69255"},{"taxonomy":"post_tag","embeddable":true,"href":"https:\/\/www.yucatanencorto.com\/noticias\/wp-json\/wp\/v2\/tags?post=69255"}],"curies":[{"name":"wp","href":"https:\/\/api.w.org\/{rel}","templated":true}]}}