{"id":69819,"date":"2021-01-30T11:55:01","date_gmt":"2021-01-30T17:55:01","guid":{"rendered":"https:\/\/www.yucatanencorto.com\/noticias\/?p=69819"},"modified":"2021-01-30T11:55:01","modified_gmt":"2021-01-30T17:55:01","slug":"el-refrendo-vehicular-es-gratuito-y-descuentos-en-reemplacamiento-durante-2021","status":"publish","type":"post","link":"https:\/\/www.yucatanencorto.com\/noticias\/el-refrendo-vehicular-es-gratuito-y-descuentos-en-reemplacamiento-durante-2021\/","title":{"rendered":"El refrendo vehicular es gratuito y descuentos en reemplacamiento durante 2021"},"content":{"rendered":"<figure id=\"attachment_69820\" aria-describedby=\"caption-attachment-69820\" style=\"width: 658px\" class=\"wp-caption alignnone\"><img loading=\"lazy\" decoding=\"async\" class=\"wp-image-69820 size-full\" src=\"https:\/\/www.yucatanencorto.com\/noticias\/wp-content\/uploads\/2021\/01\/refrendo-vehicular-yucatan.jpg\" alt=\"\" width=\"658\" height=\"370\" \/><figcaption id=\"caption-attachment-69820\" class=\"wp-caption-text\">FOTOGRAF\u00cdA TOMADA DE LA WEB<\/figcaption><\/figure>\n<p>M\u00e9rida, Yucat\u00e1n, 30 de enero de 2021.- El Gobierno del Estado invita a la poblaci\u00f3n a poner al d\u00eda los tr\u00e1mites relacionados con sus veh\u00edculos, con los beneficios que esto tiene por cumplir durante este a\u00f1o, adem\u00e1s de que la actualizaci\u00f3n del padr\u00f3n permite una mayor seguridad en el estado.<\/p>\n<p>Por ejemplo, tal como se da a conocer en redes sociales, el refrendo vehicular es gratuito y puede hacerle en l\u00ednea, en el portal\u00a0<a href=\"http:\/\/reemplacamiento.yucatan.gob.mx\/\" target=\"_blank\" rel=\"noopener noreferrer\" data-saferedirecturl=\"https:\/\/www.google.com\/url?q=http:\/\/reemplacamiento.yucatan.gob.mx&amp;source=gmail&amp;ust=1612115468459000&amp;usg=AFQjCNGeLTrezwqt0K3BSlavEweGX7fFyw\">reemplacamiento.yucatan.gob.mx<\/a><wbr \/>.\u00a0 Durante 2021 permanecer\u00e1 sin costo para los ciudadanos.<\/p>\n<p>A su vez, permite ampliar la validez de la tarjeta de circulaci\u00f3n hasta el 31 de diciembre del 2021 para quienes a\u00fan transitan con placas edici\u00f3n 2017.<\/p>\n<p>En el caso de reemplacamiento, quienes realicen este proceso durante 2021 tendr\u00e1n como beneficio el 10 por ciento de descuento en el costo de placas y el 50 por ciento en lo que se refiere a multas de la Secretar\u00eda de Seguridad P\u00fablica. Al pagar con tarjetas de cr\u00e9dito participantes, se puede diferir el monto a 3, 6 y 12 meses sin intereses.<\/p>\n<p>De acuerdo con datos de la corporaci\u00f3n, al 31 de diciembre de 2020 un total de 91 mil 560 veh\u00edculos ya realizaron este tr\u00e1mite. Se estima que entre 500 mil y 600 mil veh\u00edculos a\u00fan quedan pendientes por regularizar.<\/p>\n<p>Realizar en tiempo y forma este proceso evitar\u00e1 aglomeraciones futuras, ya que ser\u00e1 obligatorio en 2022, dar\u00e1 certeza su patrimonio y sus placas contar\u00e1n con vigencia hasta el 2024, evitando as\u00ed cualquier multa por incumplimiento.<\/p>\n","protected":false},"excerpt":{"rendered":"<p>M\u00e9rida, Yucat\u00e1n, 30 de enero de 2021.- El Gobierno del Estado invita a la poblaci\u00f3n a poner al d\u00eda los tr\u00e1mites relacionados con sus veh\u00edculos, con los beneficios que esto tiene por cumplir durante este a\u00f1o, adem\u00e1s de que la actualizaci\u00f3n del padr\u00f3n permite una mayor seguridad en el estado. Por ejemplo, tal como se [&hellip;]<\/p>\n","protected":false},"author":2,"featured_media":69820,"comment_status":"closed","ping_status":"closed","sticky":false,"template":"","format":"standard","meta":{"footnotes":""},"categories":[3],"tags":[],"class_list":{"0":"post-69819","1":"post","2":"type-post","3":"status-publish","4":"format-standard","5":"has-post-thumbnail","7":"category-yucatan"},"yoast_head":"<!-- This site is optimized with the Yoast SEO plugin v27.4 - https:\/\/yoast.com\/product\/yoast-seo-wordpress\/ -->\n<title>El refrendo vehicular es gratuito y descuentos en reemplacamiento durante 2021 - Yucat\u00e1n en corto<\/title>\n<meta name=\"robots\" content=\"index, follow, max-snippet:-1, max-image-preview:large, max-video-preview:-1\" \/>\n<link rel=\"canonical\" href=\"https:\/\/www.yucatanencorto.com\/noticias\/el-refrendo-vehicular-es-gratuito-y-descuentos-en-reemplacamiento-durante-2021\/\" \/>\n<meta property=\"og:locale\" content=\"es_ES\" \/>\n<meta property=\"og:type\" content=\"article\" \/>\n<meta property=\"og:title\" content=\"El refrendo vehicular es gratuito y descuentos en reemplacamiento durante 2021 - Yucat\u00e1n en corto\" \/>\n<meta property=\"og:description\" content=\"M\u00e9rida, Yucat\u00e1n, 30 de enero de 2021.- El Gobierno del Estado invita a la poblaci\u00f3n a poner al d\u00eda los tr\u00e1mites relacionados con sus veh\u00edculos, con los beneficios que esto tiene por cumplir durante este a\u00f1o, adem\u00e1s de que la actualizaci\u00f3n del padr\u00f3n permite una mayor seguridad en el estado. Por ejemplo, tal como se [&hellip;]\" \/>\n<meta property=\"og:url\" content=\"https:\/\/www.yucatanencorto.com\/noticias\/el-refrendo-vehicular-es-gratuito-y-descuentos-en-reemplacamiento-durante-2021\/\" \/>\n<meta property=\"og:site_name\" content=\"Yucat\u00e1n en corto\" \/>\n<meta property=\"article:publisher\" content=\"http:\/\/www.facebook.com\/yucatanencorto\" \/>\n<meta property=\"article:published_time\" content=\"2021-01-30T17:55:01+00:00\" \/>\n<meta property=\"og:image\" content=\"https:\/\/www.yucatanencorto.com\/noticias\/wp-content\/uploads\/2021\/01\/refrendo-vehicular-yucatan.jpg\" \/>\n\t<meta property=\"og:image:width\" content=\"658\" \/>\n\t<meta property=\"og:image:height\" content=\"370\" \/>\n\t<meta property=\"og:image:type\" content=\"image\/jpeg\" \/>\n<meta name=\"author\" content=\"Yucat\u00e1n en Corto FC\" \/>\n<meta name=\"twitter:card\" content=\"summary_large_image\" \/>\n<meta name=\"twitter:creator\" content=\"@yucatanencorto\" \/>\n<meta name=\"twitter:site\" content=\"@yucatanencorto\" \/>\n<meta name=\"twitter:label1\" content=\"Escrito por\" \/>\n\t<meta name=\"twitter:data1\" content=\"Yucat\u00e1n en Corto FC\" \/>\n\t<meta name=\"twitter:label2\" content=\"Tiempo de lectura\" \/>\n\t<meta name=\"twitter:data2\" content=\"2 minutos\" \/>\n<script type=\"application\/ld+json\" class=\"yoast-schema-graph\">{\"@context\":\"https:\\\/\\\/schema.org\",\"@graph\":[{\"@type\":\"Article\",\"@id\":\"https:\\\/\\\/www.yucatanencorto.com\\\/noticias\\\/el-refrendo-vehicular-es-gratuito-y-descuentos-en-reemplacamiento-durante-2021\\\/#article\",\"isPartOf\":{\"@id\":\"https:\\\/\\\/www.yucatanencorto.com\\\/noticias\\\/el-refrendo-vehicular-es-gratuito-y-descuentos-en-reemplacamiento-durante-2021\\\/\"},\"author\":{\"name\":\"Yucat\u00e1n en Corto FC\",\"@id\":\"https:\\\/\\\/www.yucatanencorto.com\\\/noticias\\\/#\\\/schema\\\/person\\\/14f82d355225a1f4075dd84a31f45a72\"},\"headline\":\"El refrendo vehicular es gratuito y descuentos en reemplacamiento durante 2021\",\"datePublished\":\"2021-01-30T17:55:01+00:00\",\"mainEntityOfPage\":{\"@id\":\"https:\\\/\\\/www.yucatanencorto.com\\\/noticias\\\/el-refrendo-vehicular-es-gratuito-y-descuentos-en-reemplacamiento-durante-2021\\\/\"},\"wordCount\":278,\"image\":{\"@id\":\"https:\\\/\\\/www.yucatanencorto.com\\\/noticias\\\/el-refrendo-vehicular-es-gratuito-y-descuentos-en-reemplacamiento-durante-2021\\\/#primaryimage\"},\"thumbnailUrl\":\"https:\\\/\\\/www.yucatanencorto.com\\\/noticias\\\/wp-content\\\/uploads\\\/2021\\\/01\\\/refrendo-vehicular-yucatan.jpg\",\"articleSection\":[\"Yucat\u00e1n\"],\"inLanguage\":\"es\"},{\"@type\":\"WebPage\",\"@id\":\"https:\\\/\\\/www.yucatanencorto.com\\\/noticias\\\/el-refrendo-vehicular-es-gratuito-y-descuentos-en-reemplacamiento-durante-2021\\\/\",\"url\":\"https:\\\/\\\/www.yucatanencorto.com\\\/noticias\\\/el-refrendo-vehicular-es-gratuito-y-descuentos-en-reemplacamiento-durante-2021\\\/\",\"name\":\"El refrendo vehicular es gratuito y descuentos en reemplacamiento durante 2021 - Yucat\u00e1n en corto\",\"isPartOf\":{\"@id\":\"https:\\\/\\\/www.yucatanencorto.com\\\/noticias\\\/#website\"},\"primaryImageOfPage\":{\"@id\":\"https:\\\/\\\/www.yucatanencorto.com\\\/noticias\\\/el-refrendo-vehicular-es-gratuito-y-descuentos-en-reemplacamiento-durante-2021\\\/#primaryimage\"},\"image\":{\"@id\":\"https:\\\/\\\/www.yucatanencorto.com\\\/noticias\\\/el-refrendo-vehicular-es-gratuito-y-descuentos-en-reemplacamiento-durante-2021\\\/#primaryimage\"},\"thumbnailUrl\":\"https:\\\/\\\/www.yucatanencorto.com\\\/noticias\\\/wp-content\\\/uploads\\\/2021\\\/01\\\/refrendo-vehicular-yucatan.jpg\",\"datePublished\":\"2021-01-30T17:55:01+00:00\",\"author\":{\"@id\":\"https:\\\/\\\/www.yucatanencorto.com\\\/noticias\\\/#\\\/schema\\\/person\\\/14f82d355225a1f4075dd84a31f45a72\"},\"breadcrumb\":{\"@id\":\"https:\\\/\\\/www.yucatanencorto.com\\\/noticias\\\/el-refrendo-vehicular-es-gratuito-y-descuentos-en-reemplacamiento-durante-2021\\\/#breadcrumb\"},\"inLanguage\":\"es\",\"potentialAction\":[{\"@type\":\"ReadAction\",\"target\":[\"https:\\\/\\\/www.yucatanencorto.com\\\/noticias\\\/el-refrendo-vehicular-es-gratuito-y-descuentos-en-reemplacamiento-durante-2021\\\/\"]}]},{\"@type\":\"ImageObject\",\"inLanguage\":\"es\",\"@id\":\"https:\\\/\\\/www.yucatanencorto.com\\\/noticias\\\/el-refrendo-vehicular-es-gratuito-y-descuentos-en-reemplacamiento-durante-2021\\\/#primaryimage\",\"url\":\"https:\\\/\\\/www.yucatanencorto.com\\\/noticias\\\/wp-content\\\/uploads\\\/2021\\\/01\\\/refrendo-vehicular-yucatan.jpg\",\"contentUrl\":\"https:\\\/\\\/www.yucatanencorto.com\\\/noticias\\\/wp-content\\\/uploads\\\/2021\\\/01\\\/refrendo-vehicular-yucatan.jpg\",\"width\":658,\"height\":370},{\"@type\":\"BreadcrumbList\",\"@id\":\"https:\\\/\\\/www.yucatanencorto.com\\\/noticias\\\/el-refrendo-vehicular-es-gratuito-y-descuentos-en-reemplacamiento-durante-2021\\\/#breadcrumb\",\"itemListElement\":[{\"@type\":\"ListItem\",\"position\":1,\"name\":\"Portada\",\"item\":\"https:\\\/\\\/www.yucatanencorto.com\\\/noticias\\\/\"},{\"@type\":\"ListItem\",\"position\":2,\"name\":\"El refrendo vehicular es gratuito y descuentos en reemplacamiento durante 2021\"}]},{\"@type\":\"WebSite\",\"@id\":\"https:\\\/\\\/www.yucatanencorto.com\\\/noticias\\\/#website\",\"url\":\"https:\\\/\\\/www.yucatanencorto.com\\\/noticias\\\/\",\"name\":\"Yucat\u00e1n en corto\",\"description\":\"Noticias\",\"potentialAction\":[{\"@type\":\"SearchAction\",\"target\":{\"@type\":\"EntryPoint\",\"urlTemplate\":\"https:\\\/\\\/www.yucatanencorto.com\\\/noticias\\\/?s={search_term_string}\"},\"query-input\":{\"@type\":\"PropertyValueSpecification\",\"valueRequired\":true,\"valueName\":\"search_term_string\"}}],\"inLanguage\":\"es\"},{\"@type\":\"Person\",\"@id\":\"https:\\\/\\\/www.yucatanencorto.com\\\/noticias\\\/#\\\/schema\\\/person\\\/14f82d355225a1f4075dd84a31f45a72\",\"name\":\"Yucat\u00e1n en Corto FC\",\"image\":{\"@type\":\"ImageObject\",\"inLanguage\":\"es\",\"@id\":\"https:\\\/\\\/secure.gravatar.com\\\/avatar\\\/147d4b30cd728c53c29c49a3f7834dedca33707f4cd259761355846009a88250?s=96&d=mm&r=g\",\"url\":\"https:\\\/\\\/secure.gravatar.com\\\/avatar\\\/147d4b30cd728c53c29c49a3f7834dedca33707f4cd259761355846009a88250?s=96&d=mm&r=g\",\"contentUrl\":\"https:\\\/\\\/secure.gravatar.com\\\/avatar\\\/147d4b30cd728c53c29c49a3f7834dedca33707f4cd259761355846009a88250?s=96&d=mm&r=g\",\"caption\":\"Yucat\u00e1n en Corto FC\"},\"url\":\"https:\\\/\\\/www.yucatanencorto.com\\\/noticias\\\/author\\\/flor\\\/\"}]}<\/script>\n<!-- \/ Yoast SEO plugin. -->","yoast_head_json":{"title":"El refrendo vehicular es gratuito y descuentos en reemplacamiento durante 2021 - Yucat\u00e1n en corto","robots":{"index":"index","follow":"follow","max-snippet":"max-snippet:-1","max-image-preview":"max-image-preview:large","max-video-preview":"max-video-preview:-1"},"canonical":"https:\/\/www.yucatanencorto.com\/noticias\/el-refrendo-vehicular-es-gratuito-y-descuentos-en-reemplacamiento-durante-2021\/","og_locale":"es_ES","og_type":"article","og_title":"El refrendo vehicular es gratuito y descuentos en reemplacamiento durante 2021 - Yucat\u00e1n en corto","og_description":"M\u00e9rida, Yucat\u00e1n, 30 de enero de 2021.- El Gobierno del Estado invita a la poblaci\u00f3n a poner al d\u00eda los tr\u00e1mites relacionados con sus veh\u00edculos, con los beneficios que esto tiene por cumplir durante este a\u00f1o, adem\u00e1s de que la actualizaci\u00f3n del padr\u00f3n permite una mayor seguridad en el estado. Por ejemplo, tal como se [&hellip;]","og_url":"https:\/\/www.yucatanencorto.com\/noticias\/el-refrendo-vehicular-es-gratuito-y-descuentos-en-reemplacamiento-durante-2021\/","og_site_name":"Yucat\u00e1n en corto","article_publisher":"http:\/\/www.facebook.com\/yucatanencorto","article_published_time":"2021-01-30T17:55:01+00:00","og_image":[{"width":658,"height":370,"url":"https:\/\/www.yucatanencorto.com\/noticias\/wp-content\/uploads\/2021\/01\/refrendo-vehicular-yucatan.jpg","type":"image\/jpeg"}],"author":"Yucat\u00e1n en Corto FC","twitter_card":"summary_large_image","twitter_creator":"@yucatanencorto","twitter_site":"@yucatanencorto","twitter_misc":{"Escrito por":"Yucat\u00e1n en Corto FC","Tiempo de lectura":"2 minutos"},"schema":{"@context":"https:\/\/schema.org","@graph":[{"@type":"Article","@id":"https:\/\/www.yucatanencorto.com\/noticias\/el-refrendo-vehicular-es-gratuito-y-descuentos-en-reemplacamiento-durante-2021\/#article","isPartOf":{"@id":"https:\/\/www.yucatanencorto.com\/noticias\/el-refrendo-vehicular-es-gratuito-y-descuentos-en-reemplacamiento-durante-2021\/"},"author":{"name":"Yucat\u00e1n en Corto FC","@id":"https:\/\/www.yucatanencorto.com\/noticias\/#\/schema\/person\/14f82d355225a1f4075dd84a31f45a72"},"headline":"El refrendo vehicular es gratuito y descuentos en reemplacamiento durante 2021","datePublished":"2021-01-30T17:55:01+00:00","mainEntityOfPage":{"@id":"https:\/\/www.yucatanencorto.com\/noticias\/el-refrendo-vehicular-es-gratuito-y-descuentos-en-reemplacamiento-durante-2021\/"},"wordCount":278,"image":{"@id":"https:\/\/www.yucatanencorto.com\/noticias\/el-refrendo-vehicular-es-gratuito-y-descuentos-en-reemplacamiento-durante-2021\/#primaryimage"},"thumbnailUrl":"https:\/\/www.yucatanencorto.com\/noticias\/wp-content\/uploads\/2021\/01\/refrendo-vehicular-yucatan.jpg","articleSection":["Yucat\u00e1n"],"inLanguage":"es"},{"@type":"WebPage","@id":"https:\/\/www.yucatanencorto.com\/noticias\/el-refrendo-vehicular-es-gratuito-y-descuentos-en-reemplacamiento-durante-2021\/","url":"https:\/\/www.yucatanencorto.com\/noticias\/el-refrendo-vehicular-es-gratuito-y-descuentos-en-reemplacamiento-durante-2021\/","name":"El refrendo vehicular es gratuito y descuentos en reemplacamiento durante 2021 - Yucat\u00e1n en corto","isPartOf":{"@id":"https:\/\/www.yucatanencorto.com\/noticias\/#website"},"primaryImageOfPage":{"@id":"https:\/\/www.yucatanencorto.com\/noticias\/el-refrendo-vehicular-es-gratuito-y-descuentos-en-reemplacamiento-durante-2021\/#primaryimage"},"image":{"@id":"https:\/\/www.yucatanencorto.com\/noticias\/el-refrendo-vehicular-es-gratuito-y-descuentos-en-reemplacamiento-durante-2021\/#primaryimage"},"thumbnailUrl":"https:\/\/www.yucatanencorto.com\/noticias\/wp-content\/uploads\/2021\/01\/refrendo-vehicular-yucatan.jpg","datePublished":"2021-01-30T17:55:01+00:00","author":{"@id":"https:\/\/www.yucatanencorto.com\/noticias\/#\/schema\/person\/14f82d355225a1f4075dd84a31f45a72"},"breadcrumb":{"@id":"https:\/\/www.yucatanencorto.com\/noticias\/el-refrendo-vehicular-es-gratuito-y-descuentos-en-reemplacamiento-durante-2021\/#breadcrumb"},"inLanguage":"es","potentialAction":[{"@type":"ReadAction","target":["https:\/\/www.yucatanencorto.com\/noticias\/el-refrendo-vehicular-es-gratuito-y-descuentos-en-reemplacamiento-durante-2021\/"]}]},{"@type":"ImageObject","inLanguage":"es","@id":"https:\/\/www.yucatanencorto.com\/noticias\/el-refrendo-vehicular-es-gratuito-y-descuentos-en-reemplacamiento-durante-2021\/#primaryimage","url":"https:\/\/www.yucatanencorto.com\/noticias\/wp-content\/uploads\/2021\/01\/refrendo-vehicular-yucatan.jpg","contentUrl":"https:\/\/www.yucatanencorto.com\/noticias\/wp-content\/uploads\/2021\/01\/refrendo-vehicular-yucatan.jpg","width":658,"height":370},{"@type":"BreadcrumbList","@id":"https:\/\/www.yucatanencorto.com\/noticias\/el-refrendo-vehicular-es-gratuito-y-descuentos-en-reemplacamiento-durante-2021\/#breadcrumb","itemListElement":[{"@type":"ListItem","position":1,"name":"Portada","item":"https:\/\/www.yucatanencorto.com\/noticias\/"},{"@type":"ListItem","position":2,"name":"El refrendo vehicular es gratuito y descuentos en reemplacamiento durante 2021"}]},{"@type":"WebSite","@id":"https:\/\/www.yucatanencorto.com\/noticias\/#website","url":"https:\/\/www.yucatanencorto.com\/noticias\/","name":"Yucat\u00e1n en corto","description":"Noticias","potentialAction":[{"@type":"SearchAction","target":{"@type":"EntryPoint","urlTemplate":"https:\/\/www.yucatanencorto.com\/noticias\/?s={search_term_string}"},"query-input":{"@type":"PropertyValueSpecification","valueRequired":true,"valueName":"search_term_string"}}],"inLanguage":"es"},{"@type":"Person","@id":"https:\/\/www.yucatanencorto.com\/noticias\/#\/schema\/person\/14f82d355225a1f4075dd84a31f45a72","name":"Yucat\u00e1n en Corto FC","image":{"@type":"ImageObject","inLanguage":"es","@id":"https:\/\/secure.gravatar.com\/avatar\/147d4b30cd728c53c29c49a3f7834dedca33707f4cd259761355846009a88250?s=96&d=mm&r=g","url":"https:\/\/secure.gravatar.com\/avatar\/147d4b30cd728c53c29c49a3f7834dedca33707f4cd259761355846009a88250?s=96&d=mm&r=g","contentUrl":"https:\/\/secure.gravatar.com\/avatar\/147d4b30cd728c53c29c49a3f7834dedca33707f4cd259761355846009a88250?s=96&d=mm&r=g","caption":"Yucat\u00e1n en Corto FC"},"url":"https:\/\/www.yucatanencorto.com\/noticias\/author\/flor\/"}]}},"_links":{"self":[{"href":"https:\/\/www.yucatanencorto.com\/noticias\/wp-json\/wp\/v2\/posts\/69819","targetHints":{"allow":["GET"]}}],"collection":[{"href":"https:\/\/www.yucatanencorto.com\/noticias\/wp-json\/wp\/v2\/posts"}],"about":[{"href":"https:\/\/www.yucatanencorto.com\/noticias\/wp-json\/wp\/v2\/types\/post"}],"author":[{"embeddable":true,"href":"https:\/\/www.yucatanencorto.com\/noticias\/wp-json\/wp\/v2\/users\/2"}],"replies":[{"embeddable":true,"href":"https:\/\/www.yucatanencorto.com\/noticias\/wp-json\/wp\/v2\/comments?post=69819"}],"version-history":[{"count":0,"href":"https:\/\/www.yucatanencorto.com\/noticias\/wp-json\/wp\/v2\/posts\/69819\/revisions"}],"wp:featuredmedia":[{"embeddable":true,"href":"https:\/\/www.yucatanencorto.com\/noticias\/wp-json\/wp\/v2\/media\/69820"}],"wp:attachment":[{"href":"https:\/\/www.yucatanencorto.com\/noticias\/wp-json\/wp\/v2\/media?parent=69819"}],"wp:term":[{"taxonomy":"category","embeddable":true,"href":"https:\/\/www.yucatanencorto.com\/noticias\/wp-json\/wp\/v2\/categories?post=69819"},{"taxonomy":"post_tag","embeddable":true,"href":"https:\/\/www.yucatanencorto.com\/noticias\/wp-json\/wp\/v2\/tags?post=69819"}],"curies":[{"name":"wp","href":"https:\/\/api.w.org\/{rel}","templated":true}]}}