{"id":69829,"date":"2021-01-30T16:18:57","date_gmt":"2021-01-30T22:18:57","guid":{"rendered":"https:\/\/www.yucatanencorto.com\/noticias\/?p=69829"},"modified":"2021-01-30T16:18:57","modified_gmt":"2021-01-30T22:18:57","slug":"primeros-dias-de-febrero-con-bajas-temperaturas-y-lluvias-alertan-procivy","status":"publish","type":"post","link":"https:\/\/www.yucatanencorto.com\/noticias\/primeros-dias-de-febrero-con-bajas-temperaturas-y-lluvias-alertan-procivy\/","title":{"rendered":"Primeros d\u00edas de Febrero con bajas temperaturas y lluvias: alertan procivy"},"content":{"rendered":"<div dir=\"auto\" data-removefontsize=\"true\" data-originalcomputedfontsize=\"13\"><img loading=\"lazy\" decoding=\"async\" class=\"alignnone size-full wp-image-69830\" src=\"https:\/\/www.yucatanencorto.com\/noticias\/wp-content\/uploads\/2021\/01\/2BECF417-9429-41DA-8F6B-BE731F9C2268-scaled.jpeg\" alt=\"\" width=\"768\" height=\"768\" srcset=\"https:\/\/www.yucatanencorto.com\/noticias\/wp-content\/uploads\/2021\/01\/2BECF417-9429-41DA-8F6B-BE731F9C2268-scaled.jpeg 768w, https:\/\/www.yucatanencorto.com\/noticias\/wp-content\/uploads\/2021\/01\/2BECF417-9429-41DA-8F6B-BE731F9C2268-696x696.jpeg 696w, https:\/\/www.yucatanencorto.com\/noticias\/wp-content\/uploads\/2021\/01\/2BECF417-9429-41DA-8F6B-BE731F9C2268-420x420.jpeg 420w\" sizes=\"auto, (max-width: 768px) 100vw, 768px\" \/>M\u00e9rida, Yucat\u00e1n, 30 de enero de 2021.- Con el fin de cuidar la salud de la poblaci\u00f3n yucateca, el Gobierno de Mauricio Vila Dosal alerta sobre las bajas temperaturas que se esperan en los primeros d\u00edas del mes de febrero, provocadas por la llegada del frente fr\u00edo n\u00famero 33, e invita a protegerse de ellas.<\/div>\n<div dir=\"auto\"><\/div>\n<div dir=\"auto\" data-removefontsize=\"true\" data-originalcomputedfontsize=\"13\">El Centro Estatal de Monitoreo y Alertamiento de la Coordinaci\u00f3n Estatal de Protecci\u00f3n Civil (Procivy) informa que este nuevo sistema llegar\u00e1 el pr\u00f3ximo lunes 1 de febrero y estar\u00e1 acompa\u00f1ado por una masa de aire fr\u00edo, lo que provocar\u00e1 el descenso de los term\u00f3metros desde el martes 2 y hasta el jueves 4.<\/div>\n<div dir=\"auto\"><\/div>\n<div dir=\"auto\" data-removefontsize=\"true\" data-originalcomputedfontsize=\"13\">La entrada del fen\u00f3meno natural ser\u00e1 por el poniente y originar\u00e1 lluvias de ligeras a moderadas acompa\u00f1adas de viento moderado en todo el territorio, as\u00ed como un incremento en el oleaje de 1.8 a dos metros, por lo que se recomienda estar al pendiente del anuncio de cierre a la navegaci\u00f3n mar\u00edtima emitido por la Capitan\u00eda de Puertos.<\/div>\n<div dir=\"auto\"><\/div>\n<div dir=\"auto\" data-removefontsize=\"true\" data-originalcomputedfontsize=\"13\">El titular de Procivy, Enrique Alcocer Basto, aclar\u00f3 que, a partir de la madrugada del martes, habr\u00e1 temperaturas de 10 a 12 grados en los municipios del cono sur de la entidad; de 10 a 15, en la zona central; de 13 a 15, en la parte norte, y de 15 a 17, en la costa.<\/div>\n<div dir=\"auto\"><\/div>\n<div dir=\"auto\" data-removefontsize=\"true\" data-originalcomputedfontsize=\"13\">Agreg\u00f3 que los vientos ser\u00e1n provenientes del norte y alcanzar\u00e1n de 40 a 50 kil\u00f3metros por hora, en el litoral, y de 30 a 40, en el interior del estado.<\/div>\n<div dir=\"auto\"><\/div>\n<div dir=\"auto\" data-removefontsize=\"true\" data-originalcomputedfontsize=\"13\">Dijo, que estos efectos tendr\u00e1n un comportamiento similar y se sumar\u00e1n a los ocasionados por el reciente paso del frente fr\u00edo n\u00famero 32, cuando los term\u00f3metros oscilaron, conforme a lo pronosticado por la dependencia, entre 12 y 14 grados, con registros de 12.2 en Nohalal, comisar\u00eda de Tekax, y de 13.4 en Chablekal, en el municipio de M\u00e9rida, durante los dos d\u00edas siguientes a su arribo.<\/div>\n<div dir=\"auto\"><\/div>\n<div dir=\"auto\" data-removefontsize=\"true\" data-originalcomputedfontsize=\"13\">El funcionario recomienda a la poblaci\u00f3n abrigarse, sobre todo al ir a dormir por las noches, ya que es durante el amanecer que se registran las temperaturas m\u00ednimas, y as\u00ed prevenir cambios bruscos, particularmente en ni\u00f1as, ni\u00f1os y personas adultas mayores, as\u00ed como evitar encender fogones dentro de las viviendas.<\/div>\n<div dir=\"auto\"><\/div>\n<div dir=\"auto\" data-removefontsize=\"true\" data-originalcomputedfontsize=\"13\">Por \u00faltimo, Alcocer Basto subray\u00f3 que se mantiene coordinaci\u00f3n permanente con las autoridades municipales para actualizar la informaci\u00f3n que se genera sobre las condiciones clim\u00e1ticas, misma que se puede consultar en las redes sociales de Procivy.<\/div>\n","protected":false},"excerpt":{"rendered":"<p>M\u00e9rida, Yucat\u00e1n, 30 de enero de 2021.- Con el fin de cuidar la salud de la poblaci\u00f3n yucateca, el Gobierno de Mauricio Vila Dosal alerta sobre las bajas temperaturas que se esperan en los primeros d\u00edas del mes de febrero, provocadas por la llegada del frente fr\u00edo n\u00famero 33, e invita a protegerse de ellas. [&hellip;]<\/p>\n","protected":false},"author":2,"featured_media":69830,"comment_status":"closed","ping_status":"closed","sticky":false,"template":"","format":"standard","meta":{"footnotes":""},"categories":[3],"tags":[],"class_list":{"0":"post-69829","1":"post","2":"type-post","3":"status-publish","4":"format-standard","5":"has-post-thumbnail","7":"category-yucatan"},"yoast_head":"<!-- This site is optimized with the Yoast SEO plugin v27.4 - https:\/\/yoast.com\/product\/yoast-seo-wordpress\/ -->\n<title>Primeros d\u00edas de Febrero con bajas temperaturas y lluvias: alertan procivy - Yucat\u00e1n en corto<\/title>\n<meta name=\"robots\" content=\"index, follow, max-snippet:-1, max-image-preview:large, max-video-preview:-1\" \/>\n<link rel=\"canonical\" href=\"https:\/\/www.yucatanencorto.com\/noticias\/primeros-dias-de-febrero-con-bajas-temperaturas-y-lluvias-alertan-procivy\/\" \/>\n<meta property=\"og:locale\" content=\"es_ES\" \/>\n<meta property=\"og:type\" content=\"article\" \/>\n<meta property=\"og:title\" content=\"Primeros d\u00edas de Febrero con bajas temperaturas y lluvias: alertan procivy - Yucat\u00e1n en corto\" \/>\n<meta property=\"og:description\" content=\"M\u00e9rida, Yucat\u00e1n, 30 de enero de 2021.- Con el fin de cuidar la salud de la poblaci\u00f3n yucateca, el Gobierno de Mauricio Vila Dosal alerta sobre las bajas temperaturas que se esperan en los primeros d\u00edas del mes de febrero, provocadas por la llegada del frente fr\u00edo n\u00famero 33, e invita a protegerse de ellas. [&hellip;]\" \/>\n<meta property=\"og:url\" content=\"https:\/\/www.yucatanencorto.com\/noticias\/primeros-dias-de-febrero-con-bajas-temperaturas-y-lluvias-alertan-procivy\/\" \/>\n<meta property=\"og:site_name\" content=\"Yucat\u00e1n en corto\" \/>\n<meta property=\"article:publisher\" content=\"http:\/\/www.facebook.com\/yucatanencorto\" \/>\n<meta property=\"article:published_time\" content=\"2021-01-30T22:18:57+00:00\" \/>\n<meta property=\"og:image\" content=\"https:\/\/www.yucatanencorto.com\/noticias\/wp-content\/uploads\/2021\/01\/2BECF417-9429-41DA-8F6B-BE731F9C2268-scaled.jpeg\" \/>\n\t<meta property=\"og:image:width\" content=\"768\" \/>\n\t<meta property=\"og:image:height\" content=\"768\" \/>\n\t<meta property=\"og:image:type\" content=\"image\/jpeg\" \/>\n<meta name=\"author\" content=\"Yucat\u00e1n en Corto FC\" \/>\n<meta name=\"twitter:card\" content=\"summary_large_image\" \/>\n<meta name=\"twitter:creator\" content=\"@yucatanencorto\" \/>\n<meta name=\"twitter:site\" content=\"@yucatanencorto\" \/>\n<meta name=\"twitter:label1\" content=\"Escrito por\" \/>\n\t<meta name=\"twitter:data1\" content=\"Yucat\u00e1n en Corto FC\" \/>\n\t<meta name=\"twitter:label2\" content=\"Tiempo de lectura\" \/>\n\t<meta name=\"twitter:data2\" content=\"2 minutos\" \/>\n<script type=\"application\/ld+json\" class=\"yoast-schema-graph\">{\"@context\":\"https:\\\/\\\/schema.org\",\"@graph\":[{\"@type\":\"Article\",\"@id\":\"https:\\\/\\\/www.yucatanencorto.com\\\/noticias\\\/primeros-dias-de-febrero-con-bajas-temperaturas-y-lluvias-alertan-procivy\\\/#article\",\"isPartOf\":{\"@id\":\"https:\\\/\\\/www.yucatanencorto.com\\\/noticias\\\/primeros-dias-de-febrero-con-bajas-temperaturas-y-lluvias-alertan-procivy\\\/\"},\"author\":{\"name\":\"Yucat\u00e1n en Corto FC\",\"@id\":\"https:\\\/\\\/www.yucatanencorto.com\\\/noticias\\\/#\\\/schema\\\/person\\\/14f82d355225a1f4075dd84a31f45a72\"},\"headline\":\"Primeros d\u00edas de Febrero con bajas temperaturas y lluvias: alertan procivy\",\"datePublished\":\"2021-01-30T22:18:57+00:00\",\"mainEntityOfPage\":{\"@id\":\"https:\\\/\\\/www.yucatanencorto.com\\\/noticias\\\/primeros-dias-de-febrero-con-bajas-temperaturas-y-lluvias-alertan-procivy\\\/\"},\"wordCount\":428,\"image\":{\"@id\":\"https:\\\/\\\/www.yucatanencorto.com\\\/noticias\\\/primeros-dias-de-febrero-con-bajas-temperaturas-y-lluvias-alertan-procivy\\\/#primaryimage\"},\"thumbnailUrl\":\"https:\\\/\\\/www.yucatanencorto.com\\\/noticias\\\/wp-content\\\/uploads\\\/2021\\\/01\\\/2BECF417-9429-41DA-8F6B-BE731F9C2268-scaled.jpeg\",\"articleSection\":[\"Yucat\u00e1n\"],\"inLanguage\":\"es\"},{\"@type\":\"WebPage\",\"@id\":\"https:\\\/\\\/www.yucatanencorto.com\\\/noticias\\\/primeros-dias-de-febrero-con-bajas-temperaturas-y-lluvias-alertan-procivy\\\/\",\"url\":\"https:\\\/\\\/www.yucatanencorto.com\\\/noticias\\\/primeros-dias-de-febrero-con-bajas-temperaturas-y-lluvias-alertan-procivy\\\/\",\"name\":\"Primeros d\u00edas de Febrero con bajas temperaturas y lluvias: alertan procivy - Yucat\u00e1n en corto\",\"isPartOf\":{\"@id\":\"https:\\\/\\\/www.yucatanencorto.com\\\/noticias\\\/#website\"},\"primaryImageOfPage\":{\"@id\":\"https:\\\/\\\/www.yucatanencorto.com\\\/noticias\\\/primeros-dias-de-febrero-con-bajas-temperaturas-y-lluvias-alertan-procivy\\\/#primaryimage\"},\"image\":{\"@id\":\"https:\\\/\\\/www.yucatanencorto.com\\\/noticias\\\/primeros-dias-de-febrero-con-bajas-temperaturas-y-lluvias-alertan-procivy\\\/#primaryimage\"},\"thumbnailUrl\":\"https:\\\/\\\/www.yucatanencorto.com\\\/noticias\\\/wp-content\\\/uploads\\\/2021\\\/01\\\/2BECF417-9429-41DA-8F6B-BE731F9C2268-scaled.jpeg\",\"datePublished\":\"2021-01-30T22:18:57+00:00\",\"author\":{\"@id\":\"https:\\\/\\\/www.yucatanencorto.com\\\/noticias\\\/#\\\/schema\\\/person\\\/14f82d355225a1f4075dd84a31f45a72\"},\"breadcrumb\":{\"@id\":\"https:\\\/\\\/www.yucatanencorto.com\\\/noticias\\\/primeros-dias-de-febrero-con-bajas-temperaturas-y-lluvias-alertan-procivy\\\/#breadcrumb\"},\"inLanguage\":\"es\",\"potentialAction\":[{\"@type\":\"ReadAction\",\"target\":[\"https:\\\/\\\/www.yucatanencorto.com\\\/noticias\\\/primeros-dias-de-febrero-con-bajas-temperaturas-y-lluvias-alertan-procivy\\\/\"]}]},{\"@type\":\"ImageObject\",\"inLanguage\":\"es\",\"@id\":\"https:\\\/\\\/www.yucatanencorto.com\\\/noticias\\\/primeros-dias-de-febrero-con-bajas-temperaturas-y-lluvias-alertan-procivy\\\/#primaryimage\",\"url\":\"https:\\\/\\\/www.yucatanencorto.com\\\/noticias\\\/wp-content\\\/uploads\\\/2021\\\/01\\\/2BECF417-9429-41DA-8F6B-BE731F9C2268-scaled.jpeg\",\"contentUrl\":\"https:\\\/\\\/www.yucatanencorto.com\\\/noticias\\\/wp-content\\\/uploads\\\/2021\\\/01\\\/2BECF417-9429-41DA-8F6B-BE731F9C2268-scaled.jpeg\",\"width\":768,\"height\":768},{\"@type\":\"BreadcrumbList\",\"@id\":\"https:\\\/\\\/www.yucatanencorto.com\\\/noticias\\\/primeros-dias-de-febrero-con-bajas-temperaturas-y-lluvias-alertan-procivy\\\/#breadcrumb\",\"itemListElement\":[{\"@type\":\"ListItem\",\"position\":1,\"name\":\"Portada\",\"item\":\"https:\\\/\\\/www.yucatanencorto.com\\\/noticias\\\/\"},{\"@type\":\"ListItem\",\"position\":2,\"name\":\"Primeros d\u00edas de Febrero con bajas temperaturas y lluvias: alertan procivy\"}]},{\"@type\":\"WebSite\",\"@id\":\"https:\\\/\\\/www.yucatanencorto.com\\\/noticias\\\/#website\",\"url\":\"https:\\\/\\\/www.yucatanencorto.com\\\/noticias\\\/\",\"name\":\"Yucat\u00e1n en corto\",\"description\":\"Noticias\",\"potentialAction\":[{\"@type\":\"SearchAction\",\"target\":{\"@type\":\"EntryPoint\",\"urlTemplate\":\"https:\\\/\\\/www.yucatanencorto.com\\\/noticias\\\/?s={search_term_string}\"},\"query-input\":{\"@type\":\"PropertyValueSpecification\",\"valueRequired\":true,\"valueName\":\"search_term_string\"}}],\"inLanguage\":\"es\"},{\"@type\":\"Person\",\"@id\":\"https:\\\/\\\/www.yucatanencorto.com\\\/noticias\\\/#\\\/schema\\\/person\\\/14f82d355225a1f4075dd84a31f45a72\",\"name\":\"Yucat\u00e1n en Corto FC\",\"image\":{\"@type\":\"ImageObject\",\"inLanguage\":\"es\",\"@id\":\"https:\\\/\\\/secure.gravatar.com\\\/avatar\\\/147d4b30cd728c53c29c49a3f7834dedca33707f4cd259761355846009a88250?s=96&d=mm&r=g\",\"url\":\"https:\\\/\\\/secure.gravatar.com\\\/avatar\\\/147d4b30cd728c53c29c49a3f7834dedca33707f4cd259761355846009a88250?s=96&d=mm&r=g\",\"contentUrl\":\"https:\\\/\\\/secure.gravatar.com\\\/avatar\\\/147d4b30cd728c53c29c49a3f7834dedca33707f4cd259761355846009a88250?s=96&d=mm&r=g\",\"caption\":\"Yucat\u00e1n en Corto FC\"},\"url\":\"https:\\\/\\\/www.yucatanencorto.com\\\/noticias\\\/author\\\/flor\\\/\"}]}<\/script>\n<!-- \/ Yoast SEO plugin. -->","yoast_head_json":{"title":"Primeros d\u00edas de Febrero con bajas temperaturas y lluvias: alertan procivy - Yucat\u00e1n en corto","robots":{"index":"index","follow":"follow","max-snippet":"max-snippet:-1","max-image-preview":"max-image-preview:large","max-video-preview":"max-video-preview:-1"},"canonical":"https:\/\/www.yucatanencorto.com\/noticias\/primeros-dias-de-febrero-con-bajas-temperaturas-y-lluvias-alertan-procivy\/","og_locale":"es_ES","og_type":"article","og_title":"Primeros d\u00edas de Febrero con bajas temperaturas y lluvias: alertan procivy - Yucat\u00e1n en corto","og_description":"M\u00e9rida, Yucat\u00e1n, 30 de enero de 2021.- Con el fin de cuidar la salud de la poblaci\u00f3n yucateca, el Gobierno de Mauricio Vila Dosal alerta sobre las bajas temperaturas que se esperan en los primeros d\u00edas del mes de febrero, provocadas por la llegada del frente fr\u00edo n\u00famero 33, e invita a protegerse de ellas. [&hellip;]","og_url":"https:\/\/www.yucatanencorto.com\/noticias\/primeros-dias-de-febrero-con-bajas-temperaturas-y-lluvias-alertan-procivy\/","og_site_name":"Yucat\u00e1n en corto","article_publisher":"http:\/\/www.facebook.com\/yucatanencorto","article_published_time":"2021-01-30T22:18:57+00:00","og_image":[{"width":768,"height":768,"url":"https:\/\/www.yucatanencorto.com\/noticias\/wp-content\/uploads\/2021\/01\/2BECF417-9429-41DA-8F6B-BE731F9C2268-scaled.jpeg","type":"image\/jpeg"}],"author":"Yucat\u00e1n en Corto FC","twitter_card":"summary_large_image","twitter_creator":"@yucatanencorto","twitter_site":"@yucatanencorto","twitter_misc":{"Escrito por":"Yucat\u00e1n en Corto FC","Tiempo de lectura":"2 minutos"},"schema":{"@context":"https:\/\/schema.org","@graph":[{"@type":"Article","@id":"https:\/\/www.yucatanencorto.com\/noticias\/primeros-dias-de-febrero-con-bajas-temperaturas-y-lluvias-alertan-procivy\/#article","isPartOf":{"@id":"https:\/\/www.yucatanencorto.com\/noticias\/primeros-dias-de-febrero-con-bajas-temperaturas-y-lluvias-alertan-procivy\/"},"author":{"name":"Yucat\u00e1n en Corto FC","@id":"https:\/\/www.yucatanencorto.com\/noticias\/#\/schema\/person\/14f82d355225a1f4075dd84a31f45a72"},"headline":"Primeros d\u00edas de Febrero con bajas temperaturas y lluvias: alertan procivy","datePublished":"2021-01-30T22:18:57+00:00","mainEntityOfPage":{"@id":"https:\/\/www.yucatanencorto.com\/noticias\/primeros-dias-de-febrero-con-bajas-temperaturas-y-lluvias-alertan-procivy\/"},"wordCount":428,"image":{"@id":"https:\/\/www.yucatanencorto.com\/noticias\/primeros-dias-de-febrero-con-bajas-temperaturas-y-lluvias-alertan-procivy\/#primaryimage"},"thumbnailUrl":"https:\/\/www.yucatanencorto.com\/noticias\/wp-content\/uploads\/2021\/01\/2BECF417-9429-41DA-8F6B-BE731F9C2268-scaled.jpeg","articleSection":["Yucat\u00e1n"],"inLanguage":"es"},{"@type":"WebPage","@id":"https:\/\/www.yucatanencorto.com\/noticias\/primeros-dias-de-febrero-con-bajas-temperaturas-y-lluvias-alertan-procivy\/","url":"https:\/\/www.yucatanencorto.com\/noticias\/primeros-dias-de-febrero-con-bajas-temperaturas-y-lluvias-alertan-procivy\/","name":"Primeros d\u00edas de Febrero con bajas temperaturas y lluvias: alertan procivy - Yucat\u00e1n en corto","isPartOf":{"@id":"https:\/\/www.yucatanencorto.com\/noticias\/#website"},"primaryImageOfPage":{"@id":"https:\/\/www.yucatanencorto.com\/noticias\/primeros-dias-de-febrero-con-bajas-temperaturas-y-lluvias-alertan-procivy\/#primaryimage"},"image":{"@id":"https:\/\/www.yucatanencorto.com\/noticias\/primeros-dias-de-febrero-con-bajas-temperaturas-y-lluvias-alertan-procivy\/#primaryimage"},"thumbnailUrl":"https:\/\/www.yucatanencorto.com\/noticias\/wp-content\/uploads\/2021\/01\/2BECF417-9429-41DA-8F6B-BE731F9C2268-scaled.jpeg","datePublished":"2021-01-30T22:18:57+00:00","author":{"@id":"https:\/\/www.yucatanencorto.com\/noticias\/#\/schema\/person\/14f82d355225a1f4075dd84a31f45a72"},"breadcrumb":{"@id":"https:\/\/www.yucatanencorto.com\/noticias\/primeros-dias-de-febrero-con-bajas-temperaturas-y-lluvias-alertan-procivy\/#breadcrumb"},"inLanguage":"es","potentialAction":[{"@type":"ReadAction","target":["https:\/\/www.yucatanencorto.com\/noticias\/primeros-dias-de-febrero-con-bajas-temperaturas-y-lluvias-alertan-procivy\/"]}]},{"@type":"ImageObject","inLanguage":"es","@id":"https:\/\/www.yucatanencorto.com\/noticias\/primeros-dias-de-febrero-con-bajas-temperaturas-y-lluvias-alertan-procivy\/#primaryimage","url":"https:\/\/www.yucatanencorto.com\/noticias\/wp-content\/uploads\/2021\/01\/2BECF417-9429-41DA-8F6B-BE731F9C2268-scaled.jpeg","contentUrl":"https:\/\/www.yucatanencorto.com\/noticias\/wp-content\/uploads\/2021\/01\/2BECF417-9429-41DA-8F6B-BE731F9C2268-scaled.jpeg","width":768,"height":768},{"@type":"BreadcrumbList","@id":"https:\/\/www.yucatanencorto.com\/noticias\/primeros-dias-de-febrero-con-bajas-temperaturas-y-lluvias-alertan-procivy\/#breadcrumb","itemListElement":[{"@type":"ListItem","position":1,"name":"Portada","item":"https:\/\/www.yucatanencorto.com\/noticias\/"},{"@type":"ListItem","position":2,"name":"Primeros d\u00edas de Febrero con bajas temperaturas y lluvias: alertan procivy"}]},{"@type":"WebSite","@id":"https:\/\/www.yucatanencorto.com\/noticias\/#website","url":"https:\/\/www.yucatanencorto.com\/noticias\/","name":"Yucat\u00e1n en corto","description":"Noticias","potentialAction":[{"@type":"SearchAction","target":{"@type":"EntryPoint","urlTemplate":"https:\/\/www.yucatanencorto.com\/noticias\/?s={search_term_string}"},"query-input":{"@type":"PropertyValueSpecification","valueRequired":true,"valueName":"search_term_string"}}],"inLanguage":"es"},{"@type":"Person","@id":"https:\/\/www.yucatanencorto.com\/noticias\/#\/schema\/person\/14f82d355225a1f4075dd84a31f45a72","name":"Yucat\u00e1n en Corto FC","image":{"@type":"ImageObject","inLanguage":"es","@id":"https:\/\/secure.gravatar.com\/avatar\/147d4b30cd728c53c29c49a3f7834dedca33707f4cd259761355846009a88250?s=96&d=mm&r=g","url":"https:\/\/secure.gravatar.com\/avatar\/147d4b30cd728c53c29c49a3f7834dedca33707f4cd259761355846009a88250?s=96&d=mm&r=g","contentUrl":"https:\/\/secure.gravatar.com\/avatar\/147d4b30cd728c53c29c49a3f7834dedca33707f4cd259761355846009a88250?s=96&d=mm&r=g","caption":"Yucat\u00e1n en Corto FC"},"url":"https:\/\/www.yucatanencorto.com\/noticias\/author\/flor\/"}]}},"_links":{"self":[{"href":"https:\/\/www.yucatanencorto.com\/noticias\/wp-json\/wp\/v2\/posts\/69829","targetHints":{"allow":["GET"]}}],"collection":[{"href":"https:\/\/www.yucatanencorto.com\/noticias\/wp-json\/wp\/v2\/posts"}],"about":[{"href":"https:\/\/www.yucatanencorto.com\/noticias\/wp-json\/wp\/v2\/types\/post"}],"author":[{"embeddable":true,"href":"https:\/\/www.yucatanencorto.com\/noticias\/wp-json\/wp\/v2\/users\/2"}],"replies":[{"embeddable":true,"href":"https:\/\/www.yucatanencorto.com\/noticias\/wp-json\/wp\/v2\/comments?post=69829"}],"version-history":[{"count":0,"href":"https:\/\/www.yucatanencorto.com\/noticias\/wp-json\/wp\/v2\/posts\/69829\/revisions"}],"wp:featuredmedia":[{"embeddable":true,"href":"https:\/\/www.yucatanencorto.com\/noticias\/wp-json\/wp\/v2\/media\/69830"}],"wp:attachment":[{"href":"https:\/\/www.yucatanencorto.com\/noticias\/wp-json\/wp\/v2\/media?parent=69829"}],"wp:term":[{"taxonomy":"category","embeddable":true,"href":"https:\/\/www.yucatanencorto.com\/noticias\/wp-json\/wp\/v2\/categories?post=69829"},{"taxonomy":"post_tag","embeddable":true,"href":"https:\/\/www.yucatanencorto.com\/noticias\/wp-json\/wp\/v2\/tags?post=69829"}],"curies":[{"name":"wp","href":"https:\/\/api.w.org\/{rel}","templated":true}]}}