{"id":69874,"date":"2021-02-01T16:37:32","date_gmt":"2021-02-01T22:37:32","guid":{"rendered":"https:\/\/www.yucatanencorto.com\/noticias\/?p=69874"},"modified":"2021-02-01T16:37:32","modified_gmt":"2021-02-01T22:37:32","slug":"convocan-a-ninos-para-ponerle-nombre-al-nuevo-cachorro-de-jaguar-del-centenario","status":"publish","type":"post","link":"https:\/\/www.yucatanencorto.com\/noticias\/convocan-a-ninos-para-ponerle-nombre-al-nuevo-cachorro-de-jaguar-del-centenario\/","title":{"rendered":"Convocan a ni\u00f1os para ponerle nombre al nuevo cachorro de jaguar del centenario"},"content":{"rendered":"<p data-removefontsize=\"true\" data-originalcomputedfontsize=\"13.333333015441895\"><img loading=\"lazy\" decoding=\"async\" class=\"alignnone size-full wp-image-69875\" src=\"https:\/\/www.yucatanencorto.com\/noticias\/wp-content\/uploads\/2021\/02\/0D8287A8-C5CD-4A7C-92A6-673FCC4FF220-scaled.jpeg\" alt=\"\" width=\"768\" height=\"601\" srcset=\"https:\/\/www.yucatanencorto.com\/noticias\/wp-content\/uploads\/2021\/02\/0D8287A8-C5CD-4A7C-92A6-673FCC4FF220-scaled.jpeg 768w, https:\/\/www.yucatanencorto.com\/noticias\/wp-content\/uploads\/2021\/02\/0D8287A8-C5CD-4A7C-92A6-673FCC4FF220-696x544.jpeg 696w, https:\/\/www.yucatanencorto.com\/noticias\/wp-content\/uploads\/2021\/02\/0D8287A8-C5CD-4A7C-92A6-673FCC4FF220-537x420.jpeg 537w\" sizes=\"auto, (max-width: 768px) 100vw, 768px\" \/>M\u00e9rida, 1 de febrero 2021. Las buenas condiciones y cuidados que reciben los animales en el parque zool\u00f3gico del Centenario permiten que a\u00f1o con a\u00f1o nazcan nuevos ejemplares, en algunos casos de especies cuya reproducci\u00f3n en cautiverio es de gran importancia, se\u00f1al\u00f3 el alcalde Ren\u00e1n Barrera Concha.<\/p>\n<p data-removefontsize=\"true\" data-originalcomputedfontsize=\"13.333333015441895\">\u2014Hoy tenemos el gusto de informar el nacimiento de una cr\u00eda de jaguar negro, ejemplar de suma importancia en la regi\u00f3n y el pa\u00eds, ya que adem\u00e1s de considerarse una especie end\u00e9mica actualmente se encuentra en peligro de extinci\u00f3n \u2014dijo.<\/p>\n<p data-removefontsize=\"true\" data-originalcomputedfontsize=\"13.333333015441895\">El Concejal indic\u00f3 que este acontecimiento es fruto de las pol\u00edticas p\u00fablicas municipales enfocadas a la protecci\u00f3n de la fauna y la flora del municipio y tambi\u00e9n permite impulsar actividades de educaci\u00f3n ambiental.<\/p>\n<p data-removefontsize=\"true\" data-originalcomputedfontsize=\"13.333333015441895\">\u2014Estamos muy contentos con esta noticia y vamos a convocar a las ni\u00f1as y ni\u00f1os del municipio para que participen en un concurso para ponerle nombre al nuevo integrante de la familia del Centenario, que luego de los cuidados necesarios como reci\u00e9n nacido, en marzo ya compartir\u00e1 el espacio de los felinos y los visitantes del Centenario podr\u00e1n conocerlo \u2014agreg\u00f3.<\/p>\n<p data-removefontsize=\"true\" data-originalcomputedfontsize=\"13.333333015441895\">En el concurso podr\u00e1n participar ni\u00f1as y ni\u00f1os de 6 a 12 a\u00f1os, enviando sus propuestas a partir de hoy y hasta el 26 de febrero al correo electr\u00f3nico a <a href=\"mailto:luis.sierra@merida.gob.mx\" target=\"_blank\" rel=\"noopener noreferrer\" data-removefontsize=\"true\" data-originalcomputedfontsize=\"13.333333015441895\">luis.sierra@merida.gob.mx<\/a>.<\/p>\n<p data-removefontsize=\"true\" data-originalcomputedfontsize=\"13.333333015441895\">Como parte de la din\u00e1mica del concurso, los menores deber\u00e1n crear una m\u00e1scara con dise\u00f1o de jaguar, la cual se podr\u00e1 realizar con cualquier tipo de material (fomi, cart\u00f3n, papel, etc.). Deber\u00e1n tomarle una foto a este dise\u00f1o con el nombre elegido para el jaguar y adjuntarla en su propuesta.<\/p>\n<p data-removefontsize=\"true\" data-originalcomputedfontsize=\"13.333333015441895\">En el correo deber\u00e1n incluir nombre, tel\u00e9fono y direcci\u00f3n del padre o tutor as\u00ed como el nombre y edad del menor. Los participantes deber\u00e1n residir en colonias o comisar\u00edas del municipio de M\u00e9rida.<\/p>\n<p data-removefontsize=\"true\" data-originalcomputedfontsize=\"13.333333015441895\">Los ganadores se dar\u00e1n a conocer el 1 de marzo a trav\u00e9s de las redes sociales del Ayuntamiento de M\u00e9rida.<\/p>\n<p data-removefontsize=\"true\" data-originalcomputedfontsize=\"13.333333015441895\">El jurado calificador estar\u00e1 integrado por personal del Centenario, Bienestar Social, DIF Municipal y una asociaci\u00f3n civil enfocada a la educaci\u00f3n ambiental. Se tomar\u00e1n en cuenta aspectos como la originalidad, significado de la propuesta y relaci\u00f3n con el contexto cultural de la regi\u00f3n. La decisi\u00f3n del jurado ser\u00e1 inapelable.<\/p>\n<p data-removefontsize=\"true\" data-originalcomputedfontsize=\"13.333333015441895\"><img loading=\"lazy\" decoding=\"async\" class=\"alignnone size-full wp-image-69876\" src=\"https:\/\/www.yucatanencorto.com\/noticias\/wp-content\/uploads\/2021\/02\/42674844-F009-45BA-9C6D-A07FC5FE685E-scaled.jpeg\" alt=\"\" width=\"768\" height=\"512\" srcset=\"https:\/\/www.yucatanencorto.com\/noticias\/wp-content\/uploads\/2021\/02\/42674844-F009-45BA-9C6D-A07FC5FE685E-scaled.jpeg 768w, https:\/\/www.yucatanencorto.com\/noticias\/wp-content\/uploads\/2021\/02\/42674844-F009-45BA-9C6D-A07FC5FE685E-696x464.jpeg 696w, https:\/\/www.yucatanencorto.com\/noticias\/wp-content\/uploads\/2021\/02\/42674844-F009-45BA-9C6D-A07FC5FE685E-1068x712.jpeg 1068w, https:\/\/www.yucatanencorto.com\/noticias\/wp-content\/uploads\/2021\/02\/42674844-F009-45BA-9C6D-A07FC5FE685E-630x420.jpeg 630w\" sizes=\"auto, (max-width: 768px) 100vw, 768px\" \/>Se premiar\u00e1n los tres primeros lugares. Al segundo y tercer lugar se les otorgar\u00e1 reconocimiento de participaci\u00f3n, gorra y material did\u00e1ctico. El primer lugar recibir\u00e1 una visita guiada acompa\u00f1ado de un adulto para conocer al jaguar, reconocimiento de participaci\u00f3n y premio sorpresa.<\/p>\n<p data-removefontsize=\"true\" data-originalcomputedfontsize=\"13.333333015441895\">La cr\u00eda de jaguar negro naci\u00f3 el pasado 1 de diciembre y se suma a los seis ejemplares de jaguar que habitan en el zool\u00f3gico. Es descendiente de Yuma y Fara\u00f3n, una pareja joven de jaguares y se encuentra en buen estado de salud y peso.<\/p>\n<p data-removefontsize=\"true\" data-originalcomputedfontsize=\"13.333333015441895\">Actualmente se encuentra en aislamiento para procurarle todo el cuidado sanitario que requiere para su desarrollo.<\/p>\n<p data-removefontsize=\"true\" data-originalcomputedfontsize=\"13.333333015441895\">Cabe se\u00f1alar que durante el 2020, el Parque Zool\u00f3gico del Centenario registr\u00f3 el nacimiento de 22 ejemplares m\u00e1s, entre los que se encuentran venados temazate, monos ara\u00f1a, venados cola blanca, monos capuchinos, llamas, cebras, serpientes, guacamayas y un hipop\u00f3tamo, entre otros.<\/p>\n","protected":false},"excerpt":{"rendered":"<p>M\u00e9rida, 1 de febrero 2021. Las buenas condiciones y cuidados que reciben los animales en el parque zool\u00f3gico del Centenario permiten que a\u00f1o con a\u00f1o nazcan nuevos ejemplares, en algunos casos de especies cuya reproducci\u00f3n en cautiverio es de gran importancia, se\u00f1al\u00f3 el alcalde Ren\u00e1n Barrera Concha. \u2014Hoy tenemos el gusto de informar el nacimiento [&hellip;]<\/p>\n","protected":false},"author":2,"featured_media":69876,"comment_status":"closed","ping_status":"closed","sticky":false,"template":"","format":"standard","meta":{"footnotes":""},"categories":[2],"tags":[],"class_list":{"0":"post-69874","1":"post","2":"type-post","3":"status-publish","4":"format-standard","5":"has-post-thumbnail","7":"category-merida"},"yoast_head":"<!-- This site is optimized with the Yoast SEO plugin v27.4 - https:\/\/yoast.com\/product\/yoast-seo-wordpress\/ -->\n<title>Convocan a ni\u00f1os para ponerle nombre al nuevo cachorro de jaguar del centenario - Yucat\u00e1n en corto<\/title>\n<meta name=\"robots\" content=\"index, follow, max-snippet:-1, max-image-preview:large, max-video-preview:-1\" \/>\n<link rel=\"canonical\" href=\"https:\/\/www.yucatanencorto.com\/noticias\/convocan-a-ninos-para-ponerle-nombre-al-nuevo-cachorro-de-jaguar-del-centenario\/\" \/>\n<meta property=\"og:locale\" content=\"es_ES\" \/>\n<meta property=\"og:type\" content=\"article\" \/>\n<meta property=\"og:title\" content=\"Convocan a ni\u00f1os para ponerle nombre al nuevo cachorro de jaguar del centenario - Yucat\u00e1n en corto\" \/>\n<meta property=\"og:description\" content=\"M\u00e9rida, 1 de febrero 2021. Las buenas condiciones y cuidados que reciben los animales en el parque zool\u00f3gico del Centenario permiten que a\u00f1o con a\u00f1o nazcan nuevos ejemplares, en algunos casos de especies cuya reproducci\u00f3n en cautiverio es de gran importancia, se\u00f1al\u00f3 el alcalde Ren\u00e1n Barrera Concha. \u2014Hoy tenemos el gusto de informar el nacimiento [&hellip;]\" \/>\n<meta property=\"og:url\" content=\"https:\/\/www.yucatanencorto.com\/noticias\/convocan-a-ninos-para-ponerle-nombre-al-nuevo-cachorro-de-jaguar-del-centenario\/\" \/>\n<meta property=\"og:site_name\" content=\"Yucat\u00e1n en corto\" \/>\n<meta property=\"article:publisher\" content=\"http:\/\/www.facebook.com\/yucatanencorto\" \/>\n<meta property=\"article:published_time\" content=\"2021-02-01T22:37:32+00:00\" \/>\n<meta property=\"og:image\" content=\"https:\/\/www.yucatanencorto.com\/noticias\/wp-content\/uploads\/2021\/02\/42674844-F009-45BA-9C6D-A07FC5FE685E-scaled.jpeg\" \/>\n\t<meta property=\"og:image:width\" content=\"768\" \/>\n\t<meta property=\"og:image:height\" content=\"512\" \/>\n\t<meta property=\"og:image:type\" content=\"image\/jpeg\" \/>\n<meta name=\"author\" content=\"Yucat\u00e1n en Corto FC\" \/>\n<meta name=\"twitter:card\" content=\"summary_large_image\" \/>\n<meta name=\"twitter:creator\" content=\"@yucatanencorto\" \/>\n<meta name=\"twitter:site\" content=\"@yucatanencorto\" \/>\n<meta name=\"twitter:label1\" content=\"Escrito por\" \/>\n\t<meta name=\"twitter:data1\" content=\"Yucat\u00e1n en Corto FC\" \/>\n\t<meta name=\"twitter:label2\" content=\"Tiempo de lectura\" \/>\n\t<meta name=\"twitter:data2\" content=\"3 minutos\" \/>\n<script type=\"application\/ld+json\" class=\"yoast-schema-graph\">{\"@context\":\"https:\\\/\\\/schema.org\",\"@graph\":[{\"@type\":\"Article\",\"@id\":\"https:\\\/\\\/www.yucatanencorto.com\\\/noticias\\\/convocan-a-ninos-para-ponerle-nombre-al-nuevo-cachorro-de-jaguar-del-centenario\\\/#article\",\"isPartOf\":{\"@id\":\"https:\\\/\\\/www.yucatanencorto.com\\\/noticias\\\/convocan-a-ninos-para-ponerle-nombre-al-nuevo-cachorro-de-jaguar-del-centenario\\\/\"},\"author\":{\"name\":\"Yucat\u00e1n en Corto FC\",\"@id\":\"https:\\\/\\\/www.yucatanencorto.com\\\/noticias\\\/#\\\/schema\\\/person\\\/14f82d355225a1f4075dd84a31f45a72\"},\"headline\":\"Convocan a ni\u00f1os para ponerle nombre al nuevo cachorro de jaguar del centenario\",\"datePublished\":\"2021-02-01T22:37:32+00:00\",\"mainEntityOfPage\":{\"@id\":\"https:\\\/\\\/www.yucatanencorto.com\\\/noticias\\\/convocan-a-ninos-para-ponerle-nombre-al-nuevo-cachorro-de-jaguar-del-centenario\\\/\"},\"wordCount\":579,\"image\":{\"@id\":\"https:\\\/\\\/www.yucatanencorto.com\\\/noticias\\\/convocan-a-ninos-para-ponerle-nombre-al-nuevo-cachorro-de-jaguar-del-centenario\\\/#primaryimage\"},\"thumbnailUrl\":\"https:\\\/\\\/www.yucatanencorto.com\\\/noticias\\\/wp-content\\\/uploads\\\/2021\\\/02\\\/42674844-F009-45BA-9C6D-A07FC5FE685E-scaled.jpeg\",\"articleSection\":[\"M\u00e9rida\"],\"inLanguage\":\"es\"},{\"@type\":\"WebPage\",\"@id\":\"https:\\\/\\\/www.yucatanencorto.com\\\/noticias\\\/convocan-a-ninos-para-ponerle-nombre-al-nuevo-cachorro-de-jaguar-del-centenario\\\/\",\"url\":\"https:\\\/\\\/www.yucatanencorto.com\\\/noticias\\\/convocan-a-ninos-para-ponerle-nombre-al-nuevo-cachorro-de-jaguar-del-centenario\\\/\",\"name\":\"Convocan a ni\u00f1os para ponerle nombre al nuevo cachorro de jaguar del centenario - Yucat\u00e1n en corto\",\"isPartOf\":{\"@id\":\"https:\\\/\\\/www.yucatanencorto.com\\\/noticias\\\/#website\"},\"primaryImageOfPage\":{\"@id\":\"https:\\\/\\\/www.yucatanencorto.com\\\/noticias\\\/convocan-a-ninos-para-ponerle-nombre-al-nuevo-cachorro-de-jaguar-del-centenario\\\/#primaryimage\"},\"image\":{\"@id\":\"https:\\\/\\\/www.yucatanencorto.com\\\/noticias\\\/convocan-a-ninos-para-ponerle-nombre-al-nuevo-cachorro-de-jaguar-del-centenario\\\/#primaryimage\"},\"thumbnailUrl\":\"https:\\\/\\\/www.yucatanencorto.com\\\/noticias\\\/wp-content\\\/uploads\\\/2021\\\/02\\\/42674844-F009-45BA-9C6D-A07FC5FE685E-scaled.jpeg\",\"datePublished\":\"2021-02-01T22:37:32+00:00\",\"author\":{\"@id\":\"https:\\\/\\\/www.yucatanencorto.com\\\/noticias\\\/#\\\/schema\\\/person\\\/14f82d355225a1f4075dd84a31f45a72\"},\"breadcrumb\":{\"@id\":\"https:\\\/\\\/www.yucatanencorto.com\\\/noticias\\\/convocan-a-ninos-para-ponerle-nombre-al-nuevo-cachorro-de-jaguar-del-centenario\\\/#breadcrumb\"},\"inLanguage\":\"es\",\"potentialAction\":[{\"@type\":\"ReadAction\",\"target\":[\"https:\\\/\\\/www.yucatanencorto.com\\\/noticias\\\/convocan-a-ninos-para-ponerle-nombre-al-nuevo-cachorro-de-jaguar-del-centenario\\\/\"]}]},{\"@type\":\"ImageObject\",\"inLanguage\":\"es\",\"@id\":\"https:\\\/\\\/www.yucatanencorto.com\\\/noticias\\\/convocan-a-ninos-para-ponerle-nombre-al-nuevo-cachorro-de-jaguar-del-centenario\\\/#primaryimage\",\"url\":\"https:\\\/\\\/www.yucatanencorto.com\\\/noticias\\\/wp-content\\\/uploads\\\/2021\\\/02\\\/42674844-F009-45BA-9C6D-A07FC5FE685E-scaled.jpeg\",\"contentUrl\":\"https:\\\/\\\/www.yucatanencorto.com\\\/noticias\\\/wp-content\\\/uploads\\\/2021\\\/02\\\/42674844-F009-45BA-9C6D-A07FC5FE685E-scaled.jpeg\",\"width\":768,\"height\":512},{\"@type\":\"BreadcrumbList\",\"@id\":\"https:\\\/\\\/www.yucatanencorto.com\\\/noticias\\\/convocan-a-ninos-para-ponerle-nombre-al-nuevo-cachorro-de-jaguar-del-centenario\\\/#breadcrumb\",\"itemListElement\":[{\"@type\":\"ListItem\",\"position\":1,\"name\":\"Portada\",\"item\":\"https:\\\/\\\/www.yucatanencorto.com\\\/noticias\\\/\"},{\"@type\":\"ListItem\",\"position\":2,\"name\":\"Convocan a ni\u00f1os para ponerle nombre al nuevo cachorro de jaguar del centenario\"}]},{\"@type\":\"WebSite\",\"@id\":\"https:\\\/\\\/www.yucatanencorto.com\\\/noticias\\\/#website\",\"url\":\"https:\\\/\\\/www.yucatanencorto.com\\\/noticias\\\/\",\"name\":\"Yucat\u00e1n en corto\",\"description\":\"Noticias\",\"potentialAction\":[{\"@type\":\"SearchAction\",\"target\":{\"@type\":\"EntryPoint\",\"urlTemplate\":\"https:\\\/\\\/www.yucatanencorto.com\\\/noticias\\\/?s={search_term_string}\"},\"query-input\":{\"@type\":\"PropertyValueSpecification\",\"valueRequired\":true,\"valueName\":\"search_term_string\"}}],\"inLanguage\":\"es\"},{\"@type\":\"Person\",\"@id\":\"https:\\\/\\\/www.yucatanencorto.com\\\/noticias\\\/#\\\/schema\\\/person\\\/14f82d355225a1f4075dd84a31f45a72\",\"name\":\"Yucat\u00e1n en Corto FC\",\"image\":{\"@type\":\"ImageObject\",\"inLanguage\":\"es\",\"@id\":\"https:\\\/\\\/secure.gravatar.com\\\/avatar\\\/147d4b30cd728c53c29c49a3f7834dedca33707f4cd259761355846009a88250?s=96&d=mm&r=g\",\"url\":\"https:\\\/\\\/secure.gravatar.com\\\/avatar\\\/147d4b30cd728c53c29c49a3f7834dedca33707f4cd259761355846009a88250?s=96&d=mm&r=g\",\"contentUrl\":\"https:\\\/\\\/secure.gravatar.com\\\/avatar\\\/147d4b30cd728c53c29c49a3f7834dedca33707f4cd259761355846009a88250?s=96&d=mm&r=g\",\"caption\":\"Yucat\u00e1n en Corto FC\"},\"url\":\"https:\\\/\\\/www.yucatanencorto.com\\\/noticias\\\/author\\\/flor\\\/\"}]}<\/script>\n<!-- \/ Yoast SEO plugin. -->","yoast_head_json":{"title":"Convocan a ni\u00f1os para ponerle nombre al nuevo cachorro de jaguar del centenario - Yucat\u00e1n en corto","robots":{"index":"index","follow":"follow","max-snippet":"max-snippet:-1","max-image-preview":"max-image-preview:large","max-video-preview":"max-video-preview:-1"},"canonical":"https:\/\/www.yucatanencorto.com\/noticias\/convocan-a-ninos-para-ponerle-nombre-al-nuevo-cachorro-de-jaguar-del-centenario\/","og_locale":"es_ES","og_type":"article","og_title":"Convocan a ni\u00f1os para ponerle nombre al nuevo cachorro de jaguar del centenario - Yucat\u00e1n en corto","og_description":"M\u00e9rida, 1 de febrero 2021. Las buenas condiciones y cuidados que reciben los animales en el parque zool\u00f3gico del Centenario permiten que a\u00f1o con a\u00f1o nazcan nuevos ejemplares, en algunos casos de especies cuya reproducci\u00f3n en cautiverio es de gran importancia, se\u00f1al\u00f3 el alcalde Ren\u00e1n Barrera Concha. \u2014Hoy tenemos el gusto de informar el nacimiento [&hellip;]","og_url":"https:\/\/www.yucatanencorto.com\/noticias\/convocan-a-ninos-para-ponerle-nombre-al-nuevo-cachorro-de-jaguar-del-centenario\/","og_site_name":"Yucat\u00e1n en corto","article_publisher":"http:\/\/www.facebook.com\/yucatanencorto","article_published_time":"2021-02-01T22:37:32+00:00","og_image":[{"width":768,"height":512,"url":"https:\/\/www.yucatanencorto.com\/noticias\/wp-content\/uploads\/2021\/02\/42674844-F009-45BA-9C6D-A07FC5FE685E-scaled.jpeg","type":"image\/jpeg"}],"author":"Yucat\u00e1n en Corto FC","twitter_card":"summary_large_image","twitter_creator":"@yucatanencorto","twitter_site":"@yucatanencorto","twitter_misc":{"Escrito por":"Yucat\u00e1n en Corto FC","Tiempo de lectura":"3 minutos"},"schema":{"@context":"https:\/\/schema.org","@graph":[{"@type":"Article","@id":"https:\/\/www.yucatanencorto.com\/noticias\/convocan-a-ninos-para-ponerle-nombre-al-nuevo-cachorro-de-jaguar-del-centenario\/#article","isPartOf":{"@id":"https:\/\/www.yucatanencorto.com\/noticias\/convocan-a-ninos-para-ponerle-nombre-al-nuevo-cachorro-de-jaguar-del-centenario\/"},"author":{"name":"Yucat\u00e1n en Corto FC","@id":"https:\/\/www.yucatanencorto.com\/noticias\/#\/schema\/person\/14f82d355225a1f4075dd84a31f45a72"},"headline":"Convocan a ni\u00f1os para ponerle nombre al nuevo cachorro de jaguar del centenario","datePublished":"2021-02-01T22:37:32+00:00","mainEntityOfPage":{"@id":"https:\/\/www.yucatanencorto.com\/noticias\/convocan-a-ninos-para-ponerle-nombre-al-nuevo-cachorro-de-jaguar-del-centenario\/"},"wordCount":579,"image":{"@id":"https:\/\/www.yucatanencorto.com\/noticias\/convocan-a-ninos-para-ponerle-nombre-al-nuevo-cachorro-de-jaguar-del-centenario\/#primaryimage"},"thumbnailUrl":"https:\/\/www.yucatanencorto.com\/noticias\/wp-content\/uploads\/2021\/02\/42674844-F009-45BA-9C6D-A07FC5FE685E-scaled.jpeg","articleSection":["M\u00e9rida"],"inLanguage":"es"},{"@type":"WebPage","@id":"https:\/\/www.yucatanencorto.com\/noticias\/convocan-a-ninos-para-ponerle-nombre-al-nuevo-cachorro-de-jaguar-del-centenario\/","url":"https:\/\/www.yucatanencorto.com\/noticias\/convocan-a-ninos-para-ponerle-nombre-al-nuevo-cachorro-de-jaguar-del-centenario\/","name":"Convocan a ni\u00f1os para ponerle nombre al nuevo cachorro de jaguar del centenario - Yucat\u00e1n en corto","isPartOf":{"@id":"https:\/\/www.yucatanencorto.com\/noticias\/#website"},"primaryImageOfPage":{"@id":"https:\/\/www.yucatanencorto.com\/noticias\/convocan-a-ninos-para-ponerle-nombre-al-nuevo-cachorro-de-jaguar-del-centenario\/#primaryimage"},"image":{"@id":"https:\/\/www.yucatanencorto.com\/noticias\/convocan-a-ninos-para-ponerle-nombre-al-nuevo-cachorro-de-jaguar-del-centenario\/#primaryimage"},"thumbnailUrl":"https:\/\/www.yucatanencorto.com\/noticias\/wp-content\/uploads\/2021\/02\/42674844-F009-45BA-9C6D-A07FC5FE685E-scaled.jpeg","datePublished":"2021-02-01T22:37:32+00:00","author":{"@id":"https:\/\/www.yucatanencorto.com\/noticias\/#\/schema\/person\/14f82d355225a1f4075dd84a31f45a72"},"breadcrumb":{"@id":"https:\/\/www.yucatanencorto.com\/noticias\/convocan-a-ninos-para-ponerle-nombre-al-nuevo-cachorro-de-jaguar-del-centenario\/#breadcrumb"},"inLanguage":"es","potentialAction":[{"@type":"ReadAction","target":["https:\/\/www.yucatanencorto.com\/noticias\/convocan-a-ninos-para-ponerle-nombre-al-nuevo-cachorro-de-jaguar-del-centenario\/"]}]},{"@type":"ImageObject","inLanguage":"es","@id":"https:\/\/www.yucatanencorto.com\/noticias\/convocan-a-ninos-para-ponerle-nombre-al-nuevo-cachorro-de-jaguar-del-centenario\/#primaryimage","url":"https:\/\/www.yucatanencorto.com\/noticias\/wp-content\/uploads\/2021\/02\/42674844-F009-45BA-9C6D-A07FC5FE685E-scaled.jpeg","contentUrl":"https:\/\/www.yucatanencorto.com\/noticias\/wp-content\/uploads\/2021\/02\/42674844-F009-45BA-9C6D-A07FC5FE685E-scaled.jpeg","width":768,"height":512},{"@type":"BreadcrumbList","@id":"https:\/\/www.yucatanencorto.com\/noticias\/convocan-a-ninos-para-ponerle-nombre-al-nuevo-cachorro-de-jaguar-del-centenario\/#breadcrumb","itemListElement":[{"@type":"ListItem","position":1,"name":"Portada","item":"https:\/\/www.yucatanencorto.com\/noticias\/"},{"@type":"ListItem","position":2,"name":"Convocan a ni\u00f1os para ponerle nombre al nuevo cachorro de jaguar del centenario"}]},{"@type":"WebSite","@id":"https:\/\/www.yucatanencorto.com\/noticias\/#website","url":"https:\/\/www.yucatanencorto.com\/noticias\/","name":"Yucat\u00e1n en corto","description":"Noticias","potentialAction":[{"@type":"SearchAction","target":{"@type":"EntryPoint","urlTemplate":"https:\/\/www.yucatanencorto.com\/noticias\/?s={search_term_string}"},"query-input":{"@type":"PropertyValueSpecification","valueRequired":true,"valueName":"search_term_string"}}],"inLanguage":"es"},{"@type":"Person","@id":"https:\/\/www.yucatanencorto.com\/noticias\/#\/schema\/person\/14f82d355225a1f4075dd84a31f45a72","name":"Yucat\u00e1n en Corto FC","image":{"@type":"ImageObject","inLanguage":"es","@id":"https:\/\/secure.gravatar.com\/avatar\/147d4b30cd728c53c29c49a3f7834dedca33707f4cd259761355846009a88250?s=96&d=mm&r=g","url":"https:\/\/secure.gravatar.com\/avatar\/147d4b30cd728c53c29c49a3f7834dedca33707f4cd259761355846009a88250?s=96&d=mm&r=g","contentUrl":"https:\/\/secure.gravatar.com\/avatar\/147d4b30cd728c53c29c49a3f7834dedca33707f4cd259761355846009a88250?s=96&d=mm&r=g","caption":"Yucat\u00e1n en Corto FC"},"url":"https:\/\/www.yucatanencorto.com\/noticias\/author\/flor\/"}]}},"_links":{"self":[{"href":"https:\/\/www.yucatanencorto.com\/noticias\/wp-json\/wp\/v2\/posts\/69874","targetHints":{"allow":["GET"]}}],"collection":[{"href":"https:\/\/www.yucatanencorto.com\/noticias\/wp-json\/wp\/v2\/posts"}],"about":[{"href":"https:\/\/www.yucatanencorto.com\/noticias\/wp-json\/wp\/v2\/types\/post"}],"author":[{"embeddable":true,"href":"https:\/\/www.yucatanencorto.com\/noticias\/wp-json\/wp\/v2\/users\/2"}],"replies":[{"embeddable":true,"href":"https:\/\/www.yucatanencorto.com\/noticias\/wp-json\/wp\/v2\/comments?post=69874"}],"version-history":[{"count":0,"href":"https:\/\/www.yucatanencorto.com\/noticias\/wp-json\/wp\/v2\/posts\/69874\/revisions"}],"wp:featuredmedia":[{"embeddable":true,"href":"https:\/\/www.yucatanencorto.com\/noticias\/wp-json\/wp\/v2\/media\/69876"}],"wp:attachment":[{"href":"https:\/\/www.yucatanencorto.com\/noticias\/wp-json\/wp\/v2\/media?parent=69874"}],"wp:term":[{"taxonomy":"category","embeddable":true,"href":"https:\/\/www.yucatanencorto.com\/noticias\/wp-json\/wp\/v2\/categories?post=69874"},{"taxonomy":"post_tag","embeddable":true,"href":"https:\/\/www.yucatanencorto.com\/noticias\/wp-json\/wp\/v2\/tags?post=69874"}],"curies":[{"name":"wp","href":"https:\/\/api.w.org\/{rel}","templated":true}]}}