{"id":69878,"date":"2021-02-01T16:43:12","date_gmt":"2021-02-01T22:43:12","guid":{"rendered":"https:\/\/www.yucatanencorto.com\/noticias\/?p=69878"},"modified":"2021-02-01T16:43:12","modified_gmt":"2021-02-01T22:43:12","slug":"murio-dustin-diamond-la-estrella-de-la-iconica-serie-salvados-por-la-campana","status":"publish","type":"post","link":"https:\/\/www.yucatanencorto.com\/noticias\/murio-dustin-diamond-la-estrella-de-la-iconica-serie-salvados-por-la-campana\/","title":{"rendered":"Muri\u00f3 Dustin Diamond, la estrella de la ic\u00f3nica serie \u201cSalvados por la campana\u201d"},"content":{"rendered":"<p class=\"paragraph\"><img loading=\"lazy\" decoding=\"async\" class=\"alignnone size-full wp-image-69879\" src=\"https:\/\/www.yucatanencorto.com\/noticias\/wp-content\/uploads\/2021\/02\/E9076418-A204-42FA-B8B6-DB685CD14B7D.png\" alt=\"\" width=\"655\" height=\"368\" \/>Dustin Diamond, conocido por interpretar a Samuel \u201cScreech\u201d Powers en la exitosa comedia \u201cSalvados por la campana\u201d, muri\u00f3 el lunes por la ma\u00f1ana tras pasar un mes internado como consecuencia<b> de un c\u00e1ncer de pulm\u00f3n en etapa cuatro<\/b>.Ten\u00eda 44 a\u00f1os.<\/p>\n<p class=\"paragraph\">Seg\u00fan el portal TMZ, el representante del actor, Roger Paul, inform\u00f3 que <b>\u201csu condici\u00f3n hab\u00eda empeorado enormemente desde la semana pasada, y le retiraron el respirador en un intento de llevarlo a cuidados paliativos\u201d.<\/b><\/p>\n<p class=\"paragraph\">Asimismo el citado medio se\u00f1al\u00f3 que la novia del actor \u201cestaba a su lado cuando falleci\u00f3\u201d.<\/p>\n<p class=\"paragraph\">Nos entristece confirmar el fallecimiento de Dustin Diamond debido a un carcinoma. Fue diagnosticado con este implacable de c\u00e1ncer maligno hace solo tres semanas. En ese tiempo, logr\u00f3 extenderse r\u00e1pidamente por todo su sistema. Dustin no sufri\u00f3. No tuvo que estar sumergido en dolor. Por eso, estamos agradecidos\u201d, dijo el vocero del actor en un comunicado a la revista a <i>People<\/i>.<\/p>\n<div class=\"inline | ad-wrapper display_flex align_items_center width_full justify_center\">\n<div class=\"dfpAd   \n            display_inline_block ad_margin_wrapper text--center\"><\/p>\n<div id=\"america\/entretenimiento\/nota\/inline\" class=\"america\/entretenimiento\/nota\/inline arcad\" data-google-query-id=\"CKrxqNTgye4CFcHw4QodGI4JzQ\">\n<div id=\"google_ads_iframe_\/1058609\/america\/entretenimiento\/nota\/inline_0__container__\"><iframe id=\"google_ads_iframe_\/1058609\/america\/entretenimiento\/nota\/inline_0\" title=\"3rd party ad content\" name=\"google_ads_iframe_\/1058609\/america\/entretenimiento\/nota\/inline_0\" width=\"1\" height=\"1\" frameborder=\"0\" marginwidth=\"0\" marginheight=\"0\" scrolling=\"no\" data-google-container-id=\"4\" data-load-complete=\"true\" data-mce-fragment=\"1\"><\/iframe><\/div>\n<\/div>\n<\/div>\n<\/div>\n<p class=\"paragraph\">A mediados de enero se dio a conocer que el actor hab\u00eda sido internado en un hospital de Florida a la espera de diagn\u00f3stico, el cual se inform\u00f3 que ten\u00eda c\u00e1ncer de pulm\u00f3n en fase 4.<\/p>\n<p class=\"paragraph\">El representante de Diamond hab\u00eda informado que el int\u00e9rprete se encontraba recibiendo tratamiento, incluyendo sesiones de quimioterapia, y que la situaci\u00f3n era grave.<\/p>\n<p><b>Mario Lopez<\/b>, uno de sus compa\u00f1eros de reparto en la serie, le dijo adi\u00f3s en un mensaje publicado en Twitter: \u201c<b>Dustin, te extra\u00f1aremos hombre. La fragilidad de la vida es algo que nunca debemos dar por sentado\u201d. <\/b>Otro actor de la comedia,<b> Mark-Paul Gosselaar<\/b>, calific\u00f3 a Diamond \u201cun verdadero genio de la comedia\u201d.<\/p>\n<p class=\"paragraph\">Diamond comenz\u00f3 su carrera con peque\u00f1os papeles en la pel\u00edcula para televisi\u00f3n \u201cYogi\u2019s Great Escape\u201d y un episodio de \u201cIt\u2019s a Living\u201d en 1987. Un a\u00f1o despu\u00e9s asumi\u00f3 el papel que lo har\u00eda conocido. En \u201cGood Morning, Miss Bliss\u201d, interpret\u00f3 a Screech durante 13 episodios. <b>El programa se convertir\u00eda en la base de \u201cSaved by the Bell\u201d<\/b>, en el que Diamond actu\u00f3<b>\u00a0<\/b>por cuatro temporadas hasta 1993 y despu\u00e9s se uni\u00f3 al spin off de \u201cSalvados por la campana: Los a\u00f1os universitarios\u201d. El a\u00f1o pasado se estren\u00f3 una secuela con muchos de los actores del elenco original, incluidos Elizabeth Berkley, Mario Lopez, Tiffani Thiessen y Mark-Paul Gosselaar, pero no Diamond.<\/p>\n<div class=\"Ad_3 | ad-wrapper display_flex align_items_center width_full justify_center\">\n<div class=\"\"><\/div>\n<\/div>\n<p class=\"paragraph\">No obstante, <b>todo cambi\u00f3 para el actor tras este \u00e9xito y se volvi\u00f3 un personaje muy pol\u00e9mico dentro de la industria del entretenimiento<\/b>. Aunque tuvo algunas apariciones en televisi\u00f3n, de lo que m\u00e1s se habl\u00f3 fue de su participaci\u00f3n en un video porno, en 2006, con el que busc\u00f3 relanzar su carrera. \u00c9l mismo lo dirigi\u00f3, pero en una entrevista admiti\u00f3 que no era \u00e9l durante las escenas m\u00e1s expl\u00edcitas, sino un doble.<\/p>\n<p class=\"paragraph\">En 2009 el actor public\u00f3 \u201cBehind the Bell\u201d, la historia del elenco del show, en el que describi\u00f3 a varios de los actores de manera negativa. En 2013<b>Diamond admiti\u00f3 que el libro fue realizado por un escritor fantasma<\/b>, quien lo entrevist\u00f3 y compil\u00f3 el libro a partir de sus respuestas. Por esta misma raz\u00f3n muchas partes del libro fueron inventadas a partir de declaraciones que hizo.<\/p>\n<div class=\"Ad_4 | ad-wrapper display_flex align_items_center width_full justify_center\">\n<div class=\"\"><\/div>\n<\/div>\n<p class=\"paragraph\">A finales del 2014 Diamond fue <b>arrestado en Wisconsin por posesi\u00f3n de una navaja autom\u00e1tica, que presuntamente sac\u00f3 durante un altercado en un bar en el que un hombre fue apu\u00f1alado<\/b>. Amanda Schutz, su prometida, quien tambi\u00e9n enfrent\u00f3 un cargo de alteraci\u00f3n del orden p\u00fablico en relaci\u00f3n con el incidente, fue declarada culpable y multada con USD 500.<\/p>\n<p class=\"paragraph\">El 29 de mayo de 2015, el int\u00e9rprete <b>fue condenado por dos delitos menores:<\/b> portar un arma y alteraci\u00f3n del orden p\u00fablico. Un mes despu\u00e9s fue condenado a cuatro meses de prisi\u00f3n; de estos solamente cumpli\u00f3 tres meses y fue puesto en libertad condicional.<\/p>\n","protected":false},"excerpt":{"rendered":"<p>Dustin Diamond, conocido por interpretar a Samuel \u201cScreech\u201d Powers en la exitosa comedia \u201cSalvados por la campana\u201d, muri\u00f3 el lunes por la ma\u00f1ana tras pasar un mes internado como consecuencia de un c\u00e1ncer de pulm\u00f3n en etapa cuatro.Ten\u00eda 44 a\u00f1os. Seg\u00fan el portal TMZ, el representante del actor, Roger Paul, inform\u00f3 que \u201csu condici\u00f3n hab\u00eda [&hellip;]<\/p>\n","protected":false},"author":2,"featured_media":69879,"comment_status":"closed","ping_status":"closed","sticky":false,"template":"","format":"standard","meta":{"footnotes":""},"categories":[9],"tags":[],"class_list":{"0":"post-69878","1":"post","2":"type-post","3":"status-publish","4":"format-standard","5":"has-post-thumbnail","7":"category-sociedad-y-espectaculos"},"yoast_head":"<!-- This site is optimized with the Yoast SEO plugin v27.4 - https:\/\/yoast.com\/product\/yoast-seo-wordpress\/ -->\n<title>Muri\u00f3 Dustin Diamond, la estrella de la ic\u00f3nica serie \u201cSalvados por la campana\u201d - Yucat\u00e1n en corto<\/title>\n<meta name=\"robots\" content=\"index, follow, max-snippet:-1, max-image-preview:large, max-video-preview:-1\" \/>\n<link rel=\"canonical\" href=\"https:\/\/www.yucatanencorto.com\/noticias\/murio-dustin-diamond-la-estrella-de-la-iconica-serie-salvados-por-la-campana\/\" \/>\n<meta property=\"og:locale\" content=\"es_ES\" \/>\n<meta property=\"og:type\" content=\"article\" \/>\n<meta property=\"og:title\" content=\"Muri\u00f3 Dustin Diamond, la estrella de la ic\u00f3nica serie \u201cSalvados por la campana\u201d - Yucat\u00e1n en corto\" \/>\n<meta property=\"og:description\" content=\"Dustin Diamond, conocido por interpretar a Samuel \u201cScreech\u201d Powers en la exitosa comedia \u201cSalvados por la campana\u201d, muri\u00f3 el lunes por la ma\u00f1ana tras pasar un mes internado como consecuencia de un c\u00e1ncer de pulm\u00f3n en etapa cuatro.Ten\u00eda 44 a\u00f1os. Seg\u00fan el portal TMZ, el representante del actor, Roger Paul, inform\u00f3 que \u201csu condici\u00f3n hab\u00eda [&hellip;]\" \/>\n<meta property=\"og:url\" content=\"https:\/\/www.yucatanencorto.com\/noticias\/murio-dustin-diamond-la-estrella-de-la-iconica-serie-salvados-por-la-campana\/\" \/>\n<meta property=\"og:site_name\" content=\"Yucat\u00e1n en corto\" \/>\n<meta property=\"article:publisher\" content=\"http:\/\/www.facebook.com\/yucatanencorto\" \/>\n<meta property=\"article:published_time\" content=\"2021-02-01T22:43:12+00:00\" \/>\n<meta property=\"og:image\" content=\"https:\/\/www.yucatanencorto.com\/noticias\/wp-content\/uploads\/2021\/02\/E9076418-A204-42FA-B8B6-DB685CD14B7D.png\" \/>\n\t<meta property=\"og:image:width\" content=\"655\" \/>\n\t<meta property=\"og:image:height\" content=\"368\" \/>\n\t<meta property=\"og:image:type\" content=\"image\/png\" \/>\n<meta name=\"author\" content=\"Yucat\u00e1n en Corto FC\" \/>\n<meta name=\"twitter:card\" content=\"summary_large_image\" \/>\n<meta name=\"twitter:creator\" content=\"@yucatanencorto\" \/>\n<meta name=\"twitter:site\" content=\"@yucatanencorto\" \/>\n<meta name=\"twitter:label1\" content=\"Escrito por\" \/>\n\t<meta name=\"twitter:data1\" content=\"Yucat\u00e1n en Corto FC\" \/>\n\t<meta name=\"twitter:label2\" content=\"Tiempo de lectura\" \/>\n\t<meta name=\"twitter:data2\" content=\"3 minutos\" \/>\n<script type=\"application\/ld+json\" class=\"yoast-schema-graph\">{\"@context\":\"https:\\\/\\\/schema.org\",\"@graph\":[{\"@type\":\"Article\",\"@id\":\"https:\\\/\\\/www.yucatanencorto.com\\\/noticias\\\/murio-dustin-diamond-la-estrella-de-la-iconica-serie-salvados-por-la-campana\\\/#article\",\"isPartOf\":{\"@id\":\"https:\\\/\\\/www.yucatanencorto.com\\\/noticias\\\/murio-dustin-diamond-la-estrella-de-la-iconica-serie-salvados-por-la-campana\\\/\"},\"author\":{\"name\":\"Yucat\u00e1n en Corto FC\",\"@id\":\"https:\\\/\\\/www.yucatanencorto.com\\\/noticias\\\/#\\\/schema\\\/person\\\/14f82d355225a1f4075dd84a31f45a72\"},\"headline\":\"Muri\u00f3 Dustin Diamond, la estrella de la ic\u00f3nica serie \u201cSalvados por la campana\u201d\",\"datePublished\":\"2021-02-01T22:43:12+00:00\",\"mainEntityOfPage\":{\"@id\":\"https:\\\/\\\/www.yucatanencorto.com\\\/noticias\\\/murio-dustin-diamond-la-estrella-de-la-iconica-serie-salvados-por-la-campana\\\/\"},\"wordCount\":671,\"image\":{\"@id\":\"https:\\\/\\\/www.yucatanencorto.com\\\/noticias\\\/murio-dustin-diamond-la-estrella-de-la-iconica-serie-salvados-por-la-campana\\\/#primaryimage\"},\"thumbnailUrl\":\"https:\\\/\\\/www.yucatanencorto.com\\\/noticias\\\/wp-content\\\/uploads\\\/2021\\\/02\\\/E9076418-A204-42FA-B8B6-DB685CD14B7D.png\",\"articleSection\":[\"Sociedad y Espect\u00e1culos\"],\"inLanguage\":\"es\"},{\"@type\":\"WebPage\",\"@id\":\"https:\\\/\\\/www.yucatanencorto.com\\\/noticias\\\/murio-dustin-diamond-la-estrella-de-la-iconica-serie-salvados-por-la-campana\\\/\",\"url\":\"https:\\\/\\\/www.yucatanencorto.com\\\/noticias\\\/murio-dustin-diamond-la-estrella-de-la-iconica-serie-salvados-por-la-campana\\\/\",\"name\":\"Muri\u00f3 Dustin Diamond, la estrella de la ic\u00f3nica serie \u201cSalvados por la campana\u201d - Yucat\u00e1n en corto\",\"isPartOf\":{\"@id\":\"https:\\\/\\\/www.yucatanencorto.com\\\/noticias\\\/#website\"},\"primaryImageOfPage\":{\"@id\":\"https:\\\/\\\/www.yucatanencorto.com\\\/noticias\\\/murio-dustin-diamond-la-estrella-de-la-iconica-serie-salvados-por-la-campana\\\/#primaryimage\"},\"image\":{\"@id\":\"https:\\\/\\\/www.yucatanencorto.com\\\/noticias\\\/murio-dustin-diamond-la-estrella-de-la-iconica-serie-salvados-por-la-campana\\\/#primaryimage\"},\"thumbnailUrl\":\"https:\\\/\\\/www.yucatanencorto.com\\\/noticias\\\/wp-content\\\/uploads\\\/2021\\\/02\\\/E9076418-A204-42FA-B8B6-DB685CD14B7D.png\",\"datePublished\":\"2021-02-01T22:43:12+00:00\",\"author\":{\"@id\":\"https:\\\/\\\/www.yucatanencorto.com\\\/noticias\\\/#\\\/schema\\\/person\\\/14f82d355225a1f4075dd84a31f45a72\"},\"breadcrumb\":{\"@id\":\"https:\\\/\\\/www.yucatanencorto.com\\\/noticias\\\/murio-dustin-diamond-la-estrella-de-la-iconica-serie-salvados-por-la-campana\\\/#breadcrumb\"},\"inLanguage\":\"es\",\"potentialAction\":[{\"@type\":\"ReadAction\",\"target\":[\"https:\\\/\\\/www.yucatanencorto.com\\\/noticias\\\/murio-dustin-diamond-la-estrella-de-la-iconica-serie-salvados-por-la-campana\\\/\"]}]},{\"@type\":\"ImageObject\",\"inLanguage\":\"es\",\"@id\":\"https:\\\/\\\/www.yucatanencorto.com\\\/noticias\\\/murio-dustin-diamond-la-estrella-de-la-iconica-serie-salvados-por-la-campana\\\/#primaryimage\",\"url\":\"https:\\\/\\\/www.yucatanencorto.com\\\/noticias\\\/wp-content\\\/uploads\\\/2021\\\/02\\\/E9076418-A204-42FA-B8B6-DB685CD14B7D.png\",\"contentUrl\":\"https:\\\/\\\/www.yucatanencorto.com\\\/noticias\\\/wp-content\\\/uploads\\\/2021\\\/02\\\/E9076418-A204-42FA-B8B6-DB685CD14B7D.png\",\"width\":655,\"height\":368},{\"@type\":\"BreadcrumbList\",\"@id\":\"https:\\\/\\\/www.yucatanencorto.com\\\/noticias\\\/murio-dustin-diamond-la-estrella-de-la-iconica-serie-salvados-por-la-campana\\\/#breadcrumb\",\"itemListElement\":[{\"@type\":\"ListItem\",\"position\":1,\"name\":\"Portada\",\"item\":\"https:\\\/\\\/www.yucatanencorto.com\\\/noticias\\\/\"},{\"@type\":\"ListItem\",\"position\":2,\"name\":\"Muri\u00f3 Dustin Diamond, la estrella de la ic\u00f3nica serie \u201cSalvados por la campana\u201d\"}]},{\"@type\":\"WebSite\",\"@id\":\"https:\\\/\\\/www.yucatanencorto.com\\\/noticias\\\/#website\",\"url\":\"https:\\\/\\\/www.yucatanencorto.com\\\/noticias\\\/\",\"name\":\"Yucat\u00e1n en corto\",\"description\":\"Noticias\",\"potentialAction\":[{\"@type\":\"SearchAction\",\"target\":{\"@type\":\"EntryPoint\",\"urlTemplate\":\"https:\\\/\\\/www.yucatanencorto.com\\\/noticias\\\/?s={search_term_string}\"},\"query-input\":{\"@type\":\"PropertyValueSpecification\",\"valueRequired\":true,\"valueName\":\"search_term_string\"}}],\"inLanguage\":\"es\"},{\"@type\":\"Person\",\"@id\":\"https:\\\/\\\/www.yucatanencorto.com\\\/noticias\\\/#\\\/schema\\\/person\\\/14f82d355225a1f4075dd84a31f45a72\",\"name\":\"Yucat\u00e1n en Corto FC\",\"image\":{\"@type\":\"ImageObject\",\"inLanguage\":\"es\",\"@id\":\"https:\\\/\\\/secure.gravatar.com\\\/avatar\\\/147d4b30cd728c53c29c49a3f7834dedca33707f4cd259761355846009a88250?s=96&d=mm&r=g\",\"url\":\"https:\\\/\\\/secure.gravatar.com\\\/avatar\\\/147d4b30cd728c53c29c49a3f7834dedca33707f4cd259761355846009a88250?s=96&d=mm&r=g\",\"contentUrl\":\"https:\\\/\\\/secure.gravatar.com\\\/avatar\\\/147d4b30cd728c53c29c49a3f7834dedca33707f4cd259761355846009a88250?s=96&d=mm&r=g\",\"caption\":\"Yucat\u00e1n en Corto FC\"},\"url\":\"https:\\\/\\\/www.yucatanencorto.com\\\/noticias\\\/author\\\/flor\\\/\"}]}<\/script>\n<!-- \/ Yoast SEO plugin. -->","yoast_head_json":{"title":"Muri\u00f3 Dustin Diamond, la estrella de la ic\u00f3nica serie \u201cSalvados por la campana\u201d - Yucat\u00e1n en corto","robots":{"index":"index","follow":"follow","max-snippet":"max-snippet:-1","max-image-preview":"max-image-preview:large","max-video-preview":"max-video-preview:-1"},"canonical":"https:\/\/www.yucatanencorto.com\/noticias\/murio-dustin-diamond-la-estrella-de-la-iconica-serie-salvados-por-la-campana\/","og_locale":"es_ES","og_type":"article","og_title":"Muri\u00f3 Dustin Diamond, la estrella de la ic\u00f3nica serie \u201cSalvados por la campana\u201d - Yucat\u00e1n en corto","og_description":"Dustin Diamond, conocido por interpretar a Samuel \u201cScreech\u201d Powers en la exitosa comedia \u201cSalvados por la campana\u201d, muri\u00f3 el lunes por la ma\u00f1ana tras pasar un mes internado como consecuencia de un c\u00e1ncer de pulm\u00f3n en etapa cuatro.Ten\u00eda 44 a\u00f1os. Seg\u00fan el portal TMZ, el representante del actor, Roger Paul, inform\u00f3 que \u201csu condici\u00f3n hab\u00eda [&hellip;]","og_url":"https:\/\/www.yucatanencorto.com\/noticias\/murio-dustin-diamond-la-estrella-de-la-iconica-serie-salvados-por-la-campana\/","og_site_name":"Yucat\u00e1n en corto","article_publisher":"http:\/\/www.facebook.com\/yucatanencorto","article_published_time":"2021-02-01T22:43:12+00:00","og_image":[{"width":655,"height":368,"url":"https:\/\/www.yucatanencorto.com\/noticias\/wp-content\/uploads\/2021\/02\/E9076418-A204-42FA-B8B6-DB685CD14B7D.png","type":"image\/png"}],"author":"Yucat\u00e1n en Corto FC","twitter_card":"summary_large_image","twitter_creator":"@yucatanencorto","twitter_site":"@yucatanencorto","twitter_misc":{"Escrito por":"Yucat\u00e1n en Corto FC","Tiempo de lectura":"3 minutos"},"schema":{"@context":"https:\/\/schema.org","@graph":[{"@type":"Article","@id":"https:\/\/www.yucatanencorto.com\/noticias\/murio-dustin-diamond-la-estrella-de-la-iconica-serie-salvados-por-la-campana\/#article","isPartOf":{"@id":"https:\/\/www.yucatanencorto.com\/noticias\/murio-dustin-diamond-la-estrella-de-la-iconica-serie-salvados-por-la-campana\/"},"author":{"name":"Yucat\u00e1n en Corto FC","@id":"https:\/\/www.yucatanencorto.com\/noticias\/#\/schema\/person\/14f82d355225a1f4075dd84a31f45a72"},"headline":"Muri\u00f3 Dustin Diamond, la estrella de la ic\u00f3nica serie \u201cSalvados por la campana\u201d","datePublished":"2021-02-01T22:43:12+00:00","mainEntityOfPage":{"@id":"https:\/\/www.yucatanencorto.com\/noticias\/murio-dustin-diamond-la-estrella-de-la-iconica-serie-salvados-por-la-campana\/"},"wordCount":671,"image":{"@id":"https:\/\/www.yucatanencorto.com\/noticias\/murio-dustin-diamond-la-estrella-de-la-iconica-serie-salvados-por-la-campana\/#primaryimage"},"thumbnailUrl":"https:\/\/www.yucatanencorto.com\/noticias\/wp-content\/uploads\/2021\/02\/E9076418-A204-42FA-B8B6-DB685CD14B7D.png","articleSection":["Sociedad y Espect\u00e1culos"],"inLanguage":"es"},{"@type":"WebPage","@id":"https:\/\/www.yucatanencorto.com\/noticias\/murio-dustin-diamond-la-estrella-de-la-iconica-serie-salvados-por-la-campana\/","url":"https:\/\/www.yucatanencorto.com\/noticias\/murio-dustin-diamond-la-estrella-de-la-iconica-serie-salvados-por-la-campana\/","name":"Muri\u00f3 Dustin Diamond, la estrella de la ic\u00f3nica serie \u201cSalvados por la campana\u201d - Yucat\u00e1n en corto","isPartOf":{"@id":"https:\/\/www.yucatanencorto.com\/noticias\/#website"},"primaryImageOfPage":{"@id":"https:\/\/www.yucatanencorto.com\/noticias\/murio-dustin-diamond-la-estrella-de-la-iconica-serie-salvados-por-la-campana\/#primaryimage"},"image":{"@id":"https:\/\/www.yucatanencorto.com\/noticias\/murio-dustin-diamond-la-estrella-de-la-iconica-serie-salvados-por-la-campana\/#primaryimage"},"thumbnailUrl":"https:\/\/www.yucatanencorto.com\/noticias\/wp-content\/uploads\/2021\/02\/E9076418-A204-42FA-B8B6-DB685CD14B7D.png","datePublished":"2021-02-01T22:43:12+00:00","author":{"@id":"https:\/\/www.yucatanencorto.com\/noticias\/#\/schema\/person\/14f82d355225a1f4075dd84a31f45a72"},"breadcrumb":{"@id":"https:\/\/www.yucatanencorto.com\/noticias\/murio-dustin-diamond-la-estrella-de-la-iconica-serie-salvados-por-la-campana\/#breadcrumb"},"inLanguage":"es","potentialAction":[{"@type":"ReadAction","target":["https:\/\/www.yucatanencorto.com\/noticias\/murio-dustin-diamond-la-estrella-de-la-iconica-serie-salvados-por-la-campana\/"]}]},{"@type":"ImageObject","inLanguage":"es","@id":"https:\/\/www.yucatanencorto.com\/noticias\/murio-dustin-diamond-la-estrella-de-la-iconica-serie-salvados-por-la-campana\/#primaryimage","url":"https:\/\/www.yucatanencorto.com\/noticias\/wp-content\/uploads\/2021\/02\/E9076418-A204-42FA-B8B6-DB685CD14B7D.png","contentUrl":"https:\/\/www.yucatanencorto.com\/noticias\/wp-content\/uploads\/2021\/02\/E9076418-A204-42FA-B8B6-DB685CD14B7D.png","width":655,"height":368},{"@type":"BreadcrumbList","@id":"https:\/\/www.yucatanencorto.com\/noticias\/murio-dustin-diamond-la-estrella-de-la-iconica-serie-salvados-por-la-campana\/#breadcrumb","itemListElement":[{"@type":"ListItem","position":1,"name":"Portada","item":"https:\/\/www.yucatanencorto.com\/noticias\/"},{"@type":"ListItem","position":2,"name":"Muri\u00f3 Dustin Diamond, la estrella de la ic\u00f3nica serie \u201cSalvados por la campana\u201d"}]},{"@type":"WebSite","@id":"https:\/\/www.yucatanencorto.com\/noticias\/#website","url":"https:\/\/www.yucatanencorto.com\/noticias\/","name":"Yucat\u00e1n en corto","description":"Noticias","potentialAction":[{"@type":"SearchAction","target":{"@type":"EntryPoint","urlTemplate":"https:\/\/www.yucatanencorto.com\/noticias\/?s={search_term_string}"},"query-input":{"@type":"PropertyValueSpecification","valueRequired":true,"valueName":"search_term_string"}}],"inLanguage":"es"},{"@type":"Person","@id":"https:\/\/www.yucatanencorto.com\/noticias\/#\/schema\/person\/14f82d355225a1f4075dd84a31f45a72","name":"Yucat\u00e1n en Corto FC","image":{"@type":"ImageObject","inLanguage":"es","@id":"https:\/\/secure.gravatar.com\/avatar\/147d4b30cd728c53c29c49a3f7834dedca33707f4cd259761355846009a88250?s=96&d=mm&r=g","url":"https:\/\/secure.gravatar.com\/avatar\/147d4b30cd728c53c29c49a3f7834dedca33707f4cd259761355846009a88250?s=96&d=mm&r=g","contentUrl":"https:\/\/secure.gravatar.com\/avatar\/147d4b30cd728c53c29c49a3f7834dedca33707f4cd259761355846009a88250?s=96&d=mm&r=g","caption":"Yucat\u00e1n en Corto FC"},"url":"https:\/\/www.yucatanencorto.com\/noticias\/author\/flor\/"}]}},"_links":{"self":[{"href":"https:\/\/www.yucatanencorto.com\/noticias\/wp-json\/wp\/v2\/posts\/69878","targetHints":{"allow":["GET"]}}],"collection":[{"href":"https:\/\/www.yucatanencorto.com\/noticias\/wp-json\/wp\/v2\/posts"}],"about":[{"href":"https:\/\/www.yucatanencorto.com\/noticias\/wp-json\/wp\/v2\/types\/post"}],"author":[{"embeddable":true,"href":"https:\/\/www.yucatanencorto.com\/noticias\/wp-json\/wp\/v2\/users\/2"}],"replies":[{"embeddable":true,"href":"https:\/\/www.yucatanencorto.com\/noticias\/wp-json\/wp\/v2\/comments?post=69878"}],"version-history":[{"count":0,"href":"https:\/\/www.yucatanencorto.com\/noticias\/wp-json\/wp\/v2\/posts\/69878\/revisions"}],"wp:featuredmedia":[{"embeddable":true,"href":"https:\/\/www.yucatanencorto.com\/noticias\/wp-json\/wp\/v2\/media\/69879"}],"wp:attachment":[{"href":"https:\/\/www.yucatanencorto.com\/noticias\/wp-json\/wp\/v2\/media?parent=69878"}],"wp:term":[{"taxonomy":"category","embeddable":true,"href":"https:\/\/www.yucatanencorto.com\/noticias\/wp-json\/wp\/v2\/categories?post=69878"},{"taxonomy":"post_tag","embeddable":true,"href":"https:\/\/www.yucatanencorto.com\/noticias\/wp-json\/wp\/v2\/tags?post=69878"}],"curies":[{"name":"wp","href":"https:\/\/api.w.org\/{rel}","templated":true}]}}