{"id":69881,"date":"2021-02-01T17:36:58","date_gmt":"2021-02-01T23:36:58","guid":{"rendered":"https:\/\/www.yucatanencorto.com\/noticias\/?p=69881"},"modified":"2021-02-01T17:37:40","modified_gmt":"2021-02-01T23:37:40","slug":"10-meses-de-pausa-este-martes-2-se-reanuda-noches-de-kukulkan-en-chichen","status":"publish","type":"post","link":"https:\/\/www.yucatanencorto.com\/noticias\/10-meses-de-pausa-este-martes-2-se-reanuda-noches-de-kukulkan-en-chichen\/","title":{"rendered":"Tras 10 meses de pausa, este martes 2 se reanuda \u00abNoches de Kukulk\u00e1n\u00bb en Chich\u00e9n"},"content":{"rendered":"<p><span data-originalfontsize=\"13px\" data-originalcomputedfontsize=\"13\"><img loading=\"lazy\" decoding=\"async\" class=\"alignnone size-full wp-image-69882\" src=\"https:\/\/www.yucatanencorto.com\/noticias\/wp-content\/uploads\/2021\/02\/AA88B5F3-68AE-4AA1-A0FE-AEEF42EF9BF0-scaled.jpeg\" alt=\"\" width=\"768\" height=\"575\" srcset=\"https:\/\/www.yucatanencorto.com\/noticias\/wp-content\/uploads\/2021\/02\/AA88B5F3-68AE-4AA1-A0FE-AEEF42EF9BF0-scaled.jpeg 768w, https:\/\/www.yucatanencorto.com\/noticias\/wp-content\/uploads\/2021\/02\/AA88B5F3-68AE-4AA1-A0FE-AEEF42EF9BF0-696x521.jpeg 696w, https:\/\/www.yucatanencorto.com\/noticias\/wp-content\/uploads\/2021\/02\/AA88B5F3-68AE-4AA1-A0FE-AEEF42EF9BF0-1068x799.jpeg 1068w, https:\/\/www.yucatanencorto.com\/noticias\/wp-content\/uploads\/2021\/02\/AA88B5F3-68AE-4AA1-A0FE-AEEF42EF9BF0-561x420.jpeg 561w, https:\/\/www.yucatanencorto.com\/noticias\/wp-content\/uploads\/2021\/02\/AA88B5F3-68AE-4AA1-A0FE-AEEF42EF9BF0-80x60.jpeg 80w, https:\/\/www.yucatanencorto.com\/noticias\/wp-content\/uploads\/2021\/02\/AA88B5F3-68AE-4AA1-A0FE-AEEF42EF9BF0-265x198.jpeg 265w\" sizes=\"auto, (max-width: 768px) 100vw, 768px\" \/>M\u00e9rida, Yucat\u00e1n, a 1 de febrero de 2021. \u00abLuego de que durante casi 10 meses estuvo cerrado por efectos de la pandemia, este martes 2 de los corrientes se reabrir\u00e1 al p\u00fablico el espect\u00e1culo de Luz y Sonido en Chich\u00e9n Itz\u00e1, ahora con protocolos muy estrictos para la protecci\u00f3n de la salud de los visitantes y de los trabajadores, inform\u00f3 Mauricio D\u00edaz Montalvo, director general de Cultur.<\/span><br \/>\n<span data-originalfontsize=\"13px\" data-originalcomputedfontsize=\"13\">-Durante todo este tiempo de pausa estuvimos trabajando para hacer mejoras sustanciales en torno a este evento, de manera que quienes asistan disfrutar\u00e1n de un momento m\u00e1gico, gracias a la conjunci\u00f3n de la grandeza arquitect\u00f3nica de nuestros ancestros y de la tecnolog\u00eda de punta en cuanto a iluminaci\u00f3n y sonido se refiere -agreg\u00f3.<\/span><br \/>\n<span data-originalfontsize=\"13px\" data-originalcomputedfontsize=\"13\">Coment\u00f3 que se compraron e instalaron l\u00e1mparas completamente nuevas y ahora ya se cuenta con bocinas de excelente calidad con sonido envolvente (\u00absorround\u00bb) e impermeables, y, en general, se hicieron muchas mejoras para ofrecer una experiencia espectacular e inolvidable.<\/span><br \/>\n<span data-originalfontsize=\"13px\" data-originalcomputedfontsize=\"13\">-Creo que hasta los mayas se sentir\u00edan orgullosos de c\u00f3mo se ver\u00edan sus hermosas estructuras, que por s\u00ed solas maravillan el mundo -recalc\u00f3.<\/span><br \/>\n<span data-originalfontsize=\"13px\" data-originalcomputedfontsize=\"13\">\u00bfPor qu\u00e9 hasta ahora ocurre la reapertura?<\/span><br \/>\n<span data-originalfontsize=\"13px\" data-originalcomputedfontsize=\"13\">Desde luego, esto es posible gracias al acuerdo entre el gobierno del Estado, Cultur y el INAH. Durante todo este tiempo hemos aprendido en torno al manejo de los eventos en la llamada \u00abnueva normalidad\u00bb. Consideramos que ya est\u00e1n dadas las condiciones para reanudar sin poner en riesgo la salud de los turistas. Adem\u00e1s de que es parte de la reactivaci\u00f3n econ\u00f3mica que est\u00e1 impulsando el gobernador del Estado, Mauricio Vila Dosal. <\/span><br \/>\n<span data-originalfontsize=\"13px\" data-originalcomputedfontsize=\"13\">Una de las medidas de protecci\u00f3n es, como ya se ha informado y ocurre en todas nuestras unidades de servicios, es que s\u00f3lo se permitir\u00e1 el 30% de capacidad de aforo, lo que significa que podr\u00edan entrar alrededor de hasta unas 300 personas.<\/span><br \/>\n<span data-originalfontsize=\"13px\" data-originalcomputedfontsize=\"13\">Dado que es un espect\u00e1culo de calidad la entrada general, sin importar edades o lugares de donde provengan, ser\u00e1 de $600 por persona. <\/span><br \/>\n<span data-originalfontsize=\"13px\" data-originalcomputedfontsize=\"13\">Quienes deseen asistir al espect\u00e1culo, que en esta temporada de invierno inicia a las 7 de la noche, pueden adquirir su boleto desde el momento en que acudan a la zona de Chich\u00e9n. Por la tarde, a las 15 horas, se abre una caja especial para la venta de entradas para Noches de Kukulk\u00e1n, o bien pueden llamar al celular 9991-26- 99-25, o enviar mensaje (convencional o WhatsApp) para hacer una reservaci\u00f3n. Si alguien va directo al espect\u00e1culo es importante que se comunique antes para saber sobre la disponibilidad de los espacios.<\/span><br \/>\n<span data-originalfontsize=\"13px\" data-originalcomputedfontsize=\"13\">\u00bfEn qu\u00e9 consiste el espect\u00e1culo?<\/span><br \/>\n<span data-originalfontsize=\"13px\" data-originalcomputedfontsize=\"13\">Consiste en hacer un recorrido, de alrededor de una hora donde el esoterismo se hace presente y te hace sentir que entras a otra dimensi\u00f3n. Posteriormente los visitantes disfrutar\u00e1n el \u00abv\u00eddeo mapping\u00bb en el Castillo de Kukulk\u00e1n, de unos 25 minutos aproximadamente, que viene a ser como \u00abla cereza al pastel\u00bb.<\/span><br \/>\n<span data-originalfontsize=\"13px\" data-originalcomputedfontsize=\"13\">Las medidas sanitarias<\/span><br \/>\n<span data-originalfontsize=\"13px\" data-originalcomputedfontsize=\"13\">Advirti\u00f3 que Cultur ser\u00e1 muy estricto en este aspecto, como lo est\u00e1 siendo en sus dem\u00e1s paradores tur\u00edsticos.<\/span><br \/>\n<span data-originalfontsize=\"13px\" data-originalcomputedfontsize=\"13\">Aunque ya se ha hablado mucho al respecto, mencion\u00f3, no sobra repetirlo: El uso correcto del cubrebocas -que tape boca y nariz- es obligatorio, as\u00ed como la aplicaci\u00f3n de gel antibacterial al 70%, la medici\u00f3n de la temperatura con una c\u00e1mara t\u00e9rmica que adquirimos, la desinfecci\u00f3n de zapatos en tapetes especiales, y como ya se indic\u00f3, permitir s\u00f3lo el 30% de la capacidad del aforo, entre las m\u00e1s importantes.<\/span><br \/>\n<span data-originalfontsize=\"13px\" data-originalcomputedfontsize=\"13\">Indic\u00f3 que en caso de que haya alguien que tenga alguna molestia en su salud, se les proporcionar\u00e1 atenci\u00f3n de los param\u00e9dicos de Cultur.<\/span><br \/>\n<span data-originalfontsize=\"13px\" data-originalcomputedfontsize=\"13\">-En fin se trata que la gente venga a pasar un momento realmente encantador pero con cuidados extremos a la salud -se\u00f1al\u00f3. <\/span><br \/>\n<span data-originalfontsize=\"13px\" data-originalcomputedfontsize=\"13\">Por \u00faltimo, invit\u00f3 a la gente a que aproveche este espect\u00e1culo que lo dejar\u00e1 realmente encantado.<\/span><\/p>\n","protected":false},"excerpt":{"rendered":"<p>M\u00e9rida, Yucat\u00e1n, a 1 de febrero de 2021. \u00abLuego de que durante casi 10 meses estuvo cerrado por efectos de la pandemia, este martes 2 de los corrientes se reabrir\u00e1 al p\u00fablico el espect\u00e1culo de Luz y Sonido en Chich\u00e9n Itz\u00e1, ahora con protocolos muy estrictos para la protecci\u00f3n de la salud de los visitantes [&hellip;]<\/p>\n","protected":false},"author":2,"featured_media":69882,"comment_status":"closed","ping_status":"closed","sticky":false,"template":"","format":"standard","meta":{"footnotes":""},"categories":[3],"tags":[],"class_list":{"0":"post-69881","1":"post","2":"type-post","3":"status-publish","4":"format-standard","5":"has-post-thumbnail","7":"category-yucatan"},"yoast_head":"<!-- This site is optimized with the Yoast SEO plugin v27.4 - https:\/\/yoast.com\/product\/yoast-seo-wordpress\/ -->\n<title>Tras 10 meses de pausa, este martes 2 se reanuda &quot;Noches de Kukulk\u00e1n&quot; en Chich\u00e9n - Yucat\u00e1n en corto<\/title>\n<meta name=\"robots\" content=\"index, follow, max-snippet:-1, max-image-preview:large, max-video-preview:-1\" \/>\n<link rel=\"canonical\" href=\"https:\/\/www.yucatanencorto.com\/noticias\/10-meses-de-pausa-este-martes-2-se-reanuda-noches-de-kukulkan-en-chichen\/\" \/>\n<meta property=\"og:locale\" content=\"es_ES\" \/>\n<meta property=\"og:type\" content=\"article\" \/>\n<meta property=\"og:title\" content=\"Tras 10 meses de pausa, este martes 2 se reanuda &quot;Noches de Kukulk\u00e1n&quot; en Chich\u00e9n - Yucat\u00e1n en corto\" \/>\n<meta property=\"og:description\" content=\"M\u00e9rida, Yucat\u00e1n, a 1 de febrero de 2021. \u00abLuego de que durante casi 10 meses estuvo cerrado por efectos de la pandemia, este martes 2 de los corrientes se reabrir\u00e1 al p\u00fablico el espect\u00e1culo de Luz y Sonido en Chich\u00e9n Itz\u00e1, ahora con protocolos muy estrictos para la protecci\u00f3n de la salud de los visitantes [&hellip;]\" \/>\n<meta property=\"og:url\" content=\"https:\/\/www.yucatanencorto.com\/noticias\/10-meses-de-pausa-este-martes-2-se-reanuda-noches-de-kukulkan-en-chichen\/\" \/>\n<meta property=\"og:site_name\" content=\"Yucat\u00e1n en corto\" \/>\n<meta property=\"article:publisher\" content=\"http:\/\/www.facebook.com\/yucatanencorto\" \/>\n<meta property=\"article:published_time\" content=\"2021-02-01T23:36:58+00:00\" \/>\n<meta property=\"article:modified_time\" content=\"2021-02-01T23:37:40+00:00\" \/>\n<meta property=\"og:image\" content=\"https:\/\/www.yucatanencorto.com\/noticias\/wp-content\/uploads\/2021\/02\/AA88B5F3-68AE-4AA1-A0FE-AEEF42EF9BF0-scaled.jpeg\" \/>\n\t<meta property=\"og:image:width\" content=\"768\" \/>\n\t<meta property=\"og:image:height\" content=\"575\" \/>\n\t<meta property=\"og:image:type\" content=\"image\/jpeg\" \/>\n<meta name=\"author\" content=\"Yucat\u00e1n en Corto FC\" \/>\n<meta name=\"twitter:card\" content=\"summary_large_image\" \/>\n<meta name=\"twitter:creator\" content=\"@yucatanencorto\" \/>\n<meta name=\"twitter:site\" content=\"@yucatanencorto\" \/>\n<meta name=\"twitter:label1\" content=\"Escrito por\" \/>\n\t<meta name=\"twitter:data1\" content=\"Yucat\u00e1n en Corto FC\" \/>\n\t<meta name=\"twitter:label2\" content=\"Tiempo de lectura\" \/>\n\t<meta name=\"twitter:data2\" content=\"3 minutos\" \/>\n<script type=\"application\/ld+json\" class=\"yoast-schema-graph\">{\"@context\":\"https:\\\/\\\/schema.org\",\"@graph\":[{\"@type\":\"Article\",\"@id\":\"https:\\\/\\\/www.yucatanencorto.com\\\/noticias\\\/10-meses-de-pausa-este-martes-2-se-reanuda-noches-de-kukulkan-en-chichen\\\/#article\",\"isPartOf\":{\"@id\":\"https:\\\/\\\/www.yucatanencorto.com\\\/noticias\\\/10-meses-de-pausa-este-martes-2-se-reanuda-noches-de-kukulkan-en-chichen\\\/\"},\"author\":{\"name\":\"Yucat\u00e1n en Corto FC\",\"@id\":\"https:\\\/\\\/www.yucatanencorto.com\\\/noticias\\\/#\\\/schema\\\/person\\\/14f82d355225a1f4075dd84a31f45a72\"},\"headline\":\"Tras 10 meses de pausa, este martes 2 se reanuda \u00abNoches de Kukulk\u00e1n\u00bb en Chich\u00e9n\",\"datePublished\":\"2021-02-01T23:36:58+00:00\",\"dateModified\":\"2021-02-01T23:37:40+00:00\",\"mainEntityOfPage\":{\"@id\":\"https:\\\/\\\/www.yucatanencorto.com\\\/noticias\\\/10-meses-de-pausa-este-martes-2-se-reanuda-noches-de-kukulkan-en-chichen\\\/\"},\"wordCount\":679,\"image\":{\"@id\":\"https:\\\/\\\/www.yucatanencorto.com\\\/noticias\\\/10-meses-de-pausa-este-martes-2-se-reanuda-noches-de-kukulkan-en-chichen\\\/#primaryimage\"},\"thumbnailUrl\":\"https:\\\/\\\/www.yucatanencorto.com\\\/noticias\\\/wp-content\\\/uploads\\\/2021\\\/02\\\/AA88B5F3-68AE-4AA1-A0FE-AEEF42EF9BF0-scaled.jpeg\",\"articleSection\":[\"Yucat\u00e1n\"],\"inLanguage\":\"es\"},{\"@type\":\"WebPage\",\"@id\":\"https:\\\/\\\/www.yucatanencorto.com\\\/noticias\\\/10-meses-de-pausa-este-martes-2-se-reanuda-noches-de-kukulkan-en-chichen\\\/\",\"url\":\"https:\\\/\\\/www.yucatanencorto.com\\\/noticias\\\/10-meses-de-pausa-este-martes-2-se-reanuda-noches-de-kukulkan-en-chichen\\\/\",\"name\":\"Tras 10 meses de pausa, este martes 2 se reanuda \\\"Noches de Kukulk\u00e1n\\\" en Chich\u00e9n - Yucat\u00e1n en corto\",\"isPartOf\":{\"@id\":\"https:\\\/\\\/www.yucatanencorto.com\\\/noticias\\\/#website\"},\"primaryImageOfPage\":{\"@id\":\"https:\\\/\\\/www.yucatanencorto.com\\\/noticias\\\/10-meses-de-pausa-este-martes-2-se-reanuda-noches-de-kukulkan-en-chichen\\\/#primaryimage\"},\"image\":{\"@id\":\"https:\\\/\\\/www.yucatanencorto.com\\\/noticias\\\/10-meses-de-pausa-este-martes-2-se-reanuda-noches-de-kukulkan-en-chichen\\\/#primaryimage\"},\"thumbnailUrl\":\"https:\\\/\\\/www.yucatanencorto.com\\\/noticias\\\/wp-content\\\/uploads\\\/2021\\\/02\\\/AA88B5F3-68AE-4AA1-A0FE-AEEF42EF9BF0-scaled.jpeg\",\"datePublished\":\"2021-02-01T23:36:58+00:00\",\"dateModified\":\"2021-02-01T23:37:40+00:00\",\"author\":{\"@id\":\"https:\\\/\\\/www.yucatanencorto.com\\\/noticias\\\/#\\\/schema\\\/person\\\/14f82d355225a1f4075dd84a31f45a72\"},\"breadcrumb\":{\"@id\":\"https:\\\/\\\/www.yucatanencorto.com\\\/noticias\\\/10-meses-de-pausa-este-martes-2-se-reanuda-noches-de-kukulkan-en-chichen\\\/#breadcrumb\"},\"inLanguage\":\"es\",\"potentialAction\":[{\"@type\":\"ReadAction\",\"target\":[\"https:\\\/\\\/www.yucatanencorto.com\\\/noticias\\\/10-meses-de-pausa-este-martes-2-se-reanuda-noches-de-kukulkan-en-chichen\\\/\"]}]},{\"@type\":\"ImageObject\",\"inLanguage\":\"es\",\"@id\":\"https:\\\/\\\/www.yucatanencorto.com\\\/noticias\\\/10-meses-de-pausa-este-martes-2-se-reanuda-noches-de-kukulkan-en-chichen\\\/#primaryimage\",\"url\":\"https:\\\/\\\/www.yucatanencorto.com\\\/noticias\\\/wp-content\\\/uploads\\\/2021\\\/02\\\/AA88B5F3-68AE-4AA1-A0FE-AEEF42EF9BF0-scaled.jpeg\",\"contentUrl\":\"https:\\\/\\\/www.yucatanencorto.com\\\/noticias\\\/wp-content\\\/uploads\\\/2021\\\/02\\\/AA88B5F3-68AE-4AA1-A0FE-AEEF42EF9BF0-scaled.jpeg\",\"width\":768,\"height\":575},{\"@type\":\"BreadcrumbList\",\"@id\":\"https:\\\/\\\/www.yucatanencorto.com\\\/noticias\\\/10-meses-de-pausa-este-martes-2-se-reanuda-noches-de-kukulkan-en-chichen\\\/#breadcrumb\",\"itemListElement\":[{\"@type\":\"ListItem\",\"position\":1,\"name\":\"Portada\",\"item\":\"https:\\\/\\\/www.yucatanencorto.com\\\/noticias\\\/\"},{\"@type\":\"ListItem\",\"position\":2,\"name\":\"Tras 10 meses de pausa, este martes 2 se reanuda \u00abNoches de Kukulk\u00e1n\u00bb en Chich\u00e9n\"}]},{\"@type\":\"WebSite\",\"@id\":\"https:\\\/\\\/www.yucatanencorto.com\\\/noticias\\\/#website\",\"url\":\"https:\\\/\\\/www.yucatanencorto.com\\\/noticias\\\/\",\"name\":\"Yucat\u00e1n en corto\",\"description\":\"Noticias\",\"potentialAction\":[{\"@type\":\"SearchAction\",\"target\":{\"@type\":\"EntryPoint\",\"urlTemplate\":\"https:\\\/\\\/www.yucatanencorto.com\\\/noticias\\\/?s={search_term_string}\"},\"query-input\":{\"@type\":\"PropertyValueSpecification\",\"valueRequired\":true,\"valueName\":\"search_term_string\"}}],\"inLanguage\":\"es\"},{\"@type\":\"Person\",\"@id\":\"https:\\\/\\\/www.yucatanencorto.com\\\/noticias\\\/#\\\/schema\\\/person\\\/14f82d355225a1f4075dd84a31f45a72\",\"name\":\"Yucat\u00e1n en Corto FC\",\"image\":{\"@type\":\"ImageObject\",\"inLanguage\":\"es\",\"@id\":\"https:\\\/\\\/secure.gravatar.com\\\/avatar\\\/147d4b30cd728c53c29c49a3f7834dedca33707f4cd259761355846009a88250?s=96&d=mm&r=g\",\"url\":\"https:\\\/\\\/secure.gravatar.com\\\/avatar\\\/147d4b30cd728c53c29c49a3f7834dedca33707f4cd259761355846009a88250?s=96&d=mm&r=g\",\"contentUrl\":\"https:\\\/\\\/secure.gravatar.com\\\/avatar\\\/147d4b30cd728c53c29c49a3f7834dedca33707f4cd259761355846009a88250?s=96&d=mm&r=g\",\"caption\":\"Yucat\u00e1n en Corto FC\"},\"url\":\"https:\\\/\\\/www.yucatanencorto.com\\\/noticias\\\/author\\\/flor\\\/\"}]}<\/script>\n<!-- \/ Yoast SEO plugin. -->","yoast_head_json":{"title":"Tras 10 meses de pausa, este martes 2 se reanuda \"Noches de Kukulk\u00e1n\" en Chich\u00e9n - Yucat\u00e1n en corto","robots":{"index":"index","follow":"follow","max-snippet":"max-snippet:-1","max-image-preview":"max-image-preview:large","max-video-preview":"max-video-preview:-1"},"canonical":"https:\/\/www.yucatanencorto.com\/noticias\/10-meses-de-pausa-este-martes-2-se-reanuda-noches-de-kukulkan-en-chichen\/","og_locale":"es_ES","og_type":"article","og_title":"Tras 10 meses de pausa, este martes 2 se reanuda \"Noches de Kukulk\u00e1n\" en Chich\u00e9n - Yucat\u00e1n en corto","og_description":"M\u00e9rida, Yucat\u00e1n, a 1 de febrero de 2021. \u00abLuego de que durante casi 10 meses estuvo cerrado por efectos de la pandemia, este martes 2 de los corrientes se reabrir\u00e1 al p\u00fablico el espect\u00e1culo de Luz y Sonido en Chich\u00e9n Itz\u00e1, ahora con protocolos muy estrictos para la protecci\u00f3n de la salud de los visitantes [&hellip;]","og_url":"https:\/\/www.yucatanencorto.com\/noticias\/10-meses-de-pausa-este-martes-2-se-reanuda-noches-de-kukulkan-en-chichen\/","og_site_name":"Yucat\u00e1n en corto","article_publisher":"http:\/\/www.facebook.com\/yucatanencorto","article_published_time":"2021-02-01T23:36:58+00:00","article_modified_time":"2021-02-01T23:37:40+00:00","og_image":[{"width":768,"height":575,"url":"https:\/\/www.yucatanencorto.com\/noticias\/wp-content\/uploads\/2021\/02\/AA88B5F3-68AE-4AA1-A0FE-AEEF42EF9BF0-scaled.jpeg","type":"image\/jpeg"}],"author":"Yucat\u00e1n en Corto FC","twitter_card":"summary_large_image","twitter_creator":"@yucatanencorto","twitter_site":"@yucatanencorto","twitter_misc":{"Escrito por":"Yucat\u00e1n en Corto FC","Tiempo de lectura":"3 minutos"},"schema":{"@context":"https:\/\/schema.org","@graph":[{"@type":"Article","@id":"https:\/\/www.yucatanencorto.com\/noticias\/10-meses-de-pausa-este-martes-2-se-reanuda-noches-de-kukulkan-en-chichen\/#article","isPartOf":{"@id":"https:\/\/www.yucatanencorto.com\/noticias\/10-meses-de-pausa-este-martes-2-se-reanuda-noches-de-kukulkan-en-chichen\/"},"author":{"name":"Yucat\u00e1n en Corto FC","@id":"https:\/\/www.yucatanencorto.com\/noticias\/#\/schema\/person\/14f82d355225a1f4075dd84a31f45a72"},"headline":"Tras 10 meses de pausa, este martes 2 se reanuda \u00abNoches de Kukulk\u00e1n\u00bb en Chich\u00e9n","datePublished":"2021-02-01T23:36:58+00:00","dateModified":"2021-02-01T23:37:40+00:00","mainEntityOfPage":{"@id":"https:\/\/www.yucatanencorto.com\/noticias\/10-meses-de-pausa-este-martes-2-se-reanuda-noches-de-kukulkan-en-chichen\/"},"wordCount":679,"image":{"@id":"https:\/\/www.yucatanencorto.com\/noticias\/10-meses-de-pausa-este-martes-2-se-reanuda-noches-de-kukulkan-en-chichen\/#primaryimage"},"thumbnailUrl":"https:\/\/www.yucatanencorto.com\/noticias\/wp-content\/uploads\/2021\/02\/AA88B5F3-68AE-4AA1-A0FE-AEEF42EF9BF0-scaled.jpeg","articleSection":["Yucat\u00e1n"],"inLanguage":"es"},{"@type":"WebPage","@id":"https:\/\/www.yucatanencorto.com\/noticias\/10-meses-de-pausa-este-martes-2-se-reanuda-noches-de-kukulkan-en-chichen\/","url":"https:\/\/www.yucatanencorto.com\/noticias\/10-meses-de-pausa-este-martes-2-se-reanuda-noches-de-kukulkan-en-chichen\/","name":"Tras 10 meses de pausa, este martes 2 se reanuda \"Noches de Kukulk\u00e1n\" en Chich\u00e9n - Yucat\u00e1n en corto","isPartOf":{"@id":"https:\/\/www.yucatanencorto.com\/noticias\/#website"},"primaryImageOfPage":{"@id":"https:\/\/www.yucatanencorto.com\/noticias\/10-meses-de-pausa-este-martes-2-se-reanuda-noches-de-kukulkan-en-chichen\/#primaryimage"},"image":{"@id":"https:\/\/www.yucatanencorto.com\/noticias\/10-meses-de-pausa-este-martes-2-se-reanuda-noches-de-kukulkan-en-chichen\/#primaryimage"},"thumbnailUrl":"https:\/\/www.yucatanencorto.com\/noticias\/wp-content\/uploads\/2021\/02\/AA88B5F3-68AE-4AA1-A0FE-AEEF42EF9BF0-scaled.jpeg","datePublished":"2021-02-01T23:36:58+00:00","dateModified":"2021-02-01T23:37:40+00:00","author":{"@id":"https:\/\/www.yucatanencorto.com\/noticias\/#\/schema\/person\/14f82d355225a1f4075dd84a31f45a72"},"breadcrumb":{"@id":"https:\/\/www.yucatanencorto.com\/noticias\/10-meses-de-pausa-este-martes-2-se-reanuda-noches-de-kukulkan-en-chichen\/#breadcrumb"},"inLanguage":"es","potentialAction":[{"@type":"ReadAction","target":["https:\/\/www.yucatanencorto.com\/noticias\/10-meses-de-pausa-este-martes-2-se-reanuda-noches-de-kukulkan-en-chichen\/"]}]},{"@type":"ImageObject","inLanguage":"es","@id":"https:\/\/www.yucatanencorto.com\/noticias\/10-meses-de-pausa-este-martes-2-se-reanuda-noches-de-kukulkan-en-chichen\/#primaryimage","url":"https:\/\/www.yucatanencorto.com\/noticias\/wp-content\/uploads\/2021\/02\/AA88B5F3-68AE-4AA1-A0FE-AEEF42EF9BF0-scaled.jpeg","contentUrl":"https:\/\/www.yucatanencorto.com\/noticias\/wp-content\/uploads\/2021\/02\/AA88B5F3-68AE-4AA1-A0FE-AEEF42EF9BF0-scaled.jpeg","width":768,"height":575},{"@type":"BreadcrumbList","@id":"https:\/\/www.yucatanencorto.com\/noticias\/10-meses-de-pausa-este-martes-2-se-reanuda-noches-de-kukulkan-en-chichen\/#breadcrumb","itemListElement":[{"@type":"ListItem","position":1,"name":"Portada","item":"https:\/\/www.yucatanencorto.com\/noticias\/"},{"@type":"ListItem","position":2,"name":"Tras 10 meses de pausa, este martes 2 se reanuda \u00abNoches de Kukulk\u00e1n\u00bb en Chich\u00e9n"}]},{"@type":"WebSite","@id":"https:\/\/www.yucatanencorto.com\/noticias\/#website","url":"https:\/\/www.yucatanencorto.com\/noticias\/","name":"Yucat\u00e1n en corto","description":"Noticias","potentialAction":[{"@type":"SearchAction","target":{"@type":"EntryPoint","urlTemplate":"https:\/\/www.yucatanencorto.com\/noticias\/?s={search_term_string}"},"query-input":{"@type":"PropertyValueSpecification","valueRequired":true,"valueName":"search_term_string"}}],"inLanguage":"es"},{"@type":"Person","@id":"https:\/\/www.yucatanencorto.com\/noticias\/#\/schema\/person\/14f82d355225a1f4075dd84a31f45a72","name":"Yucat\u00e1n en Corto FC","image":{"@type":"ImageObject","inLanguage":"es","@id":"https:\/\/secure.gravatar.com\/avatar\/147d4b30cd728c53c29c49a3f7834dedca33707f4cd259761355846009a88250?s=96&d=mm&r=g","url":"https:\/\/secure.gravatar.com\/avatar\/147d4b30cd728c53c29c49a3f7834dedca33707f4cd259761355846009a88250?s=96&d=mm&r=g","contentUrl":"https:\/\/secure.gravatar.com\/avatar\/147d4b30cd728c53c29c49a3f7834dedca33707f4cd259761355846009a88250?s=96&d=mm&r=g","caption":"Yucat\u00e1n en Corto FC"},"url":"https:\/\/www.yucatanencorto.com\/noticias\/author\/flor\/"}]}},"_links":{"self":[{"href":"https:\/\/www.yucatanencorto.com\/noticias\/wp-json\/wp\/v2\/posts\/69881","targetHints":{"allow":["GET"]}}],"collection":[{"href":"https:\/\/www.yucatanencorto.com\/noticias\/wp-json\/wp\/v2\/posts"}],"about":[{"href":"https:\/\/www.yucatanencorto.com\/noticias\/wp-json\/wp\/v2\/types\/post"}],"author":[{"embeddable":true,"href":"https:\/\/www.yucatanencorto.com\/noticias\/wp-json\/wp\/v2\/users\/2"}],"replies":[{"embeddable":true,"href":"https:\/\/www.yucatanencorto.com\/noticias\/wp-json\/wp\/v2\/comments?post=69881"}],"version-history":[{"count":0,"href":"https:\/\/www.yucatanencorto.com\/noticias\/wp-json\/wp\/v2\/posts\/69881\/revisions"}],"wp:featuredmedia":[{"embeddable":true,"href":"https:\/\/www.yucatanencorto.com\/noticias\/wp-json\/wp\/v2\/media\/69882"}],"wp:attachment":[{"href":"https:\/\/www.yucatanencorto.com\/noticias\/wp-json\/wp\/v2\/media?parent=69881"}],"wp:term":[{"taxonomy":"category","embeddable":true,"href":"https:\/\/www.yucatanencorto.com\/noticias\/wp-json\/wp\/v2\/categories?post=69881"},{"taxonomy":"post_tag","embeddable":true,"href":"https:\/\/www.yucatanencorto.com\/noticias\/wp-json\/wp\/v2\/tags?post=69881"}],"curies":[{"name":"wp","href":"https:\/\/api.w.org\/{rel}","templated":true}]}}