{"id":69885,"date":"2021-02-01T17:56:22","date_gmt":"2021-02-01T23:56:22","guid":{"rendered":"https:\/\/www.yucatanencorto.com\/noticias\/?p=69885"},"modified":"2021-02-01T17:56:22","modified_gmt":"2021-02-01T23:56:22","slug":"carnaval-de-merida-virtual-sera-del-10-al-17-febrero-se-invertiran-2-5-millones-de-pesos","status":"publish","type":"post","link":"https:\/\/www.yucatanencorto.com\/noticias\/carnaval-de-merida-virtual-sera-del-10-al-17-febrero-se-invertiran-2-5-millones-de-pesos\/","title":{"rendered":"Carnaval de M\u00e9rida virtual ser\u00e1 del 10 al 17 febrero; se invertir\u00e1n 2.5 millones de pesos"},"content":{"rendered":"<p data-removefontsize=\"true\" data-originalcomputedfontsize=\"13.333333015441895\"><img loading=\"lazy\" decoding=\"async\" class=\"alignnone size-full wp-image-69886\" src=\"https:\/\/www.yucatanencorto.com\/noticias\/wp-content\/uploads\/2021\/02\/C130B766-2895-44A7-9A83-12C457487775-scaled.jpeg\" alt=\"\" width=\"512\" height=\"768\" srcset=\"https:\/\/www.yucatanencorto.com\/noticias\/wp-content\/uploads\/2021\/02\/C130B766-2895-44A7-9A83-12C457487775-scaled.jpeg 512w, https:\/\/www.yucatanencorto.com\/noticias\/wp-content\/uploads\/2021\/02\/C130B766-2895-44A7-9A83-12C457487775-768x1152.jpeg 768w, https:\/\/www.yucatanencorto.com\/noticias\/wp-content\/uploads\/2021\/02\/C130B766-2895-44A7-9A83-12C457487775-1024x1536.jpeg 1024w, https:\/\/www.yucatanencorto.com\/noticias\/wp-content\/uploads\/2021\/02\/C130B766-2895-44A7-9A83-12C457487775-696x1044.jpeg 696w, https:\/\/www.yucatanencorto.com\/noticias\/wp-content\/uploads\/2021\/02\/C130B766-2895-44A7-9A83-12C457487775-1068x1602.jpeg 1068w, https:\/\/www.yucatanencorto.com\/noticias\/wp-content\/uploads\/2021\/02\/C130B766-2895-44A7-9A83-12C457487775-280x420.jpeg 280w\" sizes=\"auto, (max-width: 512px) 100vw, 512px\" \/><br \/>\nM\u00e9rida, Yucat\u00e1n, 01 de Febrero de 2021.\u00a0 \u201cCon el Carnaval en el Coraz\u00f3n. Una gota de alegr\u00eda para seguir cuid\u00e1ndonos\u201d es el tema de El Nuevo Carnaval M\u00e9rida 2021, una edici\u00f3n especial que por primera vez se realiza en formato digital con el fin de brindar momentos de esperanza a los meridanos sin necesidad de salir de casa.<\/p>\n<p data-removefontsize=\"true\" data-originalcomputedfontsize=\"13.333333015441895\">Este a\u00f1o extra\u00f1aremos los desfiles, las comparsas, los conciertos y los disfraces, pero hay que seguir cuid\u00e1ndonos sin interrumpir la tradici\u00f3n, de manera responsable y ese es uno de los mensajes principales que abandera la celebraci\u00f3n. Re\u00edr, disfrutar en casa junto a la familia nuclear es tambi\u00e9n positivo para la salud, m\u00e1s en el panorama actual.<\/p>\n<p data-removefontsize=\"true\" data-originalcomputedfontsize=\"13.333333015441895\">El Carnaval es el evento m\u00e1s grande de la Ciudad y esta versi\u00f3n adaptada, llegar\u00e1 hasta los hogares del 10 al 17 de febrero, a trav\u00e9s de las redes sociales, la radio y la televisi\u00f3n con una variada oferta de entretenimiento para disfrutar sin salir de casa. En estas actividades art\u00edsticas se invertir\u00e1n 2.5 millones de pesos.<\/p>\n<p data-removefontsize=\"true\" data-originalcomputedfontsize=\"13.333333015441895\">A trav\u00e9s de los diferentes contenidos preparados por el Comit\u00e9 Permanente del Carnaval de M\u00e9rida, se pretende comunicar que esto es una tradici\u00f3n que, adem\u00e1s de esparcimiento, genera empleo y es un apoyo econ\u00f3mico para miles de rostros y manos que participan en su realizaci\u00f3n. Dise\u00f1adores, core\u00f3grafos, bailarines, vestuaristas, t\u00e9cnicos de audio e iluminaci\u00f3n, fot\u00f3grafos, cantantes, conductores, actores, tramoyeros, entre muchas otras actividades econ\u00f3micas, profesionales y art\u00edsticas se unen a\u00f1o con a\u00f1o para construir este evento y es a ellos y muy especialmente al personal m\u00e9dico que nos cuida, a quienes dedicamos todo nuestro agradecimiento, reconocimiento y orgullo. Por eso ahora, aunque no es posible juntarse para celebrarlo en su formato tradicional, los meridanos lo llevamos en el coraz\u00f3n.<\/p>\n<p data-removefontsize=\"true\" data-originalcomputedfontsize=\"13.333333015441895\">Personajes consentidos del medio art\u00edstico y de las redes sociales como Ruperta P\u00e9rez Sosa, el Chino Fern\u00e1ndez, Circe Coldwell, Dzereco y Nohoch, Cuxum y su Compa\u00f1\u00eda de Teatro Regional y Mau Soberanes compartir\u00e1n con humor y a su estilo los mensajes de la campa\u00f1a junto con los hashtag #CarnavalenelCoraz\u00f3n y #Tradici\u00f3nResponsable para hacernos re\u00edr y pasar buenos momentos mientras nos cuidamos desde casa.<\/p>\n<p data-removefontsize=\"true\" data-originalcomputedfontsize=\"13.333333015441895\">La programaci\u00f3n ser\u00e1 v\u00eda online y comenzar\u00e1 el mi\u00e9rcoles 10 de febrero con la ceremonia de \u201cQuema del Mal Humor\u201d y el inicio de la exposici\u00f3n de vestuario de Carnaval en La Isla Mall Entertainment. Del jueves 11 al martes 16 de febrero se transmitir\u00e1 el programa especial \u201cCon el Carnaval en el Coraz\u00f3n\u201d en el que los reyes 2019, Brenda Cruz \u201cAbejita\u201d y Oscar Chan \u201cCocotazo\u201d, junto con los reyes 2020 Paola Novelo e Isaac Alonzo, compartir\u00e1n lo mejor de esta celebraci\u00f3n en sus respectivas ediciones y sus d\u00edas tradicionales como Jueves Infantil, Viernes de Corso, S\u00e1bado de Fantas\u00eda, Domingo de Bachata, Lunes Regional y Martes de Batalla.<\/p>\n<p data-removefontsize=\"true\" data-originalcomputedfontsize=\"13.333333015441895\">Las transmisiones incluyen la Noche de Comparsas, un serial de cortos documentales acerca de c\u00f3mo se construye el Carnaval y para cerrar, el Entierro de Juan Carnaval.<\/p>\n<p data-removefontsize=\"true\" data-originalcomputedfontsize=\"13.333333015441895\">Cabe se\u00f1alar que no se realizar\u00e1 ninguna actividad en el recinto ferial, la programaci\u00f3n se lleva a cabo con material grabado y de archivo. En cuanto a los reyes del Carnaval se tom\u00f3 la decisi\u00f3n de no hacer concurso ni elecci\u00f3n en ninguna de sus seis categor\u00edas para no exponer a ning\u00fan ciudadano principalmente a quienes son poblaci\u00f3n de riesgo.<\/p>\n<p data-removefontsize=\"true\" data-originalcomputedfontsize=\"13.333333015441895\">Por ello este a\u00f1o, por primera vez, todos los meridanos seremos embajadores de la alegr\u00eda y los responsables de contagiar nuestro entusiasmo, todos seremos reyes y reinas, iniciativa que se ha replicado en otras ciudades con carnavales importantes como Nuevo Orleans con su campa\u00f1a \u201cThe People are King\u201d.<\/p>\n<p data-removefontsize=\"true\" data-originalcomputedfontsize=\"13.333333015441895\">Durante toda la programaci\u00f3n se har\u00e1 un llamado recurrente a quedarse en casa, seguirse cuidando y aplicando todas las medidas sanitarias contra el Covid-19 como el uso de cubrebocas, gel antibacterial y lavarse las manos constantemente.<\/p>\n<p data-removefontsize=\"true\" data-originalcomputedfontsize=\"13.333333015441895\">De esta forma, el personal que integra el Comit\u00e9 del Carnaval mantiene su compromiso con el cuidado de la salud y el bienestar de la poblaci\u00f3n, como lo ha hecho en los \u00faltimos meses laborando en causas sociales y de apoyo al \u00e1rea de la\u00a0 salud.<\/p>\n<p data-removefontsize=\"true\" data-originalcomputedfontsize=\"13.333333015441895\">Este lunes 1 de febrero, a partir de las 19 horas, se presenta el video de la canci\u00f3n oficial \u201cCon el Carnaval en el Coraz\u00f3n. Una gota de alegr\u00eda para seguir cuid\u00e1ndonos\u201d a trav\u00e9s de la cuenta Comit\u00e9 del Carnaval de M\u00e9rida en Facebook.<\/p>\n","protected":false},"excerpt":{"rendered":"<p>M\u00e9rida, Yucat\u00e1n, 01 de Febrero de 2021.\u00a0 \u201cCon el Carnaval en el Coraz\u00f3n. Una gota de alegr\u00eda para seguir cuid\u00e1ndonos\u201d es el tema de El Nuevo Carnaval M\u00e9rida 2021, una edici\u00f3n especial que por primera vez se realiza en formato digital con el fin de brindar momentos de esperanza a los meridanos sin necesidad de [&hellip;]<\/p>\n","protected":false},"author":2,"featured_media":69886,"comment_status":"closed","ping_status":"closed","sticky":false,"template":"","format":"standard","meta":{"footnotes":""},"categories":[2],"tags":[],"class_list":{"0":"post-69885","1":"post","2":"type-post","3":"status-publish","4":"format-standard","5":"has-post-thumbnail","7":"category-merida"},"yoast_head":"<!-- This site is optimized with the Yoast SEO plugin v27.4 - https:\/\/yoast.com\/product\/yoast-seo-wordpress\/ -->\n<title>Carnaval de M\u00e9rida virtual ser\u00e1 del 10 al 17 febrero; se invertir\u00e1n 2.5 millones de pesos - Yucat\u00e1n en corto<\/title>\n<meta name=\"robots\" content=\"index, follow, max-snippet:-1, max-image-preview:large, max-video-preview:-1\" \/>\n<link rel=\"canonical\" href=\"https:\/\/www.yucatanencorto.com\/noticias\/carnaval-de-merida-virtual-sera-del-10-al-17-febrero-se-invertiran-2-5-millones-de-pesos\/\" \/>\n<meta property=\"og:locale\" content=\"es_ES\" \/>\n<meta property=\"og:type\" content=\"article\" \/>\n<meta property=\"og:title\" content=\"Carnaval de M\u00e9rida virtual ser\u00e1 del 10 al 17 febrero; se invertir\u00e1n 2.5 millones de pesos - Yucat\u00e1n en corto\" \/>\n<meta property=\"og:description\" content=\"M\u00e9rida, Yucat\u00e1n, 01 de Febrero de 2021.\u00a0 \u201cCon el Carnaval en el Coraz\u00f3n. Una gota de alegr\u00eda para seguir cuid\u00e1ndonos\u201d es el tema de El Nuevo Carnaval M\u00e9rida 2021, una edici\u00f3n especial que por primera vez se realiza en formato digital con el fin de brindar momentos de esperanza a los meridanos sin necesidad de [&hellip;]\" \/>\n<meta property=\"og:url\" content=\"https:\/\/www.yucatanencorto.com\/noticias\/carnaval-de-merida-virtual-sera-del-10-al-17-febrero-se-invertiran-2-5-millones-de-pesos\/\" \/>\n<meta property=\"og:site_name\" content=\"Yucat\u00e1n en corto\" \/>\n<meta property=\"article:publisher\" content=\"http:\/\/www.facebook.com\/yucatanencorto\" \/>\n<meta property=\"article:published_time\" content=\"2021-02-01T23:56:22+00:00\" \/>\n<meta property=\"og:image\" content=\"https:\/\/www.yucatanencorto.com\/noticias\/wp-content\/uploads\/2021\/02\/C130B766-2895-44A7-9A83-12C457487775-scaled.jpeg\" \/>\n\t<meta property=\"og:image:width\" content=\"512\" \/>\n\t<meta property=\"og:image:height\" content=\"768\" \/>\n\t<meta property=\"og:image:type\" content=\"image\/jpeg\" \/>\n<meta name=\"author\" content=\"Yucat\u00e1n en Corto FC\" \/>\n<meta name=\"twitter:card\" content=\"summary_large_image\" \/>\n<meta name=\"twitter:creator\" content=\"@yucatanencorto\" \/>\n<meta name=\"twitter:site\" content=\"@yucatanencorto\" \/>\n<meta name=\"twitter:label1\" content=\"Escrito por\" \/>\n\t<meta name=\"twitter:data1\" content=\"Yucat\u00e1n en Corto FC\" \/>\n\t<meta name=\"twitter:label2\" content=\"Tiempo de lectura\" \/>\n\t<meta name=\"twitter:data2\" content=\"4 minutos\" \/>\n<script type=\"application\/ld+json\" class=\"yoast-schema-graph\">{\"@context\":\"https:\\\/\\\/schema.org\",\"@graph\":[{\"@type\":\"Article\",\"@id\":\"https:\\\/\\\/www.yucatanencorto.com\\\/noticias\\\/carnaval-de-merida-virtual-sera-del-10-al-17-febrero-se-invertiran-2-5-millones-de-pesos\\\/#article\",\"isPartOf\":{\"@id\":\"https:\\\/\\\/www.yucatanencorto.com\\\/noticias\\\/carnaval-de-merida-virtual-sera-del-10-al-17-febrero-se-invertiran-2-5-millones-de-pesos\\\/\"},\"author\":{\"name\":\"Yucat\u00e1n en Corto FC\",\"@id\":\"https:\\\/\\\/www.yucatanencorto.com\\\/noticias\\\/#\\\/schema\\\/person\\\/14f82d355225a1f4075dd84a31f45a72\"},\"headline\":\"Carnaval de M\u00e9rida virtual ser\u00e1 del 10 al 17 febrero; se invertir\u00e1n 2.5 millones de pesos\",\"datePublished\":\"2021-02-01T23:56:22+00:00\",\"mainEntityOfPage\":{\"@id\":\"https:\\\/\\\/www.yucatanencorto.com\\\/noticias\\\/carnaval-de-merida-virtual-sera-del-10-al-17-febrero-se-invertiran-2-5-millones-de-pesos\\\/\"},\"wordCount\":801,\"image\":{\"@id\":\"https:\\\/\\\/www.yucatanencorto.com\\\/noticias\\\/carnaval-de-merida-virtual-sera-del-10-al-17-febrero-se-invertiran-2-5-millones-de-pesos\\\/#primaryimage\"},\"thumbnailUrl\":\"https:\\\/\\\/www.yucatanencorto.com\\\/noticias\\\/wp-content\\\/uploads\\\/2021\\\/02\\\/C130B766-2895-44A7-9A83-12C457487775-scaled.jpeg\",\"articleSection\":[\"M\u00e9rida\"],\"inLanguage\":\"es\"},{\"@type\":\"WebPage\",\"@id\":\"https:\\\/\\\/www.yucatanencorto.com\\\/noticias\\\/carnaval-de-merida-virtual-sera-del-10-al-17-febrero-se-invertiran-2-5-millones-de-pesos\\\/\",\"url\":\"https:\\\/\\\/www.yucatanencorto.com\\\/noticias\\\/carnaval-de-merida-virtual-sera-del-10-al-17-febrero-se-invertiran-2-5-millones-de-pesos\\\/\",\"name\":\"Carnaval de M\u00e9rida virtual ser\u00e1 del 10 al 17 febrero; se invertir\u00e1n 2.5 millones de pesos - Yucat\u00e1n en corto\",\"isPartOf\":{\"@id\":\"https:\\\/\\\/www.yucatanencorto.com\\\/noticias\\\/#website\"},\"primaryImageOfPage\":{\"@id\":\"https:\\\/\\\/www.yucatanencorto.com\\\/noticias\\\/carnaval-de-merida-virtual-sera-del-10-al-17-febrero-se-invertiran-2-5-millones-de-pesos\\\/#primaryimage\"},\"image\":{\"@id\":\"https:\\\/\\\/www.yucatanencorto.com\\\/noticias\\\/carnaval-de-merida-virtual-sera-del-10-al-17-febrero-se-invertiran-2-5-millones-de-pesos\\\/#primaryimage\"},\"thumbnailUrl\":\"https:\\\/\\\/www.yucatanencorto.com\\\/noticias\\\/wp-content\\\/uploads\\\/2021\\\/02\\\/C130B766-2895-44A7-9A83-12C457487775-scaled.jpeg\",\"datePublished\":\"2021-02-01T23:56:22+00:00\",\"author\":{\"@id\":\"https:\\\/\\\/www.yucatanencorto.com\\\/noticias\\\/#\\\/schema\\\/person\\\/14f82d355225a1f4075dd84a31f45a72\"},\"breadcrumb\":{\"@id\":\"https:\\\/\\\/www.yucatanencorto.com\\\/noticias\\\/carnaval-de-merida-virtual-sera-del-10-al-17-febrero-se-invertiran-2-5-millones-de-pesos\\\/#breadcrumb\"},\"inLanguage\":\"es\",\"potentialAction\":[{\"@type\":\"ReadAction\",\"target\":[\"https:\\\/\\\/www.yucatanencorto.com\\\/noticias\\\/carnaval-de-merida-virtual-sera-del-10-al-17-febrero-se-invertiran-2-5-millones-de-pesos\\\/\"]}]},{\"@type\":\"ImageObject\",\"inLanguage\":\"es\",\"@id\":\"https:\\\/\\\/www.yucatanencorto.com\\\/noticias\\\/carnaval-de-merida-virtual-sera-del-10-al-17-febrero-se-invertiran-2-5-millones-de-pesos\\\/#primaryimage\",\"url\":\"https:\\\/\\\/www.yucatanencorto.com\\\/noticias\\\/wp-content\\\/uploads\\\/2021\\\/02\\\/C130B766-2895-44A7-9A83-12C457487775-scaled.jpeg\",\"contentUrl\":\"https:\\\/\\\/www.yucatanencorto.com\\\/noticias\\\/wp-content\\\/uploads\\\/2021\\\/02\\\/C130B766-2895-44A7-9A83-12C457487775-scaled.jpeg\",\"width\":512,\"height\":768},{\"@type\":\"BreadcrumbList\",\"@id\":\"https:\\\/\\\/www.yucatanencorto.com\\\/noticias\\\/carnaval-de-merida-virtual-sera-del-10-al-17-febrero-se-invertiran-2-5-millones-de-pesos\\\/#breadcrumb\",\"itemListElement\":[{\"@type\":\"ListItem\",\"position\":1,\"name\":\"Portada\",\"item\":\"https:\\\/\\\/www.yucatanencorto.com\\\/noticias\\\/\"},{\"@type\":\"ListItem\",\"position\":2,\"name\":\"Carnaval de M\u00e9rida virtual ser\u00e1 del 10 al 17 febrero; se invertir\u00e1n 2.5 millones de pesos\"}]},{\"@type\":\"WebSite\",\"@id\":\"https:\\\/\\\/www.yucatanencorto.com\\\/noticias\\\/#website\",\"url\":\"https:\\\/\\\/www.yucatanencorto.com\\\/noticias\\\/\",\"name\":\"Yucat\u00e1n en corto\",\"description\":\"Noticias\",\"potentialAction\":[{\"@type\":\"SearchAction\",\"target\":{\"@type\":\"EntryPoint\",\"urlTemplate\":\"https:\\\/\\\/www.yucatanencorto.com\\\/noticias\\\/?s={search_term_string}\"},\"query-input\":{\"@type\":\"PropertyValueSpecification\",\"valueRequired\":true,\"valueName\":\"search_term_string\"}}],\"inLanguage\":\"es\"},{\"@type\":\"Person\",\"@id\":\"https:\\\/\\\/www.yucatanencorto.com\\\/noticias\\\/#\\\/schema\\\/person\\\/14f82d355225a1f4075dd84a31f45a72\",\"name\":\"Yucat\u00e1n en Corto FC\",\"image\":{\"@type\":\"ImageObject\",\"inLanguage\":\"es\",\"@id\":\"https:\\\/\\\/secure.gravatar.com\\\/avatar\\\/147d4b30cd728c53c29c49a3f7834dedca33707f4cd259761355846009a88250?s=96&d=mm&r=g\",\"url\":\"https:\\\/\\\/secure.gravatar.com\\\/avatar\\\/147d4b30cd728c53c29c49a3f7834dedca33707f4cd259761355846009a88250?s=96&d=mm&r=g\",\"contentUrl\":\"https:\\\/\\\/secure.gravatar.com\\\/avatar\\\/147d4b30cd728c53c29c49a3f7834dedca33707f4cd259761355846009a88250?s=96&d=mm&r=g\",\"caption\":\"Yucat\u00e1n en Corto FC\"},\"url\":\"https:\\\/\\\/www.yucatanencorto.com\\\/noticias\\\/author\\\/flor\\\/\"}]}<\/script>\n<!-- \/ Yoast SEO plugin. -->","yoast_head_json":{"title":"Carnaval de M\u00e9rida virtual ser\u00e1 del 10 al 17 febrero; se invertir\u00e1n 2.5 millones de pesos - Yucat\u00e1n en corto","robots":{"index":"index","follow":"follow","max-snippet":"max-snippet:-1","max-image-preview":"max-image-preview:large","max-video-preview":"max-video-preview:-1"},"canonical":"https:\/\/www.yucatanencorto.com\/noticias\/carnaval-de-merida-virtual-sera-del-10-al-17-febrero-se-invertiran-2-5-millones-de-pesos\/","og_locale":"es_ES","og_type":"article","og_title":"Carnaval de M\u00e9rida virtual ser\u00e1 del 10 al 17 febrero; se invertir\u00e1n 2.5 millones de pesos - Yucat\u00e1n en corto","og_description":"M\u00e9rida, Yucat\u00e1n, 01 de Febrero de 2021.\u00a0 \u201cCon el Carnaval en el Coraz\u00f3n. Una gota de alegr\u00eda para seguir cuid\u00e1ndonos\u201d es el tema de El Nuevo Carnaval M\u00e9rida 2021, una edici\u00f3n especial que por primera vez se realiza en formato digital con el fin de brindar momentos de esperanza a los meridanos sin necesidad de [&hellip;]","og_url":"https:\/\/www.yucatanencorto.com\/noticias\/carnaval-de-merida-virtual-sera-del-10-al-17-febrero-se-invertiran-2-5-millones-de-pesos\/","og_site_name":"Yucat\u00e1n en corto","article_publisher":"http:\/\/www.facebook.com\/yucatanencorto","article_published_time":"2021-02-01T23:56:22+00:00","og_image":[{"width":512,"height":768,"url":"https:\/\/www.yucatanencorto.com\/noticias\/wp-content\/uploads\/2021\/02\/C130B766-2895-44A7-9A83-12C457487775-scaled.jpeg","type":"image\/jpeg"}],"author":"Yucat\u00e1n en Corto FC","twitter_card":"summary_large_image","twitter_creator":"@yucatanencorto","twitter_site":"@yucatanencorto","twitter_misc":{"Escrito por":"Yucat\u00e1n en Corto FC","Tiempo de lectura":"4 minutos"},"schema":{"@context":"https:\/\/schema.org","@graph":[{"@type":"Article","@id":"https:\/\/www.yucatanencorto.com\/noticias\/carnaval-de-merida-virtual-sera-del-10-al-17-febrero-se-invertiran-2-5-millones-de-pesos\/#article","isPartOf":{"@id":"https:\/\/www.yucatanencorto.com\/noticias\/carnaval-de-merida-virtual-sera-del-10-al-17-febrero-se-invertiran-2-5-millones-de-pesos\/"},"author":{"name":"Yucat\u00e1n en Corto FC","@id":"https:\/\/www.yucatanencorto.com\/noticias\/#\/schema\/person\/14f82d355225a1f4075dd84a31f45a72"},"headline":"Carnaval de M\u00e9rida virtual ser\u00e1 del 10 al 17 febrero; se invertir\u00e1n 2.5 millones de pesos","datePublished":"2021-02-01T23:56:22+00:00","mainEntityOfPage":{"@id":"https:\/\/www.yucatanencorto.com\/noticias\/carnaval-de-merida-virtual-sera-del-10-al-17-febrero-se-invertiran-2-5-millones-de-pesos\/"},"wordCount":801,"image":{"@id":"https:\/\/www.yucatanencorto.com\/noticias\/carnaval-de-merida-virtual-sera-del-10-al-17-febrero-se-invertiran-2-5-millones-de-pesos\/#primaryimage"},"thumbnailUrl":"https:\/\/www.yucatanencorto.com\/noticias\/wp-content\/uploads\/2021\/02\/C130B766-2895-44A7-9A83-12C457487775-scaled.jpeg","articleSection":["M\u00e9rida"],"inLanguage":"es"},{"@type":"WebPage","@id":"https:\/\/www.yucatanencorto.com\/noticias\/carnaval-de-merida-virtual-sera-del-10-al-17-febrero-se-invertiran-2-5-millones-de-pesos\/","url":"https:\/\/www.yucatanencorto.com\/noticias\/carnaval-de-merida-virtual-sera-del-10-al-17-febrero-se-invertiran-2-5-millones-de-pesos\/","name":"Carnaval de M\u00e9rida virtual ser\u00e1 del 10 al 17 febrero; se invertir\u00e1n 2.5 millones de pesos - Yucat\u00e1n en corto","isPartOf":{"@id":"https:\/\/www.yucatanencorto.com\/noticias\/#website"},"primaryImageOfPage":{"@id":"https:\/\/www.yucatanencorto.com\/noticias\/carnaval-de-merida-virtual-sera-del-10-al-17-febrero-se-invertiran-2-5-millones-de-pesos\/#primaryimage"},"image":{"@id":"https:\/\/www.yucatanencorto.com\/noticias\/carnaval-de-merida-virtual-sera-del-10-al-17-febrero-se-invertiran-2-5-millones-de-pesos\/#primaryimage"},"thumbnailUrl":"https:\/\/www.yucatanencorto.com\/noticias\/wp-content\/uploads\/2021\/02\/C130B766-2895-44A7-9A83-12C457487775-scaled.jpeg","datePublished":"2021-02-01T23:56:22+00:00","author":{"@id":"https:\/\/www.yucatanencorto.com\/noticias\/#\/schema\/person\/14f82d355225a1f4075dd84a31f45a72"},"breadcrumb":{"@id":"https:\/\/www.yucatanencorto.com\/noticias\/carnaval-de-merida-virtual-sera-del-10-al-17-febrero-se-invertiran-2-5-millones-de-pesos\/#breadcrumb"},"inLanguage":"es","potentialAction":[{"@type":"ReadAction","target":["https:\/\/www.yucatanencorto.com\/noticias\/carnaval-de-merida-virtual-sera-del-10-al-17-febrero-se-invertiran-2-5-millones-de-pesos\/"]}]},{"@type":"ImageObject","inLanguage":"es","@id":"https:\/\/www.yucatanencorto.com\/noticias\/carnaval-de-merida-virtual-sera-del-10-al-17-febrero-se-invertiran-2-5-millones-de-pesos\/#primaryimage","url":"https:\/\/www.yucatanencorto.com\/noticias\/wp-content\/uploads\/2021\/02\/C130B766-2895-44A7-9A83-12C457487775-scaled.jpeg","contentUrl":"https:\/\/www.yucatanencorto.com\/noticias\/wp-content\/uploads\/2021\/02\/C130B766-2895-44A7-9A83-12C457487775-scaled.jpeg","width":512,"height":768},{"@type":"BreadcrumbList","@id":"https:\/\/www.yucatanencorto.com\/noticias\/carnaval-de-merida-virtual-sera-del-10-al-17-febrero-se-invertiran-2-5-millones-de-pesos\/#breadcrumb","itemListElement":[{"@type":"ListItem","position":1,"name":"Portada","item":"https:\/\/www.yucatanencorto.com\/noticias\/"},{"@type":"ListItem","position":2,"name":"Carnaval de M\u00e9rida virtual ser\u00e1 del 10 al 17 febrero; se invertir\u00e1n 2.5 millones de pesos"}]},{"@type":"WebSite","@id":"https:\/\/www.yucatanencorto.com\/noticias\/#website","url":"https:\/\/www.yucatanencorto.com\/noticias\/","name":"Yucat\u00e1n en corto","description":"Noticias","potentialAction":[{"@type":"SearchAction","target":{"@type":"EntryPoint","urlTemplate":"https:\/\/www.yucatanencorto.com\/noticias\/?s={search_term_string}"},"query-input":{"@type":"PropertyValueSpecification","valueRequired":true,"valueName":"search_term_string"}}],"inLanguage":"es"},{"@type":"Person","@id":"https:\/\/www.yucatanencorto.com\/noticias\/#\/schema\/person\/14f82d355225a1f4075dd84a31f45a72","name":"Yucat\u00e1n en Corto FC","image":{"@type":"ImageObject","inLanguage":"es","@id":"https:\/\/secure.gravatar.com\/avatar\/147d4b30cd728c53c29c49a3f7834dedca33707f4cd259761355846009a88250?s=96&d=mm&r=g","url":"https:\/\/secure.gravatar.com\/avatar\/147d4b30cd728c53c29c49a3f7834dedca33707f4cd259761355846009a88250?s=96&d=mm&r=g","contentUrl":"https:\/\/secure.gravatar.com\/avatar\/147d4b30cd728c53c29c49a3f7834dedca33707f4cd259761355846009a88250?s=96&d=mm&r=g","caption":"Yucat\u00e1n en Corto FC"},"url":"https:\/\/www.yucatanencorto.com\/noticias\/author\/flor\/"}]}},"_links":{"self":[{"href":"https:\/\/www.yucatanencorto.com\/noticias\/wp-json\/wp\/v2\/posts\/69885","targetHints":{"allow":["GET"]}}],"collection":[{"href":"https:\/\/www.yucatanencorto.com\/noticias\/wp-json\/wp\/v2\/posts"}],"about":[{"href":"https:\/\/www.yucatanencorto.com\/noticias\/wp-json\/wp\/v2\/types\/post"}],"author":[{"embeddable":true,"href":"https:\/\/www.yucatanencorto.com\/noticias\/wp-json\/wp\/v2\/users\/2"}],"replies":[{"embeddable":true,"href":"https:\/\/www.yucatanencorto.com\/noticias\/wp-json\/wp\/v2\/comments?post=69885"}],"version-history":[{"count":0,"href":"https:\/\/www.yucatanencorto.com\/noticias\/wp-json\/wp\/v2\/posts\/69885\/revisions"}],"wp:featuredmedia":[{"embeddable":true,"href":"https:\/\/www.yucatanencorto.com\/noticias\/wp-json\/wp\/v2\/media\/69886"}],"wp:attachment":[{"href":"https:\/\/www.yucatanencorto.com\/noticias\/wp-json\/wp\/v2\/media?parent=69885"}],"wp:term":[{"taxonomy":"category","embeddable":true,"href":"https:\/\/www.yucatanencorto.com\/noticias\/wp-json\/wp\/v2\/categories?post=69885"},{"taxonomy":"post_tag","embeddable":true,"href":"https:\/\/www.yucatanencorto.com\/noticias\/wp-json\/wp\/v2\/tags?post=69885"}],"curies":[{"name":"wp","href":"https:\/\/api.w.org\/{rel}","templated":true}]}}