{"id":69906,"date":"2021-02-02T18:37:09","date_gmt":"2021-02-03T00:37:09","guid":{"rendered":"https:\/\/www.yucatanencorto.com\/noticias\/?p=69906"},"modified":"2021-02-02T18:37:09","modified_gmt":"2021-02-03T00:37:09","slug":"buena-respuesta-en-el-pago-del-predial-en-merida-en-febrero-habra-descuento-del-15-y-en-marzo-del-8","status":"publish","type":"post","link":"https:\/\/www.yucatanencorto.com\/noticias\/buena-respuesta-en-el-pago-del-predial-en-merida-en-febrero-habra-descuento-del-15-y-en-marzo-del-8\/","title":{"rendered":"Buena respuesta en el pago del predial en M\u00e9rida: en febrero habr\u00e1 descuento del 15% y en Marzo del 8%"},"content":{"rendered":"<p><img loading=\"lazy\" decoding=\"async\" class=\"alignnone size-full wp-image-69907\" src=\"https:\/\/www.yucatanencorto.com\/noticias\/wp-content\/uploads\/2021\/02\/RBC2021-02-02-at-5.03.42-PM-scaled.jpeg\" alt=\"\" width=\"768\" height=\"512\" srcset=\"https:\/\/www.yucatanencorto.com\/noticias\/wp-content\/uploads\/2021\/02\/RBC2021-02-02-at-5.03.42-PM-scaled.jpeg 768w, https:\/\/www.yucatanencorto.com\/noticias\/wp-content\/uploads\/2021\/02\/RBC2021-02-02-at-5.03.42-PM-696x464.jpeg 696w, https:\/\/www.yucatanencorto.com\/noticias\/wp-content\/uploads\/2021\/02\/RBC2021-02-02-at-5.03.42-PM-1068x712.jpeg 1068w, https:\/\/www.yucatanencorto.com\/noticias\/wp-content\/uploads\/2021\/02\/RBC2021-02-02-at-5.03.42-PM-630x420.jpeg 630w\" sizes=\"auto, (max-width: 768px) 100vw, 768px\" \/>M\u00e9rida, 2 de febrero de 2021. El Ayuntamiento agradece a la ciudadan\u00eda la confianza en sus autoridades, que queda de manifiesto con el puntual cumplimiento del pago del impuesto predial con la certeza de que esos recursos se reflejar\u00e1n en m\u00e1s obras y mejores servicios p\u00fablicos para beneficio de todos los habitantes el municipio, se\u00f1al\u00f3 el alcalde Ren\u00e1n Barrera Concha.<\/p>\n<p>\u2014Desde los primeros d\u00edas de enero las y los ciudadanos est\u00e1n respondiendo de manera positiva con este pago y esto se debe a que ven que los recursos obtenidos est\u00e1n siendo destinados al mejoramiento de la calidad en los servicios como son limpieza y construcci\u00f3n de calles, bacheo, rehabilitaci\u00f3n de parques, alumbrado p\u00fablico, entre otros \u2014manifest\u00f3.<\/p>\n<p>Barrera Concha record\u00f3 que para apoyar a la econom\u00eda de las familias, para el ejercicio fiscal 2021, los descuentos son del 15% en febrero y 8% en marzo. Durante el mes de enero se aplic\u00f3 un descuento del 30%.<\/p>\n<p>Inform\u00f3 que al corte del 31 de enero del 2021 se han recaudado alrededor de trescientos millones y un buen porcentaje (31.1%) de las operaciones se realiz\u00f3 en l\u00ednea.<\/p>\n<p>Mencion\u00f3 que a fin de garantizar la salud p\u00fablica de la poblaci\u00f3n de M\u00e9rida a causa de la pandemia por el COVID-19, principalmente del sector m\u00e1s vulnerable, el Ayuntamiento ofrece opciones seguras para evitar situaciones de riesgo al acudir a pagar el impuesto predial 2021.<\/p>\n<p>Las plataformas digitales para realizar el pago, base valor catastral, es\u00a0<a href=\"http:\/\/www.merida.gob.mx\/predial\" target=\"_blank\" rel=\"noopener noreferrer\" data-saferedirecturl=\"https:\/\/www.google.com\/url?q=http:\/\/www.merida.gob.mx\/predial&amp;source=gmail&amp;ust=1612397574662000&amp;usg=AFQjCNFYm2IMBkuZKpDo47yx4UWFSFc7ow\">www.merida.gob.mx\/predial<\/a>, mientras que, para base valor contraprestaci\u00f3n, es en\u00a0<a href=\"http:\/\/www.merida.gob.mx\/carrito\" target=\"_blank\" rel=\"noopener noreferrer\" data-saferedirecturl=\"https:\/\/www.google.com\/url?q=http:\/\/www.merida.gob.mx\/carrito&amp;source=gmail&amp;ust=1612397574662000&amp;usg=AFQjCNHkrfpx912O9mfwzGQDcYuGT98qjA\">www.merida.gob.mx\/carrito<\/a>.<\/p>\n<p>El Presidente Municipal indic\u00f3 que adem\u00e1s de contar con el pago en l\u00ednea, se instalaron m\u00e1s de 400 puntos para realizar el tr\u00e1mite, con el objeto de que los contribuyentes no se concentren en pocos lugares.<\/p>\n<p>Los puntos de pago cuentan con todas las medias sanitarias como son filtros desinfectantes, aplicaci\u00f3n de gel, toma de temperatura, se\u00f1al\u00e9tica horizontal para la sana distancia y un acceso controlado, adem\u00e1s de que personal y ciudadan\u00eda tienen la obligaci\u00f3n de usar correctamente el cubrebocas.<\/p>\n<p>Para efectuar el pago en Oxxo se necesita presentar el estado de cuenta o folio catastral del predio y para los diversos m\u00f3dulos de pago en tiendas como Dunosusa y S\u00faper Willis y en los bancos Banorte, Banamex, Bancomer, Scotiabank y HSBC, \u00fanicamente se realiza presentando el estado de cuenta (El estado de cuenta llega al domicilio a trav\u00e9s del servicio postal o bien puede obtenerse en\u00a0<a href=\"http:\/\/www.merida.gob.mx\/predial\" target=\"_blank\" rel=\"noopener noreferrer\" data-saferedirecturl=\"https:\/\/www.google.com\/url?q=http:\/\/www.merida.gob.mx\/predial&amp;source=gmail&amp;ust=1612397574662000&amp;usg=AFQjCNFYm2IMBkuZKpDo47yx4UWFSFc7ow\">www.merida.gob.mx\/predial<\/a>).<\/p>\n<p>Los m\u00f3dulos en la zona centro est\u00e1n ubicados en Tesorer\u00eda Municipal, calle 62 No. 494 entre 59 y 61; Palacio Municipal; Catastro Municipal, calle 73 A No. 478 entre 48 y 46; Centro Municipal de Emprendedores, calle 75 No. 549 entre 70 y 72, Barrio de San Sebasti\u00e1n; CAE Desarrollo Econ\u00f3mico, calle 59 No. 432 entre 50 y 52, Mejorada; Mercado Lucas de G\u00e1lvez, altos del mercado; Desarrollo Social, calle 65 entre 40 y 42 y Polic\u00eda Municipal, calle 57 No. 459 entre 52 y 54.<\/p>\n<p>Zona Norte: Plaza M\u00e9xico, calle 20 por 25, Colonia M\u00e9xico; Plaza Fiesta, Plaza Altabrisa y Plaza City Center.<\/p>\n<p>Zona poniente: Edificio Administrativo, Av. M\u00e9rida 2000 por 67, Colonia Yucalpet\u00e9n; Plaza Las Am\u00e9ricas, Local A2; Registro P\u00fablico de la Propiedad, calle 90 No. 498 entre 61 A y 63, Colonia Boj\u00f3rquez; San Dami\u00e1n, calle 7 No. 310 entre 48, Garc\u00eda Giner\u00e9s; Cementerio Xocl\u00e1n, Av. Xocl\u00e1n entre calle 126 y 134, Colonia Xocl\u00e1n (Xbech); Caucel M\u00f3dulo Corbase, calle 62 No. 657 Local 3 entre 37 y 39 Col. Pedregales de Caucel y parque zool\u00f3gico Del Centenario.<\/p>\n<p>Zona Oriente: Plaza Oriente y Zona Sur: USE Villa Palmira, a un costado de Soriana (En este m\u00f3dulo el pago se podr\u00e1 realizar \u00fanicamente durante el mes de enero).<\/p>\n<p>La promoci\u00f3n de meses sin intereses pagando con tarjeta de cr\u00e9dito en los m\u00f3dulos es de Bancomer 7 meses sin intereses, m\u00ednimo $300; Banorte y American Express 6 meses sin intereses, m\u00ednimo $300 y Banamex a 6 meses sin intereses, m\u00ednimo $600.<\/p>\n","protected":false},"excerpt":{"rendered":"<p>M\u00e9rida, 2 de febrero de 2021. El Ayuntamiento agradece a la ciudadan\u00eda la confianza en sus autoridades, que queda de manifiesto con el puntual cumplimiento del pago del impuesto predial con la certeza de que esos recursos se reflejar\u00e1n en m\u00e1s obras y mejores servicios p\u00fablicos para beneficio de todos los habitantes el municipio, se\u00f1al\u00f3 [&hellip;]<\/p>\n","protected":false},"author":2,"featured_media":69907,"comment_status":"closed","ping_status":"closed","sticky":false,"template":"","format":"standard","meta":{"footnotes":""},"categories":[2],"tags":[],"class_list":{"0":"post-69906","1":"post","2":"type-post","3":"status-publish","4":"format-standard","5":"has-post-thumbnail","7":"category-merida"},"yoast_head":"<!-- This site is optimized with the Yoast SEO plugin v27.4 - https:\/\/yoast.com\/product\/yoast-seo-wordpress\/ -->\n<title>Buena respuesta en el pago del predial en M\u00e9rida: en febrero habr\u00e1 descuento del 15% y en Marzo del 8% - Yucat\u00e1n en corto<\/title>\n<meta name=\"robots\" content=\"index, follow, max-snippet:-1, max-image-preview:large, max-video-preview:-1\" \/>\n<link rel=\"canonical\" href=\"https:\/\/www.yucatanencorto.com\/noticias\/buena-respuesta-en-el-pago-del-predial-en-merida-en-febrero-habra-descuento-del-15-y-en-marzo-del-8\/\" \/>\n<meta property=\"og:locale\" content=\"es_ES\" \/>\n<meta property=\"og:type\" content=\"article\" \/>\n<meta property=\"og:title\" content=\"Buena respuesta en el pago del predial en M\u00e9rida: en febrero habr\u00e1 descuento del 15% y en Marzo del 8% - Yucat\u00e1n en corto\" \/>\n<meta property=\"og:description\" content=\"M\u00e9rida, 2 de febrero de 2021. El Ayuntamiento agradece a la ciudadan\u00eda la confianza en sus autoridades, que queda de manifiesto con el puntual cumplimiento del pago del impuesto predial con la certeza de que esos recursos se reflejar\u00e1n en m\u00e1s obras y mejores servicios p\u00fablicos para beneficio de todos los habitantes el municipio, se\u00f1al\u00f3 [&hellip;]\" \/>\n<meta property=\"og:url\" content=\"https:\/\/www.yucatanencorto.com\/noticias\/buena-respuesta-en-el-pago-del-predial-en-merida-en-febrero-habra-descuento-del-15-y-en-marzo-del-8\/\" \/>\n<meta property=\"og:site_name\" content=\"Yucat\u00e1n en corto\" \/>\n<meta property=\"article:publisher\" content=\"http:\/\/www.facebook.com\/yucatanencorto\" \/>\n<meta property=\"article:published_time\" content=\"2021-02-03T00:37:09+00:00\" \/>\n<meta property=\"og:image\" content=\"https:\/\/www.yucatanencorto.com\/noticias\/wp-content\/uploads\/2021\/02\/RBC2021-02-02-at-5.03.42-PM-scaled.jpeg\" \/>\n\t<meta property=\"og:image:width\" content=\"768\" \/>\n\t<meta property=\"og:image:height\" content=\"512\" \/>\n\t<meta property=\"og:image:type\" content=\"image\/jpeg\" \/>\n<meta name=\"author\" content=\"Yucat\u00e1n en Corto FC\" \/>\n<meta name=\"twitter:card\" content=\"summary_large_image\" \/>\n<meta name=\"twitter:creator\" content=\"@yucatanencorto\" \/>\n<meta name=\"twitter:site\" content=\"@yucatanencorto\" \/>\n<meta name=\"twitter:label1\" content=\"Escrito por\" \/>\n\t<meta name=\"twitter:data1\" content=\"Yucat\u00e1n en Corto FC\" \/>\n\t<meta name=\"twitter:label2\" content=\"Tiempo de lectura\" \/>\n\t<meta name=\"twitter:data2\" content=\"4 minutos\" \/>\n<script type=\"application\/ld+json\" class=\"yoast-schema-graph\">{\"@context\":\"https:\\\/\\\/schema.org\",\"@graph\":[{\"@type\":\"Article\",\"@id\":\"https:\\\/\\\/www.yucatanencorto.com\\\/noticias\\\/buena-respuesta-en-el-pago-del-predial-en-merida-en-febrero-habra-descuento-del-15-y-en-marzo-del-8\\\/#article\",\"isPartOf\":{\"@id\":\"https:\\\/\\\/www.yucatanencorto.com\\\/noticias\\\/buena-respuesta-en-el-pago-del-predial-en-merida-en-febrero-habra-descuento-del-15-y-en-marzo-del-8\\\/\"},\"author\":{\"name\":\"Yucat\u00e1n en Corto FC\",\"@id\":\"https:\\\/\\\/www.yucatanencorto.com\\\/noticias\\\/#\\\/schema\\\/person\\\/14f82d355225a1f4075dd84a31f45a72\"},\"headline\":\"Buena respuesta en el pago del predial en M\u00e9rida: en febrero habr\u00e1 descuento del 15% y en Marzo del 8%\",\"datePublished\":\"2021-02-03T00:37:09+00:00\",\"mainEntityOfPage\":{\"@id\":\"https:\\\/\\\/www.yucatanencorto.com\\\/noticias\\\/buena-respuesta-en-el-pago-del-predial-en-merida-en-febrero-habra-descuento-del-15-y-en-marzo-del-8\\\/\"},\"wordCount\":684,\"image\":{\"@id\":\"https:\\\/\\\/www.yucatanencorto.com\\\/noticias\\\/buena-respuesta-en-el-pago-del-predial-en-merida-en-febrero-habra-descuento-del-15-y-en-marzo-del-8\\\/#primaryimage\"},\"thumbnailUrl\":\"https:\\\/\\\/www.yucatanencorto.com\\\/noticias\\\/wp-content\\\/uploads\\\/2021\\\/02\\\/RBC2021-02-02-at-5.03.42-PM-scaled.jpeg\",\"articleSection\":[\"M\u00e9rida\"],\"inLanguage\":\"es\"},{\"@type\":\"WebPage\",\"@id\":\"https:\\\/\\\/www.yucatanencorto.com\\\/noticias\\\/buena-respuesta-en-el-pago-del-predial-en-merida-en-febrero-habra-descuento-del-15-y-en-marzo-del-8\\\/\",\"url\":\"https:\\\/\\\/www.yucatanencorto.com\\\/noticias\\\/buena-respuesta-en-el-pago-del-predial-en-merida-en-febrero-habra-descuento-del-15-y-en-marzo-del-8\\\/\",\"name\":\"Buena respuesta en el pago del predial en M\u00e9rida: en febrero habr\u00e1 descuento del 15% y en Marzo del 8% - Yucat\u00e1n en corto\",\"isPartOf\":{\"@id\":\"https:\\\/\\\/www.yucatanencorto.com\\\/noticias\\\/#website\"},\"primaryImageOfPage\":{\"@id\":\"https:\\\/\\\/www.yucatanencorto.com\\\/noticias\\\/buena-respuesta-en-el-pago-del-predial-en-merida-en-febrero-habra-descuento-del-15-y-en-marzo-del-8\\\/#primaryimage\"},\"image\":{\"@id\":\"https:\\\/\\\/www.yucatanencorto.com\\\/noticias\\\/buena-respuesta-en-el-pago-del-predial-en-merida-en-febrero-habra-descuento-del-15-y-en-marzo-del-8\\\/#primaryimage\"},\"thumbnailUrl\":\"https:\\\/\\\/www.yucatanencorto.com\\\/noticias\\\/wp-content\\\/uploads\\\/2021\\\/02\\\/RBC2021-02-02-at-5.03.42-PM-scaled.jpeg\",\"datePublished\":\"2021-02-03T00:37:09+00:00\",\"author\":{\"@id\":\"https:\\\/\\\/www.yucatanencorto.com\\\/noticias\\\/#\\\/schema\\\/person\\\/14f82d355225a1f4075dd84a31f45a72\"},\"breadcrumb\":{\"@id\":\"https:\\\/\\\/www.yucatanencorto.com\\\/noticias\\\/buena-respuesta-en-el-pago-del-predial-en-merida-en-febrero-habra-descuento-del-15-y-en-marzo-del-8\\\/#breadcrumb\"},\"inLanguage\":\"es\",\"potentialAction\":[{\"@type\":\"ReadAction\",\"target\":[\"https:\\\/\\\/www.yucatanencorto.com\\\/noticias\\\/buena-respuesta-en-el-pago-del-predial-en-merida-en-febrero-habra-descuento-del-15-y-en-marzo-del-8\\\/\"]}]},{\"@type\":\"ImageObject\",\"inLanguage\":\"es\",\"@id\":\"https:\\\/\\\/www.yucatanencorto.com\\\/noticias\\\/buena-respuesta-en-el-pago-del-predial-en-merida-en-febrero-habra-descuento-del-15-y-en-marzo-del-8\\\/#primaryimage\",\"url\":\"https:\\\/\\\/www.yucatanencorto.com\\\/noticias\\\/wp-content\\\/uploads\\\/2021\\\/02\\\/RBC2021-02-02-at-5.03.42-PM-scaled.jpeg\",\"contentUrl\":\"https:\\\/\\\/www.yucatanencorto.com\\\/noticias\\\/wp-content\\\/uploads\\\/2021\\\/02\\\/RBC2021-02-02-at-5.03.42-PM-scaled.jpeg\",\"width\":768,\"height\":512},{\"@type\":\"BreadcrumbList\",\"@id\":\"https:\\\/\\\/www.yucatanencorto.com\\\/noticias\\\/buena-respuesta-en-el-pago-del-predial-en-merida-en-febrero-habra-descuento-del-15-y-en-marzo-del-8\\\/#breadcrumb\",\"itemListElement\":[{\"@type\":\"ListItem\",\"position\":1,\"name\":\"Portada\",\"item\":\"https:\\\/\\\/www.yucatanencorto.com\\\/noticias\\\/\"},{\"@type\":\"ListItem\",\"position\":2,\"name\":\"Buena respuesta en el pago del predial en M\u00e9rida: en febrero habr\u00e1 descuento del 15% y en Marzo del 8%\"}]},{\"@type\":\"WebSite\",\"@id\":\"https:\\\/\\\/www.yucatanencorto.com\\\/noticias\\\/#website\",\"url\":\"https:\\\/\\\/www.yucatanencorto.com\\\/noticias\\\/\",\"name\":\"Yucat\u00e1n en corto\",\"description\":\"Noticias\",\"potentialAction\":[{\"@type\":\"SearchAction\",\"target\":{\"@type\":\"EntryPoint\",\"urlTemplate\":\"https:\\\/\\\/www.yucatanencorto.com\\\/noticias\\\/?s={search_term_string}\"},\"query-input\":{\"@type\":\"PropertyValueSpecification\",\"valueRequired\":true,\"valueName\":\"search_term_string\"}}],\"inLanguage\":\"es\"},{\"@type\":\"Person\",\"@id\":\"https:\\\/\\\/www.yucatanencorto.com\\\/noticias\\\/#\\\/schema\\\/person\\\/14f82d355225a1f4075dd84a31f45a72\",\"name\":\"Yucat\u00e1n en Corto FC\",\"image\":{\"@type\":\"ImageObject\",\"inLanguage\":\"es\",\"@id\":\"https:\\\/\\\/secure.gravatar.com\\\/avatar\\\/147d4b30cd728c53c29c49a3f7834dedca33707f4cd259761355846009a88250?s=96&d=mm&r=g\",\"url\":\"https:\\\/\\\/secure.gravatar.com\\\/avatar\\\/147d4b30cd728c53c29c49a3f7834dedca33707f4cd259761355846009a88250?s=96&d=mm&r=g\",\"contentUrl\":\"https:\\\/\\\/secure.gravatar.com\\\/avatar\\\/147d4b30cd728c53c29c49a3f7834dedca33707f4cd259761355846009a88250?s=96&d=mm&r=g\",\"caption\":\"Yucat\u00e1n en Corto FC\"},\"url\":\"https:\\\/\\\/www.yucatanencorto.com\\\/noticias\\\/author\\\/flor\\\/\"}]}<\/script>\n<!-- \/ Yoast SEO plugin. -->","yoast_head_json":{"title":"Buena respuesta en el pago del predial en M\u00e9rida: en febrero habr\u00e1 descuento del 15% y en Marzo del 8% - Yucat\u00e1n en corto","robots":{"index":"index","follow":"follow","max-snippet":"max-snippet:-1","max-image-preview":"max-image-preview:large","max-video-preview":"max-video-preview:-1"},"canonical":"https:\/\/www.yucatanencorto.com\/noticias\/buena-respuesta-en-el-pago-del-predial-en-merida-en-febrero-habra-descuento-del-15-y-en-marzo-del-8\/","og_locale":"es_ES","og_type":"article","og_title":"Buena respuesta en el pago del predial en M\u00e9rida: en febrero habr\u00e1 descuento del 15% y en Marzo del 8% - Yucat\u00e1n en corto","og_description":"M\u00e9rida, 2 de febrero de 2021. El Ayuntamiento agradece a la ciudadan\u00eda la confianza en sus autoridades, que queda de manifiesto con el puntual cumplimiento del pago del impuesto predial con la certeza de que esos recursos se reflejar\u00e1n en m\u00e1s obras y mejores servicios p\u00fablicos para beneficio de todos los habitantes el municipio, se\u00f1al\u00f3 [&hellip;]","og_url":"https:\/\/www.yucatanencorto.com\/noticias\/buena-respuesta-en-el-pago-del-predial-en-merida-en-febrero-habra-descuento-del-15-y-en-marzo-del-8\/","og_site_name":"Yucat\u00e1n en corto","article_publisher":"http:\/\/www.facebook.com\/yucatanencorto","article_published_time":"2021-02-03T00:37:09+00:00","og_image":[{"width":768,"height":512,"url":"https:\/\/www.yucatanencorto.com\/noticias\/wp-content\/uploads\/2021\/02\/RBC2021-02-02-at-5.03.42-PM-scaled.jpeg","type":"image\/jpeg"}],"author":"Yucat\u00e1n en Corto FC","twitter_card":"summary_large_image","twitter_creator":"@yucatanencorto","twitter_site":"@yucatanencorto","twitter_misc":{"Escrito por":"Yucat\u00e1n en Corto FC","Tiempo de lectura":"4 minutos"},"schema":{"@context":"https:\/\/schema.org","@graph":[{"@type":"Article","@id":"https:\/\/www.yucatanencorto.com\/noticias\/buena-respuesta-en-el-pago-del-predial-en-merida-en-febrero-habra-descuento-del-15-y-en-marzo-del-8\/#article","isPartOf":{"@id":"https:\/\/www.yucatanencorto.com\/noticias\/buena-respuesta-en-el-pago-del-predial-en-merida-en-febrero-habra-descuento-del-15-y-en-marzo-del-8\/"},"author":{"name":"Yucat\u00e1n en Corto FC","@id":"https:\/\/www.yucatanencorto.com\/noticias\/#\/schema\/person\/14f82d355225a1f4075dd84a31f45a72"},"headline":"Buena respuesta en el pago del predial en M\u00e9rida: en febrero habr\u00e1 descuento del 15% y en Marzo del 8%","datePublished":"2021-02-03T00:37:09+00:00","mainEntityOfPage":{"@id":"https:\/\/www.yucatanencorto.com\/noticias\/buena-respuesta-en-el-pago-del-predial-en-merida-en-febrero-habra-descuento-del-15-y-en-marzo-del-8\/"},"wordCount":684,"image":{"@id":"https:\/\/www.yucatanencorto.com\/noticias\/buena-respuesta-en-el-pago-del-predial-en-merida-en-febrero-habra-descuento-del-15-y-en-marzo-del-8\/#primaryimage"},"thumbnailUrl":"https:\/\/www.yucatanencorto.com\/noticias\/wp-content\/uploads\/2021\/02\/RBC2021-02-02-at-5.03.42-PM-scaled.jpeg","articleSection":["M\u00e9rida"],"inLanguage":"es"},{"@type":"WebPage","@id":"https:\/\/www.yucatanencorto.com\/noticias\/buena-respuesta-en-el-pago-del-predial-en-merida-en-febrero-habra-descuento-del-15-y-en-marzo-del-8\/","url":"https:\/\/www.yucatanencorto.com\/noticias\/buena-respuesta-en-el-pago-del-predial-en-merida-en-febrero-habra-descuento-del-15-y-en-marzo-del-8\/","name":"Buena respuesta en el pago del predial en M\u00e9rida: en febrero habr\u00e1 descuento del 15% y en Marzo del 8% - Yucat\u00e1n en corto","isPartOf":{"@id":"https:\/\/www.yucatanencorto.com\/noticias\/#website"},"primaryImageOfPage":{"@id":"https:\/\/www.yucatanencorto.com\/noticias\/buena-respuesta-en-el-pago-del-predial-en-merida-en-febrero-habra-descuento-del-15-y-en-marzo-del-8\/#primaryimage"},"image":{"@id":"https:\/\/www.yucatanencorto.com\/noticias\/buena-respuesta-en-el-pago-del-predial-en-merida-en-febrero-habra-descuento-del-15-y-en-marzo-del-8\/#primaryimage"},"thumbnailUrl":"https:\/\/www.yucatanencorto.com\/noticias\/wp-content\/uploads\/2021\/02\/RBC2021-02-02-at-5.03.42-PM-scaled.jpeg","datePublished":"2021-02-03T00:37:09+00:00","author":{"@id":"https:\/\/www.yucatanencorto.com\/noticias\/#\/schema\/person\/14f82d355225a1f4075dd84a31f45a72"},"breadcrumb":{"@id":"https:\/\/www.yucatanencorto.com\/noticias\/buena-respuesta-en-el-pago-del-predial-en-merida-en-febrero-habra-descuento-del-15-y-en-marzo-del-8\/#breadcrumb"},"inLanguage":"es","potentialAction":[{"@type":"ReadAction","target":["https:\/\/www.yucatanencorto.com\/noticias\/buena-respuesta-en-el-pago-del-predial-en-merida-en-febrero-habra-descuento-del-15-y-en-marzo-del-8\/"]}]},{"@type":"ImageObject","inLanguage":"es","@id":"https:\/\/www.yucatanencorto.com\/noticias\/buena-respuesta-en-el-pago-del-predial-en-merida-en-febrero-habra-descuento-del-15-y-en-marzo-del-8\/#primaryimage","url":"https:\/\/www.yucatanencorto.com\/noticias\/wp-content\/uploads\/2021\/02\/RBC2021-02-02-at-5.03.42-PM-scaled.jpeg","contentUrl":"https:\/\/www.yucatanencorto.com\/noticias\/wp-content\/uploads\/2021\/02\/RBC2021-02-02-at-5.03.42-PM-scaled.jpeg","width":768,"height":512},{"@type":"BreadcrumbList","@id":"https:\/\/www.yucatanencorto.com\/noticias\/buena-respuesta-en-el-pago-del-predial-en-merida-en-febrero-habra-descuento-del-15-y-en-marzo-del-8\/#breadcrumb","itemListElement":[{"@type":"ListItem","position":1,"name":"Portada","item":"https:\/\/www.yucatanencorto.com\/noticias\/"},{"@type":"ListItem","position":2,"name":"Buena respuesta en el pago del predial en M\u00e9rida: en febrero habr\u00e1 descuento del 15% y en Marzo del 8%"}]},{"@type":"WebSite","@id":"https:\/\/www.yucatanencorto.com\/noticias\/#website","url":"https:\/\/www.yucatanencorto.com\/noticias\/","name":"Yucat\u00e1n en corto","description":"Noticias","potentialAction":[{"@type":"SearchAction","target":{"@type":"EntryPoint","urlTemplate":"https:\/\/www.yucatanencorto.com\/noticias\/?s={search_term_string}"},"query-input":{"@type":"PropertyValueSpecification","valueRequired":true,"valueName":"search_term_string"}}],"inLanguage":"es"},{"@type":"Person","@id":"https:\/\/www.yucatanencorto.com\/noticias\/#\/schema\/person\/14f82d355225a1f4075dd84a31f45a72","name":"Yucat\u00e1n en Corto FC","image":{"@type":"ImageObject","inLanguage":"es","@id":"https:\/\/secure.gravatar.com\/avatar\/147d4b30cd728c53c29c49a3f7834dedca33707f4cd259761355846009a88250?s=96&d=mm&r=g","url":"https:\/\/secure.gravatar.com\/avatar\/147d4b30cd728c53c29c49a3f7834dedca33707f4cd259761355846009a88250?s=96&d=mm&r=g","contentUrl":"https:\/\/secure.gravatar.com\/avatar\/147d4b30cd728c53c29c49a3f7834dedca33707f4cd259761355846009a88250?s=96&d=mm&r=g","caption":"Yucat\u00e1n en Corto FC"},"url":"https:\/\/www.yucatanencorto.com\/noticias\/author\/flor\/"}]}},"_links":{"self":[{"href":"https:\/\/www.yucatanencorto.com\/noticias\/wp-json\/wp\/v2\/posts\/69906","targetHints":{"allow":["GET"]}}],"collection":[{"href":"https:\/\/www.yucatanencorto.com\/noticias\/wp-json\/wp\/v2\/posts"}],"about":[{"href":"https:\/\/www.yucatanencorto.com\/noticias\/wp-json\/wp\/v2\/types\/post"}],"author":[{"embeddable":true,"href":"https:\/\/www.yucatanencorto.com\/noticias\/wp-json\/wp\/v2\/users\/2"}],"replies":[{"embeddable":true,"href":"https:\/\/www.yucatanencorto.com\/noticias\/wp-json\/wp\/v2\/comments?post=69906"}],"version-history":[{"count":0,"href":"https:\/\/www.yucatanencorto.com\/noticias\/wp-json\/wp\/v2\/posts\/69906\/revisions"}],"wp:featuredmedia":[{"embeddable":true,"href":"https:\/\/www.yucatanencorto.com\/noticias\/wp-json\/wp\/v2\/media\/69907"}],"wp:attachment":[{"href":"https:\/\/www.yucatanencorto.com\/noticias\/wp-json\/wp\/v2\/media?parent=69906"}],"wp:term":[{"taxonomy":"category","embeddable":true,"href":"https:\/\/www.yucatanencorto.com\/noticias\/wp-json\/wp\/v2\/categories?post=69906"},{"taxonomy":"post_tag","embeddable":true,"href":"https:\/\/www.yucatanencorto.com\/noticias\/wp-json\/wp\/v2\/tags?post=69906"}],"curies":[{"name":"wp","href":"https:\/\/api.w.org\/{rel}","templated":true}]}}